{"id":12670,"date":"2024-03-04T22:54:05","date_gmt":"2024-03-05T01:54:05","guid":{"rendered":"https:\/\/apuntesdesanluis.com\/?p=12670"},"modified":"2024-03-05T07:55:59","modified_gmt":"2024-03-05T10:55:59","slug":"kicillof-tras-la-convocatoria-al-pacto-de-mayo-se-parece-mas-a-una-amenaza-o-una-imposicion-que-a-un-dialogo","status":"publish","type":"post","link":"https:\/\/apuntesdesanluis.com\/index.php\/2024\/03\/04\/kicillof-tras-la-convocatoria-al-pacto-de-mayo-se-parece-mas-a-una-amenaza-o-una-imposicion-que-a-un-dialogo\/","title":{"rendered":"KICILLOF TRAS LA CONVOCATORIA AL PACTO DE MAYO: &#8220;SE PARECE M\u00c1S A UNA AMENAZA O UNA IMPOSICI\u00d3N QUE A UN DI\u00c1LOGO&#8221;"},"content":{"rendered":"<h3>Al inaugurar el nuevo per\u00edodo de sesiones ordinarias de la Legislatura bonaerense, el gobernador <strong>Axel Kicillof<\/strong> se mostr\u00f3 esc\u00e9ptico respecto de la convocatoria al Pacto de Mayo que hizo el presidente Javier Milei el viernes por la noche a las provincias, y asegur\u00f3 que \u201cse parece m\u00e1s a una amenaza o una imposici\u00f3n que a un di\u00e1logo\u201d.<\/h3>\n<h3>\u201cCuenten con nosotros para reuniones de trabajo, para encuentros destinados a solucionar problemas, incluso para debatir. Pero si se trata de encuentros para fotos y marketing\u2026 arranquen nom\u00e1s si no llegamos\u201d, ironiz\u00f3 el mandatario bonaerense sobre el encuentro convocado por el Gobierno el 25 de mayo en la Ciudad de C\u00f3rdoba, para firmar un \u201cnuevo contrato social\u201d en base a 10 principios.<\/h3>\n<h3>Kicillof coincidi\u00f3 con la lectura que ya hab\u00eda adelantando el kirchnerismo respecto de que este llamado a un di\u00e1logo representa una \u201cextorsi\u00f3n\u201d para los gobernadores porque est\u00e1 condicionado a que acompa\u00f1en la malograda ley de Bases y Puntos de Partida&#8221;, m\u00e1s conocida como ley \u00f3mnibus.<\/h3>\n<h3>\u201cDespu\u00e9s de someter al pueblo, a la democracia y al federalismo a una agresi\u00f3n tan in\u00e9dita como salvaje, ahora se nos lanza una invitaci\u00f3n que se parece m\u00e1s a una amenaza o una imposici\u00f3n que a un di\u00e1logo. Ofrece exactamente lo que dice rechazar como m\u00e9todo de la pol\u00edtica: aprueben las leyes y recibir\u00e1n los recursos que ilegalmente se cortaron\u201d, analiz\u00f3.<\/h3>\n<h3>En esta l\u00ednea, Kicillof le reclam\u00f3 a Milei que \u201cdeje de extorsionar a los gobernadores para que aprueben leyes que lastiman los intereses de sus provincias\u201d.<\/h3>\n<h3>La iniciativa del presidente apelando a la b\u00fasqueda de reabrir un canal de di\u00e1logo gener\u00f3 buenas sensaciones en la mayor\u00eda de los gobernadores que ven\u00edan siendo maltratados por la palabra presidencial, pero en otros, como el propio Kicillof, prim\u00f3 la desconfianza.<\/h3>\n<h3>\u201cArgentina es federal, as\u00ed que Milei debe respetar a las provincias y a sus pueblos, eso implica cumplir leyes y normas, y dejar de extorsionar a los gobernadores para que aprueben leyes que lastiman los intereses de sus provincias\u201d, asegur\u00f3.<\/h3>\n<h3>Al inaugurar encabezar la Asamblea Legislativa bonaerense, Kicillof cuestion\u00f3 que en la ret\u00f3rica y en la lectura del presidente, &#8220;los gobernadores s\u00f3lo defienden las \u201ccajas de la pol\u00edtica\u201d.<\/h3>\n<h3>\u201cPero hay que poner las cosas en su lugar: no se trata del ajuste a las \u201ccajas\u201d sino c\u00f3mo afecta esta pol\u00edtica a la sociedad, a los sectores medios, a los trabajadores\u201d, aclar\u00f3.<\/h3>\n<h3>\u201cEn su l\u00f3gica de recortes, desde que asumi\u00f3 Mieli redujo buena parte de los giros a las provincias por fuera de la coparticipaci\u00f3n. Pero luego, cuando por su propia obstinaci\u00f3n, incapacidad e impericia la llamada Ley \u00d3mnibus fue rechazada -\u00a1menos mal!-, Milei decidi\u00f3 p\u00fablicamente vengarse\u201d, plante\u00f3 el ex ministro de Econom\u00eda de Cristina Kirchner.<\/h3>\n<h3>\u201cS\u00ed, como lo escuchan, sostuvo que iba a fundir a las provincias y que las iba a dejar sin un peso. Empez\u00f3 entonces con una andanada de agresiones hacia los gobernadores, diputados y senadores de todos los signos pol\u00edticos\u201d, record\u00f3, mencionado la quita de fondos al transporte, a la educaci\u00f3n y otros recursos que pertenec\u00edan a las provincias.<\/h3>\n<h3>Seg\u00fan Kicillof, \u201clo triste del caso es que en lugar de castigar a los gobernadores, recort\u00f3 recursos y fondos que van directo a los bolsillos de los trabajadores y de la sociedad en su conjunto\u201d.<\/h3>\n<h3>\u201cParece mentira que a esta altura de la historia Milei haya reeditado el enfrentamiento entre unitarios y federales\u201d, resalt\u00f3.<\/h3>\n<h3>En tanto, el gobernador advirti\u00f3 que \u201cel gobierno nacional est\u00e1 abandonando al pueblo, est\u00e1 desertando\u201d, y reclam\u00f3 al jefe de Estado que \u201crespete la Constituci\u00f3n\u201d sobre la que jur\u00f3.<\/h3>\n<h3>\u201cEl Gobierno nacional no se dedica a repartir limosna ni recursos discrecionales a las provincias, sino que tiene la obligaci\u00f3n de contribuir al sostenimiento de la salud, la educaci\u00f3n, la seguridad, la infraestructura que necesita el pueblo argentino que, para su informaci\u00f3n, no vive en un modelo te\u00f3rico, sino en el territorio de las provincias argentinas&#8221;, expres\u00f3.<\/h3>\n<h3>Y agreg\u00f3 que \u201chacerlo no es optativo, es lo que est\u00e1 obligado a hacer el Gobierno nacional\u201d.<\/h3>\n<h3>&#8220;En caso contrario, como ocurre hoy, el Gobierno nacional est\u00e1 abandonando al pueblo, est\u00e1 desertando. Tambi\u00e9n el presidente jur\u00f3 sobre la Constituci\u00f3n y tiene que respetarla\u201d, se\u00f1al\u00f3.<\/h3>\n<h3>Al enumerar una serie de obras de su propia administraci\u00f3n, recalc\u00f3 que \u201ctodo esto no lo hizo la mano invisible del mercado\u201d sino \u201cel Estado bonaerense, eso que el presidente llama organizaci\u00f3n criminal\u201d.<\/h3>\n<h3>\u201cCriminal es frenar esas pol\u00edticas y desmantelarlas; criminal es parar obras de cloaca, agua, vivienda, rutas; criminal es interrumpir de un d\u00eda para el otro la transferencia de recursos que son para la seguridad, la salud, el transporte y la educaci\u00f3n. Y por si fuera poco, festejar orgullosos el ajuste sabiendo el da\u00f1o que produce\u201d, protest\u00f3 el gobernador.<\/h3>\n<h3>Para Kicillof, \u201cel pueblo y la historia juzgar\u00e1n como imperdonable la indiferencia y hasta el goce s\u00e1dico por el sufrimiento ajeno que estamos presenciando\u201d.<\/h3>\n<h3>A su criterio, \u201cel Presidente no est\u00e1 respetando la voluntad de los bonaerenses y no est\u00e1 respetando a sus representantes y por lo tanto no est\u00e1 respetando a la provincia de Buenos Aires y su pueblo\u201d.<\/h3>\n<h3>\u201cEn muy poco tiempo, en el v\u00e9rtigo de menos de tres meses de gobierno, va quedando dolorosamente en evidencia que las propuestas y valores que ganaron no conducen ni a una mejor sociedad ni a una mejor econom\u00eda\u201d, afirm\u00f3.<\/h3>\n<h3>En su mirada, \u201cnunca un ajuste es inevitable, jam\u00e1s el dolor y el sufrimiento de los que ya sufren es el remedio para nuestros problemas\u201d.<\/h3>\n<h3>\u201cNuestro pueblo ya hizo demasiados sacrificios. No negamos las dificultades que debe enfrentar el gobierno nacional pero los trabajadores, los sectores medios, los m\u00e1s vulnerables no pueden seguir haciendo sacrificios\u201d, enfatiz\u00f3.<\/h3>\n<h3>En este sentido, Kicillof acus\u00f3 a Milei de haber apelado a \u201cmentiras\u201d durante la campa\u00f1a, instalando la idea de que \u201cel ajuste esta vez no era para los trabajadores, la clase media o los m\u00e1s vulnerables\u201d.<\/h3>\n<h3>\u201cLa mentira est\u00e1 a la vista: las medidas que tom\u00f3 desde el primer d\u00eda de gobierno, las que contiene el ilegal DNU, da\u00f1inamente vigente, y las que propon\u00eda en la Ley \u00d3mnibus dejaron en evidencia que los \u00fanicos perjudicados son las pymes, los trabajadores y los que menos tienen\u201d, expres\u00f3.<\/h3>\n<h3>Al respecto, dijo que \u201cmuchos de los votantes de Milei perciben que fueron traicionados: el ajuste es para ellos, es para todos y el gobierno est\u00e1 lleno de los mismos de siempre, los mismos que fundieron varias veces al pa\u00eds\u201d.<\/h3>\n<h3>\u201cDevaluar y desregular los precios es lo que siempre hacen estos planes econ\u00f3micos. La novedad es que por primera vez se hizo con mayor profundidad y velocidad, pero sin ninguna medida de compensaci\u00f3n, sin red, sin acompa\u00f1amiento y sin piedad\u201d, manifest\u00f3 Kicillof.<\/h3>\n<h3>\u201cAl final, la famosa libertad era libertad de precios, libertad de abuso, libertad de ganancia desmedida para los sectores concentrados y del otro lado buscar la sumisi\u00f3n, la resignaci\u00f3n y el abandono para los no pueden pagarlos\u201d, concluy\u00f3.<\/h3>\n<p>&nbsp;<\/p>\n<p>&nbsp;<\/p>\n<p>&nbsp;<\/p>\n","protected":false},"excerpt":{"rendered":"<p>Al inaugurar el nuevo per\u00edodo de sesiones ordinarias de la Legislatura bonaerense, el gobernador Axel&#8230;<\/p>\n","protected":false},"author":1,"featured_media":12671,"comment_status":"closed","ping_status":"closed","sticky":false,"template":"","format":"standard","meta":{"footnotes":""},"categories":[5],"tags":[],"class_list":["post-12670","post","type-post","status-publish","format-standard","has-post-thumbnail","hentry","category-nacionales-internacionales"],"yoast_head":"<!-- This site is optimized with the Yoast SEO plugin v26.1.1 - https:\/\/yoast.com\/wordpress\/plugins\/seo\/ -->\n<title>KICILLOF TRAS LA CONVOCATORIA AL PACTO DE MAYO: &quot;SE PARECE M\u00c1S A UNA AMENAZA O UNA IMPOSICI\u00d3N QUE A UN DI\u00c1LOGO&quot; - Apuntes de San Luis<\/title>\n<meta name=\"robots\" content=\"index, follow, max-snippet:-1, max-image-preview:large, max-video-preview:-1\" \/>\n<link rel=\"canonical\" href=\"https:\/\/apuntesdesanluis.com\/index.php\/2024\/03\/04\/kicillof-tras-la-convocatoria-al-pacto-de-mayo-se-parece-mas-a-una-amenaza-o-una-imposicion-que-a-un-dialogo\/\" \/>\n<meta property=\"og:locale\" content=\"es_ES\" \/>\n<meta property=\"og:type\" content=\"article\" \/>\n<meta property=\"og:title\" content=\"KICILLOF TRAS LA CONVOCATORIA AL PACTO DE MAYO: &quot;SE PARECE M\u00c1S A UNA AMENAZA O UNA IMPOSICI\u00d3N QUE A UN DI\u00c1LOGO&quot; - Apuntes de San Luis\" \/>\n<meta property=\"og:description\" content=\"Al inaugurar el nuevo per\u00edodo de sesiones ordinarias de la Legislatura bonaerense, el gobernador Axel...\" \/>\n<meta property=\"og:url\" content=\"https:\/\/apuntesdesanluis.com\/index.php\/2024\/03\/04\/kicillof-tras-la-convocatoria-al-pacto-de-mayo-se-parece-mas-a-una-amenaza-o-una-imposicion-que-a-un-dialogo\/\" \/>\n<meta property=\"og:site_name\" content=\"Apuntes de San Luis\" \/>\n<meta property=\"article:published_time\" content=\"2024-03-05T01:54:05+00:00\" \/>\n<meta property=\"article:modified_time\" content=\"2024-03-05T10:55:59+00:00\" \/>\n<meta property=\"og:image\" content=\"https:\/\/apuntesdesanluis.com\/wp-content\/uploads\/2024\/03\/KICILLOF.png\" \/>\n\t<meta property=\"og:image:width\" content=\"715\" \/>\n\t<meta property=\"og:image:height\" content=\"449\" \/>\n\t<meta property=\"og:image:type\" content=\"image\/png\" \/>\n<meta name=\"author\" content=\"apuntesdesanluis.com\" \/>\n<meta name=\"twitter:card\" content=\"summary_large_image\" \/>\n<meta name=\"twitter:label1\" content=\"Escrito por\" \/>\n\t<meta name=\"twitter:data1\" content=\"apuntesdesanluis.com\" \/>\n\t<meta name=\"twitter:label2\" content=\"Tiempo de lectura\" \/>\n\t<meta name=\"twitter:data2\" content=\"6 minutos\" \/>\n<script type=\"application\/ld+json\" class=\"yoast-schema-graph\">{\"@context\":\"https:\/\/schema.org\",\"@graph\":[{\"@type\":\"Article\",\"@id\":\"https:\/\/apuntesdesanluis.com\/index.php\/2024\/03\/04\/kicillof-tras-la-convocatoria-al-pacto-de-mayo-se-parece-mas-a-una-amenaza-o-una-imposicion-que-a-un-dialogo\/#article\",\"isPartOf\":{\"@id\":\"https:\/\/apuntesdesanluis.com\/index.php\/2024\/03\/04\/kicillof-tras-la-convocatoria-al-pacto-de-mayo-se-parece-mas-a-una-amenaza-o-una-imposicion-que-a-un-dialogo\/\"},\"author\":{\"name\":\"apuntesdesanluis.com\",\"@id\":\"https:\/\/apuntesdesanluis.com\/#\/schema\/person\/b55151d52296fcce64d1a72538a70b90\"},\"headline\":\"KICILLOF TRAS LA CONVOCATORIA AL PACTO DE MAYO: &#8220;SE PARECE M\u00c1S A UNA AMENAZA O UNA IMPOSICI\u00d3N QUE A UN DI\u00c1LOGO&#8221;\",\"datePublished\":\"2024-03-05T01:54:05+00:00\",\"dateModified\":\"2024-03-05T10:55:59+00:00\",\"mainEntityOfPage\":{\"@id\":\"https:\/\/apuntesdesanluis.com\/index.php\/2024\/03\/04\/kicillof-tras-la-convocatoria-al-pacto-de-mayo-se-parece-mas-a-una-amenaza-o-una-imposicion-que-a-un-dialogo\/\"},\"wordCount\":1240,\"publisher\":{\"@id\":\"https:\/\/apuntesdesanluis.com\/#\/schema\/person\/b55151d52296fcce64d1a72538a70b90\"},\"image\":{\"@id\":\"https:\/\/apuntesdesanluis.com\/index.php\/2024\/03\/04\/kicillof-tras-la-convocatoria-al-pacto-de-mayo-se-parece-mas-a-una-amenaza-o-una-imposicion-que-a-un-dialogo\/#primaryimage\"},\"thumbnailUrl\":\"https:\/\/apuntesdesanluis.com\/wp-content\/uploads\/2024\/03\/KICILLOF.png\",\"articleSection\":[\"Nacionales\/Internacionales\"],\"inLanguage\":\"es-AR\"},{\"@type\":\"WebPage\",\"@id\":\"https:\/\/apuntesdesanluis.com\/index.php\/2024\/03\/04\/kicillof-tras-la-convocatoria-al-pacto-de-mayo-se-parece-mas-a-una-amenaza-o-una-imposicion-que-a-un-dialogo\/\",\"url\":\"https:\/\/apuntesdesanluis.com\/index.php\/2024\/03\/04\/kicillof-tras-la-convocatoria-al-pacto-de-mayo-se-parece-mas-a-una-amenaza-o-una-imposicion-que-a-un-dialogo\/\",\"name\":\"KICILLOF TRAS LA CONVOCATORIA AL PACTO DE MAYO: \\\"SE PARECE M\u00c1S A UNA AMENAZA O UNA IMPOSICI\u00d3N QUE A UN DI\u00c1LOGO\\\" - Apuntes de San Luis\",\"isPartOf\":{\"@id\":\"https:\/\/apuntesdesanluis.com\/#website\"},\"primaryImageOfPage\":{\"@id\":\"https:\/\/apuntesdesanluis.com\/index.php\/2024\/03\/04\/kicillof-tras-la-convocatoria-al-pacto-de-mayo-se-parece-mas-a-una-amenaza-o-una-imposicion-que-a-un-dialogo\/#primaryimage\"},\"image\":{\"@id\":\"https:\/\/apuntesdesanluis.com\/index.php\/2024\/03\/04\/kicillof-tras-la-convocatoria-al-pacto-de-mayo-se-parece-mas-a-una-amenaza-o-una-imposicion-que-a-un-dialogo\/#primaryimage\"},\"thumbnailUrl\":\"https:\/\/apuntesdesanluis.com\/wp-content\/uploads\/2024\/03\/KICILLOF.png\",\"datePublished\":\"2024-03-05T01:54:05+00:00\",\"dateModified\":\"2024-03-05T10:55:59+00:00\",\"breadcrumb\":{\"@id\":\"https:\/\/apuntesdesanluis.com\/index.php\/2024\/03\/04\/kicillof-tras-la-convocatoria-al-pacto-de-mayo-se-parece-mas-a-una-amenaza-o-una-imposicion-que-a-un-dialogo\/#breadcrumb\"},\"inLanguage\":\"es-AR\",\"potentialAction\":[{\"@type\":\"ReadAction\",\"target\":[\"https:\/\/apuntesdesanluis.com\/index.php\/2024\/03\/04\/kicillof-tras-la-convocatoria-al-pacto-de-mayo-se-parece-mas-a-una-amenaza-o-una-imposicion-que-a-un-dialogo\/\"]}]},{\"@type\":\"ImageObject\",\"inLanguage\":\"es-AR\",\"@id\":\"https:\/\/apuntesdesanluis.com\/index.php\/2024\/03\/04\/kicillof-tras-la-convocatoria-al-pacto-de-mayo-se-parece-mas-a-una-amenaza-o-una-imposicion-que-a-un-dialogo\/#primaryimage\",\"url\":\"https:\/\/apuntesdesanluis.com\/wp-content\/uploads\/2024\/03\/KICILLOF.png\",\"contentUrl\":\"https:\/\/apuntesdesanluis.com\/wp-content\/uploads\/2024\/03\/KICILLOF.png\",\"width\":715,\"height\":449},{\"@type\":\"BreadcrumbList\",\"@id\":\"https:\/\/apuntesdesanluis.com\/index.php\/2024\/03\/04\/kicillof-tras-la-convocatoria-al-pacto-de-mayo-se-parece-mas-a-una-amenaza-o-una-imposicion-que-a-un-dialogo\/#breadcrumb\",\"itemListElement\":[{\"@type\":\"ListItem\",\"position\":1,\"name\":\"Inicio\",\"item\":\"https:\/\/apuntesdesanluis.com\/\"},{\"@type\":\"ListItem\",\"position\":2,\"name\":\"KICILLOF TRAS LA CONVOCATORIA AL PACTO DE MAYO: &#8220;SE PARECE M\u00c1S A UNA AMENAZA O UNA IMPOSICI\u00d3N QUE A UN DI\u00c1LOGO&#8221;\"}]},{\"@type\":\"WebSite\",\"@id\":\"https:\/\/apuntesdesanluis.com\/#website\",\"url\":\"https:\/\/apuntesdesanluis.com\/\",\"name\":\"Apuntes de San Luis\",\"description\":\"\",\"publisher\":{\"@id\":\"https:\/\/apuntesdesanluis.com\/#\/schema\/person\/b55151d52296fcce64d1a72538a70b90\"},\"potentialAction\":[{\"@type\":\"SearchAction\",\"target\":{\"@type\":\"EntryPoint\",\"urlTemplate\":\"https:\/\/apuntesdesanluis.com\/?s={search_term_string}\"},\"query-input\":{\"@type\":\"PropertyValueSpecification\",\"valueRequired\":true,\"valueName\":\"search_term_string\"}}],\"inLanguage\":\"es-AR\"},{\"@type\":[\"Person\",\"Organization\"],\"@id\":\"https:\/\/apuntesdesanluis.com\/#\/schema\/person\/b55151d52296fcce64d1a72538a70b90\",\"name\":\"apuntesdesanluis.com\",\"image\":{\"@type\":\"ImageObject\",\"inLanguage\":\"es-AR\",\"@id\":\"https:\/\/apuntesdesanluis.com\/#\/schema\/person\/image\/\",\"url\":\"https:\/\/apuntesdesanluis.com\/wp-content\/uploads\/2023\/07\/cropped-apuntesdesanluis.png\",\"contentUrl\":\"https:\/\/apuntesdesanluis.com\/wp-content\/uploads\/2023\/07\/cropped-apuntesdesanluis.png\",\"width\":450,\"height\":112,\"caption\":\"apuntesdesanluis.com\"},\"logo\":{\"@id\":\"https:\/\/apuntesdesanluis.com\/#\/schema\/person\/image\/\"},\"sameAs\":[\"https:\/\/apuntesdesanluis.com\"],\"url\":\"https:\/\/apuntesdesanluis.com\/index.php\/author\/apuntesdesanluis-com\/\"}]}<\/script>\n<!-- \/ Yoast SEO plugin. -->","yoast_head_json":{"title":"KICILLOF TRAS LA CONVOCATORIA AL PACTO DE MAYO: \"SE PARECE M\u00c1S A UNA AMENAZA O UNA IMPOSICI\u00d3N QUE A UN DI\u00c1LOGO\" - Apuntes de San Luis","robots":{"index":"index","follow":"follow","max-snippet":"max-snippet:-1","max-image-preview":"max-image-preview:large","max-video-preview":"max-video-preview:-1"},"canonical":"https:\/\/apuntesdesanluis.com\/index.php\/2024\/03\/04\/kicillof-tras-la-convocatoria-al-pacto-de-mayo-se-parece-mas-a-una-amenaza-o-una-imposicion-que-a-un-dialogo\/","og_locale":"es_ES","og_type":"article","og_title":"KICILLOF TRAS LA CONVOCATORIA AL PACTO DE MAYO: \"SE PARECE M\u00c1S A UNA AMENAZA O UNA IMPOSICI\u00d3N QUE A UN DI\u00c1LOGO\" - Apuntes de San Luis","og_description":"Al inaugurar el nuevo per\u00edodo de sesiones ordinarias de la Legislatura bonaerense, el gobernador Axel...","og_url":"https:\/\/apuntesdesanluis.com\/index.php\/2024\/03\/04\/kicillof-tras-la-convocatoria-al-pacto-de-mayo-se-parece-mas-a-una-amenaza-o-una-imposicion-que-a-un-dialogo\/","og_site_name":"Apuntes de San Luis","article_published_time":"2024-03-05T01:54:05+00:00","article_modified_time":"2024-03-05T10:55:59+00:00","og_image":[{"width":715,"height":449,"url":"https:\/\/apuntesdesanluis.com\/wp-content\/uploads\/2024\/03\/KICILLOF.png","type":"image\/png"}],"author":"apuntesdesanluis.com","twitter_card":"summary_large_image","twitter_misc":{"Escrito por":"apuntesdesanluis.com","Tiempo de lectura":"6 minutos"},"schema":{"@context":"https:\/\/schema.org","@graph":[{"@type":"Article","@id":"https:\/\/apuntesdesanluis.com\/index.php\/2024\/03\/04\/kicillof-tras-la-convocatoria-al-pacto-de-mayo-se-parece-mas-a-una-amenaza-o-una-imposicion-que-a-un-dialogo\/#article","isPartOf":{"@id":"https:\/\/apuntesdesanluis.com\/index.php\/2024\/03\/04\/kicillof-tras-la-convocatoria-al-pacto-de-mayo-se-parece-mas-a-una-amenaza-o-una-imposicion-que-a-un-dialogo\/"},"author":{"name":"apuntesdesanluis.com","@id":"https:\/\/apuntesdesanluis.com\/#\/schema\/person\/b55151d52296fcce64d1a72538a70b90"},"headline":"KICILLOF TRAS LA CONVOCATORIA AL PACTO DE MAYO: &#8220;SE PARECE M\u00c1S A UNA AMENAZA O UNA IMPOSICI\u00d3N QUE A UN DI\u00c1LOGO&#8221;","datePublished":"2024-03-05T01:54:05+00:00","dateModified":"2024-03-05T10:55:59+00:00","mainEntityOfPage":{"@id":"https:\/\/apuntesdesanluis.com\/index.php\/2024\/03\/04\/kicillof-tras-la-convocatoria-al-pacto-de-mayo-se-parece-mas-a-una-amenaza-o-una-imposicion-que-a-un-dialogo\/"},"wordCount":1240,"publisher":{"@id":"https:\/\/apuntesdesanluis.com\/#\/schema\/person\/b55151d52296fcce64d1a72538a70b90"},"image":{"@id":"https:\/\/apuntesdesanluis.com\/index.php\/2024\/03\/04\/kicillof-tras-la-convocatoria-al-pacto-de-mayo-se-parece-mas-a-una-amenaza-o-una-imposicion-que-a-un-dialogo\/#primaryimage"},"thumbnailUrl":"https:\/\/apuntesdesanluis.com\/wp-content\/uploads\/2024\/03\/KICILLOF.png","articleSection":["Nacionales\/Internacionales"],"inLanguage":"es-AR"},{"@type":"WebPage","@id":"https:\/\/apuntesdesanluis.com\/index.php\/2024\/03\/04\/kicillof-tras-la-convocatoria-al-pacto-de-mayo-se-parece-mas-a-una-amenaza-o-una-imposicion-que-a-un-dialogo\/","url":"https:\/\/apuntesdesanluis.com\/index.php\/2024\/03\/04\/kicillof-tras-la-convocatoria-al-pacto-de-mayo-se-parece-mas-a-una-amenaza-o-una-imposicion-que-a-un-dialogo\/","name":"KICILLOF TRAS LA CONVOCATORIA AL PACTO DE MAYO: \"SE PARECE M\u00c1S A UNA AMENAZA O UNA IMPOSICI\u00d3N QUE A UN DI\u00c1LOGO\" - Apuntes de San Luis","isPartOf":{"@id":"https:\/\/apuntesdesanluis.com\/#website"},"primaryImageOfPage":{"@id":"https:\/\/apuntesdesanluis.com\/index.php\/2024\/03\/04\/kicillof-tras-la-convocatoria-al-pacto-de-mayo-se-parece-mas-a-una-amenaza-o-una-imposicion-que-a-un-dialogo\/#primaryimage"},"image":{"@id":"https:\/\/apuntesdesanluis.com\/index.php\/2024\/03\/04\/kicillof-tras-la-convocatoria-al-pacto-de-mayo-se-parece-mas-a-una-amenaza-o-una-imposicion-que-a-un-dialogo\/#primaryimage"},"thumbnailUrl":"https:\/\/apuntesdesanluis.com\/wp-content\/uploads\/2024\/03\/KICILLOF.png","datePublished":"2024-03-05T01:54:05+00:00","dateModified":"2024-03-05T10:55:59+00:00","breadcrumb":{"@id":"https:\/\/apuntesdesanluis.com\/index.php\/2024\/03\/04\/kicillof-tras-la-convocatoria-al-pacto-de-mayo-se-parece-mas-a-una-amenaza-o-una-imposicion-que-a-un-dialogo\/#breadcrumb"},"inLanguage":"es-AR","potentialAction":[{"@type":"ReadAction","target":["https:\/\/apuntesdesanluis.com\/index.php\/2024\/03\/04\/kicillof-tras-la-convocatoria-al-pacto-de-mayo-se-parece-mas-a-una-amenaza-o-una-imposicion-que-a-un-dialogo\/"]}]},{"@type":"ImageObject","inLanguage":"es-AR","@id":"https:\/\/apuntesdesanluis.com\/index.php\/2024\/03\/04\/kicillof-tras-la-convocatoria-al-pacto-de-mayo-se-parece-mas-a-una-amenaza-o-una-imposicion-que-a-un-dialogo\/#primaryimage","url":"https:\/\/apuntesdesanluis.com\/wp-content\/uploads\/2024\/03\/KICILLOF.png","contentUrl":"https:\/\/apuntesdesanluis.com\/wp-content\/uploads\/2024\/03\/KICILLOF.png","width":715,"height":449},{"@type":"BreadcrumbList","@id":"https:\/\/apuntesdesanluis.com\/index.php\/2024\/03\/04\/kicillof-tras-la-convocatoria-al-pacto-de-mayo-se-parece-mas-a-una-amenaza-o-una-imposicion-que-a-un-dialogo\/#breadcrumb","itemListElement":[{"@type":"ListItem","position":1,"name":"Inicio","item":"https:\/\/apuntesdesanluis.com\/"},{"@type":"ListItem","position":2,"name":"KICILLOF TRAS LA CONVOCATORIA AL PACTO DE MAYO: &#8220;SE PARECE M\u00c1S A UNA AMENAZA O UNA IMPOSICI\u00d3N QUE A UN DI\u00c1LOGO&#8221;"}]},{"@type":"WebSite","@id":"https:\/\/apuntesdesanluis.com\/#website","url":"https:\/\/apuntesdesanluis.com\/","name":"Apuntes de San Luis","description":"","publisher":{"@id":"https:\/\/apuntesdesanluis.com\/#\/schema\/person\/b55151d52296fcce64d1a72538a70b90"},"potentialAction":[{"@type":"SearchAction","target":{"@type":"EntryPoint","urlTemplate":"https:\/\/apuntesdesanluis.com\/?s={search_term_string}"},"query-input":{"@type":"PropertyValueSpecification","valueRequired":true,"valueName":"search_term_string"}}],"inLanguage":"es-AR"},{"@type":["Person","Organization"],"@id":"https:\/\/apuntesdesanluis.com\/#\/schema\/person\/b55151d52296fcce64d1a72538a70b90","name":"apuntesdesanluis.com","image":{"@type":"ImageObject","inLanguage":"es-AR","@id":"https:\/\/apuntesdesanluis.com\/#\/schema\/person\/image\/","url":"https:\/\/apuntesdesanluis.com\/wp-content\/uploads\/2023\/07\/cropped-apuntesdesanluis.png","contentUrl":"https:\/\/apuntesdesanluis.com\/wp-content\/uploads\/2023\/07\/cropped-apuntesdesanluis.png","width":450,"height":112,"caption":"apuntesdesanluis.com"},"logo":{"@id":"https:\/\/apuntesdesanluis.com\/#\/schema\/person\/image\/"},"sameAs":["https:\/\/apuntesdesanluis.com"],"url":"https:\/\/apuntesdesanluis.com\/index.php\/author\/apuntesdesanluis-com\/"}]}},"featured_image_urls":{"full":["https:\/\/apuntesdesanluis.com\/wp-content\/uploads\/2024\/03\/KICILLOF.png",715,449,false],"thumbnail":["https:\/\/apuntesdesanluis.com\/wp-content\/uploads\/2024\/03\/KICILLOF-150x150.png",150,150,true],"medium":["https:\/\/apuntesdesanluis.com\/wp-content\/uploads\/2024\/03\/KICILLOF-300x188.png",300,188,true],"medium_large":["https:\/\/apuntesdesanluis.com\/wp-content\/uploads\/2024\/03\/KICILLOF.png",640,402,false],"large":["https:\/\/apuntesdesanluis.com\/wp-content\/uploads\/2024\/03\/KICILLOF.png",640,402,false],"1536x1536":["https:\/\/apuntesdesanluis.com\/wp-content\/uploads\/2024\/03\/KICILLOF.png",715,449,false],"2048x2048":["https:\/\/apuntesdesanluis.com\/wp-content\/uploads\/2024\/03\/KICILLOF.png",715,449,false],"newsever-slider-full":["https:\/\/apuntesdesanluis.com\/wp-content\/uploads\/2024\/03\/KICILLOF.png",715,449,false],"newsever-featured":["https:\/\/apuntesdesanluis.com\/wp-content\/uploads\/2024\/03\/KICILLOF.png",715,449,false],"newsever-medium":["https:\/\/apuntesdesanluis.com\/wp-content\/uploads\/2024\/03\/KICILLOF.png",715,449,false]},"author_info":{"display_name":"apuntesdesanluis.com","author_link":"https:\/\/apuntesdesanluis.com\/index.php\/author\/apuntesdesanluis-com\/"},"category_info":"<a href=\"https:\/\/apuntesdesanluis.com\/index.php\/category\/nacionales-internacionales\/\" rel=\"category tag\">Nacionales\/Internacionales<\/a>","tag_info":"Nacionales\/Internacionales","comment_count":"0","_links":{"self":[{"href":"https:\/\/apuntesdesanluis.com\/index.php\/wp-json\/wp\/v2\/posts\/12670","targetHints":{"allow":["GET"]}}],"collection":[{"href":"https:\/\/apuntesdesanluis.com\/index.php\/wp-json\/wp\/v2\/posts"}],"about":[{"href":"https:\/\/apuntesdesanluis.com\/index.php\/wp-json\/wp\/v2\/types\/post"}],"author":[{"embeddable":true,"href":"https:\/\/apuntesdesanluis.com\/index.php\/wp-json\/wp\/v2\/users\/1"}],"replies":[{"embeddable":true,"href":"https:\/\/apuntesdesanluis.com\/index.php\/wp-json\/wp\/v2\/comments?post=12670"}],"version-history":[{"count":1,"href":"https:\/\/apuntesdesanluis.com\/index.php\/wp-json\/wp\/v2\/posts\/12670\/revisions"}],"predecessor-version":[{"id":12672,"href":"https:\/\/apuntesdesanluis.com\/index.php\/wp-json\/wp\/v2\/posts\/12670\/revisions\/12672"}],"wp:featuredmedia":[{"embeddable":true,"href":"https:\/\/apuntesdesanluis.com\/index.php\/wp-json\/wp\/v2\/media\/12671"}],"wp:attachment":[{"href":"https:\/\/apuntesdesanluis.com\/index.php\/wp-json\/wp\/v2\/media?parent=12670"}],"wp:term":[{"taxonomy":"category","embeddable":true,"href":"https:\/\/apuntesdesanluis.com\/index.php\/wp-json\/wp\/v2\/categories?post=12670"},{"taxonomy":"post_tag","embeddable":true,"href":"https:\/\/apuntesdesanluis.com\/index.php\/wp-json\/wp\/v2\/tags?post=12670"}],"curies":[{"name":"wp","href":"https:\/\/api.w.org\/{rel}","templated":true}]}}