{"id":12677,"date":"2024-03-05T18:58:31","date_gmt":"2024-03-05T21:58:31","guid":{"rendered":"https:\/\/apuntesdesanluis.com\/?p=12677"},"modified":"2024-03-05T18:58:31","modified_gmt":"2024-03-05T21:58:31","slug":"personas-con-discapacidad-participaran-en-diversas-tareas-en-el-festival-calle-angosta-cuarteto","status":"publish","type":"post","link":"https:\/\/apuntesdesanluis.com\/index.php\/2024\/03\/05\/personas-con-discapacidad-participaran-en-diversas-tareas-en-el-festival-calle-angosta-cuarteto\/","title":{"rendered":"PERSONAS CON DISCAPACIDAD PARTICIPAR\u00c1N EN DIVERSAS TAREAS EN EL FESTIVAL \u2018CALLE ANGOSTA CUARTETO\u2019"},"content":{"rendered":"<h3>La <strong>secretar\u00eda de Personas con Discapacidad<\/strong> se reuni\u00f3 con las productoras que organizan el evento para firmar un convenio marco que permitir\u00e1 que trabajen en la boleter\u00eda y en puestos que habr\u00e1 en el predio.<\/h3>\n<h3>El secretario de Personas con Discapacidad, <strong>Luis Giraudo<\/strong>, y el jefe del \u00e1rea de Relaciones Institucionales, Joaqu\u00edn Flores, firmar\u00e1n un convenio con las productoras \u2018Diego Sosa Manager Group\u2019 y \u2018Gringo Producciones\u2019, organizadoras de \u2018Calle Angosta Cuarteto\u2019. Establecieron las bases de un acuerdo que permitir\u00e1 la colaboraci\u00f3n de personas con discapacidad, tanto en la boleter\u00eda como en el complejo, en distintos stands.<\/h3>\n<h3>Los convenios son una poderosa herramienta para el desarrollo de pol\u00edticas p\u00fablicas en beneficio de la comunidad. Bajo esta premisa, la cartera estrecha v\u00ednculos con diferentes entidades p\u00fablicas y privadas. \u201cQueremos vincularnos e iniciar un trabajo conjunto, que la Secretar\u00eda sea un nexo con quienes organizan este tipo de eventos que aportan al desarrollo recreativo y cultural\u201d, explic\u00f3 Flores.<\/h3>\n<h3>El evento es organizado por empresarios privados y se realizar\u00e1 por primera vez en la ciudad. Ser\u00e1 el 8 y 9 de marzo en el anfiteatro de la Calle Angosta, donde se presentar\u00e1n reconocidos solistas y grupos. El viernes 8 actuar\u00e1n Euge Quevedo y la Banda de Carlitos, La Barra, Jean Carlos, Los Playeros, Vicky Bar\u00e1n, La Q Suena, Ariano y la Banda Explosiva.<\/h3>\n<h3><img fetchpriority=\"high\" decoding=\"async\" class=\"wp-image-12679 aligncenter\" src=\"https:\/\/apuntesdesanluis.com\/wp-content\/uploads\/2024\/03\/luis-giraudo-discapacidad-300x186.png\" alt=\"\" width=\"624\" height=\"387\" srcset=\"https:\/\/apuntesdesanluis.com\/wp-content\/uploads\/2024\/03\/luis-giraudo-discapacidad-300x186.png 300w, https:\/\/apuntesdesanluis.com\/wp-content\/uploads\/2024\/03\/luis-giraudo-discapacidad.png 551w\" sizes=\"(max-width: 624px) 100vw, 624px\" \/><\/h3>\n<h3>En tanto que el s\u00e1bado ser\u00e1 el turno de El Loco Amato, Sim\u00f3n Aguirre, Magui Olave, Los Herrera, Uno X Uno, Nataly Bel\u00e9n y Pakllao.<\/h3>\n<h3>\u201cDesde la Secretar\u00eda celebramos esta posibilidad de integraci\u00f3n que se da a partir de este tipo de espect\u00e1culos musicales populares, que trascienden los g\u00e9neros y la ideolog\u00eda, y permite un momento de sano esparcimiento\u201d, cerr\u00f3 Giraudo.<\/h3>\n<p>&nbsp;<\/p>\n<p>&nbsp;<\/p>\n<p>&nbsp;<\/p>\n","protected":false},"excerpt":{"rendered":"<p>La secretar\u00eda de Personas con Discapacidad se reuni\u00f3 con las productoras que organizan el evento&#8230;<\/p>\n","protected":false},"author":1,"featured_media":12678,"comment_status":"closed","ping_status":"closed","sticky":false,"template":"","format":"standard","meta":{"footnotes":""},"categories":[6],"tags":[],"class_list":["post-12677","post","type-post","status-publish","format-standard","has-post-thumbnail","hentry","category-ciudad-provincia"],"yoast_head":"<!-- This site is optimized with the Yoast SEO plugin v26.1.1 - https:\/\/yoast.com\/wordpress\/plugins\/seo\/ -->\n<title>PERSONAS CON DISCAPACIDAD PARTICIPAR\u00c1N EN DIVERSAS TAREAS EN EL FESTIVAL \u2018CALLE ANGOSTA CUARTETO\u2019 - Apuntes de San Luis<\/title>\n<meta name=\"robots\" content=\"index, follow, max-snippet:-1, max-image-preview:large, max-video-preview:-1\" \/>\n<link rel=\"canonical\" href=\"https:\/\/apuntesdesanluis.com\/index.php\/2024\/03\/05\/personas-con-discapacidad-participaran-en-diversas-tareas-en-el-festival-calle-angosta-cuarteto\/\" \/>\n<meta property=\"og:locale\" content=\"es_ES\" \/>\n<meta property=\"og:type\" content=\"article\" \/>\n<meta property=\"og:title\" content=\"PERSONAS CON DISCAPACIDAD PARTICIPAR\u00c1N EN DIVERSAS TAREAS EN EL FESTIVAL \u2018CALLE ANGOSTA CUARTETO\u2019 - Apuntes de San Luis\" \/>\n<meta property=\"og:description\" content=\"La secretar\u00eda de Personas con Discapacidad se reuni\u00f3 con las productoras que organizan el evento...\" \/>\n<meta property=\"og:url\" content=\"https:\/\/apuntesdesanluis.com\/index.php\/2024\/03\/05\/personas-con-discapacidad-participaran-en-diversas-tareas-en-el-festival-calle-angosta-cuarteto\/\" \/>\n<meta property=\"og:site_name\" content=\"Apuntes de San Luis\" \/>\n<meta property=\"article:published_time\" content=\"2024-03-05T21:58:31+00:00\" \/>\n<meta property=\"og:image\" content=\"https:\/\/apuntesdesanluis.com\/wp-content\/uploads\/2024\/03\/luis-giraudo-diego-sosa.png\" \/>\n\t<meta property=\"og:image:width\" content=\"600\" \/>\n\t<meta property=\"og:image:height\" content=\"370\" \/>\n\t<meta property=\"og:image:type\" content=\"image\/png\" \/>\n<meta name=\"author\" content=\"apuntesdesanluis.com\" \/>\n<meta name=\"twitter:card\" content=\"summary_large_image\" \/>\n<meta name=\"twitter:label1\" content=\"Escrito por\" \/>\n\t<meta name=\"twitter:data1\" content=\"apuntesdesanluis.com\" \/>\n\t<meta name=\"twitter:label2\" content=\"Tiempo de lectura\" \/>\n\t<meta name=\"twitter:data2\" content=\"2 minutos\" \/>\n<script type=\"application\/ld+json\" class=\"yoast-schema-graph\">{\"@context\":\"https:\/\/schema.org\",\"@graph\":[{\"@type\":\"Article\",\"@id\":\"https:\/\/apuntesdesanluis.com\/index.php\/2024\/03\/05\/personas-con-discapacidad-participaran-en-diversas-tareas-en-el-festival-calle-angosta-cuarteto\/#article\",\"isPartOf\":{\"@id\":\"https:\/\/apuntesdesanluis.com\/index.php\/2024\/03\/05\/personas-con-discapacidad-participaran-en-diversas-tareas-en-el-festival-calle-angosta-cuarteto\/\"},\"author\":{\"name\":\"apuntesdesanluis.com\",\"@id\":\"https:\/\/apuntesdesanluis.com\/#\/schema\/person\/b55151d52296fcce64d1a72538a70b90\"},\"headline\":\"PERSONAS CON DISCAPACIDAD PARTICIPAR\u00c1N EN DIVERSAS TAREAS EN EL FESTIVAL \u2018CALLE ANGOSTA CUARTETO\u2019\",\"datePublished\":\"2024-03-05T21:58:31+00:00\",\"mainEntityOfPage\":{\"@id\":\"https:\/\/apuntesdesanluis.com\/index.php\/2024\/03\/05\/personas-con-discapacidad-participaran-en-diversas-tareas-en-el-festival-calle-angosta-cuarteto\/\"},\"wordCount\":316,\"publisher\":{\"@id\":\"https:\/\/apuntesdesanluis.com\/#\/schema\/person\/b55151d52296fcce64d1a72538a70b90\"},\"image\":{\"@id\":\"https:\/\/apuntesdesanluis.com\/index.php\/2024\/03\/05\/personas-con-discapacidad-participaran-en-diversas-tareas-en-el-festival-calle-angosta-cuarteto\/#primaryimage\"},\"thumbnailUrl\":\"https:\/\/apuntesdesanluis.com\/wp-content\/uploads\/2024\/03\/luis-giraudo-diego-sosa.png\",\"articleSection\":[\"Ciudad\/Provincia\"],\"inLanguage\":\"es-AR\"},{\"@type\":\"WebPage\",\"@id\":\"https:\/\/apuntesdesanluis.com\/index.php\/2024\/03\/05\/personas-con-discapacidad-participaran-en-diversas-tareas-en-el-festival-calle-angosta-cuarteto\/\",\"url\":\"https:\/\/apuntesdesanluis.com\/index.php\/2024\/03\/05\/personas-con-discapacidad-participaran-en-diversas-tareas-en-el-festival-calle-angosta-cuarteto\/\",\"name\":\"PERSONAS CON DISCAPACIDAD PARTICIPAR\u00c1N EN DIVERSAS TAREAS EN EL FESTIVAL \u2018CALLE ANGOSTA CUARTETO\u2019 - Apuntes de San Luis\",\"isPartOf\":{\"@id\":\"https:\/\/apuntesdesanluis.com\/#website\"},\"primaryImageOfPage\":{\"@id\":\"https:\/\/apuntesdesanluis.com\/index.php\/2024\/03\/05\/personas-con-discapacidad-participaran-en-diversas-tareas-en-el-festival-calle-angosta-cuarteto\/#primaryimage\"},\"image\":{\"@id\":\"https:\/\/apuntesdesanluis.com\/index.php\/2024\/03\/05\/personas-con-discapacidad-participaran-en-diversas-tareas-en-el-festival-calle-angosta-cuarteto\/#primaryimage\"},\"thumbnailUrl\":\"https:\/\/apuntesdesanluis.com\/wp-content\/uploads\/2024\/03\/luis-giraudo-diego-sosa.png\",\"datePublished\":\"2024-03-05T21:58:31+00:00\",\"breadcrumb\":{\"@id\":\"https:\/\/apuntesdesanluis.com\/index.php\/2024\/03\/05\/personas-con-discapacidad-participaran-en-diversas-tareas-en-el-festival-calle-angosta-cuarteto\/#breadcrumb\"},\"inLanguage\":\"es-AR\",\"potentialAction\":[{\"@type\":\"ReadAction\",\"target\":[\"https:\/\/apuntesdesanluis.com\/index.php\/2024\/03\/05\/personas-con-discapacidad-participaran-en-diversas-tareas-en-el-festival-calle-angosta-cuarteto\/\"]}]},{\"@type\":\"ImageObject\",\"inLanguage\":\"es-AR\",\"@id\":\"https:\/\/apuntesdesanluis.com\/index.php\/2024\/03\/05\/personas-con-discapacidad-participaran-en-diversas-tareas-en-el-festival-calle-angosta-cuarteto\/#primaryimage\",\"url\":\"https:\/\/apuntesdesanluis.com\/wp-content\/uploads\/2024\/03\/luis-giraudo-diego-sosa.png\",\"contentUrl\":\"https:\/\/apuntesdesanluis.com\/wp-content\/uploads\/2024\/03\/luis-giraudo-diego-sosa.png\",\"width\":600,\"height\":370},{\"@type\":\"BreadcrumbList\",\"@id\":\"https:\/\/apuntesdesanluis.com\/index.php\/2024\/03\/05\/personas-con-discapacidad-participaran-en-diversas-tareas-en-el-festival-calle-angosta-cuarteto\/#breadcrumb\",\"itemListElement\":[{\"@type\":\"ListItem\",\"position\":1,\"name\":\"Inicio\",\"item\":\"https:\/\/apuntesdesanluis.com\/\"},{\"@type\":\"ListItem\",\"position\":2,\"name\":\"PERSONAS CON DISCAPACIDAD PARTICIPAR\u00c1N EN DIVERSAS TAREAS EN EL FESTIVAL \u2018CALLE ANGOSTA CUARTETO\u2019\"}]},{\"@type\":\"WebSite\",\"@id\":\"https:\/\/apuntesdesanluis.com\/#website\",\"url\":\"https:\/\/apuntesdesanluis.com\/\",\"name\":\"Apuntes de San Luis\",\"description\":\"\",\"publisher\":{\"@id\":\"https:\/\/apuntesdesanluis.com\/#\/schema\/person\/b55151d52296fcce64d1a72538a70b90\"},\"potentialAction\":[{\"@type\":\"SearchAction\",\"target\":{\"@type\":\"EntryPoint\",\"urlTemplate\":\"https:\/\/apuntesdesanluis.com\/?s={search_term_string}\"},\"query-input\":{\"@type\":\"PropertyValueSpecification\",\"valueRequired\":true,\"valueName\":\"search_term_string\"}}],\"inLanguage\":\"es-AR\"},{\"@type\":[\"Person\",\"Organization\"],\"@id\":\"https:\/\/apuntesdesanluis.com\/#\/schema\/person\/b55151d52296fcce64d1a72538a70b90\",\"name\":\"apuntesdesanluis.com\",\"image\":{\"@type\":\"ImageObject\",\"inLanguage\":\"es-AR\",\"@id\":\"https:\/\/apuntesdesanluis.com\/#\/schema\/person\/image\/\",\"url\":\"https:\/\/apuntesdesanluis.com\/wp-content\/uploads\/2023\/07\/cropped-apuntesdesanluis.png\",\"contentUrl\":\"https:\/\/apuntesdesanluis.com\/wp-content\/uploads\/2023\/07\/cropped-apuntesdesanluis.png\",\"width\":450,\"height\":112,\"caption\":\"apuntesdesanluis.com\"},\"logo\":{\"@id\":\"https:\/\/apuntesdesanluis.com\/#\/schema\/person\/image\/\"},\"sameAs\":[\"https:\/\/apuntesdesanluis.com\"],\"url\":\"https:\/\/apuntesdesanluis.com\/index.php\/author\/apuntesdesanluis-com\/\"}]}<\/script>\n<!-- \/ Yoast SEO plugin. -->","yoast_head_json":{"title":"PERSONAS CON DISCAPACIDAD PARTICIPAR\u00c1N EN DIVERSAS TAREAS EN EL FESTIVAL \u2018CALLE ANGOSTA CUARTETO\u2019 - Apuntes de San Luis","robots":{"index":"index","follow":"follow","max-snippet":"max-snippet:-1","max-image-preview":"max-image-preview:large","max-video-preview":"max-video-preview:-1"},"canonical":"https:\/\/apuntesdesanluis.com\/index.php\/2024\/03\/05\/personas-con-discapacidad-participaran-en-diversas-tareas-en-el-festival-calle-angosta-cuarteto\/","og_locale":"es_ES","og_type":"article","og_title":"PERSONAS CON DISCAPACIDAD PARTICIPAR\u00c1N EN DIVERSAS TAREAS EN EL FESTIVAL \u2018CALLE ANGOSTA CUARTETO\u2019 - Apuntes de San Luis","og_description":"La secretar\u00eda de Personas con Discapacidad se reuni\u00f3 con las productoras que organizan el evento...","og_url":"https:\/\/apuntesdesanluis.com\/index.php\/2024\/03\/05\/personas-con-discapacidad-participaran-en-diversas-tareas-en-el-festival-calle-angosta-cuarteto\/","og_site_name":"Apuntes de San Luis","article_published_time":"2024-03-05T21:58:31+00:00","og_image":[{"width":600,"height":370,"url":"https:\/\/apuntesdesanluis.com\/wp-content\/uploads\/2024\/03\/luis-giraudo-diego-sosa.png","type":"image\/png"}],"author":"apuntesdesanluis.com","twitter_card":"summary_large_image","twitter_misc":{"Escrito por":"apuntesdesanluis.com","Tiempo de lectura":"2 minutos"},"schema":{"@context":"https:\/\/schema.org","@graph":[{"@type":"Article","@id":"https:\/\/apuntesdesanluis.com\/index.php\/2024\/03\/05\/personas-con-discapacidad-participaran-en-diversas-tareas-en-el-festival-calle-angosta-cuarteto\/#article","isPartOf":{"@id":"https:\/\/apuntesdesanluis.com\/index.php\/2024\/03\/05\/personas-con-discapacidad-participaran-en-diversas-tareas-en-el-festival-calle-angosta-cuarteto\/"},"author":{"name":"apuntesdesanluis.com","@id":"https:\/\/apuntesdesanluis.com\/#\/schema\/person\/b55151d52296fcce64d1a72538a70b90"},"headline":"PERSONAS CON DISCAPACIDAD PARTICIPAR\u00c1N EN DIVERSAS TAREAS EN EL FESTIVAL \u2018CALLE ANGOSTA CUARTETO\u2019","datePublished":"2024-03-05T21:58:31+00:00","mainEntityOfPage":{"@id":"https:\/\/apuntesdesanluis.com\/index.php\/2024\/03\/05\/personas-con-discapacidad-participaran-en-diversas-tareas-en-el-festival-calle-angosta-cuarteto\/"},"wordCount":316,"publisher":{"@id":"https:\/\/apuntesdesanluis.com\/#\/schema\/person\/b55151d52296fcce64d1a72538a70b90"},"image":{"@id":"https:\/\/apuntesdesanluis.com\/index.php\/2024\/03\/05\/personas-con-discapacidad-participaran-en-diversas-tareas-en-el-festival-calle-angosta-cuarteto\/#primaryimage"},"thumbnailUrl":"https:\/\/apuntesdesanluis.com\/wp-content\/uploads\/2024\/03\/luis-giraudo-diego-sosa.png","articleSection":["Ciudad\/Provincia"],"inLanguage":"es-AR"},{"@type":"WebPage","@id":"https:\/\/apuntesdesanluis.com\/index.php\/2024\/03\/05\/personas-con-discapacidad-participaran-en-diversas-tareas-en-el-festival-calle-angosta-cuarteto\/","url":"https:\/\/apuntesdesanluis.com\/index.php\/2024\/03\/05\/personas-con-discapacidad-participaran-en-diversas-tareas-en-el-festival-calle-angosta-cuarteto\/","name":"PERSONAS CON DISCAPACIDAD PARTICIPAR\u00c1N EN DIVERSAS TAREAS EN EL FESTIVAL \u2018CALLE ANGOSTA CUARTETO\u2019 - Apuntes de San Luis","isPartOf":{"@id":"https:\/\/apuntesdesanluis.com\/#website"},"primaryImageOfPage":{"@id":"https:\/\/apuntesdesanluis.com\/index.php\/2024\/03\/05\/personas-con-discapacidad-participaran-en-diversas-tareas-en-el-festival-calle-angosta-cuarteto\/#primaryimage"},"image":{"@id":"https:\/\/apuntesdesanluis.com\/index.php\/2024\/03\/05\/personas-con-discapacidad-participaran-en-diversas-tareas-en-el-festival-calle-angosta-cuarteto\/#primaryimage"},"thumbnailUrl":"https:\/\/apuntesdesanluis.com\/wp-content\/uploads\/2024\/03\/luis-giraudo-diego-sosa.png","datePublished":"2024-03-05T21:58:31+00:00","breadcrumb":{"@id":"https:\/\/apuntesdesanluis.com\/index.php\/2024\/03\/05\/personas-con-discapacidad-participaran-en-diversas-tareas-en-el-festival-calle-angosta-cuarteto\/#breadcrumb"},"inLanguage":"es-AR","potentialAction":[{"@type":"ReadAction","target":["https:\/\/apuntesdesanluis.com\/index.php\/2024\/03\/05\/personas-con-discapacidad-participaran-en-diversas-tareas-en-el-festival-calle-angosta-cuarteto\/"]}]},{"@type":"ImageObject","inLanguage":"es-AR","@id":"https:\/\/apuntesdesanluis.com\/index.php\/2024\/03\/05\/personas-con-discapacidad-participaran-en-diversas-tareas-en-el-festival-calle-angosta-cuarteto\/#primaryimage","url":"https:\/\/apuntesdesanluis.com\/wp-content\/uploads\/2024\/03\/luis-giraudo-diego-sosa.png","contentUrl":"https:\/\/apuntesdesanluis.com\/wp-content\/uploads\/2024\/03\/luis-giraudo-diego-sosa.png","width":600,"height":370},{"@type":"BreadcrumbList","@id":"https:\/\/apuntesdesanluis.com\/index.php\/2024\/03\/05\/personas-con-discapacidad-participaran-en-diversas-tareas-en-el-festival-calle-angosta-cuarteto\/#breadcrumb","itemListElement":[{"@type":"ListItem","position":1,"name":"Inicio","item":"https:\/\/apuntesdesanluis.com\/"},{"@type":"ListItem","position":2,"name":"PERSONAS CON DISCAPACIDAD PARTICIPAR\u00c1N EN DIVERSAS TAREAS EN EL FESTIVAL \u2018CALLE ANGOSTA CUARTETO\u2019"}]},{"@type":"WebSite","@id":"https:\/\/apuntesdesanluis.com\/#website","url":"https:\/\/apuntesdesanluis.com\/","name":"Apuntes de San Luis","description":"","publisher":{"@id":"https:\/\/apuntesdesanluis.com\/#\/schema\/person\/b55151d52296fcce64d1a72538a70b90"},"potentialAction":[{"@type":"SearchAction","target":{"@type":"EntryPoint","urlTemplate":"https:\/\/apuntesdesanluis.com\/?s={search_term_string}"},"query-input":{"@type":"PropertyValueSpecification","valueRequired":true,"valueName":"search_term_string"}}],"inLanguage":"es-AR"},{"@type":["Person","Organization"],"@id":"https:\/\/apuntesdesanluis.com\/#\/schema\/person\/b55151d52296fcce64d1a72538a70b90","name":"apuntesdesanluis.com","image":{"@type":"ImageObject","inLanguage":"es-AR","@id":"https:\/\/apuntesdesanluis.com\/#\/schema\/person\/image\/","url":"https:\/\/apuntesdesanluis.com\/wp-content\/uploads\/2023\/07\/cropped-apuntesdesanluis.png","contentUrl":"https:\/\/apuntesdesanluis.com\/wp-content\/uploads\/2023\/07\/cropped-apuntesdesanluis.png","width":450,"height":112,"caption":"apuntesdesanluis.com"},"logo":{"@id":"https:\/\/apuntesdesanluis.com\/#\/schema\/person\/image\/"},"sameAs":["https:\/\/apuntesdesanluis.com"],"url":"https:\/\/apuntesdesanluis.com\/index.php\/author\/apuntesdesanluis-com\/"}]}},"featured_image_urls":{"full":["https:\/\/apuntesdesanluis.com\/wp-content\/uploads\/2024\/03\/luis-giraudo-diego-sosa.png",600,370,false],"thumbnail":["https:\/\/apuntesdesanluis.com\/wp-content\/uploads\/2024\/03\/luis-giraudo-diego-sosa-150x150.png",150,150,true],"medium":["https:\/\/apuntesdesanluis.com\/wp-content\/uploads\/2024\/03\/luis-giraudo-diego-sosa-300x185.png",300,185,true],"medium_large":["https:\/\/apuntesdesanluis.com\/wp-content\/uploads\/2024\/03\/luis-giraudo-diego-sosa.png",600,370,false],"large":["https:\/\/apuntesdesanluis.com\/wp-content\/uploads\/2024\/03\/luis-giraudo-diego-sosa.png",600,370,false],"1536x1536":["https:\/\/apuntesdesanluis.com\/wp-content\/uploads\/2024\/03\/luis-giraudo-diego-sosa.png",600,370,false],"2048x2048":["https:\/\/apuntesdesanluis.com\/wp-content\/uploads\/2024\/03\/luis-giraudo-diego-sosa.png",600,370,false],"newsever-slider-full":["https:\/\/apuntesdesanluis.com\/wp-content\/uploads\/2024\/03\/luis-giraudo-diego-sosa.png",600,370,false],"newsever-featured":["https:\/\/apuntesdesanluis.com\/wp-content\/uploads\/2024\/03\/luis-giraudo-diego-sosa.png",600,370,false],"newsever-medium":["https:\/\/apuntesdesanluis.com\/wp-content\/uploads\/2024\/03\/luis-giraudo-diego-sosa.png",600,370,false]},"author_info":{"display_name":"apuntesdesanluis.com","author_link":"https:\/\/apuntesdesanluis.com\/index.php\/author\/apuntesdesanluis-com\/"},"category_info":"<a href=\"https:\/\/apuntesdesanluis.com\/index.php\/category\/ciudad-provincia\/\" rel=\"category tag\">Ciudad\/Provincia<\/a>","tag_info":"Ciudad\/Provincia","comment_count":"0","_links":{"self":[{"href":"https:\/\/apuntesdesanluis.com\/index.php\/wp-json\/wp\/v2\/posts\/12677","targetHints":{"allow":["GET"]}}],"collection":[{"href":"https:\/\/apuntesdesanluis.com\/index.php\/wp-json\/wp\/v2\/posts"}],"about":[{"href":"https:\/\/apuntesdesanluis.com\/index.php\/wp-json\/wp\/v2\/types\/post"}],"author":[{"embeddable":true,"href":"https:\/\/apuntesdesanluis.com\/index.php\/wp-json\/wp\/v2\/users\/1"}],"replies":[{"embeddable":true,"href":"https:\/\/apuntesdesanluis.com\/index.php\/wp-json\/wp\/v2\/comments?post=12677"}],"version-history":[{"count":1,"href":"https:\/\/apuntesdesanluis.com\/index.php\/wp-json\/wp\/v2\/posts\/12677\/revisions"}],"predecessor-version":[{"id":12680,"href":"https:\/\/apuntesdesanluis.com\/index.php\/wp-json\/wp\/v2\/posts\/12677\/revisions\/12680"}],"wp:featuredmedia":[{"embeddable":true,"href":"https:\/\/apuntesdesanluis.com\/index.php\/wp-json\/wp\/v2\/media\/12678"}],"wp:attachment":[{"href":"https:\/\/apuntesdesanluis.com\/index.php\/wp-json\/wp\/v2\/media?parent=12677"}],"wp:term":[{"taxonomy":"category","embeddable":true,"href":"https:\/\/apuntesdesanluis.com\/index.php\/wp-json\/wp\/v2\/categories?post=12677"},{"taxonomy":"post_tag","embeddable":true,"href":"https:\/\/apuntesdesanluis.com\/index.php\/wp-json\/wp\/v2\/tags?post=12677"}],"curies":[{"name":"wp","href":"https:\/\/api.w.org\/{rel}","templated":true}]}}