{"id":12681,"date":"2024-03-05T19:31:50","date_gmt":"2024-03-05T22:31:50","guid":{"rendered":"https:\/\/apuntesdesanluis.com\/?p=12681"},"modified":"2024-03-05T19:31:50","modified_gmt":"2024-03-05T22:31:50","slug":"aclaracion-del-poder-judicial-sobre-el-reclamo-de-una-madre-que-se-encadeno-en-tribunales","status":"publish","type":"post","link":"https:\/\/apuntesdesanluis.com\/index.php\/2024\/03\/05\/aclaracion-del-poder-judicial-sobre-el-reclamo-de-una-madre-que-se-encadeno-en-tribunales\/","title":{"rendered":"ACLARACI\u00d3N DEL PODER JUDICIAL SOBRE EL RECLAMO DE UNA MADRE QUE SE ENCADEN\u00d3 EN TRIBUNALES"},"content":{"rendered":"<h3>Fue a partir de la protesta que protagoniz\u00f3 una joven en los tribunales de Villa Mercedes, para exigir celeridad a la justicia. Reclama respuestas para poder recuperar a su hija menor, a quien su padre retiene en Mendoza.<\/h3>\n<h3>El Poder Judicial difundi\u00f3 un extenso comunicado, a trav\u00e9s del Juzgado de Familia, Ni\u00f1ez, Adolescencia y Violencia N\u00ba 3, que indica textualmente:<\/h3>\n<h3>\u201cEn relaci\u00f3n al reclamo efectuado por\u00a0 la ciudadana C.C. (Camila Castro) en el edificio judicial de Villa Mercedes y que en estos \u00faltimos d\u00edas ha tomado estado p\u00fablico, cabe mencionar que se encuentra en tr\u00e1mite por ante el Tribunal de Gesti\u00f3n Judicial Asociada de Familia y Violencia Familiar (GEJUAF), de la localidad de San Rafael, provincia de Mendoza, los Autos: 90741\/2024, Caratulados: \u201cC. A. E. P\/ SU HIJA (\u2026) P\/ MEDIDAS DE PROTECCI\u00d3N DE DERECHOS (PROHIBICI\u00d3N DE ACERCAMIENTO)\u201d, en la cual se trata la situaci\u00f3n de la ni\u00f1a, por un hecho que se denunci\u00f3 oportunamente en dicha localidad, donde se llev\u00f3 a cabo entrevista psicol\u00f3gica a la misma y se dispusieron medidas cautelares, las cuales se encuentran vigentes a la fecha.<\/h3>\n<h3>Que la causa en tr\u00e1mite por ante este Juzgado de Familia N\u00b0 3 se encuentra pr\u00e1cticamente concluida, ya que a ra\u00edz de un convenio celebrado por las partes y dem\u00e1s constancias de autos, en fecha 27\/07\/23, se orden\u00f3 el cese de las medidas cautelares dispuestas. Asimismo, se hace saber que la Sra. C.C., fue atendida en dos oportunidades por ambos secretarios del \u00c1rea Despacho de Violencia de los Juzgados de Familia. A principios del mes de febrero del corriente a\u00f1o, cuando concurri\u00f3 en compa\u00f1\u00eda de una fiscal adjunta, por la Dra. Natalia Miloni, donde fue interiorizada de la situaci\u00f3n y el d\u00eda viernes 01 de marzo del corriente a\u00f1o, cuando concurri\u00f3 en compa\u00f1\u00eda de su madre, por el Dr. Diego Nievas, quien una vez m\u00e1s le inform\u00f3 acerca de los pormenores del expediente.<\/h3>\n<h3>De \u00e9sta forma, es intenci\u00f3n del Juzgado de Familia N\u00b0 3 llevar tranquilidad a la comunidad, haci\u00e9ndoles saber que se encuentran avocados al trabajo diario en todas las causas en tr\u00e1mite, con la responsabilidad y respeto al justiciable que amerita dicho fuero de familia.<\/h3>\n<h3>En atenci\u00f3n a lo previsto en la Convenci\u00f3n de los Derechos del Ni\u00f1o y\u00a0 en la Ley de Protecci\u00f3n Integral de los Derechos de Ni\u00f1os, Ni\u00f1as y Adolescentes (N\u00ba 26061),\u00a0 no se consignan los datos identificatorios de las partes a fin de preservar el derecho a la intimidad, privacidad y confidencialidad. Es propicio recordar a los medios de prensa que se debe evitar la publicaci\u00f3n de datos sensibles de personas involucradas en procesos judiciales en los que hay ni\u00f1os, ni\u00f1as y adolescentes, en el entendimiento de que lo que debe primar es la preservaci\u00f3n de los intereses de los mismos, como tambi\u00e9n, la informaci\u00f3n fidedigna, veraz y objetiva.<\/h3>\n<h3><strong>EL RECLAMO<\/strong><\/h3>\n<h3>El pasado viernes <strong>Camila Castro<\/strong>, de 23 a\u00f1os, decidi\u00f3 encadenarse en los portones del edificio de tribunales, en Villa Mercedes.<\/h3>\n<h3>La joven cont\u00f3 que el padre de su hija, que vive en Mendoza, retiene irregularmente a su hija \u00a0de 7 a\u00f1os desde el d\u00eda que se la llev\u00f3, el 31 de diciembre del a\u00f1o pasado. En principio la excusa fue llevarla mientras duren las vacaciones, pero nunca m\u00e1s regres\u00f3.<\/h3>\n<h3>En San Rafael el hombre, de 34 a\u00f1os, hizo denuncias en contra de ella y pidi\u00f3 que le hicieran pericias psicol\u00f3gicas porque la acusa de \u201cmaltrato\u201d a la nena. Seg\u00fan la mam\u00e1 de Camila, &#8220;\u00e9l est\u00e1 pidiendo la libreta de salud para que contin\u00fae las clases all\u00e1&#8221;.<\/h3>\n<h3>La joven indic\u00f3 haber sido v\u00edctima de violencia de g\u00e9nero y que por esa raz\u00f3n se volvi\u00f3 a Villa Mercedes &#8220;escapando&#8221;.<\/h3>\n<h3>Ser\u00eda la segunda vez que el padre quiere quedarse con su hija. En su momento la Justicia local solicit\u00f3 la restituci\u00f3n y por eso la recuperaron; sin embargo esta vez el hombre pidi\u00f3 la tenencia para que el caso tenga competencia en Mendoza.<\/h3>\n<h3>Tanto Camila como la abuela est\u00e1n pidiendo que traigan a la menor, que se reconozca su domicilio en Villa Mercedes y pueda retomar la escuela en esta ciudad.<\/h3>\n<p>&nbsp;<\/p>\n<p>&nbsp;<\/p>\n<p>&nbsp;<\/p>\n<p>&nbsp;<\/p>\n<p>&nbsp;<\/p>\n","protected":false},"excerpt":{"rendered":"<p>Fue a partir de la protesta que protagoniz\u00f3 una joven en los tribunales de Villa&#8230;<\/p>\n","protected":false},"author":1,"featured_media":12682,"comment_status":"closed","ping_status":"closed","sticky":false,"template":"","format":"standard","meta":{"footnotes":""},"categories":[6],"tags":[],"class_list":["post-12681","post","type-post","status-publish","format-standard","has-post-thumbnail","hentry","category-ciudad-provincia"],"yoast_head":"<!-- This site is optimized with the Yoast SEO plugin v26.1.1 - https:\/\/yoast.com\/wordpress\/plugins\/seo\/ -->\n<title>ACLARACI\u00d3N DEL PODER JUDICIAL SOBRE EL RECLAMO DE UNA MADRE QUE SE ENCADEN\u00d3 EN TRIBUNALES - Apuntes de San Luis<\/title>\n<meta name=\"robots\" content=\"index, follow, max-snippet:-1, max-image-preview:large, max-video-preview:-1\" \/>\n<link rel=\"canonical\" href=\"https:\/\/apuntesdesanluis.com\/index.php\/2024\/03\/05\/aclaracion-del-poder-judicial-sobre-el-reclamo-de-una-madre-que-se-encadeno-en-tribunales\/\" \/>\n<meta property=\"og:locale\" content=\"es_ES\" \/>\n<meta property=\"og:type\" content=\"article\" \/>\n<meta property=\"og:title\" content=\"ACLARACI\u00d3N DEL PODER JUDICIAL SOBRE EL RECLAMO DE UNA MADRE QUE SE ENCADEN\u00d3 EN TRIBUNALES - Apuntes de San Luis\" \/>\n<meta property=\"og:description\" content=\"Fue a partir de la protesta que protagoniz\u00f3 una joven en los tribunales de Villa...\" \/>\n<meta property=\"og:url\" content=\"https:\/\/apuntesdesanluis.com\/index.php\/2024\/03\/05\/aclaracion-del-poder-judicial-sobre-el-reclamo-de-una-madre-que-se-encadeno-en-tribunales\/\" \/>\n<meta property=\"og:site_name\" content=\"Apuntes de San Luis\" \/>\n<meta property=\"article:published_time\" content=\"2024-03-05T22:31:50+00:00\" \/>\n<meta property=\"og:image\" content=\"https:\/\/apuntesdesanluis.com\/wp-content\/uploads\/2024\/03\/Tribunales.png\" \/>\n\t<meta property=\"og:image:width\" content=\"629\" \/>\n\t<meta property=\"og:image:height\" content=\"335\" \/>\n\t<meta property=\"og:image:type\" content=\"image\/png\" \/>\n<meta name=\"author\" content=\"apuntesdesanluis.com\" \/>\n<meta name=\"twitter:card\" content=\"summary_large_image\" \/>\n<meta name=\"twitter:label1\" content=\"Escrito por\" \/>\n\t<meta name=\"twitter:data1\" content=\"apuntesdesanluis.com\" \/>\n\t<meta name=\"twitter:label2\" content=\"Tiempo de lectura\" \/>\n\t<meta name=\"twitter:data2\" content=\"4 minutos\" \/>\n<script type=\"application\/ld+json\" class=\"yoast-schema-graph\">{\"@context\":\"https:\/\/schema.org\",\"@graph\":[{\"@type\":\"Article\",\"@id\":\"https:\/\/apuntesdesanluis.com\/index.php\/2024\/03\/05\/aclaracion-del-poder-judicial-sobre-el-reclamo-de-una-madre-que-se-encadeno-en-tribunales\/#article\",\"isPartOf\":{\"@id\":\"https:\/\/apuntesdesanluis.com\/index.php\/2024\/03\/05\/aclaracion-del-poder-judicial-sobre-el-reclamo-de-una-madre-que-se-encadeno-en-tribunales\/\"},\"author\":{\"name\":\"apuntesdesanluis.com\",\"@id\":\"https:\/\/apuntesdesanluis.com\/#\/schema\/person\/b55151d52296fcce64d1a72538a70b90\"},\"headline\":\"ACLARACI\u00d3N DEL PODER JUDICIAL SOBRE EL RECLAMO DE UNA MADRE QUE SE ENCADEN\u00d3 EN TRIBUNALES\",\"datePublished\":\"2024-03-05T22:31:50+00:00\",\"mainEntityOfPage\":{\"@id\":\"https:\/\/apuntesdesanluis.com\/index.php\/2024\/03\/05\/aclaracion-del-poder-judicial-sobre-el-reclamo-de-una-madre-que-se-encadeno-en-tribunales\/\"},\"wordCount\":740,\"publisher\":{\"@id\":\"https:\/\/apuntesdesanluis.com\/#\/schema\/person\/b55151d52296fcce64d1a72538a70b90\"},\"image\":{\"@id\":\"https:\/\/apuntesdesanluis.com\/index.php\/2024\/03\/05\/aclaracion-del-poder-judicial-sobre-el-reclamo-de-una-madre-que-se-encadeno-en-tribunales\/#primaryimage\"},\"thumbnailUrl\":\"https:\/\/apuntesdesanluis.com\/wp-content\/uploads\/2024\/03\/Tribunales.png\",\"articleSection\":[\"Ciudad\/Provincia\"],\"inLanguage\":\"es-AR\"},{\"@type\":\"WebPage\",\"@id\":\"https:\/\/apuntesdesanluis.com\/index.php\/2024\/03\/05\/aclaracion-del-poder-judicial-sobre-el-reclamo-de-una-madre-que-se-encadeno-en-tribunales\/\",\"url\":\"https:\/\/apuntesdesanluis.com\/index.php\/2024\/03\/05\/aclaracion-del-poder-judicial-sobre-el-reclamo-de-una-madre-que-se-encadeno-en-tribunales\/\",\"name\":\"ACLARACI\u00d3N DEL PODER JUDICIAL SOBRE EL RECLAMO DE UNA MADRE QUE SE ENCADEN\u00d3 EN TRIBUNALES - Apuntes de San Luis\",\"isPartOf\":{\"@id\":\"https:\/\/apuntesdesanluis.com\/#website\"},\"primaryImageOfPage\":{\"@id\":\"https:\/\/apuntesdesanluis.com\/index.php\/2024\/03\/05\/aclaracion-del-poder-judicial-sobre-el-reclamo-de-una-madre-que-se-encadeno-en-tribunales\/#primaryimage\"},\"image\":{\"@id\":\"https:\/\/apuntesdesanluis.com\/index.php\/2024\/03\/05\/aclaracion-del-poder-judicial-sobre-el-reclamo-de-una-madre-que-se-encadeno-en-tribunales\/#primaryimage\"},\"thumbnailUrl\":\"https:\/\/apuntesdesanluis.com\/wp-content\/uploads\/2024\/03\/Tribunales.png\",\"datePublished\":\"2024-03-05T22:31:50+00:00\",\"breadcrumb\":{\"@id\":\"https:\/\/apuntesdesanluis.com\/index.php\/2024\/03\/05\/aclaracion-del-poder-judicial-sobre-el-reclamo-de-una-madre-que-se-encadeno-en-tribunales\/#breadcrumb\"},\"inLanguage\":\"es-AR\",\"potentialAction\":[{\"@type\":\"ReadAction\",\"target\":[\"https:\/\/apuntesdesanluis.com\/index.php\/2024\/03\/05\/aclaracion-del-poder-judicial-sobre-el-reclamo-de-una-madre-que-se-encadeno-en-tribunales\/\"]}]},{\"@type\":\"ImageObject\",\"inLanguage\":\"es-AR\",\"@id\":\"https:\/\/apuntesdesanluis.com\/index.php\/2024\/03\/05\/aclaracion-del-poder-judicial-sobre-el-reclamo-de-una-madre-que-se-encadeno-en-tribunales\/#primaryimage\",\"url\":\"https:\/\/apuntesdesanluis.com\/wp-content\/uploads\/2024\/03\/Tribunales.png\",\"contentUrl\":\"https:\/\/apuntesdesanluis.com\/wp-content\/uploads\/2024\/03\/Tribunales.png\",\"width\":629,\"height\":335},{\"@type\":\"BreadcrumbList\",\"@id\":\"https:\/\/apuntesdesanluis.com\/index.php\/2024\/03\/05\/aclaracion-del-poder-judicial-sobre-el-reclamo-de-una-madre-que-se-encadeno-en-tribunales\/#breadcrumb\",\"itemListElement\":[{\"@type\":\"ListItem\",\"position\":1,\"name\":\"Inicio\",\"item\":\"https:\/\/apuntesdesanluis.com\/\"},{\"@type\":\"ListItem\",\"position\":2,\"name\":\"ACLARACI\u00d3N DEL PODER JUDICIAL SOBRE EL RECLAMO DE UNA MADRE QUE SE ENCADEN\u00d3 EN TRIBUNALES\"}]},{\"@type\":\"WebSite\",\"@id\":\"https:\/\/apuntesdesanluis.com\/#website\",\"url\":\"https:\/\/apuntesdesanluis.com\/\",\"name\":\"Apuntes de San Luis\",\"description\":\"\",\"publisher\":{\"@id\":\"https:\/\/apuntesdesanluis.com\/#\/schema\/person\/b55151d52296fcce64d1a72538a70b90\"},\"potentialAction\":[{\"@type\":\"SearchAction\",\"target\":{\"@type\":\"EntryPoint\",\"urlTemplate\":\"https:\/\/apuntesdesanluis.com\/?s={search_term_string}\"},\"query-input\":{\"@type\":\"PropertyValueSpecification\",\"valueRequired\":true,\"valueName\":\"search_term_string\"}}],\"inLanguage\":\"es-AR\"},{\"@type\":[\"Person\",\"Organization\"],\"@id\":\"https:\/\/apuntesdesanluis.com\/#\/schema\/person\/b55151d52296fcce64d1a72538a70b90\",\"name\":\"apuntesdesanluis.com\",\"image\":{\"@type\":\"ImageObject\",\"inLanguage\":\"es-AR\",\"@id\":\"https:\/\/apuntesdesanluis.com\/#\/schema\/person\/image\/\",\"url\":\"https:\/\/apuntesdesanluis.com\/wp-content\/uploads\/2023\/07\/cropped-apuntesdesanluis.png\",\"contentUrl\":\"https:\/\/apuntesdesanluis.com\/wp-content\/uploads\/2023\/07\/cropped-apuntesdesanluis.png\",\"width\":450,\"height\":112,\"caption\":\"apuntesdesanluis.com\"},\"logo\":{\"@id\":\"https:\/\/apuntesdesanluis.com\/#\/schema\/person\/image\/\"},\"sameAs\":[\"https:\/\/apuntesdesanluis.com\"],\"url\":\"https:\/\/apuntesdesanluis.com\/index.php\/author\/apuntesdesanluis-com\/\"}]}<\/script>\n<!-- \/ Yoast SEO plugin. -->","yoast_head_json":{"title":"ACLARACI\u00d3N DEL PODER JUDICIAL SOBRE EL RECLAMO DE UNA MADRE QUE SE ENCADEN\u00d3 EN TRIBUNALES - Apuntes de San Luis","robots":{"index":"index","follow":"follow","max-snippet":"max-snippet:-1","max-image-preview":"max-image-preview:large","max-video-preview":"max-video-preview:-1"},"canonical":"https:\/\/apuntesdesanluis.com\/index.php\/2024\/03\/05\/aclaracion-del-poder-judicial-sobre-el-reclamo-de-una-madre-que-se-encadeno-en-tribunales\/","og_locale":"es_ES","og_type":"article","og_title":"ACLARACI\u00d3N DEL PODER JUDICIAL SOBRE EL RECLAMO DE UNA MADRE QUE SE ENCADEN\u00d3 EN TRIBUNALES - Apuntes de San Luis","og_description":"Fue a partir de la protesta que protagoniz\u00f3 una joven en los tribunales de Villa...","og_url":"https:\/\/apuntesdesanluis.com\/index.php\/2024\/03\/05\/aclaracion-del-poder-judicial-sobre-el-reclamo-de-una-madre-que-se-encadeno-en-tribunales\/","og_site_name":"Apuntes de San Luis","article_published_time":"2024-03-05T22:31:50+00:00","og_image":[{"width":629,"height":335,"url":"https:\/\/apuntesdesanluis.com\/wp-content\/uploads\/2024\/03\/Tribunales.png","type":"image\/png"}],"author":"apuntesdesanluis.com","twitter_card":"summary_large_image","twitter_misc":{"Escrito por":"apuntesdesanluis.com","Tiempo de lectura":"4 minutos"},"schema":{"@context":"https:\/\/schema.org","@graph":[{"@type":"Article","@id":"https:\/\/apuntesdesanluis.com\/index.php\/2024\/03\/05\/aclaracion-del-poder-judicial-sobre-el-reclamo-de-una-madre-que-se-encadeno-en-tribunales\/#article","isPartOf":{"@id":"https:\/\/apuntesdesanluis.com\/index.php\/2024\/03\/05\/aclaracion-del-poder-judicial-sobre-el-reclamo-de-una-madre-que-se-encadeno-en-tribunales\/"},"author":{"name":"apuntesdesanluis.com","@id":"https:\/\/apuntesdesanluis.com\/#\/schema\/person\/b55151d52296fcce64d1a72538a70b90"},"headline":"ACLARACI\u00d3N DEL PODER JUDICIAL SOBRE EL RECLAMO DE UNA MADRE QUE SE ENCADEN\u00d3 EN TRIBUNALES","datePublished":"2024-03-05T22:31:50+00:00","mainEntityOfPage":{"@id":"https:\/\/apuntesdesanluis.com\/index.php\/2024\/03\/05\/aclaracion-del-poder-judicial-sobre-el-reclamo-de-una-madre-que-se-encadeno-en-tribunales\/"},"wordCount":740,"publisher":{"@id":"https:\/\/apuntesdesanluis.com\/#\/schema\/person\/b55151d52296fcce64d1a72538a70b90"},"image":{"@id":"https:\/\/apuntesdesanluis.com\/index.php\/2024\/03\/05\/aclaracion-del-poder-judicial-sobre-el-reclamo-de-una-madre-que-se-encadeno-en-tribunales\/#primaryimage"},"thumbnailUrl":"https:\/\/apuntesdesanluis.com\/wp-content\/uploads\/2024\/03\/Tribunales.png","articleSection":["Ciudad\/Provincia"],"inLanguage":"es-AR"},{"@type":"WebPage","@id":"https:\/\/apuntesdesanluis.com\/index.php\/2024\/03\/05\/aclaracion-del-poder-judicial-sobre-el-reclamo-de-una-madre-que-se-encadeno-en-tribunales\/","url":"https:\/\/apuntesdesanluis.com\/index.php\/2024\/03\/05\/aclaracion-del-poder-judicial-sobre-el-reclamo-de-una-madre-que-se-encadeno-en-tribunales\/","name":"ACLARACI\u00d3N DEL PODER JUDICIAL SOBRE EL RECLAMO DE UNA MADRE QUE SE ENCADEN\u00d3 EN TRIBUNALES - Apuntes de San Luis","isPartOf":{"@id":"https:\/\/apuntesdesanluis.com\/#website"},"primaryImageOfPage":{"@id":"https:\/\/apuntesdesanluis.com\/index.php\/2024\/03\/05\/aclaracion-del-poder-judicial-sobre-el-reclamo-de-una-madre-que-se-encadeno-en-tribunales\/#primaryimage"},"image":{"@id":"https:\/\/apuntesdesanluis.com\/index.php\/2024\/03\/05\/aclaracion-del-poder-judicial-sobre-el-reclamo-de-una-madre-que-se-encadeno-en-tribunales\/#primaryimage"},"thumbnailUrl":"https:\/\/apuntesdesanluis.com\/wp-content\/uploads\/2024\/03\/Tribunales.png","datePublished":"2024-03-05T22:31:50+00:00","breadcrumb":{"@id":"https:\/\/apuntesdesanluis.com\/index.php\/2024\/03\/05\/aclaracion-del-poder-judicial-sobre-el-reclamo-de-una-madre-que-se-encadeno-en-tribunales\/#breadcrumb"},"inLanguage":"es-AR","potentialAction":[{"@type":"ReadAction","target":["https:\/\/apuntesdesanluis.com\/index.php\/2024\/03\/05\/aclaracion-del-poder-judicial-sobre-el-reclamo-de-una-madre-que-se-encadeno-en-tribunales\/"]}]},{"@type":"ImageObject","inLanguage":"es-AR","@id":"https:\/\/apuntesdesanluis.com\/index.php\/2024\/03\/05\/aclaracion-del-poder-judicial-sobre-el-reclamo-de-una-madre-que-se-encadeno-en-tribunales\/#primaryimage","url":"https:\/\/apuntesdesanluis.com\/wp-content\/uploads\/2024\/03\/Tribunales.png","contentUrl":"https:\/\/apuntesdesanluis.com\/wp-content\/uploads\/2024\/03\/Tribunales.png","width":629,"height":335},{"@type":"BreadcrumbList","@id":"https:\/\/apuntesdesanluis.com\/index.php\/2024\/03\/05\/aclaracion-del-poder-judicial-sobre-el-reclamo-de-una-madre-que-se-encadeno-en-tribunales\/#breadcrumb","itemListElement":[{"@type":"ListItem","position":1,"name":"Inicio","item":"https:\/\/apuntesdesanluis.com\/"},{"@type":"ListItem","position":2,"name":"ACLARACI\u00d3N DEL PODER JUDICIAL SOBRE EL RECLAMO DE UNA MADRE QUE SE ENCADEN\u00d3 EN TRIBUNALES"}]},{"@type":"WebSite","@id":"https:\/\/apuntesdesanluis.com\/#website","url":"https:\/\/apuntesdesanluis.com\/","name":"Apuntes de San Luis","description":"","publisher":{"@id":"https:\/\/apuntesdesanluis.com\/#\/schema\/person\/b55151d52296fcce64d1a72538a70b90"},"potentialAction":[{"@type":"SearchAction","target":{"@type":"EntryPoint","urlTemplate":"https:\/\/apuntesdesanluis.com\/?s={search_term_string}"},"query-input":{"@type":"PropertyValueSpecification","valueRequired":true,"valueName":"search_term_string"}}],"inLanguage":"es-AR"},{"@type":["Person","Organization"],"@id":"https:\/\/apuntesdesanluis.com\/#\/schema\/person\/b55151d52296fcce64d1a72538a70b90","name":"apuntesdesanluis.com","image":{"@type":"ImageObject","inLanguage":"es-AR","@id":"https:\/\/apuntesdesanluis.com\/#\/schema\/person\/image\/","url":"https:\/\/apuntesdesanluis.com\/wp-content\/uploads\/2023\/07\/cropped-apuntesdesanluis.png","contentUrl":"https:\/\/apuntesdesanluis.com\/wp-content\/uploads\/2023\/07\/cropped-apuntesdesanluis.png","width":450,"height":112,"caption":"apuntesdesanluis.com"},"logo":{"@id":"https:\/\/apuntesdesanluis.com\/#\/schema\/person\/image\/"},"sameAs":["https:\/\/apuntesdesanluis.com"],"url":"https:\/\/apuntesdesanluis.com\/index.php\/author\/apuntesdesanluis-com\/"}]}},"featured_image_urls":{"full":["https:\/\/apuntesdesanluis.com\/wp-content\/uploads\/2024\/03\/Tribunales.png",629,335,false],"thumbnail":["https:\/\/apuntesdesanluis.com\/wp-content\/uploads\/2024\/03\/Tribunales-150x150.png",150,150,true],"medium":["https:\/\/apuntesdesanluis.com\/wp-content\/uploads\/2024\/03\/Tribunales-300x160.png",300,160,true],"medium_large":["https:\/\/apuntesdesanluis.com\/wp-content\/uploads\/2024\/03\/Tribunales.png",629,335,false],"large":["https:\/\/apuntesdesanluis.com\/wp-content\/uploads\/2024\/03\/Tribunales.png",629,335,false],"1536x1536":["https:\/\/apuntesdesanluis.com\/wp-content\/uploads\/2024\/03\/Tribunales.png",629,335,false],"2048x2048":["https:\/\/apuntesdesanluis.com\/wp-content\/uploads\/2024\/03\/Tribunales.png",629,335,false],"newsever-slider-full":["https:\/\/apuntesdesanluis.com\/wp-content\/uploads\/2024\/03\/Tribunales.png",629,335,false],"newsever-featured":["https:\/\/apuntesdesanluis.com\/wp-content\/uploads\/2024\/03\/Tribunales.png",629,335,false],"newsever-medium":["https:\/\/apuntesdesanluis.com\/wp-content\/uploads\/2024\/03\/Tribunales.png",629,335,false]},"author_info":{"display_name":"apuntesdesanluis.com","author_link":"https:\/\/apuntesdesanluis.com\/index.php\/author\/apuntesdesanluis-com\/"},"category_info":"<a href=\"https:\/\/apuntesdesanluis.com\/index.php\/category\/ciudad-provincia\/\" rel=\"category tag\">Ciudad\/Provincia<\/a>","tag_info":"Ciudad\/Provincia","comment_count":"0","_links":{"self":[{"href":"https:\/\/apuntesdesanluis.com\/index.php\/wp-json\/wp\/v2\/posts\/12681","targetHints":{"allow":["GET"]}}],"collection":[{"href":"https:\/\/apuntesdesanluis.com\/index.php\/wp-json\/wp\/v2\/posts"}],"about":[{"href":"https:\/\/apuntesdesanluis.com\/index.php\/wp-json\/wp\/v2\/types\/post"}],"author":[{"embeddable":true,"href":"https:\/\/apuntesdesanluis.com\/index.php\/wp-json\/wp\/v2\/users\/1"}],"replies":[{"embeddable":true,"href":"https:\/\/apuntesdesanluis.com\/index.php\/wp-json\/wp\/v2\/comments?post=12681"}],"version-history":[{"count":1,"href":"https:\/\/apuntesdesanluis.com\/index.php\/wp-json\/wp\/v2\/posts\/12681\/revisions"}],"predecessor-version":[{"id":12683,"href":"https:\/\/apuntesdesanluis.com\/index.php\/wp-json\/wp\/v2\/posts\/12681\/revisions\/12683"}],"wp:featuredmedia":[{"embeddable":true,"href":"https:\/\/apuntesdesanluis.com\/index.php\/wp-json\/wp\/v2\/media\/12682"}],"wp:attachment":[{"href":"https:\/\/apuntesdesanluis.com\/index.php\/wp-json\/wp\/v2\/media?parent=12681"}],"wp:term":[{"taxonomy":"category","embeddable":true,"href":"https:\/\/apuntesdesanluis.com\/index.php\/wp-json\/wp\/v2\/categories?post=12681"},{"taxonomy":"post_tag","embeddable":true,"href":"https:\/\/apuntesdesanluis.com\/index.php\/wp-json\/wp\/v2\/tags?post=12681"}],"curies":[{"name":"wp","href":"https:\/\/api.w.org\/{rel}","templated":true}]}}