{"id":12684,"date":"2024-03-05T20:01:37","date_gmt":"2024-03-05T23:01:37","guid":{"rendered":"https:\/\/apuntesdesanluis.com\/?p=12684"},"modified":"2024-03-05T20:06:58","modified_gmt":"2024-03-05T23:06:58","slug":"anuncios-del-intendente-frontera-al-inaugurar-las-sesiones-ordinarias","status":"publish","type":"post","link":"https:\/\/apuntesdesanluis.com\/index.php\/2024\/03\/05\/anuncios-del-intendente-frontera-al-inaugurar-las-sesiones-ordinarias\/","title":{"rendered":"ANUNCIOS DEL INTENDENTE FRONTERA AL INAUGURAR LAS SESIONES ORDINARIAS"},"content":{"rendered":"<h3>La Vice intendenta<strong> Silvina Galetto<\/strong> presidi\u00f3 la Sesi\u00f3n de Apertura del Periodo Legislativo 2024 del Concejo Deliberante de Villa Mercedes, donde toda la expectativa estaba centrada en el mensaje anual del intendente municipal <strong>Maximiliano Frontera<\/strong>.<\/h3>\n<h3>La inauguraci\u00f3n de las sesiones legislativas del a\u00f1o en curso cont\u00f3 con la presencia del Jefe de la V Brigada A\u00e9rea Comodoro Carlos Pesante, el representante del Obispado de San Luis Padre David Picca, legisladores nacionales, provinciales, representantes del Tribunal de Contralor, Tribunal de Falta Municipal, de la Polic\u00eda Federal, Polic\u00eda de la Provincia, Bomberos Voluntarios el Fort\u00edn, ex combatientes de Malvinas y dem\u00e1s representantes de las fuerzas vivas e instituciones, dirigentes y p\u00fablico en general.<\/h3>\n<p><img fetchpriority=\"high\" decoding=\"async\" class=\"wp-image-12686 aligncenter\" src=\"https:\/\/apuntesdesanluis.com\/wp-content\/uploads\/2024\/03\/concejo-publico-300x169.png\" alt=\"\" width=\"574\" height=\"323\" srcset=\"https:\/\/apuntesdesanluis.com\/wp-content\/uploads\/2024\/03\/concejo-publico-300x169.png 300w, https:\/\/apuntesdesanluis.com\/wp-content\/uploads\/2024\/03\/concejo-publico.png 600w\" sizes=\"(max-width: 574px) 100vw, 574px\" \/><\/p>\n<h3>Luego del izamiento de la Bandera Nacional a cargo del Intendente y la Presidenta del cuerpo, se entonaron las estrofas del Himno Nacional Argentino.<\/h3>\n<h3>Posteriormente el Intendente Municipal ubicado en el estrado del recinto, dirigi\u00f3 su mensaje anual ante un colmado \u00d3rgano Legislativo.<\/h3>\n<p><img decoding=\"async\" class=\"wp-image-12687 aligncenter\" src=\"https:\/\/apuntesdesanluis.com\/wp-content\/uploads\/2024\/03\/concejo-frontera-300x181.png\" alt=\"\" width=\"603\" height=\"364\" srcset=\"https:\/\/apuntesdesanluis.com\/wp-content\/uploads\/2024\/03\/concejo-frontera-300x181.png 300w, https:\/\/apuntesdesanluis.com\/wp-content\/uploads\/2024\/03\/concejo-frontera.png 600w\" sizes=\"(max-width: 603px) 100vw, 603px\" \/><\/p>\n<h3>A lo largo de una hora y cuarto, realiz\u00f3 un repaso por distintas acciones llevadas a cabo en su gesti\u00f3n y efectu\u00f3 importantes anuncios con miras a lo que ser\u00e1 el primer a\u00f1o de su segunda gesti\u00f3n como Jefe Comunal.<\/h3>\n<h3>Algunos de sus anuncios fueron los siguientes:<\/h3>\n<ul>\n<li>\n<h3>\u201cQueremos que vuelva la feria del Libro a Villa Mercedes, es nuestra idea retomar la concreci\u00f3n de este evento icono en la regi\u00f3n que nos permite generar un gran movimiento econ\u00f3mico y cultural. Queremos homenajear en esta edici\u00f3n a dos escritores que ha dejado nuestra tierra: Oscar Sosa R\u00edos y Jorge Hadandoniu.<\/h3>\n<\/li>\n<li>\n<h3>\u201cEn este 2024 le daremos continuidad a una actividad que fue exitosa y que nos ayud\u00f3 comprender a\u00fan m\u00e1s de qu\u00e9 estamos hechos los villamercedinos, por ello realizaremos el Segundo Congreso Villamercedino de Historia de San Luis.<\/h3>\n<\/li>\n<li>\n<h3>\u201cComenzaremos con un trabajo de digitalizaci\u00f3n y puesta en valor de nuestros archivos municipales.<\/h3>\n<p><img decoding=\"async\" class=\"wp-image-12688 aligncenter\" src=\"https:\/\/apuntesdesanluis.com\/wp-content\/uploads\/2024\/03\/concejales-1-300x147.png\" alt=\"\" width=\"600\" height=\"294\" srcset=\"https:\/\/apuntesdesanluis.com\/wp-content\/uploads\/2024\/03\/concejales-1-300x147.png 300w, https:\/\/apuntesdesanluis.com\/wp-content\/uploads\/2024\/03\/concejales-1.png 600w\" sizes=\"(max-width: 600px) 100vw, 600px\" \/><\/li>\n<li>\n<h3>\u201cLanzaremos la APP \u00bfD\u00f3nde Alquilo? Trabajaremos en conjunto con el colegio de martilleros y Corredores P\u00fablicos de San Luis para el desarrollo de aplicaciones digitales que faciliten el acceso a la oferta inmobiliaria de la ciudad.\u201d<\/h3>\n<\/li>\n<li>\n<h3>\u201cForestaremos con m\u00e1s de 10.000 nuevos \u00e1rboles distribuidos en todo el ejido municipal, revalorizando las calles, avenidas como la 25 de Mayo, Los Alamos, Mitre, Leandro Alem, Betbeder y todos los ingresos de la ciudad.\u201d<\/h3>\n<\/li>\n<li>\n<h3>\u201cVamos a trabajar para crear el Centro Comercial del Barrio La Ribera, como polo de tracci\u00f3n del comercio barrial. Sue\u00f1o con tener nuestro tercer centro comercial a cielo abierto en barrio La Ribera.\u201d<\/h3>\n<\/li>\n<li>\n<h3>\u201cLas cuentas ordenadas nos permiten pagar los sueldos de nuestros empleados en tiempo y forma; La coyuntura a nivel nacional es cr\u00edtica pero un trabajo transparente, prolijo y austero durante cuatro a\u00f1os de gesti\u00f3n nos permite decir que hoy podemos cumplir con los compromisos que asumimos.\u201d<\/h3>\n<\/li>\n<li>\n<h3>\u201cQueremos mejorar el mantenimiento de las redes cloacales, Vamos a seguir adelante con el recambio y ampliando la red cloacal, donde varios barrios sufren el deterioro de ca\u00f1os que tienen m\u00e1s de 100 a\u00f1os y que desde hace d\u00e9cadas deber\u00edan haberse cambiado.\u201d<\/h3>\n<\/li>\n<li>\n<h3>\u201cCrearemos Centros de Convivencia Barrial, donde se desarrollen instancias de capacitaci\u00f3n, recreaci\u00f3n, consultor\u00eda legal, de salud, entre otras, facilitando la inclusi\u00f3n de grupos familiares completos, propiciando el pleno ejercicio de sus derechos a trav\u00e9s a trav\u00e9s de la incorporaci\u00f3n y permanencia en el sistema educativo formal de los ni\u00f1os, ni\u00f1as y j\u00f3venes.\u201d<\/h3>\n<\/li>\n<li>\n<h3>\u201cEn estos d\u00edas estaremos comenzando con las tareas administrativas para adquirir nuevos camiones cero km que nos permitir\u00e1n mejorar el servicio de limpieza de nuestras calles. Estas Unidades se sumar\u00e1n al parque automotor y a las unidades que adquirimos en la primera gesti\u00f3n realizada\u201d.<\/h3>\n<\/li>\n<\/ul>\n<p><img loading=\"lazy\" decoding=\"async\" class=\"wp-image-12689 aligncenter\" src=\"https:\/\/apuntesdesanluis.com\/wp-content\/uploads\/2024\/03\/concejales-300x174.png\" alt=\"\" width=\"623\" height=\"361\" srcset=\"https:\/\/apuntesdesanluis.com\/wp-content\/uploads\/2024\/03\/concejales-300x174.png 300w, https:\/\/apuntesdesanluis.com\/wp-content\/uploads\/2024\/03\/concejales.png 600w\" sizes=\"(max-width: 623px) 100vw, 623px\" \/><\/p>\n<ul>\n<li>\n<h3>\u201cVamos a trabajar en un Plan Estrat\u00e9gico Ambiental 2025-2030, a trav\u00e9s de una planificaci\u00f3n ambiental que conlleve la generaci\u00f3n de objetivos, metas, acciones e indicadores. En dicho plan trataremos temas como agua, aire, biodiversidad, suelo, residuos y energ\u00edas renovables entre otros\u201d.<\/h3>\n<\/li>\n<li>\n<h3>\u201cEn transporte hemos sido pioneros con la implantaci\u00f3n del boleto gratuito para m\u00faltiples sectores de villamercedinos; vamos a continuar con las pol\u00edticas que signifiquen el acceso al transporte p\u00fablico de pasajeros de calidad, con un trazado de recorridos \u00f3ptimos que acompa\u00f1an la expansi\u00f3n de la ciudad de Villa Mercedes&#8221;.<\/h3>\n<\/li>\n<\/ul>\n<p><img loading=\"lazy\" decoding=\"async\" class=\"wp-image-12691 aligncenter\" src=\"https:\/\/apuntesdesanluis.com\/wp-content\/uploads\/2024\/03\/angelica-300x201.png\" alt=\"\" width=\"560\" height=\"375\" srcset=\"https:\/\/apuntesdesanluis.com\/wp-content\/uploads\/2024\/03\/angelica-300x201.png 300w, https:\/\/apuntesdesanluis.com\/wp-content\/uploads\/2024\/03\/angelica.png 668w\" sizes=\"(max-width: 560px) 100vw, 560px\" \/><\/p>\n<h4 style=\"text-align: center;\"><em>Solita mi alma. La ex senadora Ang\u00e9lica Torrontegui, a un costado.<\/em><\/h4>\n<ul>\n<li>\n<h3>\u201cTenemos una obligaci\u00f3n: entrenar el sentido del o\u00eddo, aprender a escuchar lo que nos dice la gente cada vez que estamos en un barrio, en una calle de la ciudad. No podemos perder ese contacto porque ese contacto lo es todo. Tenemos que abrirnos, salir de los despachos, escuchar, tenemos que mirarnos a los ojos, abrazarnos, intercambiar ideas y finalmente intentar llevar a cabo lo que sea mejor para Villa Mercedes. Primero Villa Mercedes, segundo Villa Mercedes y tercero Villa Mercedes\u201d.<\/h3>\n<\/li>\n<\/ul>\n<p>&nbsp;<\/p>\n<p>&nbsp;<\/p>\n<p>&nbsp;<\/p>\n<h3><\/h3>\n<p>&nbsp;<\/p>\n<p>&nbsp;<\/p>\n","protected":false},"excerpt":{"rendered":"<p>La Vice intendenta Silvina Galetto presidi\u00f3 la Sesi\u00f3n de Apertura del Periodo Legislativo 2024 del&#8230;<\/p>\n","protected":false},"author":1,"featured_media":12685,"comment_status":"closed","ping_status":"closed","sticky":false,"template":"","format":"standard","meta":{"footnotes":""},"categories":[6],"tags":[],"class_list":["post-12684","post","type-post","status-publish","format-standard","has-post-thumbnail","hentry","category-ciudad-provincia"],"yoast_head":"<!-- This site is optimized with the Yoast SEO plugin v26.1.1 - https:\/\/yoast.com\/wordpress\/plugins\/seo\/ -->\n<title>ANUNCIOS DEL INTENDENTE FRONTERA AL INAUGURAR LAS SESIONES ORDINARIAS - Apuntes de San Luis<\/title>\n<meta name=\"robots\" content=\"index, follow, max-snippet:-1, max-image-preview:large, max-video-preview:-1\" \/>\n<link rel=\"canonical\" href=\"https:\/\/apuntesdesanluis.com\/index.php\/2024\/03\/05\/anuncios-del-intendente-frontera-al-inaugurar-las-sesiones-ordinarias\/\" \/>\n<meta property=\"og:locale\" content=\"es_ES\" \/>\n<meta property=\"og:type\" content=\"article\" \/>\n<meta property=\"og:title\" content=\"ANUNCIOS DEL INTENDENTE FRONTERA AL INAUGURAR LAS SESIONES ORDINARIAS - Apuntes de San Luis\" \/>\n<meta property=\"og:description\" content=\"La Vice intendenta Silvina Galetto presidi\u00f3 la Sesi\u00f3n de Apertura del Periodo Legislativo 2024 del...\" \/>\n<meta property=\"og:url\" content=\"https:\/\/apuntesdesanluis.com\/index.php\/2024\/03\/05\/anuncios-del-intendente-frontera-al-inaugurar-las-sesiones-ordinarias\/\" \/>\n<meta property=\"og:site_name\" content=\"Apuntes de San Luis\" \/>\n<meta property=\"article:published_time\" content=\"2024-03-05T23:01:37+00:00\" \/>\n<meta property=\"article:modified_time\" content=\"2024-03-05T23:06:58+00:00\" \/>\n<meta property=\"og:image\" content=\"https:\/\/apuntesdesanluis.com\/wp-content\/uploads\/2024\/03\/maxi-frontera.png\" \/>\n\t<meta property=\"og:image:width\" content=\"600\" \/>\n\t<meta property=\"og:image:height\" content=\"336\" \/>\n\t<meta property=\"og:image:type\" content=\"image\/png\" \/>\n<meta name=\"author\" content=\"apuntesdesanluis.com\" \/>\n<meta name=\"twitter:card\" content=\"summary_large_image\" \/>\n<meta name=\"twitter:label1\" content=\"Escrito por\" \/>\n\t<meta name=\"twitter:data1\" content=\"apuntesdesanluis.com\" \/>\n\t<meta name=\"twitter:label2\" content=\"Tiempo de lectura\" \/>\n\t<meta name=\"twitter:data2\" content=\"5 minutos\" \/>\n<script type=\"application\/ld+json\" class=\"yoast-schema-graph\">{\"@context\":\"https:\/\/schema.org\",\"@graph\":[{\"@type\":\"Article\",\"@id\":\"https:\/\/apuntesdesanluis.com\/index.php\/2024\/03\/05\/anuncios-del-intendente-frontera-al-inaugurar-las-sesiones-ordinarias\/#article\",\"isPartOf\":{\"@id\":\"https:\/\/apuntesdesanluis.com\/index.php\/2024\/03\/05\/anuncios-del-intendente-frontera-al-inaugurar-las-sesiones-ordinarias\/\"},\"author\":{\"name\":\"apuntesdesanluis.com\",\"@id\":\"https:\/\/apuntesdesanluis.com\/#\/schema\/person\/b55151d52296fcce64d1a72538a70b90\"},\"headline\":\"ANUNCIOS DEL INTENDENTE FRONTERA AL INAUGURAR LAS SESIONES ORDINARIAS\",\"datePublished\":\"2024-03-05T23:01:37+00:00\",\"dateModified\":\"2024-03-05T23:06:58+00:00\",\"mainEntityOfPage\":{\"@id\":\"https:\/\/apuntesdesanluis.com\/index.php\/2024\/03\/05\/anuncios-del-intendente-frontera-al-inaugurar-las-sesiones-ordinarias\/\"},\"wordCount\":844,\"publisher\":{\"@id\":\"https:\/\/apuntesdesanluis.com\/#\/schema\/person\/b55151d52296fcce64d1a72538a70b90\"},\"image\":{\"@id\":\"https:\/\/apuntesdesanluis.com\/index.php\/2024\/03\/05\/anuncios-del-intendente-frontera-al-inaugurar-las-sesiones-ordinarias\/#primaryimage\"},\"thumbnailUrl\":\"https:\/\/apuntesdesanluis.com\/wp-content\/uploads\/2024\/03\/maxi-frontera.png\",\"articleSection\":[\"Ciudad\/Provincia\"],\"inLanguage\":\"es-AR\"},{\"@type\":\"WebPage\",\"@id\":\"https:\/\/apuntesdesanluis.com\/index.php\/2024\/03\/05\/anuncios-del-intendente-frontera-al-inaugurar-las-sesiones-ordinarias\/\",\"url\":\"https:\/\/apuntesdesanluis.com\/index.php\/2024\/03\/05\/anuncios-del-intendente-frontera-al-inaugurar-las-sesiones-ordinarias\/\",\"name\":\"ANUNCIOS DEL INTENDENTE FRONTERA AL INAUGURAR LAS SESIONES ORDINARIAS - Apuntes de San Luis\",\"isPartOf\":{\"@id\":\"https:\/\/apuntesdesanluis.com\/#website\"},\"primaryImageOfPage\":{\"@id\":\"https:\/\/apuntesdesanluis.com\/index.php\/2024\/03\/05\/anuncios-del-intendente-frontera-al-inaugurar-las-sesiones-ordinarias\/#primaryimage\"},\"image\":{\"@id\":\"https:\/\/apuntesdesanluis.com\/index.php\/2024\/03\/05\/anuncios-del-intendente-frontera-al-inaugurar-las-sesiones-ordinarias\/#primaryimage\"},\"thumbnailUrl\":\"https:\/\/apuntesdesanluis.com\/wp-content\/uploads\/2024\/03\/maxi-frontera.png\",\"datePublished\":\"2024-03-05T23:01:37+00:00\",\"dateModified\":\"2024-03-05T23:06:58+00:00\",\"breadcrumb\":{\"@id\":\"https:\/\/apuntesdesanluis.com\/index.php\/2024\/03\/05\/anuncios-del-intendente-frontera-al-inaugurar-las-sesiones-ordinarias\/#breadcrumb\"},\"inLanguage\":\"es-AR\",\"potentialAction\":[{\"@type\":\"ReadAction\",\"target\":[\"https:\/\/apuntesdesanluis.com\/index.php\/2024\/03\/05\/anuncios-del-intendente-frontera-al-inaugurar-las-sesiones-ordinarias\/\"]}]},{\"@type\":\"ImageObject\",\"inLanguage\":\"es-AR\",\"@id\":\"https:\/\/apuntesdesanluis.com\/index.php\/2024\/03\/05\/anuncios-del-intendente-frontera-al-inaugurar-las-sesiones-ordinarias\/#primaryimage\",\"url\":\"https:\/\/apuntesdesanluis.com\/wp-content\/uploads\/2024\/03\/maxi-frontera.png\",\"contentUrl\":\"https:\/\/apuntesdesanluis.com\/wp-content\/uploads\/2024\/03\/maxi-frontera.png\",\"width\":600,\"height\":336},{\"@type\":\"BreadcrumbList\",\"@id\":\"https:\/\/apuntesdesanluis.com\/index.php\/2024\/03\/05\/anuncios-del-intendente-frontera-al-inaugurar-las-sesiones-ordinarias\/#breadcrumb\",\"itemListElement\":[{\"@type\":\"ListItem\",\"position\":1,\"name\":\"Inicio\",\"item\":\"https:\/\/apuntesdesanluis.com\/\"},{\"@type\":\"ListItem\",\"position\":2,\"name\":\"ANUNCIOS DEL INTENDENTE FRONTERA AL INAUGURAR LAS SESIONES ORDINARIAS\"}]},{\"@type\":\"WebSite\",\"@id\":\"https:\/\/apuntesdesanluis.com\/#website\",\"url\":\"https:\/\/apuntesdesanluis.com\/\",\"name\":\"Apuntes de San Luis\",\"description\":\"\",\"publisher\":{\"@id\":\"https:\/\/apuntesdesanluis.com\/#\/schema\/person\/b55151d52296fcce64d1a72538a70b90\"},\"potentialAction\":[{\"@type\":\"SearchAction\",\"target\":{\"@type\":\"EntryPoint\",\"urlTemplate\":\"https:\/\/apuntesdesanluis.com\/?s={search_term_string}\"},\"query-input\":{\"@type\":\"PropertyValueSpecification\",\"valueRequired\":true,\"valueName\":\"search_term_string\"}}],\"inLanguage\":\"es-AR\"},{\"@type\":[\"Person\",\"Organization\"],\"@id\":\"https:\/\/apuntesdesanluis.com\/#\/schema\/person\/b55151d52296fcce64d1a72538a70b90\",\"name\":\"apuntesdesanluis.com\",\"image\":{\"@type\":\"ImageObject\",\"inLanguage\":\"es-AR\",\"@id\":\"https:\/\/apuntesdesanluis.com\/#\/schema\/person\/image\/\",\"url\":\"https:\/\/apuntesdesanluis.com\/wp-content\/uploads\/2023\/07\/cropped-apuntesdesanluis.png\",\"contentUrl\":\"https:\/\/apuntesdesanluis.com\/wp-content\/uploads\/2023\/07\/cropped-apuntesdesanluis.png\",\"width\":450,\"height\":112,\"caption\":\"apuntesdesanluis.com\"},\"logo\":{\"@id\":\"https:\/\/apuntesdesanluis.com\/#\/schema\/person\/image\/\"},\"sameAs\":[\"https:\/\/apuntesdesanluis.com\"],\"url\":\"https:\/\/apuntesdesanluis.com\/index.php\/author\/apuntesdesanluis-com\/\"}]}<\/script>\n<!-- \/ Yoast SEO plugin. -->","yoast_head_json":{"title":"ANUNCIOS DEL INTENDENTE FRONTERA AL INAUGURAR LAS SESIONES ORDINARIAS - Apuntes de San Luis","robots":{"index":"index","follow":"follow","max-snippet":"max-snippet:-1","max-image-preview":"max-image-preview:large","max-video-preview":"max-video-preview:-1"},"canonical":"https:\/\/apuntesdesanluis.com\/index.php\/2024\/03\/05\/anuncios-del-intendente-frontera-al-inaugurar-las-sesiones-ordinarias\/","og_locale":"es_ES","og_type":"article","og_title":"ANUNCIOS DEL INTENDENTE FRONTERA AL INAUGURAR LAS SESIONES ORDINARIAS - Apuntes de San Luis","og_description":"La Vice intendenta Silvina Galetto presidi\u00f3 la Sesi\u00f3n de Apertura del Periodo Legislativo 2024 del...","og_url":"https:\/\/apuntesdesanluis.com\/index.php\/2024\/03\/05\/anuncios-del-intendente-frontera-al-inaugurar-las-sesiones-ordinarias\/","og_site_name":"Apuntes de San Luis","article_published_time":"2024-03-05T23:01:37+00:00","article_modified_time":"2024-03-05T23:06:58+00:00","og_image":[{"width":600,"height":336,"url":"https:\/\/apuntesdesanluis.com\/wp-content\/uploads\/2024\/03\/maxi-frontera.png","type":"image\/png"}],"author":"apuntesdesanluis.com","twitter_card":"summary_large_image","twitter_misc":{"Escrito por":"apuntesdesanluis.com","Tiempo de lectura":"5 minutos"},"schema":{"@context":"https:\/\/schema.org","@graph":[{"@type":"Article","@id":"https:\/\/apuntesdesanluis.com\/index.php\/2024\/03\/05\/anuncios-del-intendente-frontera-al-inaugurar-las-sesiones-ordinarias\/#article","isPartOf":{"@id":"https:\/\/apuntesdesanluis.com\/index.php\/2024\/03\/05\/anuncios-del-intendente-frontera-al-inaugurar-las-sesiones-ordinarias\/"},"author":{"name":"apuntesdesanluis.com","@id":"https:\/\/apuntesdesanluis.com\/#\/schema\/person\/b55151d52296fcce64d1a72538a70b90"},"headline":"ANUNCIOS DEL INTENDENTE FRONTERA AL INAUGURAR LAS SESIONES ORDINARIAS","datePublished":"2024-03-05T23:01:37+00:00","dateModified":"2024-03-05T23:06:58+00:00","mainEntityOfPage":{"@id":"https:\/\/apuntesdesanluis.com\/index.php\/2024\/03\/05\/anuncios-del-intendente-frontera-al-inaugurar-las-sesiones-ordinarias\/"},"wordCount":844,"publisher":{"@id":"https:\/\/apuntesdesanluis.com\/#\/schema\/person\/b55151d52296fcce64d1a72538a70b90"},"image":{"@id":"https:\/\/apuntesdesanluis.com\/index.php\/2024\/03\/05\/anuncios-del-intendente-frontera-al-inaugurar-las-sesiones-ordinarias\/#primaryimage"},"thumbnailUrl":"https:\/\/apuntesdesanluis.com\/wp-content\/uploads\/2024\/03\/maxi-frontera.png","articleSection":["Ciudad\/Provincia"],"inLanguage":"es-AR"},{"@type":"WebPage","@id":"https:\/\/apuntesdesanluis.com\/index.php\/2024\/03\/05\/anuncios-del-intendente-frontera-al-inaugurar-las-sesiones-ordinarias\/","url":"https:\/\/apuntesdesanluis.com\/index.php\/2024\/03\/05\/anuncios-del-intendente-frontera-al-inaugurar-las-sesiones-ordinarias\/","name":"ANUNCIOS DEL INTENDENTE FRONTERA AL INAUGURAR LAS SESIONES ORDINARIAS - Apuntes de San Luis","isPartOf":{"@id":"https:\/\/apuntesdesanluis.com\/#website"},"primaryImageOfPage":{"@id":"https:\/\/apuntesdesanluis.com\/index.php\/2024\/03\/05\/anuncios-del-intendente-frontera-al-inaugurar-las-sesiones-ordinarias\/#primaryimage"},"image":{"@id":"https:\/\/apuntesdesanluis.com\/index.php\/2024\/03\/05\/anuncios-del-intendente-frontera-al-inaugurar-las-sesiones-ordinarias\/#primaryimage"},"thumbnailUrl":"https:\/\/apuntesdesanluis.com\/wp-content\/uploads\/2024\/03\/maxi-frontera.png","datePublished":"2024-03-05T23:01:37+00:00","dateModified":"2024-03-05T23:06:58+00:00","breadcrumb":{"@id":"https:\/\/apuntesdesanluis.com\/index.php\/2024\/03\/05\/anuncios-del-intendente-frontera-al-inaugurar-las-sesiones-ordinarias\/#breadcrumb"},"inLanguage":"es-AR","potentialAction":[{"@type":"ReadAction","target":["https:\/\/apuntesdesanluis.com\/index.php\/2024\/03\/05\/anuncios-del-intendente-frontera-al-inaugurar-las-sesiones-ordinarias\/"]}]},{"@type":"ImageObject","inLanguage":"es-AR","@id":"https:\/\/apuntesdesanluis.com\/index.php\/2024\/03\/05\/anuncios-del-intendente-frontera-al-inaugurar-las-sesiones-ordinarias\/#primaryimage","url":"https:\/\/apuntesdesanluis.com\/wp-content\/uploads\/2024\/03\/maxi-frontera.png","contentUrl":"https:\/\/apuntesdesanluis.com\/wp-content\/uploads\/2024\/03\/maxi-frontera.png","width":600,"height":336},{"@type":"BreadcrumbList","@id":"https:\/\/apuntesdesanluis.com\/index.php\/2024\/03\/05\/anuncios-del-intendente-frontera-al-inaugurar-las-sesiones-ordinarias\/#breadcrumb","itemListElement":[{"@type":"ListItem","position":1,"name":"Inicio","item":"https:\/\/apuntesdesanluis.com\/"},{"@type":"ListItem","position":2,"name":"ANUNCIOS DEL INTENDENTE FRONTERA AL INAUGURAR LAS SESIONES ORDINARIAS"}]},{"@type":"WebSite","@id":"https:\/\/apuntesdesanluis.com\/#website","url":"https:\/\/apuntesdesanluis.com\/","name":"Apuntes de San Luis","description":"","publisher":{"@id":"https:\/\/apuntesdesanluis.com\/#\/schema\/person\/b55151d52296fcce64d1a72538a70b90"},"potentialAction":[{"@type":"SearchAction","target":{"@type":"EntryPoint","urlTemplate":"https:\/\/apuntesdesanluis.com\/?s={search_term_string}"},"query-input":{"@type":"PropertyValueSpecification","valueRequired":true,"valueName":"search_term_string"}}],"inLanguage":"es-AR"},{"@type":["Person","Organization"],"@id":"https:\/\/apuntesdesanluis.com\/#\/schema\/person\/b55151d52296fcce64d1a72538a70b90","name":"apuntesdesanluis.com","image":{"@type":"ImageObject","inLanguage":"es-AR","@id":"https:\/\/apuntesdesanluis.com\/#\/schema\/person\/image\/","url":"https:\/\/apuntesdesanluis.com\/wp-content\/uploads\/2023\/07\/cropped-apuntesdesanluis.png","contentUrl":"https:\/\/apuntesdesanluis.com\/wp-content\/uploads\/2023\/07\/cropped-apuntesdesanluis.png","width":450,"height":112,"caption":"apuntesdesanluis.com"},"logo":{"@id":"https:\/\/apuntesdesanluis.com\/#\/schema\/person\/image\/"},"sameAs":["https:\/\/apuntesdesanluis.com"],"url":"https:\/\/apuntesdesanluis.com\/index.php\/author\/apuntesdesanluis-com\/"}]}},"featured_image_urls":{"full":["https:\/\/apuntesdesanluis.com\/wp-content\/uploads\/2024\/03\/maxi-frontera.png",600,336,false],"thumbnail":["https:\/\/apuntesdesanluis.com\/wp-content\/uploads\/2024\/03\/maxi-frontera-150x150.png",150,150,true],"medium":["https:\/\/apuntesdesanluis.com\/wp-content\/uploads\/2024\/03\/maxi-frontera-300x168.png",300,168,true],"medium_large":["https:\/\/apuntesdesanluis.com\/wp-content\/uploads\/2024\/03\/maxi-frontera.png",600,336,false],"large":["https:\/\/apuntesdesanluis.com\/wp-content\/uploads\/2024\/03\/maxi-frontera.png",600,336,false],"1536x1536":["https:\/\/apuntesdesanluis.com\/wp-content\/uploads\/2024\/03\/maxi-frontera.png",600,336,false],"2048x2048":["https:\/\/apuntesdesanluis.com\/wp-content\/uploads\/2024\/03\/maxi-frontera.png",600,336,false],"newsever-slider-full":["https:\/\/apuntesdesanluis.com\/wp-content\/uploads\/2024\/03\/maxi-frontera.png",600,336,false],"newsever-featured":["https:\/\/apuntesdesanluis.com\/wp-content\/uploads\/2024\/03\/maxi-frontera.png",600,336,false],"newsever-medium":["https:\/\/apuntesdesanluis.com\/wp-content\/uploads\/2024\/03\/maxi-frontera.png",600,336,false]},"author_info":{"display_name":"apuntesdesanluis.com","author_link":"https:\/\/apuntesdesanluis.com\/index.php\/author\/apuntesdesanluis-com\/"},"category_info":"<a href=\"https:\/\/apuntesdesanluis.com\/index.php\/category\/ciudad-provincia\/\" rel=\"category tag\">Ciudad\/Provincia<\/a>","tag_info":"Ciudad\/Provincia","comment_count":"0","_links":{"self":[{"href":"https:\/\/apuntesdesanluis.com\/index.php\/wp-json\/wp\/v2\/posts\/12684","targetHints":{"allow":["GET"]}}],"collection":[{"href":"https:\/\/apuntesdesanluis.com\/index.php\/wp-json\/wp\/v2\/posts"}],"about":[{"href":"https:\/\/apuntesdesanluis.com\/index.php\/wp-json\/wp\/v2\/types\/post"}],"author":[{"embeddable":true,"href":"https:\/\/apuntesdesanluis.com\/index.php\/wp-json\/wp\/v2\/users\/1"}],"replies":[{"embeddable":true,"href":"https:\/\/apuntesdesanluis.com\/index.php\/wp-json\/wp\/v2\/comments?post=12684"}],"version-history":[{"count":4,"href":"https:\/\/apuntesdesanluis.com\/index.php\/wp-json\/wp\/v2\/posts\/12684\/revisions"}],"predecessor-version":[{"id":12694,"href":"https:\/\/apuntesdesanluis.com\/index.php\/wp-json\/wp\/v2\/posts\/12684\/revisions\/12694"}],"wp:featuredmedia":[{"embeddable":true,"href":"https:\/\/apuntesdesanluis.com\/index.php\/wp-json\/wp\/v2\/media\/12685"}],"wp:attachment":[{"href":"https:\/\/apuntesdesanluis.com\/index.php\/wp-json\/wp\/v2\/media?parent=12684"}],"wp:term":[{"taxonomy":"category","embeddable":true,"href":"https:\/\/apuntesdesanluis.com\/index.php\/wp-json\/wp\/v2\/categories?post=12684"},{"taxonomy":"post_tag","embeddable":true,"href":"https:\/\/apuntesdesanluis.com\/index.php\/wp-json\/wp\/v2\/tags?post=12684"}],"curies":[{"name":"wp","href":"https:\/\/api.w.org\/{rel}","templated":true}]}}