{"id":12700,"date":"2024-03-05T20:50:33","date_gmt":"2024-03-05T23:50:33","guid":{"rendered":"https:\/\/apuntesdesanluis.com\/?p=12700"},"modified":"2024-03-05T20:58:51","modified_gmt":"2024-03-05T23:58:51","slug":"el-frente-sindical-de-las-universidades-nacionales-convoco-a-parar-por-24-horas-el-14-de-marzo","status":"publish","type":"post","link":"https:\/\/apuntesdesanluis.com\/index.php\/2024\/03\/05\/el-frente-sindical-de-las-universidades-nacionales-convoco-a-parar-por-24-horas-el-14-de-marzo\/","title":{"rendered":"EL FRENTE SINDICAL DE LAS UNIVERSIDADES NACIONALES CONVOC\u00d3 A PARAR POR 24 HORAS EL 14 DE MARZO"},"content":{"rendered":"<h3>El <strong>Frente Sindical de las Universidades Nacionales<\/strong> se reuni\u00f3 este martes 5 para analizar la situaci\u00f3n de las trabajadoras y los trabajadores y de las propias instituciones universitarias, acordando que la profunda crisis salarial y presupuestaria exige una respuesta de \u201cunidad estrat\u00e9gica con un plan de acci\u00f3n nacional que encauce el malestar, los reclamos y sea eficaz para lograr los objetivos\u201d.<\/h3>\n<h3>En su pronunciamiento, agrega:<\/h3>\n<h3>\u201cLas trabajadoras y trabajadores de las universidades nacionales hemos perdido m\u00e1s de un 50 % del salario desde el mes de diciembre 2023. Por otra parte el Gobierno Nacional tergiversa el sentido b\u00e1sico de una paritaria y no ofrece las garant\u00edas m\u00ednimas de un espacio de negociaci\u00f3n que permita dar respuesta a nuestras demandas. Esta actitud en las paritarias es correlativa al ataque del Gobierno Nacional a las organizaciones sindicales y los derechos laborales. Es importante remarcar que la educaci\u00f3n es un derecho, no un servicio.<\/h3>\n<h3>El Frente convoca a un paro de 24 horas sin asistencia a los lugares de trabajo para el d\u00eda 14 de marzo con actividades de visibilizaci\u00f3n por todo el pa\u00eds, invitando a toda la comunidad universitaria y a la ciudadan\u00eda a participar de las diferentes actividades que se realizar\u00e1n.<\/h3>\n<h3>El Frente sostiene la necesidad de movilizar a lo largo y a lo ancho del pa\u00eds para defender el salario de las trabajadoras y los trabajadores de las universidades nacionales, los puestos de trabajo, las jubilaciones dignas, el derecho de las y los estudiantes a la educaci\u00f3n universitaria y preuniversitaria y de nuestro pueblo a contar con universidades p\u00fablicas que sean capaces de producir el conocimiento que permita resolver sus grandes problemas. En el mismo sentido, tambi\u00e9n considera fundamental comprometer a las legisladoras y legisladores a un gran debate de defensa y la elaboraci\u00f3n de las leyes que garanticen el funcionamiento de la universidad p\u00fablica.<\/h3>\n<h3>Exigimos la urgente convocatoria a paritarias libres por parte del Gobierno Nacional\u201d.<\/h3>\n<h3>Firman el comunicado:\u00a0<strong>CONADU Hist\u00f3rica \u2013 CONADU \u2013 FEDUN \u2013 FAGDUT \u2013 UDA \u2013 CTERA \u2013FATUN &#8211; (CTA Aut\u00f3noma, CTA de los Trabajadores, CGT)<\/strong><\/h3>\n<p>&nbsp;<\/p>\n<p>&nbsp;<\/p>\n<p>&nbsp;<\/p>\n<p>&nbsp;<\/p>\n<p>&nbsp;<\/p>\n<p>&nbsp;<\/p>\n","protected":false},"excerpt":{"rendered":"<p>El Frente Sindical de las Universidades Nacionales se reuni\u00f3 este martes 5 para analizar la&#8230;<\/p>\n","protected":false},"author":1,"featured_media":12701,"comment_status":"closed","ping_status":"closed","sticky":false,"template":"","format":"standard","meta":{"footnotes":""},"categories":[5],"tags":[],"class_list":["post-12700","post","type-post","status-publish","format-standard","has-post-thumbnail","hentry","category-nacionales-internacionales"],"yoast_head":"<!-- This site is optimized with the Yoast SEO plugin v26.1.1 - https:\/\/yoast.com\/wordpress\/plugins\/seo\/ -->\n<title>EL FRENTE SINDICAL DE LAS UNIVERSIDADES NACIONALES CONVOC\u00d3 A PARAR POR 24 HORAS EL 14 DE MARZO - Apuntes de San Luis<\/title>\n<meta name=\"robots\" content=\"index, follow, max-snippet:-1, max-image-preview:large, max-video-preview:-1\" \/>\n<link rel=\"canonical\" href=\"https:\/\/apuntesdesanluis.com\/index.php\/2024\/03\/05\/el-frente-sindical-de-las-universidades-nacionales-convoco-a-parar-por-24-horas-el-14-de-marzo\/\" \/>\n<meta property=\"og:locale\" content=\"es_ES\" \/>\n<meta property=\"og:type\" content=\"article\" \/>\n<meta property=\"og:title\" content=\"EL FRENTE SINDICAL DE LAS UNIVERSIDADES NACIONALES CONVOC\u00d3 A PARAR POR 24 HORAS EL 14 DE MARZO - Apuntes de San Luis\" \/>\n<meta property=\"og:description\" content=\"El Frente Sindical de las Universidades Nacionales se reuni\u00f3 este martes 5 para analizar la...\" \/>\n<meta property=\"og:url\" content=\"https:\/\/apuntesdesanluis.com\/index.php\/2024\/03\/05\/el-frente-sindical-de-las-universidades-nacionales-convoco-a-parar-por-24-horas-el-14-de-marzo\/\" \/>\n<meta property=\"og:site_name\" content=\"Apuntes de San Luis\" \/>\n<meta property=\"article:published_time\" content=\"2024-03-05T23:50:33+00:00\" \/>\n<meta property=\"article:modified_time\" content=\"2024-03-05T23:58:51+00:00\" \/>\n<meta property=\"og:image\" content=\"https:\/\/apuntesdesanluis.com\/wp-content\/uploads\/2024\/03\/frente-sindical-universitario.png\" \/>\n\t<meta property=\"og:image:width\" content=\"590\" \/>\n\t<meta property=\"og:image:height\" content=\"367\" \/>\n\t<meta property=\"og:image:type\" content=\"image\/png\" \/>\n<meta name=\"author\" content=\"apuntesdesanluis.com\" \/>\n<meta name=\"twitter:card\" content=\"summary_large_image\" \/>\n<meta name=\"twitter:label1\" content=\"Escrito por\" \/>\n\t<meta name=\"twitter:data1\" content=\"apuntesdesanluis.com\" \/>\n\t<meta name=\"twitter:label2\" content=\"Tiempo de lectura\" \/>\n\t<meta name=\"twitter:data2\" content=\"2 minutos\" \/>\n<script type=\"application\/ld+json\" class=\"yoast-schema-graph\">{\"@context\":\"https:\/\/schema.org\",\"@graph\":[{\"@type\":\"Article\",\"@id\":\"https:\/\/apuntesdesanluis.com\/index.php\/2024\/03\/05\/el-frente-sindical-de-las-universidades-nacionales-convoco-a-parar-por-24-horas-el-14-de-marzo\/#article\",\"isPartOf\":{\"@id\":\"https:\/\/apuntesdesanluis.com\/index.php\/2024\/03\/05\/el-frente-sindical-de-las-universidades-nacionales-convoco-a-parar-por-24-horas-el-14-de-marzo\/\"},\"author\":{\"name\":\"apuntesdesanluis.com\",\"@id\":\"https:\/\/apuntesdesanluis.com\/#\/schema\/person\/b55151d52296fcce64d1a72538a70b90\"},\"headline\":\"EL FRENTE SINDICAL DE LAS UNIVERSIDADES NACIONALES CONVOC\u00d3 A PARAR POR 24 HORAS EL 14 DE MARZO\",\"datePublished\":\"2024-03-05T23:50:33+00:00\",\"dateModified\":\"2024-03-05T23:58:51+00:00\",\"mainEntityOfPage\":{\"@id\":\"https:\/\/apuntesdesanluis.com\/index.php\/2024\/03\/05\/el-frente-sindical-de-las-universidades-nacionales-convoco-a-parar-por-24-horas-el-14-de-marzo\/\"},\"wordCount\":373,\"publisher\":{\"@id\":\"https:\/\/apuntesdesanluis.com\/#\/schema\/person\/b55151d52296fcce64d1a72538a70b90\"},\"image\":{\"@id\":\"https:\/\/apuntesdesanluis.com\/index.php\/2024\/03\/05\/el-frente-sindical-de-las-universidades-nacionales-convoco-a-parar-por-24-horas-el-14-de-marzo\/#primaryimage\"},\"thumbnailUrl\":\"https:\/\/apuntesdesanluis.com\/wp-content\/uploads\/2024\/03\/frente-sindical-universitario.png\",\"articleSection\":[\"Nacionales\/Internacionales\"],\"inLanguage\":\"es-AR\"},{\"@type\":\"WebPage\",\"@id\":\"https:\/\/apuntesdesanluis.com\/index.php\/2024\/03\/05\/el-frente-sindical-de-las-universidades-nacionales-convoco-a-parar-por-24-horas-el-14-de-marzo\/\",\"url\":\"https:\/\/apuntesdesanluis.com\/index.php\/2024\/03\/05\/el-frente-sindical-de-las-universidades-nacionales-convoco-a-parar-por-24-horas-el-14-de-marzo\/\",\"name\":\"EL FRENTE SINDICAL DE LAS UNIVERSIDADES NACIONALES CONVOC\u00d3 A PARAR POR 24 HORAS EL 14 DE MARZO - Apuntes de San Luis\",\"isPartOf\":{\"@id\":\"https:\/\/apuntesdesanluis.com\/#website\"},\"primaryImageOfPage\":{\"@id\":\"https:\/\/apuntesdesanluis.com\/index.php\/2024\/03\/05\/el-frente-sindical-de-las-universidades-nacionales-convoco-a-parar-por-24-horas-el-14-de-marzo\/#primaryimage\"},\"image\":{\"@id\":\"https:\/\/apuntesdesanluis.com\/index.php\/2024\/03\/05\/el-frente-sindical-de-las-universidades-nacionales-convoco-a-parar-por-24-horas-el-14-de-marzo\/#primaryimage\"},\"thumbnailUrl\":\"https:\/\/apuntesdesanluis.com\/wp-content\/uploads\/2024\/03\/frente-sindical-universitario.png\",\"datePublished\":\"2024-03-05T23:50:33+00:00\",\"dateModified\":\"2024-03-05T23:58:51+00:00\",\"breadcrumb\":{\"@id\":\"https:\/\/apuntesdesanluis.com\/index.php\/2024\/03\/05\/el-frente-sindical-de-las-universidades-nacionales-convoco-a-parar-por-24-horas-el-14-de-marzo\/#breadcrumb\"},\"inLanguage\":\"es-AR\",\"potentialAction\":[{\"@type\":\"ReadAction\",\"target\":[\"https:\/\/apuntesdesanluis.com\/index.php\/2024\/03\/05\/el-frente-sindical-de-las-universidades-nacionales-convoco-a-parar-por-24-horas-el-14-de-marzo\/\"]}]},{\"@type\":\"ImageObject\",\"inLanguage\":\"es-AR\",\"@id\":\"https:\/\/apuntesdesanluis.com\/index.php\/2024\/03\/05\/el-frente-sindical-de-las-universidades-nacionales-convoco-a-parar-por-24-horas-el-14-de-marzo\/#primaryimage\",\"url\":\"https:\/\/apuntesdesanluis.com\/wp-content\/uploads\/2024\/03\/frente-sindical-universitario.png\",\"contentUrl\":\"https:\/\/apuntesdesanluis.com\/wp-content\/uploads\/2024\/03\/frente-sindical-universitario.png\",\"width\":590,\"height\":367},{\"@type\":\"BreadcrumbList\",\"@id\":\"https:\/\/apuntesdesanluis.com\/index.php\/2024\/03\/05\/el-frente-sindical-de-las-universidades-nacionales-convoco-a-parar-por-24-horas-el-14-de-marzo\/#breadcrumb\",\"itemListElement\":[{\"@type\":\"ListItem\",\"position\":1,\"name\":\"Inicio\",\"item\":\"https:\/\/apuntesdesanluis.com\/\"},{\"@type\":\"ListItem\",\"position\":2,\"name\":\"EL FRENTE SINDICAL DE LAS UNIVERSIDADES NACIONALES CONVOC\u00d3 A PARAR POR 24 HORAS EL 14 DE MARZO\"}]},{\"@type\":\"WebSite\",\"@id\":\"https:\/\/apuntesdesanluis.com\/#website\",\"url\":\"https:\/\/apuntesdesanluis.com\/\",\"name\":\"Apuntes de San Luis\",\"description\":\"\",\"publisher\":{\"@id\":\"https:\/\/apuntesdesanluis.com\/#\/schema\/person\/b55151d52296fcce64d1a72538a70b90\"},\"potentialAction\":[{\"@type\":\"SearchAction\",\"target\":{\"@type\":\"EntryPoint\",\"urlTemplate\":\"https:\/\/apuntesdesanluis.com\/?s={search_term_string}\"},\"query-input\":{\"@type\":\"PropertyValueSpecification\",\"valueRequired\":true,\"valueName\":\"search_term_string\"}}],\"inLanguage\":\"es-AR\"},{\"@type\":[\"Person\",\"Organization\"],\"@id\":\"https:\/\/apuntesdesanluis.com\/#\/schema\/person\/b55151d52296fcce64d1a72538a70b90\",\"name\":\"apuntesdesanluis.com\",\"image\":{\"@type\":\"ImageObject\",\"inLanguage\":\"es-AR\",\"@id\":\"https:\/\/apuntesdesanluis.com\/#\/schema\/person\/image\/\",\"url\":\"https:\/\/apuntesdesanluis.com\/wp-content\/uploads\/2023\/07\/cropped-apuntesdesanluis.png\",\"contentUrl\":\"https:\/\/apuntesdesanluis.com\/wp-content\/uploads\/2023\/07\/cropped-apuntesdesanluis.png\",\"width\":450,\"height\":112,\"caption\":\"apuntesdesanluis.com\"},\"logo\":{\"@id\":\"https:\/\/apuntesdesanluis.com\/#\/schema\/person\/image\/\"},\"sameAs\":[\"https:\/\/apuntesdesanluis.com\"],\"url\":\"https:\/\/apuntesdesanluis.com\/index.php\/author\/apuntesdesanluis-com\/\"}]}<\/script>\n<!-- \/ Yoast SEO plugin. -->","yoast_head_json":{"title":"EL FRENTE SINDICAL DE LAS UNIVERSIDADES NACIONALES CONVOC\u00d3 A PARAR POR 24 HORAS EL 14 DE MARZO - Apuntes de San Luis","robots":{"index":"index","follow":"follow","max-snippet":"max-snippet:-1","max-image-preview":"max-image-preview:large","max-video-preview":"max-video-preview:-1"},"canonical":"https:\/\/apuntesdesanluis.com\/index.php\/2024\/03\/05\/el-frente-sindical-de-las-universidades-nacionales-convoco-a-parar-por-24-horas-el-14-de-marzo\/","og_locale":"es_ES","og_type":"article","og_title":"EL FRENTE SINDICAL DE LAS UNIVERSIDADES NACIONALES CONVOC\u00d3 A PARAR POR 24 HORAS EL 14 DE MARZO - Apuntes de San Luis","og_description":"El Frente Sindical de las Universidades Nacionales se reuni\u00f3 este martes 5 para analizar la...","og_url":"https:\/\/apuntesdesanluis.com\/index.php\/2024\/03\/05\/el-frente-sindical-de-las-universidades-nacionales-convoco-a-parar-por-24-horas-el-14-de-marzo\/","og_site_name":"Apuntes de San Luis","article_published_time":"2024-03-05T23:50:33+00:00","article_modified_time":"2024-03-05T23:58:51+00:00","og_image":[{"width":590,"height":367,"url":"https:\/\/apuntesdesanluis.com\/wp-content\/uploads\/2024\/03\/frente-sindical-universitario.png","type":"image\/png"}],"author":"apuntesdesanluis.com","twitter_card":"summary_large_image","twitter_misc":{"Escrito por":"apuntesdesanluis.com","Tiempo de lectura":"2 minutos"},"schema":{"@context":"https:\/\/schema.org","@graph":[{"@type":"Article","@id":"https:\/\/apuntesdesanluis.com\/index.php\/2024\/03\/05\/el-frente-sindical-de-las-universidades-nacionales-convoco-a-parar-por-24-horas-el-14-de-marzo\/#article","isPartOf":{"@id":"https:\/\/apuntesdesanluis.com\/index.php\/2024\/03\/05\/el-frente-sindical-de-las-universidades-nacionales-convoco-a-parar-por-24-horas-el-14-de-marzo\/"},"author":{"name":"apuntesdesanluis.com","@id":"https:\/\/apuntesdesanluis.com\/#\/schema\/person\/b55151d52296fcce64d1a72538a70b90"},"headline":"EL FRENTE SINDICAL DE LAS UNIVERSIDADES NACIONALES CONVOC\u00d3 A PARAR POR 24 HORAS EL 14 DE MARZO","datePublished":"2024-03-05T23:50:33+00:00","dateModified":"2024-03-05T23:58:51+00:00","mainEntityOfPage":{"@id":"https:\/\/apuntesdesanluis.com\/index.php\/2024\/03\/05\/el-frente-sindical-de-las-universidades-nacionales-convoco-a-parar-por-24-horas-el-14-de-marzo\/"},"wordCount":373,"publisher":{"@id":"https:\/\/apuntesdesanluis.com\/#\/schema\/person\/b55151d52296fcce64d1a72538a70b90"},"image":{"@id":"https:\/\/apuntesdesanluis.com\/index.php\/2024\/03\/05\/el-frente-sindical-de-las-universidades-nacionales-convoco-a-parar-por-24-horas-el-14-de-marzo\/#primaryimage"},"thumbnailUrl":"https:\/\/apuntesdesanluis.com\/wp-content\/uploads\/2024\/03\/frente-sindical-universitario.png","articleSection":["Nacionales\/Internacionales"],"inLanguage":"es-AR"},{"@type":"WebPage","@id":"https:\/\/apuntesdesanluis.com\/index.php\/2024\/03\/05\/el-frente-sindical-de-las-universidades-nacionales-convoco-a-parar-por-24-horas-el-14-de-marzo\/","url":"https:\/\/apuntesdesanluis.com\/index.php\/2024\/03\/05\/el-frente-sindical-de-las-universidades-nacionales-convoco-a-parar-por-24-horas-el-14-de-marzo\/","name":"EL FRENTE SINDICAL DE LAS UNIVERSIDADES NACIONALES CONVOC\u00d3 A PARAR POR 24 HORAS EL 14 DE MARZO - Apuntes de San Luis","isPartOf":{"@id":"https:\/\/apuntesdesanluis.com\/#website"},"primaryImageOfPage":{"@id":"https:\/\/apuntesdesanluis.com\/index.php\/2024\/03\/05\/el-frente-sindical-de-las-universidades-nacionales-convoco-a-parar-por-24-horas-el-14-de-marzo\/#primaryimage"},"image":{"@id":"https:\/\/apuntesdesanluis.com\/index.php\/2024\/03\/05\/el-frente-sindical-de-las-universidades-nacionales-convoco-a-parar-por-24-horas-el-14-de-marzo\/#primaryimage"},"thumbnailUrl":"https:\/\/apuntesdesanluis.com\/wp-content\/uploads\/2024\/03\/frente-sindical-universitario.png","datePublished":"2024-03-05T23:50:33+00:00","dateModified":"2024-03-05T23:58:51+00:00","breadcrumb":{"@id":"https:\/\/apuntesdesanluis.com\/index.php\/2024\/03\/05\/el-frente-sindical-de-las-universidades-nacionales-convoco-a-parar-por-24-horas-el-14-de-marzo\/#breadcrumb"},"inLanguage":"es-AR","potentialAction":[{"@type":"ReadAction","target":["https:\/\/apuntesdesanluis.com\/index.php\/2024\/03\/05\/el-frente-sindical-de-las-universidades-nacionales-convoco-a-parar-por-24-horas-el-14-de-marzo\/"]}]},{"@type":"ImageObject","inLanguage":"es-AR","@id":"https:\/\/apuntesdesanluis.com\/index.php\/2024\/03\/05\/el-frente-sindical-de-las-universidades-nacionales-convoco-a-parar-por-24-horas-el-14-de-marzo\/#primaryimage","url":"https:\/\/apuntesdesanluis.com\/wp-content\/uploads\/2024\/03\/frente-sindical-universitario.png","contentUrl":"https:\/\/apuntesdesanluis.com\/wp-content\/uploads\/2024\/03\/frente-sindical-universitario.png","width":590,"height":367},{"@type":"BreadcrumbList","@id":"https:\/\/apuntesdesanluis.com\/index.php\/2024\/03\/05\/el-frente-sindical-de-las-universidades-nacionales-convoco-a-parar-por-24-horas-el-14-de-marzo\/#breadcrumb","itemListElement":[{"@type":"ListItem","position":1,"name":"Inicio","item":"https:\/\/apuntesdesanluis.com\/"},{"@type":"ListItem","position":2,"name":"EL FRENTE SINDICAL DE LAS UNIVERSIDADES NACIONALES CONVOC\u00d3 A PARAR POR 24 HORAS EL 14 DE MARZO"}]},{"@type":"WebSite","@id":"https:\/\/apuntesdesanluis.com\/#website","url":"https:\/\/apuntesdesanluis.com\/","name":"Apuntes de San Luis","description":"","publisher":{"@id":"https:\/\/apuntesdesanluis.com\/#\/schema\/person\/b55151d52296fcce64d1a72538a70b90"},"potentialAction":[{"@type":"SearchAction","target":{"@type":"EntryPoint","urlTemplate":"https:\/\/apuntesdesanluis.com\/?s={search_term_string}"},"query-input":{"@type":"PropertyValueSpecification","valueRequired":true,"valueName":"search_term_string"}}],"inLanguage":"es-AR"},{"@type":["Person","Organization"],"@id":"https:\/\/apuntesdesanluis.com\/#\/schema\/person\/b55151d52296fcce64d1a72538a70b90","name":"apuntesdesanluis.com","image":{"@type":"ImageObject","inLanguage":"es-AR","@id":"https:\/\/apuntesdesanluis.com\/#\/schema\/person\/image\/","url":"https:\/\/apuntesdesanluis.com\/wp-content\/uploads\/2023\/07\/cropped-apuntesdesanluis.png","contentUrl":"https:\/\/apuntesdesanluis.com\/wp-content\/uploads\/2023\/07\/cropped-apuntesdesanluis.png","width":450,"height":112,"caption":"apuntesdesanluis.com"},"logo":{"@id":"https:\/\/apuntesdesanluis.com\/#\/schema\/person\/image\/"},"sameAs":["https:\/\/apuntesdesanluis.com"],"url":"https:\/\/apuntesdesanluis.com\/index.php\/author\/apuntesdesanluis-com\/"}]}},"featured_image_urls":{"full":["https:\/\/apuntesdesanluis.com\/wp-content\/uploads\/2024\/03\/frente-sindical-universitario.png",590,367,false],"thumbnail":["https:\/\/apuntesdesanluis.com\/wp-content\/uploads\/2024\/03\/frente-sindical-universitario-150x150.png",150,150,true],"medium":["https:\/\/apuntesdesanluis.com\/wp-content\/uploads\/2024\/03\/frente-sindical-universitario-300x187.png",300,187,true],"medium_large":["https:\/\/apuntesdesanluis.com\/wp-content\/uploads\/2024\/03\/frente-sindical-universitario.png",590,367,false],"large":["https:\/\/apuntesdesanluis.com\/wp-content\/uploads\/2024\/03\/frente-sindical-universitario.png",590,367,false],"1536x1536":["https:\/\/apuntesdesanluis.com\/wp-content\/uploads\/2024\/03\/frente-sindical-universitario.png",590,367,false],"2048x2048":["https:\/\/apuntesdesanluis.com\/wp-content\/uploads\/2024\/03\/frente-sindical-universitario.png",590,367,false],"newsever-slider-full":["https:\/\/apuntesdesanluis.com\/wp-content\/uploads\/2024\/03\/frente-sindical-universitario.png",590,367,false],"newsever-featured":["https:\/\/apuntesdesanluis.com\/wp-content\/uploads\/2024\/03\/frente-sindical-universitario.png",590,367,false],"newsever-medium":["https:\/\/apuntesdesanluis.com\/wp-content\/uploads\/2024\/03\/frente-sindical-universitario.png",590,367,false]},"author_info":{"display_name":"apuntesdesanluis.com","author_link":"https:\/\/apuntesdesanluis.com\/index.php\/author\/apuntesdesanluis-com\/"},"category_info":"<a href=\"https:\/\/apuntesdesanluis.com\/index.php\/category\/nacionales-internacionales\/\" rel=\"category tag\">Nacionales\/Internacionales<\/a>","tag_info":"Nacionales\/Internacionales","comment_count":"0","_links":{"self":[{"href":"https:\/\/apuntesdesanluis.com\/index.php\/wp-json\/wp\/v2\/posts\/12700","targetHints":{"allow":["GET"]}}],"collection":[{"href":"https:\/\/apuntesdesanluis.com\/index.php\/wp-json\/wp\/v2\/posts"}],"about":[{"href":"https:\/\/apuntesdesanluis.com\/index.php\/wp-json\/wp\/v2\/types\/post"}],"author":[{"embeddable":true,"href":"https:\/\/apuntesdesanluis.com\/index.php\/wp-json\/wp\/v2\/users\/1"}],"replies":[{"embeddable":true,"href":"https:\/\/apuntesdesanluis.com\/index.php\/wp-json\/wp\/v2\/comments?post=12700"}],"version-history":[{"count":2,"href":"https:\/\/apuntesdesanluis.com\/index.php\/wp-json\/wp\/v2\/posts\/12700\/revisions"}],"predecessor-version":[{"id":12703,"href":"https:\/\/apuntesdesanluis.com\/index.php\/wp-json\/wp\/v2\/posts\/12700\/revisions\/12703"}],"wp:featuredmedia":[{"embeddable":true,"href":"https:\/\/apuntesdesanluis.com\/index.php\/wp-json\/wp\/v2\/media\/12701"}],"wp:attachment":[{"href":"https:\/\/apuntesdesanluis.com\/index.php\/wp-json\/wp\/v2\/media?parent=12700"}],"wp:term":[{"taxonomy":"category","embeddable":true,"href":"https:\/\/apuntesdesanluis.com\/index.php\/wp-json\/wp\/v2\/categories?post=12700"},{"taxonomy":"post_tag","embeddable":true,"href":"https:\/\/apuntesdesanluis.com\/index.php\/wp-json\/wp\/v2\/tags?post=12700"}],"curies":[{"name":"wp","href":"https:\/\/api.w.org\/{rel}","templated":true}]}}