{"id":12707,"date":"2024-03-05T22:09:34","date_gmt":"2024-03-06T01:09:34","guid":{"rendered":"https:\/\/apuntesdesanluis.com\/?p=12707"},"modified":"2024-03-05T22:09:34","modified_gmt":"2024-03-06T01:09:34","slug":"al-final-habra-dos-o-tres-reuniones-con-gobernadores-en-grupos-la-primera-el-viernes","status":"publish","type":"post","link":"https:\/\/apuntesdesanluis.com\/index.php\/2024\/03\/05\/al-final-habra-dos-o-tres-reuniones-con-gobernadores-en-grupos-la-primera-el-viernes\/","title":{"rendered":"AL FINAL, HABR\u00c1 DOS O TRES REUNIONES CON GOBERNADORES, EN GRUPOS: LA PRIMERA, EL VIERNES"},"content":{"rendered":"<h3>El Gobierno confirm\u00f3 que finalmente la reuni\u00f3n con los gobernadores del pr\u00f3ximo viernes no ser\u00e1 la \u00fanica, ya que hay algunos que no podr\u00e1n concurrir ese d\u00eda, por lo cual estiman que habr\u00e1 dos o tres encuentros con distintos grupos de mandatarios provinciales, con intenci\u00f3n de construir los acuerdos necesarios en la previa al Pacto de Mayo.<\/h3>\n<h3>&#8220;No es la idea una reuni\u00f3n con todos los gobernadores porque hay algunos que est\u00e1n fuera del pa\u00eds, hay dos que est\u00e1n en Canad\u00e1. Seguramente habr\u00e1 dos o tres reuniones con todos los dispuestos a venir. Hay algunos que dijeron que no quieren venir. As\u00ed que la primera ser\u00e1 el viernes y habr\u00e1 otra el lunes o martes&#8221;, detall\u00f3 el ministro del Interior, Guillermo Francos, en di\u00e1logo con LN+.<\/h3>\n<h3>Sobre estas reuniones el funcionario agreg\u00f3: &#8220;Vamos a plantear un camino hacia el 25 de mayo con principios b\u00e1sicos para cambiar la econom\u00eda de la Argentina. hay temas pendientes como la Ley Bases y el acuerdo fiscal para solucionar los problemas que tienen las provincias&#8221;. La primera ser\u00e1 este viernes en Casa Rosada con horario a\u00fan por confirmar.<\/h3>\n<h3>Los gobernadores de Mendoza, Alfredo Cornejo, y de San Juan, Marcelo Orrego, son los que se encuentran en Canad\u00e1 participando de una cumbre minera y hab\u00edan manifestado su intenci\u00f3n de concurrir a la convocatoria de la gesti\u00f3n de Javier Milei, por lo cual ir\u00edan a la reuni\u00f3n de la semana pr\u00f3xima.<\/h3>\n<h3>La principal finalidad del Gobierno, adem\u00e1s de los 10 puntos del Pacto de Mayo, es volver a la carga con la Ley \u00d3mnibus, la original, incluso con el paquete fiscal que fue eliminado en su oportunidad por discrepancia en algunos puntos con los mandatarios provinciales.<\/h3>\n<h3>Al respecto, Francos, anticip\u00f3 que &#8220;es imposible no considerar los temas de la Ley de Bases porque se trata de generar muchas de las normas previstas en la ley&#8221;.<\/h3>\n<h3>En la misma l\u00ednea, el ministro con v\u00ednculo con las provincias revel\u00f3 que el Gobierno trabaja sobre la el proyecto original que fue enviado al Congreso, y plante\u00f3 que durante su tratamiento &#8220;hubo mucha confusi\u00f3n de varios legisladores y gobernadores&#8221;.<\/h3>\n<h3>&#8220;Tal vez lo han entendido mejor y tienen la intenci\u00f3n es sacar la Ley. Hay que ir con \u00e1nimo de buscar puntos de acuerdo y de coincidencia&#8221;, indic\u00f3.<\/h3>\n<h3>El pasado lunes, el jefe de Gabinete, Nicol\u00e1s Posse, encabez\u00f3 junto a los ministros Guillermo Francos (Interior) y Luis &#8220;Toto&#8221; Caputo (Econom\u00eda) una reuni\u00f3n para definir la convocatoria a los gobernadores que finalmente tendr\u00e1 lugar el viernes.<\/h3>\n<h3>Al t\u00e9rmino, la Oficina del Presidente public\u00f3 a trav\u00e9s de su cuenta de X, ex Twitter que &#8220;el Gobierno Nacional sostiene su compromiso de di\u00e1logo con los 23 gobernadores y el Jefe de Gobierno de la Ciudad Aut\u00f3noma de Buenos Aires en busca de los acuerdos necesarios para abandonar las recetas del fracaso y retomar la senda de la prosperidad, el crecimiento y el desarrollo de nuestra Patria&#8221;.<\/h3>\n<h3>La idea de reunir a los representantes de las provincias es poder abordar el abanico de temas que implican las reformas, el pacto fiscal y el horizonte en pol\u00edticas de Estado que intente implementar el Gobierno para evitar malos entendidos con los gobernadores. Por etapas, Francos los recibir\u00e1 y mantendr\u00e1 una primera charla, y a posterior, se sumar\u00e1 el mandatario.<\/h3>\n<h3>Entre los puntos del temario se discutir\u00e1 el restablecimiento y la distribuci\u00f3n de impuestos como el Pa\u00eds y a las Ganancias, a cambio del pedido de apoyo a los proyectos de ley que env\u00eden la administraci\u00f3n libertaria.<\/h3>\n<p>&nbsp;<\/p>\n<p>&nbsp;<\/p>\n<p>&nbsp;<\/p>\n<h3><\/h3>\n<p>&nbsp;<\/p>\n<p>&nbsp;<\/p>\n","protected":false},"excerpt":{"rendered":"<p>El Gobierno confirm\u00f3 que finalmente la reuni\u00f3n con los gobernadores del pr\u00f3ximo viernes no ser\u00e1&#8230;<\/p>\n","protected":false},"author":1,"featured_media":12714,"comment_status":"closed","ping_status":"closed","sticky":false,"template":"","format":"standard","meta":{"footnotes":""},"categories":[5],"tags":[],"class_list":["post-12707","post","type-post","status-publish","format-standard","has-post-thumbnail","hentry","category-nacionales-internacionales"],"yoast_head":"<!-- This site is optimized with the Yoast SEO plugin v26.1.1 - https:\/\/yoast.com\/wordpress\/plugins\/seo\/ -->\n<title>AL FINAL, HABR\u00c1 DOS O TRES REUNIONES CON GOBERNADORES, EN GRUPOS: LA PRIMERA, EL VIERNES - Apuntes de San Luis<\/title>\n<meta name=\"robots\" content=\"index, follow, max-snippet:-1, max-image-preview:large, max-video-preview:-1\" \/>\n<link rel=\"canonical\" href=\"https:\/\/apuntesdesanluis.com\/index.php\/2024\/03\/05\/al-final-habra-dos-o-tres-reuniones-con-gobernadores-en-grupos-la-primera-el-viernes\/\" \/>\n<meta property=\"og:locale\" content=\"es_ES\" \/>\n<meta property=\"og:type\" content=\"article\" \/>\n<meta property=\"og:title\" content=\"AL FINAL, HABR\u00c1 DOS O TRES REUNIONES CON GOBERNADORES, EN GRUPOS: LA PRIMERA, EL VIERNES - Apuntes de San Luis\" \/>\n<meta property=\"og:description\" content=\"El Gobierno confirm\u00f3 que finalmente la reuni\u00f3n con los gobernadores del pr\u00f3ximo viernes no ser\u00e1...\" \/>\n<meta property=\"og:url\" content=\"https:\/\/apuntesdesanluis.com\/index.php\/2024\/03\/05\/al-final-habra-dos-o-tres-reuniones-con-gobernadores-en-grupos-la-primera-el-viernes\/\" \/>\n<meta property=\"og:site_name\" content=\"Apuntes de San Luis\" \/>\n<meta property=\"article:published_time\" content=\"2024-03-06T01:09:34+00:00\" \/>\n<meta property=\"og:image\" content=\"https:\/\/apuntesdesanluis.com\/wp-content\/uploads\/2024\/03\/CAPUTO-POSEE-Y-FRAN-COS.png\" \/>\n\t<meta property=\"og:image:width\" content=\"698\" \/>\n\t<meta property=\"og:image:height\" content=\"417\" \/>\n\t<meta property=\"og:image:type\" content=\"image\/png\" \/>\n<meta name=\"author\" content=\"apuntesdesanluis.com\" \/>\n<meta name=\"twitter:card\" content=\"summary_large_image\" \/>\n<meta name=\"twitter:label1\" content=\"Escrito por\" \/>\n\t<meta name=\"twitter:data1\" content=\"apuntesdesanluis.com\" \/>\n\t<meta name=\"twitter:label2\" content=\"Tiempo de lectura\" \/>\n\t<meta name=\"twitter:data2\" content=\"3 minutos\" \/>\n<script type=\"application\/ld+json\" class=\"yoast-schema-graph\">{\"@context\":\"https:\/\/schema.org\",\"@graph\":[{\"@type\":\"Article\",\"@id\":\"https:\/\/apuntesdesanluis.com\/index.php\/2024\/03\/05\/al-final-habra-dos-o-tres-reuniones-con-gobernadores-en-grupos-la-primera-el-viernes\/#article\",\"isPartOf\":{\"@id\":\"https:\/\/apuntesdesanluis.com\/index.php\/2024\/03\/05\/al-final-habra-dos-o-tres-reuniones-con-gobernadores-en-grupos-la-primera-el-viernes\/\"},\"author\":{\"name\":\"apuntesdesanluis.com\",\"@id\":\"https:\/\/apuntesdesanluis.com\/#\/schema\/person\/b55151d52296fcce64d1a72538a70b90\"},\"headline\":\"AL FINAL, HABR\u00c1 DOS O TRES REUNIONES CON GOBERNADORES, EN GRUPOS: LA PRIMERA, EL VIERNES\",\"datePublished\":\"2024-03-06T01:09:34+00:00\",\"mainEntityOfPage\":{\"@id\":\"https:\/\/apuntesdesanluis.com\/index.php\/2024\/03\/05\/al-final-habra-dos-o-tres-reuniones-con-gobernadores-en-grupos-la-primera-el-viernes\/\"},\"wordCount\":632,\"publisher\":{\"@id\":\"https:\/\/apuntesdesanluis.com\/#\/schema\/person\/b55151d52296fcce64d1a72538a70b90\"},\"image\":{\"@id\":\"https:\/\/apuntesdesanluis.com\/index.php\/2024\/03\/05\/al-final-habra-dos-o-tres-reuniones-con-gobernadores-en-grupos-la-primera-el-viernes\/#primaryimage\"},\"thumbnailUrl\":\"https:\/\/apuntesdesanluis.com\/wp-content\/uploads\/2024\/03\/CAPUTO-POSEE-Y-FRAN-COS.png\",\"articleSection\":[\"Nacionales\/Internacionales\"],\"inLanguage\":\"es-AR\"},{\"@type\":\"WebPage\",\"@id\":\"https:\/\/apuntesdesanluis.com\/index.php\/2024\/03\/05\/al-final-habra-dos-o-tres-reuniones-con-gobernadores-en-grupos-la-primera-el-viernes\/\",\"url\":\"https:\/\/apuntesdesanluis.com\/index.php\/2024\/03\/05\/al-final-habra-dos-o-tres-reuniones-con-gobernadores-en-grupos-la-primera-el-viernes\/\",\"name\":\"AL FINAL, HABR\u00c1 DOS O TRES REUNIONES CON GOBERNADORES, EN GRUPOS: LA PRIMERA, EL VIERNES - Apuntes de San Luis\",\"isPartOf\":{\"@id\":\"https:\/\/apuntesdesanluis.com\/#website\"},\"primaryImageOfPage\":{\"@id\":\"https:\/\/apuntesdesanluis.com\/index.php\/2024\/03\/05\/al-final-habra-dos-o-tres-reuniones-con-gobernadores-en-grupos-la-primera-el-viernes\/#primaryimage\"},\"image\":{\"@id\":\"https:\/\/apuntesdesanluis.com\/index.php\/2024\/03\/05\/al-final-habra-dos-o-tres-reuniones-con-gobernadores-en-grupos-la-primera-el-viernes\/#primaryimage\"},\"thumbnailUrl\":\"https:\/\/apuntesdesanluis.com\/wp-content\/uploads\/2024\/03\/CAPUTO-POSEE-Y-FRAN-COS.png\",\"datePublished\":\"2024-03-06T01:09:34+00:00\",\"breadcrumb\":{\"@id\":\"https:\/\/apuntesdesanluis.com\/index.php\/2024\/03\/05\/al-final-habra-dos-o-tres-reuniones-con-gobernadores-en-grupos-la-primera-el-viernes\/#breadcrumb\"},\"inLanguage\":\"es-AR\",\"potentialAction\":[{\"@type\":\"ReadAction\",\"target\":[\"https:\/\/apuntesdesanluis.com\/index.php\/2024\/03\/05\/al-final-habra-dos-o-tres-reuniones-con-gobernadores-en-grupos-la-primera-el-viernes\/\"]}]},{\"@type\":\"ImageObject\",\"inLanguage\":\"es-AR\",\"@id\":\"https:\/\/apuntesdesanluis.com\/index.php\/2024\/03\/05\/al-final-habra-dos-o-tres-reuniones-con-gobernadores-en-grupos-la-primera-el-viernes\/#primaryimage\",\"url\":\"https:\/\/apuntesdesanluis.com\/wp-content\/uploads\/2024\/03\/CAPUTO-POSEE-Y-FRAN-COS.png\",\"contentUrl\":\"https:\/\/apuntesdesanluis.com\/wp-content\/uploads\/2024\/03\/CAPUTO-POSEE-Y-FRAN-COS.png\",\"width\":698,\"height\":417},{\"@type\":\"BreadcrumbList\",\"@id\":\"https:\/\/apuntesdesanluis.com\/index.php\/2024\/03\/05\/al-final-habra-dos-o-tres-reuniones-con-gobernadores-en-grupos-la-primera-el-viernes\/#breadcrumb\",\"itemListElement\":[{\"@type\":\"ListItem\",\"position\":1,\"name\":\"Inicio\",\"item\":\"https:\/\/apuntesdesanluis.com\/\"},{\"@type\":\"ListItem\",\"position\":2,\"name\":\"AL FINAL, HABR\u00c1 DOS O TRES REUNIONES CON GOBERNADORES, EN GRUPOS: LA PRIMERA, EL VIERNES\"}]},{\"@type\":\"WebSite\",\"@id\":\"https:\/\/apuntesdesanluis.com\/#website\",\"url\":\"https:\/\/apuntesdesanluis.com\/\",\"name\":\"Apuntes de San Luis\",\"description\":\"\",\"publisher\":{\"@id\":\"https:\/\/apuntesdesanluis.com\/#\/schema\/person\/b55151d52296fcce64d1a72538a70b90\"},\"potentialAction\":[{\"@type\":\"SearchAction\",\"target\":{\"@type\":\"EntryPoint\",\"urlTemplate\":\"https:\/\/apuntesdesanluis.com\/?s={search_term_string}\"},\"query-input\":{\"@type\":\"PropertyValueSpecification\",\"valueRequired\":true,\"valueName\":\"search_term_string\"}}],\"inLanguage\":\"es-AR\"},{\"@type\":[\"Person\",\"Organization\"],\"@id\":\"https:\/\/apuntesdesanluis.com\/#\/schema\/person\/b55151d52296fcce64d1a72538a70b90\",\"name\":\"apuntesdesanluis.com\",\"image\":{\"@type\":\"ImageObject\",\"inLanguage\":\"es-AR\",\"@id\":\"https:\/\/apuntesdesanluis.com\/#\/schema\/person\/image\/\",\"url\":\"https:\/\/apuntesdesanluis.com\/wp-content\/uploads\/2023\/07\/cropped-apuntesdesanluis.png\",\"contentUrl\":\"https:\/\/apuntesdesanluis.com\/wp-content\/uploads\/2023\/07\/cropped-apuntesdesanluis.png\",\"width\":450,\"height\":112,\"caption\":\"apuntesdesanluis.com\"},\"logo\":{\"@id\":\"https:\/\/apuntesdesanluis.com\/#\/schema\/person\/image\/\"},\"sameAs\":[\"https:\/\/apuntesdesanluis.com\"],\"url\":\"https:\/\/apuntesdesanluis.com\/index.php\/author\/apuntesdesanluis-com\/\"}]}<\/script>\n<!-- \/ Yoast SEO plugin. -->","yoast_head_json":{"title":"AL FINAL, HABR\u00c1 DOS O TRES REUNIONES CON GOBERNADORES, EN GRUPOS: LA PRIMERA, EL VIERNES - Apuntes de San Luis","robots":{"index":"index","follow":"follow","max-snippet":"max-snippet:-1","max-image-preview":"max-image-preview:large","max-video-preview":"max-video-preview:-1"},"canonical":"https:\/\/apuntesdesanluis.com\/index.php\/2024\/03\/05\/al-final-habra-dos-o-tres-reuniones-con-gobernadores-en-grupos-la-primera-el-viernes\/","og_locale":"es_ES","og_type":"article","og_title":"AL FINAL, HABR\u00c1 DOS O TRES REUNIONES CON GOBERNADORES, EN GRUPOS: LA PRIMERA, EL VIERNES - Apuntes de San Luis","og_description":"El Gobierno confirm\u00f3 que finalmente la reuni\u00f3n con los gobernadores del pr\u00f3ximo viernes no ser\u00e1...","og_url":"https:\/\/apuntesdesanluis.com\/index.php\/2024\/03\/05\/al-final-habra-dos-o-tres-reuniones-con-gobernadores-en-grupos-la-primera-el-viernes\/","og_site_name":"Apuntes de San Luis","article_published_time":"2024-03-06T01:09:34+00:00","og_image":[{"width":698,"height":417,"url":"https:\/\/apuntesdesanluis.com\/wp-content\/uploads\/2024\/03\/CAPUTO-POSEE-Y-FRAN-COS.png","type":"image\/png"}],"author":"apuntesdesanluis.com","twitter_card":"summary_large_image","twitter_misc":{"Escrito por":"apuntesdesanluis.com","Tiempo de lectura":"3 minutos"},"schema":{"@context":"https:\/\/schema.org","@graph":[{"@type":"Article","@id":"https:\/\/apuntesdesanluis.com\/index.php\/2024\/03\/05\/al-final-habra-dos-o-tres-reuniones-con-gobernadores-en-grupos-la-primera-el-viernes\/#article","isPartOf":{"@id":"https:\/\/apuntesdesanluis.com\/index.php\/2024\/03\/05\/al-final-habra-dos-o-tres-reuniones-con-gobernadores-en-grupos-la-primera-el-viernes\/"},"author":{"name":"apuntesdesanluis.com","@id":"https:\/\/apuntesdesanluis.com\/#\/schema\/person\/b55151d52296fcce64d1a72538a70b90"},"headline":"AL FINAL, HABR\u00c1 DOS O TRES REUNIONES CON GOBERNADORES, EN GRUPOS: LA PRIMERA, EL VIERNES","datePublished":"2024-03-06T01:09:34+00:00","mainEntityOfPage":{"@id":"https:\/\/apuntesdesanluis.com\/index.php\/2024\/03\/05\/al-final-habra-dos-o-tres-reuniones-con-gobernadores-en-grupos-la-primera-el-viernes\/"},"wordCount":632,"publisher":{"@id":"https:\/\/apuntesdesanluis.com\/#\/schema\/person\/b55151d52296fcce64d1a72538a70b90"},"image":{"@id":"https:\/\/apuntesdesanluis.com\/index.php\/2024\/03\/05\/al-final-habra-dos-o-tres-reuniones-con-gobernadores-en-grupos-la-primera-el-viernes\/#primaryimage"},"thumbnailUrl":"https:\/\/apuntesdesanluis.com\/wp-content\/uploads\/2024\/03\/CAPUTO-POSEE-Y-FRAN-COS.png","articleSection":["Nacionales\/Internacionales"],"inLanguage":"es-AR"},{"@type":"WebPage","@id":"https:\/\/apuntesdesanluis.com\/index.php\/2024\/03\/05\/al-final-habra-dos-o-tres-reuniones-con-gobernadores-en-grupos-la-primera-el-viernes\/","url":"https:\/\/apuntesdesanluis.com\/index.php\/2024\/03\/05\/al-final-habra-dos-o-tres-reuniones-con-gobernadores-en-grupos-la-primera-el-viernes\/","name":"AL FINAL, HABR\u00c1 DOS O TRES REUNIONES CON GOBERNADORES, EN GRUPOS: LA PRIMERA, EL VIERNES - Apuntes de San Luis","isPartOf":{"@id":"https:\/\/apuntesdesanluis.com\/#website"},"primaryImageOfPage":{"@id":"https:\/\/apuntesdesanluis.com\/index.php\/2024\/03\/05\/al-final-habra-dos-o-tres-reuniones-con-gobernadores-en-grupos-la-primera-el-viernes\/#primaryimage"},"image":{"@id":"https:\/\/apuntesdesanluis.com\/index.php\/2024\/03\/05\/al-final-habra-dos-o-tres-reuniones-con-gobernadores-en-grupos-la-primera-el-viernes\/#primaryimage"},"thumbnailUrl":"https:\/\/apuntesdesanluis.com\/wp-content\/uploads\/2024\/03\/CAPUTO-POSEE-Y-FRAN-COS.png","datePublished":"2024-03-06T01:09:34+00:00","breadcrumb":{"@id":"https:\/\/apuntesdesanluis.com\/index.php\/2024\/03\/05\/al-final-habra-dos-o-tres-reuniones-con-gobernadores-en-grupos-la-primera-el-viernes\/#breadcrumb"},"inLanguage":"es-AR","potentialAction":[{"@type":"ReadAction","target":["https:\/\/apuntesdesanluis.com\/index.php\/2024\/03\/05\/al-final-habra-dos-o-tres-reuniones-con-gobernadores-en-grupos-la-primera-el-viernes\/"]}]},{"@type":"ImageObject","inLanguage":"es-AR","@id":"https:\/\/apuntesdesanluis.com\/index.php\/2024\/03\/05\/al-final-habra-dos-o-tres-reuniones-con-gobernadores-en-grupos-la-primera-el-viernes\/#primaryimage","url":"https:\/\/apuntesdesanluis.com\/wp-content\/uploads\/2024\/03\/CAPUTO-POSEE-Y-FRAN-COS.png","contentUrl":"https:\/\/apuntesdesanluis.com\/wp-content\/uploads\/2024\/03\/CAPUTO-POSEE-Y-FRAN-COS.png","width":698,"height":417},{"@type":"BreadcrumbList","@id":"https:\/\/apuntesdesanluis.com\/index.php\/2024\/03\/05\/al-final-habra-dos-o-tres-reuniones-con-gobernadores-en-grupos-la-primera-el-viernes\/#breadcrumb","itemListElement":[{"@type":"ListItem","position":1,"name":"Inicio","item":"https:\/\/apuntesdesanluis.com\/"},{"@type":"ListItem","position":2,"name":"AL FINAL, HABR\u00c1 DOS O TRES REUNIONES CON GOBERNADORES, EN GRUPOS: LA PRIMERA, EL VIERNES"}]},{"@type":"WebSite","@id":"https:\/\/apuntesdesanluis.com\/#website","url":"https:\/\/apuntesdesanluis.com\/","name":"Apuntes de San Luis","description":"","publisher":{"@id":"https:\/\/apuntesdesanluis.com\/#\/schema\/person\/b55151d52296fcce64d1a72538a70b90"},"potentialAction":[{"@type":"SearchAction","target":{"@type":"EntryPoint","urlTemplate":"https:\/\/apuntesdesanluis.com\/?s={search_term_string}"},"query-input":{"@type":"PropertyValueSpecification","valueRequired":true,"valueName":"search_term_string"}}],"inLanguage":"es-AR"},{"@type":["Person","Organization"],"@id":"https:\/\/apuntesdesanluis.com\/#\/schema\/person\/b55151d52296fcce64d1a72538a70b90","name":"apuntesdesanluis.com","image":{"@type":"ImageObject","inLanguage":"es-AR","@id":"https:\/\/apuntesdesanluis.com\/#\/schema\/person\/image\/","url":"https:\/\/apuntesdesanluis.com\/wp-content\/uploads\/2023\/07\/cropped-apuntesdesanluis.png","contentUrl":"https:\/\/apuntesdesanluis.com\/wp-content\/uploads\/2023\/07\/cropped-apuntesdesanluis.png","width":450,"height":112,"caption":"apuntesdesanluis.com"},"logo":{"@id":"https:\/\/apuntesdesanluis.com\/#\/schema\/person\/image\/"},"sameAs":["https:\/\/apuntesdesanluis.com"],"url":"https:\/\/apuntesdesanluis.com\/index.php\/author\/apuntesdesanluis-com\/"}]}},"featured_image_urls":{"full":["https:\/\/apuntesdesanluis.com\/wp-content\/uploads\/2024\/03\/CAPUTO-POSEE-Y-FRAN-COS.png",698,417,false],"thumbnail":["https:\/\/apuntesdesanluis.com\/wp-content\/uploads\/2024\/03\/CAPUTO-POSEE-Y-FRAN-COS-150x150.png",150,150,true],"medium":["https:\/\/apuntesdesanluis.com\/wp-content\/uploads\/2024\/03\/CAPUTO-POSEE-Y-FRAN-COS-300x179.png",300,179,true],"medium_large":["https:\/\/apuntesdesanluis.com\/wp-content\/uploads\/2024\/03\/CAPUTO-POSEE-Y-FRAN-COS.png",640,382,false],"large":["https:\/\/apuntesdesanluis.com\/wp-content\/uploads\/2024\/03\/CAPUTO-POSEE-Y-FRAN-COS.png",640,382,false],"1536x1536":["https:\/\/apuntesdesanluis.com\/wp-content\/uploads\/2024\/03\/CAPUTO-POSEE-Y-FRAN-COS.png",698,417,false],"2048x2048":["https:\/\/apuntesdesanluis.com\/wp-content\/uploads\/2024\/03\/CAPUTO-POSEE-Y-FRAN-COS.png",698,417,false],"newsever-slider-full":["https:\/\/apuntesdesanluis.com\/wp-content\/uploads\/2024\/03\/CAPUTO-POSEE-Y-FRAN-COS.png",698,417,false],"newsever-featured":["https:\/\/apuntesdesanluis.com\/wp-content\/uploads\/2024\/03\/CAPUTO-POSEE-Y-FRAN-COS.png",698,417,false],"newsever-medium":["https:\/\/apuntesdesanluis.com\/wp-content\/uploads\/2024\/03\/CAPUTO-POSEE-Y-FRAN-COS.png",698,417,false]},"author_info":{"display_name":"apuntesdesanluis.com","author_link":"https:\/\/apuntesdesanluis.com\/index.php\/author\/apuntesdesanluis-com\/"},"category_info":"<a href=\"https:\/\/apuntesdesanluis.com\/index.php\/category\/nacionales-internacionales\/\" rel=\"category tag\">Nacionales\/Internacionales<\/a>","tag_info":"Nacionales\/Internacionales","comment_count":"0","_links":{"self":[{"href":"https:\/\/apuntesdesanluis.com\/index.php\/wp-json\/wp\/v2\/posts\/12707","targetHints":{"allow":["GET"]}}],"collection":[{"href":"https:\/\/apuntesdesanluis.com\/index.php\/wp-json\/wp\/v2\/posts"}],"about":[{"href":"https:\/\/apuntesdesanluis.com\/index.php\/wp-json\/wp\/v2\/types\/post"}],"author":[{"embeddable":true,"href":"https:\/\/apuntesdesanluis.com\/index.php\/wp-json\/wp\/v2\/users\/1"}],"replies":[{"embeddable":true,"href":"https:\/\/apuntesdesanluis.com\/index.php\/wp-json\/wp\/v2\/comments?post=12707"}],"version-history":[{"count":2,"href":"https:\/\/apuntesdesanluis.com\/index.php\/wp-json\/wp\/v2\/posts\/12707\/revisions"}],"predecessor-version":[{"id":12715,"href":"https:\/\/apuntesdesanluis.com\/index.php\/wp-json\/wp\/v2\/posts\/12707\/revisions\/12715"}],"wp:featuredmedia":[{"embeddable":true,"href":"https:\/\/apuntesdesanluis.com\/index.php\/wp-json\/wp\/v2\/media\/12714"}],"wp:attachment":[{"href":"https:\/\/apuntesdesanluis.com\/index.php\/wp-json\/wp\/v2\/media?parent=12707"}],"wp:term":[{"taxonomy":"category","embeddable":true,"href":"https:\/\/apuntesdesanluis.com\/index.php\/wp-json\/wp\/v2\/categories?post=12707"},{"taxonomy":"post_tag","embeddable":true,"href":"https:\/\/apuntesdesanluis.com\/index.php\/wp-json\/wp\/v2\/tags?post=12707"}],"curies":[{"name":"wp","href":"https:\/\/api.w.org\/{rel}","templated":true}]}}