{"id":12720,"date":"2024-03-05T20:21:23","date_gmt":"2024-03-05T23:21:23","guid":{"rendered":"https:\/\/apuntesdesanluis.com\/?p=12720"},"modified":"2024-03-05T22:22:26","modified_gmt":"2024-03-06T01:22:26","slug":"se-conocio-el-primer-parte-medico-de-roly-serrano-preocupa-la-salud-del-actor","status":"publish","type":"post","link":"https:\/\/apuntesdesanluis.com\/index.php\/2024\/03\/05\/se-conocio-el-primer-parte-medico-de-roly-serrano-preocupa-la-salud-del-actor\/","title":{"rendered":"SE CONOCI\u00d3 EL PRIMER PARTE M\u00c9DICO DE ROLY SERRANO: PREOCUPA LA SALUD DEL ACTOR"},"content":{"rendered":"<h3>La salud de <strong>Roly Serrano<\/strong> contin\u00faa preocupando a los familiares y seguidores del actor de 68 a\u00f1os. La noche del domingo sufri\u00f3 un grave accidente automovil\u00edstico cerca de Baradero cuando manejaba por la ruta 9 y desde entonces se encuentra delicado en el Instituto M\u00e9dico de Alta Complejidad. Y en las \u00faltimas horas se dio a conocer el primer parte m\u00e9dico.<\/h3>\n<h3>Serrano, Rolando. Paciente de 68 a\u00f1os de edad que ingresa esta madrugada al Instituto M\u00e9dico de Alta Complejidad por presentar un politraumatismo secundario a accidente automovil\u00edstico\u201d, inicia el documento compartido la direcci\u00f3n m\u00e9dica del IMAC.<\/h3>\n<h3>\u00a0\u201cEl paciente se encuentra internado en la Unidad de Cuidados Intensivos, estable, con asistencia respiratoria mec\u00e1nica en coma inducido farmacol\u00f3gicamente. Se realiza el siguiente informe a pedido de la familia para ser entregado a los medios de comunicaci\u00f3n que lo soliciten\u201d, contin\u00faa el informe que asegura que Roly Serrano se encuentra en coma inducido. Seg\u00fan indicaron, en las pr\u00f3ximas horas compartir\u00e1n m\u00e1s informaci\u00f3n sobre la salud del actor.<\/h3>\n<h3><strong>QU\u00c9 LE PAS\u00d3 A ROLY SERRANO<\/strong><\/h3>\n<h3>Cerca de la medianoche del domingo, Roly Serrano sufri\u00f3 un accidente de tr\u00e1nsito en la Ruta Nacional 9 cerca del kil\u00f3metro 115. Seg\u00fan la informaci\u00f3n brindada por medios locales, el actor habr\u00eda chocado de atr\u00e1s a un veh\u00edculo ocupado por una familia, quienes sufrieron heridas leves.<\/h3>\n<h3>Luego del accidente, el artista fue enviado a un hospital municipal cercano. Sin embargo, tras descomponerse los m\u00e9dicos decidieron trasladarlo a \u00faltimas horas de la noche a la cl\u00ednica de alta complejidad de la Ciudad de Buenos Aires.<\/h3>\n<h3>Carlos Baiela, Director M\u00e9dico del Hospital Municipal de Baradero, brind\u00f3 detalles sobre su salud. \u201cLe hicimos los estudios correspondientes y se decidi\u00f3 pasarlo a terapia del Hospital\u201d, se\u00f1al\u00f3 y a\u00f1adi\u00f3: \u201cSufri\u00f3 un traumatismo de t\u00f3rax y un traumatismo de cr\u00e1neo\u201d.<\/h3>\n<h3>Seg\u00fan destac\u00f3 su representante, \u201cel sobrepeso y el tabaquismo\u201d son los causantes de complicar el cuadro de salud de Roly Serrano. \u201cLa variable del sobrepeso influye, te hace que de pronto cuando est\u00e1s manejando te dorm\u00eds por uno o dos segundos. No habl\u00e9 con \u00e9l porque estaba dormido por todos los medicamentos que le dieron. Yo creo que fue eso. \u00c9l necesita ayuda por su sobrepeso y el tabaquismo\u201d, explic\u00f3 Jorge G\u00f3mez en Telefe Noticias.<\/h3>\n<p>&nbsp;<\/p>\n<p>&nbsp;<\/p>\n<p>&nbsp;<\/p>\n<p>&nbsp;<\/p>\n<p>&nbsp;<\/p>\n<p>&nbsp;<\/p>\n<p>&nbsp;<\/p>\n<p>&nbsp;<\/p>\n<p>&nbsp;<\/p>\n","protected":false},"excerpt":{"rendered":"<p>La salud de Roly Serrano contin\u00faa preocupando a los familiares y seguidores del actor de&#8230;<\/p>\n","protected":false},"author":1,"featured_media":12721,"comment_status":"closed","ping_status":"closed","sticky":false,"template":"","format":"standard","meta":{"footnotes":""},"categories":[5],"tags":[],"class_list":["post-12720","post","type-post","status-publish","format-standard","has-post-thumbnail","hentry","category-nacionales-internacionales"],"yoast_head":"<!-- This site is optimized with the Yoast SEO plugin v26.1.1 - https:\/\/yoast.com\/wordpress\/plugins\/seo\/ -->\n<title>SE CONOCI\u00d3 EL PRIMER PARTE M\u00c9DICO DE ROLY SERRANO: PREOCUPA LA SALUD DEL ACTOR - Apuntes de San Luis<\/title>\n<meta name=\"robots\" content=\"index, follow, max-snippet:-1, max-image-preview:large, max-video-preview:-1\" \/>\n<link rel=\"canonical\" href=\"https:\/\/apuntesdesanluis.com\/index.php\/2024\/03\/05\/se-conocio-el-primer-parte-medico-de-roly-serrano-preocupa-la-salud-del-actor\/\" \/>\n<meta property=\"og:locale\" content=\"es_ES\" \/>\n<meta property=\"og:type\" content=\"article\" \/>\n<meta property=\"og:title\" content=\"SE CONOCI\u00d3 EL PRIMER PARTE M\u00c9DICO DE ROLY SERRANO: PREOCUPA LA SALUD DEL ACTOR - Apuntes de San Luis\" \/>\n<meta property=\"og:description\" content=\"La salud de Roly Serrano contin\u00faa preocupando a los familiares y seguidores del actor de...\" \/>\n<meta property=\"og:url\" content=\"https:\/\/apuntesdesanluis.com\/index.php\/2024\/03\/05\/se-conocio-el-primer-parte-medico-de-roly-serrano-preocupa-la-salud-del-actor\/\" \/>\n<meta property=\"og:site_name\" content=\"Apuntes de San Luis\" \/>\n<meta property=\"article:published_time\" content=\"2024-03-05T23:21:23+00:00\" \/>\n<meta property=\"article:modified_time\" content=\"2024-03-06T01:22:26+00:00\" \/>\n<meta property=\"og:image\" content=\"https:\/\/apuntesdesanluis.com\/wp-content\/uploads\/2024\/03\/ROLY-SERANO.png\" \/>\n\t<meta property=\"og:image:width\" content=\"986\" \/>\n\t<meta property=\"og:image:height\" content=\"604\" \/>\n\t<meta property=\"og:image:type\" content=\"image\/png\" \/>\n<meta name=\"author\" content=\"apuntesdesanluis.com\" \/>\n<meta name=\"twitter:card\" content=\"summary_large_image\" \/>\n<meta name=\"twitter:label1\" content=\"Escrito por\" \/>\n\t<meta name=\"twitter:data1\" content=\"apuntesdesanluis.com\" \/>\n\t<meta name=\"twitter:label2\" content=\"Tiempo de lectura\" \/>\n\t<meta name=\"twitter:data2\" content=\"2 minutos\" \/>\n<script type=\"application\/ld+json\" class=\"yoast-schema-graph\">{\"@context\":\"https:\/\/schema.org\",\"@graph\":[{\"@type\":\"Article\",\"@id\":\"https:\/\/apuntesdesanluis.com\/index.php\/2024\/03\/05\/se-conocio-el-primer-parte-medico-de-roly-serrano-preocupa-la-salud-del-actor\/#article\",\"isPartOf\":{\"@id\":\"https:\/\/apuntesdesanluis.com\/index.php\/2024\/03\/05\/se-conocio-el-primer-parte-medico-de-roly-serrano-preocupa-la-salud-del-actor\/\"},\"author\":{\"name\":\"apuntesdesanluis.com\",\"@id\":\"https:\/\/apuntesdesanluis.com\/#\/schema\/person\/b55151d52296fcce64d1a72538a70b90\"},\"headline\":\"SE CONOCI\u00d3 EL PRIMER PARTE M\u00c9DICO DE ROLY SERRANO: PREOCUPA LA SALUD DEL ACTOR\",\"datePublished\":\"2024-03-05T23:21:23+00:00\",\"dateModified\":\"2024-03-06T01:22:26+00:00\",\"mainEntityOfPage\":{\"@id\":\"https:\/\/apuntesdesanluis.com\/index.php\/2024\/03\/05\/se-conocio-el-primer-parte-medico-de-roly-serrano-preocupa-la-salud-del-actor\/\"},\"wordCount\":425,\"publisher\":{\"@id\":\"https:\/\/apuntesdesanluis.com\/#\/schema\/person\/b55151d52296fcce64d1a72538a70b90\"},\"image\":{\"@id\":\"https:\/\/apuntesdesanluis.com\/index.php\/2024\/03\/05\/se-conocio-el-primer-parte-medico-de-roly-serrano-preocupa-la-salud-del-actor\/#primaryimage\"},\"thumbnailUrl\":\"https:\/\/apuntesdesanluis.com\/wp-content\/uploads\/2024\/03\/ROLY-SERANO.png\",\"articleSection\":[\"Nacionales\/Internacionales\"],\"inLanguage\":\"es-AR\"},{\"@type\":\"WebPage\",\"@id\":\"https:\/\/apuntesdesanluis.com\/index.php\/2024\/03\/05\/se-conocio-el-primer-parte-medico-de-roly-serrano-preocupa-la-salud-del-actor\/\",\"url\":\"https:\/\/apuntesdesanluis.com\/index.php\/2024\/03\/05\/se-conocio-el-primer-parte-medico-de-roly-serrano-preocupa-la-salud-del-actor\/\",\"name\":\"SE CONOCI\u00d3 EL PRIMER PARTE M\u00c9DICO DE ROLY SERRANO: PREOCUPA LA SALUD DEL ACTOR - Apuntes de San Luis\",\"isPartOf\":{\"@id\":\"https:\/\/apuntesdesanluis.com\/#website\"},\"primaryImageOfPage\":{\"@id\":\"https:\/\/apuntesdesanluis.com\/index.php\/2024\/03\/05\/se-conocio-el-primer-parte-medico-de-roly-serrano-preocupa-la-salud-del-actor\/#primaryimage\"},\"image\":{\"@id\":\"https:\/\/apuntesdesanluis.com\/index.php\/2024\/03\/05\/se-conocio-el-primer-parte-medico-de-roly-serrano-preocupa-la-salud-del-actor\/#primaryimage\"},\"thumbnailUrl\":\"https:\/\/apuntesdesanluis.com\/wp-content\/uploads\/2024\/03\/ROLY-SERANO.png\",\"datePublished\":\"2024-03-05T23:21:23+00:00\",\"dateModified\":\"2024-03-06T01:22:26+00:00\",\"breadcrumb\":{\"@id\":\"https:\/\/apuntesdesanluis.com\/index.php\/2024\/03\/05\/se-conocio-el-primer-parte-medico-de-roly-serrano-preocupa-la-salud-del-actor\/#breadcrumb\"},\"inLanguage\":\"es-AR\",\"potentialAction\":[{\"@type\":\"ReadAction\",\"target\":[\"https:\/\/apuntesdesanluis.com\/index.php\/2024\/03\/05\/se-conocio-el-primer-parte-medico-de-roly-serrano-preocupa-la-salud-del-actor\/\"]}]},{\"@type\":\"ImageObject\",\"inLanguage\":\"es-AR\",\"@id\":\"https:\/\/apuntesdesanluis.com\/index.php\/2024\/03\/05\/se-conocio-el-primer-parte-medico-de-roly-serrano-preocupa-la-salud-del-actor\/#primaryimage\",\"url\":\"https:\/\/apuntesdesanluis.com\/wp-content\/uploads\/2024\/03\/ROLY-SERANO.png\",\"contentUrl\":\"https:\/\/apuntesdesanluis.com\/wp-content\/uploads\/2024\/03\/ROLY-SERANO.png\",\"width\":986,\"height\":604},{\"@type\":\"BreadcrumbList\",\"@id\":\"https:\/\/apuntesdesanluis.com\/index.php\/2024\/03\/05\/se-conocio-el-primer-parte-medico-de-roly-serrano-preocupa-la-salud-del-actor\/#breadcrumb\",\"itemListElement\":[{\"@type\":\"ListItem\",\"position\":1,\"name\":\"Inicio\",\"item\":\"https:\/\/apuntesdesanluis.com\/\"},{\"@type\":\"ListItem\",\"position\":2,\"name\":\"SE CONOCI\u00d3 EL PRIMER PARTE M\u00c9DICO DE ROLY SERRANO: PREOCUPA LA SALUD DEL ACTOR\"}]},{\"@type\":\"WebSite\",\"@id\":\"https:\/\/apuntesdesanluis.com\/#website\",\"url\":\"https:\/\/apuntesdesanluis.com\/\",\"name\":\"Apuntes de San Luis\",\"description\":\"\",\"publisher\":{\"@id\":\"https:\/\/apuntesdesanluis.com\/#\/schema\/person\/b55151d52296fcce64d1a72538a70b90\"},\"potentialAction\":[{\"@type\":\"SearchAction\",\"target\":{\"@type\":\"EntryPoint\",\"urlTemplate\":\"https:\/\/apuntesdesanluis.com\/?s={search_term_string}\"},\"query-input\":{\"@type\":\"PropertyValueSpecification\",\"valueRequired\":true,\"valueName\":\"search_term_string\"}}],\"inLanguage\":\"es-AR\"},{\"@type\":[\"Person\",\"Organization\"],\"@id\":\"https:\/\/apuntesdesanluis.com\/#\/schema\/person\/b55151d52296fcce64d1a72538a70b90\",\"name\":\"apuntesdesanluis.com\",\"image\":{\"@type\":\"ImageObject\",\"inLanguage\":\"es-AR\",\"@id\":\"https:\/\/apuntesdesanluis.com\/#\/schema\/person\/image\/\",\"url\":\"https:\/\/apuntesdesanluis.com\/wp-content\/uploads\/2023\/07\/cropped-apuntesdesanluis.png\",\"contentUrl\":\"https:\/\/apuntesdesanluis.com\/wp-content\/uploads\/2023\/07\/cropped-apuntesdesanluis.png\",\"width\":450,\"height\":112,\"caption\":\"apuntesdesanluis.com\"},\"logo\":{\"@id\":\"https:\/\/apuntesdesanluis.com\/#\/schema\/person\/image\/\"},\"sameAs\":[\"https:\/\/apuntesdesanluis.com\"],\"url\":\"https:\/\/apuntesdesanluis.com\/index.php\/author\/apuntesdesanluis-com\/\"}]}<\/script>\n<!-- \/ Yoast SEO plugin. -->","yoast_head_json":{"title":"SE CONOCI\u00d3 EL PRIMER PARTE M\u00c9DICO DE ROLY SERRANO: PREOCUPA LA SALUD DEL ACTOR - Apuntes de San Luis","robots":{"index":"index","follow":"follow","max-snippet":"max-snippet:-1","max-image-preview":"max-image-preview:large","max-video-preview":"max-video-preview:-1"},"canonical":"https:\/\/apuntesdesanluis.com\/index.php\/2024\/03\/05\/se-conocio-el-primer-parte-medico-de-roly-serrano-preocupa-la-salud-del-actor\/","og_locale":"es_ES","og_type":"article","og_title":"SE CONOCI\u00d3 EL PRIMER PARTE M\u00c9DICO DE ROLY SERRANO: PREOCUPA LA SALUD DEL ACTOR - Apuntes de San Luis","og_description":"La salud de Roly Serrano contin\u00faa preocupando a los familiares y seguidores del actor de...","og_url":"https:\/\/apuntesdesanluis.com\/index.php\/2024\/03\/05\/se-conocio-el-primer-parte-medico-de-roly-serrano-preocupa-la-salud-del-actor\/","og_site_name":"Apuntes de San Luis","article_published_time":"2024-03-05T23:21:23+00:00","article_modified_time":"2024-03-06T01:22:26+00:00","og_image":[{"width":986,"height":604,"url":"https:\/\/apuntesdesanluis.com\/wp-content\/uploads\/2024\/03\/ROLY-SERANO.png","type":"image\/png"}],"author":"apuntesdesanluis.com","twitter_card":"summary_large_image","twitter_misc":{"Escrito por":"apuntesdesanluis.com","Tiempo de lectura":"2 minutos"},"schema":{"@context":"https:\/\/schema.org","@graph":[{"@type":"Article","@id":"https:\/\/apuntesdesanluis.com\/index.php\/2024\/03\/05\/se-conocio-el-primer-parte-medico-de-roly-serrano-preocupa-la-salud-del-actor\/#article","isPartOf":{"@id":"https:\/\/apuntesdesanluis.com\/index.php\/2024\/03\/05\/se-conocio-el-primer-parte-medico-de-roly-serrano-preocupa-la-salud-del-actor\/"},"author":{"name":"apuntesdesanluis.com","@id":"https:\/\/apuntesdesanluis.com\/#\/schema\/person\/b55151d52296fcce64d1a72538a70b90"},"headline":"SE CONOCI\u00d3 EL PRIMER PARTE M\u00c9DICO DE ROLY SERRANO: PREOCUPA LA SALUD DEL ACTOR","datePublished":"2024-03-05T23:21:23+00:00","dateModified":"2024-03-06T01:22:26+00:00","mainEntityOfPage":{"@id":"https:\/\/apuntesdesanluis.com\/index.php\/2024\/03\/05\/se-conocio-el-primer-parte-medico-de-roly-serrano-preocupa-la-salud-del-actor\/"},"wordCount":425,"publisher":{"@id":"https:\/\/apuntesdesanluis.com\/#\/schema\/person\/b55151d52296fcce64d1a72538a70b90"},"image":{"@id":"https:\/\/apuntesdesanluis.com\/index.php\/2024\/03\/05\/se-conocio-el-primer-parte-medico-de-roly-serrano-preocupa-la-salud-del-actor\/#primaryimage"},"thumbnailUrl":"https:\/\/apuntesdesanluis.com\/wp-content\/uploads\/2024\/03\/ROLY-SERANO.png","articleSection":["Nacionales\/Internacionales"],"inLanguage":"es-AR"},{"@type":"WebPage","@id":"https:\/\/apuntesdesanluis.com\/index.php\/2024\/03\/05\/se-conocio-el-primer-parte-medico-de-roly-serrano-preocupa-la-salud-del-actor\/","url":"https:\/\/apuntesdesanluis.com\/index.php\/2024\/03\/05\/se-conocio-el-primer-parte-medico-de-roly-serrano-preocupa-la-salud-del-actor\/","name":"SE CONOCI\u00d3 EL PRIMER PARTE M\u00c9DICO DE ROLY SERRANO: PREOCUPA LA SALUD DEL ACTOR - Apuntes de San Luis","isPartOf":{"@id":"https:\/\/apuntesdesanluis.com\/#website"},"primaryImageOfPage":{"@id":"https:\/\/apuntesdesanluis.com\/index.php\/2024\/03\/05\/se-conocio-el-primer-parte-medico-de-roly-serrano-preocupa-la-salud-del-actor\/#primaryimage"},"image":{"@id":"https:\/\/apuntesdesanluis.com\/index.php\/2024\/03\/05\/se-conocio-el-primer-parte-medico-de-roly-serrano-preocupa-la-salud-del-actor\/#primaryimage"},"thumbnailUrl":"https:\/\/apuntesdesanluis.com\/wp-content\/uploads\/2024\/03\/ROLY-SERANO.png","datePublished":"2024-03-05T23:21:23+00:00","dateModified":"2024-03-06T01:22:26+00:00","breadcrumb":{"@id":"https:\/\/apuntesdesanluis.com\/index.php\/2024\/03\/05\/se-conocio-el-primer-parte-medico-de-roly-serrano-preocupa-la-salud-del-actor\/#breadcrumb"},"inLanguage":"es-AR","potentialAction":[{"@type":"ReadAction","target":["https:\/\/apuntesdesanluis.com\/index.php\/2024\/03\/05\/se-conocio-el-primer-parte-medico-de-roly-serrano-preocupa-la-salud-del-actor\/"]}]},{"@type":"ImageObject","inLanguage":"es-AR","@id":"https:\/\/apuntesdesanluis.com\/index.php\/2024\/03\/05\/se-conocio-el-primer-parte-medico-de-roly-serrano-preocupa-la-salud-del-actor\/#primaryimage","url":"https:\/\/apuntesdesanluis.com\/wp-content\/uploads\/2024\/03\/ROLY-SERANO.png","contentUrl":"https:\/\/apuntesdesanluis.com\/wp-content\/uploads\/2024\/03\/ROLY-SERANO.png","width":986,"height":604},{"@type":"BreadcrumbList","@id":"https:\/\/apuntesdesanluis.com\/index.php\/2024\/03\/05\/se-conocio-el-primer-parte-medico-de-roly-serrano-preocupa-la-salud-del-actor\/#breadcrumb","itemListElement":[{"@type":"ListItem","position":1,"name":"Inicio","item":"https:\/\/apuntesdesanluis.com\/"},{"@type":"ListItem","position":2,"name":"SE CONOCI\u00d3 EL PRIMER PARTE M\u00c9DICO DE ROLY SERRANO: PREOCUPA LA SALUD DEL ACTOR"}]},{"@type":"WebSite","@id":"https:\/\/apuntesdesanluis.com\/#website","url":"https:\/\/apuntesdesanluis.com\/","name":"Apuntes de San Luis","description":"","publisher":{"@id":"https:\/\/apuntesdesanluis.com\/#\/schema\/person\/b55151d52296fcce64d1a72538a70b90"},"potentialAction":[{"@type":"SearchAction","target":{"@type":"EntryPoint","urlTemplate":"https:\/\/apuntesdesanluis.com\/?s={search_term_string}"},"query-input":{"@type":"PropertyValueSpecification","valueRequired":true,"valueName":"search_term_string"}}],"inLanguage":"es-AR"},{"@type":["Person","Organization"],"@id":"https:\/\/apuntesdesanluis.com\/#\/schema\/person\/b55151d52296fcce64d1a72538a70b90","name":"apuntesdesanluis.com","image":{"@type":"ImageObject","inLanguage":"es-AR","@id":"https:\/\/apuntesdesanluis.com\/#\/schema\/person\/image\/","url":"https:\/\/apuntesdesanluis.com\/wp-content\/uploads\/2023\/07\/cropped-apuntesdesanluis.png","contentUrl":"https:\/\/apuntesdesanluis.com\/wp-content\/uploads\/2023\/07\/cropped-apuntesdesanluis.png","width":450,"height":112,"caption":"apuntesdesanluis.com"},"logo":{"@id":"https:\/\/apuntesdesanluis.com\/#\/schema\/person\/image\/"},"sameAs":["https:\/\/apuntesdesanluis.com"],"url":"https:\/\/apuntesdesanluis.com\/index.php\/author\/apuntesdesanluis-com\/"}]}},"featured_image_urls":{"full":["https:\/\/apuntesdesanluis.com\/wp-content\/uploads\/2024\/03\/ROLY-SERANO.png",986,604,false],"thumbnail":["https:\/\/apuntesdesanluis.com\/wp-content\/uploads\/2024\/03\/ROLY-SERANO-150x150.png",150,150,true],"medium":["https:\/\/apuntesdesanluis.com\/wp-content\/uploads\/2024\/03\/ROLY-SERANO-300x184.png",300,184,true],"medium_large":["https:\/\/apuntesdesanluis.com\/wp-content\/uploads\/2024\/03\/ROLY-SERANO-768x470.png",640,392,true],"large":["https:\/\/apuntesdesanluis.com\/wp-content\/uploads\/2024\/03\/ROLY-SERANO.png",640,392,false],"1536x1536":["https:\/\/apuntesdesanluis.com\/wp-content\/uploads\/2024\/03\/ROLY-SERANO.png",986,604,false],"2048x2048":["https:\/\/apuntesdesanluis.com\/wp-content\/uploads\/2024\/03\/ROLY-SERANO.png",986,604,false],"newsever-slider-full":["https:\/\/apuntesdesanluis.com\/wp-content\/uploads\/2024\/03\/ROLY-SERANO.png",986,604,false],"newsever-featured":["https:\/\/apuntesdesanluis.com\/wp-content\/uploads\/2024\/03\/ROLY-SERANO.png",986,604,false],"newsever-medium":["https:\/\/apuntesdesanluis.com\/wp-content\/uploads\/2024\/03\/ROLY-SERANO-720x475.png",720,475,true]},"author_info":{"display_name":"apuntesdesanluis.com","author_link":"https:\/\/apuntesdesanluis.com\/index.php\/author\/apuntesdesanluis-com\/"},"category_info":"<a href=\"https:\/\/apuntesdesanluis.com\/index.php\/category\/nacionales-internacionales\/\" rel=\"category tag\">Nacionales\/Internacionales<\/a>","tag_info":"Nacionales\/Internacionales","comment_count":"0","_links":{"self":[{"href":"https:\/\/apuntesdesanluis.com\/index.php\/wp-json\/wp\/v2\/posts\/12720","targetHints":{"allow":["GET"]}}],"collection":[{"href":"https:\/\/apuntesdesanluis.com\/index.php\/wp-json\/wp\/v2\/posts"}],"about":[{"href":"https:\/\/apuntesdesanluis.com\/index.php\/wp-json\/wp\/v2\/types\/post"}],"author":[{"embeddable":true,"href":"https:\/\/apuntesdesanluis.com\/index.php\/wp-json\/wp\/v2\/users\/1"}],"replies":[{"embeddable":true,"href":"https:\/\/apuntesdesanluis.com\/index.php\/wp-json\/wp\/v2\/comments?post=12720"}],"version-history":[{"count":2,"href":"https:\/\/apuntesdesanluis.com\/index.php\/wp-json\/wp\/v2\/posts\/12720\/revisions"}],"predecessor-version":[{"id":12723,"href":"https:\/\/apuntesdesanluis.com\/index.php\/wp-json\/wp\/v2\/posts\/12720\/revisions\/12723"}],"wp:featuredmedia":[{"embeddable":true,"href":"https:\/\/apuntesdesanluis.com\/index.php\/wp-json\/wp\/v2\/media\/12721"}],"wp:attachment":[{"href":"https:\/\/apuntesdesanluis.com\/index.php\/wp-json\/wp\/v2\/media?parent=12720"}],"wp:term":[{"taxonomy":"category","embeddable":true,"href":"https:\/\/apuntesdesanluis.com\/index.php\/wp-json\/wp\/v2\/categories?post=12720"},{"taxonomy":"post_tag","embeddable":true,"href":"https:\/\/apuntesdesanluis.com\/index.php\/wp-json\/wp\/v2\/tags?post=12720"}],"curies":[{"name":"wp","href":"https:\/\/api.w.org\/{rel}","templated":true}]}}