{"id":12724,"date":"2024-03-05T22:27:36","date_gmt":"2024-03-06T01:27:36","guid":{"rendered":"https:\/\/apuntesdesanluis.com\/?p=12724"},"modified":"2024-03-05T22:27:36","modified_gmt":"2024-03-06T01:27:36","slug":"vacunacion-gratuita-y-obligatoria-contra-el-virus-sincicial-respiratorio","status":"publish","type":"post","link":"https:\/\/apuntesdesanluis.com\/index.php\/2024\/03\/05\/vacunacion-gratuita-y-obligatoria-contra-el-virus-sincicial-respiratorio\/","title":{"rendered":"VACUNACI\u00d3N GRATUITA Y OBLIGATORIA CONTRA EL VIRUS SINCICIAL RESPIRATORIO"},"content":{"rendered":"<h3>Esta dosis, que fue recientemente incorporada al <strong>Calendario Nacional de Vacunaci\u00f3n<\/strong>, es gratuita, obligatoria y protege de la bronquiolitis a los reci\u00e9n nacidos durante los primeros seis meses de vida. La vacuna ya est\u00e1 disponible en todos los centros de salud y hospitales de la provincia.<\/h3>\n<h3>El pasado lunes el ministerio de Salud comenz\u00f3 a aplicar la vacuna contra el <strong>Virus Sincicial Respiratorio (VSR)<\/strong> a embarazadas. Lo hizo en la Maternidad Provincial \u2018Doctora Teresita Baigorria\u2019 y en el Centro de Atenci\u00f3n Primaria de Salud (CAPS) del barrio Amppya.<\/h3>\n<h3>La ministra, Claudia Spagnuolo, y el director de Gesti\u00f3n de la Salud, Mart\u00edn Oviedo, acompa\u00f1aron al equipo de Inmunizaciones y a todas las embarazadas que se acercaron para colocarse esta dosis.<\/h3>\n<h3><img fetchpriority=\"high\" decoding=\"async\" class=\"wp-image-12727 aligncenter\" src=\"https:\/\/apuntesdesanluis.com\/wp-content\/uploads\/2024\/03\/FLYER-VACUNACION-169x300.jpeg\" alt=\"\" width=\"481\" height=\"854\" srcset=\"https:\/\/apuntesdesanluis.com\/wp-content\/uploads\/2024\/03\/FLYER-VACUNACION-169x300.jpeg 169w, https:\/\/apuntesdesanluis.com\/wp-content\/uploads\/2024\/03\/FLYER-VACUNACION.jpeg 576w\" sizes=\"(max-width: 481px) 100vw, 481px\" \/><\/h3>\n<h3>La vacuna es gratuita y obligatoria y se encuentra disponible en todos los centros de salud y hospitales de la provincia. El objetivo es proporcionar, a trav\u00e9s del pasaje transplacentario de anticuerpos, protecci\u00f3n contra la bronquiolitis durante los primeros seis meses de vida. Las embarazadas recibir\u00e1n una dosis de esta vacuna entre las semanas 32 y 36 de gestaci\u00f3n, antes del inicio y durante la temporada de circulaci\u00f3n del virus.<\/h3>\n<h3>El virus sincicial respiratorio es la principal causa de infecciones respiratorias agudas bajas en la infancia, en particular en lactantes menores a un a\u00f1o. Tambi\u00e9n provoca aumento de hospitalizaciones con requerimientos de cuidados cr\u00edticos y elevado nivel de consultas ambulatorias en la \u00e9poca invernal.<\/h3>\n<h3>Con la incorporaci\u00f3n de esta vacuna al Calendario Nacional descender\u00e1 la mortalidad infantil neonatal y postneonatal en la Argentina al reducir la infecci\u00f3n por este virus en ni\u00f1os menores a seis meses de vida, que es el momento de mayor vulnerabilidad para padecer cuadros severos de la enfermedad.<\/h3>\n<h3>Esta campa\u00f1a de inmunizaci\u00f3n se suma a las otras vacunas indicadas para la protecci\u00f3n de las personas gestantes, como la antigripal y la vacuna contra el Covid-19, que se aplican en cualquier trimestre de la gestaci\u00f3n. Adem\u00e1s, la vacuna contra la hepatitis B y la triple bacteriana acelular se aplican a partir de las 20 semanas de gestaci\u00f3n. \u00c9sta \u00faltima protege al reci\u00e9n nacido contra la tos convulsa durante los primeros meses de vida.<\/h3>\n<p>&nbsp;<\/p>\n<p>&nbsp;<\/p>\n<p>&nbsp;<\/p>\n<p>&nbsp;<\/p>\n<p>&nbsp;<\/p>\n","protected":false},"excerpt":{"rendered":"<p>Esta dosis, que fue recientemente incorporada al Calendario Nacional de Vacunaci\u00f3n, es gratuita, obligatoria y&#8230;<\/p>\n","protected":false},"author":1,"featured_media":12725,"comment_status":"closed","ping_status":"closed","sticky":false,"template":"","format":"standard","meta":{"footnotes":""},"categories":[6],"tags":[],"class_list":["post-12724","post","type-post","status-publish","format-standard","has-post-thumbnail","hentry","category-ciudad-provincia"],"yoast_head":"<!-- This site is optimized with the Yoast SEO plugin v26.1.1 - https:\/\/yoast.com\/wordpress\/plugins\/seo\/ -->\n<title>VACUNACI\u00d3N GRATUITA Y OBLIGATORIA CONTRA EL VIRUS SINCICIAL RESPIRATORIO - Apuntes de San Luis<\/title>\n<meta name=\"robots\" content=\"index, follow, max-snippet:-1, max-image-preview:large, max-video-preview:-1\" \/>\n<link rel=\"canonical\" href=\"https:\/\/apuntesdesanluis.com\/index.php\/2024\/03\/05\/vacunacion-gratuita-y-obligatoria-contra-el-virus-sincicial-respiratorio\/\" \/>\n<meta property=\"og:locale\" content=\"es_ES\" \/>\n<meta property=\"og:type\" content=\"article\" \/>\n<meta property=\"og:title\" content=\"VACUNACI\u00d3N GRATUITA Y OBLIGATORIA CONTRA EL VIRUS SINCICIAL RESPIRATORIO - Apuntes de San Luis\" \/>\n<meta property=\"og:description\" content=\"Esta dosis, que fue recientemente incorporada al Calendario Nacional de Vacunaci\u00f3n, es gratuita, obligatoria y...\" \/>\n<meta property=\"og:url\" content=\"https:\/\/apuntesdesanluis.com\/index.php\/2024\/03\/05\/vacunacion-gratuita-y-obligatoria-contra-el-virus-sincicial-respiratorio\/\" \/>\n<meta property=\"og:site_name\" content=\"Apuntes de San Luis\" \/>\n<meta property=\"article:published_time\" content=\"2024-03-06T01:27:36+00:00\" \/>\n<meta property=\"og:image\" content=\"https:\/\/apuntesdesanluis.com\/wp-content\/uploads\/2024\/03\/vacunacion.png\" \/>\n\t<meta property=\"og:image:width\" content=\"542\" \/>\n\t<meta property=\"og:image:height\" content=\"356\" \/>\n\t<meta property=\"og:image:type\" content=\"image\/png\" \/>\n<meta name=\"author\" content=\"apuntesdesanluis.com\" \/>\n<meta name=\"twitter:card\" content=\"summary_large_image\" \/>\n<meta name=\"twitter:label1\" content=\"Escrito por\" \/>\n\t<meta name=\"twitter:data1\" content=\"apuntesdesanluis.com\" \/>\n\t<meta name=\"twitter:label2\" content=\"Tiempo de lectura\" \/>\n\t<meta name=\"twitter:data2\" content=\"2 minutos\" \/>\n<script type=\"application\/ld+json\" class=\"yoast-schema-graph\">{\"@context\":\"https:\/\/schema.org\",\"@graph\":[{\"@type\":\"Article\",\"@id\":\"https:\/\/apuntesdesanluis.com\/index.php\/2024\/03\/05\/vacunacion-gratuita-y-obligatoria-contra-el-virus-sincicial-respiratorio\/#article\",\"isPartOf\":{\"@id\":\"https:\/\/apuntesdesanluis.com\/index.php\/2024\/03\/05\/vacunacion-gratuita-y-obligatoria-contra-el-virus-sincicial-respiratorio\/\"},\"author\":{\"name\":\"apuntesdesanluis.com\",\"@id\":\"https:\/\/apuntesdesanluis.com\/#\/schema\/person\/b55151d52296fcce64d1a72538a70b90\"},\"headline\":\"VACUNACI\u00d3N GRATUITA Y OBLIGATORIA CONTRA EL VIRUS SINCICIAL RESPIRATORIO\",\"datePublished\":\"2024-03-06T01:27:36+00:00\",\"mainEntityOfPage\":{\"@id\":\"https:\/\/apuntesdesanluis.com\/index.php\/2024\/03\/05\/vacunacion-gratuita-y-obligatoria-contra-el-virus-sincicial-respiratorio\/\"},\"wordCount\":391,\"publisher\":{\"@id\":\"https:\/\/apuntesdesanluis.com\/#\/schema\/person\/b55151d52296fcce64d1a72538a70b90\"},\"image\":{\"@id\":\"https:\/\/apuntesdesanluis.com\/index.php\/2024\/03\/05\/vacunacion-gratuita-y-obligatoria-contra-el-virus-sincicial-respiratorio\/#primaryimage\"},\"thumbnailUrl\":\"https:\/\/apuntesdesanluis.com\/wp-content\/uploads\/2024\/03\/vacunacion.png\",\"articleSection\":[\"Ciudad\/Provincia\"],\"inLanguage\":\"es-AR\"},{\"@type\":\"WebPage\",\"@id\":\"https:\/\/apuntesdesanluis.com\/index.php\/2024\/03\/05\/vacunacion-gratuita-y-obligatoria-contra-el-virus-sincicial-respiratorio\/\",\"url\":\"https:\/\/apuntesdesanluis.com\/index.php\/2024\/03\/05\/vacunacion-gratuita-y-obligatoria-contra-el-virus-sincicial-respiratorio\/\",\"name\":\"VACUNACI\u00d3N GRATUITA Y OBLIGATORIA CONTRA EL VIRUS SINCICIAL RESPIRATORIO - Apuntes de San Luis\",\"isPartOf\":{\"@id\":\"https:\/\/apuntesdesanluis.com\/#website\"},\"primaryImageOfPage\":{\"@id\":\"https:\/\/apuntesdesanluis.com\/index.php\/2024\/03\/05\/vacunacion-gratuita-y-obligatoria-contra-el-virus-sincicial-respiratorio\/#primaryimage\"},\"image\":{\"@id\":\"https:\/\/apuntesdesanluis.com\/index.php\/2024\/03\/05\/vacunacion-gratuita-y-obligatoria-contra-el-virus-sincicial-respiratorio\/#primaryimage\"},\"thumbnailUrl\":\"https:\/\/apuntesdesanluis.com\/wp-content\/uploads\/2024\/03\/vacunacion.png\",\"datePublished\":\"2024-03-06T01:27:36+00:00\",\"breadcrumb\":{\"@id\":\"https:\/\/apuntesdesanluis.com\/index.php\/2024\/03\/05\/vacunacion-gratuita-y-obligatoria-contra-el-virus-sincicial-respiratorio\/#breadcrumb\"},\"inLanguage\":\"es-AR\",\"potentialAction\":[{\"@type\":\"ReadAction\",\"target\":[\"https:\/\/apuntesdesanluis.com\/index.php\/2024\/03\/05\/vacunacion-gratuita-y-obligatoria-contra-el-virus-sincicial-respiratorio\/\"]}]},{\"@type\":\"ImageObject\",\"inLanguage\":\"es-AR\",\"@id\":\"https:\/\/apuntesdesanluis.com\/index.php\/2024\/03\/05\/vacunacion-gratuita-y-obligatoria-contra-el-virus-sincicial-respiratorio\/#primaryimage\",\"url\":\"https:\/\/apuntesdesanluis.com\/wp-content\/uploads\/2024\/03\/vacunacion.png\",\"contentUrl\":\"https:\/\/apuntesdesanluis.com\/wp-content\/uploads\/2024\/03\/vacunacion.png\",\"width\":542,\"height\":356},{\"@type\":\"BreadcrumbList\",\"@id\":\"https:\/\/apuntesdesanluis.com\/index.php\/2024\/03\/05\/vacunacion-gratuita-y-obligatoria-contra-el-virus-sincicial-respiratorio\/#breadcrumb\",\"itemListElement\":[{\"@type\":\"ListItem\",\"position\":1,\"name\":\"Inicio\",\"item\":\"https:\/\/apuntesdesanluis.com\/\"},{\"@type\":\"ListItem\",\"position\":2,\"name\":\"VACUNACI\u00d3N GRATUITA Y OBLIGATORIA CONTRA EL VIRUS SINCICIAL RESPIRATORIO\"}]},{\"@type\":\"WebSite\",\"@id\":\"https:\/\/apuntesdesanluis.com\/#website\",\"url\":\"https:\/\/apuntesdesanluis.com\/\",\"name\":\"Apuntes de San Luis\",\"description\":\"\",\"publisher\":{\"@id\":\"https:\/\/apuntesdesanluis.com\/#\/schema\/person\/b55151d52296fcce64d1a72538a70b90\"},\"potentialAction\":[{\"@type\":\"SearchAction\",\"target\":{\"@type\":\"EntryPoint\",\"urlTemplate\":\"https:\/\/apuntesdesanluis.com\/?s={search_term_string}\"},\"query-input\":{\"@type\":\"PropertyValueSpecification\",\"valueRequired\":true,\"valueName\":\"search_term_string\"}}],\"inLanguage\":\"es-AR\"},{\"@type\":[\"Person\",\"Organization\"],\"@id\":\"https:\/\/apuntesdesanluis.com\/#\/schema\/person\/b55151d52296fcce64d1a72538a70b90\",\"name\":\"apuntesdesanluis.com\",\"image\":{\"@type\":\"ImageObject\",\"inLanguage\":\"es-AR\",\"@id\":\"https:\/\/apuntesdesanluis.com\/#\/schema\/person\/image\/\",\"url\":\"https:\/\/apuntesdesanluis.com\/wp-content\/uploads\/2023\/07\/cropped-apuntesdesanluis.png\",\"contentUrl\":\"https:\/\/apuntesdesanluis.com\/wp-content\/uploads\/2023\/07\/cropped-apuntesdesanluis.png\",\"width\":450,\"height\":112,\"caption\":\"apuntesdesanluis.com\"},\"logo\":{\"@id\":\"https:\/\/apuntesdesanluis.com\/#\/schema\/person\/image\/\"},\"sameAs\":[\"https:\/\/apuntesdesanluis.com\"],\"url\":\"https:\/\/apuntesdesanluis.com\/index.php\/author\/apuntesdesanluis-com\/\"}]}<\/script>\n<!-- \/ Yoast SEO plugin. -->","yoast_head_json":{"title":"VACUNACI\u00d3N GRATUITA Y OBLIGATORIA CONTRA EL VIRUS SINCICIAL RESPIRATORIO - Apuntes de San Luis","robots":{"index":"index","follow":"follow","max-snippet":"max-snippet:-1","max-image-preview":"max-image-preview:large","max-video-preview":"max-video-preview:-1"},"canonical":"https:\/\/apuntesdesanluis.com\/index.php\/2024\/03\/05\/vacunacion-gratuita-y-obligatoria-contra-el-virus-sincicial-respiratorio\/","og_locale":"es_ES","og_type":"article","og_title":"VACUNACI\u00d3N GRATUITA Y OBLIGATORIA CONTRA EL VIRUS SINCICIAL RESPIRATORIO - Apuntes de San Luis","og_description":"Esta dosis, que fue recientemente incorporada al Calendario Nacional de Vacunaci\u00f3n, es gratuita, obligatoria y...","og_url":"https:\/\/apuntesdesanluis.com\/index.php\/2024\/03\/05\/vacunacion-gratuita-y-obligatoria-contra-el-virus-sincicial-respiratorio\/","og_site_name":"Apuntes de San Luis","article_published_time":"2024-03-06T01:27:36+00:00","og_image":[{"width":542,"height":356,"url":"https:\/\/apuntesdesanluis.com\/wp-content\/uploads\/2024\/03\/vacunacion.png","type":"image\/png"}],"author":"apuntesdesanluis.com","twitter_card":"summary_large_image","twitter_misc":{"Escrito por":"apuntesdesanluis.com","Tiempo de lectura":"2 minutos"},"schema":{"@context":"https:\/\/schema.org","@graph":[{"@type":"Article","@id":"https:\/\/apuntesdesanluis.com\/index.php\/2024\/03\/05\/vacunacion-gratuita-y-obligatoria-contra-el-virus-sincicial-respiratorio\/#article","isPartOf":{"@id":"https:\/\/apuntesdesanluis.com\/index.php\/2024\/03\/05\/vacunacion-gratuita-y-obligatoria-contra-el-virus-sincicial-respiratorio\/"},"author":{"name":"apuntesdesanluis.com","@id":"https:\/\/apuntesdesanluis.com\/#\/schema\/person\/b55151d52296fcce64d1a72538a70b90"},"headline":"VACUNACI\u00d3N GRATUITA Y OBLIGATORIA CONTRA EL VIRUS SINCICIAL RESPIRATORIO","datePublished":"2024-03-06T01:27:36+00:00","mainEntityOfPage":{"@id":"https:\/\/apuntesdesanluis.com\/index.php\/2024\/03\/05\/vacunacion-gratuita-y-obligatoria-contra-el-virus-sincicial-respiratorio\/"},"wordCount":391,"publisher":{"@id":"https:\/\/apuntesdesanluis.com\/#\/schema\/person\/b55151d52296fcce64d1a72538a70b90"},"image":{"@id":"https:\/\/apuntesdesanluis.com\/index.php\/2024\/03\/05\/vacunacion-gratuita-y-obligatoria-contra-el-virus-sincicial-respiratorio\/#primaryimage"},"thumbnailUrl":"https:\/\/apuntesdesanluis.com\/wp-content\/uploads\/2024\/03\/vacunacion.png","articleSection":["Ciudad\/Provincia"],"inLanguage":"es-AR"},{"@type":"WebPage","@id":"https:\/\/apuntesdesanluis.com\/index.php\/2024\/03\/05\/vacunacion-gratuita-y-obligatoria-contra-el-virus-sincicial-respiratorio\/","url":"https:\/\/apuntesdesanluis.com\/index.php\/2024\/03\/05\/vacunacion-gratuita-y-obligatoria-contra-el-virus-sincicial-respiratorio\/","name":"VACUNACI\u00d3N GRATUITA Y OBLIGATORIA CONTRA EL VIRUS SINCICIAL RESPIRATORIO - Apuntes de San Luis","isPartOf":{"@id":"https:\/\/apuntesdesanluis.com\/#website"},"primaryImageOfPage":{"@id":"https:\/\/apuntesdesanluis.com\/index.php\/2024\/03\/05\/vacunacion-gratuita-y-obligatoria-contra-el-virus-sincicial-respiratorio\/#primaryimage"},"image":{"@id":"https:\/\/apuntesdesanluis.com\/index.php\/2024\/03\/05\/vacunacion-gratuita-y-obligatoria-contra-el-virus-sincicial-respiratorio\/#primaryimage"},"thumbnailUrl":"https:\/\/apuntesdesanluis.com\/wp-content\/uploads\/2024\/03\/vacunacion.png","datePublished":"2024-03-06T01:27:36+00:00","breadcrumb":{"@id":"https:\/\/apuntesdesanluis.com\/index.php\/2024\/03\/05\/vacunacion-gratuita-y-obligatoria-contra-el-virus-sincicial-respiratorio\/#breadcrumb"},"inLanguage":"es-AR","potentialAction":[{"@type":"ReadAction","target":["https:\/\/apuntesdesanluis.com\/index.php\/2024\/03\/05\/vacunacion-gratuita-y-obligatoria-contra-el-virus-sincicial-respiratorio\/"]}]},{"@type":"ImageObject","inLanguage":"es-AR","@id":"https:\/\/apuntesdesanluis.com\/index.php\/2024\/03\/05\/vacunacion-gratuita-y-obligatoria-contra-el-virus-sincicial-respiratorio\/#primaryimage","url":"https:\/\/apuntesdesanluis.com\/wp-content\/uploads\/2024\/03\/vacunacion.png","contentUrl":"https:\/\/apuntesdesanluis.com\/wp-content\/uploads\/2024\/03\/vacunacion.png","width":542,"height":356},{"@type":"BreadcrumbList","@id":"https:\/\/apuntesdesanluis.com\/index.php\/2024\/03\/05\/vacunacion-gratuita-y-obligatoria-contra-el-virus-sincicial-respiratorio\/#breadcrumb","itemListElement":[{"@type":"ListItem","position":1,"name":"Inicio","item":"https:\/\/apuntesdesanluis.com\/"},{"@type":"ListItem","position":2,"name":"VACUNACI\u00d3N GRATUITA Y OBLIGATORIA CONTRA EL VIRUS SINCICIAL RESPIRATORIO"}]},{"@type":"WebSite","@id":"https:\/\/apuntesdesanluis.com\/#website","url":"https:\/\/apuntesdesanluis.com\/","name":"Apuntes de San Luis","description":"","publisher":{"@id":"https:\/\/apuntesdesanluis.com\/#\/schema\/person\/b55151d52296fcce64d1a72538a70b90"},"potentialAction":[{"@type":"SearchAction","target":{"@type":"EntryPoint","urlTemplate":"https:\/\/apuntesdesanluis.com\/?s={search_term_string}"},"query-input":{"@type":"PropertyValueSpecification","valueRequired":true,"valueName":"search_term_string"}}],"inLanguage":"es-AR"},{"@type":["Person","Organization"],"@id":"https:\/\/apuntesdesanluis.com\/#\/schema\/person\/b55151d52296fcce64d1a72538a70b90","name":"apuntesdesanluis.com","image":{"@type":"ImageObject","inLanguage":"es-AR","@id":"https:\/\/apuntesdesanluis.com\/#\/schema\/person\/image\/","url":"https:\/\/apuntesdesanluis.com\/wp-content\/uploads\/2023\/07\/cropped-apuntesdesanluis.png","contentUrl":"https:\/\/apuntesdesanluis.com\/wp-content\/uploads\/2023\/07\/cropped-apuntesdesanluis.png","width":450,"height":112,"caption":"apuntesdesanluis.com"},"logo":{"@id":"https:\/\/apuntesdesanluis.com\/#\/schema\/person\/image\/"},"sameAs":["https:\/\/apuntesdesanluis.com"],"url":"https:\/\/apuntesdesanluis.com\/index.php\/author\/apuntesdesanluis-com\/"}]}},"featured_image_urls":{"full":["https:\/\/apuntesdesanluis.com\/wp-content\/uploads\/2024\/03\/vacunacion.png",542,356,false],"thumbnail":["https:\/\/apuntesdesanluis.com\/wp-content\/uploads\/2024\/03\/vacunacion-150x150.png",150,150,true],"medium":["https:\/\/apuntesdesanluis.com\/wp-content\/uploads\/2024\/03\/vacunacion-300x197.png",300,197,true],"medium_large":["https:\/\/apuntesdesanluis.com\/wp-content\/uploads\/2024\/03\/vacunacion.png",542,356,false],"large":["https:\/\/apuntesdesanluis.com\/wp-content\/uploads\/2024\/03\/vacunacion.png",542,356,false],"1536x1536":["https:\/\/apuntesdesanluis.com\/wp-content\/uploads\/2024\/03\/vacunacion.png",542,356,false],"2048x2048":["https:\/\/apuntesdesanluis.com\/wp-content\/uploads\/2024\/03\/vacunacion.png",542,356,false],"newsever-slider-full":["https:\/\/apuntesdesanluis.com\/wp-content\/uploads\/2024\/03\/vacunacion.png",542,356,false],"newsever-featured":["https:\/\/apuntesdesanluis.com\/wp-content\/uploads\/2024\/03\/vacunacion.png",542,356,false],"newsever-medium":["https:\/\/apuntesdesanluis.com\/wp-content\/uploads\/2024\/03\/vacunacion.png",542,356,false]},"author_info":{"display_name":"apuntesdesanluis.com","author_link":"https:\/\/apuntesdesanluis.com\/index.php\/author\/apuntesdesanluis-com\/"},"category_info":"<a href=\"https:\/\/apuntesdesanluis.com\/index.php\/category\/ciudad-provincia\/\" rel=\"category tag\">Ciudad\/Provincia<\/a>","tag_info":"Ciudad\/Provincia","comment_count":"0","_links":{"self":[{"href":"https:\/\/apuntesdesanluis.com\/index.php\/wp-json\/wp\/v2\/posts\/12724","targetHints":{"allow":["GET"]}}],"collection":[{"href":"https:\/\/apuntesdesanluis.com\/index.php\/wp-json\/wp\/v2\/posts"}],"about":[{"href":"https:\/\/apuntesdesanluis.com\/index.php\/wp-json\/wp\/v2\/types\/post"}],"author":[{"embeddable":true,"href":"https:\/\/apuntesdesanluis.com\/index.php\/wp-json\/wp\/v2\/users\/1"}],"replies":[{"embeddable":true,"href":"https:\/\/apuntesdesanluis.com\/index.php\/wp-json\/wp\/v2\/comments?post=12724"}],"version-history":[{"count":2,"href":"https:\/\/apuntesdesanluis.com\/index.php\/wp-json\/wp\/v2\/posts\/12724\/revisions"}],"predecessor-version":[{"id":12728,"href":"https:\/\/apuntesdesanluis.com\/index.php\/wp-json\/wp\/v2\/posts\/12724\/revisions\/12728"}],"wp:featuredmedia":[{"embeddable":true,"href":"https:\/\/apuntesdesanluis.com\/index.php\/wp-json\/wp\/v2\/media\/12725"}],"wp:attachment":[{"href":"https:\/\/apuntesdesanluis.com\/index.php\/wp-json\/wp\/v2\/media?parent=12724"}],"wp:term":[{"taxonomy":"category","embeddable":true,"href":"https:\/\/apuntesdesanluis.com\/index.php\/wp-json\/wp\/v2\/categories?post=12724"},{"taxonomy":"post_tag","embeddable":true,"href":"https:\/\/apuntesdesanluis.com\/index.php\/wp-json\/wp\/v2\/tags?post=12724"}],"curies":[{"name":"wp","href":"https:\/\/api.w.org\/{rel}","templated":true}]}}