{"id":12738,"date":"2024-03-05T22:13:36","date_gmt":"2024-03-06T01:13:36","guid":{"rendered":"https:\/\/apuntesdesanluis.com\/?p=12738"},"modified":"2024-03-06T01:15:21","modified_gmt":"2024-03-06T04:15:21","slug":"con-lo-cara-que-estan-la-policia-logro-recuperar-760-cubiertas-robadas","status":"publish","type":"post","link":"https:\/\/apuntesdesanluis.com\/index.php\/2024\/03\/05\/con-lo-cara-que-estan-la-policia-logro-recuperar-760-cubiertas-robadas\/","title":{"rendered":"CON LO CARA QUE EST\u00c1N: LA POLIC\u00cdA LOGR\u00d3 RECUPERAR 760 CUBIERTAS ROBADAS"},"content":{"rendered":"<h3 class=\"ng-star-inserted\" style=\"vertical-align: baseline;\"><span style=\"font-family: 'Arial','sans-serif';\">Personal del Departamento de Investigaciones de Villa Mercedes recuper\u00f3 este martes una millonaria carga de cubiertas de veh\u00edculos que hab\u00edan sido robadas a un camionero en la provincia de Mendoza.<\/span><\/h3>\n<h3 class=\"ng-star-inserted\" style=\"vertical-align: baseline;\"><span style=\"font-family: 'Arial','sans-serif';\">Tres personas fueron demoradas en el procedimiento. Asimismo, de acuerdo a la informaci\u00f3n, la carga recuperada est\u00e1 valuada en 350 millones de pesos, aproximadamente.<\/span><\/h3>\n<h3 class=\"ng-star-inserted\" style=\"vertical-align: baseline;\"><span style=\"font-family: 'Arial','sans-serif';\">El il\u00edcito se hab\u00eda producido el pasado 9 de febrero, cuando un transportista -oriundo de Mendoza (vendedor de cubiertas) sali\u00f3 en su cami\u00f3n que remolcaba un acoplado cargado con 760 cubiertas de distintos rodados. Durante el viaje en ruta, fue interceptado por otro veh\u00edculo con dos ocupantes, que a punta de arma de fuego tomaron el poder del rodado.<\/span><\/h3>\n<h3 class=\"ng-star-inserted\" style=\"vertical-align: baseline;\"><span style=\"font-family: 'Arial','sans-serif';\">De acuerdo a la informaci\u00f3n, los delincuentes amenazaron al propietario de la carga con el arma de fuego, le cubrieron los ojos y lo trasladaron hacia la localidad de Zanjitas. En ese lugar lo bajaron del cami\u00f3n, y lo llevaron en otro veh\u00edculo hasta una vivienda. Los sujetos mantuvieron al chofer del cami\u00f3n en ese sitio hasta horas de la noche de esa jornada, cuando finalmente lo trasladaron en otro veh\u00edculo hasta la ciudad de Mendoza, dej\u00e1ndolo en una estaci\u00f3n de servicio del lugar.<\/span><\/h3>\n<p><img fetchpriority=\"high\" decoding=\"async\" class=\"wp-image-12740 aligncenter\" src=\"https:\/\/apuntesdesanluis.com\/wp-content\/uploads\/2024\/03\/mas-cubiertas-300x169.png\" alt=\"\" width=\"664\" height=\"374\" srcset=\"https:\/\/apuntesdesanluis.com\/wp-content\/uploads\/2024\/03\/mas-cubiertas-300x169.png 300w, https:\/\/apuntesdesanluis.com\/wp-content\/uploads\/2024\/03\/mas-cubiertas.png 688w\" sizes=\"(max-width: 664px) 100vw, 664px\" \/><\/p>\n<h3 class=\"ng-star-inserted\" style=\"margin-top: 0cm; vertical-align: baseline;\"><span style=\"font-family: 'Arial','sans-serif';\">A ra\u00edz del hecho, y por pedido de colaboraci\u00f3n de la Polic\u00eda de Mendoza, se realizaron distintas tareas investigativas en base a los registros de las c\u00e1maras de seguridad y los p\u00f3rticos lectores de patentes con los que cuenta la provincia de San Luis. En ese sentido, se pudo observar que el cami\u00f3n ingres\u00f3 a la provincia por La Horqueta. Posteriormente, se registraron im\u00e1genes del veh\u00edculo con acoplado en la ciudad de Villa Mercedes.<\/span><\/h3>\n<h3 class=\"ng-star-inserted\" style=\"vertical-align: baseline;\"><span style=\"font-family: 'Arial','sans-serif';\">Asimismo, de acuerdo a los informes, se pudo establecer que en todo momento detr\u00e1s del rodado con carga circulaba otro cami\u00f3n, con patente chilena. A partir de estos datos se pidi\u00f3 un informe al centro de monitoreo de la provincia, en el cual se observa el movimiento de ambos camiones. En ese marco, la \u00faltima vez que fueron captados por una c\u00e1mara de seguridad fue en la zona de calle Chacabuco y Ruta Provincial 2B, donde despu\u00e9s se pierden de vista.<\/span><\/h3>\n<h3 class=\"ng-star-inserted\" style=\"vertical-align: baseline;\"><span style=\"font-family: 'Arial','sans-serif';\">Este martes, como parte de los trabajos investigativos llevados adelante por personal del Departamento de Investigaciones de la Polic\u00eda de San Luis en la zona del barrio Ciudad Jard\u00edn de Villa Mercedes, se observ\u00f3 que de un domicilio de ese barrio sali\u00f3 una camioneta Toyota Hilux con varias cubiertas en la caja. <\/span><\/h3>\n<h3 class=\"ng-star-inserted\" style=\"vertical-align: baseline;\"><span style=\"font-family: 'Arial','sans-serif';\">Inmediatamente se hizo un seguimiento del veh\u00edculo y en las inmediaciones de Colectora Norte de la Autopista Serran\u00edas Puntanas, los efectivos policiales interceptaron la camioneta y constataron que los neum\u00e1ticos eran los mismos que hab\u00edan sido sustra\u00eddos en el hecho delictivo.<\/span><\/h3>\n<h3 class=\"ng-star-inserted\" style=\"margin-top: 0cm; vertical-align: baseline;\"><span style=\"font-family: 'Arial','sans-serif';\">Posteriormente, personal policial se dirigi\u00f3 al domicilio donde hab\u00eda salido la camioneta y encontraron el cami\u00f3n junto con el acoplado, el cual conten\u00eda las cubiertas que hab\u00edan sustra\u00eddo. <\/span><\/h3>\n<h3 class=\"ng-star-inserted\" style=\"margin-top: 0cm; vertical-align: baseline;\"><span style=\"font-family: 'Arial','sans-serif';\">Tom\u00f3 intervenci\u00f3n la fiscal\u00eda de turno de la Segunda Circunscripci\u00f3n Judicial, a cargo del Dr. Leandro Estrada.<\/span><\/h3>\n<p>&nbsp;<\/p>\n<p>&nbsp;<\/p>\n<p>&nbsp;<\/p>\n<p class=\"ng-star-inserted\" style=\"margin-top: 0cm; vertical-align: baseline;\"><span style=\"font-family: 'Arial','sans-serif';\">\u00a0<\/span><\/p>\n<p class=\"ng-star-inserted\" style=\"margin-top: 0cm; vertical-align: baseline;\"><span style=\"font-family: 'var(--fonts-texts)','serif';\">\u00a0<\/span><\/p>\n<p class=\"ng-star-inserted\" style=\"margin-top: 0cm; vertical-align: baseline;\"><span style=\"font-family: 'var(--fonts-texts)','serif';\">\u00a0<\/span><\/p>\n<p>&nbsp;<\/p>\n","protected":false},"excerpt":{"rendered":"<p>Personal del Departamento de Investigaciones de Villa Mercedes recuper\u00f3 este martes una millonaria carga de&#8230;<\/p>\n","protected":false},"author":1,"featured_media":12739,"comment_status":"closed","ping_status":"closed","sticky":false,"template":"","format":"standard","meta":{"footnotes":""},"categories":[6],"tags":[],"class_list":["post-12738","post","type-post","status-publish","format-standard","has-post-thumbnail","hentry","category-ciudad-provincia"],"yoast_head":"<!-- This site is optimized with the Yoast SEO plugin v26.1.1 - https:\/\/yoast.com\/wordpress\/plugins\/seo\/ -->\n<title>CON LO CARA QUE EST\u00c1N: LA POLIC\u00cdA LOGR\u00d3 RECUPERAR 760 CUBIERTAS ROBADAS - Apuntes de San Luis<\/title>\n<meta name=\"robots\" content=\"index, follow, max-snippet:-1, max-image-preview:large, max-video-preview:-1\" \/>\n<link rel=\"canonical\" href=\"https:\/\/apuntesdesanluis.com\/index.php\/2024\/03\/05\/con-lo-cara-que-estan-la-policia-logro-recuperar-760-cubiertas-robadas\/\" \/>\n<meta property=\"og:locale\" content=\"es_ES\" \/>\n<meta property=\"og:type\" content=\"article\" \/>\n<meta property=\"og:title\" content=\"CON LO CARA QUE EST\u00c1N: LA POLIC\u00cdA LOGR\u00d3 RECUPERAR 760 CUBIERTAS ROBADAS - Apuntes de San Luis\" \/>\n<meta property=\"og:description\" content=\"Personal del Departamento de Investigaciones de Villa Mercedes recuper\u00f3 este martes una millonaria carga de...\" \/>\n<meta property=\"og:url\" content=\"https:\/\/apuntesdesanluis.com\/index.php\/2024\/03\/05\/con-lo-cara-que-estan-la-policia-logro-recuperar-760-cubiertas-robadas\/\" \/>\n<meta property=\"og:site_name\" content=\"Apuntes de San Luis\" \/>\n<meta property=\"article:published_time\" content=\"2024-03-06T01:13:36+00:00\" \/>\n<meta property=\"article:modified_time\" content=\"2024-03-06T04:15:21+00:00\" \/>\n<meta property=\"og:image\" content=\"https:\/\/apuntesdesanluis.com\/wp-content\/uploads\/2024\/03\/cubiertas-tapa.png\" \/>\n\t<meta property=\"og:image:width\" content=\"646\" \/>\n\t<meta property=\"og:image:height\" content=\"435\" \/>\n\t<meta property=\"og:image:type\" content=\"image\/png\" \/>\n<meta name=\"author\" content=\"apuntesdesanluis.com\" \/>\n<meta name=\"twitter:card\" content=\"summary_large_image\" \/>\n<meta name=\"twitter:label1\" content=\"Escrito por\" \/>\n\t<meta name=\"twitter:data1\" content=\"apuntesdesanluis.com\" \/>\n\t<meta name=\"twitter:label2\" content=\"Tiempo de lectura\" \/>\n\t<meta name=\"twitter:data2\" content=\"3 minutos\" \/>\n<script type=\"application\/ld+json\" class=\"yoast-schema-graph\">{\"@context\":\"https:\/\/schema.org\",\"@graph\":[{\"@type\":\"Article\",\"@id\":\"https:\/\/apuntesdesanluis.com\/index.php\/2024\/03\/05\/con-lo-cara-que-estan-la-policia-logro-recuperar-760-cubiertas-robadas\/#article\",\"isPartOf\":{\"@id\":\"https:\/\/apuntesdesanluis.com\/index.php\/2024\/03\/05\/con-lo-cara-que-estan-la-policia-logro-recuperar-760-cubiertas-robadas\/\"},\"author\":{\"name\":\"apuntesdesanluis.com\",\"@id\":\"https:\/\/apuntesdesanluis.com\/#\/schema\/person\/b55151d52296fcce64d1a72538a70b90\"},\"headline\":\"CON LO CARA QUE EST\u00c1N: LA POLIC\u00cdA LOGR\u00d3 RECUPERAR 760 CUBIERTAS ROBADAS\",\"datePublished\":\"2024-03-06T01:13:36+00:00\",\"dateModified\":\"2024-03-06T04:15:21+00:00\",\"mainEntityOfPage\":{\"@id\":\"https:\/\/apuntesdesanluis.com\/index.php\/2024\/03\/05\/con-lo-cara-que-estan-la-policia-logro-recuperar-760-cubiertas-robadas\/\"},\"wordCount\":545,\"publisher\":{\"@id\":\"https:\/\/apuntesdesanluis.com\/#\/schema\/person\/b55151d52296fcce64d1a72538a70b90\"},\"image\":{\"@id\":\"https:\/\/apuntesdesanluis.com\/index.php\/2024\/03\/05\/con-lo-cara-que-estan-la-policia-logro-recuperar-760-cubiertas-robadas\/#primaryimage\"},\"thumbnailUrl\":\"https:\/\/apuntesdesanluis.com\/wp-content\/uploads\/2024\/03\/cubiertas-tapa.png\",\"articleSection\":[\"Ciudad\/Provincia\"],\"inLanguage\":\"es-AR\"},{\"@type\":\"WebPage\",\"@id\":\"https:\/\/apuntesdesanluis.com\/index.php\/2024\/03\/05\/con-lo-cara-que-estan-la-policia-logro-recuperar-760-cubiertas-robadas\/\",\"url\":\"https:\/\/apuntesdesanluis.com\/index.php\/2024\/03\/05\/con-lo-cara-que-estan-la-policia-logro-recuperar-760-cubiertas-robadas\/\",\"name\":\"CON LO CARA QUE EST\u00c1N: LA POLIC\u00cdA LOGR\u00d3 RECUPERAR 760 CUBIERTAS ROBADAS - Apuntes de San Luis\",\"isPartOf\":{\"@id\":\"https:\/\/apuntesdesanluis.com\/#website\"},\"primaryImageOfPage\":{\"@id\":\"https:\/\/apuntesdesanluis.com\/index.php\/2024\/03\/05\/con-lo-cara-que-estan-la-policia-logro-recuperar-760-cubiertas-robadas\/#primaryimage\"},\"image\":{\"@id\":\"https:\/\/apuntesdesanluis.com\/index.php\/2024\/03\/05\/con-lo-cara-que-estan-la-policia-logro-recuperar-760-cubiertas-robadas\/#primaryimage\"},\"thumbnailUrl\":\"https:\/\/apuntesdesanluis.com\/wp-content\/uploads\/2024\/03\/cubiertas-tapa.png\",\"datePublished\":\"2024-03-06T01:13:36+00:00\",\"dateModified\":\"2024-03-06T04:15:21+00:00\",\"breadcrumb\":{\"@id\":\"https:\/\/apuntesdesanluis.com\/index.php\/2024\/03\/05\/con-lo-cara-que-estan-la-policia-logro-recuperar-760-cubiertas-robadas\/#breadcrumb\"},\"inLanguage\":\"es-AR\",\"potentialAction\":[{\"@type\":\"ReadAction\",\"target\":[\"https:\/\/apuntesdesanluis.com\/index.php\/2024\/03\/05\/con-lo-cara-que-estan-la-policia-logro-recuperar-760-cubiertas-robadas\/\"]}]},{\"@type\":\"ImageObject\",\"inLanguage\":\"es-AR\",\"@id\":\"https:\/\/apuntesdesanluis.com\/index.php\/2024\/03\/05\/con-lo-cara-que-estan-la-policia-logro-recuperar-760-cubiertas-robadas\/#primaryimage\",\"url\":\"https:\/\/apuntesdesanluis.com\/wp-content\/uploads\/2024\/03\/cubiertas-tapa.png\",\"contentUrl\":\"https:\/\/apuntesdesanluis.com\/wp-content\/uploads\/2024\/03\/cubiertas-tapa.png\",\"width\":646,\"height\":435},{\"@type\":\"BreadcrumbList\",\"@id\":\"https:\/\/apuntesdesanluis.com\/index.php\/2024\/03\/05\/con-lo-cara-que-estan-la-policia-logro-recuperar-760-cubiertas-robadas\/#breadcrumb\",\"itemListElement\":[{\"@type\":\"ListItem\",\"position\":1,\"name\":\"Inicio\",\"item\":\"https:\/\/apuntesdesanluis.com\/\"},{\"@type\":\"ListItem\",\"position\":2,\"name\":\"CON LO CARA QUE EST\u00c1N: LA POLIC\u00cdA LOGR\u00d3 RECUPERAR 760 CUBIERTAS ROBADAS\"}]},{\"@type\":\"WebSite\",\"@id\":\"https:\/\/apuntesdesanluis.com\/#website\",\"url\":\"https:\/\/apuntesdesanluis.com\/\",\"name\":\"Apuntes de San Luis\",\"description\":\"\",\"publisher\":{\"@id\":\"https:\/\/apuntesdesanluis.com\/#\/schema\/person\/b55151d52296fcce64d1a72538a70b90\"},\"potentialAction\":[{\"@type\":\"SearchAction\",\"target\":{\"@type\":\"EntryPoint\",\"urlTemplate\":\"https:\/\/apuntesdesanluis.com\/?s={search_term_string}\"},\"query-input\":{\"@type\":\"PropertyValueSpecification\",\"valueRequired\":true,\"valueName\":\"search_term_string\"}}],\"inLanguage\":\"es-AR\"},{\"@type\":[\"Person\",\"Organization\"],\"@id\":\"https:\/\/apuntesdesanluis.com\/#\/schema\/person\/b55151d52296fcce64d1a72538a70b90\",\"name\":\"apuntesdesanluis.com\",\"image\":{\"@type\":\"ImageObject\",\"inLanguage\":\"es-AR\",\"@id\":\"https:\/\/apuntesdesanluis.com\/#\/schema\/person\/image\/\",\"url\":\"https:\/\/apuntesdesanluis.com\/wp-content\/uploads\/2023\/07\/cropped-apuntesdesanluis.png\",\"contentUrl\":\"https:\/\/apuntesdesanluis.com\/wp-content\/uploads\/2023\/07\/cropped-apuntesdesanluis.png\",\"width\":450,\"height\":112,\"caption\":\"apuntesdesanluis.com\"},\"logo\":{\"@id\":\"https:\/\/apuntesdesanluis.com\/#\/schema\/person\/image\/\"},\"sameAs\":[\"https:\/\/apuntesdesanluis.com\"],\"url\":\"https:\/\/apuntesdesanluis.com\/index.php\/author\/apuntesdesanluis-com\/\"}]}<\/script>\n<!-- \/ Yoast SEO plugin. -->","yoast_head_json":{"title":"CON LO CARA QUE EST\u00c1N: LA POLIC\u00cdA LOGR\u00d3 RECUPERAR 760 CUBIERTAS ROBADAS - Apuntes de San Luis","robots":{"index":"index","follow":"follow","max-snippet":"max-snippet:-1","max-image-preview":"max-image-preview:large","max-video-preview":"max-video-preview:-1"},"canonical":"https:\/\/apuntesdesanluis.com\/index.php\/2024\/03\/05\/con-lo-cara-que-estan-la-policia-logro-recuperar-760-cubiertas-robadas\/","og_locale":"es_ES","og_type":"article","og_title":"CON LO CARA QUE EST\u00c1N: LA POLIC\u00cdA LOGR\u00d3 RECUPERAR 760 CUBIERTAS ROBADAS - Apuntes de San Luis","og_description":"Personal del Departamento de Investigaciones de Villa Mercedes recuper\u00f3 este martes una millonaria carga de...","og_url":"https:\/\/apuntesdesanluis.com\/index.php\/2024\/03\/05\/con-lo-cara-que-estan-la-policia-logro-recuperar-760-cubiertas-robadas\/","og_site_name":"Apuntes de San Luis","article_published_time":"2024-03-06T01:13:36+00:00","article_modified_time":"2024-03-06T04:15:21+00:00","og_image":[{"width":646,"height":435,"url":"https:\/\/apuntesdesanluis.com\/wp-content\/uploads\/2024\/03\/cubiertas-tapa.png","type":"image\/png"}],"author":"apuntesdesanluis.com","twitter_card":"summary_large_image","twitter_misc":{"Escrito por":"apuntesdesanluis.com","Tiempo de lectura":"3 minutos"},"schema":{"@context":"https:\/\/schema.org","@graph":[{"@type":"Article","@id":"https:\/\/apuntesdesanluis.com\/index.php\/2024\/03\/05\/con-lo-cara-que-estan-la-policia-logro-recuperar-760-cubiertas-robadas\/#article","isPartOf":{"@id":"https:\/\/apuntesdesanluis.com\/index.php\/2024\/03\/05\/con-lo-cara-que-estan-la-policia-logro-recuperar-760-cubiertas-robadas\/"},"author":{"name":"apuntesdesanluis.com","@id":"https:\/\/apuntesdesanluis.com\/#\/schema\/person\/b55151d52296fcce64d1a72538a70b90"},"headline":"CON LO CARA QUE EST\u00c1N: LA POLIC\u00cdA LOGR\u00d3 RECUPERAR 760 CUBIERTAS ROBADAS","datePublished":"2024-03-06T01:13:36+00:00","dateModified":"2024-03-06T04:15:21+00:00","mainEntityOfPage":{"@id":"https:\/\/apuntesdesanluis.com\/index.php\/2024\/03\/05\/con-lo-cara-que-estan-la-policia-logro-recuperar-760-cubiertas-robadas\/"},"wordCount":545,"publisher":{"@id":"https:\/\/apuntesdesanluis.com\/#\/schema\/person\/b55151d52296fcce64d1a72538a70b90"},"image":{"@id":"https:\/\/apuntesdesanluis.com\/index.php\/2024\/03\/05\/con-lo-cara-que-estan-la-policia-logro-recuperar-760-cubiertas-robadas\/#primaryimage"},"thumbnailUrl":"https:\/\/apuntesdesanluis.com\/wp-content\/uploads\/2024\/03\/cubiertas-tapa.png","articleSection":["Ciudad\/Provincia"],"inLanguage":"es-AR"},{"@type":"WebPage","@id":"https:\/\/apuntesdesanluis.com\/index.php\/2024\/03\/05\/con-lo-cara-que-estan-la-policia-logro-recuperar-760-cubiertas-robadas\/","url":"https:\/\/apuntesdesanluis.com\/index.php\/2024\/03\/05\/con-lo-cara-que-estan-la-policia-logro-recuperar-760-cubiertas-robadas\/","name":"CON LO CARA QUE EST\u00c1N: LA POLIC\u00cdA LOGR\u00d3 RECUPERAR 760 CUBIERTAS ROBADAS - Apuntes de San Luis","isPartOf":{"@id":"https:\/\/apuntesdesanluis.com\/#website"},"primaryImageOfPage":{"@id":"https:\/\/apuntesdesanluis.com\/index.php\/2024\/03\/05\/con-lo-cara-que-estan-la-policia-logro-recuperar-760-cubiertas-robadas\/#primaryimage"},"image":{"@id":"https:\/\/apuntesdesanluis.com\/index.php\/2024\/03\/05\/con-lo-cara-que-estan-la-policia-logro-recuperar-760-cubiertas-robadas\/#primaryimage"},"thumbnailUrl":"https:\/\/apuntesdesanluis.com\/wp-content\/uploads\/2024\/03\/cubiertas-tapa.png","datePublished":"2024-03-06T01:13:36+00:00","dateModified":"2024-03-06T04:15:21+00:00","breadcrumb":{"@id":"https:\/\/apuntesdesanluis.com\/index.php\/2024\/03\/05\/con-lo-cara-que-estan-la-policia-logro-recuperar-760-cubiertas-robadas\/#breadcrumb"},"inLanguage":"es-AR","potentialAction":[{"@type":"ReadAction","target":["https:\/\/apuntesdesanluis.com\/index.php\/2024\/03\/05\/con-lo-cara-que-estan-la-policia-logro-recuperar-760-cubiertas-robadas\/"]}]},{"@type":"ImageObject","inLanguage":"es-AR","@id":"https:\/\/apuntesdesanluis.com\/index.php\/2024\/03\/05\/con-lo-cara-que-estan-la-policia-logro-recuperar-760-cubiertas-robadas\/#primaryimage","url":"https:\/\/apuntesdesanluis.com\/wp-content\/uploads\/2024\/03\/cubiertas-tapa.png","contentUrl":"https:\/\/apuntesdesanluis.com\/wp-content\/uploads\/2024\/03\/cubiertas-tapa.png","width":646,"height":435},{"@type":"BreadcrumbList","@id":"https:\/\/apuntesdesanluis.com\/index.php\/2024\/03\/05\/con-lo-cara-que-estan-la-policia-logro-recuperar-760-cubiertas-robadas\/#breadcrumb","itemListElement":[{"@type":"ListItem","position":1,"name":"Inicio","item":"https:\/\/apuntesdesanluis.com\/"},{"@type":"ListItem","position":2,"name":"CON LO CARA QUE EST\u00c1N: LA POLIC\u00cdA LOGR\u00d3 RECUPERAR 760 CUBIERTAS ROBADAS"}]},{"@type":"WebSite","@id":"https:\/\/apuntesdesanluis.com\/#website","url":"https:\/\/apuntesdesanluis.com\/","name":"Apuntes de San Luis","description":"","publisher":{"@id":"https:\/\/apuntesdesanluis.com\/#\/schema\/person\/b55151d52296fcce64d1a72538a70b90"},"potentialAction":[{"@type":"SearchAction","target":{"@type":"EntryPoint","urlTemplate":"https:\/\/apuntesdesanluis.com\/?s={search_term_string}"},"query-input":{"@type":"PropertyValueSpecification","valueRequired":true,"valueName":"search_term_string"}}],"inLanguage":"es-AR"},{"@type":["Person","Organization"],"@id":"https:\/\/apuntesdesanluis.com\/#\/schema\/person\/b55151d52296fcce64d1a72538a70b90","name":"apuntesdesanluis.com","image":{"@type":"ImageObject","inLanguage":"es-AR","@id":"https:\/\/apuntesdesanluis.com\/#\/schema\/person\/image\/","url":"https:\/\/apuntesdesanluis.com\/wp-content\/uploads\/2023\/07\/cropped-apuntesdesanluis.png","contentUrl":"https:\/\/apuntesdesanluis.com\/wp-content\/uploads\/2023\/07\/cropped-apuntesdesanluis.png","width":450,"height":112,"caption":"apuntesdesanluis.com"},"logo":{"@id":"https:\/\/apuntesdesanluis.com\/#\/schema\/person\/image\/"},"sameAs":["https:\/\/apuntesdesanluis.com"],"url":"https:\/\/apuntesdesanluis.com\/index.php\/author\/apuntesdesanluis-com\/"}]}},"featured_image_urls":{"full":["https:\/\/apuntesdesanluis.com\/wp-content\/uploads\/2024\/03\/cubiertas-tapa.png",646,435,false],"thumbnail":["https:\/\/apuntesdesanluis.com\/wp-content\/uploads\/2024\/03\/cubiertas-tapa-150x150.png",150,150,true],"medium":["https:\/\/apuntesdesanluis.com\/wp-content\/uploads\/2024\/03\/cubiertas-tapa-300x202.png",300,202,true],"medium_large":["https:\/\/apuntesdesanluis.com\/wp-content\/uploads\/2024\/03\/cubiertas-tapa.png",640,431,false],"large":["https:\/\/apuntesdesanluis.com\/wp-content\/uploads\/2024\/03\/cubiertas-tapa.png",640,431,false],"1536x1536":["https:\/\/apuntesdesanluis.com\/wp-content\/uploads\/2024\/03\/cubiertas-tapa.png",646,435,false],"2048x2048":["https:\/\/apuntesdesanluis.com\/wp-content\/uploads\/2024\/03\/cubiertas-tapa.png",646,435,false],"newsever-slider-full":["https:\/\/apuntesdesanluis.com\/wp-content\/uploads\/2024\/03\/cubiertas-tapa.png",646,435,false],"newsever-featured":["https:\/\/apuntesdesanluis.com\/wp-content\/uploads\/2024\/03\/cubiertas-tapa.png",646,435,false],"newsever-medium":["https:\/\/apuntesdesanluis.com\/wp-content\/uploads\/2024\/03\/cubiertas-tapa.png",646,435,false]},"author_info":{"display_name":"apuntesdesanluis.com","author_link":"https:\/\/apuntesdesanluis.com\/index.php\/author\/apuntesdesanluis-com\/"},"category_info":"<a href=\"https:\/\/apuntesdesanluis.com\/index.php\/category\/ciudad-provincia\/\" rel=\"category tag\">Ciudad\/Provincia<\/a>","tag_info":"Ciudad\/Provincia","comment_count":"0","_links":{"self":[{"href":"https:\/\/apuntesdesanluis.com\/index.php\/wp-json\/wp\/v2\/posts\/12738","targetHints":{"allow":["GET"]}}],"collection":[{"href":"https:\/\/apuntesdesanluis.com\/index.php\/wp-json\/wp\/v2\/posts"}],"about":[{"href":"https:\/\/apuntesdesanluis.com\/index.php\/wp-json\/wp\/v2\/types\/post"}],"author":[{"embeddable":true,"href":"https:\/\/apuntesdesanluis.com\/index.php\/wp-json\/wp\/v2\/users\/1"}],"replies":[{"embeddable":true,"href":"https:\/\/apuntesdesanluis.com\/index.php\/wp-json\/wp\/v2\/comments?post=12738"}],"version-history":[{"count":1,"href":"https:\/\/apuntesdesanluis.com\/index.php\/wp-json\/wp\/v2\/posts\/12738\/revisions"}],"predecessor-version":[{"id":12741,"href":"https:\/\/apuntesdesanluis.com\/index.php\/wp-json\/wp\/v2\/posts\/12738\/revisions\/12741"}],"wp:featuredmedia":[{"embeddable":true,"href":"https:\/\/apuntesdesanluis.com\/index.php\/wp-json\/wp\/v2\/media\/12739"}],"wp:attachment":[{"href":"https:\/\/apuntesdesanluis.com\/index.php\/wp-json\/wp\/v2\/media?parent=12738"}],"wp:term":[{"taxonomy":"category","embeddable":true,"href":"https:\/\/apuntesdesanluis.com\/index.php\/wp-json\/wp\/v2\/categories?post=12738"},{"taxonomy":"post_tag","embeddable":true,"href":"https:\/\/apuntesdesanluis.com\/index.php\/wp-json\/wp\/v2\/tags?post=12738"}],"curies":[{"name":"wp","href":"https:\/\/api.w.org\/{rel}","templated":true}]}}