{"id":12742,"date":"2024-03-06T01:25:27","date_gmt":"2024-03-06T04:25:27","guid":{"rendered":"https:\/\/apuntesdesanluis.com\/?p=12742"},"modified":"2024-03-06T01:25:27","modified_gmt":"2024-03-06T04:25:27","slug":"entusiasmado-por-el-caso-telam-ahora-milei-quiere-cerrar-canal-7-radio-nacional-y-paka-paka","status":"publish","type":"post","link":"https:\/\/apuntesdesanluis.com\/index.php\/2024\/03\/06\/entusiasmado-por-el-caso-telam-ahora-milei-quiere-cerrar-canal-7-radio-nacional-y-paka-paka\/","title":{"rendered":"ENTUSIASMADO POR EL CASO T\u00c9LAM, AHORA MILEI QUIERE CERRAR CANAL 7, RADIO NACIONAL Y PAKA PAKA"},"content":{"rendered":"<h3 class=\"ng-star-inserted\" style=\"vertical-align: baseline;\"><span style=\"font-family: 'Arial','sans-serif';\">En el Gobierno aseguran que es inminente el anuncio del cierre de los medios p\u00fablicos. Incluso trascendi\u00f3 que que en la TV P\u00fablica quieren poner una pantalla en negro. Una imagen similar a la de T\u00e9lam, que desde la madrugada del lunes apareci\u00f3 con el cartel de &#8220;P\u00e1gina en reconstrucci\u00f3n&#8221; y una imagen del escudo nacional, luego de casi 80 a\u00f1os de funcionamiento.<\/span><\/h3>\n<p><img fetchpriority=\"high\" decoding=\"async\" class=\"wp-image-12743 aligncenter\" src=\"https:\/\/apuntesdesanluis.com\/wp-content\/uploads\/2024\/03\/blanco-300x165.png\" alt=\"\" width=\"693\" height=\"381\" srcset=\"https:\/\/apuntesdesanluis.com\/wp-content\/uploads\/2024\/03\/blanco-300x165.png 300w, https:\/\/apuntesdesanluis.com\/wp-content\/uploads\/2024\/03\/blanco.png 620w\" sizes=\"(max-width: 693px) 100vw, 693px\" \/><\/p>\n<h3 class=\"ng-star-inserted\" style=\"vertical-align: baseline;\"><span style=\"font-family: 'Arial','sans-serif';\">El presidente <strong>Javier Milei<\/strong> cree que con el cierre total de los medios p\u00fablicos dar\u00e1 un mensaje tanto a la sociedad como a la pol\u00edtica. Con la sociedad busca ganar la &#8220;batalla cultural&#8221; y demostrar que cumple con sus promesas de campa\u00f1a.<\/span><\/h3>\n<h3 class=\"ng-star-inserted\" style=\"vertical-align: baseline;\"><span style=\"font-family: 'Arial','sans-serif';\">&#8220;Falleci\u00f3 el Teorema de Baglini&#8221;, dijo Diana Mondino para aludir a que Milei cumpli\u00f3 con lo que prometi\u00f3. La canciller se burl\u00f3 del cierre de T\u00e9lam como hizo el vocero presidencial, Manuel Adorni, una muestra de la euforia que se vivi\u00f3 entre los libertarios por el cierre de la agencia pese a que eso afecta a 780 trabajadores.<\/span><\/h3>\n<h3 class=\"ng-star-inserted\" style=\"vertical-align: baseline;\"><span style=\"font-family: 'Arial','sans-serif';\">Con la pol\u00edtica, en tanto, Milei busca mostrarse como el temerario que se atrevi\u00f3 a hacer lo que no se animaron Domingo Cavallo, Dar\u00edo Lop\u00e9rfido y Hern\u00e1n Lombardi, en ese orden.<\/span><\/h3>\n<h3 class=\"ng-star-inserted\" style=\"vertical-align: baseline;\"><span style=\"font-family: 'Arial','sans-serif';\">La semana pasada hab\u00eda renunciado el nuevo titular de Contenidos P\u00fablicos SE, Cristian Sedam, acaso previendo lo que se ven\u00eda. Esa empresa controla Paka Paka, canal Encuentro y DeporTV, que dejar\u00e1n de emitir, de acuerdo a lo que aseguraron a LPO en Casa Rosada.<\/span><\/h3>\n<h3 class=\"ng-star-inserted\" style=\"margin-top: 0cm; vertical-align: baseline;\"><span style=\"font-family: 'Arial','sans-serif';\">Radio Nacional, en tanto, es otro de los objetivos de Milei y ya hab\u00eda sufrido el despido de 130 trabajadores pese a que el nuevo director, H\u00e9ctor Cavallero, hab\u00eda dicho que ven\u00eda a reformar la radio y que no quer\u00edan privatizarla.<\/span><\/h3>\n<p>&nbsp;<\/p>\n<p>&nbsp;<\/p>\n<p>&nbsp;<\/p>\n","protected":false},"excerpt":{"rendered":"<p>En el Gobierno aseguran que es inminente el anuncio del cierre de los medios p\u00fablicos&#8230;.<\/p>\n","protected":false},"author":1,"featured_media":12744,"comment_status":"closed","ping_status":"closed","sticky":false,"template":"","format":"standard","meta":{"footnotes":""},"categories":[5],"tags":[],"class_list":["post-12742","post","type-post","status-publish","format-standard","has-post-thumbnail","hentry","category-nacionales-internacionales"],"yoast_head":"<!-- This site is optimized with the Yoast SEO plugin v26.1.1 - https:\/\/yoast.com\/wordpress\/plugins\/seo\/ -->\n<title>ENTUSIASMADO POR EL CASO T\u00c9LAM, AHORA MILEI QUIERE CERRAR CANAL 7, RADIO NACIONAL Y PAKA PAKA - Apuntes de San Luis<\/title>\n<meta name=\"robots\" content=\"index, follow, max-snippet:-1, max-image-preview:large, max-video-preview:-1\" \/>\n<link rel=\"canonical\" href=\"https:\/\/apuntesdesanluis.com\/index.php\/2024\/03\/06\/entusiasmado-por-el-caso-telam-ahora-milei-quiere-cerrar-canal-7-radio-nacional-y-paka-paka\/\" \/>\n<meta property=\"og:locale\" content=\"es_ES\" \/>\n<meta property=\"og:type\" content=\"article\" \/>\n<meta property=\"og:title\" content=\"ENTUSIASMADO POR EL CASO T\u00c9LAM, AHORA MILEI QUIERE CERRAR CANAL 7, RADIO NACIONAL Y PAKA PAKA - Apuntes de San Luis\" \/>\n<meta property=\"og:description\" content=\"En el Gobierno aseguran que es inminente el anuncio del cierre de los medios p\u00fablicos....\" \/>\n<meta property=\"og:url\" content=\"https:\/\/apuntesdesanluis.com\/index.php\/2024\/03\/06\/entusiasmado-por-el-caso-telam-ahora-milei-quiere-cerrar-canal-7-radio-nacional-y-paka-paka\/\" \/>\n<meta property=\"og:site_name\" content=\"Apuntes de San Luis\" \/>\n<meta property=\"article:published_time\" content=\"2024-03-06T04:25:27+00:00\" \/>\n<meta property=\"og:image\" content=\"https:\/\/apuntesdesanluis.com\/wp-content\/uploads\/2024\/03\/telam.png\" \/>\n\t<meta property=\"og:image:width\" content=\"723\" \/>\n\t<meta property=\"og:image:height\" content=\"423\" \/>\n\t<meta property=\"og:image:type\" content=\"image\/png\" \/>\n<meta name=\"author\" content=\"apuntesdesanluis.com\" \/>\n<meta name=\"twitter:card\" content=\"summary_large_image\" \/>\n<meta name=\"twitter:label1\" content=\"Escrito por\" \/>\n\t<meta name=\"twitter:data1\" content=\"apuntesdesanluis.com\" \/>\n\t<meta name=\"twitter:label2\" content=\"Tiempo de lectura\" \/>\n\t<meta name=\"twitter:data2\" content=\"2 minutos\" \/>\n<script type=\"application\/ld+json\" class=\"yoast-schema-graph\">{\"@context\":\"https:\/\/schema.org\",\"@graph\":[{\"@type\":\"Article\",\"@id\":\"https:\/\/apuntesdesanluis.com\/index.php\/2024\/03\/06\/entusiasmado-por-el-caso-telam-ahora-milei-quiere-cerrar-canal-7-radio-nacional-y-paka-paka\/#article\",\"isPartOf\":{\"@id\":\"https:\/\/apuntesdesanluis.com\/index.php\/2024\/03\/06\/entusiasmado-por-el-caso-telam-ahora-milei-quiere-cerrar-canal-7-radio-nacional-y-paka-paka\/\"},\"author\":{\"name\":\"apuntesdesanluis.com\",\"@id\":\"https:\/\/apuntesdesanluis.com\/#\/schema\/person\/b55151d52296fcce64d1a72538a70b90\"},\"headline\":\"ENTUSIASMADO POR EL CASO T\u00c9LAM, AHORA MILEI QUIERE CERRAR CANAL 7, RADIO NACIONAL Y PAKA PAKA\",\"datePublished\":\"2024-03-06T04:25:27+00:00\",\"mainEntityOfPage\":{\"@id\":\"https:\/\/apuntesdesanluis.com\/index.php\/2024\/03\/06\/entusiasmado-por-el-caso-telam-ahora-milei-quiere-cerrar-canal-7-radio-nacional-y-paka-paka\/\"},\"wordCount\":318,\"publisher\":{\"@id\":\"https:\/\/apuntesdesanluis.com\/#\/schema\/person\/b55151d52296fcce64d1a72538a70b90\"},\"image\":{\"@id\":\"https:\/\/apuntesdesanluis.com\/index.php\/2024\/03\/06\/entusiasmado-por-el-caso-telam-ahora-milei-quiere-cerrar-canal-7-radio-nacional-y-paka-paka\/#primaryimage\"},\"thumbnailUrl\":\"https:\/\/apuntesdesanluis.com\/wp-content\/uploads\/2024\/03\/telam.png\",\"articleSection\":[\"Nacionales\/Internacionales\"],\"inLanguage\":\"es-AR\"},{\"@type\":\"WebPage\",\"@id\":\"https:\/\/apuntesdesanluis.com\/index.php\/2024\/03\/06\/entusiasmado-por-el-caso-telam-ahora-milei-quiere-cerrar-canal-7-radio-nacional-y-paka-paka\/\",\"url\":\"https:\/\/apuntesdesanluis.com\/index.php\/2024\/03\/06\/entusiasmado-por-el-caso-telam-ahora-milei-quiere-cerrar-canal-7-radio-nacional-y-paka-paka\/\",\"name\":\"ENTUSIASMADO POR EL CASO T\u00c9LAM, AHORA MILEI QUIERE CERRAR CANAL 7, RADIO NACIONAL Y PAKA PAKA - Apuntes de San Luis\",\"isPartOf\":{\"@id\":\"https:\/\/apuntesdesanluis.com\/#website\"},\"primaryImageOfPage\":{\"@id\":\"https:\/\/apuntesdesanluis.com\/index.php\/2024\/03\/06\/entusiasmado-por-el-caso-telam-ahora-milei-quiere-cerrar-canal-7-radio-nacional-y-paka-paka\/#primaryimage\"},\"image\":{\"@id\":\"https:\/\/apuntesdesanluis.com\/index.php\/2024\/03\/06\/entusiasmado-por-el-caso-telam-ahora-milei-quiere-cerrar-canal-7-radio-nacional-y-paka-paka\/#primaryimage\"},\"thumbnailUrl\":\"https:\/\/apuntesdesanluis.com\/wp-content\/uploads\/2024\/03\/telam.png\",\"datePublished\":\"2024-03-06T04:25:27+00:00\",\"breadcrumb\":{\"@id\":\"https:\/\/apuntesdesanluis.com\/index.php\/2024\/03\/06\/entusiasmado-por-el-caso-telam-ahora-milei-quiere-cerrar-canal-7-radio-nacional-y-paka-paka\/#breadcrumb\"},\"inLanguage\":\"es-AR\",\"potentialAction\":[{\"@type\":\"ReadAction\",\"target\":[\"https:\/\/apuntesdesanluis.com\/index.php\/2024\/03\/06\/entusiasmado-por-el-caso-telam-ahora-milei-quiere-cerrar-canal-7-radio-nacional-y-paka-paka\/\"]}]},{\"@type\":\"ImageObject\",\"inLanguage\":\"es-AR\",\"@id\":\"https:\/\/apuntesdesanluis.com\/index.php\/2024\/03\/06\/entusiasmado-por-el-caso-telam-ahora-milei-quiere-cerrar-canal-7-radio-nacional-y-paka-paka\/#primaryimage\",\"url\":\"https:\/\/apuntesdesanluis.com\/wp-content\/uploads\/2024\/03\/telam.png\",\"contentUrl\":\"https:\/\/apuntesdesanluis.com\/wp-content\/uploads\/2024\/03\/telam.png\",\"width\":723,\"height\":423},{\"@type\":\"BreadcrumbList\",\"@id\":\"https:\/\/apuntesdesanluis.com\/index.php\/2024\/03\/06\/entusiasmado-por-el-caso-telam-ahora-milei-quiere-cerrar-canal-7-radio-nacional-y-paka-paka\/#breadcrumb\",\"itemListElement\":[{\"@type\":\"ListItem\",\"position\":1,\"name\":\"Inicio\",\"item\":\"https:\/\/apuntesdesanluis.com\/\"},{\"@type\":\"ListItem\",\"position\":2,\"name\":\"ENTUSIASMADO POR EL CASO T\u00c9LAM, AHORA MILEI QUIERE CERRAR CANAL 7, RADIO NACIONAL Y PAKA PAKA\"}]},{\"@type\":\"WebSite\",\"@id\":\"https:\/\/apuntesdesanluis.com\/#website\",\"url\":\"https:\/\/apuntesdesanluis.com\/\",\"name\":\"Apuntes de San Luis\",\"description\":\"\",\"publisher\":{\"@id\":\"https:\/\/apuntesdesanluis.com\/#\/schema\/person\/b55151d52296fcce64d1a72538a70b90\"},\"potentialAction\":[{\"@type\":\"SearchAction\",\"target\":{\"@type\":\"EntryPoint\",\"urlTemplate\":\"https:\/\/apuntesdesanluis.com\/?s={search_term_string}\"},\"query-input\":{\"@type\":\"PropertyValueSpecification\",\"valueRequired\":true,\"valueName\":\"search_term_string\"}}],\"inLanguage\":\"es-AR\"},{\"@type\":[\"Person\",\"Organization\"],\"@id\":\"https:\/\/apuntesdesanluis.com\/#\/schema\/person\/b55151d52296fcce64d1a72538a70b90\",\"name\":\"apuntesdesanluis.com\",\"image\":{\"@type\":\"ImageObject\",\"inLanguage\":\"es-AR\",\"@id\":\"https:\/\/apuntesdesanluis.com\/#\/schema\/person\/image\/\",\"url\":\"https:\/\/apuntesdesanluis.com\/wp-content\/uploads\/2023\/07\/cropped-apuntesdesanluis.png\",\"contentUrl\":\"https:\/\/apuntesdesanluis.com\/wp-content\/uploads\/2023\/07\/cropped-apuntesdesanluis.png\",\"width\":450,\"height\":112,\"caption\":\"apuntesdesanluis.com\"},\"logo\":{\"@id\":\"https:\/\/apuntesdesanluis.com\/#\/schema\/person\/image\/\"},\"sameAs\":[\"https:\/\/apuntesdesanluis.com\"],\"url\":\"https:\/\/apuntesdesanluis.com\/index.php\/author\/apuntesdesanluis-com\/\"}]}<\/script>\n<!-- \/ Yoast SEO plugin. -->","yoast_head_json":{"title":"ENTUSIASMADO POR EL CASO T\u00c9LAM, AHORA MILEI QUIERE CERRAR CANAL 7, RADIO NACIONAL Y PAKA PAKA - Apuntes de San Luis","robots":{"index":"index","follow":"follow","max-snippet":"max-snippet:-1","max-image-preview":"max-image-preview:large","max-video-preview":"max-video-preview:-1"},"canonical":"https:\/\/apuntesdesanluis.com\/index.php\/2024\/03\/06\/entusiasmado-por-el-caso-telam-ahora-milei-quiere-cerrar-canal-7-radio-nacional-y-paka-paka\/","og_locale":"es_ES","og_type":"article","og_title":"ENTUSIASMADO POR EL CASO T\u00c9LAM, AHORA MILEI QUIERE CERRAR CANAL 7, RADIO NACIONAL Y PAKA PAKA - Apuntes de San Luis","og_description":"En el Gobierno aseguran que es inminente el anuncio del cierre de los medios p\u00fablicos....","og_url":"https:\/\/apuntesdesanluis.com\/index.php\/2024\/03\/06\/entusiasmado-por-el-caso-telam-ahora-milei-quiere-cerrar-canal-7-radio-nacional-y-paka-paka\/","og_site_name":"Apuntes de San Luis","article_published_time":"2024-03-06T04:25:27+00:00","og_image":[{"width":723,"height":423,"url":"https:\/\/apuntesdesanluis.com\/wp-content\/uploads\/2024\/03\/telam.png","type":"image\/png"}],"author":"apuntesdesanluis.com","twitter_card":"summary_large_image","twitter_misc":{"Escrito por":"apuntesdesanluis.com","Tiempo de lectura":"2 minutos"},"schema":{"@context":"https:\/\/schema.org","@graph":[{"@type":"Article","@id":"https:\/\/apuntesdesanluis.com\/index.php\/2024\/03\/06\/entusiasmado-por-el-caso-telam-ahora-milei-quiere-cerrar-canal-7-radio-nacional-y-paka-paka\/#article","isPartOf":{"@id":"https:\/\/apuntesdesanluis.com\/index.php\/2024\/03\/06\/entusiasmado-por-el-caso-telam-ahora-milei-quiere-cerrar-canal-7-radio-nacional-y-paka-paka\/"},"author":{"name":"apuntesdesanluis.com","@id":"https:\/\/apuntesdesanluis.com\/#\/schema\/person\/b55151d52296fcce64d1a72538a70b90"},"headline":"ENTUSIASMADO POR EL CASO T\u00c9LAM, AHORA MILEI QUIERE CERRAR CANAL 7, RADIO NACIONAL Y PAKA PAKA","datePublished":"2024-03-06T04:25:27+00:00","mainEntityOfPage":{"@id":"https:\/\/apuntesdesanluis.com\/index.php\/2024\/03\/06\/entusiasmado-por-el-caso-telam-ahora-milei-quiere-cerrar-canal-7-radio-nacional-y-paka-paka\/"},"wordCount":318,"publisher":{"@id":"https:\/\/apuntesdesanluis.com\/#\/schema\/person\/b55151d52296fcce64d1a72538a70b90"},"image":{"@id":"https:\/\/apuntesdesanluis.com\/index.php\/2024\/03\/06\/entusiasmado-por-el-caso-telam-ahora-milei-quiere-cerrar-canal-7-radio-nacional-y-paka-paka\/#primaryimage"},"thumbnailUrl":"https:\/\/apuntesdesanluis.com\/wp-content\/uploads\/2024\/03\/telam.png","articleSection":["Nacionales\/Internacionales"],"inLanguage":"es-AR"},{"@type":"WebPage","@id":"https:\/\/apuntesdesanluis.com\/index.php\/2024\/03\/06\/entusiasmado-por-el-caso-telam-ahora-milei-quiere-cerrar-canal-7-radio-nacional-y-paka-paka\/","url":"https:\/\/apuntesdesanluis.com\/index.php\/2024\/03\/06\/entusiasmado-por-el-caso-telam-ahora-milei-quiere-cerrar-canal-7-radio-nacional-y-paka-paka\/","name":"ENTUSIASMADO POR EL CASO T\u00c9LAM, AHORA MILEI QUIERE CERRAR CANAL 7, RADIO NACIONAL Y PAKA PAKA - Apuntes de San Luis","isPartOf":{"@id":"https:\/\/apuntesdesanluis.com\/#website"},"primaryImageOfPage":{"@id":"https:\/\/apuntesdesanluis.com\/index.php\/2024\/03\/06\/entusiasmado-por-el-caso-telam-ahora-milei-quiere-cerrar-canal-7-radio-nacional-y-paka-paka\/#primaryimage"},"image":{"@id":"https:\/\/apuntesdesanluis.com\/index.php\/2024\/03\/06\/entusiasmado-por-el-caso-telam-ahora-milei-quiere-cerrar-canal-7-radio-nacional-y-paka-paka\/#primaryimage"},"thumbnailUrl":"https:\/\/apuntesdesanluis.com\/wp-content\/uploads\/2024\/03\/telam.png","datePublished":"2024-03-06T04:25:27+00:00","breadcrumb":{"@id":"https:\/\/apuntesdesanluis.com\/index.php\/2024\/03\/06\/entusiasmado-por-el-caso-telam-ahora-milei-quiere-cerrar-canal-7-radio-nacional-y-paka-paka\/#breadcrumb"},"inLanguage":"es-AR","potentialAction":[{"@type":"ReadAction","target":["https:\/\/apuntesdesanluis.com\/index.php\/2024\/03\/06\/entusiasmado-por-el-caso-telam-ahora-milei-quiere-cerrar-canal-7-radio-nacional-y-paka-paka\/"]}]},{"@type":"ImageObject","inLanguage":"es-AR","@id":"https:\/\/apuntesdesanluis.com\/index.php\/2024\/03\/06\/entusiasmado-por-el-caso-telam-ahora-milei-quiere-cerrar-canal-7-radio-nacional-y-paka-paka\/#primaryimage","url":"https:\/\/apuntesdesanluis.com\/wp-content\/uploads\/2024\/03\/telam.png","contentUrl":"https:\/\/apuntesdesanluis.com\/wp-content\/uploads\/2024\/03\/telam.png","width":723,"height":423},{"@type":"BreadcrumbList","@id":"https:\/\/apuntesdesanluis.com\/index.php\/2024\/03\/06\/entusiasmado-por-el-caso-telam-ahora-milei-quiere-cerrar-canal-7-radio-nacional-y-paka-paka\/#breadcrumb","itemListElement":[{"@type":"ListItem","position":1,"name":"Inicio","item":"https:\/\/apuntesdesanluis.com\/"},{"@type":"ListItem","position":2,"name":"ENTUSIASMADO POR EL CASO T\u00c9LAM, AHORA MILEI QUIERE CERRAR CANAL 7, RADIO NACIONAL Y PAKA PAKA"}]},{"@type":"WebSite","@id":"https:\/\/apuntesdesanluis.com\/#website","url":"https:\/\/apuntesdesanluis.com\/","name":"Apuntes de San Luis","description":"","publisher":{"@id":"https:\/\/apuntesdesanluis.com\/#\/schema\/person\/b55151d52296fcce64d1a72538a70b90"},"potentialAction":[{"@type":"SearchAction","target":{"@type":"EntryPoint","urlTemplate":"https:\/\/apuntesdesanluis.com\/?s={search_term_string}"},"query-input":{"@type":"PropertyValueSpecification","valueRequired":true,"valueName":"search_term_string"}}],"inLanguage":"es-AR"},{"@type":["Person","Organization"],"@id":"https:\/\/apuntesdesanluis.com\/#\/schema\/person\/b55151d52296fcce64d1a72538a70b90","name":"apuntesdesanluis.com","image":{"@type":"ImageObject","inLanguage":"es-AR","@id":"https:\/\/apuntesdesanluis.com\/#\/schema\/person\/image\/","url":"https:\/\/apuntesdesanluis.com\/wp-content\/uploads\/2023\/07\/cropped-apuntesdesanluis.png","contentUrl":"https:\/\/apuntesdesanluis.com\/wp-content\/uploads\/2023\/07\/cropped-apuntesdesanluis.png","width":450,"height":112,"caption":"apuntesdesanluis.com"},"logo":{"@id":"https:\/\/apuntesdesanluis.com\/#\/schema\/person\/image\/"},"sameAs":["https:\/\/apuntesdesanluis.com"],"url":"https:\/\/apuntesdesanluis.com\/index.php\/author\/apuntesdesanluis-com\/"}]}},"featured_image_urls":{"full":["https:\/\/apuntesdesanluis.com\/wp-content\/uploads\/2024\/03\/telam.png",723,423,false],"thumbnail":["https:\/\/apuntesdesanluis.com\/wp-content\/uploads\/2024\/03\/telam-150x150.png",150,150,true],"medium":["https:\/\/apuntesdesanluis.com\/wp-content\/uploads\/2024\/03\/telam-300x176.png",300,176,true],"medium_large":["https:\/\/apuntesdesanluis.com\/wp-content\/uploads\/2024\/03\/telam.png",640,374,false],"large":["https:\/\/apuntesdesanluis.com\/wp-content\/uploads\/2024\/03\/telam.png",640,374,false],"1536x1536":["https:\/\/apuntesdesanluis.com\/wp-content\/uploads\/2024\/03\/telam.png",723,423,false],"2048x2048":["https:\/\/apuntesdesanluis.com\/wp-content\/uploads\/2024\/03\/telam.png",723,423,false],"newsever-slider-full":["https:\/\/apuntesdesanluis.com\/wp-content\/uploads\/2024\/03\/telam.png",723,423,false],"newsever-featured":["https:\/\/apuntesdesanluis.com\/wp-content\/uploads\/2024\/03\/telam.png",723,423,false],"newsever-medium":["https:\/\/apuntesdesanluis.com\/wp-content\/uploads\/2024\/03\/telam-720x423.png",720,423,true]},"author_info":{"display_name":"apuntesdesanluis.com","author_link":"https:\/\/apuntesdesanluis.com\/index.php\/author\/apuntesdesanluis-com\/"},"category_info":"<a href=\"https:\/\/apuntesdesanluis.com\/index.php\/category\/nacionales-internacionales\/\" rel=\"category tag\">Nacionales\/Internacionales<\/a>","tag_info":"Nacionales\/Internacionales","comment_count":"0","_links":{"self":[{"href":"https:\/\/apuntesdesanluis.com\/index.php\/wp-json\/wp\/v2\/posts\/12742","targetHints":{"allow":["GET"]}}],"collection":[{"href":"https:\/\/apuntesdesanluis.com\/index.php\/wp-json\/wp\/v2\/posts"}],"about":[{"href":"https:\/\/apuntesdesanluis.com\/index.php\/wp-json\/wp\/v2\/types\/post"}],"author":[{"embeddable":true,"href":"https:\/\/apuntesdesanluis.com\/index.php\/wp-json\/wp\/v2\/users\/1"}],"replies":[{"embeddable":true,"href":"https:\/\/apuntesdesanluis.com\/index.php\/wp-json\/wp\/v2\/comments?post=12742"}],"version-history":[{"count":1,"href":"https:\/\/apuntesdesanluis.com\/index.php\/wp-json\/wp\/v2\/posts\/12742\/revisions"}],"predecessor-version":[{"id":12745,"href":"https:\/\/apuntesdesanluis.com\/index.php\/wp-json\/wp\/v2\/posts\/12742\/revisions\/12745"}],"wp:featuredmedia":[{"embeddable":true,"href":"https:\/\/apuntesdesanluis.com\/index.php\/wp-json\/wp\/v2\/media\/12744"}],"wp:attachment":[{"href":"https:\/\/apuntesdesanluis.com\/index.php\/wp-json\/wp\/v2\/media?parent=12742"}],"wp:term":[{"taxonomy":"category","embeddable":true,"href":"https:\/\/apuntesdesanluis.com\/index.php\/wp-json\/wp\/v2\/categories?post=12742"},{"taxonomy":"post_tag","embeddable":true,"href":"https:\/\/apuntesdesanluis.com\/index.php\/wp-json\/wp\/v2\/tags?post=12742"}],"curies":[{"name":"wp","href":"https:\/\/api.w.org\/{rel}","templated":true}]}}