{"id":12762,"date":"2024-03-06T18:39:16","date_gmt":"2024-03-06T21:39:16","guid":{"rendered":"https:\/\/apuntesdesanluis.com\/?p=12762"},"modified":"2024-03-06T18:39:16","modified_gmt":"2024-03-06T21:39:16","slug":"estudiantes-de-la-unvime-podran-realizar-practicas-en-el-poder-judicial","status":"publish","type":"post","link":"https:\/\/apuntesdesanluis.com\/index.php\/2024\/03\/06\/estudiantes-de-la-unvime-podran-realizar-practicas-en-el-poder-judicial\/","title":{"rendered":"ESTUDIANTES DE LA UNVIME PODR\u00c1N REALIZAR PR\u00c1CTICAS EN EL PODER JUDICIAL"},"content":{"rendered":"<h3>El <strong>Superior Tribunal de Justicia<\/strong> y la <strong>Universidad Nacional de Villa Mercedes<\/strong> firmaron un acta \u2013 acuerdo para que alumnos de carreras de grado, pregrado y posgrado participen de un programa de adiestramiento en la pr\u00e1ctica forense vinculada con la propuesta curricular de los estudios cursados.<\/h3>\n<h3>Este mi\u00e9rcoles al mediod\u00eda, el presidente del Superior Tribunal de Justicia \u2013 Dr. <strong>Eduardo Allende<\/strong> \u2013 y el rector de la Universidad Nacional de Villa Mercedes (UNViMe) \u2013 Dr. <strong>Marcelo Sosa<\/strong> \u2013 firmaron un acta acuerdo para implementar el <strong>\u201cPrograma de Pr\u00e1ctica Forense\u201d<\/strong>, que permitir\u00e1 a los alumnos participar de un programa de entrenamiento vinculado con la propuesta curricular de los estudios cursados y aplicar los conocimientos adquiridos en el desarrollo de la carrera a contextos pr\u00e1cticos y situaciones que deber\u00e1n resolver en su futura actividad profesional.<\/h3>\n<h3>La firma del acta- acuerdo se realiz\u00f3 en la Sala de Acuerdos del edificio judicial mercedino y acompa\u00f1aron al Dr. Allende, los ministros del Superior Tribunal de Justicia, Dres. Jorge Levingston y Jos\u00e9 Guillermo L\u2019Huillier y\u00a0 la Dra. Cecilia Chada.<\/h3>\n<p><img fetchpriority=\"high\" decoding=\"async\" class=\"wp-image-12764 aligncenter\" src=\"https:\/\/apuntesdesanluis.com\/wp-content\/uploads\/2024\/03\/sosa-y-allende-firmando-300x184.png\" alt=\"\" width=\"613\" height=\"376\" srcset=\"https:\/\/apuntesdesanluis.com\/wp-content\/uploads\/2024\/03\/sosa-y-allende-firmando-300x184.png 300w, https:\/\/apuntesdesanluis.com\/wp-content\/uploads\/2024\/03\/sosa-y-allende-firmando.png 600w\" sizes=\"(max-width: 613px) 100vw, 613px\" \/><\/p>\n<h3>En representaci\u00f3n de la instituci\u00f3n universitaria participaron el Vicerrector Lic. Santiago Farenga; la Directora de la Escuela de Ciencias de la Salud; Mgter. Vanesa Cassano; la Asesora Externa Dra. Andrea Aguilar,\u00a0 y\u00a0 el Asesor Legal y T\u00e9cnico Dr. Juan Manuel Quiroga Lucero.<\/h3>\n<h3>\u201cEstamos haciendo realidad ese principio constitucional que es afianzar la justicia, propiamente en la funci\u00f3n jurisdiccional pero tambi\u00e9n en este momento de tanta crisis con esta acci\u00f3n de cooperaci\u00f3n, de solidaridad y de crecimiento\u201d, expres\u00f3 el Rector de la UNVIME.<\/h3>\n<h3>El Programa de Pr\u00e1ctica Forense se desarrollar\u00e1\u00a0 en las instalaciones del Poder Judicial de San Luis, en cualquiera de sus circunscripciones, incluyendo Juzgados, C\u00e1maras de Apelaciones, Secretar\u00edas, Ministerios P\u00fablicos, Cuerpo Profesional Forense, Centros de Mediaci\u00f3n y Oficinas Administrativas.<\/h3>\n<h3>El acta firmada contempla que el\u00a0 programa funcionar\u00e1 a trav\u00e9s de una convocatoria que realizar\u00e1 la universidad en las distintas facultades, quienes deber\u00e1n remitir al Poder Judicial los aspirantes preseleccionados. El Poder Judicial realizar\u00e1 la selecci\u00f3n final.<\/h3>\n<h3>Entre los requisitos previstos, el acta prev\u00e9 que los estudiantes que se incorporen tendr\u00e1n que ser mayores de 18 a\u00f1os de edad, estar cursando alguna de las carreras de grado, pregrado o posgrado que se dictan en la Universidad Nacional de Villa Mercedes y cumplir con los dem\u00e1s requisitos que se establezcan en cada convocatoria particular de acuerdo al perfil requerido por el Poder Judicial. Los estudiantes de carreras de grado o pregrado deber\u00e1n haber cursado por lo menos el setenta por ciento de las materias correspondientes a la curr\u00edcula.<\/h3>\n<p><img decoding=\"async\" class=\"wp-image-12765 aligncenter\" src=\"https:\/\/apuntesdesanluis.com\/wp-content\/uploads\/2024\/03\/funcionarios-parados-300x168.png\" alt=\"\" width=\"652\" height=\"365\" srcset=\"https:\/\/apuntesdesanluis.com\/wp-content\/uploads\/2024\/03\/funcionarios-parados-300x168.png 300w, https:\/\/apuntesdesanluis.com\/wp-content\/uploads\/2024\/03\/funcionarios-parados.png 600w\" sizes=\"(max-width: 652px) 100vw, 652px\" \/><\/p>\n<h3>Al finalizar la r\u00fabrica, el Presidente del Superior Tribunal de Justicia manifest\u00f3:<\/h3>\n<h3>\u201cSiempre\u00a0 buscamos que los distintos actores sociales de cada lugar colaboren y participen de esto que es un servicio. Para nosotros es muy importante que la Universidad de\u00a0 Villa Mercedes est\u00e9 colaborando con nosotros\u201d.<\/h3>\n<h3>Para acceder al contenido completo del documento rubricado, hacer clic en <a href=\"https:\/\/www.periodicojudicial.gov.ar\/wp-content\/uploads\/2024\/03\/ACTA-ACUERDO.pdf\" target=\"_blank\" rel=\"noopener\"><span style=\"color: #3366ff;\"><strong>ACTA ACUERDO UNVIME<\/strong><\/span><\/a><\/h3>\n<p>&nbsp;<\/p>\n<p>&nbsp;<\/p>\n<p>&nbsp;<\/p>\n","protected":false},"excerpt":{"rendered":"<p>El Superior Tribunal de Justicia y la Universidad Nacional de Villa Mercedes firmaron un acta&#8230;<\/p>\n","protected":false},"author":1,"featured_media":12763,"comment_status":"closed","ping_status":"closed","sticky":false,"template":"","format":"standard","meta":{"footnotes":""},"categories":[6],"tags":[],"class_list":["post-12762","post","type-post","status-publish","format-standard","has-post-thumbnail","hentry","category-ciudad-provincia"],"yoast_head":"<!-- This site is optimized with the Yoast SEO plugin v26.1.1 - https:\/\/yoast.com\/wordpress\/plugins\/seo\/ -->\n<title>ESTUDIANTES DE LA UNVIME PODR\u00c1N REALIZAR PR\u00c1CTICAS EN EL PODER JUDICIAL - Apuntes de San Luis<\/title>\n<meta name=\"robots\" content=\"index, follow, max-snippet:-1, max-image-preview:large, max-video-preview:-1\" \/>\n<link rel=\"canonical\" href=\"https:\/\/apuntesdesanluis.com\/index.php\/2024\/03\/06\/estudiantes-de-la-unvime-podran-realizar-practicas-en-el-poder-judicial\/\" \/>\n<meta property=\"og:locale\" content=\"es_ES\" \/>\n<meta property=\"og:type\" content=\"article\" \/>\n<meta property=\"og:title\" content=\"ESTUDIANTES DE LA UNVIME PODR\u00c1N REALIZAR PR\u00c1CTICAS EN EL PODER JUDICIAL - Apuntes de San Luis\" \/>\n<meta property=\"og:description\" content=\"El Superior Tribunal de Justicia y la Universidad Nacional de Villa Mercedes firmaron un acta...\" \/>\n<meta property=\"og:url\" content=\"https:\/\/apuntesdesanluis.com\/index.php\/2024\/03\/06\/estudiantes-de-la-unvime-podran-realizar-practicas-en-el-poder-judicial\/\" \/>\n<meta property=\"og:site_name\" content=\"Apuntes de San Luis\" \/>\n<meta property=\"article:published_time\" content=\"2024-03-06T21:39:16+00:00\" \/>\n<meta property=\"og:image\" content=\"https:\/\/apuntesdesanluis.com\/wp-content\/uploads\/2024\/03\/sosa-y-allende.png\" \/>\n\t<meta property=\"og:image:width\" content=\"600\" \/>\n\t<meta property=\"og:image:height\" content=\"368\" \/>\n\t<meta property=\"og:image:type\" content=\"image\/png\" \/>\n<meta name=\"author\" content=\"apuntesdesanluis.com\" \/>\n<meta name=\"twitter:card\" content=\"summary_large_image\" \/>\n<meta name=\"twitter:label1\" content=\"Escrito por\" \/>\n\t<meta name=\"twitter:data1\" content=\"apuntesdesanluis.com\" \/>\n\t<meta name=\"twitter:label2\" content=\"Tiempo de lectura\" \/>\n\t<meta name=\"twitter:data2\" content=\"3 minutos\" \/>\n<script type=\"application\/ld+json\" class=\"yoast-schema-graph\">{\"@context\":\"https:\/\/schema.org\",\"@graph\":[{\"@type\":\"Article\",\"@id\":\"https:\/\/apuntesdesanluis.com\/index.php\/2024\/03\/06\/estudiantes-de-la-unvime-podran-realizar-practicas-en-el-poder-judicial\/#article\",\"isPartOf\":{\"@id\":\"https:\/\/apuntesdesanluis.com\/index.php\/2024\/03\/06\/estudiantes-de-la-unvime-podran-realizar-practicas-en-el-poder-judicial\/\"},\"author\":{\"name\":\"apuntesdesanluis.com\",\"@id\":\"https:\/\/apuntesdesanluis.com\/#\/schema\/person\/b55151d52296fcce64d1a72538a70b90\"},\"headline\":\"ESTUDIANTES DE LA UNVIME PODR\u00c1N REALIZAR PR\u00c1CTICAS EN EL PODER JUDICIAL\",\"datePublished\":\"2024-03-06T21:39:16+00:00\",\"mainEntityOfPage\":{\"@id\":\"https:\/\/apuntesdesanluis.com\/index.php\/2024\/03\/06\/estudiantes-de-la-unvime-podran-realizar-practicas-en-el-poder-judicial\/\"},\"wordCount\":519,\"publisher\":{\"@id\":\"https:\/\/apuntesdesanluis.com\/#\/schema\/person\/b55151d52296fcce64d1a72538a70b90\"},\"image\":{\"@id\":\"https:\/\/apuntesdesanluis.com\/index.php\/2024\/03\/06\/estudiantes-de-la-unvime-podran-realizar-practicas-en-el-poder-judicial\/#primaryimage\"},\"thumbnailUrl\":\"https:\/\/apuntesdesanluis.com\/wp-content\/uploads\/2024\/03\/sosa-y-allende.png\",\"articleSection\":[\"Ciudad\/Provincia\"],\"inLanguage\":\"es-AR\"},{\"@type\":\"WebPage\",\"@id\":\"https:\/\/apuntesdesanluis.com\/index.php\/2024\/03\/06\/estudiantes-de-la-unvime-podran-realizar-practicas-en-el-poder-judicial\/\",\"url\":\"https:\/\/apuntesdesanluis.com\/index.php\/2024\/03\/06\/estudiantes-de-la-unvime-podran-realizar-practicas-en-el-poder-judicial\/\",\"name\":\"ESTUDIANTES DE LA UNVIME PODR\u00c1N REALIZAR PR\u00c1CTICAS EN EL PODER JUDICIAL - Apuntes de San Luis\",\"isPartOf\":{\"@id\":\"https:\/\/apuntesdesanluis.com\/#website\"},\"primaryImageOfPage\":{\"@id\":\"https:\/\/apuntesdesanluis.com\/index.php\/2024\/03\/06\/estudiantes-de-la-unvime-podran-realizar-practicas-en-el-poder-judicial\/#primaryimage\"},\"image\":{\"@id\":\"https:\/\/apuntesdesanluis.com\/index.php\/2024\/03\/06\/estudiantes-de-la-unvime-podran-realizar-practicas-en-el-poder-judicial\/#primaryimage\"},\"thumbnailUrl\":\"https:\/\/apuntesdesanluis.com\/wp-content\/uploads\/2024\/03\/sosa-y-allende.png\",\"datePublished\":\"2024-03-06T21:39:16+00:00\",\"breadcrumb\":{\"@id\":\"https:\/\/apuntesdesanluis.com\/index.php\/2024\/03\/06\/estudiantes-de-la-unvime-podran-realizar-practicas-en-el-poder-judicial\/#breadcrumb\"},\"inLanguage\":\"es-AR\",\"potentialAction\":[{\"@type\":\"ReadAction\",\"target\":[\"https:\/\/apuntesdesanluis.com\/index.php\/2024\/03\/06\/estudiantes-de-la-unvime-podran-realizar-practicas-en-el-poder-judicial\/\"]}]},{\"@type\":\"ImageObject\",\"inLanguage\":\"es-AR\",\"@id\":\"https:\/\/apuntesdesanluis.com\/index.php\/2024\/03\/06\/estudiantes-de-la-unvime-podran-realizar-practicas-en-el-poder-judicial\/#primaryimage\",\"url\":\"https:\/\/apuntesdesanluis.com\/wp-content\/uploads\/2024\/03\/sosa-y-allende.png\",\"contentUrl\":\"https:\/\/apuntesdesanluis.com\/wp-content\/uploads\/2024\/03\/sosa-y-allende.png\",\"width\":600,\"height\":368},{\"@type\":\"BreadcrumbList\",\"@id\":\"https:\/\/apuntesdesanluis.com\/index.php\/2024\/03\/06\/estudiantes-de-la-unvime-podran-realizar-practicas-en-el-poder-judicial\/#breadcrumb\",\"itemListElement\":[{\"@type\":\"ListItem\",\"position\":1,\"name\":\"Inicio\",\"item\":\"https:\/\/apuntesdesanluis.com\/\"},{\"@type\":\"ListItem\",\"position\":2,\"name\":\"ESTUDIANTES DE LA UNVIME PODR\u00c1N REALIZAR PR\u00c1CTICAS EN EL PODER JUDICIAL\"}]},{\"@type\":\"WebSite\",\"@id\":\"https:\/\/apuntesdesanluis.com\/#website\",\"url\":\"https:\/\/apuntesdesanluis.com\/\",\"name\":\"Apuntes de San Luis\",\"description\":\"\",\"publisher\":{\"@id\":\"https:\/\/apuntesdesanluis.com\/#\/schema\/person\/b55151d52296fcce64d1a72538a70b90\"},\"potentialAction\":[{\"@type\":\"SearchAction\",\"target\":{\"@type\":\"EntryPoint\",\"urlTemplate\":\"https:\/\/apuntesdesanluis.com\/?s={search_term_string}\"},\"query-input\":{\"@type\":\"PropertyValueSpecification\",\"valueRequired\":true,\"valueName\":\"search_term_string\"}}],\"inLanguage\":\"es-AR\"},{\"@type\":[\"Person\",\"Organization\"],\"@id\":\"https:\/\/apuntesdesanluis.com\/#\/schema\/person\/b55151d52296fcce64d1a72538a70b90\",\"name\":\"apuntesdesanluis.com\",\"image\":{\"@type\":\"ImageObject\",\"inLanguage\":\"es-AR\",\"@id\":\"https:\/\/apuntesdesanluis.com\/#\/schema\/person\/image\/\",\"url\":\"https:\/\/apuntesdesanluis.com\/wp-content\/uploads\/2023\/07\/cropped-apuntesdesanluis.png\",\"contentUrl\":\"https:\/\/apuntesdesanluis.com\/wp-content\/uploads\/2023\/07\/cropped-apuntesdesanluis.png\",\"width\":450,\"height\":112,\"caption\":\"apuntesdesanluis.com\"},\"logo\":{\"@id\":\"https:\/\/apuntesdesanluis.com\/#\/schema\/person\/image\/\"},\"sameAs\":[\"https:\/\/apuntesdesanluis.com\"],\"url\":\"https:\/\/apuntesdesanluis.com\/index.php\/author\/apuntesdesanluis-com\/\"}]}<\/script>\n<!-- \/ Yoast SEO plugin. -->","yoast_head_json":{"title":"ESTUDIANTES DE LA UNVIME PODR\u00c1N REALIZAR PR\u00c1CTICAS EN EL PODER JUDICIAL - Apuntes de San Luis","robots":{"index":"index","follow":"follow","max-snippet":"max-snippet:-1","max-image-preview":"max-image-preview:large","max-video-preview":"max-video-preview:-1"},"canonical":"https:\/\/apuntesdesanluis.com\/index.php\/2024\/03\/06\/estudiantes-de-la-unvime-podran-realizar-practicas-en-el-poder-judicial\/","og_locale":"es_ES","og_type":"article","og_title":"ESTUDIANTES DE LA UNVIME PODR\u00c1N REALIZAR PR\u00c1CTICAS EN EL PODER JUDICIAL - Apuntes de San Luis","og_description":"El Superior Tribunal de Justicia y la Universidad Nacional de Villa Mercedes firmaron un acta...","og_url":"https:\/\/apuntesdesanluis.com\/index.php\/2024\/03\/06\/estudiantes-de-la-unvime-podran-realizar-practicas-en-el-poder-judicial\/","og_site_name":"Apuntes de San Luis","article_published_time":"2024-03-06T21:39:16+00:00","og_image":[{"width":600,"height":368,"url":"https:\/\/apuntesdesanluis.com\/wp-content\/uploads\/2024\/03\/sosa-y-allende.png","type":"image\/png"}],"author":"apuntesdesanluis.com","twitter_card":"summary_large_image","twitter_misc":{"Escrito por":"apuntesdesanluis.com","Tiempo de lectura":"3 minutos"},"schema":{"@context":"https:\/\/schema.org","@graph":[{"@type":"Article","@id":"https:\/\/apuntesdesanluis.com\/index.php\/2024\/03\/06\/estudiantes-de-la-unvime-podran-realizar-practicas-en-el-poder-judicial\/#article","isPartOf":{"@id":"https:\/\/apuntesdesanluis.com\/index.php\/2024\/03\/06\/estudiantes-de-la-unvime-podran-realizar-practicas-en-el-poder-judicial\/"},"author":{"name":"apuntesdesanluis.com","@id":"https:\/\/apuntesdesanluis.com\/#\/schema\/person\/b55151d52296fcce64d1a72538a70b90"},"headline":"ESTUDIANTES DE LA UNVIME PODR\u00c1N REALIZAR PR\u00c1CTICAS EN EL PODER JUDICIAL","datePublished":"2024-03-06T21:39:16+00:00","mainEntityOfPage":{"@id":"https:\/\/apuntesdesanluis.com\/index.php\/2024\/03\/06\/estudiantes-de-la-unvime-podran-realizar-practicas-en-el-poder-judicial\/"},"wordCount":519,"publisher":{"@id":"https:\/\/apuntesdesanluis.com\/#\/schema\/person\/b55151d52296fcce64d1a72538a70b90"},"image":{"@id":"https:\/\/apuntesdesanluis.com\/index.php\/2024\/03\/06\/estudiantes-de-la-unvime-podran-realizar-practicas-en-el-poder-judicial\/#primaryimage"},"thumbnailUrl":"https:\/\/apuntesdesanluis.com\/wp-content\/uploads\/2024\/03\/sosa-y-allende.png","articleSection":["Ciudad\/Provincia"],"inLanguage":"es-AR"},{"@type":"WebPage","@id":"https:\/\/apuntesdesanluis.com\/index.php\/2024\/03\/06\/estudiantes-de-la-unvime-podran-realizar-practicas-en-el-poder-judicial\/","url":"https:\/\/apuntesdesanluis.com\/index.php\/2024\/03\/06\/estudiantes-de-la-unvime-podran-realizar-practicas-en-el-poder-judicial\/","name":"ESTUDIANTES DE LA UNVIME PODR\u00c1N REALIZAR PR\u00c1CTICAS EN EL PODER JUDICIAL - Apuntes de San Luis","isPartOf":{"@id":"https:\/\/apuntesdesanluis.com\/#website"},"primaryImageOfPage":{"@id":"https:\/\/apuntesdesanluis.com\/index.php\/2024\/03\/06\/estudiantes-de-la-unvime-podran-realizar-practicas-en-el-poder-judicial\/#primaryimage"},"image":{"@id":"https:\/\/apuntesdesanluis.com\/index.php\/2024\/03\/06\/estudiantes-de-la-unvime-podran-realizar-practicas-en-el-poder-judicial\/#primaryimage"},"thumbnailUrl":"https:\/\/apuntesdesanluis.com\/wp-content\/uploads\/2024\/03\/sosa-y-allende.png","datePublished":"2024-03-06T21:39:16+00:00","breadcrumb":{"@id":"https:\/\/apuntesdesanluis.com\/index.php\/2024\/03\/06\/estudiantes-de-la-unvime-podran-realizar-practicas-en-el-poder-judicial\/#breadcrumb"},"inLanguage":"es-AR","potentialAction":[{"@type":"ReadAction","target":["https:\/\/apuntesdesanluis.com\/index.php\/2024\/03\/06\/estudiantes-de-la-unvime-podran-realizar-practicas-en-el-poder-judicial\/"]}]},{"@type":"ImageObject","inLanguage":"es-AR","@id":"https:\/\/apuntesdesanluis.com\/index.php\/2024\/03\/06\/estudiantes-de-la-unvime-podran-realizar-practicas-en-el-poder-judicial\/#primaryimage","url":"https:\/\/apuntesdesanluis.com\/wp-content\/uploads\/2024\/03\/sosa-y-allende.png","contentUrl":"https:\/\/apuntesdesanluis.com\/wp-content\/uploads\/2024\/03\/sosa-y-allende.png","width":600,"height":368},{"@type":"BreadcrumbList","@id":"https:\/\/apuntesdesanluis.com\/index.php\/2024\/03\/06\/estudiantes-de-la-unvime-podran-realizar-practicas-en-el-poder-judicial\/#breadcrumb","itemListElement":[{"@type":"ListItem","position":1,"name":"Inicio","item":"https:\/\/apuntesdesanluis.com\/"},{"@type":"ListItem","position":2,"name":"ESTUDIANTES DE LA UNVIME PODR\u00c1N REALIZAR PR\u00c1CTICAS EN EL PODER JUDICIAL"}]},{"@type":"WebSite","@id":"https:\/\/apuntesdesanluis.com\/#website","url":"https:\/\/apuntesdesanluis.com\/","name":"Apuntes de San Luis","description":"","publisher":{"@id":"https:\/\/apuntesdesanluis.com\/#\/schema\/person\/b55151d52296fcce64d1a72538a70b90"},"potentialAction":[{"@type":"SearchAction","target":{"@type":"EntryPoint","urlTemplate":"https:\/\/apuntesdesanluis.com\/?s={search_term_string}"},"query-input":{"@type":"PropertyValueSpecification","valueRequired":true,"valueName":"search_term_string"}}],"inLanguage":"es-AR"},{"@type":["Person","Organization"],"@id":"https:\/\/apuntesdesanluis.com\/#\/schema\/person\/b55151d52296fcce64d1a72538a70b90","name":"apuntesdesanluis.com","image":{"@type":"ImageObject","inLanguage":"es-AR","@id":"https:\/\/apuntesdesanluis.com\/#\/schema\/person\/image\/","url":"https:\/\/apuntesdesanluis.com\/wp-content\/uploads\/2023\/07\/cropped-apuntesdesanluis.png","contentUrl":"https:\/\/apuntesdesanluis.com\/wp-content\/uploads\/2023\/07\/cropped-apuntesdesanluis.png","width":450,"height":112,"caption":"apuntesdesanluis.com"},"logo":{"@id":"https:\/\/apuntesdesanluis.com\/#\/schema\/person\/image\/"},"sameAs":["https:\/\/apuntesdesanluis.com"],"url":"https:\/\/apuntesdesanluis.com\/index.php\/author\/apuntesdesanluis-com\/"}]}},"featured_image_urls":{"full":["https:\/\/apuntesdesanluis.com\/wp-content\/uploads\/2024\/03\/sosa-y-allende.png",600,368,false],"thumbnail":["https:\/\/apuntesdesanluis.com\/wp-content\/uploads\/2024\/03\/sosa-y-allende-150x150.png",150,150,true],"medium":["https:\/\/apuntesdesanluis.com\/wp-content\/uploads\/2024\/03\/sosa-y-allende-300x184.png",300,184,true],"medium_large":["https:\/\/apuntesdesanluis.com\/wp-content\/uploads\/2024\/03\/sosa-y-allende.png",600,368,false],"large":["https:\/\/apuntesdesanluis.com\/wp-content\/uploads\/2024\/03\/sosa-y-allende.png",600,368,false],"1536x1536":["https:\/\/apuntesdesanluis.com\/wp-content\/uploads\/2024\/03\/sosa-y-allende.png",600,368,false],"2048x2048":["https:\/\/apuntesdesanluis.com\/wp-content\/uploads\/2024\/03\/sosa-y-allende.png",600,368,false],"newsever-slider-full":["https:\/\/apuntesdesanluis.com\/wp-content\/uploads\/2024\/03\/sosa-y-allende.png",600,368,false],"newsever-featured":["https:\/\/apuntesdesanluis.com\/wp-content\/uploads\/2024\/03\/sosa-y-allende.png",600,368,false],"newsever-medium":["https:\/\/apuntesdesanluis.com\/wp-content\/uploads\/2024\/03\/sosa-y-allende.png",600,368,false]},"author_info":{"display_name":"apuntesdesanluis.com","author_link":"https:\/\/apuntesdesanluis.com\/index.php\/author\/apuntesdesanluis-com\/"},"category_info":"<a href=\"https:\/\/apuntesdesanluis.com\/index.php\/category\/ciudad-provincia\/\" rel=\"category tag\">Ciudad\/Provincia<\/a>","tag_info":"Ciudad\/Provincia","comment_count":"0","_links":{"self":[{"href":"https:\/\/apuntesdesanluis.com\/index.php\/wp-json\/wp\/v2\/posts\/12762","targetHints":{"allow":["GET"]}}],"collection":[{"href":"https:\/\/apuntesdesanluis.com\/index.php\/wp-json\/wp\/v2\/posts"}],"about":[{"href":"https:\/\/apuntesdesanluis.com\/index.php\/wp-json\/wp\/v2\/types\/post"}],"author":[{"embeddable":true,"href":"https:\/\/apuntesdesanluis.com\/index.php\/wp-json\/wp\/v2\/users\/1"}],"replies":[{"embeddable":true,"href":"https:\/\/apuntesdesanluis.com\/index.php\/wp-json\/wp\/v2\/comments?post=12762"}],"version-history":[{"count":1,"href":"https:\/\/apuntesdesanluis.com\/index.php\/wp-json\/wp\/v2\/posts\/12762\/revisions"}],"predecessor-version":[{"id":12766,"href":"https:\/\/apuntesdesanluis.com\/index.php\/wp-json\/wp\/v2\/posts\/12762\/revisions\/12766"}],"wp:featuredmedia":[{"embeddable":true,"href":"https:\/\/apuntesdesanluis.com\/index.php\/wp-json\/wp\/v2\/media\/12763"}],"wp:attachment":[{"href":"https:\/\/apuntesdesanluis.com\/index.php\/wp-json\/wp\/v2\/media?parent=12762"}],"wp:term":[{"taxonomy":"category","embeddable":true,"href":"https:\/\/apuntesdesanluis.com\/index.php\/wp-json\/wp\/v2\/categories?post=12762"},{"taxonomy":"post_tag","embeddable":true,"href":"https:\/\/apuntesdesanluis.com\/index.php\/wp-json\/wp\/v2\/tags?post=12762"}],"curies":[{"name":"wp","href":"https:\/\/api.w.org\/{rel}","templated":true}]}}