{"id":12767,"date":"2024-03-06T18:44:38","date_gmt":"2024-03-06T21:44:38","guid":{"rendered":"https:\/\/apuntesdesanluis.com\/?p=12767"},"modified":"2024-03-06T18:44:38","modified_gmt":"2024-03-06T21:44:38","slug":"caso-amancay-ordenan-la-elevacion-a-juicio-por-homicidio-simple-con-dolo-eventual","status":"publish","type":"post","link":"https:\/\/apuntesdesanluis.com\/index.php\/2024\/03\/06\/caso-amancay-ordenan-la-elevacion-a-juicio-por-homicidio-simple-con-dolo-eventual\/","title":{"rendered":"CASO AMANCAY: ORDENAN LA ELEVACI\u00d3N A JUICIO POR HOMICIDIO SIMPLE CON DOLO EVENTUAL"},"content":{"rendered":"<h3>El juez subrogante del Juzgado de Garant\u00eda N\u00b0 2, Juan Manuel Montiveros Chada, orden\u00f3 la elevaci\u00f3n a juicio de la causa en la que <strong>Jonathan Sandoval<\/strong> est\u00e1 acusado de atropellar con su camioneta Toyota Hilux a <strong>Roc\u00edo Amancay Pedernera<\/strong> y provocar su muerte a ra\u00edz de politraumatismos que le provoc\u00f3 el impacto.<\/h3>\n<h3>La audiencia de control de acusaci\u00f3n se realiz\u00f3 este mi\u00e9rcoles y el Fiscal de Instrucci\u00f3n N\u00ba 3, Esteban Roche, ratific\u00f3 el pedido de 16 a\u00f1os de prisi\u00f3n por homicidio simple con dolo eventual.\u00a0 Roche dijo que esta acusaci\u00f3n provisoria se realiz\u00f3 desde el inicio y se pudo sostener a lo largo de la acusaci\u00f3n.<\/h3>\n<h3>\u201cEntendemos que Sandoval no estaba en ning\u00fan tipo de condici\u00f3n para manejar la camioneta. El d\u00eda de los hechos, ven\u00eda de tener un viaje a C\u00f3rdoba, hab\u00eda llegado a las 20 horas.; a las 21 horas ya estaba en una juntada con amigos; a las 3 de la madrugada en un boliche y a las 4:15 se produce el hecho, incluso previamente pas\u00f3 un sem\u00e1foro en rojo\u201d.<\/h3>\n<h3>El Fiscal agreg\u00f3 que, aunque \u201cel imputado se represent\u00f3 el peligro de manejar en ese estado, se mostr\u00f3 indiferente con las consecuencias\u201d.<\/h3>\n<h3>La defensa t\u00e9cnica de Sandoval, integrada por los abogados Marcos Ju\u00e1rez y Ramiro Rubio, se opusieron a la calificaci\u00f3n legal y al monto de la pena.<\/h3>\n<h3>Luego de la elevaci\u00f3n a la Fiscal\u00eda de Juicio, el Colegio de Jueces tiene entre 20 d\u00edas y 2 meses para fijar fecha de juicio, por lo que se prev\u00e9 que el debate oral se realice durante la primera mitad de este a\u00f1o.<\/h3>\n<h3>El hecho ocurri\u00f3 el s\u00e1bado 29 de julio de 2023 entre las 4:15 y 4:30 de la madrugada en la Avenida Santos Ortiz, a la altura del Barrio Tibilleti. Roc\u00edo Amancay Pedernera circulaba en una motocicleta 110 cent\u00edmetros c\u00fabicos y volv\u00eda de trabajar. Ambos rodados transitaban en la misma direcci\u00f3n, de oeste a este.<\/h3>\n<h3>La figura penal del homicidio simple se da cuando una persona, con dolo o intenci\u00f3n pone fin a la vida de otro ser humano sin que concurra ninguna circunstancia agravante de la pena. El art\u00edculo 79 del C\u00f3digo Penal de la Naci\u00f3n Argentina (C.P) establece: \u201cSe aplicar\u00e1 reclusi\u00f3n o prisi\u00f3n de ocho a veinticinco a\u00f1os, al que matare a otro siempre que en este c\u00f3digo no se estableciere otra pena\u201d. El dolo se configura cuando el sujeto activo del delito tiene el conocimiento y la voluntad de producir la muerte de otra persona mediante su accionar.<\/h3>\n<p>&nbsp;<\/p>\n<p>&nbsp;<\/p>\n<p>&nbsp;<\/p>\n","protected":false},"excerpt":{"rendered":"<p>El juez subrogante del Juzgado de Garant\u00eda N\u00b0 2, Juan Manuel Montiveros Chada, orden\u00f3 la&#8230;<\/p>\n","protected":false},"author":1,"featured_media":12768,"comment_status":"closed","ping_status":"closed","sticky":false,"template":"","format":"standard","meta":{"footnotes":""},"categories":[6],"tags":[],"class_list":["post-12767","post","type-post","status-publish","format-standard","has-post-thumbnail","hentry","category-ciudad-provincia"],"yoast_head":"<!-- This site is optimized with the Yoast SEO plugin v26.1.1 - https:\/\/yoast.com\/wordpress\/plugins\/seo\/ -->\n<title>CASO AMANCAY: ORDENAN LA ELEVACI\u00d3N A JUICIO POR HOMICIDIO SIMPLE CON DOLO EVENTUAL - Apuntes de San Luis<\/title>\n<meta name=\"robots\" content=\"index, follow, max-snippet:-1, max-image-preview:large, max-video-preview:-1\" \/>\n<link rel=\"canonical\" href=\"https:\/\/apuntesdesanluis.com\/index.php\/2024\/03\/06\/caso-amancay-ordenan-la-elevacion-a-juicio-por-homicidio-simple-con-dolo-eventual\/\" \/>\n<meta property=\"og:locale\" content=\"es_ES\" \/>\n<meta property=\"og:type\" content=\"article\" \/>\n<meta property=\"og:title\" content=\"CASO AMANCAY: ORDENAN LA ELEVACI\u00d3N A JUICIO POR HOMICIDIO SIMPLE CON DOLO EVENTUAL - Apuntes de San Luis\" \/>\n<meta property=\"og:description\" content=\"El juez subrogante del Juzgado de Garant\u00eda N\u00b0 2, Juan Manuel Montiveros Chada, orden\u00f3 la...\" \/>\n<meta property=\"og:url\" content=\"https:\/\/apuntesdesanluis.com\/index.php\/2024\/03\/06\/caso-amancay-ordenan-la-elevacion-a-juicio-por-homicidio-simple-con-dolo-eventual\/\" \/>\n<meta property=\"og:site_name\" content=\"Apuntes de San Luis\" \/>\n<meta property=\"article:published_time\" content=\"2024-03-06T21:44:38+00:00\" \/>\n<meta property=\"og:image\" content=\"https:\/\/apuntesdesanluis.com\/wp-content\/uploads\/2024\/03\/AMANCAY.png\" \/>\n\t<meta property=\"og:image:width\" content=\"576\" \/>\n\t<meta property=\"og:image:height\" content=\"355\" \/>\n\t<meta property=\"og:image:type\" content=\"image\/png\" \/>\n<meta name=\"author\" content=\"apuntesdesanluis.com\" \/>\n<meta name=\"twitter:card\" content=\"summary_large_image\" \/>\n<meta name=\"twitter:label1\" content=\"Escrito por\" \/>\n\t<meta name=\"twitter:data1\" content=\"apuntesdesanluis.com\" \/>\n\t<meta name=\"twitter:label2\" content=\"Tiempo de lectura\" \/>\n\t<meta name=\"twitter:data2\" content=\"2 minutos\" \/>\n<script type=\"application\/ld+json\" class=\"yoast-schema-graph\">{\"@context\":\"https:\/\/schema.org\",\"@graph\":[{\"@type\":\"Article\",\"@id\":\"https:\/\/apuntesdesanluis.com\/index.php\/2024\/03\/06\/caso-amancay-ordenan-la-elevacion-a-juicio-por-homicidio-simple-con-dolo-eventual\/#article\",\"isPartOf\":{\"@id\":\"https:\/\/apuntesdesanluis.com\/index.php\/2024\/03\/06\/caso-amancay-ordenan-la-elevacion-a-juicio-por-homicidio-simple-con-dolo-eventual\/\"},\"author\":{\"name\":\"apuntesdesanluis.com\",\"@id\":\"https:\/\/apuntesdesanluis.com\/#\/schema\/person\/b55151d52296fcce64d1a72538a70b90\"},\"headline\":\"CASO AMANCAY: ORDENAN LA ELEVACI\u00d3N A JUICIO POR HOMICIDIO SIMPLE CON DOLO EVENTUAL\",\"datePublished\":\"2024-03-06T21:44:38+00:00\",\"mainEntityOfPage\":{\"@id\":\"https:\/\/apuntesdesanluis.com\/index.php\/2024\/03\/06\/caso-amancay-ordenan-la-elevacion-a-juicio-por-homicidio-simple-con-dolo-eventual\/\"},\"wordCount\":456,\"publisher\":{\"@id\":\"https:\/\/apuntesdesanluis.com\/#\/schema\/person\/b55151d52296fcce64d1a72538a70b90\"},\"image\":{\"@id\":\"https:\/\/apuntesdesanluis.com\/index.php\/2024\/03\/06\/caso-amancay-ordenan-la-elevacion-a-juicio-por-homicidio-simple-con-dolo-eventual\/#primaryimage\"},\"thumbnailUrl\":\"https:\/\/apuntesdesanluis.com\/wp-content\/uploads\/2024\/03\/AMANCAY.png\",\"articleSection\":[\"Ciudad\/Provincia\"],\"inLanguage\":\"es-AR\"},{\"@type\":\"WebPage\",\"@id\":\"https:\/\/apuntesdesanluis.com\/index.php\/2024\/03\/06\/caso-amancay-ordenan-la-elevacion-a-juicio-por-homicidio-simple-con-dolo-eventual\/\",\"url\":\"https:\/\/apuntesdesanluis.com\/index.php\/2024\/03\/06\/caso-amancay-ordenan-la-elevacion-a-juicio-por-homicidio-simple-con-dolo-eventual\/\",\"name\":\"CASO AMANCAY: ORDENAN LA ELEVACI\u00d3N A JUICIO POR HOMICIDIO SIMPLE CON DOLO EVENTUAL - Apuntes de San Luis\",\"isPartOf\":{\"@id\":\"https:\/\/apuntesdesanluis.com\/#website\"},\"primaryImageOfPage\":{\"@id\":\"https:\/\/apuntesdesanluis.com\/index.php\/2024\/03\/06\/caso-amancay-ordenan-la-elevacion-a-juicio-por-homicidio-simple-con-dolo-eventual\/#primaryimage\"},\"image\":{\"@id\":\"https:\/\/apuntesdesanluis.com\/index.php\/2024\/03\/06\/caso-amancay-ordenan-la-elevacion-a-juicio-por-homicidio-simple-con-dolo-eventual\/#primaryimage\"},\"thumbnailUrl\":\"https:\/\/apuntesdesanluis.com\/wp-content\/uploads\/2024\/03\/AMANCAY.png\",\"datePublished\":\"2024-03-06T21:44:38+00:00\",\"breadcrumb\":{\"@id\":\"https:\/\/apuntesdesanluis.com\/index.php\/2024\/03\/06\/caso-amancay-ordenan-la-elevacion-a-juicio-por-homicidio-simple-con-dolo-eventual\/#breadcrumb\"},\"inLanguage\":\"es-AR\",\"potentialAction\":[{\"@type\":\"ReadAction\",\"target\":[\"https:\/\/apuntesdesanluis.com\/index.php\/2024\/03\/06\/caso-amancay-ordenan-la-elevacion-a-juicio-por-homicidio-simple-con-dolo-eventual\/\"]}]},{\"@type\":\"ImageObject\",\"inLanguage\":\"es-AR\",\"@id\":\"https:\/\/apuntesdesanluis.com\/index.php\/2024\/03\/06\/caso-amancay-ordenan-la-elevacion-a-juicio-por-homicidio-simple-con-dolo-eventual\/#primaryimage\",\"url\":\"https:\/\/apuntesdesanluis.com\/wp-content\/uploads\/2024\/03\/AMANCAY.png\",\"contentUrl\":\"https:\/\/apuntesdesanluis.com\/wp-content\/uploads\/2024\/03\/AMANCAY.png\",\"width\":576,\"height\":355},{\"@type\":\"BreadcrumbList\",\"@id\":\"https:\/\/apuntesdesanluis.com\/index.php\/2024\/03\/06\/caso-amancay-ordenan-la-elevacion-a-juicio-por-homicidio-simple-con-dolo-eventual\/#breadcrumb\",\"itemListElement\":[{\"@type\":\"ListItem\",\"position\":1,\"name\":\"Inicio\",\"item\":\"https:\/\/apuntesdesanluis.com\/\"},{\"@type\":\"ListItem\",\"position\":2,\"name\":\"CASO AMANCAY: ORDENAN LA ELEVACI\u00d3N A JUICIO POR HOMICIDIO SIMPLE CON DOLO EVENTUAL\"}]},{\"@type\":\"WebSite\",\"@id\":\"https:\/\/apuntesdesanluis.com\/#website\",\"url\":\"https:\/\/apuntesdesanluis.com\/\",\"name\":\"Apuntes de San Luis\",\"description\":\"\",\"publisher\":{\"@id\":\"https:\/\/apuntesdesanluis.com\/#\/schema\/person\/b55151d52296fcce64d1a72538a70b90\"},\"potentialAction\":[{\"@type\":\"SearchAction\",\"target\":{\"@type\":\"EntryPoint\",\"urlTemplate\":\"https:\/\/apuntesdesanluis.com\/?s={search_term_string}\"},\"query-input\":{\"@type\":\"PropertyValueSpecification\",\"valueRequired\":true,\"valueName\":\"search_term_string\"}}],\"inLanguage\":\"es-AR\"},{\"@type\":[\"Person\",\"Organization\"],\"@id\":\"https:\/\/apuntesdesanluis.com\/#\/schema\/person\/b55151d52296fcce64d1a72538a70b90\",\"name\":\"apuntesdesanluis.com\",\"image\":{\"@type\":\"ImageObject\",\"inLanguage\":\"es-AR\",\"@id\":\"https:\/\/apuntesdesanluis.com\/#\/schema\/person\/image\/\",\"url\":\"https:\/\/apuntesdesanluis.com\/wp-content\/uploads\/2023\/07\/cropped-apuntesdesanluis.png\",\"contentUrl\":\"https:\/\/apuntesdesanluis.com\/wp-content\/uploads\/2023\/07\/cropped-apuntesdesanluis.png\",\"width\":450,\"height\":112,\"caption\":\"apuntesdesanluis.com\"},\"logo\":{\"@id\":\"https:\/\/apuntesdesanluis.com\/#\/schema\/person\/image\/\"},\"sameAs\":[\"https:\/\/apuntesdesanluis.com\"],\"url\":\"https:\/\/apuntesdesanluis.com\/index.php\/author\/apuntesdesanluis-com\/\"}]}<\/script>\n<!-- \/ Yoast SEO plugin. -->","yoast_head_json":{"title":"CASO AMANCAY: ORDENAN LA ELEVACI\u00d3N A JUICIO POR HOMICIDIO SIMPLE CON DOLO EVENTUAL - Apuntes de San Luis","robots":{"index":"index","follow":"follow","max-snippet":"max-snippet:-1","max-image-preview":"max-image-preview:large","max-video-preview":"max-video-preview:-1"},"canonical":"https:\/\/apuntesdesanluis.com\/index.php\/2024\/03\/06\/caso-amancay-ordenan-la-elevacion-a-juicio-por-homicidio-simple-con-dolo-eventual\/","og_locale":"es_ES","og_type":"article","og_title":"CASO AMANCAY: ORDENAN LA ELEVACI\u00d3N A JUICIO POR HOMICIDIO SIMPLE CON DOLO EVENTUAL - Apuntes de San Luis","og_description":"El juez subrogante del Juzgado de Garant\u00eda N\u00b0 2, Juan Manuel Montiveros Chada, orden\u00f3 la...","og_url":"https:\/\/apuntesdesanluis.com\/index.php\/2024\/03\/06\/caso-amancay-ordenan-la-elevacion-a-juicio-por-homicidio-simple-con-dolo-eventual\/","og_site_name":"Apuntes de San Luis","article_published_time":"2024-03-06T21:44:38+00:00","og_image":[{"width":576,"height":355,"url":"https:\/\/apuntesdesanluis.com\/wp-content\/uploads\/2024\/03\/AMANCAY.png","type":"image\/png"}],"author":"apuntesdesanluis.com","twitter_card":"summary_large_image","twitter_misc":{"Escrito por":"apuntesdesanluis.com","Tiempo de lectura":"2 minutos"},"schema":{"@context":"https:\/\/schema.org","@graph":[{"@type":"Article","@id":"https:\/\/apuntesdesanluis.com\/index.php\/2024\/03\/06\/caso-amancay-ordenan-la-elevacion-a-juicio-por-homicidio-simple-con-dolo-eventual\/#article","isPartOf":{"@id":"https:\/\/apuntesdesanluis.com\/index.php\/2024\/03\/06\/caso-amancay-ordenan-la-elevacion-a-juicio-por-homicidio-simple-con-dolo-eventual\/"},"author":{"name":"apuntesdesanluis.com","@id":"https:\/\/apuntesdesanluis.com\/#\/schema\/person\/b55151d52296fcce64d1a72538a70b90"},"headline":"CASO AMANCAY: ORDENAN LA ELEVACI\u00d3N A JUICIO POR HOMICIDIO SIMPLE CON DOLO EVENTUAL","datePublished":"2024-03-06T21:44:38+00:00","mainEntityOfPage":{"@id":"https:\/\/apuntesdesanluis.com\/index.php\/2024\/03\/06\/caso-amancay-ordenan-la-elevacion-a-juicio-por-homicidio-simple-con-dolo-eventual\/"},"wordCount":456,"publisher":{"@id":"https:\/\/apuntesdesanluis.com\/#\/schema\/person\/b55151d52296fcce64d1a72538a70b90"},"image":{"@id":"https:\/\/apuntesdesanluis.com\/index.php\/2024\/03\/06\/caso-amancay-ordenan-la-elevacion-a-juicio-por-homicidio-simple-con-dolo-eventual\/#primaryimage"},"thumbnailUrl":"https:\/\/apuntesdesanluis.com\/wp-content\/uploads\/2024\/03\/AMANCAY.png","articleSection":["Ciudad\/Provincia"],"inLanguage":"es-AR"},{"@type":"WebPage","@id":"https:\/\/apuntesdesanluis.com\/index.php\/2024\/03\/06\/caso-amancay-ordenan-la-elevacion-a-juicio-por-homicidio-simple-con-dolo-eventual\/","url":"https:\/\/apuntesdesanluis.com\/index.php\/2024\/03\/06\/caso-amancay-ordenan-la-elevacion-a-juicio-por-homicidio-simple-con-dolo-eventual\/","name":"CASO AMANCAY: ORDENAN LA ELEVACI\u00d3N A JUICIO POR HOMICIDIO SIMPLE CON DOLO EVENTUAL - Apuntes de San Luis","isPartOf":{"@id":"https:\/\/apuntesdesanluis.com\/#website"},"primaryImageOfPage":{"@id":"https:\/\/apuntesdesanluis.com\/index.php\/2024\/03\/06\/caso-amancay-ordenan-la-elevacion-a-juicio-por-homicidio-simple-con-dolo-eventual\/#primaryimage"},"image":{"@id":"https:\/\/apuntesdesanluis.com\/index.php\/2024\/03\/06\/caso-amancay-ordenan-la-elevacion-a-juicio-por-homicidio-simple-con-dolo-eventual\/#primaryimage"},"thumbnailUrl":"https:\/\/apuntesdesanluis.com\/wp-content\/uploads\/2024\/03\/AMANCAY.png","datePublished":"2024-03-06T21:44:38+00:00","breadcrumb":{"@id":"https:\/\/apuntesdesanluis.com\/index.php\/2024\/03\/06\/caso-amancay-ordenan-la-elevacion-a-juicio-por-homicidio-simple-con-dolo-eventual\/#breadcrumb"},"inLanguage":"es-AR","potentialAction":[{"@type":"ReadAction","target":["https:\/\/apuntesdesanluis.com\/index.php\/2024\/03\/06\/caso-amancay-ordenan-la-elevacion-a-juicio-por-homicidio-simple-con-dolo-eventual\/"]}]},{"@type":"ImageObject","inLanguage":"es-AR","@id":"https:\/\/apuntesdesanluis.com\/index.php\/2024\/03\/06\/caso-amancay-ordenan-la-elevacion-a-juicio-por-homicidio-simple-con-dolo-eventual\/#primaryimage","url":"https:\/\/apuntesdesanluis.com\/wp-content\/uploads\/2024\/03\/AMANCAY.png","contentUrl":"https:\/\/apuntesdesanluis.com\/wp-content\/uploads\/2024\/03\/AMANCAY.png","width":576,"height":355},{"@type":"BreadcrumbList","@id":"https:\/\/apuntesdesanluis.com\/index.php\/2024\/03\/06\/caso-amancay-ordenan-la-elevacion-a-juicio-por-homicidio-simple-con-dolo-eventual\/#breadcrumb","itemListElement":[{"@type":"ListItem","position":1,"name":"Inicio","item":"https:\/\/apuntesdesanluis.com\/"},{"@type":"ListItem","position":2,"name":"CASO AMANCAY: ORDENAN LA ELEVACI\u00d3N A JUICIO POR HOMICIDIO SIMPLE CON DOLO EVENTUAL"}]},{"@type":"WebSite","@id":"https:\/\/apuntesdesanluis.com\/#website","url":"https:\/\/apuntesdesanluis.com\/","name":"Apuntes de San Luis","description":"","publisher":{"@id":"https:\/\/apuntesdesanluis.com\/#\/schema\/person\/b55151d52296fcce64d1a72538a70b90"},"potentialAction":[{"@type":"SearchAction","target":{"@type":"EntryPoint","urlTemplate":"https:\/\/apuntesdesanluis.com\/?s={search_term_string}"},"query-input":{"@type":"PropertyValueSpecification","valueRequired":true,"valueName":"search_term_string"}}],"inLanguage":"es-AR"},{"@type":["Person","Organization"],"@id":"https:\/\/apuntesdesanluis.com\/#\/schema\/person\/b55151d52296fcce64d1a72538a70b90","name":"apuntesdesanluis.com","image":{"@type":"ImageObject","inLanguage":"es-AR","@id":"https:\/\/apuntesdesanluis.com\/#\/schema\/person\/image\/","url":"https:\/\/apuntesdesanluis.com\/wp-content\/uploads\/2023\/07\/cropped-apuntesdesanluis.png","contentUrl":"https:\/\/apuntesdesanluis.com\/wp-content\/uploads\/2023\/07\/cropped-apuntesdesanluis.png","width":450,"height":112,"caption":"apuntesdesanluis.com"},"logo":{"@id":"https:\/\/apuntesdesanluis.com\/#\/schema\/person\/image\/"},"sameAs":["https:\/\/apuntesdesanluis.com"],"url":"https:\/\/apuntesdesanluis.com\/index.php\/author\/apuntesdesanluis-com\/"}]}},"featured_image_urls":{"full":["https:\/\/apuntesdesanluis.com\/wp-content\/uploads\/2024\/03\/AMANCAY.png",576,355,false],"thumbnail":["https:\/\/apuntesdesanluis.com\/wp-content\/uploads\/2024\/03\/AMANCAY-150x150.png",150,150,true],"medium":["https:\/\/apuntesdesanluis.com\/wp-content\/uploads\/2024\/03\/AMANCAY-300x185.png",300,185,true],"medium_large":["https:\/\/apuntesdesanluis.com\/wp-content\/uploads\/2024\/03\/AMANCAY.png",576,355,false],"large":["https:\/\/apuntesdesanluis.com\/wp-content\/uploads\/2024\/03\/AMANCAY.png",576,355,false],"1536x1536":["https:\/\/apuntesdesanluis.com\/wp-content\/uploads\/2024\/03\/AMANCAY.png",576,355,false],"2048x2048":["https:\/\/apuntesdesanluis.com\/wp-content\/uploads\/2024\/03\/AMANCAY.png",576,355,false],"newsever-slider-full":["https:\/\/apuntesdesanluis.com\/wp-content\/uploads\/2024\/03\/AMANCAY.png",576,355,false],"newsever-featured":["https:\/\/apuntesdesanluis.com\/wp-content\/uploads\/2024\/03\/AMANCAY.png",576,355,false],"newsever-medium":["https:\/\/apuntesdesanluis.com\/wp-content\/uploads\/2024\/03\/AMANCAY.png",576,355,false]},"author_info":{"display_name":"apuntesdesanluis.com","author_link":"https:\/\/apuntesdesanluis.com\/index.php\/author\/apuntesdesanluis-com\/"},"category_info":"<a href=\"https:\/\/apuntesdesanluis.com\/index.php\/category\/ciudad-provincia\/\" rel=\"category tag\">Ciudad\/Provincia<\/a>","tag_info":"Ciudad\/Provincia","comment_count":"0","_links":{"self":[{"href":"https:\/\/apuntesdesanluis.com\/index.php\/wp-json\/wp\/v2\/posts\/12767","targetHints":{"allow":["GET"]}}],"collection":[{"href":"https:\/\/apuntesdesanluis.com\/index.php\/wp-json\/wp\/v2\/posts"}],"about":[{"href":"https:\/\/apuntesdesanluis.com\/index.php\/wp-json\/wp\/v2\/types\/post"}],"author":[{"embeddable":true,"href":"https:\/\/apuntesdesanluis.com\/index.php\/wp-json\/wp\/v2\/users\/1"}],"replies":[{"embeddable":true,"href":"https:\/\/apuntesdesanluis.com\/index.php\/wp-json\/wp\/v2\/comments?post=12767"}],"version-history":[{"count":1,"href":"https:\/\/apuntesdesanluis.com\/index.php\/wp-json\/wp\/v2\/posts\/12767\/revisions"}],"predecessor-version":[{"id":12769,"href":"https:\/\/apuntesdesanluis.com\/index.php\/wp-json\/wp\/v2\/posts\/12767\/revisions\/12769"}],"wp:featuredmedia":[{"embeddable":true,"href":"https:\/\/apuntesdesanluis.com\/index.php\/wp-json\/wp\/v2\/media\/12768"}],"wp:attachment":[{"href":"https:\/\/apuntesdesanluis.com\/index.php\/wp-json\/wp\/v2\/media?parent=12767"}],"wp:term":[{"taxonomy":"category","embeddable":true,"href":"https:\/\/apuntesdesanluis.com\/index.php\/wp-json\/wp\/v2\/categories?post=12767"},{"taxonomy":"post_tag","embeddable":true,"href":"https:\/\/apuntesdesanluis.com\/index.php\/wp-json\/wp\/v2\/tags?post=12767"}],"curies":[{"name":"wp","href":"https:\/\/api.w.org\/{rel}","templated":true}]}}