{"id":12787,"date":"2024-03-06T20:32:00","date_gmt":"2024-03-06T23:32:00","guid":{"rendered":"https:\/\/apuntesdesanluis.com\/?p=12787"},"modified":"2024-03-06T20:32:00","modified_gmt":"2024-03-06T23:32:00","slug":"prision-preventiva-para-el-imputado-por-homicidio-culposo-en-accidente-de-transito-de-union","status":"publish","type":"post","link":"https:\/\/apuntesdesanluis.com\/index.php\/2024\/03\/06\/prision-preventiva-para-el-imputado-por-homicidio-culposo-en-accidente-de-transito-de-union\/","title":{"rendered":"PRISI\u00d3N PREVENTIVA PARA EL IMPUTADO POR HOMICIDIO CULPOSO EN ACCIDENTE DE TR\u00c1NSITO DE UNI\u00d3N"},"content":{"rendered":"<h3>Deber\u00e1 cumplir la medida por 30 d\u00edas en el Servicio Penitenciario Provincial. Asimismo, la fiscal\u00eda ampli\u00f3 los cargos formulados al imputado, en relaci\u00f3n a la otra persona lesionada en el accidente.<\/h3>\n<h3>Este mi\u00e9rcoles, vencida ya la pr\u00f3rroga de detenci\u00f3n para el imputado por un accidente de tr\u00e1nsito ocurrido en la localidad de Uni\u00f3n y que tuvo como v\u00edctima fatal a Augusto Nieto, se realiz\u00f3 una nueva audiencia.<\/h3>\n<h3>Como Fiscal de Instrucci\u00f3n intervino el Dr. Jose Olgu\u00edn quien estuvo acompa\u00f1ado por la Dra. Andrea Court, Fiscal Adjunta. Por su parte, la Dra. Marcela Antequeda intervino en representaci\u00f3n del imputado.<\/h3>\n<h3>En la audiencia, la fiscal\u00eda realiz\u00f3 una ampliaci\u00f3n de cargos por lesiones graves culposas agravadas por la conducci\u00f3n antirreglamentaria de un veh\u00edculo automotor, en relaci\u00f3n a la otra persona que circulaba en la motocicleta, la cual se encuentra en estado reservado. En esta instancia, hizo menci\u00f3n al informe m\u00e9dico forense. Con respecto al agravante de alcohol, si bien fue desestimado, debe tenerse en cuenta, dijo el fiscal.<\/h3>\n<h3>Por otro lado, la defensa discerni\u00f3 en relaci\u00f3n a la conducci\u00f3n imprudente e hizo un an\u00e1lisis sobre la pericia accidentol\u00f3gica y describi\u00f3 el hecho, expres\u00f3 que su defendido no ha sido imprudente y que si bien fue un accidente vial, \u00e9l circul\u00f3 y gir\u00f3 lentamente mientras que la moto circulaba\u00a0 a alta velocidad.<\/h3>\n<h3>El Dr. Santiago Ortiz reformul\u00f3 los cargos \u2013provisoriamente- por homicidio culposo agravado por la conducci\u00f3n antirreglamentaria de un veh\u00edculo (art. 84 bis \u2013 1er p\u00e1rrafo del C\u00f3digo Penal) y lesiones graves culposas agravadas por la conducci\u00f3n antirreglamentaria de un veh\u00edculo automotor (art. 94 bis \u2013 1er p\u00e1rrafo del C\u00f3digo Penal).<\/h3>\n<p><img fetchpriority=\"high\" decoding=\"async\" class=\"wp-image-12789 aligncenter\" src=\"https:\/\/apuntesdesanluis.com\/wp-content\/uploads\/2024\/03\/Audiencia-1-300x165.png\" alt=\"\" width=\"642\" height=\"353\" srcset=\"https:\/\/apuntesdesanluis.com\/wp-content\/uploads\/2024\/03\/Audiencia-1-300x165.png 300w, https:\/\/apuntesdesanluis.com\/wp-content\/uploads\/2024\/03\/Audiencia-1.png 600w\" sizes=\"(max-width: 642px) 100vw, 642px\" \/><\/p>\n<h3>El hecho, seg\u00fan lo relatado por el Ministerio P\u00fablico Fiscal, en la primera audiencia,\u00a0 ocurri\u00f3 el pasado 25 de febrero, aproximadamente a las 7 de la ma\u00f1ana,\u00a0 en la Avenida\u00a0 Antonio Dassa con la intersecci\u00f3n de M\u00e1ximo Barthel.<\/h3>\n<h3>El imputado circulaba en un veh\u00edculo modelo Sandero por la avenida Dassa con sentido de circulaci\u00f3n Norte a Sur. \u201cAl girar de manera anti reglamentaria hacia\u00a0 calle M\u00e1ximo Barthel hacia la izquierda colision\u00f3 con una motocicleta que circulaba por Avenida Dassa, de Sur a Norte, interponi\u00e9ndose en el camino y produciendo un impacto\u201d, en esa motocicleta se conduc\u00edan Augusto Nieto, quien perdi\u00f3 la vida como consecuencia de las lesiones sufridas, y otro joven que actualmente se encuentra hospitalizado.<\/h3>\n<h3>En una segunda parte de la audiencia, se analiz\u00f3 sobre la medida de coerci\u00f3n. La fiscal\u00eda solicit\u00f3 la prisi\u00f3n preventiva por 60 d\u00edas a los fines de concluir con la investigaci\u00f3n y mencion\u00f3 el estado de salud de la otra persona.<\/h3>\n<h3>Mientras que la defensa esgrimi\u00f3 que se trata de una medida extrema, se refiri\u00f3 al pron\u00f3stico punitivo del delito, y dijo que su defendido no ha obstaculizado la investigaci\u00f3n\u00a0 y que no se dan los par\u00e1metros para una prisi\u00f3n preventiva. Asimismo, mencion\u00f3 cuestiones personales y familiares y solicit\u00f3 otras medidas de restricci\u00f3n.<\/h3>\n<h3>Luego de la exposici\u00f3n, el Dr. Ortiz orden\u00f3 la prisi\u00f3n preventiva por el t\u00e9rmino de 30 d\u00edas, atento a la escasa evidencia que resta incorporar y lo establecido en los art\u00edculos 203 y 204 del C\u00f3digo Procesal Penal.<\/h3>\n<h3>Para mayor informaci\u00f3n, ingresar al siguiente enlace: <span style=\"color: #3366ff;\"><a style=\"color: #3366ff;\" href=\"https:\/\/www.periodicojudicial.gov.ar\/homicidio-culposo-en-accidente-de-transito-en-union-audiencia-de-formulacion-de-cargos\/\">https:\/\/www.periodicojudicial.gov.ar\/homicidio-culposo-en-accidente-de-transito-en-union-audiencia-de-formulacion-de-cargos\/<\/a><\/span><\/h3>\n<p>&nbsp;<\/p>\n<p>&nbsp;<\/p>\n<p>&nbsp;<\/p>\n","protected":false},"excerpt":{"rendered":"<p>Deber\u00e1 cumplir la medida por 30 d\u00edas en el Servicio Penitenciario Provincial. Asimismo, la fiscal\u00eda&#8230;<\/p>\n","protected":false},"author":1,"featured_media":12788,"comment_status":"closed","ping_status":"closed","sticky":false,"template":"","format":"standard","meta":{"footnotes":""},"categories":[6],"tags":[],"class_list":["post-12787","post","type-post","status-publish","format-standard","has-post-thumbnail","hentry","category-ciudad-provincia"],"yoast_head":"<!-- This site is optimized with the Yoast SEO plugin v26.1.1 - https:\/\/yoast.com\/wordpress\/plugins\/seo\/ -->\n<title>PRISI\u00d3N PREVENTIVA PARA EL IMPUTADO POR HOMICIDIO CULPOSO EN ACCIDENTE DE TR\u00c1NSITO DE UNI\u00d3N - Apuntes de San Luis<\/title>\n<meta name=\"robots\" content=\"index, follow, max-snippet:-1, max-image-preview:large, max-video-preview:-1\" \/>\n<link rel=\"canonical\" href=\"https:\/\/apuntesdesanluis.com\/index.php\/2024\/03\/06\/prision-preventiva-para-el-imputado-por-homicidio-culposo-en-accidente-de-transito-de-union\/\" \/>\n<meta property=\"og:locale\" content=\"es_ES\" \/>\n<meta property=\"og:type\" content=\"article\" \/>\n<meta property=\"og:title\" content=\"PRISI\u00d3N PREVENTIVA PARA EL IMPUTADO POR HOMICIDIO CULPOSO EN ACCIDENTE DE TR\u00c1NSITO DE UNI\u00d3N - Apuntes de San Luis\" \/>\n<meta property=\"og:description\" content=\"Deber\u00e1 cumplir la medida por 30 d\u00edas en el Servicio Penitenciario Provincial. Asimismo, la fiscal\u00eda...\" \/>\n<meta property=\"og:url\" content=\"https:\/\/apuntesdesanluis.com\/index.php\/2024\/03\/06\/prision-preventiva-para-el-imputado-por-homicidio-culposo-en-accidente-de-transito-de-union\/\" \/>\n<meta property=\"og:site_name\" content=\"Apuntes de San Luis\" \/>\n<meta property=\"article:published_time\" content=\"2024-03-06T23:32:00+00:00\" \/>\n<meta property=\"og:image\" content=\"https:\/\/apuntesdesanluis.com\/wp-content\/uploads\/2024\/03\/ACCIDENTE.png\" \/>\n\t<meta property=\"og:image:width\" content=\"600\" \/>\n\t<meta property=\"og:image:height\" content=\"321\" \/>\n\t<meta property=\"og:image:type\" content=\"image\/png\" \/>\n<meta name=\"author\" content=\"apuntesdesanluis.com\" \/>\n<meta name=\"twitter:card\" content=\"summary_large_image\" \/>\n<meta name=\"twitter:label1\" content=\"Escrito por\" \/>\n\t<meta name=\"twitter:data1\" content=\"apuntesdesanluis.com\" \/>\n\t<meta name=\"twitter:label2\" content=\"Tiempo de lectura\" \/>\n\t<meta name=\"twitter:data2\" content=\"3 minutos\" \/>\n<script type=\"application\/ld+json\" class=\"yoast-schema-graph\">{\"@context\":\"https:\/\/schema.org\",\"@graph\":[{\"@type\":\"Article\",\"@id\":\"https:\/\/apuntesdesanluis.com\/index.php\/2024\/03\/06\/prision-preventiva-para-el-imputado-por-homicidio-culposo-en-accidente-de-transito-de-union\/#article\",\"isPartOf\":{\"@id\":\"https:\/\/apuntesdesanluis.com\/index.php\/2024\/03\/06\/prision-preventiva-para-el-imputado-por-homicidio-culposo-en-accidente-de-transito-de-union\/\"},\"author\":{\"name\":\"apuntesdesanluis.com\",\"@id\":\"https:\/\/apuntesdesanluis.com\/#\/schema\/person\/b55151d52296fcce64d1a72538a70b90\"},\"headline\":\"PRISI\u00d3N PREVENTIVA PARA EL IMPUTADO POR HOMICIDIO CULPOSO EN ACCIDENTE DE TR\u00c1NSITO DE UNI\u00d3N\",\"datePublished\":\"2024-03-06T23:32:00+00:00\",\"mainEntityOfPage\":{\"@id\":\"https:\/\/apuntesdesanluis.com\/index.php\/2024\/03\/06\/prision-preventiva-para-el-imputado-por-homicidio-culposo-en-accidente-de-transito-de-union\/\"},\"wordCount\":596,\"publisher\":{\"@id\":\"https:\/\/apuntesdesanluis.com\/#\/schema\/person\/b55151d52296fcce64d1a72538a70b90\"},\"image\":{\"@id\":\"https:\/\/apuntesdesanluis.com\/index.php\/2024\/03\/06\/prision-preventiva-para-el-imputado-por-homicidio-culposo-en-accidente-de-transito-de-union\/#primaryimage\"},\"thumbnailUrl\":\"https:\/\/apuntesdesanluis.com\/wp-content\/uploads\/2024\/03\/ACCIDENTE.png\",\"articleSection\":[\"Ciudad\/Provincia\"],\"inLanguage\":\"es-AR\"},{\"@type\":\"WebPage\",\"@id\":\"https:\/\/apuntesdesanluis.com\/index.php\/2024\/03\/06\/prision-preventiva-para-el-imputado-por-homicidio-culposo-en-accidente-de-transito-de-union\/\",\"url\":\"https:\/\/apuntesdesanluis.com\/index.php\/2024\/03\/06\/prision-preventiva-para-el-imputado-por-homicidio-culposo-en-accidente-de-transito-de-union\/\",\"name\":\"PRISI\u00d3N PREVENTIVA PARA EL IMPUTADO POR HOMICIDIO CULPOSO EN ACCIDENTE DE TR\u00c1NSITO DE UNI\u00d3N - Apuntes de San Luis\",\"isPartOf\":{\"@id\":\"https:\/\/apuntesdesanluis.com\/#website\"},\"primaryImageOfPage\":{\"@id\":\"https:\/\/apuntesdesanluis.com\/index.php\/2024\/03\/06\/prision-preventiva-para-el-imputado-por-homicidio-culposo-en-accidente-de-transito-de-union\/#primaryimage\"},\"image\":{\"@id\":\"https:\/\/apuntesdesanluis.com\/index.php\/2024\/03\/06\/prision-preventiva-para-el-imputado-por-homicidio-culposo-en-accidente-de-transito-de-union\/#primaryimage\"},\"thumbnailUrl\":\"https:\/\/apuntesdesanluis.com\/wp-content\/uploads\/2024\/03\/ACCIDENTE.png\",\"datePublished\":\"2024-03-06T23:32:00+00:00\",\"breadcrumb\":{\"@id\":\"https:\/\/apuntesdesanluis.com\/index.php\/2024\/03\/06\/prision-preventiva-para-el-imputado-por-homicidio-culposo-en-accidente-de-transito-de-union\/#breadcrumb\"},\"inLanguage\":\"es-AR\",\"potentialAction\":[{\"@type\":\"ReadAction\",\"target\":[\"https:\/\/apuntesdesanluis.com\/index.php\/2024\/03\/06\/prision-preventiva-para-el-imputado-por-homicidio-culposo-en-accidente-de-transito-de-union\/\"]}]},{\"@type\":\"ImageObject\",\"inLanguage\":\"es-AR\",\"@id\":\"https:\/\/apuntesdesanluis.com\/index.php\/2024\/03\/06\/prision-preventiva-para-el-imputado-por-homicidio-culposo-en-accidente-de-transito-de-union\/#primaryimage\",\"url\":\"https:\/\/apuntesdesanluis.com\/wp-content\/uploads\/2024\/03\/ACCIDENTE.png\",\"contentUrl\":\"https:\/\/apuntesdesanluis.com\/wp-content\/uploads\/2024\/03\/ACCIDENTE.png\",\"width\":600,\"height\":321},{\"@type\":\"BreadcrumbList\",\"@id\":\"https:\/\/apuntesdesanluis.com\/index.php\/2024\/03\/06\/prision-preventiva-para-el-imputado-por-homicidio-culposo-en-accidente-de-transito-de-union\/#breadcrumb\",\"itemListElement\":[{\"@type\":\"ListItem\",\"position\":1,\"name\":\"Inicio\",\"item\":\"https:\/\/apuntesdesanluis.com\/\"},{\"@type\":\"ListItem\",\"position\":2,\"name\":\"PRISI\u00d3N PREVENTIVA PARA EL IMPUTADO POR HOMICIDIO CULPOSO EN ACCIDENTE DE TR\u00c1NSITO DE UNI\u00d3N\"}]},{\"@type\":\"WebSite\",\"@id\":\"https:\/\/apuntesdesanluis.com\/#website\",\"url\":\"https:\/\/apuntesdesanluis.com\/\",\"name\":\"Apuntes de San Luis\",\"description\":\"\",\"publisher\":{\"@id\":\"https:\/\/apuntesdesanluis.com\/#\/schema\/person\/b55151d52296fcce64d1a72538a70b90\"},\"potentialAction\":[{\"@type\":\"SearchAction\",\"target\":{\"@type\":\"EntryPoint\",\"urlTemplate\":\"https:\/\/apuntesdesanluis.com\/?s={search_term_string}\"},\"query-input\":{\"@type\":\"PropertyValueSpecification\",\"valueRequired\":true,\"valueName\":\"search_term_string\"}}],\"inLanguage\":\"es-AR\"},{\"@type\":[\"Person\",\"Organization\"],\"@id\":\"https:\/\/apuntesdesanluis.com\/#\/schema\/person\/b55151d52296fcce64d1a72538a70b90\",\"name\":\"apuntesdesanluis.com\",\"image\":{\"@type\":\"ImageObject\",\"inLanguage\":\"es-AR\",\"@id\":\"https:\/\/apuntesdesanluis.com\/#\/schema\/person\/image\/\",\"url\":\"https:\/\/apuntesdesanluis.com\/wp-content\/uploads\/2023\/07\/cropped-apuntesdesanluis.png\",\"contentUrl\":\"https:\/\/apuntesdesanluis.com\/wp-content\/uploads\/2023\/07\/cropped-apuntesdesanluis.png\",\"width\":450,\"height\":112,\"caption\":\"apuntesdesanluis.com\"},\"logo\":{\"@id\":\"https:\/\/apuntesdesanluis.com\/#\/schema\/person\/image\/\"},\"sameAs\":[\"https:\/\/apuntesdesanluis.com\"],\"url\":\"https:\/\/apuntesdesanluis.com\/index.php\/author\/apuntesdesanluis-com\/\"}]}<\/script>\n<!-- \/ Yoast SEO plugin. -->","yoast_head_json":{"title":"PRISI\u00d3N PREVENTIVA PARA EL IMPUTADO POR HOMICIDIO CULPOSO EN ACCIDENTE DE TR\u00c1NSITO DE UNI\u00d3N - Apuntes de San Luis","robots":{"index":"index","follow":"follow","max-snippet":"max-snippet:-1","max-image-preview":"max-image-preview:large","max-video-preview":"max-video-preview:-1"},"canonical":"https:\/\/apuntesdesanluis.com\/index.php\/2024\/03\/06\/prision-preventiva-para-el-imputado-por-homicidio-culposo-en-accidente-de-transito-de-union\/","og_locale":"es_ES","og_type":"article","og_title":"PRISI\u00d3N PREVENTIVA PARA EL IMPUTADO POR HOMICIDIO CULPOSO EN ACCIDENTE DE TR\u00c1NSITO DE UNI\u00d3N - Apuntes de San Luis","og_description":"Deber\u00e1 cumplir la medida por 30 d\u00edas en el Servicio Penitenciario Provincial. Asimismo, la fiscal\u00eda...","og_url":"https:\/\/apuntesdesanluis.com\/index.php\/2024\/03\/06\/prision-preventiva-para-el-imputado-por-homicidio-culposo-en-accidente-de-transito-de-union\/","og_site_name":"Apuntes de San Luis","article_published_time":"2024-03-06T23:32:00+00:00","og_image":[{"width":600,"height":321,"url":"https:\/\/apuntesdesanluis.com\/wp-content\/uploads\/2024\/03\/ACCIDENTE.png","type":"image\/png"}],"author":"apuntesdesanluis.com","twitter_card":"summary_large_image","twitter_misc":{"Escrito por":"apuntesdesanluis.com","Tiempo de lectura":"3 minutos"},"schema":{"@context":"https:\/\/schema.org","@graph":[{"@type":"Article","@id":"https:\/\/apuntesdesanluis.com\/index.php\/2024\/03\/06\/prision-preventiva-para-el-imputado-por-homicidio-culposo-en-accidente-de-transito-de-union\/#article","isPartOf":{"@id":"https:\/\/apuntesdesanluis.com\/index.php\/2024\/03\/06\/prision-preventiva-para-el-imputado-por-homicidio-culposo-en-accidente-de-transito-de-union\/"},"author":{"name":"apuntesdesanluis.com","@id":"https:\/\/apuntesdesanluis.com\/#\/schema\/person\/b55151d52296fcce64d1a72538a70b90"},"headline":"PRISI\u00d3N PREVENTIVA PARA EL IMPUTADO POR HOMICIDIO CULPOSO EN ACCIDENTE DE TR\u00c1NSITO DE UNI\u00d3N","datePublished":"2024-03-06T23:32:00+00:00","mainEntityOfPage":{"@id":"https:\/\/apuntesdesanluis.com\/index.php\/2024\/03\/06\/prision-preventiva-para-el-imputado-por-homicidio-culposo-en-accidente-de-transito-de-union\/"},"wordCount":596,"publisher":{"@id":"https:\/\/apuntesdesanluis.com\/#\/schema\/person\/b55151d52296fcce64d1a72538a70b90"},"image":{"@id":"https:\/\/apuntesdesanluis.com\/index.php\/2024\/03\/06\/prision-preventiva-para-el-imputado-por-homicidio-culposo-en-accidente-de-transito-de-union\/#primaryimage"},"thumbnailUrl":"https:\/\/apuntesdesanluis.com\/wp-content\/uploads\/2024\/03\/ACCIDENTE.png","articleSection":["Ciudad\/Provincia"],"inLanguage":"es-AR"},{"@type":"WebPage","@id":"https:\/\/apuntesdesanluis.com\/index.php\/2024\/03\/06\/prision-preventiva-para-el-imputado-por-homicidio-culposo-en-accidente-de-transito-de-union\/","url":"https:\/\/apuntesdesanluis.com\/index.php\/2024\/03\/06\/prision-preventiva-para-el-imputado-por-homicidio-culposo-en-accidente-de-transito-de-union\/","name":"PRISI\u00d3N PREVENTIVA PARA EL IMPUTADO POR HOMICIDIO CULPOSO EN ACCIDENTE DE TR\u00c1NSITO DE UNI\u00d3N - Apuntes de San Luis","isPartOf":{"@id":"https:\/\/apuntesdesanluis.com\/#website"},"primaryImageOfPage":{"@id":"https:\/\/apuntesdesanluis.com\/index.php\/2024\/03\/06\/prision-preventiva-para-el-imputado-por-homicidio-culposo-en-accidente-de-transito-de-union\/#primaryimage"},"image":{"@id":"https:\/\/apuntesdesanluis.com\/index.php\/2024\/03\/06\/prision-preventiva-para-el-imputado-por-homicidio-culposo-en-accidente-de-transito-de-union\/#primaryimage"},"thumbnailUrl":"https:\/\/apuntesdesanluis.com\/wp-content\/uploads\/2024\/03\/ACCIDENTE.png","datePublished":"2024-03-06T23:32:00+00:00","breadcrumb":{"@id":"https:\/\/apuntesdesanluis.com\/index.php\/2024\/03\/06\/prision-preventiva-para-el-imputado-por-homicidio-culposo-en-accidente-de-transito-de-union\/#breadcrumb"},"inLanguage":"es-AR","potentialAction":[{"@type":"ReadAction","target":["https:\/\/apuntesdesanluis.com\/index.php\/2024\/03\/06\/prision-preventiva-para-el-imputado-por-homicidio-culposo-en-accidente-de-transito-de-union\/"]}]},{"@type":"ImageObject","inLanguage":"es-AR","@id":"https:\/\/apuntesdesanluis.com\/index.php\/2024\/03\/06\/prision-preventiva-para-el-imputado-por-homicidio-culposo-en-accidente-de-transito-de-union\/#primaryimage","url":"https:\/\/apuntesdesanluis.com\/wp-content\/uploads\/2024\/03\/ACCIDENTE.png","contentUrl":"https:\/\/apuntesdesanluis.com\/wp-content\/uploads\/2024\/03\/ACCIDENTE.png","width":600,"height":321},{"@type":"BreadcrumbList","@id":"https:\/\/apuntesdesanluis.com\/index.php\/2024\/03\/06\/prision-preventiva-para-el-imputado-por-homicidio-culposo-en-accidente-de-transito-de-union\/#breadcrumb","itemListElement":[{"@type":"ListItem","position":1,"name":"Inicio","item":"https:\/\/apuntesdesanluis.com\/"},{"@type":"ListItem","position":2,"name":"PRISI\u00d3N PREVENTIVA PARA EL IMPUTADO POR HOMICIDIO CULPOSO EN ACCIDENTE DE TR\u00c1NSITO DE UNI\u00d3N"}]},{"@type":"WebSite","@id":"https:\/\/apuntesdesanluis.com\/#website","url":"https:\/\/apuntesdesanluis.com\/","name":"Apuntes de San Luis","description":"","publisher":{"@id":"https:\/\/apuntesdesanluis.com\/#\/schema\/person\/b55151d52296fcce64d1a72538a70b90"},"potentialAction":[{"@type":"SearchAction","target":{"@type":"EntryPoint","urlTemplate":"https:\/\/apuntesdesanluis.com\/?s={search_term_string}"},"query-input":{"@type":"PropertyValueSpecification","valueRequired":true,"valueName":"search_term_string"}}],"inLanguage":"es-AR"},{"@type":["Person","Organization"],"@id":"https:\/\/apuntesdesanluis.com\/#\/schema\/person\/b55151d52296fcce64d1a72538a70b90","name":"apuntesdesanluis.com","image":{"@type":"ImageObject","inLanguage":"es-AR","@id":"https:\/\/apuntesdesanluis.com\/#\/schema\/person\/image\/","url":"https:\/\/apuntesdesanluis.com\/wp-content\/uploads\/2023\/07\/cropped-apuntesdesanluis.png","contentUrl":"https:\/\/apuntesdesanluis.com\/wp-content\/uploads\/2023\/07\/cropped-apuntesdesanluis.png","width":450,"height":112,"caption":"apuntesdesanluis.com"},"logo":{"@id":"https:\/\/apuntesdesanluis.com\/#\/schema\/person\/image\/"},"sameAs":["https:\/\/apuntesdesanluis.com"],"url":"https:\/\/apuntesdesanluis.com\/index.php\/author\/apuntesdesanluis-com\/"}]}},"featured_image_urls":{"full":["https:\/\/apuntesdesanluis.com\/wp-content\/uploads\/2024\/03\/ACCIDENTE.png",600,321,false],"thumbnail":["https:\/\/apuntesdesanluis.com\/wp-content\/uploads\/2024\/03\/ACCIDENTE-150x150.png",150,150,true],"medium":["https:\/\/apuntesdesanluis.com\/wp-content\/uploads\/2024\/03\/ACCIDENTE-300x161.png",300,161,true],"medium_large":["https:\/\/apuntesdesanluis.com\/wp-content\/uploads\/2024\/03\/ACCIDENTE.png",600,321,false],"large":["https:\/\/apuntesdesanluis.com\/wp-content\/uploads\/2024\/03\/ACCIDENTE.png",600,321,false],"1536x1536":["https:\/\/apuntesdesanluis.com\/wp-content\/uploads\/2024\/03\/ACCIDENTE.png",600,321,false],"2048x2048":["https:\/\/apuntesdesanluis.com\/wp-content\/uploads\/2024\/03\/ACCIDENTE.png",600,321,false],"newsever-slider-full":["https:\/\/apuntesdesanluis.com\/wp-content\/uploads\/2024\/03\/ACCIDENTE.png",600,321,false],"newsever-featured":["https:\/\/apuntesdesanluis.com\/wp-content\/uploads\/2024\/03\/ACCIDENTE.png",600,321,false],"newsever-medium":["https:\/\/apuntesdesanluis.com\/wp-content\/uploads\/2024\/03\/ACCIDENTE.png",600,321,false]},"author_info":{"display_name":"apuntesdesanluis.com","author_link":"https:\/\/apuntesdesanluis.com\/index.php\/author\/apuntesdesanluis-com\/"},"category_info":"<a href=\"https:\/\/apuntesdesanluis.com\/index.php\/category\/ciudad-provincia\/\" rel=\"category tag\">Ciudad\/Provincia<\/a>","tag_info":"Ciudad\/Provincia","comment_count":"0","_links":{"self":[{"href":"https:\/\/apuntesdesanluis.com\/index.php\/wp-json\/wp\/v2\/posts\/12787","targetHints":{"allow":["GET"]}}],"collection":[{"href":"https:\/\/apuntesdesanluis.com\/index.php\/wp-json\/wp\/v2\/posts"}],"about":[{"href":"https:\/\/apuntesdesanluis.com\/index.php\/wp-json\/wp\/v2\/types\/post"}],"author":[{"embeddable":true,"href":"https:\/\/apuntesdesanluis.com\/index.php\/wp-json\/wp\/v2\/users\/1"}],"replies":[{"embeddable":true,"href":"https:\/\/apuntesdesanluis.com\/index.php\/wp-json\/wp\/v2\/comments?post=12787"}],"version-history":[{"count":1,"href":"https:\/\/apuntesdesanluis.com\/index.php\/wp-json\/wp\/v2\/posts\/12787\/revisions"}],"predecessor-version":[{"id":12790,"href":"https:\/\/apuntesdesanluis.com\/index.php\/wp-json\/wp\/v2\/posts\/12787\/revisions\/12790"}],"wp:featuredmedia":[{"embeddable":true,"href":"https:\/\/apuntesdesanluis.com\/index.php\/wp-json\/wp\/v2\/media\/12788"}],"wp:attachment":[{"href":"https:\/\/apuntesdesanluis.com\/index.php\/wp-json\/wp\/v2\/media?parent=12787"}],"wp:term":[{"taxonomy":"category","embeddable":true,"href":"https:\/\/apuntesdesanluis.com\/index.php\/wp-json\/wp\/v2\/categories?post=12787"},{"taxonomy":"post_tag","embeddable":true,"href":"https:\/\/apuntesdesanluis.com\/index.php\/wp-json\/wp\/v2\/tags?post=12787"}],"curies":[{"name":"wp","href":"https:\/\/api.w.org\/{rel}","templated":true}]}}