{"id":12799,"date":"2024-03-06T22:54:09","date_gmt":"2024-03-07T01:54:09","guid":{"rendered":"https:\/\/apuntesdesanluis.com\/?p=12799"},"modified":"2024-03-06T22:54:09","modified_gmt":"2024-03-07T01:54:09","slug":"un-grupo-de-68-premios-nobel-cargaron-contra-milei-por-los-recortes-en-ciencia-y-tecnologia","status":"publish","type":"post","link":"https:\/\/apuntesdesanluis.com\/index.php\/2024\/03\/06\/un-grupo-de-68-premios-nobel-cargaron-contra-milei-por-los-recortes-en-ciencia-y-tecnologia\/","title":{"rendered":"UN GRUPO DE 68 PREMIOS NOBEL CARGARON CONTRA MILEI POR LOS RECORTES EN CIENCIA Y TECNOLOG\u00cdA"},"content":{"rendered":"<h3>&#8220;El sistema cient\u00edfico argentino se encuentra al borde del precipio&#8221;, sostiene la carta.<\/h3>\n<h3>68 ganadores del Premios Nobel advirtieron al Presidente <strong>Javier Milei<\/strong> por \u201cla eliminaci\u00f3n del Ministerio de Ciencia y Tecnolog\u00eda, los posibles despidos de empleados administrativos del CONICET y recortes dentro del \u00e1rea\u201d.<\/h3>\n<h3>En el escrito, los laureados en F\u00edsica, Qu\u00edmica y Medicina expresan que \u201cel sistema cient\u00edfico argentino se encuentra al borde del precipicio\u201d.<\/h3>\n<h3>La misiva -que est\u00e1 dirigida al jefe de Gabinete Nicol\u00e1s Posse, el presidente del CONICET Daniel Salomone y senadores y diputados de la Naci\u00f3n- fue compartida por el ex ministro de Ciencia y Tecnolog\u00eda Daniel Filmus en su cuenta personal de<\/h3>\n<h3>&#8220;Tememos que la Argentina renuncie a sus cient\u00edficos y a sus estudiantes de ciencias. Nos preocupa que la dram\u00e1tica devaluaci\u00f3n de los presupuestos del CONICET y de las Universidades Nacionales refleje no s\u00f3lo una dram\u00e1tica devaluaci\u00f3n de la ciencia argentina, sino tambi\u00e9n una devaluaci\u00f3n del pueblo argentino y del futuro de Argentina\u201d, consideraron los intelectuales.<\/h3>\n<h3>Adem\u00e1s, los cient\u00edficos reconocieron &#8220;las contribuciones transformativas de la Argentina en materia cient\u00edfica\u201d.<\/h3>\n<h3>En este sentido, destacaron: &#8220;Si no fue por la ciencia argentina, las causas del c\u00e1ncer de pulm\u00f3n y diabetes seguir\u00edan siendo un misterio por d\u00e9cadas. Si no fuera por la ciencia argentina, carecer\u00edamos del conocimiento y tecnolog\u00eda que permita a un pa\u00eds con pluviosidad modesta alimentar a su poblaci\u00f3n y el mundo. Si no fuera por la ciencia argentina, no contar\u00edamos con elementos clave para nuestro entendimiento del universo, desde el desarrollo de un simple virus hasta sus \u00e1tomos\u201d.<\/h3>\n<h3>Los ganadores de los 68 Premios Nobel plantearon \u201cdevaluar o cancelar la ciencia argentina ser\u00eda un grave error\u201d.<\/h3>\n<h3>\u201cCualquier econom\u00eda moderna como la Argentina debe poder generar nuevas tecnolog\u00edas enfocadas y aplicar otras ajenas en contextos locales\u201d, subrayan.<\/h3>\n<h3>La misiva finaliza con un pedido al libertario. Los referentes reclaman que Milei &#8220;restablezca los presupuestos\u00a0 de las restricciones impuestas recientemente al important\u00edsimo sector de la ciencia y la tecnolog\u00eda de su pa\u00eds. La congelaci\u00f3n de los programas de investigaci\u00f3n y la disminuci\u00f3n del n\u00famero de becarios de postgrado y de j\u00f3venes investigadores provocar\u00e1n la destrucci\u00f3n de un sistema que cost\u00f3 muchos a\u00f1os construir\u201d.<\/h3>\n<h3>Tras las PASO del 13 de agosto, el entonces candidato presidencial de La Libertad Avanza dijo que si ganaba &#8220;las elecciones cerrar\u00eda el CONICET&#8221; y \u201cser\u00eda mejor que quede en manos del sector privado\u201d.<\/h3>\n<h3>QUI\u00c9NES FIRMARON LA CARTA DIRIGIDA A MILEI<\/h3>\n<h3>Los Nobel de Qu\u00edmica que firmaron la misiva fueron Thomas R. Cech, Martin Chalfie, Aaron Ciechanover, Walter Gilbert, Richard Henderson, Avram Hershko, Roald Hoffmann, Brian K. Kobilka, Roger D. Kornberg, Yuan T. Lee, Robert J. Lefkowitz, Jean-Marie Lehn, Tomas Lindahl, Roderick MacKinnon, Paul L. Modrich, Jean-Pierre Sauvage, Richard R. Schrock, Sir John E. Walker, Arieh Warshel, Sir Gregory P. Winter y Kurt Wuthrich.<\/h3>\n<h3>Por su parte, rubricaron el documento los ganadores del Nobel de Econom\u00eda Finn E. Kydland y los tambi\u00e9n laureados en el \u00e1rea de Medicina Harvey J. Alter, Werner Arber, Francoise Barre-Sino, Elizabeth H. Blackburn, Andrew Z. Fire, Jules A. Hoffmann, Tasuku Honjo, H. Robert Horvitz, Sir Michael Houghton, Tim Hunt, Louis J. Ignarro, William G. Kaelin Jr., Barry J. Marshall, Craig C. Mello, Edvard Moser, May-Britt Moser, Sir Paul M. Nurse, Stanley B. Prusiner, Sir Peter J. Ratcliffe, Charles M. Rice, Sir Richard J. Roberts, Michael Rosbash, Phillip A. Sharp, Susumu Tonegawa, Harold E. Varmus y Torsten N. Wiesel.<\/h3>\n<h3>Por \u00faltimo, los galardonados con el Nobel de F\u00edsica Barry Clark Barish, Steven Chu, Albert Fert, Andre Geim, Sheldon Glashow, David J. Gross, John L. Hall, Serge Haroche, Takaaki Kajita, Ferenc Krausz, Anthony J. Leggett, Michel Mayor, Konstantin Novoselov, Giorgio Parisi, Roger Penrose, William D. Phillips, H. David Politzer, Donna Stricland, Kip Stephen Thorne y David J. Wineland tambi\u00e9n se sumaron al reclamo.<\/h3>\n<p>&nbsp;<\/p>\n<p>&nbsp;<\/p>\n<p>&nbsp;<\/p>\n<p>&nbsp;<\/p>\n<p>&nbsp;<\/p>\n<p>&nbsp;<\/p>\n<p>&nbsp;<\/p>\n<p>&nbsp;<\/p>\n","protected":false},"excerpt":{"rendered":"<p>&#8220;El sistema cient\u00edfico argentino se encuentra al borde del precipio&#8221;, sostiene la carta. 68 ganadores&#8230;<\/p>\n","protected":false},"author":1,"featured_media":12800,"comment_status":"closed","ping_status":"closed","sticky":false,"template":"","format":"standard","meta":{"footnotes":""},"categories":[5],"tags":[],"class_list":["post-12799","post","type-post","status-publish","format-standard","has-post-thumbnail","hentry","category-nacionales-internacionales"],"yoast_head":"<!-- This site is optimized with the Yoast SEO plugin v26.1.1 - https:\/\/yoast.com\/wordpress\/plugins\/seo\/ -->\n<title>UN GRUPO DE 68 PREMIOS NOBEL CARGARON CONTRA MILEI POR LOS RECORTES EN CIENCIA Y TECNOLOG\u00cdA - Apuntes de San Luis<\/title>\n<meta name=\"robots\" content=\"index, follow, max-snippet:-1, max-image-preview:large, max-video-preview:-1\" \/>\n<link rel=\"canonical\" href=\"https:\/\/apuntesdesanluis.com\/index.php\/2024\/03\/06\/un-grupo-de-68-premios-nobel-cargaron-contra-milei-por-los-recortes-en-ciencia-y-tecnologia\/\" \/>\n<meta property=\"og:locale\" content=\"es_ES\" \/>\n<meta property=\"og:type\" content=\"article\" \/>\n<meta property=\"og:title\" content=\"UN GRUPO DE 68 PREMIOS NOBEL CARGARON CONTRA MILEI POR LOS RECORTES EN CIENCIA Y TECNOLOG\u00cdA - Apuntes de San Luis\" \/>\n<meta property=\"og:description\" content=\"&#8220;El sistema cient\u00edfico argentino se encuentra al borde del precipio&#8221;, sostiene la carta. 68 ganadores...\" \/>\n<meta property=\"og:url\" content=\"https:\/\/apuntesdesanluis.com\/index.php\/2024\/03\/06\/un-grupo-de-68-premios-nobel-cargaron-contra-milei-por-los-recortes-en-ciencia-y-tecnologia\/\" \/>\n<meta property=\"og:site_name\" content=\"Apuntes de San Luis\" \/>\n<meta property=\"article:published_time\" content=\"2024-03-07T01:54:09+00:00\" \/>\n<meta property=\"og:image\" content=\"https:\/\/apuntesdesanluis.com\/wp-content\/uploads\/2024\/03\/CONICET.png\" \/>\n\t<meta property=\"og:image:width\" content=\"749\" \/>\n\t<meta property=\"og:image:height\" content=\"423\" \/>\n\t<meta property=\"og:image:type\" content=\"image\/png\" \/>\n<meta name=\"author\" content=\"apuntesdesanluis.com\" \/>\n<meta name=\"twitter:card\" content=\"summary_large_image\" \/>\n<meta name=\"twitter:label1\" content=\"Escrito por\" \/>\n\t<meta name=\"twitter:data1\" content=\"apuntesdesanluis.com\" \/>\n\t<meta name=\"twitter:label2\" content=\"Tiempo de lectura\" \/>\n\t<meta name=\"twitter:data2\" content=\"3 minutos\" \/>\n<script type=\"application\/ld+json\" class=\"yoast-schema-graph\">{\"@context\":\"https:\/\/schema.org\",\"@graph\":[{\"@type\":\"Article\",\"@id\":\"https:\/\/apuntesdesanluis.com\/index.php\/2024\/03\/06\/un-grupo-de-68-premios-nobel-cargaron-contra-milei-por-los-recortes-en-ciencia-y-tecnologia\/#article\",\"isPartOf\":{\"@id\":\"https:\/\/apuntesdesanluis.com\/index.php\/2024\/03\/06\/un-grupo-de-68-premios-nobel-cargaron-contra-milei-por-los-recortes-en-ciencia-y-tecnologia\/\"},\"author\":{\"name\":\"apuntesdesanluis.com\",\"@id\":\"https:\/\/apuntesdesanluis.com\/#\/schema\/person\/b55151d52296fcce64d1a72538a70b90\"},\"headline\":\"UN GRUPO DE 68 PREMIOS NOBEL CARGARON CONTRA MILEI POR LOS RECORTES EN CIENCIA Y TECNOLOG\u00cdA\",\"datePublished\":\"2024-03-07T01:54:09+00:00\",\"mainEntityOfPage\":{\"@id\":\"https:\/\/apuntesdesanluis.com\/index.php\/2024\/03\/06\/un-grupo-de-68-premios-nobel-cargaron-contra-milei-por-los-recortes-en-ciencia-y-tecnologia\/\"},\"wordCount\":695,\"publisher\":{\"@id\":\"https:\/\/apuntesdesanluis.com\/#\/schema\/person\/b55151d52296fcce64d1a72538a70b90\"},\"image\":{\"@id\":\"https:\/\/apuntesdesanluis.com\/index.php\/2024\/03\/06\/un-grupo-de-68-premios-nobel-cargaron-contra-milei-por-los-recortes-en-ciencia-y-tecnologia\/#primaryimage\"},\"thumbnailUrl\":\"https:\/\/apuntesdesanluis.com\/wp-content\/uploads\/2024\/03\/CONICET.png\",\"articleSection\":[\"Nacionales\/Internacionales\"],\"inLanguage\":\"es-AR\"},{\"@type\":\"WebPage\",\"@id\":\"https:\/\/apuntesdesanluis.com\/index.php\/2024\/03\/06\/un-grupo-de-68-premios-nobel-cargaron-contra-milei-por-los-recortes-en-ciencia-y-tecnologia\/\",\"url\":\"https:\/\/apuntesdesanluis.com\/index.php\/2024\/03\/06\/un-grupo-de-68-premios-nobel-cargaron-contra-milei-por-los-recortes-en-ciencia-y-tecnologia\/\",\"name\":\"UN GRUPO DE 68 PREMIOS NOBEL CARGARON CONTRA MILEI POR LOS RECORTES EN CIENCIA Y TECNOLOG\u00cdA - Apuntes de San Luis\",\"isPartOf\":{\"@id\":\"https:\/\/apuntesdesanluis.com\/#website\"},\"primaryImageOfPage\":{\"@id\":\"https:\/\/apuntesdesanluis.com\/index.php\/2024\/03\/06\/un-grupo-de-68-premios-nobel-cargaron-contra-milei-por-los-recortes-en-ciencia-y-tecnologia\/#primaryimage\"},\"image\":{\"@id\":\"https:\/\/apuntesdesanluis.com\/index.php\/2024\/03\/06\/un-grupo-de-68-premios-nobel-cargaron-contra-milei-por-los-recortes-en-ciencia-y-tecnologia\/#primaryimage\"},\"thumbnailUrl\":\"https:\/\/apuntesdesanluis.com\/wp-content\/uploads\/2024\/03\/CONICET.png\",\"datePublished\":\"2024-03-07T01:54:09+00:00\",\"breadcrumb\":{\"@id\":\"https:\/\/apuntesdesanluis.com\/index.php\/2024\/03\/06\/un-grupo-de-68-premios-nobel-cargaron-contra-milei-por-los-recortes-en-ciencia-y-tecnologia\/#breadcrumb\"},\"inLanguage\":\"es-AR\",\"potentialAction\":[{\"@type\":\"ReadAction\",\"target\":[\"https:\/\/apuntesdesanluis.com\/index.php\/2024\/03\/06\/un-grupo-de-68-premios-nobel-cargaron-contra-milei-por-los-recortes-en-ciencia-y-tecnologia\/\"]}]},{\"@type\":\"ImageObject\",\"inLanguage\":\"es-AR\",\"@id\":\"https:\/\/apuntesdesanluis.com\/index.php\/2024\/03\/06\/un-grupo-de-68-premios-nobel-cargaron-contra-milei-por-los-recortes-en-ciencia-y-tecnologia\/#primaryimage\",\"url\":\"https:\/\/apuntesdesanluis.com\/wp-content\/uploads\/2024\/03\/CONICET.png\",\"contentUrl\":\"https:\/\/apuntesdesanluis.com\/wp-content\/uploads\/2024\/03\/CONICET.png\",\"width\":749,\"height\":423},{\"@type\":\"BreadcrumbList\",\"@id\":\"https:\/\/apuntesdesanluis.com\/index.php\/2024\/03\/06\/un-grupo-de-68-premios-nobel-cargaron-contra-milei-por-los-recortes-en-ciencia-y-tecnologia\/#breadcrumb\",\"itemListElement\":[{\"@type\":\"ListItem\",\"position\":1,\"name\":\"Inicio\",\"item\":\"https:\/\/apuntesdesanluis.com\/\"},{\"@type\":\"ListItem\",\"position\":2,\"name\":\"UN GRUPO DE 68 PREMIOS NOBEL CARGARON CONTRA MILEI POR LOS RECORTES EN CIENCIA Y TECNOLOG\u00cdA\"}]},{\"@type\":\"WebSite\",\"@id\":\"https:\/\/apuntesdesanluis.com\/#website\",\"url\":\"https:\/\/apuntesdesanluis.com\/\",\"name\":\"Apuntes de San Luis\",\"description\":\"\",\"publisher\":{\"@id\":\"https:\/\/apuntesdesanluis.com\/#\/schema\/person\/b55151d52296fcce64d1a72538a70b90\"},\"potentialAction\":[{\"@type\":\"SearchAction\",\"target\":{\"@type\":\"EntryPoint\",\"urlTemplate\":\"https:\/\/apuntesdesanluis.com\/?s={search_term_string}\"},\"query-input\":{\"@type\":\"PropertyValueSpecification\",\"valueRequired\":true,\"valueName\":\"search_term_string\"}}],\"inLanguage\":\"es-AR\"},{\"@type\":[\"Person\",\"Organization\"],\"@id\":\"https:\/\/apuntesdesanluis.com\/#\/schema\/person\/b55151d52296fcce64d1a72538a70b90\",\"name\":\"apuntesdesanluis.com\",\"image\":{\"@type\":\"ImageObject\",\"inLanguage\":\"es-AR\",\"@id\":\"https:\/\/apuntesdesanluis.com\/#\/schema\/person\/image\/\",\"url\":\"https:\/\/apuntesdesanluis.com\/wp-content\/uploads\/2023\/07\/cropped-apuntesdesanluis.png\",\"contentUrl\":\"https:\/\/apuntesdesanluis.com\/wp-content\/uploads\/2023\/07\/cropped-apuntesdesanluis.png\",\"width\":450,\"height\":112,\"caption\":\"apuntesdesanluis.com\"},\"logo\":{\"@id\":\"https:\/\/apuntesdesanluis.com\/#\/schema\/person\/image\/\"},\"sameAs\":[\"https:\/\/apuntesdesanluis.com\"],\"url\":\"https:\/\/apuntesdesanluis.com\/index.php\/author\/apuntesdesanluis-com\/\"}]}<\/script>\n<!-- \/ Yoast SEO plugin. -->","yoast_head_json":{"title":"UN GRUPO DE 68 PREMIOS NOBEL CARGARON CONTRA MILEI POR LOS RECORTES EN CIENCIA Y TECNOLOG\u00cdA - Apuntes de San Luis","robots":{"index":"index","follow":"follow","max-snippet":"max-snippet:-1","max-image-preview":"max-image-preview:large","max-video-preview":"max-video-preview:-1"},"canonical":"https:\/\/apuntesdesanluis.com\/index.php\/2024\/03\/06\/un-grupo-de-68-premios-nobel-cargaron-contra-milei-por-los-recortes-en-ciencia-y-tecnologia\/","og_locale":"es_ES","og_type":"article","og_title":"UN GRUPO DE 68 PREMIOS NOBEL CARGARON CONTRA MILEI POR LOS RECORTES EN CIENCIA Y TECNOLOG\u00cdA - Apuntes de San Luis","og_description":"&#8220;El sistema cient\u00edfico argentino se encuentra al borde del precipio&#8221;, sostiene la carta. 68 ganadores...","og_url":"https:\/\/apuntesdesanluis.com\/index.php\/2024\/03\/06\/un-grupo-de-68-premios-nobel-cargaron-contra-milei-por-los-recortes-en-ciencia-y-tecnologia\/","og_site_name":"Apuntes de San Luis","article_published_time":"2024-03-07T01:54:09+00:00","og_image":[{"width":749,"height":423,"url":"https:\/\/apuntesdesanluis.com\/wp-content\/uploads\/2024\/03\/CONICET.png","type":"image\/png"}],"author":"apuntesdesanluis.com","twitter_card":"summary_large_image","twitter_misc":{"Escrito por":"apuntesdesanluis.com","Tiempo de lectura":"3 minutos"},"schema":{"@context":"https:\/\/schema.org","@graph":[{"@type":"Article","@id":"https:\/\/apuntesdesanluis.com\/index.php\/2024\/03\/06\/un-grupo-de-68-premios-nobel-cargaron-contra-milei-por-los-recortes-en-ciencia-y-tecnologia\/#article","isPartOf":{"@id":"https:\/\/apuntesdesanluis.com\/index.php\/2024\/03\/06\/un-grupo-de-68-premios-nobel-cargaron-contra-milei-por-los-recortes-en-ciencia-y-tecnologia\/"},"author":{"name":"apuntesdesanluis.com","@id":"https:\/\/apuntesdesanluis.com\/#\/schema\/person\/b55151d52296fcce64d1a72538a70b90"},"headline":"UN GRUPO DE 68 PREMIOS NOBEL CARGARON CONTRA MILEI POR LOS RECORTES EN CIENCIA Y TECNOLOG\u00cdA","datePublished":"2024-03-07T01:54:09+00:00","mainEntityOfPage":{"@id":"https:\/\/apuntesdesanluis.com\/index.php\/2024\/03\/06\/un-grupo-de-68-premios-nobel-cargaron-contra-milei-por-los-recortes-en-ciencia-y-tecnologia\/"},"wordCount":695,"publisher":{"@id":"https:\/\/apuntesdesanluis.com\/#\/schema\/person\/b55151d52296fcce64d1a72538a70b90"},"image":{"@id":"https:\/\/apuntesdesanluis.com\/index.php\/2024\/03\/06\/un-grupo-de-68-premios-nobel-cargaron-contra-milei-por-los-recortes-en-ciencia-y-tecnologia\/#primaryimage"},"thumbnailUrl":"https:\/\/apuntesdesanluis.com\/wp-content\/uploads\/2024\/03\/CONICET.png","articleSection":["Nacionales\/Internacionales"],"inLanguage":"es-AR"},{"@type":"WebPage","@id":"https:\/\/apuntesdesanluis.com\/index.php\/2024\/03\/06\/un-grupo-de-68-premios-nobel-cargaron-contra-milei-por-los-recortes-en-ciencia-y-tecnologia\/","url":"https:\/\/apuntesdesanluis.com\/index.php\/2024\/03\/06\/un-grupo-de-68-premios-nobel-cargaron-contra-milei-por-los-recortes-en-ciencia-y-tecnologia\/","name":"UN GRUPO DE 68 PREMIOS NOBEL CARGARON CONTRA MILEI POR LOS RECORTES EN CIENCIA Y TECNOLOG\u00cdA - Apuntes de San Luis","isPartOf":{"@id":"https:\/\/apuntesdesanluis.com\/#website"},"primaryImageOfPage":{"@id":"https:\/\/apuntesdesanluis.com\/index.php\/2024\/03\/06\/un-grupo-de-68-premios-nobel-cargaron-contra-milei-por-los-recortes-en-ciencia-y-tecnologia\/#primaryimage"},"image":{"@id":"https:\/\/apuntesdesanluis.com\/index.php\/2024\/03\/06\/un-grupo-de-68-premios-nobel-cargaron-contra-milei-por-los-recortes-en-ciencia-y-tecnologia\/#primaryimage"},"thumbnailUrl":"https:\/\/apuntesdesanluis.com\/wp-content\/uploads\/2024\/03\/CONICET.png","datePublished":"2024-03-07T01:54:09+00:00","breadcrumb":{"@id":"https:\/\/apuntesdesanluis.com\/index.php\/2024\/03\/06\/un-grupo-de-68-premios-nobel-cargaron-contra-milei-por-los-recortes-en-ciencia-y-tecnologia\/#breadcrumb"},"inLanguage":"es-AR","potentialAction":[{"@type":"ReadAction","target":["https:\/\/apuntesdesanluis.com\/index.php\/2024\/03\/06\/un-grupo-de-68-premios-nobel-cargaron-contra-milei-por-los-recortes-en-ciencia-y-tecnologia\/"]}]},{"@type":"ImageObject","inLanguage":"es-AR","@id":"https:\/\/apuntesdesanluis.com\/index.php\/2024\/03\/06\/un-grupo-de-68-premios-nobel-cargaron-contra-milei-por-los-recortes-en-ciencia-y-tecnologia\/#primaryimage","url":"https:\/\/apuntesdesanluis.com\/wp-content\/uploads\/2024\/03\/CONICET.png","contentUrl":"https:\/\/apuntesdesanluis.com\/wp-content\/uploads\/2024\/03\/CONICET.png","width":749,"height":423},{"@type":"BreadcrumbList","@id":"https:\/\/apuntesdesanluis.com\/index.php\/2024\/03\/06\/un-grupo-de-68-premios-nobel-cargaron-contra-milei-por-los-recortes-en-ciencia-y-tecnologia\/#breadcrumb","itemListElement":[{"@type":"ListItem","position":1,"name":"Inicio","item":"https:\/\/apuntesdesanluis.com\/"},{"@type":"ListItem","position":2,"name":"UN GRUPO DE 68 PREMIOS NOBEL CARGARON CONTRA MILEI POR LOS RECORTES EN CIENCIA Y TECNOLOG\u00cdA"}]},{"@type":"WebSite","@id":"https:\/\/apuntesdesanluis.com\/#website","url":"https:\/\/apuntesdesanluis.com\/","name":"Apuntes de San Luis","description":"","publisher":{"@id":"https:\/\/apuntesdesanluis.com\/#\/schema\/person\/b55151d52296fcce64d1a72538a70b90"},"potentialAction":[{"@type":"SearchAction","target":{"@type":"EntryPoint","urlTemplate":"https:\/\/apuntesdesanluis.com\/?s={search_term_string}"},"query-input":{"@type":"PropertyValueSpecification","valueRequired":true,"valueName":"search_term_string"}}],"inLanguage":"es-AR"},{"@type":["Person","Organization"],"@id":"https:\/\/apuntesdesanluis.com\/#\/schema\/person\/b55151d52296fcce64d1a72538a70b90","name":"apuntesdesanluis.com","image":{"@type":"ImageObject","inLanguage":"es-AR","@id":"https:\/\/apuntesdesanluis.com\/#\/schema\/person\/image\/","url":"https:\/\/apuntesdesanluis.com\/wp-content\/uploads\/2023\/07\/cropped-apuntesdesanluis.png","contentUrl":"https:\/\/apuntesdesanluis.com\/wp-content\/uploads\/2023\/07\/cropped-apuntesdesanluis.png","width":450,"height":112,"caption":"apuntesdesanluis.com"},"logo":{"@id":"https:\/\/apuntesdesanluis.com\/#\/schema\/person\/image\/"},"sameAs":["https:\/\/apuntesdesanluis.com"],"url":"https:\/\/apuntesdesanluis.com\/index.php\/author\/apuntesdesanluis-com\/"}]}},"featured_image_urls":{"full":["https:\/\/apuntesdesanluis.com\/wp-content\/uploads\/2024\/03\/CONICET.png",749,423,false],"thumbnail":["https:\/\/apuntesdesanluis.com\/wp-content\/uploads\/2024\/03\/CONICET-150x150.png",150,150,true],"medium":["https:\/\/apuntesdesanluis.com\/wp-content\/uploads\/2024\/03\/CONICET-300x169.png",300,169,true],"medium_large":["https:\/\/apuntesdesanluis.com\/wp-content\/uploads\/2024\/03\/CONICET.png",640,361,false],"large":["https:\/\/apuntesdesanluis.com\/wp-content\/uploads\/2024\/03\/CONICET.png",640,361,false],"1536x1536":["https:\/\/apuntesdesanluis.com\/wp-content\/uploads\/2024\/03\/CONICET.png",749,423,false],"2048x2048":["https:\/\/apuntesdesanluis.com\/wp-content\/uploads\/2024\/03\/CONICET.png",749,423,false],"newsever-slider-full":["https:\/\/apuntesdesanluis.com\/wp-content\/uploads\/2024\/03\/CONICET.png",749,423,false],"newsever-featured":["https:\/\/apuntesdesanluis.com\/wp-content\/uploads\/2024\/03\/CONICET.png",749,423,false],"newsever-medium":["https:\/\/apuntesdesanluis.com\/wp-content\/uploads\/2024\/03\/CONICET-720x423.png",720,423,true]},"author_info":{"display_name":"apuntesdesanluis.com","author_link":"https:\/\/apuntesdesanluis.com\/index.php\/author\/apuntesdesanluis-com\/"},"category_info":"<a href=\"https:\/\/apuntesdesanluis.com\/index.php\/category\/nacionales-internacionales\/\" rel=\"category tag\">Nacionales\/Internacionales<\/a>","tag_info":"Nacionales\/Internacionales","comment_count":"0","_links":{"self":[{"href":"https:\/\/apuntesdesanluis.com\/index.php\/wp-json\/wp\/v2\/posts\/12799","targetHints":{"allow":["GET"]}}],"collection":[{"href":"https:\/\/apuntesdesanluis.com\/index.php\/wp-json\/wp\/v2\/posts"}],"about":[{"href":"https:\/\/apuntesdesanluis.com\/index.php\/wp-json\/wp\/v2\/types\/post"}],"author":[{"embeddable":true,"href":"https:\/\/apuntesdesanluis.com\/index.php\/wp-json\/wp\/v2\/users\/1"}],"replies":[{"embeddable":true,"href":"https:\/\/apuntesdesanluis.com\/index.php\/wp-json\/wp\/v2\/comments?post=12799"}],"version-history":[{"count":1,"href":"https:\/\/apuntesdesanluis.com\/index.php\/wp-json\/wp\/v2\/posts\/12799\/revisions"}],"predecessor-version":[{"id":12801,"href":"https:\/\/apuntesdesanluis.com\/index.php\/wp-json\/wp\/v2\/posts\/12799\/revisions\/12801"}],"wp:featuredmedia":[{"embeddable":true,"href":"https:\/\/apuntesdesanluis.com\/index.php\/wp-json\/wp\/v2\/media\/12800"}],"wp:attachment":[{"href":"https:\/\/apuntesdesanluis.com\/index.php\/wp-json\/wp\/v2\/media?parent=12799"}],"wp:term":[{"taxonomy":"category","embeddable":true,"href":"https:\/\/apuntesdesanluis.com\/index.php\/wp-json\/wp\/v2\/categories?post=12799"},{"taxonomy":"post_tag","embeddable":true,"href":"https:\/\/apuntesdesanluis.com\/index.php\/wp-json\/wp\/v2\/tags?post=12799"}],"curies":[{"name":"wp","href":"https:\/\/api.w.org\/{rel}","templated":true}]}}