{"id":128,"date":"2023-07-16T22:58:36","date_gmt":"2023-07-17T01:58:36","guid":{"rendered":"https:\/\/apuntesdesanluis.com\/?p=128"},"modified":"2023-07-17T00:43:54","modified_gmt":"2023-07-17T03:43:54","slug":"paso-en-santa-fe-jxc-se-impuso-con-facilidad-y-pullaro-le-gano-la-interna-a-losada","status":"publish","type":"post","link":"https:\/\/apuntesdesanluis.com\/index.php\/2023\/07\/16\/paso-en-santa-fe-jxc-se-impuso-con-facilidad-y-pullaro-le-gano-la-interna-a-losada\/","title":{"rendered":"PASO EN SANTA FE: JXC SE IMPUSO CON FACILIDAD Y PULLARO LE GAN\u00d3 LA INTERNA A LOSADA"},"content":{"rendered":"<h3>Juntos por el Cambio se impuso holgadamente en las elecciones Primarias, Abiertas, Simult\u00e1neas y Obligatorias (PASO) de Santa Fe y su interna qued\u00f3 en manos del precandidato a gobernador <strong>Maximiliano Pullaro<\/strong>, quien le gan\u00f3 a <strong>Carolina Losada<\/strong>.<\/h3>\n<h3>Con el 33,35% de las mesas escrutadas, la alianza opositora, que compet\u00eda localmente con el nombre Unidos para Cambiar Santa Fe, obten\u00eda en la sumatoria de sus tres precandidatos a gobernador 343.195 votos, mientras que el oficialismo de Juntos Avancemos con sus cuatro postulantes cosechaba 119.460.<\/h3>\n<h3>De esta forma, Juntos por el Cambio qued\u00f3 muy bien posicionado para desplazar al peronismo de la Gobernaci\u00f3n, ya que cosechaba en la sumatoria casi el 68% de los votos, frente al 23,5 del peronismo, que tendr\u00e1 complicado mantenerse en la Casa Gris (sede del gobierno santafesino).<\/h3>\n<h3>En la interna de Juntos por el Cambio, Pullaro lograba el 58,68%, mientras que Losada se quedaba con el 32,51% y la socialista M\u00f3nica Fein apenas cosechaba el 8,81%.<\/h3>\n<h3>Tal como se preve\u00eda, <strong>Marcelo Lewandowski<\/strong> ganaba holgadamente en Juntos Avancemos, con el 65% de los votos.<\/h3>\n<p><img fetchpriority=\"high\" decoding=\"async\" class=\"wp-image-132 aligncenter\" src=\"https:\/\/apuntesdesanluis.com\/wp-content\/uploads\/2023\/07\/lewandoski-300x198.png\" alt=\"\" width=\"747\" height=\"493\" srcset=\"https:\/\/apuntesdesanluis.com\/wp-content\/uploads\/2023\/07\/lewandoski-300x198.png 300w, https:\/\/apuntesdesanluis.com\/wp-content\/uploads\/2023\/07\/lewandoski.png 584w\" sizes=\"(max-width: 747px) 100vw, 747px\" \/><\/p>\n<h3>De esta manera quedaron definidos los candidatos que participar\u00e1n en las elecciones generales de Santa Fe del 10 de septiembre, donde Pullaro pugnar\u00e1 -con una clara ventaja tras lo sucedido este domingo- con Lewandowski por la Gobernaci\u00f3n, y en la que adem\u00e1s se elegir\u00e1n senadores y diputados provinciales, adem\u00e1s de intendentes y concejales de varios municipios.<\/h3>\n<h3>La participaci\u00f3n fue baja, ya que vot\u00f3 el 64 por ciento del padr\u00f3n habilitado para hacerlo, una cifra similar a las PASO de 2019.<\/h3>\n<h3>Le\u00eddos en clave nacional, estos comicios significaron una victoria para Horacio Rodr\u00edguez Larreta en la interna de los precandidatos presidenciales de Juntos por el Cambio que dirimir\u00e1 con Patricia Bullrich, quien apoyaba a Losada, en las PASO del 13 de agosto.<\/h3>\n<h3>&#8220;Para nosotros es muy importante esta elecci\u00f3n&#8221;, sostuvo Pullaro en su b\u00fanker de campa\u00f1a ubicado en el hotel Ariston del centro de la ciudad de Rosario, quien festej\u00f3 all\u00ed con Rodr\u00edguez Larreta; con su jefe pol\u00edtico directo, el senador nacional Mart\u00edn Lousteau; el candidato a vicepresidente Gerardo Morales y otros referentes del espacio.<\/h3>\n<h3>Pullaro asegur\u00f3 que siente que &#8220;viene el cambio&#8221; a la provincia, luego de imponerse en las PASO, y agreg\u00f3: &#8220;Parece no detenerse en ning\u00fan punto en nuestro pa\u00eds y claramente tambi\u00e9n se vio en Santa Fe con una clara tendencia al triunfo para Unidos para Cambiar Santa Fe y Juntos por el Cambio&#8221;.<\/h3>\n<h3>&#8220;Nos llamaron desde los diferentes bunkers de Unidos para Cambiar Santa Fe y Juntos por el Cambio para felicitarnos por el triunfo, que es un hecho&#8221;, fueron las primeras palabras del ex ministro de Seguridad provincial. Abajo del escenario, dirigentes y militantes gritaban &#8220;Boronbomb\u00f3m, Maxi Pullaro gobernador&#8221;.<\/h3>\n<h3>El ex ministro de Seguridad provincial, quien para ganar se apoy\u00f3 en el aparato radical, se refiri\u00f3 a la tensa camp\u00f1aa con agresiones cruzadas con Losada y busc\u00f3 dejar en el pasado esa situaci\u00f3n.<\/h3>\n<h3>&#8220;Destaco el gesto de grandeza de Carolina Losada, que me haya llamado, ella no ten\u00eda mi tel\u00e9fono&#8230; fue una interna dura para todos&#8221;, sostuvo Pullaro, quien garantizo que va a trabajar junto a su competidora interna de cara a las generales de septiembre.<\/h3>\n<h3>Minutos antes de las 21 y a 15 cuadras de all\u00ed, cuando el escrutinio provisorio llegaba apenas al 12% de las mesas de toda la provincia, Carolina Losada admiti\u00f3 p\u00fablicamente su derrota en la interna del espacio opositor frente a Pullaro y sostuvo que &#8220;lo importante&#8221; es que esa fuerza &#8220;le gan\u00f3 al peronismo&#8221; en la sumatoria de los votos.<\/h3>\n<h3>Losada estuvo acompa\u00f1ada en su comando de campa\u00f1a -montado en el centro de convenciones Metropolitano de Rosario- por su compa\u00f1ero de f\u00f3rmula, el diputado nacional del PRO Federico Angelini, mientras que Bullrich, quien hab\u00eda viajado a Rosario, no se present\u00f3 en el b\u00fanker.<\/h3>\n<h3>&#8220;Acepto las buenas y las malas, lo importante es que gan\u00f3 Juntos por el Cambio. Es importante que al peronismo le fue mal. Ya habl\u00e9 con Maximilano Pullaro, reconoc\u00ed su triunfo y lo felicit\u00e9&#8221;, dijo la ex periodista.<\/h3>\n","protected":false},"excerpt":{"rendered":"<p>Juntos por el Cambio se impuso holgadamente en las elecciones Primarias, Abiertas, Simult\u00e1neas y Obligatorias&#8230;<\/p>\n","protected":false},"author":1,"featured_media":129,"comment_status":"closed","ping_status":"closed","sticky":false,"template":"","format":"standard","meta":{"footnotes":""},"categories":[5],"tags":[],"class_list":["post-128","post","type-post","status-publish","format-standard","has-post-thumbnail","hentry","category-nacionales-internacionales"],"yoast_head":"<!-- This site is optimized with the Yoast SEO plugin v26.1.1 - https:\/\/yoast.com\/wordpress\/plugins\/seo\/ -->\n<title>PASO EN SANTA FE: JXC SE IMPUSO CON FACILIDAD Y PULLARO LE GAN\u00d3 LA INTERNA A LOSADA - Apuntes de San Luis<\/title>\n<meta name=\"robots\" content=\"index, follow, max-snippet:-1, max-image-preview:large, max-video-preview:-1\" \/>\n<link rel=\"canonical\" href=\"https:\/\/apuntesdesanluis.com\/index.php\/2023\/07\/16\/paso-en-santa-fe-jxc-se-impuso-con-facilidad-y-pullaro-le-gano-la-interna-a-losada\/\" \/>\n<meta property=\"og:locale\" content=\"es_ES\" \/>\n<meta property=\"og:type\" content=\"article\" \/>\n<meta property=\"og:title\" content=\"PASO EN SANTA FE: JXC SE IMPUSO CON FACILIDAD Y PULLARO LE GAN\u00d3 LA INTERNA A LOSADA - Apuntes de San Luis\" \/>\n<meta property=\"og:description\" content=\"Juntos por el Cambio se impuso holgadamente en las elecciones Primarias, Abiertas, Simult\u00e1neas y Obligatorias...\" \/>\n<meta property=\"og:url\" content=\"https:\/\/apuntesdesanluis.com\/index.php\/2023\/07\/16\/paso-en-santa-fe-jxc-se-impuso-con-facilidad-y-pullaro-le-gano-la-interna-a-losada\/\" \/>\n<meta property=\"og:site_name\" content=\"Apuntes de San Luis\" \/>\n<meta property=\"article:published_time\" content=\"2023-07-17T01:58:36+00:00\" \/>\n<meta property=\"article:modified_time\" content=\"2023-07-17T03:43:54+00:00\" \/>\n<meta property=\"og:image\" content=\"https:\/\/apuntesdesanluis.com\/wp-content\/uploads\/2023\/07\/pullaro-y-larreta.png\" \/>\n\t<meta property=\"og:image:width\" content=\"881\" \/>\n\t<meta property=\"og:image:height\" content=\"544\" \/>\n\t<meta property=\"og:image:type\" content=\"image\/png\" \/>\n<meta name=\"author\" content=\"apuntesdesanluis.com\" \/>\n<meta name=\"twitter:card\" content=\"summary_large_image\" \/>\n<meta name=\"twitter:label1\" content=\"Escrito por\" \/>\n\t<meta name=\"twitter:data1\" content=\"apuntesdesanluis.com\" \/>\n\t<meta name=\"twitter:label2\" content=\"Tiempo de lectura\" \/>\n\t<meta name=\"twitter:data2\" content=\"3 minutos\" \/>\n<script type=\"application\/ld+json\" class=\"yoast-schema-graph\">{\"@context\":\"https:\/\/schema.org\",\"@graph\":[{\"@type\":\"Article\",\"@id\":\"https:\/\/apuntesdesanluis.com\/index.php\/2023\/07\/16\/paso-en-santa-fe-jxc-se-impuso-con-facilidad-y-pullaro-le-gano-la-interna-a-losada\/#article\",\"isPartOf\":{\"@id\":\"https:\/\/apuntesdesanluis.com\/index.php\/2023\/07\/16\/paso-en-santa-fe-jxc-se-impuso-con-facilidad-y-pullaro-le-gano-la-interna-a-losada\/\"},\"author\":{\"name\":\"apuntesdesanluis.com\",\"@id\":\"https:\/\/apuntesdesanluis.com\/#\/schema\/person\/b55151d52296fcce64d1a72538a70b90\"},\"headline\":\"PASO EN SANTA FE: JXC SE IMPUSO CON FACILIDAD Y PULLARO LE GAN\u00d3 LA INTERNA A LOSADA\",\"datePublished\":\"2023-07-17T01:58:36+00:00\",\"dateModified\":\"2023-07-17T03:43:54+00:00\",\"mainEntityOfPage\":{\"@id\":\"https:\/\/apuntesdesanluis.com\/index.php\/2023\/07\/16\/paso-en-santa-fe-jxc-se-impuso-con-facilidad-y-pullaro-le-gano-la-interna-a-losada\/\"},\"wordCount\":705,\"publisher\":{\"@id\":\"https:\/\/apuntesdesanluis.com\/#\/schema\/person\/b55151d52296fcce64d1a72538a70b90\"},\"image\":{\"@id\":\"https:\/\/apuntesdesanluis.com\/index.php\/2023\/07\/16\/paso-en-santa-fe-jxc-se-impuso-con-facilidad-y-pullaro-le-gano-la-interna-a-losada\/#primaryimage\"},\"thumbnailUrl\":\"https:\/\/apuntesdesanluis.com\/wp-content\/uploads\/2023\/07\/pullaro-y-larreta.png\",\"articleSection\":[\"Nacionales\/Internacionales\"],\"inLanguage\":\"es-AR\"},{\"@type\":\"WebPage\",\"@id\":\"https:\/\/apuntesdesanluis.com\/index.php\/2023\/07\/16\/paso-en-santa-fe-jxc-se-impuso-con-facilidad-y-pullaro-le-gano-la-interna-a-losada\/\",\"url\":\"https:\/\/apuntesdesanluis.com\/index.php\/2023\/07\/16\/paso-en-santa-fe-jxc-se-impuso-con-facilidad-y-pullaro-le-gano-la-interna-a-losada\/\",\"name\":\"PASO EN SANTA FE: JXC SE IMPUSO CON FACILIDAD Y PULLARO LE GAN\u00d3 LA INTERNA A LOSADA - Apuntes de San Luis\",\"isPartOf\":{\"@id\":\"https:\/\/apuntesdesanluis.com\/#website\"},\"primaryImageOfPage\":{\"@id\":\"https:\/\/apuntesdesanluis.com\/index.php\/2023\/07\/16\/paso-en-santa-fe-jxc-se-impuso-con-facilidad-y-pullaro-le-gano-la-interna-a-losada\/#primaryimage\"},\"image\":{\"@id\":\"https:\/\/apuntesdesanluis.com\/index.php\/2023\/07\/16\/paso-en-santa-fe-jxc-se-impuso-con-facilidad-y-pullaro-le-gano-la-interna-a-losada\/#primaryimage\"},\"thumbnailUrl\":\"https:\/\/apuntesdesanluis.com\/wp-content\/uploads\/2023\/07\/pullaro-y-larreta.png\",\"datePublished\":\"2023-07-17T01:58:36+00:00\",\"dateModified\":\"2023-07-17T03:43:54+00:00\",\"breadcrumb\":{\"@id\":\"https:\/\/apuntesdesanluis.com\/index.php\/2023\/07\/16\/paso-en-santa-fe-jxc-se-impuso-con-facilidad-y-pullaro-le-gano-la-interna-a-losada\/#breadcrumb\"},\"inLanguage\":\"es-AR\",\"potentialAction\":[{\"@type\":\"ReadAction\",\"target\":[\"https:\/\/apuntesdesanluis.com\/index.php\/2023\/07\/16\/paso-en-santa-fe-jxc-se-impuso-con-facilidad-y-pullaro-le-gano-la-interna-a-losada\/\"]}]},{\"@type\":\"ImageObject\",\"inLanguage\":\"es-AR\",\"@id\":\"https:\/\/apuntesdesanluis.com\/index.php\/2023\/07\/16\/paso-en-santa-fe-jxc-se-impuso-con-facilidad-y-pullaro-le-gano-la-interna-a-losada\/#primaryimage\",\"url\":\"https:\/\/apuntesdesanluis.com\/wp-content\/uploads\/2023\/07\/pullaro-y-larreta.png\",\"contentUrl\":\"https:\/\/apuntesdesanluis.com\/wp-content\/uploads\/2023\/07\/pullaro-y-larreta.png\",\"width\":881,\"height\":544},{\"@type\":\"BreadcrumbList\",\"@id\":\"https:\/\/apuntesdesanluis.com\/index.php\/2023\/07\/16\/paso-en-santa-fe-jxc-se-impuso-con-facilidad-y-pullaro-le-gano-la-interna-a-losada\/#breadcrumb\",\"itemListElement\":[{\"@type\":\"ListItem\",\"position\":1,\"name\":\"Inicio\",\"item\":\"https:\/\/apuntesdesanluis.com\/\"},{\"@type\":\"ListItem\",\"position\":2,\"name\":\"PASO EN SANTA FE: JXC SE IMPUSO CON FACILIDAD Y PULLARO LE GAN\u00d3 LA INTERNA A LOSADA\"}]},{\"@type\":\"WebSite\",\"@id\":\"https:\/\/apuntesdesanluis.com\/#website\",\"url\":\"https:\/\/apuntesdesanluis.com\/\",\"name\":\"Apuntes de San Luis\",\"description\":\"\",\"publisher\":{\"@id\":\"https:\/\/apuntesdesanluis.com\/#\/schema\/person\/b55151d52296fcce64d1a72538a70b90\"},\"potentialAction\":[{\"@type\":\"SearchAction\",\"target\":{\"@type\":\"EntryPoint\",\"urlTemplate\":\"https:\/\/apuntesdesanluis.com\/?s={search_term_string}\"},\"query-input\":{\"@type\":\"PropertyValueSpecification\",\"valueRequired\":true,\"valueName\":\"search_term_string\"}}],\"inLanguage\":\"es-AR\"},{\"@type\":[\"Person\",\"Organization\"],\"@id\":\"https:\/\/apuntesdesanluis.com\/#\/schema\/person\/b55151d52296fcce64d1a72538a70b90\",\"name\":\"apuntesdesanluis.com\",\"image\":{\"@type\":\"ImageObject\",\"inLanguage\":\"es-AR\",\"@id\":\"https:\/\/apuntesdesanluis.com\/#\/schema\/person\/image\/\",\"url\":\"https:\/\/apuntesdesanluis.com\/wp-content\/uploads\/2023\/07\/cropped-apuntesdesanluis.png\",\"contentUrl\":\"https:\/\/apuntesdesanluis.com\/wp-content\/uploads\/2023\/07\/cropped-apuntesdesanluis.png\",\"width\":450,\"height\":112,\"caption\":\"apuntesdesanluis.com\"},\"logo\":{\"@id\":\"https:\/\/apuntesdesanluis.com\/#\/schema\/person\/image\/\"},\"sameAs\":[\"https:\/\/apuntesdesanluis.com\"],\"url\":\"https:\/\/apuntesdesanluis.com\/index.php\/author\/apuntesdesanluis-com\/\"}]}<\/script>\n<!-- \/ Yoast SEO plugin. -->","yoast_head_json":{"title":"PASO EN SANTA FE: JXC SE IMPUSO CON FACILIDAD Y PULLARO LE GAN\u00d3 LA INTERNA A LOSADA - Apuntes de San Luis","robots":{"index":"index","follow":"follow","max-snippet":"max-snippet:-1","max-image-preview":"max-image-preview:large","max-video-preview":"max-video-preview:-1"},"canonical":"https:\/\/apuntesdesanluis.com\/index.php\/2023\/07\/16\/paso-en-santa-fe-jxc-se-impuso-con-facilidad-y-pullaro-le-gano-la-interna-a-losada\/","og_locale":"es_ES","og_type":"article","og_title":"PASO EN SANTA FE: JXC SE IMPUSO CON FACILIDAD Y PULLARO LE GAN\u00d3 LA INTERNA A LOSADA - Apuntes de San Luis","og_description":"Juntos por el Cambio se impuso holgadamente en las elecciones Primarias, Abiertas, Simult\u00e1neas y Obligatorias...","og_url":"https:\/\/apuntesdesanluis.com\/index.php\/2023\/07\/16\/paso-en-santa-fe-jxc-se-impuso-con-facilidad-y-pullaro-le-gano-la-interna-a-losada\/","og_site_name":"Apuntes de San Luis","article_published_time":"2023-07-17T01:58:36+00:00","article_modified_time":"2023-07-17T03:43:54+00:00","og_image":[{"width":881,"height":544,"url":"https:\/\/apuntesdesanluis.com\/wp-content\/uploads\/2023\/07\/pullaro-y-larreta.png","type":"image\/png"}],"author":"apuntesdesanluis.com","twitter_card":"summary_large_image","twitter_misc":{"Escrito por":"apuntesdesanluis.com","Tiempo de lectura":"3 minutos"},"schema":{"@context":"https:\/\/schema.org","@graph":[{"@type":"Article","@id":"https:\/\/apuntesdesanluis.com\/index.php\/2023\/07\/16\/paso-en-santa-fe-jxc-se-impuso-con-facilidad-y-pullaro-le-gano-la-interna-a-losada\/#article","isPartOf":{"@id":"https:\/\/apuntesdesanluis.com\/index.php\/2023\/07\/16\/paso-en-santa-fe-jxc-se-impuso-con-facilidad-y-pullaro-le-gano-la-interna-a-losada\/"},"author":{"name":"apuntesdesanluis.com","@id":"https:\/\/apuntesdesanluis.com\/#\/schema\/person\/b55151d52296fcce64d1a72538a70b90"},"headline":"PASO EN SANTA FE: JXC SE IMPUSO CON FACILIDAD Y PULLARO LE GAN\u00d3 LA INTERNA A LOSADA","datePublished":"2023-07-17T01:58:36+00:00","dateModified":"2023-07-17T03:43:54+00:00","mainEntityOfPage":{"@id":"https:\/\/apuntesdesanluis.com\/index.php\/2023\/07\/16\/paso-en-santa-fe-jxc-se-impuso-con-facilidad-y-pullaro-le-gano-la-interna-a-losada\/"},"wordCount":705,"publisher":{"@id":"https:\/\/apuntesdesanluis.com\/#\/schema\/person\/b55151d52296fcce64d1a72538a70b90"},"image":{"@id":"https:\/\/apuntesdesanluis.com\/index.php\/2023\/07\/16\/paso-en-santa-fe-jxc-se-impuso-con-facilidad-y-pullaro-le-gano-la-interna-a-losada\/#primaryimage"},"thumbnailUrl":"https:\/\/apuntesdesanluis.com\/wp-content\/uploads\/2023\/07\/pullaro-y-larreta.png","articleSection":["Nacionales\/Internacionales"],"inLanguage":"es-AR"},{"@type":"WebPage","@id":"https:\/\/apuntesdesanluis.com\/index.php\/2023\/07\/16\/paso-en-santa-fe-jxc-se-impuso-con-facilidad-y-pullaro-le-gano-la-interna-a-losada\/","url":"https:\/\/apuntesdesanluis.com\/index.php\/2023\/07\/16\/paso-en-santa-fe-jxc-se-impuso-con-facilidad-y-pullaro-le-gano-la-interna-a-losada\/","name":"PASO EN SANTA FE: JXC SE IMPUSO CON FACILIDAD Y PULLARO LE GAN\u00d3 LA INTERNA A LOSADA - Apuntes de San Luis","isPartOf":{"@id":"https:\/\/apuntesdesanluis.com\/#website"},"primaryImageOfPage":{"@id":"https:\/\/apuntesdesanluis.com\/index.php\/2023\/07\/16\/paso-en-santa-fe-jxc-se-impuso-con-facilidad-y-pullaro-le-gano-la-interna-a-losada\/#primaryimage"},"image":{"@id":"https:\/\/apuntesdesanluis.com\/index.php\/2023\/07\/16\/paso-en-santa-fe-jxc-se-impuso-con-facilidad-y-pullaro-le-gano-la-interna-a-losada\/#primaryimage"},"thumbnailUrl":"https:\/\/apuntesdesanluis.com\/wp-content\/uploads\/2023\/07\/pullaro-y-larreta.png","datePublished":"2023-07-17T01:58:36+00:00","dateModified":"2023-07-17T03:43:54+00:00","breadcrumb":{"@id":"https:\/\/apuntesdesanluis.com\/index.php\/2023\/07\/16\/paso-en-santa-fe-jxc-se-impuso-con-facilidad-y-pullaro-le-gano-la-interna-a-losada\/#breadcrumb"},"inLanguage":"es-AR","potentialAction":[{"@type":"ReadAction","target":["https:\/\/apuntesdesanluis.com\/index.php\/2023\/07\/16\/paso-en-santa-fe-jxc-se-impuso-con-facilidad-y-pullaro-le-gano-la-interna-a-losada\/"]}]},{"@type":"ImageObject","inLanguage":"es-AR","@id":"https:\/\/apuntesdesanluis.com\/index.php\/2023\/07\/16\/paso-en-santa-fe-jxc-se-impuso-con-facilidad-y-pullaro-le-gano-la-interna-a-losada\/#primaryimage","url":"https:\/\/apuntesdesanluis.com\/wp-content\/uploads\/2023\/07\/pullaro-y-larreta.png","contentUrl":"https:\/\/apuntesdesanluis.com\/wp-content\/uploads\/2023\/07\/pullaro-y-larreta.png","width":881,"height":544},{"@type":"BreadcrumbList","@id":"https:\/\/apuntesdesanluis.com\/index.php\/2023\/07\/16\/paso-en-santa-fe-jxc-se-impuso-con-facilidad-y-pullaro-le-gano-la-interna-a-losada\/#breadcrumb","itemListElement":[{"@type":"ListItem","position":1,"name":"Inicio","item":"https:\/\/apuntesdesanluis.com\/"},{"@type":"ListItem","position":2,"name":"PASO EN SANTA FE: JXC SE IMPUSO CON FACILIDAD Y PULLARO LE GAN\u00d3 LA INTERNA A LOSADA"}]},{"@type":"WebSite","@id":"https:\/\/apuntesdesanluis.com\/#website","url":"https:\/\/apuntesdesanluis.com\/","name":"Apuntes de San Luis","description":"","publisher":{"@id":"https:\/\/apuntesdesanluis.com\/#\/schema\/person\/b55151d52296fcce64d1a72538a70b90"},"potentialAction":[{"@type":"SearchAction","target":{"@type":"EntryPoint","urlTemplate":"https:\/\/apuntesdesanluis.com\/?s={search_term_string}"},"query-input":{"@type":"PropertyValueSpecification","valueRequired":true,"valueName":"search_term_string"}}],"inLanguage":"es-AR"},{"@type":["Person","Organization"],"@id":"https:\/\/apuntesdesanluis.com\/#\/schema\/person\/b55151d52296fcce64d1a72538a70b90","name":"apuntesdesanluis.com","image":{"@type":"ImageObject","inLanguage":"es-AR","@id":"https:\/\/apuntesdesanluis.com\/#\/schema\/person\/image\/","url":"https:\/\/apuntesdesanluis.com\/wp-content\/uploads\/2023\/07\/cropped-apuntesdesanluis.png","contentUrl":"https:\/\/apuntesdesanluis.com\/wp-content\/uploads\/2023\/07\/cropped-apuntesdesanluis.png","width":450,"height":112,"caption":"apuntesdesanluis.com"},"logo":{"@id":"https:\/\/apuntesdesanluis.com\/#\/schema\/person\/image\/"},"sameAs":["https:\/\/apuntesdesanluis.com"],"url":"https:\/\/apuntesdesanluis.com\/index.php\/author\/apuntesdesanluis-com\/"}]}},"featured_image_urls":{"full":["https:\/\/apuntesdesanluis.com\/wp-content\/uploads\/2023\/07\/pullaro-y-larreta.png",881,544,false],"thumbnail":["https:\/\/apuntesdesanluis.com\/wp-content\/uploads\/2023\/07\/pullaro-y-larreta-150x150.png",150,150,true],"medium":["https:\/\/apuntesdesanluis.com\/wp-content\/uploads\/2023\/07\/pullaro-y-larreta-300x185.png",300,185,true],"medium_large":["https:\/\/apuntesdesanluis.com\/wp-content\/uploads\/2023\/07\/pullaro-y-larreta-768x474.png",640,395,true],"large":["https:\/\/apuntesdesanluis.com\/wp-content\/uploads\/2023\/07\/pullaro-y-larreta.png",640,395,false],"1536x1536":["https:\/\/apuntesdesanluis.com\/wp-content\/uploads\/2023\/07\/pullaro-y-larreta.png",881,544,false],"2048x2048":["https:\/\/apuntesdesanluis.com\/wp-content\/uploads\/2023\/07\/pullaro-y-larreta.png",881,544,false],"newsever-slider-full":["https:\/\/apuntesdesanluis.com\/wp-content\/uploads\/2023\/07\/pullaro-y-larreta.png",881,544,false],"newsever-featured":["https:\/\/apuntesdesanluis.com\/wp-content\/uploads\/2023\/07\/pullaro-y-larreta.png",881,544,false],"newsever-medium":["https:\/\/apuntesdesanluis.com\/wp-content\/uploads\/2023\/07\/pullaro-y-larreta-720x475.png",720,475,true]},"author_info":{"display_name":"apuntesdesanluis.com","author_link":"https:\/\/apuntesdesanluis.com\/index.php\/author\/apuntesdesanluis-com\/"},"category_info":"<a href=\"https:\/\/apuntesdesanluis.com\/index.php\/category\/nacionales-internacionales\/\" rel=\"category tag\">Nacionales\/Internacionales<\/a>","tag_info":"Nacionales\/Internacionales","comment_count":"0","_links":{"self":[{"href":"https:\/\/apuntesdesanluis.com\/index.php\/wp-json\/wp\/v2\/posts\/128","targetHints":{"allow":["GET"]}}],"collection":[{"href":"https:\/\/apuntesdesanluis.com\/index.php\/wp-json\/wp\/v2\/posts"}],"about":[{"href":"https:\/\/apuntesdesanluis.com\/index.php\/wp-json\/wp\/v2\/types\/post"}],"author":[{"embeddable":true,"href":"https:\/\/apuntesdesanluis.com\/index.php\/wp-json\/wp\/v2\/users\/1"}],"replies":[{"embeddable":true,"href":"https:\/\/apuntesdesanluis.com\/index.php\/wp-json\/wp\/v2\/comments?post=128"}],"version-history":[{"count":0,"href":"https:\/\/apuntesdesanluis.com\/index.php\/wp-json\/wp\/v2\/posts\/128\/revisions"}],"wp:featuredmedia":[{"embeddable":true,"href":"https:\/\/apuntesdesanluis.com\/index.php\/wp-json\/wp\/v2\/media\/129"}],"wp:attachment":[{"href":"https:\/\/apuntesdesanluis.com\/index.php\/wp-json\/wp\/v2\/media?parent=128"}],"wp:term":[{"taxonomy":"category","embeddable":true,"href":"https:\/\/apuntesdesanluis.com\/index.php\/wp-json\/wp\/v2\/categories?post=128"},{"taxonomy":"post_tag","embeddable":true,"href":"https:\/\/apuntesdesanluis.com\/index.php\/wp-json\/wp\/v2\/tags?post=128"}],"curies":[{"name":"wp","href":"https:\/\/api.w.org\/{rel}","templated":true}]}}