{"id":12811,"date":"2024-03-06T23:18:34","date_gmt":"2024-03-07T02:18:34","guid":{"rendered":"https:\/\/apuntesdesanluis.com\/?p=12811"},"modified":"2024-03-06T23:18:34","modified_gmt":"2024-03-07T02:18:34","slug":"segun-la-uia-el-61-de-las-empresas-redujo-su-produccion-y-el-69-sufrio-caida-de-ventas","status":"publish","type":"post","link":"https:\/\/apuntesdesanluis.com\/index.php\/2024\/03\/06\/segun-la-uia-el-61-de-las-empresas-redujo-su-produccion-y-el-69-sufrio-caida-de-ventas\/","title":{"rendered":"SEG\u00daN LA UIA, EL 61% DE LAS EMPRESAS REDUJO SU PRODUCCI\u00d3N Y EL 69% SUFRI\u00d3 CA\u00cdDA DE VENTAS"},"content":{"rendered":"<h3>El dato surge de una nueva edici\u00f3n del Monitor de Desempe\u00f1o Industrial. Se trata de los peores resultados registrados por la entidad desde que elabora el estudio<\/h3>\n<h3>En el primer relevamiento del a\u00f1o, el Monitor de Desempe\u00f1o Industrial (\u00edndice MDI) elaborado por la Uni\u00f3n Industrial Argentina (UIA) se ubic\u00f3 en 29,9%, el valor m\u00e1s bajo desde que inici\u00f3 la serie. El resultado denota un escenario de contracci\u00f3n de la actividad (por encima de 50% se habla de expansi\u00f3n) y evidencia un escenario preocupante para las empresas del rubro.<\/h3>\n<h3>El indicador se encuentra en niveles de contracci\u00f3n desde julio de 2022 y acumula 7 relevamientos consecutivos por debajo de 50; pr\u00e1cticamente dos a\u00f1os de ca\u00edda. Adem\u00e1s, en esta oportunidad se registraron los niveles m\u00e1s bajos de la serie en las variables de producci\u00f3n y ventas, indicando una agudizaci\u00f3n de las dificultades en el entramado productivo industrial, especialmente en las pymes (participaci\u00f3n del 96% en la muestra). \u201cEsta situaci\u00f3n redund\u00f3 en m\u00e1s empresas con dificultades para hacer frente a los pagos\u201d, explicaron desde la UIA.<\/h3>\n<h3><strong>ACTIVIDAD EN CA\u00cdDA<\/strong><\/h3>\n<h3>M\u00e1s all\u00e1 del \u00edndice general medido por la UIA, hay varios indicadores que dan cuenta de una situaci\u00f3n recesiva para la actividad industrial. Consultadas por el comportamiento de sus niveles de producci\u00f3n, el 60,8% de las empresas encuestadas reconoci\u00f3 que su actividad cay\u00f3 desde el relevamiento anterior (octubre de 2023). Apenas un 8,9% de las firmas respondi\u00f3 que su producci\u00f3n mejor\u00f3 en los tres meses anteriores.<\/h3>\n<h3>En la misma sinton\u00eda, el 69,2% de las empresas sufri\u00f3 una ca\u00edda en sus ventas durante el \u00faltimo trimestre y \u00fanicamente un 8,7% manifest\u00f3 una mejora. El resto, por supuesto, asegur\u00f3 que se mantuvieron sin cambios.<\/h3>\n<h3>En los dos casos mencionados (producci\u00f3n y ventas) los resultados mencionados son los peores registrados por la UIA desde que empez\u00f3 a hacer el estudio, en enero de 2021.<\/h3>\n<h3>Los datos concuerdan adem\u00e1s con el resultado del \u00faltimo \u00edndice de producci\u00f3n industrial manufacturero publicado por el Indec. El estudio indica que en enero de 2024 la industria registr\u00f3 una ca\u00edda del nivel de actividad del 12,4% y algunos rubros llegaron a sufrir contracciones superiores al 20%.<\/h3>\n<h3>Tampoco las ventas al sector externo fueron una salida para la industria. Seg\u00fan el trabajo de la UIA, las exportaciones disminuyeron para el 41% de las empresas. A diferencia del resto de las variables, no se trata de un r\u00e9cord en la serie, pero s\u00ed de un mal dato.<\/h3>\n<h3><strong>ATRASOS EN LOS PAGOS Y MENOS EMPLEO<\/strong><\/h3>\n<h3>El 53% de las empresas encuestadas por la UIA admiti\u00f3 que en los \u00faltimos tres meses tuvo dificultades para afrontar los pagos de al menos uno de sus costos operativos (salarios, proveedores, compromisos financieros, servicios p\u00fablicos, impuestos). Adem\u00e1s, la cantidad de empresas que no pudieron hacer frente a ninguno de estos pagos (6,9%) se duplic\u00f3 desde el \u00faltimo relevamiento.<\/h3>\n<h3>Otro indicador preocupante es el que tiene que ver con la evoluci\u00f3n del empleo. De acuerdo con el informe, apenas el 7% de las firmas industriales aument\u00f3 el tama\u00f1o de su planta de personal en los \u00faltimos 90 d\u00edas y un 21% la disminuy\u00f3. Una vez m\u00e1s, se trata del peor resultado de la serie hist\u00f3rica.<\/h3>\n<h3><strong>EXPECTATIVAS AMBIGUAS<\/strong><\/h3>\n<h3>No todas las preguntas realizadas por UIA en sus encuestas hicieron referencia a lo acontecido en los \u00faltimos meses. El trabajo tambi\u00e9n incluy\u00f3 algunas consultas centradas en las expectativas de las empresas de cara al futuro cercano.<\/h3>\n<h3>Por un lado, se le pregunt\u00f3 a las compa\u00f1\u00edas si consideran si este es un buen momento para invertir. Lo cierto es que apenas el 30% considera que es un buen momento para invertir en maquinaria y equipo. No s\u00f3lo fue el peor resultado de la serie, sino que adem\u00e1s se registr\u00f3 en ese indicador una ca\u00edda de 16 puntos porcentuales en relaci\u00f3n a la encuesta anterior.<\/h3>\n<h3>Lo llamativo, es que pese a las bajas perspectivas en relaci\u00f3n a las inversiones, hubo una mejora notable en las expectativas sobre la situaci\u00f3n econ\u00f3mica particular y general. Una de cada dos compa\u00f1\u00edas espera que tanto la situaci\u00f3n econ\u00f3mica de su empresa, como la del sector en particular y la del pa\u00eds en general, mejore en los pr\u00f3ximos meses.<\/h3>\n<p>&nbsp;<\/p>\n<p>&nbsp;<\/p>\n<p>&nbsp;<\/p>\n","protected":false},"excerpt":{"rendered":"<p>El dato surge de una nueva edici\u00f3n del Monitor de Desempe\u00f1o Industrial. Se trata de&#8230;<\/p>\n","protected":false},"author":1,"featured_media":12812,"comment_status":"closed","ping_status":"closed","sticky":false,"template":"","format":"standard","meta":{"footnotes":""},"categories":[5],"tags":[],"class_list":["post-12811","post","type-post","status-publish","format-standard","has-post-thumbnail","hentry","category-nacionales-internacionales"],"yoast_head":"<!-- This site is optimized with the Yoast SEO plugin v26.1.1 - https:\/\/yoast.com\/wordpress\/plugins\/seo\/ -->\n<title>SEG\u00daN LA UIA, EL 61% DE LAS EMPRESAS REDUJO SU PRODUCCI\u00d3N Y EL 69% SUFRI\u00d3 CA\u00cdDA DE VENTAS - Apuntes de San Luis<\/title>\n<meta name=\"robots\" content=\"index, follow, max-snippet:-1, max-image-preview:large, max-video-preview:-1\" \/>\n<link rel=\"canonical\" href=\"https:\/\/apuntesdesanluis.com\/index.php\/2024\/03\/06\/segun-la-uia-el-61-de-las-empresas-redujo-su-produccion-y-el-69-sufrio-caida-de-ventas\/\" \/>\n<meta property=\"og:locale\" content=\"es_ES\" \/>\n<meta property=\"og:type\" content=\"article\" \/>\n<meta property=\"og:title\" content=\"SEG\u00daN LA UIA, EL 61% DE LAS EMPRESAS REDUJO SU PRODUCCI\u00d3N Y EL 69% SUFRI\u00d3 CA\u00cdDA DE VENTAS - Apuntes de San Luis\" \/>\n<meta property=\"og:description\" content=\"El dato surge de una nueva edici\u00f3n del Monitor de Desempe\u00f1o Industrial. Se trata de...\" \/>\n<meta property=\"og:url\" content=\"https:\/\/apuntesdesanluis.com\/index.php\/2024\/03\/06\/segun-la-uia-el-61-de-las-empresas-redujo-su-produccion-y-el-69-sufrio-caida-de-ventas\/\" \/>\n<meta property=\"og:site_name\" content=\"Apuntes de San Luis\" \/>\n<meta property=\"article:published_time\" content=\"2024-03-07T02:18:34+00:00\" \/>\n<meta property=\"og:image\" content=\"https:\/\/apuntesdesanluis.com\/wp-content\/uploads\/2024\/03\/INDUSTRIA.png\" \/>\n\t<meta property=\"og:image:width\" content=\"600\" \/>\n\t<meta property=\"og:image:height\" content=\"396\" \/>\n\t<meta property=\"og:image:type\" content=\"image\/png\" \/>\n<meta name=\"author\" content=\"apuntesdesanluis.com\" \/>\n<meta name=\"twitter:card\" content=\"summary_large_image\" \/>\n<meta name=\"twitter:label1\" content=\"Escrito por\" \/>\n\t<meta name=\"twitter:data1\" content=\"apuntesdesanluis.com\" \/>\n\t<meta name=\"twitter:label2\" content=\"Tiempo de lectura\" \/>\n\t<meta name=\"twitter:data2\" content=\"4 minutos\" \/>\n<script type=\"application\/ld+json\" class=\"yoast-schema-graph\">{\"@context\":\"https:\/\/schema.org\",\"@graph\":[{\"@type\":\"Article\",\"@id\":\"https:\/\/apuntesdesanluis.com\/index.php\/2024\/03\/06\/segun-la-uia-el-61-de-las-empresas-redujo-su-produccion-y-el-69-sufrio-caida-de-ventas\/#article\",\"isPartOf\":{\"@id\":\"https:\/\/apuntesdesanluis.com\/index.php\/2024\/03\/06\/segun-la-uia-el-61-de-las-empresas-redujo-su-produccion-y-el-69-sufrio-caida-de-ventas\/\"},\"author\":{\"name\":\"apuntesdesanluis.com\",\"@id\":\"https:\/\/apuntesdesanluis.com\/#\/schema\/person\/b55151d52296fcce64d1a72538a70b90\"},\"headline\":\"SEG\u00daN LA UIA, EL 61% DE LAS EMPRESAS REDUJO SU PRODUCCI\u00d3N Y EL 69% SUFRI\u00d3 CA\u00cdDA DE VENTAS\",\"datePublished\":\"2024-03-07T02:18:34+00:00\",\"mainEntityOfPage\":{\"@id\":\"https:\/\/apuntesdesanluis.com\/index.php\/2024\/03\/06\/segun-la-uia-el-61-de-las-empresas-redujo-su-produccion-y-el-69-sufrio-caida-de-ventas\/\"},\"wordCount\":742,\"publisher\":{\"@id\":\"https:\/\/apuntesdesanluis.com\/#\/schema\/person\/b55151d52296fcce64d1a72538a70b90\"},\"image\":{\"@id\":\"https:\/\/apuntesdesanluis.com\/index.php\/2024\/03\/06\/segun-la-uia-el-61-de-las-empresas-redujo-su-produccion-y-el-69-sufrio-caida-de-ventas\/#primaryimage\"},\"thumbnailUrl\":\"https:\/\/apuntesdesanluis.com\/wp-content\/uploads\/2024\/03\/INDUSTRIA.png\",\"articleSection\":[\"Nacionales\/Internacionales\"],\"inLanguage\":\"es-AR\"},{\"@type\":\"WebPage\",\"@id\":\"https:\/\/apuntesdesanluis.com\/index.php\/2024\/03\/06\/segun-la-uia-el-61-de-las-empresas-redujo-su-produccion-y-el-69-sufrio-caida-de-ventas\/\",\"url\":\"https:\/\/apuntesdesanluis.com\/index.php\/2024\/03\/06\/segun-la-uia-el-61-de-las-empresas-redujo-su-produccion-y-el-69-sufrio-caida-de-ventas\/\",\"name\":\"SEG\u00daN LA UIA, EL 61% DE LAS EMPRESAS REDUJO SU PRODUCCI\u00d3N Y EL 69% SUFRI\u00d3 CA\u00cdDA DE VENTAS - Apuntes de San Luis\",\"isPartOf\":{\"@id\":\"https:\/\/apuntesdesanluis.com\/#website\"},\"primaryImageOfPage\":{\"@id\":\"https:\/\/apuntesdesanluis.com\/index.php\/2024\/03\/06\/segun-la-uia-el-61-de-las-empresas-redujo-su-produccion-y-el-69-sufrio-caida-de-ventas\/#primaryimage\"},\"image\":{\"@id\":\"https:\/\/apuntesdesanluis.com\/index.php\/2024\/03\/06\/segun-la-uia-el-61-de-las-empresas-redujo-su-produccion-y-el-69-sufrio-caida-de-ventas\/#primaryimage\"},\"thumbnailUrl\":\"https:\/\/apuntesdesanluis.com\/wp-content\/uploads\/2024\/03\/INDUSTRIA.png\",\"datePublished\":\"2024-03-07T02:18:34+00:00\",\"breadcrumb\":{\"@id\":\"https:\/\/apuntesdesanluis.com\/index.php\/2024\/03\/06\/segun-la-uia-el-61-de-las-empresas-redujo-su-produccion-y-el-69-sufrio-caida-de-ventas\/#breadcrumb\"},\"inLanguage\":\"es-AR\",\"potentialAction\":[{\"@type\":\"ReadAction\",\"target\":[\"https:\/\/apuntesdesanluis.com\/index.php\/2024\/03\/06\/segun-la-uia-el-61-de-las-empresas-redujo-su-produccion-y-el-69-sufrio-caida-de-ventas\/\"]}]},{\"@type\":\"ImageObject\",\"inLanguage\":\"es-AR\",\"@id\":\"https:\/\/apuntesdesanluis.com\/index.php\/2024\/03\/06\/segun-la-uia-el-61-de-las-empresas-redujo-su-produccion-y-el-69-sufrio-caida-de-ventas\/#primaryimage\",\"url\":\"https:\/\/apuntesdesanluis.com\/wp-content\/uploads\/2024\/03\/INDUSTRIA.png\",\"contentUrl\":\"https:\/\/apuntesdesanluis.com\/wp-content\/uploads\/2024\/03\/INDUSTRIA.png\",\"width\":600,\"height\":396},{\"@type\":\"BreadcrumbList\",\"@id\":\"https:\/\/apuntesdesanluis.com\/index.php\/2024\/03\/06\/segun-la-uia-el-61-de-las-empresas-redujo-su-produccion-y-el-69-sufrio-caida-de-ventas\/#breadcrumb\",\"itemListElement\":[{\"@type\":\"ListItem\",\"position\":1,\"name\":\"Inicio\",\"item\":\"https:\/\/apuntesdesanluis.com\/\"},{\"@type\":\"ListItem\",\"position\":2,\"name\":\"SEG\u00daN LA UIA, EL 61% DE LAS EMPRESAS REDUJO SU PRODUCCI\u00d3N Y EL 69% SUFRI\u00d3 CA\u00cdDA DE VENTAS\"}]},{\"@type\":\"WebSite\",\"@id\":\"https:\/\/apuntesdesanluis.com\/#website\",\"url\":\"https:\/\/apuntesdesanluis.com\/\",\"name\":\"Apuntes de San Luis\",\"description\":\"\",\"publisher\":{\"@id\":\"https:\/\/apuntesdesanluis.com\/#\/schema\/person\/b55151d52296fcce64d1a72538a70b90\"},\"potentialAction\":[{\"@type\":\"SearchAction\",\"target\":{\"@type\":\"EntryPoint\",\"urlTemplate\":\"https:\/\/apuntesdesanluis.com\/?s={search_term_string}\"},\"query-input\":{\"@type\":\"PropertyValueSpecification\",\"valueRequired\":true,\"valueName\":\"search_term_string\"}}],\"inLanguage\":\"es-AR\"},{\"@type\":[\"Person\",\"Organization\"],\"@id\":\"https:\/\/apuntesdesanluis.com\/#\/schema\/person\/b55151d52296fcce64d1a72538a70b90\",\"name\":\"apuntesdesanluis.com\",\"image\":{\"@type\":\"ImageObject\",\"inLanguage\":\"es-AR\",\"@id\":\"https:\/\/apuntesdesanluis.com\/#\/schema\/person\/image\/\",\"url\":\"https:\/\/apuntesdesanluis.com\/wp-content\/uploads\/2023\/07\/cropped-apuntesdesanluis.png\",\"contentUrl\":\"https:\/\/apuntesdesanluis.com\/wp-content\/uploads\/2023\/07\/cropped-apuntesdesanluis.png\",\"width\":450,\"height\":112,\"caption\":\"apuntesdesanluis.com\"},\"logo\":{\"@id\":\"https:\/\/apuntesdesanluis.com\/#\/schema\/person\/image\/\"},\"sameAs\":[\"https:\/\/apuntesdesanluis.com\"],\"url\":\"https:\/\/apuntesdesanluis.com\/index.php\/author\/apuntesdesanluis-com\/\"}]}<\/script>\n<!-- \/ Yoast SEO plugin. -->","yoast_head_json":{"title":"SEG\u00daN LA UIA, EL 61% DE LAS EMPRESAS REDUJO SU PRODUCCI\u00d3N Y EL 69% SUFRI\u00d3 CA\u00cdDA DE VENTAS - Apuntes de San Luis","robots":{"index":"index","follow":"follow","max-snippet":"max-snippet:-1","max-image-preview":"max-image-preview:large","max-video-preview":"max-video-preview:-1"},"canonical":"https:\/\/apuntesdesanluis.com\/index.php\/2024\/03\/06\/segun-la-uia-el-61-de-las-empresas-redujo-su-produccion-y-el-69-sufrio-caida-de-ventas\/","og_locale":"es_ES","og_type":"article","og_title":"SEG\u00daN LA UIA, EL 61% DE LAS EMPRESAS REDUJO SU PRODUCCI\u00d3N Y EL 69% SUFRI\u00d3 CA\u00cdDA DE VENTAS - Apuntes de San Luis","og_description":"El dato surge de una nueva edici\u00f3n del Monitor de Desempe\u00f1o Industrial. Se trata de...","og_url":"https:\/\/apuntesdesanluis.com\/index.php\/2024\/03\/06\/segun-la-uia-el-61-de-las-empresas-redujo-su-produccion-y-el-69-sufrio-caida-de-ventas\/","og_site_name":"Apuntes de San Luis","article_published_time":"2024-03-07T02:18:34+00:00","og_image":[{"width":600,"height":396,"url":"https:\/\/apuntesdesanluis.com\/wp-content\/uploads\/2024\/03\/INDUSTRIA.png","type":"image\/png"}],"author":"apuntesdesanluis.com","twitter_card":"summary_large_image","twitter_misc":{"Escrito por":"apuntesdesanluis.com","Tiempo de lectura":"4 minutos"},"schema":{"@context":"https:\/\/schema.org","@graph":[{"@type":"Article","@id":"https:\/\/apuntesdesanluis.com\/index.php\/2024\/03\/06\/segun-la-uia-el-61-de-las-empresas-redujo-su-produccion-y-el-69-sufrio-caida-de-ventas\/#article","isPartOf":{"@id":"https:\/\/apuntesdesanluis.com\/index.php\/2024\/03\/06\/segun-la-uia-el-61-de-las-empresas-redujo-su-produccion-y-el-69-sufrio-caida-de-ventas\/"},"author":{"name":"apuntesdesanluis.com","@id":"https:\/\/apuntesdesanluis.com\/#\/schema\/person\/b55151d52296fcce64d1a72538a70b90"},"headline":"SEG\u00daN LA UIA, EL 61% DE LAS EMPRESAS REDUJO SU PRODUCCI\u00d3N Y EL 69% SUFRI\u00d3 CA\u00cdDA DE VENTAS","datePublished":"2024-03-07T02:18:34+00:00","mainEntityOfPage":{"@id":"https:\/\/apuntesdesanluis.com\/index.php\/2024\/03\/06\/segun-la-uia-el-61-de-las-empresas-redujo-su-produccion-y-el-69-sufrio-caida-de-ventas\/"},"wordCount":742,"publisher":{"@id":"https:\/\/apuntesdesanluis.com\/#\/schema\/person\/b55151d52296fcce64d1a72538a70b90"},"image":{"@id":"https:\/\/apuntesdesanluis.com\/index.php\/2024\/03\/06\/segun-la-uia-el-61-de-las-empresas-redujo-su-produccion-y-el-69-sufrio-caida-de-ventas\/#primaryimage"},"thumbnailUrl":"https:\/\/apuntesdesanluis.com\/wp-content\/uploads\/2024\/03\/INDUSTRIA.png","articleSection":["Nacionales\/Internacionales"],"inLanguage":"es-AR"},{"@type":"WebPage","@id":"https:\/\/apuntesdesanluis.com\/index.php\/2024\/03\/06\/segun-la-uia-el-61-de-las-empresas-redujo-su-produccion-y-el-69-sufrio-caida-de-ventas\/","url":"https:\/\/apuntesdesanluis.com\/index.php\/2024\/03\/06\/segun-la-uia-el-61-de-las-empresas-redujo-su-produccion-y-el-69-sufrio-caida-de-ventas\/","name":"SEG\u00daN LA UIA, EL 61% DE LAS EMPRESAS REDUJO SU PRODUCCI\u00d3N Y EL 69% SUFRI\u00d3 CA\u00cdDA DE VENTAS - Apuntes de San Luis","isPartOf":{"@id":"https:\/\/apuntesdesanluis.com\/#website"},"primaryImageOfPage":{"@id":"https:\/\/apuntesdesanluis.com\/index.php\/2024\/03\/06\/segun-la-uia-el-61-de-las-empresas-redujo-su-produccion-y-el-69-sufrio-caida-de-ventas\/#primaryimage"},"image":{"@id":"https:\/\/apuntesdesanluis.com\/index.php\/2024\/03\/06\/segun-la-uia-el-61-de-las-empresas-redujo-su-produccion-y-el-69-sufrio-caida-de-ventas\/#primaryimage"},"thumbnailUrl":"https:\/\/apuntesdesanluis.com\/wp-content\/uploads\/2024\/03\/INDUSTRIA.png","datePublished":"2024-03-07T02:18:34+00:00","breadcrumb":{"@id":"https:\/\/apuntesdesanluis.com\/index.php\/2024\/03\/06\/segun-la-uia-el-61-de-las-empresas-redujo-su-produccion-y-el-69-sufrio-caida-de-ventas\/#breadcrumb"},"inLanguage":"es-AR","potentialAction":[{"@type":"ReadAction","target":["https:\/\/apuntesdesanluis.com\/index.php\/2024\/03\/06\/segun-la-uia-el-61-de-las-empresas-redujo-su-produccion-y-el-69-sufrio-caida-de-ventas\/"]}]},{"@type":"ImageObject","inLanguage":"es-AR","@id":"https:\/\/apuntesdesanluis.com\/index.php\/2024\/03\/06\/segun-la-uia-el-61-de-las-empresas-redujo-su-produccion-y-el-69-sufrio-caida-de-ventas\/#primaryimage","url":"https:\/\/apuntesdesanluis.com\/wp-content\/uploads\/2024\/03\/INDUSTRIA.png","contentUrl":"https:\/\/apuntesdesanluis.com\/wp-content\/uploads\/2024\/03\/INDUSTRIA.png","width":600,"height":396},{"@type":"BreadcrumbList","@id":"https:\/\/apuntesdesanluis.com\/index.php\/2024\/03\/06\/segun-la-uia-el-61-de-las-empresas-redujo-su-produccion-y-el-69-sufrio-caida-de-ventas\/#breadcrumb","itemListElement":[{"@type":"ListItem","position":1,"name":"Inicio","item":"https:\/\/apuntesdesanluis.com\/"},{"@type":"ListItem","position":2,"name":"SEG\u00daN LA UIA, EL 61% DE LAS EMPRESAS REDUJO SU PRODUCCI\u00d3N Y EL 69% SUFRI\u00d3 CA\u00cdDA DE VENTAS"}]},{"@type":"WebSite","@id":"https:\/\/apuntesdesanluis.com\/#website","url":"https:\/\/apuntesdesanluis.com\/","name":"Apuntes de San Luis","description":"","publisher":{"@id":"https:\/\/apuntesdesanluis.com\/#\/schema\/person\/b55151d52296fcce64d1a72538a70b90"},"potentialAction":[{"@type":"SearchAction","target":{"@type":"EntryPoint","urlTemplate":"https:\/\/apuntesdesanluis.com\/?s={search_term_string}"},"query-input":{"@type":"PropertyValueSpecification","valueRequired":true,"valueName":"search_term_string"}}],"inLanguage":"es-AR"},{"@type":["Person","Organization"],"@id":"https:\/\/apuntesdesanluis.com\/#\/schema\/person\/b55151d52296fcce64d1a72538a70b90","name":"apuntesdesanluis.com","image":{"@type":"ImageObject","inLanguage":"es-AR","@id":"https:\/\/apuntesdesanluis.com\/#\/schema\/person\/image\/","url":"https:\/\/apuntesdesanluis.com\/wp-content\/uploads\/2023\/07\/cropped-apuntesdesanluis.png","contentUrl":"https:\/\/apuntesdesanluis.com\/wp-content\/uploads\/2023\/07\/cropped-apuntesdesanluis.png","width":450,"height":112,"caption":"apuntesdesanluis.com"},"logo":{"@id":"https:\/\/apuntesdesanluis.com\/#\/schema\/person\/image\/"},"sameAs":["https:\/\/apuntesdesanluis.com"],"url":"https:\/\/apuntesdesanluis.com\/index.php\/author\/apuntesdesanluis-com\/"}]}},"featured_image_urls":{"full":["https:\/\/apuntesdesanluis.com\/wp-content\/uploads\/2024\/03\/INDUSTRIA.png",600,396,false],"thumbnail":["https:\/\/apuntesdesanluis.com\/wp-content\/uploads\/2024\/03\/INDUSTRIA-150x150.png",150,150,true],"medium":["https:\/\/apuntesdesanluis.com\/wp-content\/uploads\/2024\/03\/INDUSTRIA-300x198.png",300,198,true],"medium_large":["https:\/\/apuntesdesanluis.com\/wp-content\/uploads\/2024\/03\/INDUSTRIA.png",600,396,false],"large":["https:\/\/apuntesdesanluis.com\/wp-content\/uploads\/2024\/03\/INDUSTRIA.png",600,396,false],"1536x1536":["https:\/\/apuntesdesanluis.com\/wp-content\/uploads\/2024\/03\/INDUSTRIA.png",600,396,false],"2048x2048":["https:\/\/apuntesdesanluis.com\/wp-content\/uploads\/2024\/03\/INDUSTRIA.png",600,396,false],"newsever-slider-full":["https:\/\/apuntesdesanluis.com\/wp-content\/uploads\/2024\/03\/INDUSTRIA.png",600,396,false],"newsever-featured":["https:\/\/apuntesdesanluis.com\/wp-content\/uploads\/2024\/03\/INDUSTRIA.png",600,396,false],"newsever-medium":["https:\/\/apuntesdesanluis.com\/wp-content\/uploads\/2024\/03\/INDUSTRIA.png",600,396,false]},"author_info":{"display_name":"apuntesdesanluis.com","author_link":"https:\/\/apuntesdesanluis.com\/index.php\/author\/apuntesdesanluis-com\/"},"category_info":"<a href=\"https:\/\/apuntesdesanluis.com\/index.php\/category\/nacionales-internacionales\/\" rel=\"category tag\">Nacionales\/Internacionales<\/a>","tag_info":"Nacionales\/Internacionales","comment_count":"0","_links":{"self":[{"href":"https:\/\/apuntesdesanluis.com\/index.php\/wp-json\/wp\/v2\/posts\/12811","targetHints":{"allow":["GET"]}}],"collection":[{"href":"https:\/\/apuntesdesanluis.com\/index.php\/wp-json\/wp\/v2\/posts"}],"about":[{"href":"https:\/\/apuntesdesanluis.com\/index.php\/wp-json\/wp\/v2\/types\/post"}],"author":[{"embeddable":true,"href":"https:\/\/apuntesdesanluis.com\/index.php\/wp-json\/wp\/v2\/users\/1"}],"replies":[{"embeddable":true,"href":"https:\/\/apuntesdesanluis.com\/index.php\/wp-json\/wp\/v2\/comments?post=12811"}],"version-history":[{"count":2,"href":"https:\/\/apuntesdesanluis.com\/index.php\/wp-json\/wp\/v2\/posts\/12811\/revisions"}],"predecessor-version":[{"id":12814,"href":"https:\/\/apuntesdesanluis.com\/index.php\/wp-json\/wp\/v2\/posts\/12811\/revisions\/12814"}],"wp:featuredmedia":[{"embeddable":true,"href":"https:\/\/apuntesdesanluis.com\/index.php\/wp-json\/wp\/v2\/media\/12812"}],"wp:attachment":[{"href":"https:\/\/apuntesdesanluis.com\/index.php\/wp-json\/wp\/v2\/media?parent=12811"}],"wp:term":[{"taxonomy":"category","embeddable":true,"href":"https:\/\/apuntesdesanluis.com\/index.php\/wp-json\/wp\/v2\/categories?post=12811"},{"taxonomy":"post_tag","embeddable":true,"href":"https:\/\/apuntesdesanluis.com\/index.php\/wp-json\/wp\/v2\/tags?post=12811"}],"curies":[{"name":"wp","href":"https:\/\/api.w.org\/{rel}","templated":true}]}}