{"id":12815,"date":"2024-03-07T00:50:48","date_gmt":"2024-03-07T03:50:48","guid":{"rendered":"https:\/\/apuntesdesanluis.com\/?p=12815"},"modified":"2024-03-07T00:52:48","modified_gmt":"2024-03-07T03:52:48","slug":"el-pj-beso-la-lona-y-sufrio-una-estrepitosa-derrota-politica","status":"publish","type":"post","link":"https:\/\/apuntesdesanluis.com\/index.php\/2024\/03\/07\/el-pj-beso-la-lona-y-sufrio-una-estrepitosa-derrota-politica\/","title":{"rendered":"EL PJ BES\u00d3 LA LONA Y SUFRI\u00d3 UNA ESTREPITOSA DERROTA POL\u00cdTICA"},"content":{"rendered":"<h3>Confirmando el adelanto de <span style=\"color: #000000;\"><strong>Apuntes de San Luis<\/strong><\/span>, el gobierno se anot\u00f3 este mi\u00e9rcoles un triunfo contundente sobre el PJ y aliados, al lograr imponer las autoridades de la C\u00e1mara de Diputados y quedarse al borde de obtener la mayor\u00eda agravada.<\/h3>\n<h3>Con 26 votos a favor y 16 en contra, <strong>Cambia San Luis y sus bloques adherentes<\/strong> eligieron al diputado <strong>Ram\u00f3n Alberto Leyes<\/strong> (del bloque unipersonal Fuerza Independiente), representante del Departamento Belgrano, como nuevo presidente de la C\u00e1mara de Diputados. La propuesta parti\u00f3 de la propia titular del Interbloque Cambia San Luis, <strong>Mar\u00eda Eugenia Gallardo<\/strong>.<\/h3>\n<p><img fetchpriority=\"high\" decoding=\"async\" class=\"wp-image-12818 aligncenter\" src=\"https:\/\/apuntesdesanluis.com\/wp-content\/uploads\/2024\/03\/camara-de-diputados-300x174.png\" alt=\"\" width=\"645\" height=\"374\" srcset=\"https:\/\/apuntesdesanluis.com\/wp-content\/uploads\/2024\/03\/camara-de-diputados-300x174.png 300w, https:\/\/apuntesdesanluis.com\/wp-content\/uploads\/2024\/03\/camara-de-diputados.png 600w\" sizes=\"(max-width: 645px) 100vw, 645px\" \/><\/p>\n<h3>Despu\u00e9s de muchos a\u00f1os, un legislador del interior se ubica tercero en la l\u00ednea de sucesi\u00f3n provincial y manejar\u00e1 los destinos de la estrat\u00e9gica c\u00e1mara baja de la provincia.<\/h3>\n<h3>En el lugar de Vice Presidenta 1\u00b0 la mayor\u00eda del cuerpo eligi\u00f3 a la diputada <strong>Gabriela Mancilla<\/strong> del bloque Cambia San Luis y como Vice Presidente 2\u00b0 al diputado <strong>Ariel Far\u00edas<\/strong>, del bloque Trabajo por el Pueblo.<\/h3>\n<h3>Desde la oposici\u00f3n justicialista se chicane\u00f3 una propuesta propia, en boca de la jefa de bloque, <strong>Claudia Pinelli<\/strong>, quien mocion\u00f3 a <strong>Ver\u00f3nica Causi, Fernanda Spinuzza<\/strong> y <strong>Javier Gim\u00e9nez<\/strong>, como alternativa.<\/h3>\n<h3>La diputada de Villa Mercedes rechaz\u00f3 enojada la propuesta y respondi\u00f3 filosa: \u201cAgradezco la nominaci\u00f3n, pero no tengo claro si es de buena leche o de mala leche\u201d, agregando ir\u00f3nicamente que le hac\u00eda acordar \u201ca cuando a uno le regalan medias horribles y debe agradecer\u201d.<\/h3>\n<p><img decoding=\"async\" class=\"wp-image-12819 aligncenter\" src=\"https:\/\/apuntesdesanluis.com\/wp-content\/uploads\/2024\/03\/causi-300x186.png\" alt=\"\" width=\"626\" height=\"388\" srcset=\"https:\/\/apuntesdesanluis.com\/wp-content\/uploads\/2024\/03\/causi-300x186.png 300w, https:\/\/apuntesdesanluis.com\/wp-content\/uploads\/2024\/03\/causi.png 600w\" sizes=\"(max-width: 626px) 100vw, 626px\" \/><\/p>\n<h4 style=\"text-align: center;\"><em>Diputada Ver\u00f3nica Causi (Pedernera), picante cuando se enoja.<\/em><\/h4>\n<h3>Luego responsabiliz\u00f3 por la maniobra a Rodr\u00edguez Sa\u00e1 y tambi\u00e9n hizo lo propio su par radical Javier Gim\u00e9nez, quien rechaz\u00f3 la propuesta.<\/h3>\n<h3>La segunda votaci\u00f3n por las autoridades de mesa marc\u00f3 una derrota a\u00fan peor para la oposici\u00f3n, porque el resultado fue 28 a 14, gracias al apoyo de dos legisladores de Chacabuco. El oficialismo qued\u00f3 a un voto de obtener los 2\/3 necesarios para aprobar los asuntos m\u00e1s trascendentes.<\/h3>\n<h3>Quedaron designados <strong>Jos\u00e9 Victor Caba\u00f1ez Lanza.<\/strong> como Secretario Legislativo;<strong>\u00a0Jos\u00e9 Gil<\/strong> como Prosecretario Legislativo; <strong>Mar\u00eda Jos\u00e9 Galetto <\/strong>(hermana de la vice intendenta de Villa Mercedes), Secretaria Administrativa, y <strong>Daniel Valdez Pedernera<\/strong>, Prosecretario Administrativo.<\/h3>\n<h3>Despu\u00e9s de las derrotas sufridas en las elecciones provinciales y nacionales del a\u00f1o pasado, lo ocurrido este mi\u00e9rcoles marca el definitivo declive del poder pol\u00edtico del ex gobernador <strong>Alberto Rodr\u00edguez Sa\u00e1<\/strong>, quien desde diciembre intent\u00f3 poner obst\u00e1culos a la gesti\u00f3n desde la Legislatura. Parcialmente lo consigui\u00f3, cuando evit\u00f3 que el gobierno pudiera aprobar un pr\u00e9stamo del Banco Naci\u00f3n para poder afrontar en un solo pago los sueldos.<\/h3>\n<h3>Sin embargo, ese da\u00f1o que se anot\u00f3 como un triunfo, fue el motivo que llev\u00f3 a muchos legisladores justicialistas a replantear su alineamiento y terminar por escindirse del bloque y armar sus propias bancadas, en desacuerdo con &#8220;jugar de malos&#8221; frente a un gobierno legitimado claramente en las urnas.<\/h3>\n<p><img decoding=\"async\" class=\"wp-image-12820 aligncenter\" src=\"https:\/\/apuntesdesanluis.com\/wp-content\/uploads\/2024\/03\/leyes-300x181.png\" alt=\"\" width=\"612\" height=\"369\" srcset=\"https:\/\/apuntesdesanluis.com\/wp-content\/uploads\/2024\/03\/leyes-300x181.png 300w, https:\/\/apuntesdesanluis.com\/wp-content\/uploads\/2024\/03\/leyes.png 600w\" sizes=\"(max-width: 612px) 100vw, 612px\" \/><\/p>\n<h3>Al final de la sesi\u00f3n especial, el flamante presidente de Diputados, <strong>Ram\u00f3n Leyes<\/strong>, fue consultado acerca de qu\u00e9 respond\u00eda a quienes lo acusan de &#8220;traidor&#8221;, respondi\u00f3: &#8220;Hay una diferencia entre el obsecuente y el leal. El primero dice a todo que s\u00ed y rinde pleites\u00eda, yo soy leal a mis convicciones y a quienes me votaron, al pueblo. Agradezco a todos mis pares que me votaron y me comprometo a dialogar y trabajar con dedicaci\u00f3n y responsabilidad&#8221;.<\/h3>\n<h3><strong>PROTAGONISTAS<\/strong><\/h3>\n<h3>Seg\u00fan trascendi\u00f3, <strong>Claudio Poggi<\/strong> sigui\u00f3 minuto a minuto el desarrollo de la sesi\u00f3n, interesado no s\u00f3lo en la elecci\u00f3n de autoridades, que ya se conoc\u00edan, sino en el resultado num\u00e9rico de las votaciones.<\/h3>\n<h3>Como buen contador, el mandatario sabe que necesita asegurarse una amplia mayor\u00eda para poder aprobar algunas iniciativas trascendentes que dio a conocer en su discurso de asunci\u00f3n, entre ellas la reforma constitucional y la reforma pol\u00edtica y electoral.<\/h3>\n<h3>\u201cClaudio estaba exultante por el resultado. Imaginate, nosotros tenemos apenas 12 diputados pura sangre, nuestros, todos los dem\u00e1s son aliados. Llegar a esta mayor\u00eda ha demandado un trabajo de locos, en menos de tres meses\u201d, admiti\u00f3 un funcionario con acceso a la mesa chica de las decisiones.<\/h3>\n<h3>Seg\u00fan conoci\u00f3 <span style=\"color: #000000;\"><strong>Apuntes de San Luis<\/strong><\/span>\u00a0de distintas fuentes, hubo cuatro operadores que tuvieron un rol trascendente en los meses de verano, para poder alcanzar esta nueva mayor\u00eda legislativa que le otorga tranquilidad al gobierno, a 90 d\u00edas de haber asumido.<\/h3>\n<h3>Uno de ellos es el vicegobernador <strong>Ricardo Endeiza<\/strong>, a quien Poggi le otorg\u00f3 buena parte del manejo pol\u00edtico y las relaciones con la oposici\u00f3n y los intendentes. Otro es el Secretario de Asuntos Institucionales y Enlace Parlamentario, <strong>Jos\u00e9 Giraudo<\/strong>. El tercero es el ministro de Gobierno, <strong>Facundo Endeiza<\/strong>. El cuarto, con un notable bajo perfil, el ex diputado <strong>H\u00e9ctor Torino<\/strong>.<\/h3>\n<h3>Actuando coordinadamente, este cuarteto se termina de consolidar como el \u201cala pol\u00edtica\u201d m\u00e1s influyente del gobierno, por cuyas manos pasar\u00e1n temas de suma relevancia en los pr\u00f3ximos meses.<\/h3>\n<h3>Para continuar con el\u00a0 paralelismo box\u00edstico, actualmente el otrora poderoso Partido Justicialista aparece grogui y desorientado por los sucesivos golpes recibidos. Hoy sufri\u00f3 un contundente nocaut que le hizo besar la lona. El que cay\u00f3 es el mismo que se neg\u00f3 a tirar la toalla y recibi\u00f3 una seguidilla de sopapos en la cara.<\/h3>\n<h3><\/h3>\n<h3><strong><span style=\"color: #3366ff;\">NOTICIA RELACIONADA:<\/span><\/strong><\/h3>\n<p><a href=\"https:\/\/apuntesdesanluis.com\/index.php\/2024\/03\/06\/nuevo-round-en-diputados-madura-el-nocaut-del-oficialismo\/\" target=\"_blank\" rel=\"noopener\"><img loading=\"lazy\" decoding=\"async\" class=\"alignnone wp-image-12816\" src=\"https:\/\/apuntesdesanluis.com\/wp-content\/uploads\/2024\/03\/posteo-3-300x222.png\" alt=\"\" width=\"518\" height=\"383\" srcset=\"https:\/\/apuntesdesanluis.com\/wp-content\/uploads\/2024\/03\/posteo-3-300x222.png 300w, https:\/\/apuntesdesanluis.com\/wp-content\/uploads\/2024\/03\/posteo-3.png 575w\" sizes=\"(max-width: 518px) 100vw, 518px\" \/><\/a><\/p>\n<p>&nbsp;<\/p>\n<p>&nbsp;<\/p>\n<p>&nbsp;<\/p>\n","protected":false},"excerpt":{"rendered":"<p>Confirmando el adelanto de Apuntes de San Luis, el gobierno se anot\u00f3 este mi\u00e9rcoles un&#8230;<\/p>\n","protected":false},"author":1,"featured_media":12817,"comment_status":"closed","ping_status":"closed","sticky":false,"template":"","format":"standard","meta":{"footnotes":""},"categories":[9],"tags":[],"class_list":["post-12815","post","type-post","status-publish","format-standard","has-post-thumbnail","hentry","category-opinion"],"yoast_head":"<!-- This site is optimized with the Yoast SEO plugin v26.1.1 - https:\/\/yoast.com\/wordpress\/plugins\/seo\/ -->\n<title>EL PJ BES\u00d3 LA LONA Y SUFRI\u00d3 UNA ESTREPITOSA DERROTA POL\u00cdTICA - Apuntes de San Luis<\/title>\n<meta name=\"robots\" content=\"index, follow, max-snippet:-1, max-image-preview:large, max-video-preview:-1\" \/>\n<link rel=\"canonical\" href=\"https:\/\/apuntesdesanluis.com\/index.php\/2024\/03\/07\/el-pj-beso-la-lona-y-sufrio-una-estrepitosa-derrota-politica\/\" \/>\n<meta property=\"og:locale\" content=\"es_ES\" \/>\n<meta property=\"og:type\" content=\"article\" \/>\n<meta property=\"og:title\" content=\"EL PJ BES\u00d3 LA LONA Y SUFRI\u00d3 UNA ESTREPITOSA DERROTA POL\u00cdTICA - Apuntes de San Luis\" \/>\n<meta property=\"og:description\" content=\"Confirmando el adelanto de Apuntes de San Luis, el gobierno se anot\u00f3 este mi\u00e9rcoles un...\" \/>\n<meta property=\"og:url\" content=\"https:\/\/apuntesdesanluis.com\/index.php\/2024\/03\/07\/el-pj-beso-la-lona-y-sufrio-una-estrepitosa-derrota-politica\/\" \/>\n<meta property=\"og:site_name\" content=\"Apuntes de San Luis\" \/>\n<meta property=\"article:published_time\" content=\"2024-03-07T03:50:48+00:00\" \/>\n<meta property=\"article:modified_time\" content=\"2024-03-07T03:52:48+00:00\" \/>\n<meta property=\"og:image\" content=\"https:\/\/apuntesdesanluis.com\/wp-content\/uploads\/2024\/03\/leyes-asumiendo.png\" \/>\n\t<meta property=\"og:image:width\" content=\"600\" \/>\n\t<meta property=\"og:image:height\" content=\"372\" \/>\n\t<meta property=\"og:image:type\" content=\"image\/png\" \/>\n<meta name=\"author\" content=\"apuntesdesanluis.com\" \/>\n<meta name=\"twitter:card\" content=\"summary_large_image\" \/>\n<meta name=\"twitter:label1\" content=\"Escrito por\" \/>\n\t<meta name=\"twitter:data1\" content=\"apuntesdesanluis.com\" \/>\n\t<meta name=\"twitter:label2\" content=\"Tiempo de lectura\" \/>\n\t<meta name=\"twitter:data2\" content=\"5 minutos\" \/>\n<script type=\"application\/ld+json\" class=\"yoast-schema-graph\">{\"@context\":\"https:\/\/schema.org\",\"@graph\":[{\"@type\":\"Article\",\"@id\":\"https:\/\/apuntesdesanluis.com\/index.php\/2024\/03\/07\/el-pj-beso-la-lona-y-sufrio-una-estrepitosa-derrota-politica\/#article\",\"isPartOf\":{\"@id\":\"https:\/\/apuntesdesanluis.com\/index.php\/2024\/03\/07\/el-pj-beso-la-lona-y-sufrio-una-estrepitosa-derrota-politica\/\"},\"author\":{\"name\":\"apuntesdesanluis.com\",\"@id\":\"https:\/\/apuntesdesanluis.com\/#\/schema\/person\/b55151d52296fcce64d1a72538a70b90\"},\"headline\":\"EL PJ BES\u00d3 LA LONA Y SUFRI\u00d3 UNA ESTREPITOSA DERROTA POL\u00cdTICA\",\"datePublished\":\"2024-03-07T03:50:48+00:00\",\"dateModified\":\"2024-03-07T03:52:48+00:00\",\"mainEntityOfPage\":{\"@id\":\"https:\/\/apuntesdesanluis.com\/index.php\/2024\/03\/07\/el-pj-beso-la-lona-y-sufrio-una-estrepitosa-derrota-politica\/\"},\"wordCount\":917,\"publisher\":{\"@id\":\"https:\/\/apuntesdesanluis.com\/#\/schema\/person\/b55151d52296fcce64d1a72538a70b90\"},\"image\":{\"@id\":\"https:\/\/apuntesdesanluis.com\/index.php\/2024\/03\/07\/el-pj-beso-la-lona-y-sufrio-una-estrepitosa-derrota-politica\/#primaryimage\"},\"thumbnailUrl\":\"https:\/\/apuntesdesanluis.com\/wp-content\/uploads\/2024\/03\/leyes-asumiendo.png\",\"articleSection\":[\"Opini\u00f3n\"],\"inLanguage\":\"es-AR\"},{\"@type\":\"WebPage\",\"@id\":\"https:\/\/apuntesdesanluis.com\/index.php\/2024\/03\/07\/el-pj-beso-la-lona-y-sufrio-una-estrepitosa-derrota-politica\/\",\"url\":\"https:\/\/apuntesdesanluis.com\/index.php\/2024\/03\/07\/el-pj-beso-la-lona-y-sufrio-una-estrepitosa-derrota-politica\/\",\"name\":\"EL PJ BES\u00d3 LA LONA Y SUFRI\u00d3 UNA ESTREPITOSA DERROTA POL\u00cdTICA - Apuntes de San Luis\",\"isPartOf\":{\"@id\":\"https:\/\/apuntesdesanluis.com\/#website\"},\"primaryImageOfPage\":{\"@id\":\"https:\/\/apuntesdesanluis.com\/index.php\/2024\/03\/07\/el-pj-beso-la-lona-y-sufrio-una-estrepitosa-derrota-politica\/#primaryimage\"},\"image\":{\"@id\":\"https:\/\/apuntesdesanluis.com\/index.php\/2024\/03\/07\/el-pj-beso-la-lona-y-sufrio-una-estrepitosa-derrota-politica\/#primaryimage\"},\"thumbnailUrl\":\"https:\/\/apuntesdesanluis.com\/wp-content\/uploads\/2024\/03\/leyes-asumiendo.png\",\"datePublished\":\"2024-03-07T03:50:48+00:00\",\"dateModified\":\"2024-03-07T03:52:48+00:00\",\"breadcrumb\":{\"@id\":\"https:\/\/apuntesdesanluis.com\/index.php\/2024\/03\/07\/el-pj-beso-la-lona-y-sufrio-una-estrepitosa-derrota-politica\/#breadcrumb\"},\"inLanguage\":\"es-AR\",\"potentialAction\":[{\"@type\":\"ReadAction\",\"target\":[\"https:\/\/apuntesdesanluis.com\/index.php\/2024\/03\/07\/el-pj-beso-la-lona-y-sufrio-una-estrepitosa-derrota-politica\/\"]}]},{\"@type\":\"ImageObject\",\"inLanguage\":\"es-AR\",\"@id\":\"https:\/\/apuntesdesanluis.com\/index.php\/2024\/03\/07\/el-pj-beso-la-lona-y-sufrio-una-estrepitosa-derrota-politica\/#primaryimage\",\"url\":\"https:\/\/apuntesdesanluis.com\/wp-content\/uploads\/2024\/03\/leyes-asumiendo.png\",\"contentUrl\":\"https:\/\/apuntesdesanluis.com\/wp-content\/uploads\/2024\/03\/leyes-asumiendo.png\",\"width\":600,\"height\":372},{\"@type\":\"BreadcrumbList\",\"@id\":\"https:\/\/apuntesdesanluis.com\/index.php\/2024\/03\/07\/el-pj-beso-la-lona-y-sufrio-una-estrepitosa-derrota-politica\/#breadcrumb\",\"itemListElement\":[{\"@type\":\"ListItem\",\"position\":1,\"name\":\"Inicio\",\"item\":\"https:\/\/apuntesdesanluis.com\/\"},{\"@type\":\"ListItem\",\"position\":2,\"name\":\"EL PJ BES\u00d3 LA LONA Y SUFRI\u00d3 UNA ESTREPITOSA DERROTA POL\u00cdTICA\"}]},{\"@type\":\"WebSite\",\"@id\":\"https:\/\/apuntesdesanluis.com\/#website\",\"url\":\"https:\/\/apuntesdesanluis.com\/\",\"name\":\"Apuntes de San Luis\",\"description\":\"\",\"publisher\":{\"@id\":\"https:\/\/apuntesdesanluis.com\/#\/schema\/person\/b55151d52296fcce64d1a72538a70b90\"},\"potentialAction\":[{\"@type\":\"SearchAction\",\"target\":{\"@type\":\"EntryPoint\",\"urlTemplate\":\"https:\/\/apuntesdesanluis.com\/?s={search_term_string}\"},\"query-input\":{\"@type\":\"PropertyValueSpecification\",\"valueRequired\":true,\"valueName\":\"search_term_string\"}}],\"inLanguage\":\"es-AR\"},{\"@type\":[\"Person\",\"Organization\"],\"@id\":\"https:\/\/apuntesdesanluis.com\/#\/schema\/person\/b55151d52296fcce64d1a72538a70b90\",\"name\":\"apuntesdesanluis.com\",\"image\":{\"@type\":\"ImageObject\",\"inLanguage\":\"es-AR\",\"@id\":\"https:\/\/apuntesdesanluis.com\/#\/schema\/person\/image\/\",\"url\":\"https:\/\/apuntesdesanluis.com\/wp-content\/uploads\/2023\/07\/cropped-apuntesdesanluis.png\",\"contentUrl\":\"https:\/\/apuntesdesanluis.com\/wp-content\/uploads\/2023\/07\/cropped-apuntesdesanluis.png\",\"width\":450,\"height\":112,\"caption\":\"apuntesdesanluis.com\"},\"logo\":{\"@id\":\"https:\/\/apuntesdesanluis.com\/#\/schema\/person\/image\/\"},\"sameAs\":[\"https:\/\/apuntesdesanluis.com\"],\"url\":\"https:\/\/apuntesdesanluis.com\/index.php\/author\/apuntesdesanluis-com\/\"}]}<\/script>\n<!-- \/ Yoast SEO plugin. -->","yoast_head_json":{"title":"EL PJ BES\u00d3 LA LONA Y SUFRI\u00d3 UNA ESTREPITOSA DERROTA POL\u00cdTICA - Apuntes de San Luis","robots":{"index":"index","follow":"follow","max-snippet":"max-snippet:-1","max-image-preview":"max-image-preview:large","max-video-preview":"max-video-preview:-1"},"canonical":"https:\/\/apuntesdesanluis.com\/index.php\/2024\/03\/07\/el-pj-beso-la-lona-y-sufrio-una-estrepitosa-derrota-politica\/","og_locale":"es_ES","og_type":"article","og_title":"EL PJ BES\u00d3 LA LONA Y SUFRI\u00d3 UNA ESTREPITOSA DERROTA POL\u00cdTICA - Apuntes de San Luis","og_description":"Confirmando el adelanto de Apuntes de San Luis, el gobierno se anot\u00f3 este mi\u00e9rcoles un...","og_url":"https:\/\/apuntesdesanluis.com\/index.php\/2024\/03\/07\/el-pj-beso-la-lona-y-sufrio-una-estrepitosa-derrota-politica\/","og_site_name":"Apuntes de San Luis","article_published_time":"2024-03-07T03:50:48+00:00","article_modified_time":"2024-03-07T03:52:48+00:00","og_image":[{"width":600,"height":372,"url":"https:\/\/apuntesdesanluis.com\/wp-content\/uploads\/2024\/03\/leyes-asumiendo.png","type":"image\/png"}],"author":"apuntesdesanluis.com","twitter_card":"summary_large_image","twitter_misc":{"Escrito por":"apuntesdesanluis.com","Tiempo de lectura":"5 minutos"},"schema":{"@context":"https:\/\/schema.org","@graph":[{"@type":"Article","@id":"https:\/\/apuntesdesanluis.com\/index.php\/2024\/03\/07\/el-pj-beso-la-lona-y-sufrio-una-estrepitosa-derrota-politica\/#article","isPartOf":{"@id":"https:\/\/apuntesdesanluis.com\/index.php\/2024\/03\/07\/el-pj-beso-la-lona-y-sufrio-una-estrepitosa-derrota-politica\/"},"author":{"name":"apuntesdesanluis.com","@id":"https:\/\/apuntesdesanluis.com\/#\/schema\/person\/b55151d52296fcce64d1a72538a70b90"},"headline":"EL PJ BES\u00d3 LA LONA Y SUFRI\u00d3 UNA ESTREPITOSA DERROTA POL\u00cdTICA","datePublished":"2024-03-07T03:50:48+00:00","dateModified":"2024-03-07T03:52:48+00:00","mainEntityOfPage":{"@id":"https:\/\/apuntesdesanluis.com\/index.php\/2024\/03\/07\/el-pj-beso-la-lona-y-sufrio-una-estrepitosa-derrota-politica\/"},"wordCount":917,"publisher":{"@id":"https:\/\/apuntesdesanluis.com\/#\/schema\/person\/b55151d52296fcce64d1a72538a70b90"},"image":{"@id":"https:\/\/apuntesdesanluis.com\/index.php\/2024\/03\/07\/el-pj-beso-la-lona-y-sufrio-una-estrepitosa-derrota-politica\/#primaryimage"},"thumbnailUrl":"https:\/\/apuntesdesanluis.com\/wp-content\/uploads\/2024\/03\/leyes-asumiendo.png","articleSection":["Opini\u00f3n"],"inLanguage":"es-AR"},{"@type":"WebPage","@id":"https:\/\/apuntesdesanluis.com\/index.php\/2024\/03\/07\/el-pj-beso-la-lona-y-sufrio-una-estrepitosa-derrota-politica\/","url":"https:\/\/apuntesdesanluis.com\/index.php\/2024\/03\/07\/el-pj-beso-la-lona-y-sufrio-una-estrepitosa-derrota-politica\/","name":"EL PJ BES\u00d3 LA LONA Y SUFRI\u00d3 UNA ESTREPITOSA DERROTA POL\u00cdTICA - Apuntes de San Luis","isPartOf":{"@id":"https:\/\/apuntesdesanluis.com\/#website"},"primaryImageOfPage":{"@id":"https:\/\/apuntesdesanluis.com\/index.php\/2024\/03\/07\/el-pj-beso-la-lona-y-sufrio-una-estrepitosa-derrota-politica\/#primaryimage"},"image":{"@id":"https:\/\/apuntesdesanluis.com\/index.php\/2024\/03\/07\/el-pj-beso-la-lona-y-sufrio-una-estrepitosa-derrota-politica\/#primaryimage"},"thumbnailUrl":"https:\/\/apuntesdesanluis.com\/wp-content\/uploads\/2024\/03\/leyes-asumiendo.png","datePublished":"2024-03-07T03:50:48+00:00","dateModified":"2024-03-07T03:52:48+00:00","breadcrumb":{"@id":"https:\/\/apuntesdesanluis.com\/index.php\/2024\/03\/07\/el-pj-beso-la-lona-y-sufrio-una-estrepitosa-derrota-politica\/#breadcrumb"},"inLanguage":"es-AR","potentialAction":[{"@type":"ReadAction","target":["https:\/\/apuntesdesanluis.com\/index.php\/2024\/03\/07\/el-pj-beso-la-lona-y-sufrio-una-estrepitosa-derrota-politica\/"]}]},{"@type":"ImageObject","inLanguage":"es-AR","@id":"https:\/\/apuntesdesanluis.com\/index.php\/2024\/03\/07\/el-pj-beso-la-lona-y-sufrio-una-estrepitosa-derrota-politica\/#primaryimage","url":"https:\/\/apuntesdesanluis.com\/wp-content\/uploads\/2024\/03\/leyes-asumiendo.png","contentUrl":"https:\/\/apuntesdesanluis.com\/wp-content\/uploads\/2024\/03\/leyes-asumiendo.png","width":600,"height":372},{"@type":"BreadcrumbList","@id":"https:\/\/apuntesdesanluis.com\/index.php\/2024\/03\/07\/el-pj-beso-la-lona-y-sufrio-una-estrepitosa-derrota-politica\/#breadcrumb","itemListElement":[{"@type":"ListItem","position":1,"name":"Inicio","item":"https:\/\/apuntesdesanluis.com\/"},{"@type":"ListItem","position":2,"name":"EL PJ BES\u00d3 LA LONA Y SUFRI\u00d3 UNA ESTREPITOSA DERROTA POL\u00cdTICA"}]},{"@type":"WebSite","@id":"https:\/\/apuntesdesanluis.com\/#website","url":"https:\/\/apuntesdesanluis.com\/","name":"Apuntes de San Luis","description":"","publisher":{"@id":"https:\/\/apuntesdesanluis.com\/#\/schema\/person\/b55151d52296fcce64d1a72538a70b90"},"potentialAction":[{"@type":"SearchAction","target":{"@type":"EntryPoint","urlTemplate":"https:\/\/apuntesdesanluis.com\/?s={search_term_string}"},"query-input":{"@type":"PropertyValueSpecification","valueRequired":true,"valueName":"search_term_string"}}],"inLanguage":"es-AR"},{"@type":["Person","Organization"],"@id":"https:\/\/apuntesdesanluis.com\/#\/schema\/person\/b55151d52296fcce64d1a72538a70b90","name":"apuntesdesanluis.com","image":{"@type":"ImageObject","inLanguage":"es-AR","@id":"https:\/\/apuntesdesanluis.com\/#\/schema\/person\/image\/","url":"https:\/\/apuntesdesanluis.com\/wp-content\/uploads\/2023\/07\/cropped-apuntesdesanluis.png","contentUrl":"https:\/\/apuntesdesanluis.com\/wp-content\/uploads\/2023\/07\/cropped-apuntesdesanluis.png","width":450,"height":112,"caption":"apuntesdesanluis.com"},"logo":{"@id":"https:\/\/apuntesdesanluis.com\/#\/schema\/person\/image\/"},"sameAs":["https:\/\/apuntesdesanluis.com"],"url":"https:\/\/apuntesdesanluis.com\/index.php\/author\/apuntesdesanluis-com\/"}]}},"featured_image_urls":{"full":["https:\/\/apuntesdesanluis.com\/wp-content\/uploads\/2024\/03\/leyes-asumiendo.png",600,372,false],"thumbnail":["https:\/\/apuntesdesanluis.com\/wp-content\/uploads\/2024\/03\/leyes-asumiendo-150x150.png",150,150,true],"medium":["https:\/\/apuntesdesanluis.com\/wp-content\/uploads\/2024\/03\/leyes-asumiendo-300x186.png",300,186,true],"medium_large":["https:\/\/apuntesdesanluis.com\/wp-content\/uploads\/2024\/03\/leyes-asumiendo.png",600,372,false],"large":["https:\/\/apuntesdesanluis.com\/wp-content\/uploads\/2024\/03\/leyes-asumiendo.png",600,372,false],"1536x1536":["https:\/\/apuntesdesanluis.com\/wp-content\/uploads\/2024\/03\/leyes-asumiendo.png",600,372,false],"2048x2048":["https:\/\/apuntesdesanluis.com\/wp-content\/uploads\/2024\/03\/leyes-asumiendo.png",600,372,false],"newsever-slider-full":["https:\/\/apuntesdesanluis.com\/wp-content\/uploads\/2024\/03\/leyes-asumiendo.png",600,372,false],"newsever-featured":["https:\/\/apuntesdesanluis.com\/wp-content\/uploads\/2024\/03\/leyes-asumiendo.png",600,372,false],"newsever-medium":["https:\/\/apuntesdesanluis.com\/wp-content\/uploads\/2024\/03\/leyes-asumiendo.png",600,372,false]},"author_info":{"display_name":"apuntesdesanluis.com","author_link":"https:\/\/apuntesdesanluis.com\/index.php\/author\/apuntesdesanluis-com\/"},"category_info":"<a href=\"https:\/\/apuntesdesanluis.com\/index.php\/category\/opinion\/\" rel=\"category tag\">Opini\u00f3n<\/a>","tag_info":"Opini\u00f3n","comment_count":"0","_links":{"self":[{"href":"https:\/\/apuntesdesanluis.com\/index.php\/wp-json\/wp\/v2\/posts\/12815","targetHints":{"allow":["GET"]}}],"collection":[{"href":"https:\/\/apuntesdesanluis.com\/index.php\/wp-json\/wp\/v2\/posts"}],"about":[{"href":"https:\/\/apuntesdesanluis.com\/index.php\/wp-json\/wp\/v2\/types\/post"}],"author":[{"embeddable":true,"href":"https:\/\/apuntesdesanluis.com\/index.php\/wp-json\/wp\/v2\/users\/1"}],"replies":[{"embeddable":true,"href":"https:\/\/apuntesdesanluis.com\/index.php\/wp-json\/wp\/v2\/comments?post=12815"}],"version-history":[{"count":2,"href":"https:\/\/apuntesdesanluis.com\/index.php\/wp-json\/wp\/v2\/posts\/12815\/revisions"}],"predecessor-version":[{"id":12822,"href":"https:\/\/apuntesdesanluis.com\/index.php\/wp-json\/wp\/v2\/posts\/12815\/revisions\/12822"}],"wp:featuredmedia":[{"embeddable":true,"href":"https:\/\/apuntesdesanluis.com\/index.php\/wp-json\/wp\/v2\/media\/12817"}],"wp:attachment":[{"href":"https:\/\/apuntesdesanluis.com\/index.php\/wp-json\/wp\/v2\/media?parent=12815"}],"wp:term":[{"taxonomy":"category","embeddable":true,"href":"https:\/\/apuntesdesanluis.com\/index.php\/wp-json\/wp\/v2\/categories?post=12815"},{"taxonomy":"post_tag","embeddable":true,"href":"https:\/\/apuntesdesanluis.com\/index.php\/wp-json\/wp\/v2\/tags?post=12815"}],"curies":[{"name":"wp","href":"https:\/\/api.w.org\/{rel}","templated":true}]}}