{"id":12831,"date":"2024-03-07T20:53:42","date_gmt":"2024-03-07T23:53:42","guid":{"rendered":"https:\/\/apuntesdesanluis.com\/?p=12831"},"modified":"2024-03-07T20:53:42","modified_gmt":"2024-03-07T23:53:42","slug":"prision-preventiva-para-los-tres-imputados-por-el-homicidio-de-jesus-munoz","status":"publish","type":"post","link":"https:\/\/apuntesdesanluis.com\/index.php\/2024\/03\/07\/prision-preventiva-para-los-tres-imputados-por-el-homicidio-de-jesus-munoz\/","title":{"rendered":"PRISI\u00d3N PREVENTIVA PARA LOS TRES IMPUTADOS POR EL HOMICIDIO DE JES\u00daS MU\u00d1OZ"},"content":{"rendered":"<h3>En la ma\u00f1ana de este jueves, vencida la pr\u00f3rroga de detenci\u00f3n de las tres personas imputadas en la causa, se desarroll\u00f3 una nueva audiencia en el marco de la investigaci\u00f3n del homicidio de <strong>Jes\u00fas Mu\u00f1oz<\/strong>, ocurrido el pasado 25 de febrero.<\/h3>\n<h3>El Juez de Garant\u00eda N\u00ba 4, Dr. Santiago Ortiz, ratific\u00f3 los cargos formulados y orden\u00f3 que los imputados deber\u00e1n cumplir cuatro meses de prisi\u00f3n preventiva, disponiendo su inmediato traslado al Servicio Penitenciario Provincial.\u00a0 La medida de coerci\u00f3n hab\u00eda sido solicitada por Fiscal\u00eda y los imputados se allanaron al pedido formulado por el Fiscal de Instrucci\u00f3n N\u00ba 3, Dr. Jos\u00e9 Olgu\u00edn.<\/h3>\n<h3>El Dr. Jos\u00e9 Olgu\u00edn ratific\u00f3 los cargos formulados en la audiencia celebrada el 28 de febrero. Estuvo acompa\u00f1ado por la Dra. Andrea Court, Fiscal Adjunta. Explic\u00f3 que en estos \u00faltimos d\u00edas se incorporaron nuevas evidencias a la causa.<\/h3>\n<h3>El pasado 28 de febrero, el Juez de Garant\u00eda N\u00b0 4 \u2013 Dr. Santiago Ortiz- tuvo por formulados cargos provisorios por el delito de homicidio criminis causa en concurso real con\u00a0 robo calificado por el uso de arma, en poblado y en banda. En aquella oportunidad, la defensa solicit\u00f3 para los tres imputados una pr\u00f3rroga de detenci\u00f3n por el plazo de ocho d\u00edas.<\/h3>\n<h3>Por su parte, en la defensa de dos de los imputados, la Dra. Cecilia Mithiaux interpret\u00f3 como \u201cno procedente\u201d la figura de concurso real, ya que consider\u00f3 que se trat\u00f3 de un \u00fanico hecho. En cambio, para el Fiscal de Instrucci\u00f3n, los imputados participaron de dos actos, dos estructuras intencionales diferenciadas.<\/h3>\n<h3>En relaci\u00f3n a la calificaci\u00f3n del hecho, luego de escuchar a las partes, el Dr. Ortiz explic\u00f3 que el proceso se encuentra en su etapa inicial de investigaci\u00f3n, y tuvo por ratificados los cargos formulados. \u201cEn esta instancia, la funci\u00f3n es poner en conocimiento a los imputados\u201d, dijo y anticip\u00f3, en relaci\u00f3n a la figura del concurso real, que podr\u00e1 ser analizada oportunamente.<\/h3>\n<h3>Luego, el Ministerio P\u00fablico Fiscal pidi\u00f3 cuatro meses de prisi\u00f3n preventiva para los tres imputados como medida de coerci\u00f3n. El Dr. Olgu\u00edn mencion\u00f3 el pron\u00f3stico punitivo hipot\u00e9tico, detall\u00f3 que en caso de que sean condenados a los tres imputados les corresponder\u00eda la pena de prisi\u00f3n perpetua. Adem\u00e1s, asegur\u00f3 que restan producirse pruebas en el expediente y mencion\u00f3 el peligro de fuga y de entorpecimiento de la investigaci\u00f3n.<\/h3>\n<h3>Asimismo, el fiscal record\u00f3 que al momento de ser aprehendidos, los tres imputados ofrecieron resistencia.<\/h3>\n<p><img fetchpriority=\"high\" decoding=\"async\" class=\"wp-image-12833 aligncenter\" src=\"https:\/\/apuntesdesanluis.com\/wp-content\/uploads\/2024\/03\/correa-300x173.png\" alt=\"\" width=\"675\" height=\"389\" srcset=\"https:\/\/apuntesdesanluis.com\/wp-content\/uploads\/2024\/03\/correa-300x173.png 300w, https:\/\/apuntesdesanluis.com\/wp-content\/uploads\/2024\/03\/correa.png 600w\" sizes=\"(max-width: 675px) 100vw, 675px\" \/><\/p>\n<h3>En el mismo sentido se expres\u00f3 la querella \u2013 Dr. Gustavo Correa-. Expres\u00f3 que la medida de coerci\u00f3n permitir\u00eda devolver la tranquilidad social. \u201cLa pena no va a restaurar el da\u00f1o hecho. Al menos hasta la condena, el proceso demanda que est\u00e9n a resguardo\u201d, dijo.<\/h3>\n<h3>Por su parte, la defensa \u2013 tanto la ejercida como por la Dra. Cecilia Mithiaux como la que lleva a cabo el Dr. Pedro Soria \u2013 manifest\u00f3 que sus representados se allanar\u00edan al pedido de prisi\u00f3n preventiva formulado por el fiscal. Acto seguido, el juez concedi\u00f3 la palabra a cada uno de los imputados, quienes prestaron su consentimiento para cumplir la medida de coerci\u00f3n en el Servicio Penitenciario Provincial.<\/h3>\n<h3>Luego de escuchar a las partes, el Dr. Santiago Ortiz dispuso que los tres imputados cumplan cuatro meses de prisi\u00f3n preventiva en el Servicio Penitenciario y orden\u00f3 su inmediato traslado. Adem\u00e1s fij\u00f3 audiencia de control de acusaci\u00f3n para el pr\u00f3ximo 7 de julio a las 10 horas, momento en el cual la causa se elevar\u00eda a juicio.<\/h3>\n<h3>Cabe mencionar que en el inicio de la audiencia se dio tratamiento a un pedido de recusaci\u00f3n formulado por la defensa, el cual deber\u00e1 ser sustanciado por escrito seg\u00fan lo dispuesto por el Fiscal de Juicio, Dr. Ernesto Lutens.<\/h3>\n<h3><\/h3>\n<h3>Para obtener m\u00e1s informaci\u00f3n sobre esta causa ingrese al siguiente enlace:<span style=\"color: #3366ff;\"> <a style=\"color: #3366ff;\" href=\"https:\/\/www.periodicojudicial.gov.ar\/caso-jesus-munoz-los-tres-imputados-continuaran-detenidos\/\">https:\/\/www.periodicojudicial.gov.ar\/caso-jesus-munoz-los-tres-imputados-continuaran-detenidos\/<\/a><\/span><\/h3>\n<p>&nbsp;<\/p>\n<p>&nbsp;<\/p>\n<p>&nbsp;<\/p>\n<p>&nbsp;<\/p>\n<p>&nbsp;<\/p>\n<p>&nbsp;<\/p>\n<p>&nbsp;<\/p>\n","protected":false},"excerpt":{"rendered":"<p>En la ma\u00f1ana de este jueves, vencida la pr\u00f3rroga de detenci\u00f3n de las tres personas&#8230;<\/p>\n","protected":false},"author":1,"featured_media":12832,"comment_status":"closed","ping_status":"closed","sticky":false,"template":"","format":"standard","meta":{"footnotes":""},"categories":[6],"tags":[],"class_list":["post-12831","post","type-post","status-publish","format-standard","has-post-thumbnail","hentry","category-ciudad-provincia"],"yoast_head":"<!-- This site is optimized with the Yoast SEO plugin v26.1.1 - https:\/\/yoast.com\/wordpress\/plugins\/seo\/ -->\n<title>PRISI\u00d3N PREVENTIVA PARA LOS TRES IMPUTADOS POR EL HOMICIDIO DE JES\u00daS MU\u00d1OZ - Apuntes de San Luis<\/title>\n<meta name=\"robots\" content=\"index, follow, max-snippet:-1, max-image-preview:large, max-video-preview:-1\" \/>\n<link rel=\"canonical\" href=\"https:\/\/apuntesdesanluis.com\/index.php\/2024\/03\/07\/prision-preventiva-para-los-tres-imputados-por-el-homicidio-de-jesus-munoz\/\" \/>\n<meta property=\"og:locale\" content=\"es_ES\" \/>\n<meta property=\"og:type\" content=\"article\" \/>\n<meta property=\"og:title\" content=\"PRISI\u00d3N PREVENTIVA PARA LOS TRES IMPUTADOS POR EL HOMICIDIO DE JES\u00daS MU\u00d1OZ - Apuntes de San Luis\" \/>\n<meta property=\"og:description\" content=\"En la ma\u00f1ana de este jueves, vencida la pr\u00f3rroga de detenci\u00f3n de las tres personas...\" \/>\n<meta property=\"og:url\" content=\"https:\/\/apuntesdesanluis.com\/index.php\/2024\/03\/07\/prision-preventiva-para-los-tres-imputados-por-el-homicidio-de-jesus-munoz\/\" \/>\n<meta property=\"og:site_name\" content=\"Apuntes de San Luis\" \/>\n<meta property=\"article:published_time\" content=\"2024-03-07T23:53:42+00:00\" \/>\n<meta property=\"og:image\" content=\"https:\/\/apuntesdesanluis.com\/wp-content\/uploads\/2024\/03\/caso-munoz.png\" \/>\n\t<meta property=\"og:image:width\" content=\"554\" \/>\n\t<meta property=\"og:image:height\" content=\"329\" \/>\n\t<meta property=\"og:image:type\" content=\"image\/png\" \/>\n<meta name=\"author\" content=\"apuntesdesanluis.com\" \/>\n<meta name=\"twitter:card\" content=\"summary_large_image\" \/>\n<meta name=\"twitter:label1\" content=\"Escrito por\" \/>\n\t<meta name=\"twitter:data1\" content=\"apuntesdesanluis.com\" \/>\n\t<meta name=\"twitter:label2\" content=\"Tiempo de lectura\" \/>\n\t<meta name=\"twitter:data2\" content=\"4 minutos\" \/>\n<script type=\"application\/ld+json\" class=\"yoast-schema-graph\">{\"@context\":\"https:\/\/schema.org\",\"@graph\":[{\"@type\":\"Article\",\"@id\":\"https:\/\/apuntesdesanluis.com\/index.php\/2024\/03\/07\/prision-preventiva-para-los-tres-imputados-por-el-homicidio-de-jesus-munoz\/#article\",\"isPartOf\":{\"@id\":\"https:\/\/apuntesdesanluis.com\/index.php\/2024\/03\/07\/prision-preventiva-para-los-tres-imputados-por-el-homicidio-de-jesus-munoz\/\"},\"author\":{\"name\":\"apuntesdesanluis.com\",\"@id\":\"https:\/\/apuntesdesanluis.com\/#\/schema\/person\/b55151d52296fcce64d1a72538a70b90\"},\"headline\":\"PRISI\u00d3N PREVENTIVA PARA LOS TRES IMPUTADOS POR EL HOMICIDIO DE JES\u00daS MU\u00d1OZ\",\"datePublished\":\"2024-03-07T23:53:42+00:00\",\"mainEntityOfPage\":{\"@id\":\"https:\/\/apuntesdesanluis.com\/index.php\/2024\/03\/07\/prision-preventiva-para-los-tres-imputados-por-el-homicidio-de-jesus-munoz\/\"},\"wordCount\":688,\"publisher\":{\"@id\":\"https:\/\/apuntesdesanluis.com\/#\/schema\/person\/b55151d52296fcce64d1a72538a70b90\"},\"image\":{\"@id\":\"https:\/\/apuntesdesanluis.com\/index.php\/2024\/03\/07\/prision-preventiva-para-los-tres-imputados-por-el-homicidio-de-jesus-munoz\/#primaryimage\"},\"thumbnailUrl\":\"https:\/\/apuntesdesanluis.com\/wp-content\/uploads\/2024\/03\/caso-munoz.png\",\"articleSection\":[\"Ciudad\/Provincia\"],\"inLanguage\":\"es-AR\"},{\"@type\":\"WebPage\",\"@id\":\"https:\/\/apuntesdesanluis.com\/index.php\/2024\/03\/07\/prision-preventiva-para-los-tres-imputados-por-el-homicidio-de-jesus-munoz\/\",\"url\":\"https:\/\/apuntesdesanluis.com\/index.php\/2024\/03\/07\/prision-preventiva-para-los-tres-imputados-por-el-homicidio-de-jesus-munoz\/\",\"name\":\"PRISI\u00d3N PREVENTIVA PARA LOS TRES IMPUTADOS POR EL HOMICIDIO DE JES\u00daS MU\u00d1OZ - Apuntes de San Luis\",\"isPartOf\":{\"@id\":\"https:\/\/apuntesdesanluis.com\/#website\"},\"primaryImageOfPage\":{\"@id\":\"https:\/\/apuntesdesanluis.com\/index.php\/2024\/03\/07\/prision-preventiva-para-los-tres-imputados-por-el-homicidio-de-jesus-munoz\/#primaryimage\"},\"image\":{\"@id\":\"https:\/\/apuntesdesanluis.com\/index.php\/2024\/03\/07\/prision-preventiva-para-los-tres-imputados-por-el-homicidio-de-jesus-munoz\/#primaryimage\"},\"thumbnailUrl\":\"https:\/\/apuntesdesanluis.com\/wp-content\/uploads\/2024\/03\/caso-munoz.png\",\"datePublished\":\"2024-03-07T23:53:42+00:00\",\"breadcrumb\":{\"@id\":\"https:\/\/apuntesdesanluis.com\/index.php\/2024\/03\/07\/prision-preventiva-para-los-tres-imputados-por-el-homicidio-de-jesus-munoz\/#breadcrumb\"},\"inLanguage\":\"es-AR\",\"potentialAction\":[{\"@type\":\"ReadAction\",\"target\":[\"https:\/\/apuntesdesanluis.com\/index.php\/2024\/03\/07\/prision-preventiva-para-los-tres-imputados-por-el-homicidio-de-jesus-munoz\/\"]}]},{\"@type\":\"ImageObject\",\"inLanguage\":\"es-AR\",\"@id\":\"https:\/\/apuntesdesanluis.com\/index.php\/2024\/03\/07\/prision-preventiva-para-los-tres-imputados-por-el-homicidio-de-jesus-munoz\/#primaryimage\",\"url\":\"https:\/\/apuntesdesanluis.com\/wp-content\/uploads\/2024\/03\/caso-munoz.png\",\"contentUrl\":\"https:\/\/apuntesdesanluis.com\/wp-content\/uploads\/2024\/03\/caso-munoz.png\",\"width\":554,\"height\":329},{\"@type\":\"BreadcrumbList\",\"@id\":\"https:\/\/apuntesdesanluis.com\/index.php\/2024\/03\/07\/prision-preventiva-para-los-tres-imputados-por-el-homicidio-de-jesus-munoz\/#breadcrumb\",\"itemListElement\":[{\"@type\":\"ListItem\",\"position\":1,\"name\":\"Inicio\",\"item\":\"https:\/\/apuntesdesanluis.com\/\"},{\"@type\":\"ListItem\",\"position\":2,\"name\":\"PRISI\u00d3N PREVENTIVA PARA LOS TRES IMPUTADOS POR EL HOMICIDIO DE JES\u00daS MU\u00d1OZ\"}]},{\"@type\":\"WebSite\",\"@id\":\"https:\/\/apuntesdesanluis.com\/#website\",\"url\":\"https:\/\/apuntesdesanluis.com\/\",\"name\":\"Apuntes de San Luis\",\"description\":\"\",\"publisher\":{\"@id\":\"https:\/\/apuntesdesanluis.com\/#\/schema\/person\/b55151d52296fcce64d1a72538a70b90\"},\"potentialAction\":[{\"@type\":\"SearchAction\",\"target\":{\"@type\":\"EntryPoint\",\"urlTemplate\":\"https:\/\/apuntesdesanluis.com\/?s={search_term_string}\"},\"query-input\":{\"@type\":\"PropertyValueSpecification\",\"valueRequired\":true,\"valueName\":\"search_term_string\"}}],\"inLanguage\":\"es-AR\"},{\"@type\":[\"Person\",\"Organization\"],\"@id\":\"https:\/\/apuntesdesanluis.com\/#\/schema\/person\/b55151d52296fcce64d1a72538a70b90\",\"name\":\"apuntesdesanluis.com\",\"image\":{\"@type\":\"ImageObject\",\"inLanguage\":\"es-AR\",\"@id\":\"https:\/\/apuntesdesanluis.com\/#\/schema\/person\/image\/\",\"url\":\"https:\/\/apuntesdesanluis.com\/wp-content\/uploads\/2023\/07\/cropped-apuntesdesanluis.png\",\"contentUrl\":\"https:\/\/apuntesdesanluis.com\/wp-content\/uploads\/2023\/07\/cropped-apuntesdesanluis.png\",\"width\":450,\"height\":112,\"caption\":\"apuntesdesanluis.com\"},\"logo\":{\"@id\":\"https:\/\/apuntesdesanluis.com\/#\/schema\/person\/image\/\"},\"sameAs\":[\"https:\/\/apuntesdesanluis.com\"],\"url\":\"https:\/\/apuntesdesanluis.com\/index.php\/author\/apuntesdesanluis-com\/\"}]}<\/script>\n<!-- \/ Yoast SEO plugin. -->","yoast_head_json":{"title":"PRISI\u00d3N PREVENTIVA PARA LOS TRES IMPUTADOS POR EL HOMICIDIO DE JES\u00daS MU\u00d1OZ - Apuntes de San Luis","robots":{"index":"index","follow":"follow","max-snippet":"max-snippet:-1","max-image-preview":"max-image-preview:large","max-video-preview":"max-video-preview:-1"},"canonical":"https:\/\/apuntesdesanluis.com\/index.php\/2024\/03\/07\/prision-preventiva-para-los-tres-imputados-por-el-homicidio-de-jesus-munoz\/","og_locale":"es_ES","og_type":"article","og_title":"PRISI\u00d3N PREVENTIVA PARA LOS TRES IMPUTADOS POR EL HOMICIDIO DE JES\u00daS MU\u00d1OZ - Apuntes de San Luis","og_description":"En la ma\u00f1ana de este jueves, vencida la pr\u00f3rroga de detenci\u00f3n de las tres personas...","og_url":"https:\/\/apuntesdesanluis.com\/index.php\/2024\/03\/07\/prision-preventiva-para-los-tres-imputados-por-el-homicidio-de-jesus-munoz\/","og_site_name":"Apuntes de San Luis","article_published_time":"2024-03-07T23:53:42+00:00","og_image":[{"width":554,"height":329,"url":"https:\/\/apuntesdesanluis.com\/wp-content\/uploads\/2024\/03\/caso-munoz.png","type":"image\/png"}],"author":"apuntesdesanluis.com","twitter_card":"summary_large_image","twitter_misc":{"Escrito por":"apuntesdesanluis.com","Tiempo de lectura":"4 minutos"},"schema":{"@context":"https:\/\/schema.org","@graph":[{"@type":"Article","@id":"https:\/\/apuntesdesanluis.com\/index.php\/2024\/03\/07\/prision-preventiva-para-los-tres-imputados-por-el-homicidio-de-jesus-munoz\/#article","isPartOf":{"@id":"https:\/\/apuntesdesanluis.com\/index.php\/2024\/03\/07\/prision-preventiva-para-los-tres-imputados-por-el-homicidio-de-jesus-munoz\/"},"author":{"name":"apuntesdesanluis.com","@id":"https:\/\/apuntesdesanluis.com\/#\/schema\/person\/b55151d52296fcce64d1a72538a70b90"},"headline":"PRISI\u00d3N PREVENTIVA PARA LOS TRES IMPUTADOS POR EL HOMICIDIO DE JES\u00daS MU\u00d1OZ","datePublished":"2024-03-07T23:53:42+00:00","mainEntityOfPage":{"@id":"https:\/\/apuntesdesanluis.com\/index.php\/2024\/03\/07\/prision-preventiva-para-los-tres-imputados-por-el-homicidio-de-jesus-munoz\/"},"wordCount":688,"publisher":{"@id":"https:\/\/apuntesdesanluis.com\/#\/schema\/person\/b55151d52296fcce64d1a72538a70b90"},"image":{"@id":"https:\/\/apuntesdesanluis.com\/index.php\/2024\/03\/07\/prision-preventiva-para-los-tres-imputados-por-el-homicidio-de-jesus-munoz\/#primaryimage"},"thumbnailUrl":"https:\/\/apuntesdesanluis.com\/wp-content\/uploads\/2024\/03\/caso-munoz.png","articleSection":["Ciudad\/Provincia"],"inLanguage":"es-AR"},{"@type":"WebPage","@id":"https:\/\/apuntesdesanluis.com\/index.php\/2024\/03\/07\/prision-preventiva-para-los-tres-imputados-por-el-homicidio-de-jesus-munoz\/","url":"https:\/\/apuntesdesanluis.com\/index.php\/2024\/03\/07\/prision-preventiva-para-los-tres-imputados-por-el-homicidio-de-jesus-munoz\/","name":"PRISI\u00d3N PREVENTIVA PARA LOS TRES IMPUTADOS POR EL HOMICIDIO DE JES\u00daS MU\u00d1OZ - Apuntes de San Luis","isPartOf":{"@id":"https:\/\/apuntesdesanluis.com\/#website"},"primaryImageOfPage":{"@id":"https:\/\/apuntesdesanluis.com\/index.php\/2024\/03\/07\/prision-preventiva-para-los-tres-imputados-por-el-homicidio-de-jesus-munoz\/#primaryimage"},"image":{"@id":"https:\/\/apuntesdesanluis.com\/index.php\/2024\/03\/07\/prision-preventiva-para-los-tres-imputados-por-el-homicidio-de-jesus-munoz\/#primaryimage"},"thumbnailUrl":"https:\/\/apuntesdesanluis.com\/wp-content\/uploads\/2024\/03\/caso-munoz.png","datePublished":"2024-03-07T23:53:42+00:00","breadcrumb":{"@id":"https:\/\/apuntesdesanluis.com\/index.php\/2024\/03\/07\/prision-preventiva-para-los-tres-imputados-por-el-homicidio-de-jesus-munoz\/#breadcrumb"},"inLanguage":"es-AR","potentialAction":[{"@type":"ReadAction","target":["https:\/\/apuntesdesanluis.com\/index.php\/2024\/03\/07\/prision-preventiva-para-los-tres-imputados-por-el-homicidio-de-jesus-munoz\/"]}]},{"@type":"ImageObject","inLanguage":"es-AR","@id":"https:\/\/apuntesdesanluis.com\/index.php\/2024\/03\/07\/prision-preventiva-para-los-tres-imputados-por-el-homicidio-de-jesus-munoz\/#primaryimage","url":"https:\/\/apuntesdesanluis.com\/wp-content\/uploads\/2024\/03\/caso-munoz.png","contentUrl":"https:\/\/apuntesdesanluis.com\/wp-content\/uploads\/2024\/03\/caso-munoz.png","width":554,"height":329},{"@type":"BreadcrumbList","@id":"https:\/\/apuntesdesanluis.com\/index.php\/2024\/03\/07\/prision-preventiva-para-los-tres-imputados-por-el-homicidio-de-jesus-munoz\/#breadcrumb","itemListElement":[{"@type":"ListItem","position":1,"name":"Inicio","item":"https:\/\/apuntesdesanluis.com\/"},{"@type":"ListItem","position":2,"name":"PRISI\u00d3N PREVENTIVA PARA LOS TRES IMPUTADOS POR EL HOMICIDIO DE JES\u00daS MU\u00d1OZ"}]},{"@type":"WebSite","@id":"https:\/\/apuntesdesanluis.com\/#website","url":"https:\/\/apuntesdesanluis.com\/","name":"Apuntes de San Luis","description":"","publisher":{"@id":"https:\/\/apuntesdesanluis.com\/#\/schema\/person\/b55151d52296fcce64d1a72538a70b90"},"potentialAction":[{"@type":"SearchAction","target":{"@type":"EntryPoint","urlTemplate":"https:\/\/apuntesdesanluis.com\/?s={search_term_string}"},"query-input":{"@type":"PropertyValueSpecification","valueRequired":true,"valueName":"search_term_string"}}],"inLanguage":"es-AR"},{"@type":["Person","Organization"],"@id":"https:\/\/apuntesdesanluis.com\/#\/schema\/person\/b55151d52296fcce64d1a72538a70b90","name":"apuntesdesanluis.com","image":{"@type":"ImageObject","inLanguage":"es-AR","@id":"https:\/\/apuntesdesanluis.com\/#\/schema\/person\/image\/","url":"https:\/\/apuntesdesanluis.com\/wp-content\/uploads\/2023\/07\/cropped-apuntesdesanluis.png","contentUrl":"https:\/\/apuntesdesanluis.com\/wp-content\/uploads\/2023\/07\/cropped-apuntesdesanluis.png","width":450,"height":112,"caption":"apuntesdesanluis.com"},"logo":{"@id":"https:\/\/apuntesdesanluis.com\/#\/schema\/person\/image\/"},"sameAs":["https:\/\/apuntesdesanluis.com"],"url":"https:\/\/apuntesdesanluis.com\/index.php\/author\/apuntesdesanluis-com\/"}]}},"featured_image_urls":{"full":["https:\/\/apuntesdesanluis.com\/wp-content\/uploads\/2024\/03\/caso-munoz.png",554,329,false],"thumbnail":["https:\/\/apuntesdesanluis.com\/wp-content\/uploads\/2024\/03\/caso-munoz-150x150.png",150,150,true],"medium":["https:\/\/apuntesdesanluis.com\/wp-content\/uploads\/2024\/03\/caso-munoz-300x178.png",300,178,true],"medium_large":["https:\/\/apuntesdesanluis.com\/wp-content\/uploads\/2024\/03\/caso-munoz.png",554,329,false],"large":["https:\/\/apuntesdesanluis.com\/wp-content\/uploads\/2024\/03\/caso-munoz.png",554,329,false],"1536x1536":["https:\/\/apuntesdesanluis.com\/wp-content\/uploads\/2024\/03\/caso-munoz.png",554,329,false],"2048x2048":["https:\/\/apuntesdesanluis.com\/wp-content\/uploads\/2024\/03\/caso-munoz.png",554,329,false],"newsever-slider-full":["https:\/\/apuntesdesanluis.com\/wp-content\/uploads\/2024\/03\/caso-munoz.png",554,329,false],"newsever-featured":["https:\/\/apuntesdesanluis.com\/wp-content\/uploads\/2024\/03\/caso-munoz.png",554,329,false],"newsever-medium":["https:\/\/apuntesdesanluis.com\/wp-content\/uploads\/2024\/03\/caso-munoz.png",554,329,false]},"author_info":{"display_name":"apuntesdesanluis.com","author_link":"https:\/\/apuntesdesanluis.com\/index.php\/author\/apuntesdesanluis-com\/"},"category_info":"<a href=\"https:\/\/apuntesdesanluis.com\/index.php\/category\/ciudad-provincia\/\" rel=\"category tag\">Ciudad\/Provincia<\/a>","tag_info":"Ciudad\/Provincia","comment_count":"0","_links":{"self":[{"href":"https:\/\/apuntesdesanluis.com\/index.php\/wp-json\/wp\/v2\/posts\/12831","targetHints":{"allow":["GET"]}}],"collection":[{"href":"https:\/\/apuntesdesanluis.com\/index.php\/wp-json\/wp\/v2\/posts"}],"about":[{"href":"https:\/\/apuntesdesanluis.com\/index.php\/wp-json\/wp\/v2\/types\/post"}],"author":[{"embeddable":true,"href":"https:\/\/apuntesdesanluis.com\/index.php\/wp-json\/wp\/v2\/users\/1"}],"replies":[{"embeddable":true,"href":"https:\/\/apuntesdesanluis.com\/index.php\/wp-json\/wp\/v2\/comments?post=12831"}],"version-history":[{"count":1,"href":"https:\/\/apuntesdesanluis.com\/index.php\/wp-json\/wp\/v2\/posts\/12831\/revisions"}],"predecessor-version":[{"id":12834,"href":"https:\/\/apuntesdesanluis.com\/index.php\/wp-json\/wp\/v2\/posts\/12831\/revisions\/12834"}],"wp:featuredmedia":[{"embeddable":true,"href":"https:\/\/apuntesdesanluis.com\/index.php\/wp-json\/wp\/v2\/media\/12832"}],"wp:attachment":[{"href":"https:\/\/apuntesdesanluis.com\/index.php\/wp-json\/wp\/v2\/media?parent=12831"}],"wp:term":[{"taxonomy":"category","embeddable":true,"href":"https:\/\/apuntesdesanluis.com\/index.php\/wp-json\/wp\/v2\/categories?post=12831"},{"taxonomy":"post_tag","embeddable":true,"href":"https:\/\/apuntesdesanluis.com\/index.php\/wp-json\/wp\/v2\/tags?post=12831"}],"curies":[{"name":"wp","href":"https:\/\/api.w.org\/{rel}","templated":true}]}}