{"id":12835,"date":"2024-03-07T21:10:25","date_gmt":"2024-03-08T00:10:25","guid":{"rendered":"https:\/\/apuntesdesanluis.com\/?p=12835"},"modified":"2024-03-07T21:10:25","modified_gmt":"2024-03-08T00:10:25","slug":"la-upro-le-cedio-en-comodato-una-parte-de-sus-instalaciones-a-la-unvime","status":"publish","type":"post","link":"https:\/\/apuntesdesanluis.com\/index.php\/2024\/03\/07\/la-upro-le-cedio-en-comodato-una-parte-de-sus-instalaciones-a-la-unvime\/","title":{"rendered":"LA UPRO LE CEDI\u00d3 EN COMODATO UNA PARTE DE SUS INSTALACIONES A LA UNVIME"},"content":{"rendered":"<h3>La <strong>Universidad Provincial de Oficios<\/strong> y la <strong>Universidad Nacional de Villa Mercedes<\/strong> llegaron a un acuerdo para conformar lo que el rector de la primera, Rudy C\u00e1mera, llam\u00f3 \u201cuna sociedad acad\u00e9mica\u201d, con el gobernador <strong>Claudio Poggi<\/strong> como garante del pacto. Es un beneficio que abarca a 1.300 estudiantes, 200 docentes y 100 no docentes. \u201cAc\u00e1 estamos todos los que tenemos que estar\u201d, dijo el mandatario.<\/h3>\n<p><img fetchpriority=\"high\" decoding=\"async\" class=\"wp-image-12837 aligncenter\" src=\"https:\/\/apuntesdesanluis.com\/wp-content\/uploads\/2024\/03\/poggi-discurso-300x174.png\" alt=\"\" width=\"588\" height=\"341\" srcset=\"https:\/\/apuntesdesanluis.com\/wp-content\/uploads\/2024\/03\/poggi-discurso-300x174.png 300w, https:\/\/apuntesdesanluis.com\/wp-content\/uploads\/2024\/03\/poggi-discurso.png 600w\" sizes=\"(max-width: 588px) 100vw, 588px\" \/><\/p>\n<h3>Los grandes universidades, muy apreciadas por los sanluise\u00f1os, se estrecharon la mano a trav\u00e9s de un convenio por el cual la <strong>Universidad Provincial de Oficios<\/strong> (UPrO) le cedi\u00f3 un edificio, ubicado en Garc\u00eda Lorca y Juan Llerena, barrio Los Poetas, a la <strong>Universidad Nacional de Villa Mercedes<\/strong> (UNViMe), que afronta graves problemas de espacio para contener a la gran cantidad de estudiantes que tiene. El mediador para el acuerdo fue el gobernador Claudio Poggi, quien particip\u00f3 del acto y se mostr\u00f3 tan feliz como ambos rectores.<\/h3>\n<h3>De las cuatro escuelas de la Universidad Nacional de Villa Mercedes, una funciona en Justo Daract, es la de Ciencias Sociales y Educaci\u00f3n. La escuela de Salud funciona en General Paz 575, uno de los sectores de la exEscuela Normal. Y al edificio cedido por la UPrO vendr\u00e1n otras dos escuelas: Gesti\u00f3n de Empresas y Econom\u00eda e Ingenier\u00eda y Ciencias Ambientales.Estas dos escuelas tienen a su vez varias carreras que van a tener concentrado todo su dictado en el barrio Los Poetas. Si llegan a conseguir m\u00e1s espacio, proyectan tambi\u00e9n el desembarco de la licenciatura en Obstetricia, teniendo en cuenta la posibilidad luego de que puedan realizar sus pr\u00e1cticas los estudiantes en la Maternidad que est\u00e1 justo enfrente.<\/h3>\n<h3>El rector de la UPrO, <strong>Rudy C\u00e1mera<\/strong>, asegur\u00f3 que es un d\u00eda muy importante para esa casa de estudios y tambi\u00e9n para la UNViMe: \u201cLo que estamos formando ac\u00e1 es una sociedad acad\u00e9mica. Es lo que debemos entender quienes conducimos instituciones educativas y m\u00e1s que nada universitarias, dar una mano entre las altas casas de estudios de la ciudad es lo que importa porque los \u00fanicos beneficiados son los alumnos, los que eligen la educaci\u00f3n como camino para poder salir adelante\u201d.<\/h3>\n<h3><img decoding=\"async\" class=\"wp-image-12838 aligncenter\" src=\"https:\/\/apuntesdesanluis.com\/wp-content\/uploads\/2024\/03\/rector-1-300x204.png\" alt=\"\" width=\"587\" height=\"399\" srcset=\"https:\/\/apuntesdesanluis.com\/wp-content\/uploads\/2024\/03\/rector-1-300x204.png 300w, https:\/\/apuntesdesanluis.com\/wp-content\/uploads\/2024\/03\/rector-1.png 630w\" sizes=\"(max-width: 587px) 100vw, 587px\" \/><\/h3>\n<h3>C\u00e1mera quiso agradecer en primer lugar, \u201cel gesto del gobernador Claudio Poggi, quien escuch\u00f3 la necesidad de la UNViMe. La UPRO, en tanto, se va a acomodar a lo que tiene, a pesar de contar con un 30% m\u00e1s de inscriptos respecto del a\u00f1o pasado. Nos vamos a quedar con la sede original que inaugur\u00f3 Poggi all\u00e1 por el 2015. Es hacer un esfuerzo entre todos para dar una mano y que la UNViMe pueda empezar a consolidar su respuesta educativa en un mismo edificio, cuando hoy est\u00e1 en diferentes unidades acad\u00e9micas por toda la ciudad. As\u00ed tendr\u00e1 una convivencia de universidad m\u00e1s sana y real\u201d.<\/h3>\n<h3>Sobre el comodato, C\u00e1mera aclar\u00f3 que \u201ces una cesi\u00f3n completa del edificio para la UNViMe, mientras la UPrO podr\u00e1 compartir el edificio en el caso de que lo necesite, podr\u00eda ser una sala de conferencias, un aula, un horario en particular, lo arreglaremos en conjunto con el rector Marcelo Sosa. Hay que trabajar en conjunto, como deber\u00edamos trabajar todas las instituciones siempre\u201d, cerr\u00f3.<\/h3>\n<h3><img decoding=\"async\" class=\"wp-image-12839 aligncenter\" src=\"https:\/\/apuntesdesanluis.com\/wp-content\/uploads\/2024\/03\/sosa-300x206.png\" alt=\"\" width=\"596\" height=\"409\" srcset=\"https:\/\/apuntesdesanluis.com\/wp-content\/uploads\/2024\/03\/sosa-300x206.png 300w, https:\/\/apuntesdesanluis.com\/wp-content\/uploads\/2024\/03\/sosa.png 600w\" sizes=\"(max-width: 596px) 100vw, 596px\" \/><\/h3>\n<h3><strong>Marcelo Sosa<\/strong>, el rector de la UNViMe, tambi\u00e9n consider\u00f3 a este jueves como \u201cun d\u00eda fundamental, hist\u00f3rico para la universidad, y estamos felices de ser parte de este crecimiento gracias a la generosidad del Gobernador. Con esta cesi\u00f3n no se beneficia el rector, se benefician 1.300 chicos, 200 docentes y 100 no docentes, entonces yo creo que es una inversi\u00f3n para el pueblo de San Luis y para la ciudad de Villa Mercedes. Nuestro coraz\u00f3n rebosa de alegr\u00eda. Con esto resolvemos la mitad de los problemas edilicios de la Universidad, porque se vienen dos facultades con 14 carreras\u201d.<\/h3>\n<h3>Resalt\u00f3 el gesto del gobernador cuando lo visit\u00f3 en diciembre pasado en su despacho, quien conocedor del problema de la universidad por la carencia de aulas propias, le ofreci\u00f3 generosamente el uso de esta sede ubicada en la intersecci\u00f3n de calles Juan Llerena y Garc\u00eda Lorca, en el barrio Los Poetas.<\/h3>\n<p><img loading=\"lazy\" decoding=\"async\" class=\"wp-image-12840 aligncenter\" src=\"https:\/\/apuntesdesanluis.com\/wp-content\/uploads\/2024\/03\/abrazo-275x300.png\" alt=\"\" width=\"597\" height=\"651\" srcset=\"https:\/\/apuntesdesanluis.com\/wp-content\/uploads\/2024\/03\/abrazo-275x300.png 275w, https:\/\/apuntesdesanluis.com\/wp-content\/uploads\/2024\/03\/abrazo.png 442w\" sizes=\"(max-width: 597px) 100vw, 597px\" \/><\/p>\n<h3>Tambi\u00e9n destac\u00f3, a modo anecd\u00f3tico, el gesto de un trabajador nodocente de la UNViMe, quien pas\u00f3 la noche en el edificio, con el objeto de \u201ccuidarlo de cualquier da\u00f1o, robo o vandalismo. Qu\u00e9dese tranquilo gobernador, nosotros lo vamos a cuidar y cuando lo entreguemos estar\u00e1 a\u00fan mejor\u201d, se comprometi\u00f3.<\/h3>\n<h3>\u201cEstamos felices, muy felices de estar tomando posesi\u00f3n de estas hermosas instalaciones, para que nuestros docentes, nodocentes y estudiantes est\u00e9n m\u00e1s c\u00f3modos y trabajen mejor. Esto es gracias a ustedes y les reitero todo mi agradecimiento\u201d, concluy\u00f3.<\/h3>\n<h3><strong>POGGI<\/strong><\/h3>\n<h3>&#8220;En momentos dif\u00edciles, en los cuales hablamos de c\u00f3mo llegamos para comer, c\u00f3mo conseguimos un trabajo, c\u00f3mo accedemos a una vivienda, c\u00f3mo nos atendemos con la salud, que nos faltan medicamentos, que no llegan porque son importados, c\u00f3mo pagamos el transporte, tantos temas\u2026 y de la educaci\u00f3n hablamos poco. Y la verdad que el camino es la educaci\u00f3n, es lo que nos va a permitir salir de la postergaci\u00f3n\u201d, arranc\u00f3 su discurso el Mandatario, quien agreg\u00f3 que \u201cpor eso hoy es un d\u00eda muy feliz para la UNViMe y para la provincia de San Luis. Hace 11 a\u00f1os, en 2013, cuando empezaba a dar los primeros pasos en la UNViMe, su interventora me vino a ver, yo era Gobernador en ese momento. Ya ten\u00eda una problem\u00e1tica parecida, ella no ten\u00eda ni d\u00f3nde radicar el rectorado, y no hab\u00eda ni oficinas para la estructura fundacional. R\u00e1pidamente decidimos ceder el Centro C\u00edvico. Hasta hicimos una obra, creo que se pag\u00f3 a medias entre la Provincia y la Universidad. As\u00ed empezaron a funcionar con una casa semi propia. Ahora, 11 a\u00f1os despu\u00e9s, se repite algo parecido\u201d.<\/h3>\n<p><img loading=\"lazy\" decoding=\"async\" class=\"wp-image-12841 aligncenter\" src=\"https:\/\/apuntesdesanluis.com\/wp-content\/uploads\/2024\/03\/poggi-1-300x254.png\" alt=\"\" width=\"578\" height=\"489\" srcset=\"https:\/\/apuntesdesanluis.com\/wp-content\/uploads\/2024\/03\/poggi-1-300x254.png 300w, https:\/\/apuntesdesanluis.com\/wp-content\/uploads\/2024\/03\/poggi-1.png 634w\" sizes=\"(max-width: 578px) 100vw, 578px\" \/><\/p>\n<h3>\u201cAhora confluyen dos cosas. Rudy C\u00e1mera, el rector de la UPrO, me cont\u00f3 que ten\u00edan en marcha este edificio nuevo. Mientras tanto Marcelo Sosa, el rector de la UNViMe, me puso al tanto de los problemas de espacio, rebotando ac\u00e1 y all\u00e1. Entonces le dije a Rudi, \u2018\u00bfte pod\u00e9s arreglar con el edificio de origen?\u2019 Como me dijo que s\u00ed, r\u00e1pidamente decidimos ceder en comodato este edificio a la UNViMe. El mensaje es que el camino es la educaci\u00f3n, y que todos quienes tenemos responsabilidades p\u00fablicas de decisi\u00f3n, independientemente del origen pol\u00edtico, tenemos que hacerlo para todos y en armon\u00eda, siempre mirando el bien com\u00fan\u201d, agreg\u00f3 Poggi, quien prometi\u00f3 \u201cvenir a visitar la UNViMe cuando est\u00e9 dando clases, llena de j\u00f3venes y docentes interactuando en esta nave enorme. Les deseo un buen comienzo del ciclo lectivo\u201d.<\/h3>\n<p>&nbsp;<\/p>\n<p>&nbsp;<\/p>\n","protected":false},"excerpt":{"rendered":"<p>La Universidad Provincial de Oficios y la Universidad Nacional de Villa Mercedes llegaron a un&#8230;<\/p>\n","protected":false},"author":1,"featured_media":12836,"comment_status":"closed","ping_status":"closed","sticky":false,"template":"","format":"standard","meta":{"footnotes":""},"categories":[6],"tags":[],"class_list":["post-12835","post","type-post","status-publish","format-standard","has-post-thumbnail","hentry","category-ciudad-provincia"],"yoast_head":"<!-- This site is optimized with the Yoast SEO plugin v26.1.1 - https:\/\/yoast.com\/wordpress\/plugins\/seo\/ -->\n<title>LA UPRO LE CEDI\u00d3 EN COMODATO UNA PARTE DE SUS INSTALACIONES A LA UNVIME - Apuntes de San Luis<\/title>\n<meta name=\"robots\" content=\"index, follow, max-snippet:-1, max-image-preview:large, max-video-preview:-1\" \/>\n<link rel=\"canonical\" href=\"https:\/\/apuntesdesanluis.com\/index.php\/2024\/03\/07\/la-upro-le-cedio-en-comodato-una-parte-de-sus-instalaciones-a-la-unvime\/\" \/>\n<meta property=\"og:locale\" content=\"es_ES\" \/>\n<meta property=\"og:type\" content=\"article\" \/>\n<meta property=\"og:title\" content=\"LA UPRO LE CEDI\u00d3 EN COMODATO UNA PARTE DE SUS INSTALACIONES A LA UNVIME - Apuntes de San Luis\" \/>\n<meta property=\"og:description\" content=\"La Universidad Provincial de Oficios y la Universidad Nacional de Villa Mercedes llegaron a un...\" \/>\n<meta property=\"og:url\" content=\"https:\/\/apuntesdesanluis.com\/index.php\/2024\/03\/07\/la-upro-le-cedio-en-comodato-una-parte-de-sus-instalaciones-a-la-unvime\/\" \/>\n<meta property=\"og:site_name\" content=\"Apuntes de San Luis\" \/>\n<meta property=\"article:published_time\" content=\"2024-03-08T00:10:25+00:00\" \/>\n<meta property=\"og:image\" content=\"https:\/\/apuntesdesanluis.com\/wp-content\/uploads\/2024\/03\/funcionarios-grupal.png\" \/>\n\t<meta property=\"og:image:width\" content=\"625\" \/>\n\t<meta property=\"og:image:height\" content=\"371\" \/>\n\t<meta property=\"og:image:type\" content=\"image\/png\" \/>\n<meta name=\"author\" content=\"apuntesdesanluis.com\" \/>\n<meta name=\"twitter:card\" content=\"summary_large_image\" \/>\n<meta name=\"twitter:label1\" content=\"Escrito por\" \/>\n\t<meta name=\"twitter:data1\" content=\"apuntesdesanluis.com\" \/>\n\t<meta name=\"twitter:label2\" content=\"Tiempo de lectura\" \/>\n\t<meta name=\"twitter:data2\" content=\"6 minutos\" \/>\n<script type=\"application\/ld+json\" class=\"yoast-schema-graph\">{\"@context\":\"https:\/\/schema.org\",\"@graph\":[{\"@type\":\"Article\",\"@id\":\"https:\/\/apuntesdesanluis.com\/index.php\/2024\/03\/07\/la-upro-le-cedio-en-comodato-una-parte-de-sus-instalaciones-a-la-unvime\/#article\",\"isPartOf\":{\"@id\":\"https:\/\/apuntesdesanluis.com\/index.php\/2024\/03\/07\/la-upro-le-cedio-en-comodato-una-parte-de-sus-instalaciones-a-la-unvime\/\"},\"author\":{\"name\":\"apuntesdesanluis.com\",\"@id\":\"https:\/\/apuntesdesanluis.com\/#\/schema\/person\/b55151d52296fcce64d1a72538a70b90\"},\"headline\":\"LA UPRO LE CEDI\u00d3 EN COMODATO UNA PARTE DE SUS INSTALACIONES A LA UNVIME\",\"datePublished\":\"2024-03-08T00:10:25+00:00\",\"mainEntityOfPage\":{\"@id\":\"https:\/\/apuntesdesanluis.com\/index.php\/2024\/03\/07\/la-upro-le-cedio-en-comodato-una-parte-de-sus-instalaciones-a-la-unvime\/\"},\"wordCount\":1155,\"publisher\":{\"@id\":\"https:\/\/apuntesdesanluis.com\/#\/schema\/person\/b55151d52296fcce64d1a72538a70b90\"},\"image\":{\"@id\":\"https:\/\/apuntesdesanluis.com\/index.php\/2024\/03\/07\/la-upro-le-cedio-en-comodato-una-parte-de-sus-instalaciones-a-la-unvime\/#primaryimage\"},\"thumbnailUrl\":\"https:\/\/apuntesdesanluis.com\/wp-content\/uploads\/2024\/03\/funcionarios-grupal.png\",\"articleSection\":[\"Ciudad\/Provincia\"],\"inLanguage\":\"es-AR\"},{\"@type\":\"WebPage\",\"@id\":\"https:\/\/apuntesdesanluis.com\/index.php\/2024\/03\/07\/la-upro-le-cedio-en-comodato-una-parte-de-sus-instalaciones-a-la-unvime\/\",\"url\":\"https:\/\/apuntesdesanluis.com\/index.php\/2024\/03\/07\/la-upro-le-cedio-en-comodato-una-parte-de-sus-instalaciones-a-la-unvime\/\",\"name\":\"LA UPRO LE CEDI\u00d3 EN COMODATO UNA PARTE DE SUS INSTALACIONES A LA UNVIME - Apuntes de San Luis\",\"isPartOf\":{\"@id\":\"https:\/\/apuntesdesanluis.com\/#website\"},\"primaryImageOfPage\":{\"@id\":\"https:\/\/apuntesdesanluis.com\/index.php\/2024\/03\/07\/la-upro-le-cedio-en-comodato-una-parte-de-sus-instalaciones-a-la-unvime\/#primaryimage\"},\"image\":{\"@id\":\"https:\/\/apuntesdesanluis.com\/index.php\/2024\/03\/07\/la-upro-le-cedio-en-comodato-una-parte-de-sus-instalaciones-a-la-unvime\/#primaryimage\"},\"thumbnailUrl\":\"https:\/\/apuntesdesanluis.com\/wp-content\/uploads\/2024\/03\/funcionarios-grupal.png\",\"datePublished\":\"2024-03-08T00:10:25+00:00\",\"breadcrumb\":{\"@id\":\"https:\/\/apuntesdesanluis.com\/index.php\/2024\/03\/07\/la-upro-le-cedio-en-comodato-una-parte-de-sus-instalaciones-a-la-unvime\/#breadcrumb\"},\"inLanguage\":\"es-AR\",\"potentialAction\":[{\"@type\":\"ReadAction\",\"target\":[\"https:\/\/apuntesdesanluis.com\/index.php\/2024\/03\/07\/la-upro-le-cedio-en-comodato-una-parte-de-sus-instalaciones-a-la-unvime\/\"]}]},{\"@type\":\"ImageObject\",\"inLanguage\":\"es-AR\",\"@id\":\"https:\/\/apuntesdesanluis.com\/index.php\/2024\/03\/07\/la-upro-le-cedio-en-comodato-una-parte-de-sus-instalaciones-a-la-unvime\/#primaryimage\",\"url\":\"https:\/\/apuntesdesanluis.com\/wp-content\/uploads\/2024\/03\/funcionarios-grupal.png\",\"contentUrl\":\"https:\/\/apuntesdesanluis.com\/wp-content\/uploads\/2024\/03\/funcionarios-grupal.png\",\"width\":625,\"height\":371},{\"@type\":\"BreadcrumbList\",\"@id\":\"https:\/\/apuntesdesanluis.com\/index.php\/2024\/03\/07\/la-upro-le-cedio-en-comodato-una-parte-de-sus-instalaciones-a-la-unvime\/#breadcrumb\",\"itemListElement\":[{\"@type\":\"ListItem\",\"position\":1,\"name\":\"Inicio\",\"item\":\"https:\/\/apuntesdesanluis.com\/\"},{\"@type\":\"ListItem\",\"position\":2,\"name\":\"LA UPRO LE CEDI\u00d3 EN COMODATO UNA PARTE DE SUS INSTALACIONES A LA UNVIME\"}]},{\"@type\":\"WebSite\",\"@id\":\"https:\/\/apuntesdesanluis.com\/#website\",\"url\":\"https:\/\/apuntesdesanluis.com\/\",\"name\":\"Apuntes de San Luis\",\"description\":\"\",\"publisher\":{\"@id\":\"https:\/\/apuntesdesanluis.com\/#\/schema\/person\/b55151d52296fcce64d1a72538a70b90\"},\"potentialAction\":[{\"@type\":\"SearchAction\",\"target\":{\"@type\":\"EntryPoint\",\"urlTemplate\":\"https:\/\/apuntesdesanluis.com\/?s={search_term_string}\"},\"query-input\":{\"@type\":\"PropertyValueSpecification\",\"valueRequired\":true,\"valueName\":\"search_term_string\"}}],\"inLanguage\":\"es-AR\"},{\"@type\":[\"Person\",\"Organization\"],\"@id\":\"https:\/\/apuntesdesanluis.com\/#\/schema\/person\/b55151d52296fcce64d1a72538a70b90\",\"name\":\"apuntesdesanluis.com\",\"image\":{\"@type\":\"ImageObject\",\"inLanguage\":\"es-AR\",\"@id\":\"https:\/\/apuntesdesanluis.com\/#\/schema\/person\/image\/\",\"url\":\"https:\/\/apuntesdesanluis.com\/wp-content\/uploads\/2023\/07\/cropped-apuntesdesanluis.png\",\"contentUrl\":\"https:\/\/apuntesdesanluis.com\/wp-content\/uploads\/2023\/07\/cropped-apuntesdesanluis.png\",\"width\":450,\"height\":112,\"caption\":\"apuntesdesanluis.com\"},\"logo\":{\"@id\":\"https:\/\/apuntesdesanluis.com\/#\/schema\/person\/image\/\"},\"sameAs\":[\"https:\/\/apuntesdesanluis.com\"],\"url\":\"https:\/\/apuntesdesanluis.com\/index.php\/author\/apuntesdesanluis-com\/\"}]}<\/script>\n<!-- \/ Yoast SEO plugin. -->","yoast_head_json":{"title":"LA UPRO LE CEDI\u00d3 EN COMODATO UNA PARTE DE SUS INSTALACIONES A LA UNVIME - Apuntes de San Luis","robots":{"index":"index","follow":"follow","max-snippet":"max-snippet:-1","max-image-preview":"max-image-preview:large","max-video-preview":"max-video-preview:-1"},"canonical":"https:\/\/apuntesdesanluis.com\/index.php\/2024\/03\/07\/la-upro-le-cedio-en-comodato-una-parte-de-sus-instalaciones-a-la-unvime\/","og_locale":"es_ES","og_type":"article","og_title":"LA UPRO LE CEDI\u00d3 EN COMODATO UNA PARTE DE SUS INSTALACIONES A LA UNVIME - Apuntes de San Luis","og_description":"La Universidad Provincial de Oficios y la Universidad Nacional de Villa Mercedes llegaron a un...","og_url":"https:\/\/apuntesdesanluis.com\/index.php\/2024\/03\/07\/la-upro-le-cedio-en-comodato-una-parte-de-sus-instalaciones-a-la-unvime\/","og_site_name":"Apuntes de San Luis","article_published_time":"2024-03-08T00:10:25+00:00","og_image":[{"width":625,"height":371,"url":"https:\/\/apuntesdesanluis.com\/wp-content\/uploads\/2024\/03\/funcionarios-grupal.png","type":"image\/png"}],"author":"apuntesdesanluis.com","twitter_card":"summary_large_image","twitter_misc":{"Escrito por":"apuntesdesanluis.com","Tiempo de lectura":"6 minutos"},"schema":{"@context":"https:\/\/schema.org","@graph":[{"@type":"Article","@id":"https:\/\/apuntesdesanluis.com\/index.php\/2024\/03\/07\/la-upro-le-cedio-en-comodato-una-parte-de-sus-instalaciones-a-la-unvime\/#article","isPartOf":{"@id":"https:\/\/apuntesdesanluis.com\/index.php\/2024\/03\/07\/la-upro-le-cedio-en-comodato-una-parte-de-sus-instalaciones-a-la-unvime\/"},"author":{"name":"apuntesdesanluis.com","@id":"https:\/\/apuntesdesanluis.com\/#\/schema\/person\/b55151d52296fcce64d1a72538a70b90"},"headline":"LA UPRO LE CEDI\u00d3 EN COMODATO UNA PARTE DE SUS INSTALACIONES A LA UNVIME","datePublished":"2024-03-08T00:10:25+00:00","mainEntityOfPage":{"@id":"https:\/\/apuntesdesanluis.com\/index.php\/2024\/03\/07\/la-upro-le-cedio-en-comodato-una-parte-de-sus-instalaciones-a-la-unvime\/"},"wordCount":1155,"publisher":{"@id":"https:\/\/apuntesdesanluis.com\/#\/schema\/person\/b55151d52296fcce64d1a72538a70b90"},"image":{"@id":"https:\/\/apuntesdesanluis.com\/index.php\/2024\/03\/07\/la-upro-le-cedio-en-comodato-una-parte-de-sus-instalaciones-a-la-unvime\/#primaryimage"},"thumbnailUrl":"https:\/\/apuntesdesanluis.com\/wp-content\/uploads\/2024\/03\/funcionarios-grupal.png","articleSection":["Ciudad\/Provincia"],"inLanguage":"es-AR"},{"@type":"WebPage","@id":"https:\/\/apuntesdesanluis.com\/index.php\/2024\/03\/07\/la-upro-le-cedio-en-comodato-una-parte-de-sus-instalaciones-a-la-unvime\/","url":"https:\/\/apuntesdesanluis.com\/index.php\/2024\/03\/07\/la-upro-le-cedio-en-comodato-una-parte-de-sus-instalaciones-a-la-unvime\/","name":"LA UPRO LE CEDI\u00d3 EN COMODATO UNA PARTE DE SUS INSTALACIONES A LA UNVIME - Apuntes de San Luis","isPartOf":{"@id":"https:\/\/apuntesdesanluis.com\/#website"},"primaryImageOfPage":{"@id":"https:\/\/apuntesdesanluis.com\/index.php\/2024\/03\/07\/la-upro-le-cedio-en-comodato-una-parte-de-sus-instalaciones-a-la-unvime\/#primaryimage"},"image":{"@id":"https:\/\/apuntesdesanluis.com\/index.php\/2024\/03\/07\/la-upro-le-cedio-en-comodato-una-parte-de-sus-instalaciones-a-la-unvime\/#primaryimage"},"thumbnailUrl":"https:\/\/apuntesdesanluis.com\/wp-content\/uploads\/2024\/03\/funcionarios-grupal.png","datePublished":"2024-03-08T00:10:25+00:00","breadcrumb":{"@id":"https:\/\/apuntesdesanluis.com\/index.php\/2024\/03\/07\/la-upro-le-cedio-en-comodato-una-parte-de-sus-instalaciones-a-la-unvime\/#breadcrumb"},"inLanguage":"es-AR","potentialAction":[{"@type":"ReadAction","target":["https:\/\/apuntesdesanluis.com\/index.php\/2024\/03\/07\/la-upro-le-cedio-en-comodato-una-parte-de-sus-instalaciones-a-la-unvime\/"]}]},{"@type":"ImageObject","inLanguage":"es-AR","@id":"https:\/\/apuntesdesanluis.com\/index.php\/2024\/03\/07\/la-upro-le-cedio-en-comodato-una-parte-de-sus-instalaciones-a-la-unvime\/#primaryimage","url":"https:\/\/apuntesdesanluis.com\/wp-content\/uploads\/2024\/03\/funcionarios-grupal.png","contentUrl":"https:\/\/apuntesdesanluis.com\/wp-content\/uploads\/2024\/03\/funcionarios-grupal.png","width":625,"height":371},{"@type":"BreadcrumbList","@id":"https:\/\/apuntesdesanluis.com\/index.php\/2024\/03\/07\/la-upro-le-cedio-en-comodato-una-parte-de-sus-instalaciones-a-la-unvime\/#breadcrumb","itemListElement":[{"@type":"ListItem","position":1,"name":"Inicio","item":"https:\/\/apuntesdesanluis.com\/"},{"@type":"ListItem","position":2,"name":"LA UPRO LE CEDI\u00d3 EN COMODATO UNA PARTE DE SUS INSTALACIONES A LA UNVIME"}]},{"@type":"WebSite","@id":"https:\/\/apuntesdesanluis.com\/#website","url":"https:\/\/apuntesdesanluis.com\/","name":"Apuntes de San Luis","description":"","publisher":{"@id":"https:\/\/apuntesdesanluis.com\/#\/schema\/person\/b55151d52296fcce64d1a72538a70b90"},"potentialAction":[{"@type":"SearchAction","target":{"@type":"EntryPoint","urlTemplate":"https:\/\/apuntesdesanluis.com\/?s={search_term_string}"},"query-input":{"@type":"PropertyValueSpecification","valueRequired":true,"valueName":"search_term_string"}}],"inLanguage":"es-AR"},{"@type":["Person","Organization"],"@id":"https:\/\/apuntesdesanluis.com\/#\/schema\/person\/b55151d52296fcce64d1a72538a70b90","name":"apuntesdesanluis.com","image":{"@type":"ImageObject","inLanguage":"es-AR","@id":"https:\/\/apuntesdesanluis.com\/#\/schema\/person\/image\/","url":"https:\/\/apuntesdesanluis.com\/wp-content\/uploads\/2023\/07\/cropped-apuntesdesanluis.png","contentUrl":"https:\/\/apuntesdesanluis.com\/wp-content\/uploads\/2023\/07\/cropped-apuntesdesanluis.png","width":450,"height":112,"caption":"apuntesdesanluis.com"},"logo":{"@id":"https:\/\/apuntesdesanluis.com\/#\/schema\/person\/image\/"},"sameAs":["https:\/\/apuntesdesanluis.com"],"url":"https:\/\/apuntesdesanluis.com\/index.php\/author\/apuntesdesanluis-com\/"}]}},"featured_image_urls":{"full":["https:\/\/apuntesdesanluis.com\/wp-content\/uploads\/2024\/03\/funcionarios-grupal.png",625,371,false],"thumbnail":["https:\/\/apuntesdesanluis.com\/wp-content\/uploads\/2024\/03\/funcionarios-grupal-150x150.png",150,150,true],"medium":["https:\/\/apuntesdesanluis.com\/wp-content\/uploads\/2024\/03\/funcionarios-grupal-300x178.png",300,178,true],"medium_large":["https:\/\/apuntesdesanluis.com\/wp-content\/uploads\/2024\/03\/funcionarios-grupal.png",625,371,false],"large":["https:\/\/apuntesdesanluis.com\/wp-content\/uploads\/2024\/03\/funcionarios-grupal.png",625,371,false],"1536x1536":["https:\/\/apuntesdesanluis.com\/wp-content\/uploads\/2024\/03\/funcionarios-grupal.png",625,371,false],"2048x2048":["https:\/\/apuntesdesanluis.com\/wp-content\/uploads\/2024\/03\/funcionarios-grupal.png",625,371,false],"newsever-slider-full":["https:\/\/apuntesdesanluis.com\/wp-content\/uploads\/2024\/03\/funcionarios-grupal.png",625,371,false],"newsever-featured":["https:\/\/apuntesdesanluis.com\/wp-content\/uploads\/2024\/03\/funcionarios-grupal.png",625,371,false],"newsever-medium":["https:\/\/apuntesdesanluis.com\/wp-content\/uploads\/2024\/03\/funcionarios-grupal.png",625,371,false]},"author_info":{"display_name":"apuntesdesanluis.com","author_link":"https:\/\/apuntesdesanluis.com\/index.php\/author\/apuntesdesanluis-com\/"},"category_info":"<a href=\"https:\/\/apuntesdesanluis.com\/index.php\/category\/ciudad-provincia\/\" rel=\"category tag\">Ciudad\/Provincia<\/a>","tag_info":"Ciudad\/Provincia","comment_count":"0","_links":{"self":[{"href":"https:\/\/apuntesdesanluis.com\/index.php\/wp-json\/wp\/v2\/posts\/12835","targetHints":{"allow":["GET"]}}],"collection":[{"href":"https:\/\/apuntesdesanluis.com\/index.php\/wp-json\/wp\/v2\/posts"}],"about":[{"href":"https:\/\/apuntesdesanluis.com\/index.php\/wp-json\/wp\/v2\/types\/post"}],"author":[{"embeddable":true,"href":"https:\/\/apuntesdesanluis.com\/index.php\/wp-json\/wp\/v2\/users\/1"}],"replies":[{"embeddable":true,"href":"https:\/\/apuntesdesanluis.com\/index.php\/wp-json\/wp\/v2\/comments?post=12835"}],"version-history":[{"count":1,"href":"https:\/\/apuntesdesanluis.com\/index.php\/wp-json\/wp\/v2\/posts\/12835\/revisions"}],"predecessor-version":[{"id":12842,"href":"https:\/\/apuntesdesanluis.com\/index.php\/wp-json\/wp\/v2\/posts\/12835\/revisions\/12842"}],"wp:featuredmedia":[{"embeddable":true,"href":"https:\/\/apuntesdesanluis.com\/index.php\/wp-json\/wp\/v2\/media\/12836"}],"wp:attachment":[{"href":"https:\/\/apuntesdesanluis.com\/index.php\/wp-json\/wp\/v2\/media?parent=12835"}],"wp:term":[{"taxonomy":"category","embeddable":true,"href":"https:\/\/apuntesdesanluis.com\/index.php\/wp-json\/wp\/v2\/categories?post=12835"},{"taxonomy":"post_tag","embeddable":true,"href":"https:\/\/apuntesdesanluis.com\/index.php\/wp-json\/wp\/v2\/tags?post=12835"}],"curies":[{"name":"wp","href":"https:\/\/api.w.org\/{rel}","templated":true}]}}