{"id":12843,"date":"2024-03-07T21:16:05","date_gmt":"2024-03-08T00:16:05","guid":{"rendered":"https:\/\/apuntesdesanluis.com\/?p=12843"},"modified":"2024-03-07T21:26:32","modified_gmt":"2024-03-08T00:26:32","slug":"velez-separo-del-plantel-a-los-cuatro-futbolistas-denunciados-por-abuso-sexual","status":"publish","type":"post","link":"https:\/\/apuntesdesanluis.com\/index.php\/2024\/03\/07\/velez-separo-del-plantel-a-los-cuatro-futbolistas-denunciados-por-abuso-sexual\/","title":{"rendered":"V\u00c9LEZ SEPAR\u00d3 DEL PLANTEL A LOS CUATRO FUTBOLISTAS DENUNCIADOS POR ABUSO SEXUAL"},"content":{"rendered":"<h3>V\u00e9lez anunci\u00f3 hoy que separ\u00f3 del plantel a <strong>Sebasti\u00e1n Sosa, Braian Cufr\u00e9, Abiel Osorio y Jos\u00e9 Ignacio Florent\u00edn<\/strong> por la activaci\u00f3n de su protocolo de actuaci\u00f3n por violencia de g\u00e9nero, luego de que se conociera la denuncia por abuso sexual por parte de una periodista.<\/h3>\n<h3>\u201cEl <strong>Club Atl\u00e9tico V\u00e9lez Sarsfield<\/strong> ha tomado conocimiento de la denuncia por abuso sexual realizada en la UNIDAD FISCAL DE DELITOS CONTRA LA INTEGRIDAD SEXUAL I de la Provincia de Tucum\u00e1n con fecha 6 de marzo del presente a\u00f1o, en la que est\u00e1n involucrados cuatro jugadores de nuestro plantel profesional\u201d, comenz\u00f3 el comunicado la entidad.<\/h3>\n<h3>Y agreg\u00f3: \u201cAnte la gravedad de la denuncia, la Comisi\u00f3n Directiva del Club Atl\u00e9tico V\u00e9lez Sarsfield se puso inmediatamente a disposici\u00f3n de la Justicia de Tucum\u00e1n para aportar toda la informaci\u00f3n y los elementos relevantes para poder contribuir a la investigaci\u00f3n y esclarecimiento del caso y determinar las responsabilidades correspondientes\u201d.<\/h3>\n<h3>\u201cAsimismo, en el marco del protocolo de actuaci\u00f3n en casos de violencia por motivos de g\u00e9nero de la Instituci\u00f3n, se informa que se ha decidido separar de manera preventiva del plantel profesional a los jugadores mencionados en la denuncia, Sebasti\u00e1n Sosa, Braian Cufr\u00e9, Abiel Osorio y Jos\u00e9 Ignacio Florent\u00edn\u201d, remarc\u00f3 la entidad.<\/h3>\n<h3>Posteriormente, el club advirti\u00f3 que estar\u00e1 a disposici\u00f3n de la Justicia y de la denunciante, quien tiene 24 a\u00f1os y dijo que fue invitada al hotel donde se hospedaba la delegaci\u00f3n y que fue abusada en la habitaci\u00f3n &#8220;sin ning\u00fan consentimiento&#8221; por los cuatro futbolistas.<\/h3>\n<h3>De acuerdo a la denunciada, el hecho ocurri\u00f3 el s\u00e1bado pasado luego del encuentro entre V\u00e9lez y Atl\u00e9tico Tucum\u00e1n. Alrededor de las 22, recibi\u00f3 la invitaci\u00f3n a trav\u00e9s de Instagram por parte del arquero Sosa para que se presente en el Hotel Hilton, donde se concentraba el equipo de Liniers.<\/h3>\n<h3>Seg\u00fan lo expuesto por la periodista, ella acept\u00f3 y fue al lugar donde lleg\u00f3 a las 00.40 aproximadamente del 3 de marzo.<\/h3>\n<h3>Cuando subi\u00f3 a la habitaci\u00f3n, donde ya la estaba esperando Sosa, al ingresar observ\u00f3 que tambi\u00e9n se encontraban los jugadores Cufr\u00e9, Osorio y Florent\u00edn, con los cuales comparti\u00f3 unas latas de cerveza, luego fernet y, despu\u00e9s de tomar unos tragos, comenz\u00f3 a sentirse muy mareada, seg\u00fan denunci\u00f3 la presunta victima.<\/h3>\n<h3>&#8220;Fue entonces que, sin ning\u00fan consentimiento, la abusaron sexualmente. Posteriormente, a las 05.30 aproximadamente, cuando se sinti\u00f3 un poco mejor, logr\u00f3 pedir un Uber y se retir\u00f3 a su domicilio&#8221;, dice la denuncia.<\/h3>\n<p>&nbsp;<\/p>\n<p>&nbsp;<\/p>\n<p>&nbsp;<\/p>\n<p>&nbsp;<\/p>\n<p>&nbsp;<\/p>\n<p>&nbsp;<\/p>\n","protected":false},"excerpt":{"rendered":"<p>V\u00e9lez anunci\u00f3 hoy que separ\u00f3 del plantel a Sebasti\u00e1n Sosa, Braian Cufr\u00e9, Abiel Osorio y&#8230;<\/p>\n","protected":false},"author":1,"featured_media":12844,"comment_status":"closed","ping_status":"closed","sticky":false,"template":"","format":"standard","meta":{"footnotes":""},"categories":[5],"tags":[],"class_list":["post-12843","post","type-post","status-publish","format-standard","has-post-thumbnail","hentry","category-nacionales-internacionales"],"yoast_head":"<!-- This site is optimized with the Yoast SEO plugin v26.1.1 - https:\/\/yoast.com\/wordpress\/plugins\/seo\/ -->\n<title>V\u00c9LEZ SEPAR\u00d3 DEL PLANTEL A LOS CUATRO FUTBOLISTAS DENUNCIADOS POR ABUSO SEXUAL - Apuntes de San Luis<\/title>\n<meta name=\"robots\" content=\"index, follow, max-snippet:-1, max-image-preview:large, max-video-preview:-1\" \/>\n<link rel=\"canonical\" href=\"https:\/\/apuntesdesanluis.com\/index.php\/2024\/03\/07\/velez-separo-del-plantel-a-los-cuatro-futbolistas-denunciados-por-abuso-sexual\/\" \/>\n<meta property=\"og:locale\" content=\"es_ES\" \/>\n<meta property=\"og:type\" content=\"article\" \/>\n<meta property=\"og:title\" content=\"V\u00c9LEZ SEPAR\u00d3 DEL PLANTEL A LOS CUATRO FUTBOLISTAS DENUNCIADOS POR ABUSO SEXUAL - Apuntes de San Luis\" \/>\n<meta property=\"og:description\" content=\"V\u00e9lez anunci\u00f3 hoy que separ\u00f3 del plantel a Sebasti\u00e1n Sosa, Braian Cufr\u00e9, Abiel Osorio y...\" \/>\n<meta property=\"og:url\" content=\"https:\/\/apuntesdesanluis.com\/index.php\/2024\/03\/07\/velez-separo-del-plantel-a-los-cuatro-futbolistas-denunciados-por-abuso-sexual\/\" \/>\n<meta property=\"og:site_name\" content=\"Apuntes de San Luis\" \/>\n<meta property=\"article:published_time\" content=\"2024-03-08T00:16:05+00:00\" \/>\n<meta property=\"article:modified_time\" content=\"2024-03-08T00:26:32+00:00\" \/>\n<meta property=\"og:image\" content=\"https:\/\/apuntesdesanluis.com\/wp-content\/uploads\/2024\/03\/cuatro-jugadores.png\" \/>\n\t<meta property=\"og:image:width\" content=\"778\" \/>\n\t<meta property=\"og:image:height\" content=\"432\" \/>\n\t<meta property=\"og:image:type\" content=\"image\/png\" \/>\n<meta name=\"author\" content=\"apuntesdesanluis.com\" \/>\n<meta name=\"twitter:card\" content=\"summary_large_image\" \/>\n<meta name=\"twitter:label1\" content=\"Escrito por\" \/>\n\t<meta name=\"twitter:data1\" content=\"apuntesdesanluis.com\" \/>\n\t<meta name=\"twitter:label2\" content=\"Tiempo de lectura\" \/>\n\t<meta name=\"twitter:data2\" content=\"2 minutos\" \/>\n<script type=\"application\/ld+json\" class=\"yoast-schema-graph\">{\"@context\":\"https:\/\/schema.org\",\"@graph\":[{\"@type\":\"Article\",\"@id\":\"https:\/\/apuntesdesanluis.com\/index.php\/2024\/03\/07\/velez-separo-del-plantel-a-los-cuatro-futbolistas-denunciados-por-abuso-sexual\/#article\",\"isPartOf\":{\"@id\":\"https:\/\/apuntesdesanluis.com\/index.php\/2024\/03\/07\/velez-separo-del-plantel-a-los-cuatro-futbolistas-denunciados-por-abuso-sexual\/\"},\"author\":{\"name\":\"apuntesdesanluis.com\",\"@id\":\"https:\/\/apuntesdesanluis.com\/#\/schema\/person\/b55151d52296fcce64d1a72538a70b90\"},\"headline\":\"V\u00c9LEZ SEPAR\u00d3 DEL PLANTEL A LOS CUATRO FUTBOLISTAS DENUNCIADOS POR ABUSO SEXUAL\",\"datePublished\":\"2024-03-08T00:16:05+00:00\",\"dateModified\":\"2024-03-08T00:26:32+00:00\",\"mainEntityOfPage\":{\"@id\":\"https:\/\/apuntesdesanluis.com\/index.php\/2024\/03\/07\/velez-separo-del-plantel-a-los-cuatro-futbolistas-denunciados-por-abuso-sexual\/\"},\"wordCount\":456,\"publisher\":{\"@id\":\"https:\/\/apuntesdesanluis.com\/#\/schema\/person\/b55151d52296fcce64d1a72538a70b90\"},\"image\":{\"@id\":\"https:\/\/apuntesdesanluis.com\/index.php\/2024\/03\/07\/velez-separo-del-plantel-a-los-cuatro-futbolistas-denunciados-por-abuso-sexual\/#primaryimage\"},\"thumbnailUrl\":\"https:\/\/apuntesdesanluis.com\/wp-content\/uploads\/2024\/03\/cuatro-jugadores.png\",\"articleSection\":[\"Nacionales\/Internacionales\"],\"inLanguage\":\"es-AR\"},{\"@type\":\"WebPage\",\"@id\":\"https:\/\/apuntesdesanluis.com\/index.php\/2024\/03\/07\/velez-separo-del-plantel-a-los-cuatro-futbolistas-denunciados-por-abuso-sexual\/\",\"url\":\"https:\/\/apuntesdesanluis.com\/index.php\/2024\/03\/07\/velez-separo-del-plantel-a-los-cuatro-futbolistas-denunciados-por-abuso-sexual\/\",\"name\":\"V\u00c9LEZ SEPAR\u00d3 DEL PLANTEL A LOS CUATRO FUTBOLISTAS DENUNCIADOS POR ABUSO SEXUAL - Apuntes de San Luis\",\"isPartOf\":{\"@id\":\"https:\/\/apuntesdesanluis.com\/#website\"},\"primaryImageOfPage\":{\"@id\":\"https:\/\/apuntesdesanluis.com\/index.php\/2024\/03\/07\/velez-separo-del-plantel-a-los-cuatro-futbolistas-denunciados-por-abuso-sexual\/#primaryimage\"},\"image\":{\"@id\":\"https:\/\/apuntesdesanluis.com\/index.php\/2024\/03\/07\/velez-separo-del-plantel-a-los-cuatro-futbolistas-denunciados-por-abuso-sexual\/#primaryimage\"},\"thumbnailUrl\":\"https:\/\/apuntesdesanluis.com\/wp-content\/uploads\/2024\/03\/cuatro-jugadores.png\",\"datePublished\":\"2024-03-08T00:16:05+00:00\",\"dateModified\":\"2024-03-08T00:26:32+00:00\",\"breadcrumb\":{\"@id\":\"https:\/\/apuntesdesanluis.com\/index.php\/2024\/03\/07\/velez-separo-del-plantel-a-los-cuatro-futbolistas-denunciados-por-abuso-sexual\/#breadcrumb\"},\"inLanguage\":\"es-AR\",\"potentialAction\":[{\"@type\":\"ReadAction\",\"target\":[\"https:\/\/apuntesdesanluis.com\/index.php\/2024\/03\/07\/velez-separo-del-plantel-a-los-cuatro-futbolistas-denunciados-por-abuso-sexual\/\"]}]},{\"@type\":\"ImageObject\",\"inLanguage\":\"es-AR\",\"@id\":\"https:\/\/apuntesdesanluis.com\/index.php\/2024\/03\/07\/velez-separo-del-plantel-a-los-cuatro-futbolistas-denunciados-por-abuso-sexual\/#primaryimage\",\"url\":\"https:\/\/apuntesdesanluis.com\/wp-content\/uploads\/2024\/03\/cuatro-jugadores.png\",\"contentUrl\":\"https:\/\/apuntesdesanluis.com\/wp-content\/uploads\/2024\/03\/cuatro-jugadores.png\",\"width\":778,\"height\":432},{\"@type\":\"BreadcrumbList\",\"@id\":\"https:\/\/apuntesdesanluis.com\/index.php\/2024\/03\/07\/velez-separo-del-plantel-a-los-cuatro-futbolistas-denunciados-por-abuso-sexual\/#breadcrumb\",\"itemListElement\":[{\"@type\":\"ListItem\",\"position\":1,\"name\":\"Inicio\",\"item\":\"https:\/\/apuntesdesanluis.com\/\"},{\"@type\":\"ListItem\",\"position\":2,\"name\":\"V\u00c9LEZ SEPAR\u00d3 DEL PLANTEL A LOS CUATRO FUTBOLISTAS DENUNCIADOS POR ABUSO SEXUAL\"}]},{\"@type\":\"WebSite\",\"@id\":\"https:\/\/apuntesdesanluis.com\/#website\",\"url\":\"https:\/\/apuntesdesanluis.com\/\",\"name\":\"Apuntes de San Luis\",\"description\":\"\",\"publisher\":{\"@id\":\"https:\/\/apuntesdesanluis.com\/#\/schema\/person\/b55151d52296fcce64d1a72538a70b90\"},\"potentialAction\":[{\"@type\":\"SearchAction\",\"target\":{\"@type\":\"EntryPoint\",\"urlTemplate\":\"https:\/\/apuntesdesanluis.com\/?s={search_term_string}\"},\"query-input\":{\"@type\":\"PropertyValueSpecification\",\"valueRequired\":true,\"valueName\":\"search_term_string\"}}],\"inLanguage\":\"es-AR\"},{\"@type\":[\"Person\",\"Organization\"],\"@id\":\"https:\/\/apuntesdesanluis.com\/#\/schema\/person\/b55151d52296fcce64d1a72538a70b90\",\"name\":\"apuntesdesanluis.com\",\"image\":{\"@type\":\"ImageObject\",\"inLanguage\":\"es-AR\",\"@id\":\"https:\/\/apuntesdesanluis.com\/#\/schema\/person\/image\/\",\"url\":\"https:\/\/apuntesdesanluis.com\/wp-content\/uploads\/2023\/07\/cropped-apuntesdesanluis.png\",\"contentUrl\":\"https:\/\/apuntesdesanluis.com\/wp-content\/uploads\/2023\/07\/cropped-apuntesdesanluis.png\",\"width\":450,\"height\":112,\"caption\":\"apuntesdesanluis.com\"},\"logo\":{\"@id\":\"https:\/\/apuntesdesanluis.com\/#\/schema\/person\/image\/\"},\"sameAs\":[\"https:\/\/apuntesdesanluis.com\"],\"url\":\"https:\/\/apuntesdesanluis.com\/index.php\/author\/apuntesdesanluis-com\/\"}]}<\/script>\n<!-- \/ Yoast SEO plugin. -->","yoast_head_json":{"title":"V\u00c9LEZ SEPAR\u00d3 DEL PLANTEL A LOS CUATRO FUTBOLISTAS DENUNCIADOS POR ABUSO SEXUAL - Apuntes de San Luis","robots":{"index":"index","follow":"follow","max-snippet":"max-snippet:-1","max-image-preview":"max-image-preview:large","max-video-preview":"max-video-preview:-1"},"canonical":"https:\/\/apuntesdesanluis.com\/index.php\/2024\/03\/07\/velez-separo-del-plantel-a-los-cuatro-futbolistas-denunciados-por-abuso-sexual\/","og_locale":"es_ES","og_type":"article","og_title":"V\u00c9LEZ SEPAR\u00d3 DEL PLANTEL A LOS CUATRO FUTBOLISTAS DENUNCIADOS POR ABUSO SEXUAL - Apuntes de San Luis","og_description":"V\u00e9lez anunci\u00f3 hoy que separ\u00f3 del plantel a Sebasti\u00e1n Sosa, Braian Cufr\u00e9, Abiel Osorio y...","og_url":"https:\/\/apuntesdesanluis.com\/index.php\/2024\/03\/07\/velez-separo-del-plantel-a-los-cuatro-futbolistas-denunciados-por-abuso-sexual\/","og_site_name":"Apuntes de San Luis","article_published_time":"2024-03-08T00:16:05+00:00","article_modified_time":"2024-03-08T00:26:32+00:00","og_image":[{"width":778,"height":432,"url":"https:\/\/apuntesdesanluis.com\/wp-content\/uploads\/2024\/03\/cuatro-jugadores.png","type":"image\/png"}],"author":"apuntesdesanluis.com","twitter_card":"summary_large_image","twitter_misc":{"Escrito por":"apuntesdesanluis.com","Tiempo de lectura":"2 minutos"},"schema":{"@context":"https:\/\/schema.org","@graph":[{"@type":"Article","@id":"https:\/\/apuntesdesanluis.com\/index.php\/2024\/03\/07\/velez-separo-del-plantel-a-los-cuatro-futbolistas-denunciados-por-abuso-sexual\/#article","isPartOf":{"@id":"https:\/\/apuntesdesanluis.com\/index.php\/2024\/03\/07\/velez-separo-del-plantel-a-los-cuatro-futbolistas-denunciados-por-abuso-sexual\/"},"author":{"name":"apuntesdesanluis.com","@id":"https:\/\/apuntesdesanluis.com\/#\/schema\/person\/b55151d52296fcce64d1a72538a70b90"},"headline":"V\u00c9LEZ SEPAR\u00d3 DEL PLANTEL A LOS CUATRO FUTBOLISTAS DENUNCIADOS POR ABUSO SEXUAL","datePublished":"2024-03-08T00:16:05+00:00","dateModified":"2024-03-08T00:26:32+00:00","mainEntityOfPage":{"@id":"https:\/\/apuntesdesanluis.com\/index.php\/2024\/03\/07\/velez-separo-del-plantel-a-los-cuatro-futbolistas-denunciados-por-abuso-sexual\/"},"wordCount":456,"publisher":{"@id":"https:\/\/apuntesdesanluis.com\/#\/schema\/person\/b55151d52296fcce64d1a72538a70b90"},"image":{"@id":"https:\/\/apuntesdesanluis.com\/index.php\/2024\/03\/07\/velez-separo-del-plantel-a-los-cuatro-futbolistas-denunciados-por-abuso-sexual\/#primaryimage"},"thumbnailUrl":"https:\/\/apuntesdesanluis.com\/wp-content\/uploads\/2024\/03\/cuatro-jugadores.png","articleSection":["Nacionales\/Internacionales"],"inLanguage":"es-AR"},{"@type":"WebPage","@id":"https:\/\/apuntesdesanluis.com\/index.php\/2024\/03\/07\/velez-separo-del-plantel-a-los-cuatro-futbolistas-denunciados-por-abuso-sexual\/","url":"https:\/\/apuntesdesanluis.com\/index.php\/2024\/03\/07\/velez-separo-del-plantel-a-los-cuatro-futbolistas-denunciados-por-abuso-sexual\/","name":"V\u00c9LEZ SEPAR\u00d3 DEL PLANTEL A LOS CUATRO FUTBOLISTAS DENUNCIADOS POR ABUSO SEXUAL - Apuntes de San Luis","isPartOf":{"@id":"https:\/\/apuntesdesanluis.com\/#website"},"primaryImageOfPage":{"@id":"https:\/\/apuntesdesanluis.com\/index.php\/2024\/03\/07\/velez-separo-del-plantel-a-los-cuatro-futbolistas-denunciados-por-abuso-sexual\/#primaryimage"},"image":{"@id":"https:\/\/apuntesdesanluis.com\/index.php\/2024\/03\/07\/velez-separo-del-plantel-a-los-cuatro-futbolistas-denunciados-por-abuso-sexual\/#primaryimage"},"thumbnailUrl":"https:\/\/apuntesdesanluis.com\/wp-content\/uploads\/2024\/03\/cuatro-jugadores.png","datePublished":"2024-03-08T00:16:05+00:00","dateModified":"2024-03-08T00:26:32+00:00","breadcrumb":{"@id":"https:\/\/apuntesdesanluis.com\/index.php\/2024\/03\/07\/velez-separo-del-plantel-a-los-cuatro-futbolistas-denunciados-por-abuso-sexual\/#breadcrumb"},"inLanguage":"es-AR","potentialAction":[{"@type":"ReadAction","target":["https:\/\/apuntesdesanluis.com\/index.php\/2024\/03\/07\/velez-separo-del-plantel-a-los-cuatro-futbolistas-denunciados-por-abuso-sexual\/"]}]},{"@type":"ImageObject","inLanguage":"es-AR","@id":"https:\/\/apuntesdesanluis.com\/index.php\/2024\/03\/07\/velez-separo-del-plantel-a-los-cuatro-futbolistas-denunciados-por-abuso-sexual\/#primaryimage","url":"https:\/\/apuntesdesanluis.com\/wp-content\/uploads\/2024\/03\/cuatro-jugadores.png","contentUrl":"https:\/\/apuntesdesanluis.com\/wp-content\/uploads\/2024\/03\/cuatro-jugadores.png","width":778,"height":432},{"@type":"BreadcrumbList","@id":"https:\/\/apuntesdesanluis.com\/index.php\/2024\/03\/07\/velez-separo-del-plantel-a-los-cuatro-futbolistas-denunciados-por-abuso-sexual\/#breadcrumb","itemListElement":[{"@type":"ListItem","position":1,"name":"Inicio","item":"https:\/\/apuntesdesanluis.com\/"},{"@type":"ListItem","position":2,"name":"V\u00c9LEZ SEPAR\u00d3 DEL PLANTEL A LOS CUATRO FUTBOLISTAS DENUNCIADOS POR ABUSO SEXUAL"}]},{"@type":"WebSite","@id":"https:\/\/apuntesdesanluis.com\/#website","url":"https:\/\/apuntesdesanluis.com\/","name":"Apuntes de San Luis","description":"","publisher":{"@id":"https:\/\/apuntesdesanluis.com\/#\/schema\/person\/b55151d52296fcce64d1a72538a70b90"},"potentialAction":[{"@type":"SearchAction","target":{"@type":"EntryPoint","urlTemplate":"https:\/\/apuntesdesanluis.com\/?s={search_term_string}"},"query-input":{"@type":"PropertyValueSpecification","valueRequired":true,"valueName":"search_term_string"}}],"inLanguage":"es-AR"},{"@type":["Person","Organization"],"@id":"https:\/\/apuntesdesanluis.com\/#\/schema\/person\/b55151d52296fcce64d1a72538a70b90","name":"apuntesdesanluis.com","image":{"@type":"ImageObject","inLanguage":"es-AR","@id":"https:\/\/apuntesdesanluis.com\/#\/schema\/person\/image\/","url":"https:\/\/apuntesdesanluis.com\/wp-content\/uploads\/2023\/07\/cropped-apuntesdesanluis.png","contentUrl":"https:\/\/apuntesdesanluis.com\/wp-content\/uploads\/2023\/07\/cropped-apuntesdesanluis.png","width":450,"height":112,"caption":"apuntesdesanluis.com"},"logo":{"@id":"https:\/\/apuntesdesanluis.com\/#\/schema\/person\/image\/"},"sameAs":["https:\/\/apuntesdesanluis.com"],"url":"https:\/\/apuntesdesanluis.com\/index.php\/author\/apuntesdesanluis-com\/"}]}},"featured_image_urls":{"full":["https:\/\/apuntesdesanluis.com\/wp-content\/uploads\/2024\/03\/cuatro-jugadores.png",778,432,false],"thumbnail":["https:\/\/apuntesdesanluis.com\/wp-content\/uploads\/2024\/03\/cuatro-jugadores-150x150.png",150,150,true],"medium":["https:\/\/apuntesdesanluis.com\/wp-content\/uploads\/2024\/03\/cuatro-jugadores-300x167.png",300,167,true],"medium_large":["https:\/\/apuntesdesanluis.com\/wp-content\/uploads\/2024\/03\/cuatro-jugadores-768x426.png",640,355,true],"large":["https:\/\/apuntesdesanluis.com\/wp-content\/uploads\/2024\/03\/cuatro-jugadores.png",640,355,false],"1536x1536":["https:\/\/apuntesdesanluis.com\/wp-content\/uploads\/2024\/03\/cuatro-jugadores.png",778,432,false],"2048x2048":["https:\/\/apuntesdesanluis.com\/wp-content\/uploads\/2024\/03\/cuatro-jugadores.png",778,432,false],"newsever-slider-full":["https:\/\/apuntesdesanluis.com\/wp-content\/uploads\/2024\/03\/cuatro-jugadores.png",778,432,false],"newsever-featured":["https:\/\/apuntesdesanluis.com\/wp-content\/uploads\/2024\/03\/cuatro-jugadores.png",778,432,false],"newsever-medium":["https:\/\/apuntesdesanluis.com\/wp-content\/uploads\/2024\/03\/cuatro-jugadores-720x432.png",720,432,true]},"author_info":{"display_name":"apuntesdesanluis.com","author_link":"https:\/\/apuntesdesanluis.com\/index.php\/author\/apuntesdesanluis-com\/"},"category_info":"<a href=\"https:\/\/apuntesdesanluis.com\/index.php\/category\/nacionales-internacionales\/\" rel=\"category tag\">Nacionales\/Internacionales<\/a>","tag_info":"Nacionales\/Internacionales","comment_count":"0","_links":{"self":[{"href":"https:\/\/apuntesdesanluis.com\/index.php\/wp-json\/wp\/v2\/posts\/12843","targetHints":{"allow":["GET"]}}],"collection":[{"href":"https:\/\/apuntesdesanluis.com\/index.php\/wp-json\/wp\/v2\/posts"}],"about":[{"href":"https:\/\/apuntesdesanluis.com\/index.php\/wp-json\/wp\/v2\/types\/post"}],"author":[{"embeddable":true,"href":"https:\/\/apuntesdesanluis.com\/index.php\/wp-json\/wp\/v2\/users\/1"}],"replies":[{"embeddable":true,"href":"https:\/\/apuntesdesanluis.com\/index.php\/wp-json\/wp\/v2\/comments?post=12843"}],"version-history":[{"count":2,"href":"https:\/\/apuntesdesanluis.com\/index.php\/wp-json\/wp\/v2\/posts\/12843\/revisions"}],"predecessor-version":[{"id":12849,"href":"https:\/\/apuntesdesanluis.com\/index.php\/wp-json\/wp\/v2\/posts\/12843\/revisions\/12849"}],"wp:featuredmedia":[{"embeddable":true,"href":"https:\/\/apuntesdesanluis.com\/index.php\/wp-json\/wp\/v2\/media\/12844"}],"wp:attachment":[{"href":"https:\/\/apuntesdesanluis.com\/index.php\/wp-json\/wp\/v2\/media?parent=12843"}],"wp:term":[{"taxonomy":"category","embeddable":true,"href":"https:\/\/apuntesdesanluis.com\/index.php\/wp-json\/wp\/v2\/categories?post=12843"},{"taxonomy":"post_tag","embeddable":true,"href":"https:\/\/apuntesdesanluis.com\/index.php\/wp-json\/wp\/v2\/tags?post=12843"}],"curies":[{"name":"wp","href":"https:\/\/api.w.org\/{rel}","templated":true}]}}