{"id":12846,"date":"2024-03-07T21:23:14","date_gmt":"2024-03-08T00:23:14","guid":{"rendered":"https:\/\/apuntesdesanluis.com\/?p=12846"},"modified":"2024-03-07T21:23:14","modified_gmt":"2024-03-08T00:23:14","slug":"crimen-del-tatuador-preventiva-para-uno-y-domiciliaria-a-su-hermano-menor","status":"publish","type":"post","link":"https:\/\/apuntesdesanluis.com\/index.php\/2024\/03\/07\/crimen-del-tatuador-preventiva-para-uno-y-domiciliaria-a-su-hermano-menor\/","title":{"rendered":"CRIMEN DEL TATUADOR: PREVENTIVA PARA UNO Y DOMICILIARIA A SU HERMANO MENOR"},"content":{"rendered":"<h3><strong>Omar Becerra<\/strong> fue enviado este jueves al mediod\u00eda al Servicio Penitenciario Provincial, imputado por el homicidio de <strong>Cristian Esquivel<\/strong>. El juez subrogante del Juzgado de Garant\u00edas N\u00b0 4, Marcos Flores Leyes, dio por formulados los cargos contra el joven de 24 a\u00f1os y orden\u00f3 que cumpla prisi\u00f3n preventiva por 120 d\u00edas, que es tiempo que la Fiscal\u00eda solicit\u00f3 para culminar con la investigaci\u00f3n y poder llevarlo despu\u00e9s a juicio oral donde se va a determinar la culpabilidad o no del acusado.<\/h3>\n<h3>En la fundamentaci\u00f3n de la resoluci\u00f3n, el juez mencion\u00f3 que existen riesgos procesales en la causa que deben ser contemplados. \u201cLa defensa ha puesto en tela de juicio la calificaci\u00f3n legal como as\u00ed tambi\u00e9n ha demostrado que el imputado tendr\u00eda arraigo en la ciudad de San Luis, pero entiendo, como lo ha referenciado el Ministerio P\u00fablico Fiscal, hay un peligro de fuga que debe ser asegurado respecto a este proceso no solo por la calificaci\u00f3n, las especiales caracter\u00edsticas del hecho y la pena que se espera en expectativa, sino tambi\u00e9n en relaci\u00f3n al comportamiento del imputado. Asimismo, entiendo que el peligro de entorpecimiento de la investigaci\u00f3n se encuentra presente en esta causa\u201d, dijo Flores Leyes.<\/h3>\n<h3>Los integrantes del Ministerio P\u00fablico Fiscal a cargo de la causa, el fiscal de Instrucci\u00f3n N\u00b0 1 Francisco Assat y el fiscal adjunto, Juan D\u00edaz Estopi\u00f1\u00e1n, acusaron a Becerra y a su hermano menor de edad, como coautores de homicidio de criminis causa, delito que prev\u00e9 una pena de prisi\u00f3n perpetua.\u00a0 De acuerdo a la teor\u00eda del caso de los fiscales, los j\u00f3venes intentaron robarle al tatuador de 49 a\u00f1os y como no lo lograron por tener una resistencia por parte de la v\u00edctima, le dieron siete pu\u00f1aladas que le causaron la muerte.<\/h3>\n<h3>\u201cLa intencionalidad espec\u00edfica de esta modalidad exige que lo autores tengan un sentimiento, o mejor dicho un resentimiento, respecto del fracaso del delito intentado y que ese sentimiento motive el homicidio. Se exige una conexi\u00f3n impulsiva motivada por el fracaso. Los imputados intentaron sustraerle elementos al se\u00f1or Esquivel y al no poder hacerlo, le propinaron siete pu\u00f1aladas que le causaron la muerte por un shock hipovol\u00e9mico\u201d, explic\u00f3 Assat.<\/h3>\n<h3>El ataque a la v\u00edctima ocurri\u00f3 el 22 de febrero a la madrugada a pocos metros de su casa, ubicada sobre calle Riobamba al 900, frente a la Plazoleta de la Paz de la ciudad de San Luis y cay\u00f3 en la vereda norte de H\u00e9roes de Malvinas, al 500. Muri\u00f3 momentos despu\u00e9s, mientras m\u00e9dicos del Hospital \u201cRam\u00f3n Carrillo\u201d lo operaban para tratar de salvarle la vida.<\/h3>\n<h3>H\u00e9ctor Zavala, abogado de Becerra, dijo que los argumentos de la Fiscal\u00eda son endebles para solicitar la prisi\u00f3n preventiva y que su defendido no podr\u00eda influir en las pericias que faltan. \u201cTiene arraigo, trabajo, no ha salido nunca fuera de la ciudad. Si se hubiera querido fugar lo hubiese hecho antes. La v\u00edctima ten\u00eda todos sus bienes, no hubo intenci\u00f3n de robo y lo m\u00e1s probablemente es que todo haya sucedido como declar\u00f3 ayer mi defendido\u201d.<\/h3>\n<h3><strong>LA SITUACI\u00d3N DEL OTRO ACUSADO<\/strong><\/h3>\n<h3>En la audiencia de formulaci\u00f3n de cargos del s\u00e1bado pasado, la Fiscal\u00eda pidi\u00f3 para L.B., de 17 a\u00f1os, la prisi\u00f3n domiciliaria bajo supervisi\u00f3n de la justicia penal juvenil por el plazo de tres meses. Flores Leyes dio por formulados cargos contra el joven pero hizo lugar al planteo de incompatibilidad presentado por el Defensor Oficial de Ni\u00f1ez, Adolescencia e Incapaces N\u00b0 1, Sebasti\u00e1n Privitera, y orden\u00f3 poner a disposici\u00f3n del Juzgado Penal Juvenil todas las actuaciones para que realice una audiencia y decida sobre la situaci\u00f3n procesal del menor. Hasta tanto, el adolescente recuper\u00f3 su libertad.<\/h3>\n<h3>Como la jueza Daniela Benenati tambi\u00e9n se declar\u00f3 incompetente, la Fiscal\u00eda present\u00f3 una revocatoria con apelaci\u00f3n en subsidio. Es decir, en el caso de que la jueza no haga lugar al recurso presentado, el Ministerio P\u00fablico Fiscal solicita la elevaci\u00f3n de las actuaciones al Tribunal de Impugnaciones, quien deber\u00e1 decidir qu\u00e9 juez debe ser competente para resolver la situaci\u00f3n procesal del menor de edad.<\/h3>\n<h3>Este martes, Omar Becerra solicit\u00f3 declarar y dijo que el que hab\u00eda apu\u00f1alado a Esquivel hab\u00eda sido su hermano. Que esa noche llegaron hasta H\u00e9roes de Malvinas y Riobamba y que el tatuador y L.B. buscaron un lugar menos iluminado para hacer la operaci\u00f3n pero que a los pocos minutos comenzaron a discutir y su hermano se defendi\u00f3 con lo que \u00e9l cree que fue un cuchillo.<\/h3>\n<h3>Becerra a\u00f1adi\u00f3 que nunca anduvo por comisar\u00edas, que siempre trabaj\u00f3 y que jam\u00e1s \u201canduvo haciendo macanas\u201d, y que el hermano le hab\u00eda contado que con Esquivel se hab\u00edan reunido el 21 de febrero al mediod\u00eda en la zona del Hotel Dos Venados. All\u00ed presuntamente habr\u00edan organizado el encuentro horas m\u00e1s tarde, a pocos metros de la casa de Esquivel. \u201cNos juntamos en H\u00e9roes de Malvinas y Riobamba porque ah\u00ed es donde siempre limpia vidrios mi hermano\u201d, dijo el acusado. Cuando el fiscal de Instrucci\u00f3n N\u00b0 1 le pregunt\u00f3 sobre el cuchillo, Becerra dijo que no sabe \u201cporque mi hermano ya no lo ten\u00eda cuando llegamos a la casa de mi mam\u00e1\u201d.<\/h3>\n<p>&nbsp;<\/p>\n<p>&nbsp;<\/p>\n<p>&nbsp;<\/p>\n<p>&nbsp;<\/p>\n<p>&nbsp;<\/p>\n<p>&nbsp;<\/p>\n","protected":false},"excerpt":{"rendered":"<p>Omar Becerra fue enviado este jueves al mediod\u00eda al Servicio Penitenciario Provincial, imputado por el&#8230;<\/p>\n","protected":false},"author":1,"featured_media":12847,"comment_status":"closed","ping_status":"closed","sticky":false,"template":"","format":"standard","meta":{"footnotes":""},"categories":[6],"tags":[],"class_list":["post-12846","post","type-post","status-publish","format-standard","has-post-thumbnail","hentry","category-ciudad-provincia"],"yoast_head":"<!-- This site is optimized with the Yoast SEO plugin v26.1.1 - https:\/\/yoast.com\/wordpress\/plugins\/seo\/ -->\n<title>CRIMEN DEL TATUADOR: PREVENTIVA PARA UNO Y DOMICILIARIA A SU HERMANO MENOR - Apuntes de San Luis<\/title>\n<meta name=\"robots\" content=\"index, follow, max-snippet:-1, max-image-preview:large, max-video-preview:-1\" \/>\n<link rel=\"canonical\" href=\"https:\/\/apuntesdesanluis.com\/index.php\/2024\/03\/07\/crimen-del-tatuador-preventiva-para-uno-y-domiciliaria-a-su-hermano-menor\/\" \/>\n<meta property=\"og:locale\" content=\"es_ES\" \/>\n<meta property=\"og:type\" content=\"article\" \/>\n<meta property=\"og:title\" content=\"CRIMEN DEL TATUADOR: PREVENTIVA PARA UNO Y DOMICILIARIA A SU HERMANO MENOR - Apuntes de San Luis\" \/>\n<meta property=\"og:description\" content=\"Omar Becerra fue enviado este jueves al mediod\u00eda al Servicio Penitenciario Provincial, imputado por el...\" \/>\n<meta property=\"og:url\" content=\"https:\/\/apuntesdesanluis.com\/index.php\/2024\/03\/07\/crimen-del-tatuador-preventiva-para-uno-y-domiciliaria-a-su-hermano-menor\/\" \/>\n<meta property=\"og:site_name\" content=\"Apuntes de San Luis\" \/>\n<meta property=\"article:published_time\" content=\"2024-03-08T00:23:14+00:00\" \/>\n<meta property=\"og:image\" content=\"https:\/\/apuntesdesanluis.com\/wp-content\/uploads\/2024\/03\/CRIMEN-TATUADOR.png\" \/>\n\t<meta property=\"og:image:width\" content=\"600\" \/>\n\t<meta property=\"og:image:height\" content=\"346\" \/>\n\t<meta property=\"og:image:type\" content=\"image\/png\" \/>\n<meta name=\"author\" content=\"apuntesdesanluis.com\" \/>\n<meta name=\"twitter:card\" content=\"summary_large_image\" \/>\n<meta name=\"twitter:label1\" content=\"Escrito por\" \/>\n\t<meta name=\"twitter:data1\" content=\"apuntesdesanluis.com\" \/>\n\t<meta name=\"twitter:label2\" content=\"Tiempo de lectura\" \/>\n\t<meta name=\"twitter:data2\" content=\"4 minutos\" \/>\n<script type=\"application\/ld+json\" class=\"yoast-schema-graph\">{\"@context\":\"https:\/\/schema.org\",\"@graph\":[{\"@type\":\"Article\",\"@id\":\"https:\/\/apuntesdesanluis.com\/index.php\/2024\/03\/07\/crimen-del-tatuador-preventiva-para-uno-y-domiciliaria-a-su-hermano-menor\/#article\",\"isPartOf\":{\"@id\":\"https:\/\/apuntesdesanluis.com\/index.php\/2024\/03\/07\/crimen-del-tatuador-preventiva-para-uno-y-domiciliaria-a-su-hermano-menor\/\"},\"author\":{\"name\":\"apuntesdesanluis.com\",\"@id\":\"https:\/\/apuntesdesanluis.com\/#\/schema\/person\/b55151d52296fcce64d1a72538a70b90\"},\"headline\":\"CRIMEN DEL TATUADOR: PREVENTIVA PARA UNO Y DOMICILIARIA A SU HERMANO MENOR\",\"datePublished\":\"2024-03-08T00:23:14+00:00\",\"mainEntityOfPage\":{\"@id\":\"https:\/\/apuntesdesanluis.com\/index.php\/2024\/03\/07\/crimen-del-tatuador-preventiva-para-uno-y-domiciliaria-a-su-hermano-menor\/\"},\"wordCount\":931,\"publisher\":{\"@id\":\"https:\/\/apuntesdesanluis.com\/#\/schema\/person\/b55151d52296fcce64d1a72538a70b90\"},\"image\":{\"@id\":\"https:\/\/apuntesdesanluis.com\/index.php\/2024\/03\/07\/crimen-del-tatuador-preventiva-para-uno-y-domiciliaria-a-su-hermano-menor\/#primaryimage\"},\"thumbnailUrl\":\"https:\/\/apuntesdesanluis.com\/wp-content\/uploads\/2024\/03\/CRIMEN-TATUADOR.png\",\"articleSection\":[\"Ciudad\/Provincia\"],\"inLanguage\":\"es-AR\"},{\"@type\":\"WebPage\",\"@id\":\"https:\/\/apuntesdesanluis.com\/index.php\/2024\/03\/07\/crimen-del-tatuador-preventiva-para-uno-y-domiciliaria-a-su-hermano-menor\/\",\"url\":\"https:\/\/apuntesdesanluis.com\/index.php\/2024\/03\/07\/crimen-del-tatuador-preventiva-para-uno-y-domiciliaria-a-su-hermano-menor\/\",\"name\":\"CRIMEN DEL TATUADOR: PREVENTIVA PARA UNO Y DOMICILIARIA A SU HERMANO MENOR - Apuntes de San Luis\",\"isPartOf\":{\"@id\":\"https:\/\/apuntesdesanluis.com\/#website\"},\"primaryImageOfPage\":{\"@id\":\"https:\/\/apuntesdesanluis.com\/index.php\/2024\/03\/07\/crimen-del-tatuador-preventiva-para-uno-y-domiciliaria-a-su-hermano-menor\/#primaryimage\"},\"image\":{\"@id\":\"https:\/\/apuntesdesanluis.com\/index.php\/2024\/03\/07\/crimen-del-tatuador-preventiva-para-uno-y-domiciliaria-a-su-hermano-menor\/#primaryimage\"},\"thumbnailUrl\":\"https:\/\/apuntesdesanluis.com\/wp-content\/uploads\/2024\/03\/CRIMEN-TATUADOR.png\",\"datePublished\":\"2024-03-08T00:23:14+00:00\",\"breadcrumb\":{\"@id\":\"https:\/\/apuntesdesanluis.com\/index.php\/2024\/03\/07\/crimen-del-tatuador-preventiva-para-uno-y-domiciliaria-a-su-hermano-menor\/#breadcrumb\"},\"inLanguage\":\"es-AR\",\"potentialAction\":[{\"@type\":\"ReadAction\",\"target\":[\"https:\/\/apuntesdesanluis.com\/index.php\/2024\/03\/07\/crimen-del-tatuador-preventiva-para-uno-y-domiciliaria-a-su-hermano-menor\/\"]}]},{\"@type\":\"ImageObject\",\"inLanguage\":\"es-AR\",\"@id\":\"https:\/\/apuntesdesanluis.com\/index.php\/2024\/03\/07\/crimen-del-tatuador-preventiva-para-uno-y-domiciliaria-a-su-hermano-menor\/#primaryimage\",\"url\":\"https:\/\/apuntesdesanluis.com\/wp-content\/uploads\/2024\/03\/CRIMEN-TATUADOR.png\",\"contentUrl\":\"https:\/\/apuntesdesanluis.com\/wp-content\/uploads\/2024\/03\/CRIMEN-TATUADOR.png\",\"width\":600,\"height\":346},{\"@type\":\"BreadcrumbList\",\"@id\":\"https:\/\/apuntesdesanluis.com\/index.php\/2024\/03\/07\/crimen-del-tatuador-preventiva-para-uno-y-domiciliaria-a-su-hermano-menor\/#breadcrumb\",\"itemListElement\":[{\"@type\":\"ListItem\",\"position\":1,\"name\":\"Inicio\",\"item\":\"https:\/\/apuntesdesanluis.com\/\"},{\"@type\":\"ListItem\",\"position\":2,\"name\":\"CRIMEN DEL TATUADOR: PREVENTIVA PARA UNO Y DOMICILIARIA A SU HERMANO MENOR\"}]},{\"@type\":\"WebSite\",\"@id\":\"https:\/\/apuntesdesanluis.com\/#website\",\"url\":\"https:\/\/apuntesdesanluis.com\/\",\"name\":\"Apuntes de San Luis\",\"description\":\"\",\"publisher\":{\"@id\":\"https:\/\/apuntesdesanluis.com\/#\/schema\/person\/b55151d52296fcce64d1a72538a70b90\"},\"potentialAction\":[{\"@type\":\"SearchAction\",\"target\":{\"@type\":\"EntryPoint\",\"urlTemplate\":\"https:\/\/apuntesdesanluis.com\/?s={search_term_string}\"},\"query-input\":{\"@type\":\"PropertyValueSpecification\",\"valueRequired\":true,\"valueName\":\"search_term_string\"}}],\"inLanguage\":\"es-AR\"},{\"@type\":[\"Person\",\"Organization\"],\"@id\":\"https:\/\/apuntesdesanluis.com\/#\/schema\/person\/b55151d52296fcce64d1a72538a70b90\",\"name\":\"apuntesdesanluis.com\",\"image\":{\"@type\":\"ImageObject\",\"inLanguage\":\"es-AR\",\"@id\":\"https:\/\/apuntesdesanluis.com\/#\/schema\/person\/image\/\",\"url\":\"https:\/\/apuntesdesanluis.com\/wp-content\/uploads\/2023\/07\/cropped-apuntesdesanluis.png\",\"contentUrl\":\"https:\/\/apuntesdesanluis.com\/wp-content\/uploads\/2023\/07\/cropped-apuntesdesanluis.png\",\"width\":450,\"height\":112,\"caption\":\"apuntesdesanluis.com\"},\"logo\":{\"@id\":\"https:\/\/apuntesdesanluis.com\/#\/schema\/person\/image\/\"},\"sameAs\":[\"https:\/\/apuntesdesanluis.com\"],\"url\":\"https:\/\/apuntesdesanluis.com\/index.php\/author\/apuntesdesanluis-com\/\"}]}<\/script>\n<!-- \/ Yoast SEO plugin. -->","yoast_head_json":{"title":"CRIMEN DEL TATUADOR: PREVENTIVA PARA UNO Y DOMICILIARIA A SU HERMANO MENOR - Apuntes de San Luis","robots":{"index":"index","follow":"follow","max-snippet":"max-snippet:-1","max-image-preview":"max-image-preview:large","max-video-preview":"max-video-preview:-1"},"canonical":"https:\/\/apuntesdesanluis.com\/index.php\/2024\/03\/07\/crimen-del-tatuador-preventiva-para-uno-y-domiciliaria-a-su-hermano-menor\/","og_locale":"es_ES","og_type":"article","og_title":"CRIMEN DEL TATUADOR: PREVENTIVA PARA UNO Y DOMICILIARIA A SU HERMANO MENOR - Apuntes de San Luis","og_description":"Omar Becerra fue enviado este jueves al mediod\u00eda al Servicio Penitenciario Provincial, imputado por el...","og_url":"https:\/\/apuntesdesanluis.com\/index.php\/2024\/03\/07\/crimen-del-tatuador-preventiva-para-uno-y-domiciliaria-a-su-hermano-menor\/","og_site_name":"Apuntes de San Luis","article_published_time":"2024-03-08T00:23:14+00:00","og_image":[{"width":600,"height":346,"url":"https:\/\/apuntesdesanluis.com\/wp-content\/uploads\/2024\/03\/CRIMEN-TATUADOR.png","type":"image\/png"}],"author":"apuntesdesanluis.com","twitter_card":"summary_large_image","twitter_misc":{"Escrito por":"apuntesdesanluis.com","Tiempo de lectura":"4 minutos"},"schema":{"@context":"https:\/\/schema.org","@graph":[{"@type":"Article","@id":"https:\/\/apuntesdesanluis.com\/index.php\/2024\/03\/07\/crimen-del-tatuador-preventiva-para-uno-y-domiciliaria-a-su-hermano-menor\/#article","isPartOf":{"@id":"https:\/\/apuntesdesanluis.com\/index.php\/2024\/03\/07\/crimen-del-tatuador-preventiva-para-uno-y-domiciliaria-a-su-hermano-menor\/"},"author":{"name":"apuntesdesanluis.com","@id":"https:\/\/apuntesdesanluis.com\/#\/schema\/person\/b55151d52296fcce64d1a72538a70b90"},"headline":"CRIMEN DEL TATUADOR: PREVENTIVA PARA UNO Y DOMICILIARIA A SU HERMANO MENOR","datePublished":"2024-03-08T00:23:14+00:00","mainEntityOfPage":{"@id":"https:\/\/apuntesdesanluis.com\/index.php\/2024\/03\/07\/crimen-del-tatuador-preventiva-para-uno-y-domiciliaria-a-su-hermano-menor\/"},"wordCount":931,"publisher":{"@id":"https:\/\/apuntesdesanluis.com\/#\/schema\/person\/b55151d52296fcce64d1a72538a70b90"},"image":{"@id":"https:\/\/apuntesdesanluis.com\/index.php\/2024\/03\/07\/crimen-del-tatuador-preventiva-para-uno-y-domiciliaria-a-su-hermano-menor\/#primaryimage"},"thumbnailUrl":"https:\/\/apuntesdesanluis.com\/wp-content\/uploads\/2024\/03\/CRIMEN-TATUADOR.png","articleSection":["Ciudad\/Provincia"],"inLanguage":"es-AR"},{"@type":"WebPage","@id":"https:\/\/apuntesdesanluis.com\/index.php\/2024\/03\/07\/crimen-del-tatuador-preventiva-para-uno-y-domiciliaria-a-su-hermano-menor\/","url":"https:\/\/apuntesdesanluis.com\/index.php\/2024\/03\/07\/crimen-del-tatuador-preventiva-para-uno-y-domiciliaria-a-su-hermano-menor\/","name":"CRIMEN DEL TATUADOR: PREVENTIVA PARA UNO Y DOMICILIARIA A SU HERMANO MENOR - Apuntes de San Luis","isPartOf":{"@id":"https:\/\/apuntesdesanluis.com\/#website"},"primaryImageOfPage":{"@id":"https:\/\/apuntesdesanluis.com\/index.php\/2024\/03\/07\/crimen-del-tatuador-preventiva-para-uno-y-domiciliaria-a-su-hermano-menor\/#primaryimage"},"image":{"@id":"https:\/\/apuntesdesanluis.com\/index.php\/2024\/03\/07\/crimen-del-tatuador-preventiva-para-uno-y-domiciliaria-a-su-hermano-menor\/#primaryimage"},"thumbnailUrl":"https:\/\/apuntesdesanluis.com\/wp-content\/uploads\/2024\/03\/CRIMEN-TATUADOR.png","datePublished":"2024-03-08T00:23:14+00:00","breadcrumb":{"@id":"https:\/\/apuntesdesanluis.com\/index.php\/2024\/03\/07\/crimen-del-tatuador-preventiva-para-uno-y-domiciliaria-a-su-hermano-menor\/#breadcrumb"},"inLanguage":"es-AR","potentialAction":[{"@type":"ReadAction","target":["https:\/\/apuntesdesanluis.com\/index.php\/2024\/03\/07\/crimen-del-tatuador-preventiva-para-uno-y-domiciliaria-a-su-hermano-menor\/"]}]},{"@type":"ImageObject","inLanguage":"es-AR","@id":"https:\/\/apuntesdesanluis.com\/index.php\/2024\/03\/07\/crimen-del-tatuador-preventiva-para-uno-y-domiciliaria-a-su-hermano-menor\/#primaryimage","url":"https:\/\/apuntesdesanluis.com\/wp-content\/uploads\/2024\/03\/CRIMEN-TATUADOR.png","contentUrl":"https:\/\/apuntesdesanluis.com\/wp-content\/uploads\/2024\/03\/CRIMEN-TATUADOR.png","width":600,"height":346},{"@type":"BreadcrumbList","@id":"https:\/\/apuntesdesanluis.com\/index.php\/2024\/03\/07\/crimen-del-tatuador-preventiva-para-uno-y-domiciliaria-a-su-hermano-menor\/#breadcrumb","itemListElement":[{"@type":"ListItem","position":1,"name":"Inicio","item":"https:\/\/apuntesdesanluis.com\/"},{"@type":"ListItem","position":2,"name":"CRIMEN DEL TATUADOR: PREVENTIVA PARA UNO Y DOMICILIARIA A SU HERMANO MENOR"}]},{"@type":"WebSite","@id":"https:\/\/apuntesdesanluis.com\/#website","url":"https:\/\/apuntesdesanluis.com\/","name":"Apuntes de San Luis","description":"","publisher":{"@id":"https:\/\/apuntesdesanluis.com\/#\/schema\/person\/b55151d52296fcce64d1a72538a70b90"},"potentialAction":[{"@type":"SearchAction","target":{"@type":"EntryPoint","urlTemplate":"https:\/\/apuntesdesanluis.com\/?s={search_term_string}"},"query-input":{"@type":"PropertyValueSpecification","valueRequired":true,"valueName":"search_term_string"}}],"inLanguage":"es-AR"},{"@type":["Person","Organization"],"@id":"https:\/\/apuntesdesanluis.com\/#\/schema\/person\/b55151d52296fcce64d1a72538a70b90","name":"apuntesdesanluis.com","image":{"@type":"ImageObject","inLanguage":"es-AR","@id":"https:\/\/apuntesdesanluis.com\/#\/schema\/person\/image\/","url":"https:\/\/apuntesdesanluis.com\/wp-content\/uploads\/2023\/07\/cropped-apuntesdesanluis.png","contentUrl":"https:\/\/apuntesdesanluis.com\/wp-content\/uploads\/2023\/07\/cropped-apuntesdesanluis.png","width":450,"height":112,"caption":"apuntesdesanluis.com"},"logo":{"@id":"https:\/\/apuntesdesanluis.com\/#\/schema\/person\/image\/"},"sameAs":["https:\/\/apuntesdesanluis.com"],"url":"https:\/\/apuntesdesanluis.com\/index.php\/author\/apuntesdesanluis-com\/"}]}},"featured_image_urls":{"full":["https:\/\/apuntesdesanluis.com\/wp-content\/uploads\/2024\/03\/CRIMEN-TATUADOR.png",600,346,false],"thumbnail":["https:\/\/apuntesdesanluis.com\/wp-content\/uploads\/2024\/03\/CRIMEN-TATUADOR-150x150.png",150,150,true],"medium":["https:\/\/apuntesdesanluis.com\/wp-content\/uploads\/2024\/03\/CRIMEN-TATUADOR-300x173.png",300,173,true],"medium_large":["https:\/\/apuntesdesanluis.com\/wp-content\/uploads\/2024\/03\/CRIMEN-TATUADOR.png",600,346,false],"large":["https:\/\/apuntesdesanluis.com\/wp-content\/uploads\/2024\/03\/CRIMEN-TATUADOR.png",600,346,false],"1536x1536":["https:\/\/apuntesdesanluis.com\/wp-content\/uploads\/2024\/03\/CRIMEN-TATUADOR.png",600,346,false],"2048x2048":["https:\/\/apuntesdesanluis.com\/wp-content\/uploads\/2024\/03\/CRIMEN-TATUADOR.png",600,346,false],"newsever-slider-full":["https:\/\/apuntesdesanluis.com\/wp-content\/uploads\/2024\/03\/CRIMEN-TATUADOR.png",600,346,false],"newsever-featured":["https:\/\/apuntesdesanluis.com\/wp-content\/uploads\/2024\/03\/CRIMEN-TATUADOR.png",600,346,false],"newsever-medium":["https:\/\/apuntesdesanluis.com\/wp-content\/uploads\/2024\/03\/CRIMEN-TATUADOR.png",600,346,false]},"author_info":{"display_name":"apuntesdesanluis.com","author_link":"https:\/\/apuntesdesanluis.com\/index.php\/author\/apuntesdesanluis-com\/"},"category_info":"<a href=\"https:\/\/apuntesdesanluis.com\/index.php\/category\/ciudad-provincia\/\" rel=\"category tag\">Ciudad\/Provincia<\/a>","tag_info":"Ciudad\/Provincia","comment_count":"0","_links":{"self":[{"href":"https:\/\/apuntesdesanluis.com\/index.php\/wp-json\/wp\/v2\/posts\/12846","targetHints":{"allow":["GET"]}}],"collection":[{"href":"https:\/\/apuntesdesanluis.com\/index.php\/wp-json\/wp\/v2\/posts"}],"about":[{"href":"https:\/\/apuntesdesanluis.com\/index.php\/wp-json\/wp\/v2\/types\/post"}],"author":[{"embeddable":true,"href":"https:\/\/apuntesdesanluis.com\/index.php\/wp-json\/wp\/v2\/users\/1"}],"replies":[{"embeddable":true,"href":"https:\/\/apuntesdesanluis.com\/index.php\/wp-json\/wp\/v2\/comments?post=12846"}],"version-history":[{"count":1,"href":"https:\/\/apuntesdesanluis.com\/index.php\/wp-json\/wp\/v2\/posts\/12846\/revisions"}],"predecessor-version":[{"id":12848,"href":"https:\/\/apuntesdesanluis.com\/index.php\/wp-json\/wp\/v2\/posts\/12846\/revisions\/12848"}],"wp:featuredmedia":[{"embeddable":true,"href":"https:\/\/apuntesdesanluis.com\/index.php\/wp-json\/wp\/v2\/media\/12847"}],"wp:attachment":[{"href":"https:\/\/apuntesdesanluis.com\/index.php\/wp-json\/wp\/v2\/media?parent=12846"}],"wp:term":[{"taxonomy":"category","embeddable":true,"href":"https:\/\/apuntesdesanluis.com\/index.php\/wp-json\/wp\/v2\/categories?post=12846"},{"taxonomy":"post_tag","embeddable":true,"href":"https:\/\/apuntesdesanluis.com\/index.php\/wp-json\/wp\/v2\/tags?post=12846"}],"curies":[{"name":"wp","href":"https:\/\/api.w.org\/{rel}","templated":true}]}}