{"id":12850,"date":"2024-03-07T21:33:49","date_gmt":"2024-03-08T00:33:49","guid":{"rendered":"https:\/\/apuntesdesanluis.com\/?p=12850"},"modified":"2024-03-07T21:33:49","modified_gmt":"2024-03-08T00:33:49","slug":"el-fmi-reconocio-la-desaceleracion-de-la-inflacion-pero-insistio-en-mejorar-las-jubilaciones-y-el-gasto-social","status":"publish","type":"post","link":"https:\/\/apuntesdesanluis.com\/index.php\/2024\/03\/07\/el-fmi-reconocio-la-desaceleracion-de-la-inflacion-pero-insistio-en-mejorar-las-jubilaciones-y-el-gasto-social\/","title":{"rendered":"EL FMI RECONOCI\u00d3 LA DESACELERACI\u00d3N DE LA INFLACI\u00d3N, PERO INSISTI\u00d3 EN MEJORAR LAS JUBILACIONES Y EL GASTO SOCIAL"},"content":{"rendered":"<h3>La vocera del organismo, Julie Kozack, afirm\u00f3 que la poda fiscal, el ancla cambiaria y el freno a la emisi\u00f3n preparan el terreno para una ca\u00edda del ritmo de precios, aunque afirm\u00f3 que el ajuste \u201cno debe recaer sobre los m\u00e1s vulnerables\u201d<\/h3>\n<h3>El Fondo Monetario Internacional (FMI) volvi\u00f3 a pedir que el Gobierno refuerce el gasto en jubilaciones y en asistencia social para evitar que el ajuste \u201crecaiga desproporcionadamente\u201d sobre los haberes y el sector m\u00e1s pobre de la poblaci\u00f3n. En ese contexto, el organismo reconoci\u00f3 que las medidas oficiales preparan el terreno para una ca\u00edda marcada del ritmo de inflaci\u00f3n en los pr\u00f3ximos meses.<\/h3>\n<h3>Seg\u00fan asegur\u00f3 este jueves la portavoz del organismo <strong>Julie Kozack<\/strong> (foto) en conferencia de prensa, el programa vigente entre el FMI y la Argentina contiene un \u201cancla fiscal fuerte\u201d y el objetivo de \u201creforzar las reservas\u201d, del Banco Central. \u201cHa habido progreso pero el camino es desafiante, requiere medidas r\u00e1pidas de pol\u00edticas p\u00fablicas\u201d, dijo la funcionaria. En ese plano, consider\u00f3 que \u201cel esfuerzo para proteger a los m\u00e1s vulnerables es un pilar (del programa) para que el peso del ajuste no caiga desproporcionadamente sobre ellos\u201d, plante\u00f3.<\/h3>\n<p><img fetchpriority=\"high\" decoding=\"async\" class=\"wp-image-12851 aligncenter\" src=\"https:\/\/apuntesdesanluis.com\/wp-content\/uploads\/2024\/03\/julie-kozack-300x209.png\" alt=\"\" width=\"601\" height=\"419\" srcset=\"https:\/\/apuntesdesanluis.com\/wp-content\/uploads\/2024\/03\/julie-kozack-300x209.png 300w, https:\/\/apuntesdesanluis.com\/wp-content\/uploads\/2024\/03\/julie-kozack.png 605w\" sizes=\"(max-width: 601px) 100vw, 601px\" \/><\/p>\n<h3>Reiter\u00f3, as\u00ed, una consideraci\u00f3n que hizo la subdirectora gerente del FMI Gita Gopinath desde Buenos Aires, hace dos semanas. La n\u00famero 2 del organismo hab\u00eda apoyado la marcha general del programa pero hab\u00eda puesto especial atenci\u00f3n en las jubilaciones y el gasto social. Este jueves Kozack asegur\u00f3 que las medidas que tom\u00f3 el Gobierno pueden traer como consecuencia una desaceleraci\u00f3n de precios, pero que deber\u00e1 reforzar la ayuda a sectores m\u00e1s desprotegidos.<\/h3>\n<h3>\u201cEl esfuerzo para proteger a los m\u00e1s vulnerables es un pilar (del programa) para que el peso del ajuste no caiga desproporcionadamente sobre ellos\u201d, dijo la portavoz del Fondo Monetario, Julie Kozack<\/h3>\n<h3>La portavoz dijo que \u201cla consolidaci\u00f3n fiscal fuerte, el freno a la emisi\u00f3n monetaria y la pol\u00edtica cambiaria\u201d tuvieron efectos macroecon\u00f3micos y que \u201cse est\u00e1n viendo resultados con la inflaci\u00f3n empezando a bajar\u201d. \u201c\u00bfPor qu\u00e9 es importante? Porque la inflaci\u00f3n es un impuesto sobre los pobres. Dada la delicada situaci\u00f3n social, junto con las ya altas tasas de pobreza en Argentina, ser\u00e1 importante asegurar asistencia social adicional y preservar el valor real de las pensiones\u201d, dijo Kozack.<\/h3>\n<h3>Gopinath, luego de haber mantendo su reuni\u00f3n con Javier Milei hace dos semanas, hab\u00eda puesto una luz de alarma sobre los efectos inmediatos del plan econ\u00f3mico del gobierno libertairo. \u201cDados los costes de estabilizaci\u00f3n a corto plazo, es esencial realizar esfuerzos sostenidos para apoyar a los segmentos vulnerables de la poblaci\u00f3n y preservar el valor real de la asistencia social y las pensiones, as\u00ed como garantizar que la carga del ajuste no recaiga desproporcionadamente en las familias trabajadoras. Trabajar de forma pragm\u00e1tica para conseguir apoyo social y pol\u00edtico tambi\u00e9n es fundamental para garantizar la durabilidad y eficacia de las reformas\u201d, remarc\u00f3 la referente del FMI.<\/h3>\n<h3>\u201cSe est\u00e1n viendo resultados con la inflaci\u00f3n empezando a bajar. \u00bfPor qu\u00e9 es importante? Porque la inflaci\u00f3n es un impuesto sobre los pobres. Dada la delicada situaci\u00f3n social ser\u00e1 importante asegurar asistencia social adicional y preservar el valor real de las pensiones\u201d (Kozack)<\/h3>\n<h3>Kozack, por su parte, evit\u00f3 mencionar detalles sobre el avance hacia un nuevo programa financiero entre el Gobierno y el Fondo Monetario, una posibilidad que desde ambos lados empezaron a explorar en las \u00faltimas semanas y que tom\u00f3 fuerza, aunque no se han iniciado a\u00fan conversaciones formales hacia esa direcci\u00f3n.<\/h3>\n<h3>La chance de un programa financiero nuevo apareci\u00f3 en Buenos Aires con la visita de Gopinath, continuaron con Kristalina Georgieva la semana pasada en San Pablo, donde se realiz\u00f3 la cumbre de ministros de Econom\u00eda y banqueros centrales del G20. En el Poder Ejecutivo aseguran que hay margen de negociaci\u00f3n hasta noviembre -cuando termina el esquema de desembolsos del programa actual- pero fuentes oficiales sugieren que hay espacio para una resoluci\u00f3n mucho m\u00e1s r\u00e1pida.<\/h3>\n<h3>Para llegar a un acuerdo el Gobierno necesitar\u00e1 consenso t\u00e9cnico y apoyo pol\u00edtico. En la agenda t\u00e9cnica los planes que tenga el equipo econ\u00f3mico para los pr\u00f3ximos meses ser\u00e1n materia de discusi\u00f3n. El FMI cree que el Banco Central deber\u00eda acelerar el ritmo de crawling peg (devaluaci\u00f3n del d\u00f3lar oficial) y que deber\u00eda pasar a un esquema de tasas de inter\u00e9s real positivas. En el Gobierno lo descartan porque implicar\u00eda, aseguran \u201cun piso m\u00e1s alto para la inflaci\u00f3n y necesitamos bajarla lo m\u00e1s r\u00e1pido posible\u201d.<\/h3>\n<p>&nbsp;<\/p>\n<p>&nbsp;<\/p>\n<p>&nbsp;<\/p>\n<p>&nbsp;<\/p>\n<p>&nbsp;<\/p>\n<p>&nbsp;<\/p>\n","protected":false},"excerpt":{"rendered":"<p>La vocera del organismo, Julie Kozack, afirm\u00f3 que la poda fiscal, el ancla cambiaria y&#8230;<\/p>\n","protected":false},"author":1,"featured_media":1563,"comment_status":"closed","ping_status":"closed","sticky":false,"template":"","format":"standard","meta":{"footnotes":""},"categories":[5],"tags":[],"class_list":["post-12850","post","type-post","status-publish","format-standard","has-post-thumbnail","hentry","category-nacionales-internacionales"],"yoast_head":"<!-- This site is optimized with the Yoast SEO plugin v26.1.1 - https:\/\/yoast.com\/wordpress\/plugins\/seo\/ -->\n<title>EL FMI RECONOCI\u00d3 LA DESACELERACI\u00d3N DE LA INFLACI\u00d3N, PERO INSISTI\u00d3 EN MEJORAR LAS JUBILACIONES Y EL GASTO SOCIAL - Apuntes de San Luis<\/title>\n<meta name=\"robots\" content=\"index, follow, max-snippet:-1, max-image-preview:large, max-video-preview:-1\" \/>\n<link rel=\"canonical\" href=\"https:\/\/apuntesdesanluis.com\/index.php\/2024\/03\/07\/el-fmi-reconocio-la-desaceleracion-de-la-inflacion-pero-insistio-en-mejorar-las-jubilaciones-y-el-gasto-social\/\" \/>\n<meta property=\"og:locale\" content=\"es_ES\" \/>\n<meta property=\"og:type\" content=\"article\" \/>\n<meta property=\"og:title\" content=\"EL FMI RECONOCI\u00d3 LA DESACELERACI\u00d3N DE LA INFLACI\u00d3N, PERO INSISTI\u00d3 EN MEJORAR LAS JUBILACIONES Y EL GASTO SOCIAL - Apuntes de San Luis\" \/>\n<meta property=\"og:description\" content=\"La vocera del organismo, Julie Kozack, afirm\u00f3 que la poda fiscal, el ancla cambiaria y...\" \/>\n<meta property=\"og:url\" content=\"https:\/\/apuntesdesanluis.com\/index.php\/2024\/03\/07\/el-fmi-reconocio-la-desaceleracion-de-la-inflacion-pero-insistio-en-mejorar-las-jubilaciones-y-el-gasto-social\/\" \/>\n<meta property=\"og:site_name\" content=\"Apuntes de San Luis\" \/>\n<meta property=\"article:published_time\" content=\"2024-03-08T00:33:49+00:00\" \/>\n<meta property=\"og:image\" content=\"https:\/\/apuntesdesanluis.com\/wp-content\/uploads\/2023\/08\/fmi.png\" \/>\n\t<meta property=\"og:image:width\" content=\"694\" \/>\n\t<meta property=\"og:image:height\" content=\"400\" \/>\n\t<meta property=\"og:image:type\" content=\"image\/png\" \/>\n<meta name=\"author\" content=\"apuntesdesanluis.com\" \/>\n<meta name=\"twitter:card\" content=\"summary_large_image\" \/>\n<meta name=\"twitter:label1\" content=\"Escrito por\" \/>\n\t<meta name=\"twitter:data1\" content=\"apuntesdesanluis.com\" \/>\n\t<meta name=\"twitter:label2\" content=\"Tiempo de lectura\" \/>\n\t<meta name=\"twitter:data2\" content=\"4 minutos\" \/>\n<script type=\"application\/ld+json\" class=\"yoast-schema-graph\">{\"@context\":\"https:\/\/schema.org\",\"@graph\":[{\"@type\":\"Article\",\"@id\":\"https:\/\/apuntesdesanluis.com\/index.php\/2024\/03\/07\/el-fmi-reconocio-la-desaceleracion-de-la-inflacion-pero-insistio-en-mejorar-las-jubilaciones-y-el-gasto-social\/#article\",\"isPartOf\":{\"@id\":\"https:\/\/apuntesdesanluis.com\/index.php\/2024\/03\/07\/el-fmi-reconocio-la-desaceleracion-de-la-inflacion-pero-insistio-en-mejorar-las-jubilaciones-y-el-gasto-social\/\"},\"author\":{\"name\":\"apuntesdesanluis.com\",\"@id\":\"https:\/\/apuntesdesanluis.com\/#\/schema\/person\/b55151d52296fcce64d1a72538a70b90\"},\"headline\":\"EL FMI RECONOCI\u00d3 LA DESACELERACI\u00d3N DE LA INFLACI\u00d3N, PERO INSISTI\u00d3 EN MEJORAR LAS JUBILACIONES Y EL GASTO SOCIAL\",\"datePublished\":\"2024-03-08T00:33:49+00:00\",\"mainEntityOfPage\":{\"@id\":\"https:\/\/apuntesdesanluis.com\/index.php\/2024\/03\/07\/el-fmi-reconocio-la-desaceleracion-de-la-inflacion-pero-insistio-en-mejorar-las-jubilaciones-y-el-gasto-social\/\"},\"wordCount\":819,\"publisher\":{\"@id\":\"https:\/\/apuntesdesanluis.com\/#\/schema\/person\/b55151d52296fcce64d1a72538a70b90\"},\"image\":{\"@id\":\"https:\/\/apuntesdesanluis.com\/index.php\/2024\/03\/07\/el-fmi-reconocio-la-desaceleracion-de-la-inflacion-pero-insistio-en-mejorar-las-jubilaciones-y-el-gasto-social\/#primaryimage\"},\"thumbnailUrl\":\"https:\/\/apuntesdesanluis.com\/wp-content\/uploads\/2023\/08\/fmi.png\",\"articleSection\":[\"Nacionales\/Internacionales\"],\"inLanguage\":\"es-AR\"},{\"@type\":\"WebPage\",\"@id\":\"https:\/\/apuntesdesanluis.com\/index.php\/2024\/03\/07\/el-fmi-reconocio-la-desaceleracion-de-la-inflacion-pero-insistio-en-mejorar-las-jubilaciones-y-el-gasto-social\/\",\"url\":\"https:\/\/apuntesdesanluis.com\/index.php\/2024\/03\/07\/el-fmi-reconocio-la-desaceleracion-de-la-inflacion-pero-insistio-en-mejorar-las-jubilaciones-y-el-gasto-social\/\",\"name\":\"EL FMI RECONOCI\u00d3 LA DESACELERACI\u00d3N DE LA INFLACI\u00d3N, PERO INSISTI\u00d3 EN MEJORAR LAS JUBILACIONES Y EL GASTO SOCIAL - Apuntes de San Luis\",\"isPartOf\":{\"@id\":\"https:\/\/apuntesdesanluis.com\/#website\"},\"primaryImageOfPage\":{\"@id\":\"https:\/\/apuntesdesanluis.com\/index.php\/2024\/03\/07\/el-fmi-reconocio-la-desaceleracion-de-la-inflacion-pero-insistio-en-mejorar-las-jubilaciones-y-el-gasto-social\/#primaryimage\"},\"image\":{\"@id\":\"https:\/\/apuntesdesanluis.com\/index.php\/2024\/03\/07\/el-fmi-reconocio-la-desaceleracion-de-la-inflacion-pero-insistio-en-mejorar-las-jubilaciones-y-el-gasto-social\/#primaryimage\"},\"thumbnailUrl\":\"https:\/\/apuntesdesanluis.com\/wp-content\/uploads\/2023\/08\/fmi.png\",\"datePublished\":\"2024-03-08T00:33:49+00:00\",\"breadcrumb\":{\"@id\":\"https:\/\/apuntesdesanluis.com\/index.php\/2024\/03\/07\/el-fmi-reconocio-la-desaceleracion-de-la-inflacion-pero-insistio-en-mejorar-las-jubilaciones-y-el-gasto-social\/#breadcrumb\"},\"inLanguage\":\"es-AR\",\"potentialAction\":[{\"@type\":\"ReadAction\",\"target\":[\"https:\/\/apuntesdesanluis.com\/index.php\/2024\/03\/07\/el-fmi-reconocio-la-desaceleracion-de-la-inflacion-pero-insistio-en-mejorar-las-jubilaciones-y-el-gasto-social\/\"]}]},{\"@type\":\"ImageObject\",\"inLanguage\":\"es-AR\",\"@id\":\"https:\/\/apuntesdesanluis.com\/index.php\/2024\/03\/07\/el-fmi-reconocio-la-desaceleracion-de-la-inflacion-pero-insistio-en-mejorar-las-jubilaciones-y-el-gasto-social\/#primaryimage\",\"url\":\"https:\/\/apuntesdesanluis.com\/wp-content\/uploads\/2023\/08\/fmi.png\",\"contentUrl\":\"https:\/\/apuntesdesanluis.com\/wp-content\/uploads\/2023\/08\/fmi.png\",\"width\":694,\"height\":400},{\"@type\":\"BreadcrumbList\",\"@id\":\"https:\/\/apuntesdesanluis.com\/index.php\/2024\/03\/07\/el-fmi-reconocio-la-desaceleracion-de-la-inflacion-pero-insistio-en-mejorar-las-jubilaciones-y-el-gasto-social\/#breadcrumb\",\"itemListElement\":[{\"@type\":\"ListItem\",\"position\":1,\"name\":\"Inicio\",\"item\":\"https:\/\/apuntesdesanluis.com\/\"},{\"@type\":\"ListItem\",\"position\":2,\"name\":\"EL FMI RECONOCI\u00d3 LA DESACELERACI\u00d3N DE LA INFLACI\u00d3N, PERO INSISTI\u00d3 EN MEJORAR LAS JUBILACIONES Y EL GASTO SOCIAL\"}]},{\"@type\":\"WebSite\",\"@id\":\"https:\/\/apuntesdesanluis.com\/#website\",\"url\":\"https:\/\/apuntesdesanluis.com\/\",\"name\":\"Apuntes de San Luis\",\"description\":\"\",\"publisher\":{\"@id\":\"https:\/\/apuntesdesanluis.com\/#\/schema\/person\/b55151d52296fcce64d1a72538a70b90\"},\"potentialAction\":[{\"@type\":\"SearchAction\",\"target\":{\"@type\":\"EntryPoint\",\"urlTemplate\":\"https:\/\/apuntesdesanluis.com\/?s={search_term_string}\"},\"query-input\":{\"@type\":\"PropertyValueSpecification\",\"valueRequired\":true,\"valueName\":\"search_term_string\"}}],\"inLanguage\":\"es-AR\"},{\"@type\":[\"Person\",\"Organization\"],\"@id\":\"https:\/\/apuntesdesanluis.com\/#\/schema\/person\/b55151d52296fcce64d1a72538a70b90\",\"name\":\"apuntesdesanluis.com\",\"image\":{\"@type\":\"ImageObject\",\"inLanguage\":\"es-AR\",\"@id\":\"https:\/\/apuntesdesanluis.com\/#\/schema\/person\/image\/\",\"url\":\"https:\/\/apuntesdesanluis.com\/wp-content\/uploads\/2023\/07\/cropped-apuntesdesanluis.png\",\"contentUrl\":\"https:\/\/apuntesdesanluis.com\/wp-content\/uploads\/2023\/07\/cropped-apuntesdesanluis.png\",\"width\":450,\"height\":112,\"caption\":\"apuntesdesanluis.com\"},\"logo\":{\"@id\":\"https:\/\/apuntesdesanluis.com\/#\/schema\/person\/image\/\"},\"sameAs\":[\"https:\/\/apuntesdesanluis.com\"],\"url\":\"https:\/\/apuntesdesanluis.com\/index.php\/author\/apuntesdesanluis-com\/\"}]}<\/script>\n<!-- \/ Yoast SEO plugin. -->","yoast_head_json":{"title":"EL FMI RECONOCI\u00d3 LA DESACELERACI\u00d3N DE LA INFLACI\u00d3N, PERO INSISTI\u00d3 EN MEJORAR LAS JUBILACIONES Y EL GASTO SOCIAL - Apuntes de San Luis","robots":{"index":"index","follow":"follow","max-snippet":"max-snippet:-1","max-image-preview":"max-image-preview:large","max-video-preview":"max-video-preview:-1"},"canonical":"https:\/\/apuntesdesanluis.com\/index.php\/2024\/03\/07\/el-fmi-reconocio-la-desaceleracion-de-la-inflacion-pero-insistio-en-mejorar-las-jubilaciones-y-el-gasto-social\/","og_locale":"es_ES","og_type":"article","og_title":"EL FMI RECONOCI\u00d3 LA DESACELERACI\u00d3N DE LA INFLACI\u00d3N, PERO INSISTI\u00d3 EN MEJORAR LAS JUBILACIONES Y EL GASTO SOCIAL - Apuntes de San Luis","og_description":"La vocera del organismo, Julie Kozack, afirm\u00f3 que la poda fiscal, el ancla cambiaria y...","og_url":"https:\/\/apuntesdesanluis.com\/index.php\/2024\/03\/07\/el-fmi-reconocio-la-desaceleracion-de-la-inflacion-pero-insistio-en-mejorar-las-jubilaciones-y-el-gasto-social\/","og_site_name":"Apuntes de San Luis","article_published_time":"2024-03-08T00:33:49+00:00","og_image":[{"width":694,"height":400,"url":"https:\/\/apuntesdesanluis.com\/wp-content\/uploads\/2023\/08\/fmi.png","type":"image\/png"}],"author":"apuntesdesanluis.com","twitter_card":"summary_large_image","twitter_misc":{"Escrito por":"apuntesdesanluis.com","Tiempo de lectura":"4 minutos"},"schema":{"@context":"https:\/\/schema.org","@graph":[{"@type":"Article","@id":"https:\/\/apuntesdesanluis.com\/index.php\/2024\/03\/07\/el-fmi-reconocio-la-desaceleracion-de-la-inflacion-pero-insistio-en-mejorar-las-jubilaciones-y-el-gasto-social\/#article","isPartOf":{"@id":"https:\/\/apuntesdesanluis.com\/index.php\/2024\/03\/07\/el-fmi-reconocio-la-desaceleracion-de-la-inflacion-pero-insistio-en-mejorar-las-jubilaciones-y-el-gasto-social\/"},"author":{"name":"apuntesdesanluis.com","@id":"https:\/\/apuntesdesanluis.com\/#\/schema\/person\/b55151d52296fcce64d1a72538a70b90"},"headline":"EL FMI RECONOCI\u00d3 LA DESACELERACI\u00d3N DE LA INFLACI\u00d3N, PERO INSISTI\u00d3 EN MEJORAR LAS JUBILACIONES Y EL GASTO SOCIAL","datePublished":"2024-03-08T00:33:49+00:00","mainEntityOfPage":{"@id":"https:\/\/apuntesdesanluis.com\/index.php\/2024\/03\/07\/el-fmi-reconocio-la-desaceleracion-de-la-inflacion-pero-insistio-en-mejorar-las-jubilaciones-y-el-gasto-social\/"},"wordCount":819,"publisher":{"@id":"https:\/\/apuntesdesanluis.com\/#\/schema\/person\/b55151d52296fcce64d1a72538a70b90"},"image":{"@id":"https:\/\/apuntesdesanluis.com\/index.php\/2024\/03\/07\/el-fmi-reconocio-la-desaceleracion-de-la-inflacion-pero-insistio-en-mejorar-las-jubilaciones-y-el-gasto-social\/#primaryimage"},"thumbnailUrl":"https:\/\/apuntesdesanluis.com\/wp-content\/uploads\/2023\/08\/fmi.png","articleSection":["Nacionales\/Internacionales"],"inLanguage":"es-AR"},{"@type":"WebPage","@id":"https:\/\/apuntesdesanluis.com\/index.php\/2024\/03\/07\/el-fmi-reconocio-la-desaceleracion-de-la-inflacion-pero-insistio-en-mejorar-las-jubilaciones-y-el-gasto-social\/","url":"https:\/\/apuntesdesanluis.com\/index.php\/2024\/03\/07\/el-fmi-reconocio-la-desaceleracion-de-la-inflacion-pero-insistio-en-mejorar-las-jubilaciones-y-el-gasto-social\/","name":"EL FMI RECONOCI\u00d3 LA DESACELERACI\u00d3N DE LA INFLACI\u00d3N, PERO INSISTI\u00d3 EN MEJORAR LAS JUBILACIONES Y EL GASTO SOCIAL - Apuntes de San Luis","isPartOf":{"@id":"https:\/\/apuntesdesanluis.com\/#website"},"primaryImageOfPage":{"@id":"https:\/\/apuntesdesanluis.com\/index.php\/2024\/03\/07\/el-fmi-reconocio-la-desaceleracion-de-la-inflacion-pero-insistio-en-mejorar-las-jubilaciones-y-el-gasto-social\/#primaryimage"},"image":{"@id":"https:\/\/apuntesdesanluis.com\/index.php\/2024\/03\/07\/el-fmi-reconocio-la-desaceleracion-de-la-inflacion-pero-insistio-en-mejorar-las-jubilaciones-y-el-gasto-social\/#primaryimage"},"thumbnailUrl":"https:\/\/apuntesdesanluis.com\/wp-content\/uploads\/2023\/08\/fmi.png","datePublished":"2024-03-08T00:33:49+00:00","breadcrumb":{"@id":"https:\/\/apuntesdesanluis.com\/index.php\/2024\/03\/07\/el-fmi-reconocio-la-desaceleracion-de-la-inflacion-pero-insistio-en-mejorar-las-jubilaciones-y-el-gasto-social\/#breadcrumb"},"inLanguage":"es-AR","potentialAction":[{"@type":"ReadAction","target":["https:\/\/apuntesdesanluis.com\/index.php\/2024\/03\/07\/el-fmi-reconocio-la-desaceleracion-de-la-inflacion-pero-insistio-en-mejorar-las-jubilaciones-y-el-gasto-social\/"]}]},{"@type":"ImageObject","inLanguage":"es-AR","@id":"https:\/\/apuntesdesanluis.com\/index.php\/2024\/03\/07\/el-fmi-reconocio-la-desaceleracion-de-la-inflacion-pero-insistio-en-mejorar-las-jubilaciones-y-el-gasto-social\/#primaryimage","url":"https:\/\/apuntesdesanluis.com\/wp-content\/uploads\/2023\/08\/fmi.png","contentUrl":"https:\/\/apuntesdesanluis.com\/wp-content\/uploads\/2023\/08\/fmi.png","width":694,"height":400},{"@type":"BreadcrumbList","@id":"https:\/\/apuntesdesanluis.com\/index.php\/2024\/03\/07\/el-fmi-reconocio-la-desaceleracion-de-la-inflacion-pero-insistio-en-mejorar-las-jubilaciones-y-el-gasto-social\/#breadcrumb","itemListElement":[{"@type":"ListItem","position":1,"name":"Inicio","item":"https:\/\/apuntesdesanluis.com\/"},{"@type":"ListItem","position":2,"name":"EL FMI RECONOCI\u00d3 LA DESACELERACI\u00d3N DE LA INFLACI\u00d3N, PERO INSISTI\u00d3 EN MEJORAR LAS JUBILACIONES Y EL GASTO SOCIAL"}]},{"@type":"WebSite","@id":"https:\/\/apuntesdesanluis.com\/#website","url":"https:\/\/apuntesdesanluis.com\/","name":"Apuntes de San Luis","description":"","publisher":{"@id":"https:\/\/apuntesdesanluis.com\/#\/schema\/person\/b55151d52296fcce64d1a72538a70b90"},"potentialAction":[{"@type":"SearchAction","target":{"@type":"EntryPoint","urlTemplate":"https:\/\/apuntesdesanluis.com\/?s={search_term_string}"},"query-input":{"@type":"PropertyValueSpecification","valueRequired":true,"valueName":"search_term_string"}}],"inLanguage":"es-AR"},{"@type":["Person","Organization"],"@id":"https:\/\/apuntesdesanluis.com\/#\/schema\/person\/b55151d52296fcce64d1a72538a70b90","name":"apuntesdesanluis.com","image":{"@type":"ImageObject","inLanguage":"es-AR","@id":"https:\/\/apuntesdesanluis.com\/#\/schema\/person\/image\/","url":"https:\/\/apuntesdesanluis.com\/wp-content\/uploads\/2023\/07\/cropped-apuntesdesanluis.png","contentUrl":"https:\/\/apuntesdesanluis.com\/wp-content\/uploads\/2023\/07\/cropped-apuntesdesanluis.png","width":450,"height":112,"caption":"apuntesdesanluis.com"},"logo":{"@id":"https:\/\/apuntesdesanluis.com\/#\/schema\/person\/image\/"},"sameAs":["https:\/\/apuntesdesanluis.com"],"url":"https:\/\/apuntesdesanluis.com\/index.php\/author\/apuntesdesanluis-com\/"}]}},"featured_image_urls":{"full":["https:\/\/apuntesdesanluis.com\/wp-content\/uploads\/2023\/08\/fmi.png",694,400,false],"thumbnail":["https:\/\/apuntesdesanluis.com\/wp-content\/uploads\/2023\/08\/fmi-150x150.png",150,150,true],"medium":["https:\/\/apuntesdesanluis.com\/wp-content\/uploads\/2023\/08\/fmi-300x173.png",300,173,true],"medium_large":["https:\/\/apuntesdesanluis.com\/wp-content\/uploads\/2023\/08\/fmi.png",640,369,false],"large":["https:\/\/apuntesdesanluis.com\/wp-content\/uploads\/2023\/08\/fmi.png",640,369,false],"1536x1536":["https:\/\/apuntesdesanluis.com\/wp-content\/uploads\/2023\/08\/fmi.png",694,400,false],"2048x2048":["https:\/\/apuntesdesanluis.com\/wp-content\/uploads\/2023\/08\/fmi.png",694,400,false],"newsever-slider-full":["https:\/\/apuntesdesanluis.com\/wp-content\/uploads\/2023\/08\/fmi.png",694,400,false],"newsever-featured":["https:\/\/apuntesdesanluis.com\/wp-content\/uploads\/2023\/08\/fmi.png",694,400,false],"newsever-medium":["https:\/\/apuntesdesanluis.com\/wp-content\/uploads\/2023\/08\/fmi.png",694,400,false]},"author_info":{"display_name":"apuntesdesanluis.com","author_link":"https:\/\/apuntesdesanluis.com\/index.php\/author\/apuntesdesanluis-com\/"},"category_info":"<a href=\"https:\/\/apuntesdesanluis.com\/index.php\/category\/nacionales-internacionales\/\" rel=\"category tag\">Nacionales\/Internacionales<\/a>","tag_info":"Nacionales\/Internacionales","comment_count":"0","_links":{"self":[{"href":"https:\/\/apuntesdesanluis.com\/index.php\/wp-json\/wp\/v2\/posts\/12850","targetHints":{"allow":["GET"]}}],"collection":[{"href":"https:\/\/apuntesdesanluis.com\/index.php\/wp-json\/wp\/v2\/posts"}],"about":[{"href":"https:\/\/apuntesdesanluis.com\/index.php\/wp-json\/wp\/v2\/types\/post"}],"author":[{"embeddable":true,"href":"https:\/\/apuntesdesanluis.com\/index.php\/wp-json\/wp\/v2\/users\/1"}],"replies":[{"embeddable":true,"href":"https:\/\/apuntesdesanluis.com\/index.php\/wp-json\/wp\/v2\/comments?post=12850"}],"version-history":[{"count":1,"href":"https:\/\/apuntesdesanluis.com\/index.php\/wp-json\/wp\/v2\/posts\/12850\/revisions"}],"predecessor-version":[{"id":12852,"href":"https:\/\/apuntesdesanluis.com\/index.php\/wp-json\/wp\/v2\/posts\/12850\/revisions\/12852"}],"wp:featuredmedia":[{"embeddable":true,"href":"https:\/\/apuntesdesanluis.com\/index.php\/wp-json\/wp\/v2\/media\/1563"}],"wp:attachment":[{"href":"https:\/\/apuntesdesanluis.com\/index.php\/wp-json\/wp\/v2\/media?parent=12850"}],"wp:term":[{"taxonomy":"category","embeddable":true,"href":"https:\/\/apuntesdesanluis.com\/index.php\/wp-json\/wp\/v2\/categories?post=12850"},{"taxonomy":"post_tag","embeddable":true,"href":"https:\/\/apuntesdesanluis.com\/index.php\/wp-json\/wp\/v2\/tags?post=12850"}],"curies":[{"name":"wp","href":"https:\/\/api.w.org\/{rel}","templated":true}]}}