{"id":12853,"date":"2024-03-07T21:37:54","date_gmt":"2024-03-08T00:37:54","guid":{"rendered":"https:\/\/apuntesdesanluis.com\/?p=12853"},"modified":"2024-03-07T21:43:46","modified_gmt":"2024-03-08T00:43:46","slug":"murio-una-mujer-en-villa-mercedes-y-preocupa-el-inusual-aumento-en-los-casos-de-dengue","status":"publish","type":"post","link":"https:\/\/apuntesdesanluis.com\/index.php\/2024\/03\/07\/murio-una-mujer-en-villa-mercedes-y-preocupa-el-inusual-aumento-en-los-casos-de-dengue\/","title":{"rendered":"MURI\u00d3 UNA MUJER EN VILLA MERCEDES Y PREOCUPA EL INUSUAL AUMENTO EN LOS CASOS DE DENGUE"},"content":{"rendered":"<h3>El Ministerio de Salud inform\u00f3 el fallecimiento de una paciente de 23 a\u00f1os que se encontraba internada desde hace cuatro d\u00edas en la Unidad de Terapia Intensiva del Hospital \u2018Juan Domingo Per\u00f3n\u2019 de Villa Mercedes.<\/h3>\n<h3>La paciente, con comorbilidades (obesidad y diabetes), hab\u00eda ingresado\u00a0 a la guardia en shock y con diagn\u00f3stico de dengue. Se le realiz\u00f3 reanimaci\u00f3n cardiopulmonar (RCP) pero no hubo respuesta a las maniobras.<\/h3>\n<h3>Todo el esfuerzo del equipo de Salud se encuentra abocado a la contenci\u00f3n de un aumento inusual de casos aut\u00f3ctonos de dengue en las \u00faltimas dos semanas en Villa Mercedes.<\/h3>\n<h3>Cabe recordar que la fumigaci\u00f3n no es una medida para prevenir el dengue, por eso es importante cuidar principalmente los hogares eliminando recipientes en desuso que puedan acumular agua, manteniendo siempre el patio limpio y desmalezado, y limpiando canaletas y desag\u00fces de lluvia de los techos para no alentar la proliferaci\u00f3n del mosquito vector.<\/h3>\n<h3>Adem\u00e1s, para evitar las picaduras, es importante utilizar repelentes ambientales, ropa clara que cubra los brazos y las piernas (principalmente al realizar actividades al aire libre) y colocar tela mosquitera en puertas, ventanas, coches y cunas de beb\u00e9s.<\/h3>\n<h3><strong>REUNI\u00d3N DE TRABAJO<\/strong><\/h3>\n<h3>Este viernes 8 de Marzo a las 9 hs en el Sal\u00f3n Azul habr\u00e1 una reuni\u00f3n de trabajo entre equipos de la Municipalidad, el Policl\u00ednico Regional Juan Domingo Per\u00f3n y el Ministerio de Salud de la Provincia.<\/h3>\n<h3>Tratar\u00e1n la agenda de acciones que realizar\u00e1n en esta campa\u00f1a contra el Dengue (fumigaci\u00f3n, desmalezado, descacharrado, etc) y que se sumar\u00e1n a las iniciativas que los organismos vienen realizando.<\/h3>\n<p>&nbsp;<\/p>\n<p>&nbsp;<\/p>\n<p>&nbsp;<\/p>\n<p>&nbsp;<\/p>\n<p>&nbsp;<\/p>\n<p>&nbsp;<\/p>\n<h3><\/h3>\n<p>&nbsp;<\/p>\n<p>&nbsp;<\/p>\n<p>&nbsp;<\/p>\n<p>&nbsp;<\/p>\n<p>&nbsp;<\/p>\n","protected":false},"excerpt":{"rendered":"<p>El Ministerio de Salud inform\u00f3 el fallecimiento de una paciente de 23 a\u00f1os que se&#8230;<\/p>\n","protected":false},"author":1,"featured_media":8949,"comment_status":"closed","ping_status":"closed","sticky":false,"template":"","format":"standard","meta":{"footnotes":""},"categories":[6],"tags":[],"class_list":["post-12853","post","type-post","status-publish","format-standard","has-post-thumbnail","hentry","category-ciudad-provincia"],"yoast_head":"<!-- This site is optimized with the Yoast SEO plugin v26.1.1 - https:\/\/yoast.com\/wordpress\/plugins\/seo\/ -->\n<title>MURI\u00d3 UNA MUJER EN VILLA MERCEDES Y PREOCUPA EL INUSUAL AUMENTO EN LOS CASOS DE DENGUE - Apuntes de San Luis<\/title>\n<meta name=\"robots\" content=\"index, follow, max-snippet:-1, max-image-preview:large, max-video-preview:-1\" \/>\n<link rel=\"canonical\" href=\"https:\/\/apuntesdesanluis.com\/index.php\/2024\/03\/07\/murio-una-mujer-en-villa-mercedes-y-preocupa-el-inusual-aumento-en-los-casos-de-dengue\/\" \/>\n<meta property=\"og:locale\" content=\"es_ES\" \/>\n<meta property=\"og:type\" content=\"article\" \/>\n<meta property=\"og:title\" content=\"MURI\u00d3 UNA MUJER EN VILLA MERCEDES Y PREOCUPA EL INUSUAL AUMENTO EN LOS CASOS DE DENGUE - Apuntes de San Luis\" \/>\n<meta property=\"og:description\" content=\"El Ministerio de Salud inform\u00f3 el fallecimiento de una paciente de 23 a\u00f1os que se...\" \/>\n<meta property=\"og:url\" content=\"https:\/\/apuntesdesanluis.com\/index.php\/2024\/03\/07\/murio-una-mujer-en-villa-mercedes-y-preocupa-el-inusual-aumento-en-los-casos-de-dengue\/\" \/>\n<meta property=\"og:site_name\" content=\"Apuntes de San Luis\" \/>\n<meta property=\"article:published_time\" content=\"2024-03-08T00:37:54+00:00\" \/>\n<meta property=\"article:modified_time\" content=\"2024-03-08T00:43:46+00:00\" \/>\n<meta property=\"og:image\" content=\"https:\/\/apuntesdesanluis.com\/wp-content\/uploads\/2023\/12\/DENGUE.png\" \/>\n\t<meta property=\"og:image:width\" content=\"579\" \/>\n\t<meta property=\"og:image:height\" content=\"339\" \/>\n\t<meta property=\"og:image:type\" content=\"image\/png\" \/>\n<meta name=\"author\" content=\"apuntesdesanluis.com\" \/>\n<meta name=\"twitter:card\" content=\"summary_large_image\" \/>\n<meta name=\"twitter:label1\" content=\"Escrito por\" \/>\n\t<meta name=\"twitter:data1\" content=\"apuntesdesanluis.com\" \/>\n\t<meta name=\"twitter:label2\" content=\"Tiempo de lectura\" \/>\n\t<meta name=\"twitter:data2\" content=\"2 minutos\" \/>\n<script type=\"application\/ld+json\" class=\"yoast-schema-graph\">{\"@context\":\"https:\/\/schema.org\",\"@graph\":[{\"@type\":\"Article\",\"@id\":\"https:\/\/apuntesdesanluis.com\/index.php\/2024\/03\/07\/murio-una-mujer-en-villa-mercedes-y-preocupa-el-inusual-aumento-en-los-casos-de-dengue\/#article\",\"isPartOf\":{\"@id\":\"https:\/\/apuntesdesanluis.com\/index.php\/2024\/03\/07\/murio-una-mujer-en-villa-mercedes-y-preocupa-el-inusual-aumento-en-los-casos-de-dengue\/\"},\"author\":{\"name\":\"apuntesdesanluis.com\",\"@id\":\"https:\/\/apuntesdesanluis.com\/#\/schema\/person\/b55151d52296fcce64d1a72538a70b90\"},\"headline\":\"MURI\u00d3 UNA MUJER EN VILLA MERCEDES Y PREOCUPA EL INUSUAL AUMENTO EN LOS CASOS DE DENGUE\",\"datePublished\":\"2024-03-08T00:37:54+00:00\",\"dateModified\":\"2024-03-08T00:43:46+00:00\",\"mainEntityOfPage\":{\"@id\":\"https:\/\/apuntesdesanluis.com\/index.php\/2024\/03\/07\/murio-una-mujer-en-villa-mercedes-y-preocupa-el-inusual-aumento-en-los-casos-de-dengue\/\"},\"wordCount\":305,\"publisher\":{\"@id\":\"https:\/\/apuntesdesanluis.com\/#\/schema\/person\/b55151d52296fcce64d1a72538a70b90\"},\"image\":{\"@id\":\"https:\/\/apuntesdesanluis.com\/index.php\/2024\/03\/07\/murio-una-mujer-en-villa-mercedes-y-preocupa-el-inusual-aumento-en-los-casos-de-dengue\/#primaryimage\"},\"thumbnailUrl\":\"https:\/\/apuntesdesanluis.com\/wp-content\/uploads\/2023\/12\/DENGUE.png\",\"articleSection\":[\"Ciudad\/Provincia\"],\"inLanguage\":\"es-AR\"},{\"@type\":\"WebPage\",\"@id\":\"https:\/\/apuntesdesanluis.com\/index.php\/2024\/03\/07\/murio-una-mujer-en-villa-mercedes-y-preocupa-el-inusual-aumento-en-los-casos-de-dengue\/\",\"url\":\"https:\/\/apuntesdesanluis.com\/index.php\/2024\/03\/07\/murio-una-mujer-en-villa-mercedes-y-preocupa-el-inusual-aumento-en-los-casos-de-dengue\/\",\"name\":\"MURI\u00d3 UNA MUJER EN VILLA MERCEDES Y PREOCUPA EL INUSUAL AUMENTO EN LOS CASOS DE DENGUE - Apuntes de San Luis\",\"isPartOf\":{\"@id\":\"https:\/\/apuntesdesanluis.com\/#website\"},\"primaryImageOfPage\":{\"@id\":\"https:\/\/apuntesdesanluis.com\/index.php\/2024\/03\/07\/murio-una-mujer-en-villa-mercedes-y-preocupa-el-inusual-aumento-en-los-casos-de-dengue\/#primaryimage\"},\"image\":{\"@id\":\"https:\/\/apuntesdesanluis.com\/index.php\/2024\/03\/07\/murio-una-mujer-en-villa-mercedes-y-preocupa-el-inusual-aumento-en-los-casos-de-dengue\/#primaryimage\"},\"thumbnailUrl\":\"https:\/\/apuntesdesanluis.com\/wp-content\/uploads\/2023\/12\/DENGUE.png\",\"datePublished\":\"2024-03-08T00:37:54+00:00\",\"dateModified\":\"2024-03-08T00:43:46+00:00\",\"breadcrumb\":{\"@id\":\"https:\/\/apuntesdesanluis.com\/index.php\/2024\/03\/07\/murio-una-mujer-en-villa-mercedes-y-preocupa-el-inusual-aumento-en-los-casos-de-dengue\/#breadcrumb\"},\"inLanguage\":\"es-AR\",\"potentialAction\":[{\"@type\":\"ReadAction\",\"target\":[\"https:\/\/apuntesdesanluis.com\/index.php\/2024\/03\/07\/murio-una-mujer-en-villa-mercedes-y-preocupa-el-inusual-aumento-en-los-casos-de-dengue\/\"]}]},{\"@type\":\"ImageObject\",\"inLanguage\":\"es-AR\",\"@id\":\"https:\/\/apuntesdesanluis.com\/index.php\/2024\/03\/07\/murio-una-mujer-en-villa-mercedes-y-preocupa-el-inusual-aumento-en-los-casos-de-dengue\/#primaryimage\",\"url\":\"https:\/\/apuntesdesanluis.com\/wp-content\/uploads\/2023\/12\/DENGUE.png\",\"contentUrl\":\"https:\/\/apuntesdesanluis.com\/wp-content\/uploads\/2023\/12\/DENGUE.png\",\"width\":579,\"height\":339},{\"@type\":\"BreadcrumbList\",\"@id\":\"https:\/\/apuntesdesanluis.com\/index.php\/2024\/03\/07\/murio-una-mujer-en-villa-mercedes-y-preocupa-el-inusual-aumento-en-los-casos-de-dengue\/#breadcrumb\",\"itemListElement\":[{\"@type\":\"ListItem\",\"position\":1,\"name\":\"Inicio\",\"item\":\"https:\/\/apuntesdesanluis.com\/\"},{\"@type\":\"ListItem\",\"position\":2,\"name\":\"MURI\u00d3 UNA MUJER EN VILLA MERCEDES Y PREOCUPA EL INUSUAL AUMENTO EN LOS CASOS DE DENGUE\"}]},{\"@type\":\"WebSite\",\"@id\":\"https:\/\/apuntesdesanluis.com\/#website\",\"url\":\"https:\/\/apuntesdesanluis.com\/\",\"name\":\"Apuntes de San Luis\",\"description\":\"\",\"publisher\":{\"@id\":\"https:\/\/apuntesdesanluis.com\/#\/schema\/person\/b55151d52296fcce64d1a72538a70b90\"},\"potentialAction\":[{\"@type\":\"SearchAction\",\"target\":{\"@type\":\"EntryPoint\",\"urlTemplate\":\"https:\/\/apuntesdesanluis.com\/?s={search_term_string}\"},\"query-input\":{\"@type\":\"PropertyValueSpecification\",\"valueRequired\":true,\"valueName\":\"search_term_string\"}}],\"inLanguage\":\"es-AR\"},{\"@type\":[\"Person\",\"Organization\"],\"@id\":\"https:\/\/apuntesdesanluis.com\/#\/schema\/person\/b55151d52296fcce64d1a72538a70b90\",\"name\":\"apuntesdesanluis.com\",\"image\":{\"@type\":\"ImageObject\",\"inLanguage\":\"es-AR\",\"@id\":\"https:\/\/apuntesdesanluis.com\/#\/schema\/person\/image\/\",\"url\":\"https:\/\/apuntesdesanluis.com\/wp-content\/uploads\/2023\/07\/cropped-apuntesdesanluis.png\",\"contentUrl\":\"https:\/\/apuntesdesanluis.com\/wp-content\/uploads\/2023\/07\/cropped-apuntesdesanluis.png\",\"width\":450,\"height\":112,\"caption\":\"apuntesdesanluis.com\"},\"logo\":{\"@id\":\"https:\/\/apuntesdesanluis.com\/#\/schema\/person\/image\/\"},\"sameAs\":[\"https:\/\/apuntesdesanluis.com\"],\"url\":\"https:\/\/apuntesdesanluis.com\/index.php\/author\/apuntesdesanluis-com\/\"}]}<\/script>\n<!-- \/ Yoast SEO plugin. -->","yoast_head_json":{"title":"MURI\u00d3 UNA MUJER EN VILLA MERCEDES Y PREOCUPA EL INUSUAL AUMENTO EN LOS CASOS DE DENGUE - Apuntes de San Luis","robots":{"index":"index","follow":"follow","max-snippet":"max-snippet:-1","max-image-preview":"max-image-preview:large","max-video-preview":"max-video-preview:-1"},"canonical":"https:\/\/apuntesdesanluis.com\/index.php\/2024\/03\/07\/murio-una-mujer-en-villa-mercedes-y-preocupa-el-inusual-aumento-en-los-casos-de-dengue\/","og_locale":"es_ES","og_type":"article","og_title":"MURI\u00d3 UNA MUJER EN VILLA MERCEDES Y PREOCUPA EL INUSUAL AUMENTO EN LOS CASOS DE DENGUE - Apuntes de San Luis","og_description":"El Ministerio de Salud inform\u00f3 el fallecimiento de una paciente de 23 a\u00f1os que se...","og_url":"https:\/\/apuntesdesanluis.com\/index.php\/2024\/03\/07\/murio-una-mujer-en-villa-mercedes-y-preocupa-el-inusual-aumento-en-los-casos-de-dengue\/","og_site_name":"Apuntes de San Luis","article_published_time":"2024-03-08T00:37:54+00:00","article_modified_time":"2024-03-08T00:43:46+00:00","og_image":[{"width":579,"height":339,"url":"https:\/\/apuntesdesanluis.com\/wp-content\/uploads\/2023\/12\/DENGUE.png","type":"image\/png"}],"author":"apuntesdesanluis.com","twitter_card":"summary_large_image","twitter_misc":{"Escrito por":"apuntesdesanluis.com","Tiempo de lectura":"2 minutos"},"schema":{"@context":"https:\/\/schema.org","@graph":[{"@type":"Article","@id":"https:\/\/apuntesdesanluis.com\/index.php\/2024\/03\/07\/murio-una-mujer-en-villa-mercedes-y-preocupa-el-inusual-aumento-en-los-casos-de-dengue\/#article","isPartOf":{"@id":"https:\/\/apuntesdesanluis.com\/index.php\/2024\/03\/07\/murio-una-mujer-en-villa-mercedes-y-preocupa-el-inusual-aumento-en-los-casos-de-dengue\/"},"author":{"name":"apuntesdesanluis.com","@id":"https:\/\/apuntesdesanluis.com\/#\/schema\/person\/b55151d52296fcce64d1a72538a70b90"},"headline":"MURI\u00d3 UNA MUJER EN VILLA MERCEDES Y PREOCUPA EL INUSUAL AUMENTO EN LOS CASOS DE DENGUE","datePublished":"2024-03-08T00:37:54+00:00","dateModified":"2024-03-08T00:43:46+00:00","mainEntityOfPage":{"@id":"https:\/\/apuntesdesanluis.com\/index.php\/2024\/03\/07\/murio-una-mujer-en-villa-mercedes-y-preocupa-el-inusual-aumento-en-los-casos-de-dengue\/"},"wordCount":305,"publisher":{"@id":"https:\/\/apuntesdesanluis.com\/#\/schema\/person\/b55151d52296fcce64d1a72538a70b90"},"image":{"@id":"https:\/\/apuntesdesanluis.com\/index.php\/2024\/03\/07\/murio-una-mujer-en-villa-mercedes-y-preocupa-el-inusual-aumento-en-los-casos-de-dengue\/#primaryimage"},"thumbnailUrl":"https:\/\/apuntesdesanluis.com\/wp-content\/uploads\/2023\/12\/DENGUE.png","articleSection":["Ciudad\/Provincia"],"inLanguage":"es-AR"},{"@type":"WebPage","@id":"https:\/\/apuntesdesanluis.com\/index.php\/2024\/03\/07\/murio-una-mujer-en-villa-mercedes-y-preocupa-el-inusual-aumento-en-los-casos-de-dengue\/","url":"https:\/\/apuntesdesanluis.com\/index.php\/2024\/03\/07\/murio-una-mujer-en-villa-mercedes-y-preocupa-el-inusual-aumento-en-los-casos-de-dengue\/","name":"MURI\u00d3 UNA MUJER EN VILLA MERCEDES Y PREOCUPA EL INUSUAL AUMENTO EN LOS CASOS DE DENGUE - Apuntes de San Luis","isPartOf":{"@id":"https:\/\/apuntesdesanluis.com\/#website"},"primaryImageOfPage":{"@id":"https:\/\/apuntesdesanluis.com\/index.php\/2024\/03\/07\/murio-una-mujer-en-villa-mercedes-y-preocupa-el-inusual-aumento-en-los-casos-de-dengue\/#primaryimage"},"image":{"@id":"https:\/\/apuntesdesanluis.com\/index.php\/2024\/03\/07\/murio-una-mujer-en-villa-mercedes-y-preocupa-el-inusual-aumento-en-los-casos-de-dengue\/#primaryimage"},"thumbnailUrl":"https:\/\/apuntesdesanluis.com\/wp-content\/uploads\/2023\/12\/DENGUE.png","datePublished":"2024-03-08T00:37:54+00:00","dateModified":"2024-03-08T00:43:46+00:00","breadcrumb":{"@id":"https:\/\/apuntesdesanluis.com\/index.php\/2024\/03\/07\/murio-una-mujer-en-villa-mercedes-y-preocupa-el-inusual-aumento-en-los-casos-de-dengue\/#breadcrumb"},"inLanguage":"es-AR","potentialAction":[{"@type":"ReadAction","target":["https:\/\/apuntesdesanluis.com\/index.php\/2024\/03\/07\/murio-una-mujer-en-villa-mercedes-y-preocupa-el-inusual-aumento-en-los-casos-de-dengue\/"]}]},{"@type":"ImageObject","inLanguage":"es-AR","@id":"https:\/\/apuntesdesanluis.com\/index.php\/2024\/03\/07\/murio-una-mujer-en-villa-mercedes-y-preocupa-el-inusual-aumento-en-los-casos-de-dengue\/#primaryimage","url":"https:\/\/apuntesdesanluis.com\/wp-content\/uploads\/2023\/12\/DENGUE.png","contentUrl":"https:\/\/apuntesdesanluis.com\/wp-content\/uploads\/2023\/12\/DENGUE.png","width":579,"height":339},{"@type":"BreadcrumbList","@id":"https:\/\/apuntesdesanluis.com\/index.php\/2024\/03\/07\/murio-una-mujer-en-villa-mercedes-y-preocupa-el-inusual-aumento-en-los-casos-de-dengue\/#breadcrumb","itemListElement":[{"@type":"ListItem","position":1,"name":"Inicio","item":"https:\/\/apuntesdesanluis.com\/"},{"@type":"ListItem","position":2,"name":"MURI\u00d3 UNA MUJER EN VILLA MERCEDES Y PREOCUPA EL INUSUAL AUMENTO EN LOS CASOS DE DENGUE"}]},{"@type":"WebSite","@id":"https:\/\/apuntesdesanluis.com\/#website","url":"https:\/\/apuntesdesanluis.com\/","name":"Apuntes de San Luis","description":"","publisher":{"@id":"https:\/\/apuntesdesanluis.com\/#\/schema\/person\/b55151d52296fcce64d1a72538a70b90"},"potentialAction":[{"@type":"SearchAction","target":{"@type":"EntryPoint","urlTemplate":"https:\/\/apuntesdesanluis.com\/?s={search_term_string}"},"query-input":{"@type":"PropertyValueSpecification","valueRequired":true,"valueName":"search_term_string"}}],"inLanguage":"es-AR"},{"@type":["Person","Organization"],"@id":"https:\/\/apuntesdesanluis.com\/#\/schema\/person\/b55151d52296fcce64d1a72538a70b90","name":"apuntesdesanluis.com","image":{"@type":"ImageObject","inLanguage":"es-AR","@id":"https:\/\/apuntesdesanluis.com\/#\/schema\/person\/image\/","url":"https:\/\/apuntesdesanluis.com\/wp-content\/uploads\/2023\/07\/cropped-apuntesdesanluis.png","contentUrl":"https:\/\/apuntesdesanluis.com\/wp-content\/uploads\/2023\/07\/cropped-apuntesdesanluis.png","width":450,"height":112,"caption":"apuntesdesanluis.com"},"logo":{"@id":"https:\/\/apuntesdesanluis.com\/#\/schema\/person\/image\/"},"sameAs":["https:\/\/apuntesdesanluis.com"],"url":"https:\/\/apuntesdesanluis.com\/index.php\/author\/apuntesdesanluis-com\/"}]}},"featured_image_urls":{"full":["https:\/\/apuntesdesanluis.com\/wp-content\/uploads\/2023\/12\/DENGUE.png",579,339,false],"thumbnail":["https:\/\/apuntesdesanluis.com\/wp-content\/uploads\/2023\/12\/DENGUE-150x150.png",150,150,true],"medium":["https:\/\/apuntesdesanluis.com\/wp-content\/uploads\/2023\/12\/DENGUE-300x176.png",300,176,true],"medium_large":["https:\/\/apuntesdesanluis.com\/wp-content\/uploads\/2023\/12\/DENGUE.png",579,339,false],"large":["https:\/\/apuntesdesanluis.com\/wp-content\/uploads\/2023\/12\/DENGUE.png",579,339,false],"1536x1536":["https:\/\/apuntesdesanluis.com\/wp-content\/uploads\/2023\/12\/DENGUE.png",579,339,false],"2048x2048":["https:\/\/apuntesdesanluis.com\/wp-content\/uploads\/2023\/12\/DENGUE.png",579,339,false],"newsever-slider-full":["https:\/\/apuntesdesanluis.com\/wp-content\/uploads\/2023\/12\/DENGUE.png",579,339,false],"newsever-featured":["https:\/\/apuntesdesanluis.com\/wp-content\/uploads\/2023\/12\/DENGUE.png",579,339,false],"newsever-medium":["https:\/\/apuntesdesanluis.com\/wp-content\/uploads\/2023\/12\/DENGUE.png",579,339,false]},"author_info":{"display_name":"apuntesdesanluis.com","author_link":"https:\/\/apuntesdesanluis.com\/index.php\/author\/apuntesdesanluis-com\/"},"category_info":"<a href=\"https:\/\/apuntesdesanluis.com\/index.php\/category\/ciudad-provincia\/\" rel=\"category tag\">Ciudad\/Provincia<\/a>","tag_info":"Ciudad\/Provincia","comment_count":"0","_links":{"self":[{"href":"https:\/\/apuntesdesanluis.com\/index.php\/wp-json\/wp\/v2\/posts\/12853","targetHints":{"allow":["GET"]}}],"collection":[{"href":"https:\/\/apuntesdesanluis.com\/index.php\/wp-json\/wp\/v2\/posts"}],"about":[{"href":"https:\/\/apuntesdesanluis.com\/index.php\/wp-json\/wp\/v2\/types\/post"}],"author":[{"embeddable":true,"href":"https:\/\/apuntesdesanluis.com\/index.php\/wp-json\/wp\/v2\/users\/1"}],"replies":[{"embeddable":true,"href":"https:\/\/apuntesdesanluis.com\/index.php\/wp-json\/wp\/v2\/comments?post=12853"}],"version-history":[{"count":4,"href":"https:\/\/apuntesdesanluis.com\/index.php\/wp-json\/wp\/v2\/posts\/12853\/revisions"}],"predecessor-version":[{"id":12857,"href":"https:\/\/apuntesdesanluis.com\/index.php\/wp-json\/wp\/v2\/posts\/12853\/revisions\/12857"}],"wp:featuredmedia":[{"embeddable":true,"href":"https:\/\/apuntesdesanluis.com\/index.php\/wp-json\/wp\/v2\/media\/8949"}],"wp:attachment":[{"href":"https:\/\/apuntesdesanluis.com\/index.php\/wp-json\/wp\/v2\/media?parent=12853"}],"wp:term":[{"taxonomy":"category","embeddable":true,"href":"https:\/\/apuntesdesanluis.com\/index.php\/wp-json\/wp\/v2\/categories?post=12853"},{"taxonomy":"post_tag","embeddable":true,"href":"https:\/\/apuntesdesanluis.com\/index.php\/wp-json\/wp\/v2\/tags?post=12853"}],"curies":[{"name":"wp","href":"https:\/\/api.w.org\/{rel}","templated":true}]}}