{"id":12858,"date":"2024-03-07T10:48:21","date_gmt":"2024-03-07T13:48:21","guid":{"rendered":"https:\/\/apuntesdesanluis.com\/?p=12858"},"modified":"2024-03-07T21:49:35","modified_gmt":"2024-03-08T00:49:35","slug":"el-gobierno-acuso-una-fuerte-caida-de-los-ingresos-coparticipables-en-febrero","status":"publish","type":"post","link":"https:\/\/apuntesdesanluis.com\/index.php\/2024\/03\/07\/el-gobierno-acuso-una-fuerte-caida-de-los-ingresos-coparticipables-en-febrero\/","title":{"rendered":"EL GOBIERNO ACUS\u00d3 UNA FUERTE CA\u00cdDA DE LOS INGRESOS COPARTICIPABLES EN FEBRERO"},"content":{"rendered":"<h3>La recaudaci\u00f3n de ingresos coparticipables por Naci\u00f3n que percibi\u00f3 la provincia de San Luis el mes pasado cay\u00f3 un 27,8% en t\u00e9rminos reales con respecto al mismo per\u00edodo de 2023, se inform\u00f3 oficialmente.<\/h3>\n<h3>Los recortes decididos por la Naci\u00f3n provocaron una fuerte ca\u00edda del dinero que recibe San Luis en materia de coparticipaci\u00f3n. Esto refleja un agravamiento de la situaci\u00f3n en relaci\u00f3n al mes de enero, en el cual la merma de los mismos recursos hab\u00eda sido del 12,6%. Tal escenario permitir\u00eda prever que la situaci\u00f3n continuar\u00eda profundiz\u00e1ndose en los pr\u00f3ximos meses.<\/h3>\n<h3>Esta variaci\u00f3n interanual negativa de la recaudaci\u00f3n se fundamenta por un lado en la ca\u00edda del nivel de la actividad econ\u00f3mica que afecta a la econom\u00eda del pa\u00eds y por otro lado debido a las modificaciones realizadas en el Impuesto a las Ganancias, que repercuten directamente en la recaudaci\u00f3n de uno de los grav\u00e1menes m\u00e1s importantes que se distribuye entre las provincias.<\/h3>\n<h3>Considerando que todos los pron\u00f3sticos indican que, al menos en el corto plazo, la situaci\u00f3n seguir\u00eda agrav\u00e1ndose, se espera que el comportamiento negativo de la evoluci\u00f3n se profundice. Esto traer\u00eda aparejado un mayor deterioro en los ingresos provinciales.<\/h3>\n<p>&nbsp;<\/p>\n<p>&nbsp;<\/p>\n<p>&nbsp;<\/p>\n","protected":false},"excerpt":{"rendered":"<p>La recaudaci\u00f3n de ingresos coparticipables por Naci\u00f3n que percibi\u00f3 la provincia de San Luis el&#8230;<\/p>\n","protected":false},"author":1,"featured_media":288,"comment_status":"closed","ping_status":"closed","sticky":false,"template":"","format":"standard","meta":{"footnotes":""},"categories":[6],"tags":[],"class_list":["post-12858","post","type-post","status-publish","format-standard","has-post-thumbnail","hentry","category-ciudad-provincia"],"yoast_head":"<!-- This site is optimized with the Yoast SEO plugin v26.1.1 - https:\/\/yoast.com\/wordpress\/plugins\/seo\/ -->\n<title>EL GOBIERNO ACUS\u00d3 UNA FUERTE CA\u00cdDA DE LOS INGRESOS COPARTICIPABLES EN FEBRERO - Apuntes de San Luis<\/title>\n<meta name=\"robots\" content=\"index, follow, max-snippet:-1, max-image-preview:large, max-video-preview:-1\" \/>\n<link rel=\"canonical\" href=\"https:\/\/apuntesdesanluis.com\/index.php\/2024\/03\/07\/el-gobierno-acuso-una-fuerte-caida-de-los-ingresos-coparticipables-en-febrero\/\" \/>\n<meta property=\"og:locale\" content=\"es_ES\" \/>\n<meta property=\"og:type\" content=\"article\" \/>\n<meta property=\"og:title\" content=\"EL GOBIERNO ACUS\u00d3 UNA FUERTE CA\u00cdDA DE LOS INGRESOS COPARTICIPABLES EN FEBRERO - Apuntes de San Luis\" \/>\n<meta property=\"og:description\" content=\"La recaudaci\u00f3n de ingresos coparticipables por Naci\u00f3n que percibi\u00f3 la provincia de San Luis el...\" \/>\n<meta property=\"og:url\" content=\"https:\/\/apuntesdesanluis.com\/index.php\/2024\/03\/07\/el-gobierno-acuso-una-fuerte-caida-de-los-ingresos-coparticipables-en-febrero\/\" \/>\n<meta property=\"og:site_name\" content=\"Apuntes de San Luis\" \/>\n<meta property=\"article:published_time\" content=\"2024-03-07T13:48:21+00:00\" \/>\n<meta property=\"article:modified_time\" content=\"2024-03-08T00:49:35+00:00\" \/>\n<meta property=\"og:image\" content=\"https:\/\/apuntesdesanluis.com\/wp-content\/uploads\/2023\/07\/TERRAZAS-AEREA-630x420-1.jpg\" \/>\n\t<meta property=\"og:image:width\" content=\"499\" \/>\n\t<meta property=\"og:image:height\" content=\"304\" \/>\n\t<meta property=\"og:image:type\" content=\"image\/jpeg\" \/>\n<meta name=\"author\" content=\"apuntesdesanluis.com\" \/>\n<meta name=\"twitter:card\" content=\"summary_large_image\" \/>\n<meta name=\"twitter:label1\" content=\"Escrito por\" \/>\n\t<meta name=\"twitter:data1\" content=\"apuntesdesanluis.com\" \/>\n\t<meta name=\"twitter:label2\" content=\"Tiempo de lectura\" \/>\n\t<meta name=\"twitter:data2\" content=\"1 minuto\" \/>\n<script type=\"application\/ld+json\" class=\"yoast-schema-graph\">{\"@context\":\"https:\/\/schema.org\",\"@graph\":[{\"@type\":\"Article\",\"@id\":\"https:\/\/apuntesdesanluis.com\/index.php\/2024\/03\/07\/el-gobierno-acuso-una-fuerte-caida-de-los-ingresos-coparticipables-en-febrero\/#article\",\"isPartOf\":{\"@id\":\"https:\/\/apuntesdesanluis.com\/index.php\/2024\/03\/07\/el-gobierno-acuso-una-fuerte-caida-de-los-ingresos-coparticipables-en-febrero\/\"},\"author\":{\"name\":\"apuntesdesanluis.com\",\"@id\":\"https:\/\/apuntesdesanluis.com\/#\/schema\/person\/b55151d52296fcce64d1a72538a70b90\"},\"headline\":\"EL GOBIERNO ACUS\u00d3 UNA FUERTE CA\u00cdDA DE LOS INGRESOS COPARTICIPABLES EN FEBRERO\",\"datePublished\":\"2024-03-07T13:48:21+00:00\",\"dateModified\":\"2024-03-08T00:49:35+00:00\",\"mainEntityOfPage\":{\"@id\":\"https:\/\/apuntesdesanluis.com\/index.php\/2024\/03\/07\/el-gobierno-acuso-una-fuerte-caida-de-los-ingresos-coparticipables-en-febrero\/\"},\"wordCount\":235,\"publisher\":{\"@id\":\"https:\/\/apuntesdesanluis.com\/#\/schema\/person\/b55151d52296fcce64d1a72538a70b90\"},\"image\":{\"@id\":\"https:\/\/apuntesdesanluis.com\/index.php\/2024\/03\/07\/el-gobierno-acuso-una-fuerte-caida-de-los-ingresos-coparticipables-en-febrero\/#primaryimage\"},\"thumbnailUrl\":\"https:\/\/apuntesdesanluis.com\/wp-content\/uploads\/2023\/07\/TERRAZAS-AEREA-630x420-1.jpg\",\"articleSection\":[\"Ciudad\/Provincia\"],\"inLanguage\":\"es-AR\"},{\"@type\":\"WebPage\",\"@id\":\"https:\/\/apuntesdesanluis.com\/index.php\/2024\/03\/07\/el-gobierno-acuso-una-fuerte-caida-de-los-ingresos-coparticipables-en-febrero\/\",\"url\":\"https:\/\/apuntesdesanluis.com\/index.php\/2024\/03\/07\/el-gobierno-acuso-una-fuerte-caida-de-los-ingresos-coparticipables-en-febrero\/\",\"name\":\"EL GOBIERNO ACUS\u00d3 UNA FUERTE CA\u00cdDA DE LOS INGRESOS COPARTICIPABLES EN FEBRERO - Apuntes de San Luis\",\"isPartOf\":{\"@id\":\"https:\/\/apuntesdesanluis.com\/#website\"},\"primaryImageOfPage\":{\"@id\":\"https:\/\/apuntesdesanluis.com\/index.php\/2024\/03\/07\/el-gobierno-acuso-una-fuerte-caida-de-los-ingresos-coparticipables-en-febrero\/#primaryimage\"},\"image\":{\"@id\":\"https:\/\/apuntesdesanluis.com\/index.php\/2024\/03\/07\/el-gobierno-acuso-una-fuerte-caida-de-los-ingresos-coparticipables-en-febrero\/#primaryimage\"},\"thumbnailUrl\":\"https:\/\/apuntesdesanluis.com\/wp-content\/uploads\/2023\/07\/TERRAZAS-AEREA-630x420-1.jpg\",\"datePublished\":\"2024-03-07T13:48:21+00:00\",\"dateModified\":\"2024-03-08T00:49:35+00:00\",\"breadcrumb\":{\"@id\":\"https:\/\/apuntesdesanluis.com\/index.php\/2024\/03\/07\/el-gobierno-acuso-una-fuerte-caida-de-los-ingresos-coparticipables-en-febrero\/#breadcrumb\"},\"inLanguage\":\"es-AR\",\"potentialAction\":[{\"@type\":\"ReadAction\",\"target\":[\"https:\/\/apuntesdesanluis.com\/index.php\/2024\/03\/07\/el-gobierno-acuso-una-fuerte-caida-de-los-ingresos-coparticipables-en-febrero\/\"]}]},{\"@type\":\"ImageObject\",\"inLanguage\":\"es-AR\",\"@id\":\"https:\/\/apuntesdesanluis.com\/index.php\/2024\/03\/07\/el-gobierno-acuso-una-fuerte-caida-de-los-ingresos-coparticipables-en-febrero\/#primaryimage\",\"url\":\"https:\/\/apuntesdesanluis.com\/wp-content\/uploads\/2023\/07\/TERRAZAS-AEREA-630x420-1.jpg\",\"contentUrl\":\"https:\/\/apuntesdesanluis.com\/wp-content\/uploads\/2023\/07\/TERRAZAS-AEREA-630x420-1.jpg\",\"width\":499,\"height\":304},{\"@type\":\"BreadcrumbList\",\"@id\":\"https:\/\/apuntesdesanluis.com\/index.php\/2024\/03\/07\/el-gobierno-acuso-una-fuerte-caida-de-los-ingresos-coparticipables-en-febrero\/#breadcrumb\",\"itemListElement\":[{\"@type\":\"ListItem\",\"position\":1,\"name\":\"Inicio\",\"item\":\"https:\/\/apuntesdesanluis.com\/\"},{\"@type\":\"ListItem\",\"position\":2,\"name\":\"EL GOBIERNO ACUS\u00d3 UNA FUERTE CA\u00cdDA DE LOS INGRESOS COPARTICIPABLES EN FEBRERO\"}]},{\"@type\":\"WebSite\",\"@id\":\"https:\/\/apuntesdesanluis.com\/#website\",\"url\":\"https:\/\/apuntesdesanluis.com\/\",\"name\":\"Apuntes de San Luis\",\"description\":\"\",\"publisher\":{\"@id\":\"https:\/\/apuntesdesanluis.com\/#\/schema\/person\/b55151d52296fcce64d1a72538a70b90\"},\"potentialAction\":[{\"@type\":\"SearchAction\",\"target\":{\"@type\":\"EntryPoint\",\"urlTemplate\":\"https:\/\/apuntesdesanluis.com\/?s={search_term_string}\"},\"query-input\":{\"@type\":\"PropertyValueSpecification\",\"valueRequired\":true,\"valueName\":\"search_term_string\"}}],\"inLanguage\":\"es-AR\"},{\"@type\":[\"Person\",\"Organization\"],\"@id\":\"https:\/\/apuntesdesanluis.com\/#\/schema\/person\/b55151d52296fcce64d1a72538a70b90\",\"name\":\"apuntesdesanluis.com\",\"image\":{\"@type\":\"ImageObject\",\"inLanguage\":\"es-AR\",\"@id\":\"https:\/\/apuntesdesanluis.com\/#\/schema\/person\/image\/\",\"url\":\"https:\/\/apuntesdesanluis.com\/wp-content\/uploads\/2023\/07\/cropped-apuntesdesanluis.png\",\"contentUrl\":\"https:\/\/apuntesdesanluis.com\/wp-content\/uploads\/2023\/07\/cropped-apuntesdesanluis.png\",\"width\":450,\"height\":112,\"caption\":\"apuntesdesanluis.com\"},\"logo\":{\"@id\":\"https:\/\/apuntesdesanluis.com\/#\/schema\/person\/image\/\"},\"sameAs\":[\"https:\/\/apuntesdesanluis.com\"],\"url\":\"https:\/\/apuntesdesanluis.com\/index.php\/author\/apuntesdesanluis-com\/\"}]}<\/script>\n<!-- \/ Yoast SEO plugin. -->","yoast_head_json":{"title":"EL GOBIERNO ACUS\u00d3 UNA FUERTE CA\u00cdDA DE LOS INGRESOS COPARTICIPABLES EN FEBRERO - Apuntes de San Luis","robots":{"index":"index","follow":"follow","max-snippet":"max-snippet:-1","max-image-preview":"max-image-preview:large","max-video-preview":"max-video-preview:-1"},"canonical":"https:\/\/apuntesdesanluis.com\/index.php\/2024\/03\/07\/el-gobierno-acuso-una-fuerte-caida-de-los-ingresos-coparticipables-en-febrero\/","og_locale":"es_ES","og_type":"article","og_title":"EL GOBIERNO ACUS\u00d3 UNA FUERTE CA\u00cdDA DE LOS INGRESOS COPARTICIPABLES EN FEBRERO - Apuntes de San Luis","og_description":"La recaudaci\u00f3n de ingresos coparticipables por Naci\u00f3n que percibi\u00f3 la provincia de San Luis el...","og_url":"https:\/\/apuntesdesanluis.com\/index.php\/2024\/03\/07\/el-gobierno-acuso-una-fuerte-caida-de-los-ingresos-coparticipables-en-febrero\/","og_site_name":"Apuntes de San Luis","article_published_time":"2024-03-07T13:48:21+00:00","article_modified_time":"2024-03-08T00:49:35+00:00","og_image":[{"width":499,"height":304,"url":"https:\/\/apuntesdesanluis.com\/wp-content\/uploads\/2023\/07\/TERRAZAS-AEREA-630x420-1.jpg","type":"image\/jpeg"}],"author":"apuntesdesanluis.com","twitter_card":"summary_large_image","twitter_misc":{"Escrito por":"apuntesdesanluis.com","Tiempo de lectura":"1 minuto"},"schema":{"@context":"https:\/\/schema.org","@graph":[{"@type":"Article","@id":"https:\/\/apuntesdesanluis.com\/index.php\/2024\/03\/07\/el-gobierno-acuso-una-fuerte-caida-de-los-ingresos-coparticipables-en-febrero\/#article","isPartOf":{"@id":"https:\/\/apuntesdesanluis.com\/index.php\/2024\/03\/07\/el-gobierno-acuso-una-fuerte-caida-de-los-ingresos-coparticipables-en-febrero\/"},"author":{"name":"apuntesdesanluis.com","@id":"https:\/\/apuntesdesanluis.com\/#\/schema\/person\/b55151d52296fcce64d1a72538a70b90"},"headline":"EL GOBIERNO ACUS\u00d3 UNA FUERTE CA\u00cdDA DE LOS INGRESOS COPARTICIPABLES EN FEBRERO","datePublished":"2024-03-07T13:48:21+00:00","dateModified":"2024-03-08T00:49:35+00:00","mainEntityOfPage":{"@id":"https:\/\/apuntesdesanluis.com\/index.php\/2024\/03\/07\/el-gobierno-acuso-una-fuerte-caida-de-los-ingresos-coparticipables-en-febrero\/"},"wordCount":235,"publisher":{"@id":"https:\/\/apuntesdesanluis.com\/#\/schema\/person\/b55151d52296fcce64d1a72538a70b90"},"image":{"@id":"https:\/\/apuntesdesanluis.com\/index.php\/2024\/03\/07\/el-gobierno-acuso-una-fuerte-caida-de-los-ingresos-coparticipables-en-febrero\/#primaryimage"},"thumbnailUrl":"https:\/\/apuntesdesanluis.com\/wp-content\/uploads\/2023\/07\/TERRAZAS-AEREA-630x420-1.jpg","articleSection":["Ciudad\/Provincia"],"inLanguage":"es-AR"},{"@type":"WebPage","@id":"https:\/\/apuntesdesanluis.com\/index.php\/2024\/03\/07\/el-gobierno-acuso-una-fuerte-caida-de-los-ingresos-coparticipables-en-febrero\/","url":"https:\/\/apuntesdesanluis.com\/index.php\/2024\/03\/07\/el-gobierno-acuso-una-fuerte-caida-de-los-ingresos-coparticipables-en-febrero\/","name":"EL GOBIERNO ACUS\u00d3 UNA FUERTE CA\u00cdDA DE LOS INGRESOS COPARTICIPABLES EN FEBRERO - Apuntes de San Luis","isPartOf":{"@id":"https:\/\/apuntesdesanluis.com\/#website"},"primaryImageOfPage":{"@id":"https:\/\/apuntesdesanluis.com\/index.php\/2024\/03\/07\/el-gobierno-acuso-una-fuerte-caida-de-los-ingresos-coparticipables-en-febrero\/#primaryimage"},"image":{"@id":"https:\/\/apuntesdesanluis.com\/index.php\/2024\/03\/07\/el-gobierno-acuso-una-fuerte-caida-de-los-ingresos-coparticipables-en-febrero\/#primaryimage"},"thumbnailUrl":"https:\/\/apuntesdesanluis.com\/wp-content\/uploads\/2023\/07\/TERRAZAS-AEREA-630x420-1.jpg","datePublished":"2024-03-07T13:48:21+00:00","dateModified":"2024-03-08T00:49:35+00:00","breadcrumb":{"@id":"https:\/\/apuntesdesanluis.com\/index.php\/2024\/03\/07\/el-gobierno-acuso-una-fuerte-caida-de-los-ingresos-coparticipables-en-febrero\/#breadcrumb"},"inLanguage":"es-AR","potentialAction":[{"@type":"ReadAction","target":["https:\/\/apuntesdesanluis.com\/index.php\/2024\/03\/07\/el-gobierno-acuso-una-fuerte-caida-de-los-ingresos-coparticipables-en-febrero\/"]}]},{"@type":"ImageObject","inLanguage":"es-AR","@id":"https:\/\/apuntesdesanluis.com\/index.php\/2024\/03\/07\/el-gobierno-acuso-una-fuerte-caida-de-los-ingresos-coparticipables-en-febrero\/#primaryimage","url":"https:\/\/apuntesdesanluis.com\/wp-content\/uploads\/2023\/07\/TERRAZAS-AEREA-630x420-1.jpg","contentUrl":"https:\/\/apuntesdesanluis.com\/wp-content\/uploads\/2023\/07\/TERRAZAS-AEREA-630x420-1.jpg","width":499,"height":304},{"@type":"BreadcrumbList","@id":"https:\/\/apuntesdesanluis.com\/index.php\/2024\/03\/07\/el-gobierno-acuso-una-fuerte-caida-de-los-ingresos-coparticipables-en-febrero\/#breadcrumb","itemListElement":[{"@type":"ListItem","position":1,"name":"Inicio","item":"https:\/\/apuntesdesanluis.com\/"},{"@type":"ListItem","position":2,"name":"EL GOBIERNO ACUS\u00d3 UNA FUERTE CA\u00cdDA DE LOS INGRESOS COPARTICIPABLES EN FEBRERO"}]},{"@type":"WebSite","@id":"https:\/\/apuntesdesanluis.com\/#website","url":"https:\/\/apuntesdesanluis.com\/","name":"Apuntes de San Luis","description":"","publisher":{"@id":"https:\/\/apuntesdesanluis.com\/#\/schema\/person\/b55151d52296fcce64d1a72538a70b90"},"potentialAction":[{"@type":"SearchAction","target":{"@type":"EntryPoint","urlTemplate":"https:\/\/apuntesdesanluis.com\/?s={search_term_string}"},"query-input":{"@type":"PropertyValueSpecification","valueRequired":true,"valueName":"search_term_string"}}],"inLanguage":"es-AR"},{"@type":["Person","Organization"],"@id":"https:\/\/apuntesdesanluis.com\/#\/schema\/person\/b55151d52296fcce64d1a72538a70b90","name":"apuntesdesanluis.com","image":{"@type":"ImageObject","inLanguage":"es-AR","@id":"https:\/\/apuntesdesanluis.com\/#\/schema\/person\/image\/","url":"https:\/\/apuntesdesanluis.com\/wp-content\/uploads\/2023\/07\/cropped-apuntesdesanluis.png","contentUrl":"https:\/\/apuntesdesanluis.com\/wp-content\/uploads\/2023\/07\/cropped-apuntesdesanluis.png","width":450,"height":112,"caption":"apuntesdesanluis.com"},"logo":{"@id":"https:\/\/apuntesdesanluis.com\/#\/schema\/person\/image\/"},"sameAs":["https:\/\/apuntesdesanluis.com"],"url":"https:\/\/apuntesdesanluis.com\/index.php\/author\/apuntesdesanluis-com\/"}]}},"featured_image_urls":{"full":["https:\/\/apuntesdesanluis.com\/wp-content\/uploads\/2023\/07\/TERRAZAS-AEREA-630x420-1.jpg",499,304,false],"thumbnail":["https:\/\/apuntesdesanluis.com\/wp-content\/uploads\/2023\/07\/TERRAZAS-AEREA-630x420-1-150x150.jpg",150,150,true],"medium":["https:\/\/apuntesdesanluis.com\/wp-content\/uploads\/2023\/07\/TERRAZAS-AEREA-630x420-1-300x183.jpg",300,183,true],"medium_large":["https:\/\/apuntesdesanluis.com\/wp-content\/uploads\/2023\/07\/TERRAZAS-AEREA-630x420-1.jpg",499,304,false],"large":["https:\/\/apuntesdesanluis.com\/wp-content\/uploads\/2023\/07\/TERRAZAS-AEREA-630x420-1.jpg",499,304,false],"1536x1536":["https:\/\/apuntesdesanluis.com\/wp-content\/uploads\/2023\/07\/TERRAZAS-AEREA-630x420-1.jpg",499,304,false],"2048x2048":["https:\/\/apuntesdesanluis.com\/wp-content\/uploads\/2023\/07\/TERRAZAS-AEREA-630x420-1.jpg",499,304,false],"newsever-slider-full":["https:\/\/apuntesdesanluis.com\/wp-content\/uploads\/2023\/07\/TERRAZAS-AEREA-630x420-1.jpg",499,304,false],"newsever-featured":["https:\/\/apuntesdesanluis.com\/wp-content\/uploads\/2023\/07\/TERRAZAS-AEREA-630x420-1.jpg",499,304,false],"newsever-medium":["https:\/\/apuntesdesanluis.com\/wp-content\/uploads\/2023\/07\/TERRAZAS-AEREA-630x420-1.jpg",499,304,false]},"author_info":{"display_name":"apuntesdesanluis.com","author_link":"https:\/\/apuntesdesanluis.com\/index.php\/author\/apuntesdesanluis-com\/"},"category_info":"<a href=\"https:\/\/apuntesdesanluis.com\/index.php\/category\/ciudad-provincia\/\" rel=\"category tag\">Ciudad\/Provincia<\/a>","tag_info":"Ciudad\/Provincia","comment_count":"0","_links":{"self":[{"href":"https:\/\/apuntesdesanluis.com\/index.php\/wp-json\/wp\/v2\/posts\/12858","targetHints":{"allow":["GET"]}}],"collection":[{"href":"https:\/\/apuntesdesanluis.com\/index.php\/wp-json\/wp\/v2\/posts"}],"about":[{"href":"https:\/\/apuntesdesanluis.com\/index.php\/wp-json\/wp\/v2\/types\/post"}],"author":[{"embeddable":true,"href":"https:\/\/apuntesdesanluis.com\/index.php\/wp-json\/wp\/v2\/users\/1"}],"replies":[{"embeddable":true,"href":"https:\/\/apuntesdesanluis.com\/index.php\/wp-json\/wp\/v2\/comments?post=12858"}],"version-history":[{"count":2,"href":"https:\/\/apuntesdesanluis.com\/index.php\/wp-json\/wp\/v2\/posts\/12858\/revisions"}],"predecessor-version":[{"id":12860,"href":"https:\/\/apuntesdesanluis.com\/index.php\/wp-json\/wp\/v2\/posts\/12858\/revisions\/12860"}],"wp:featuredmedia":[{"embeddable":true,"href":"https:\/\/apuntesdesanluis.com\/index.php\/wp-json\/wp\/v2\/media\/288"}],"wp:attachment":[{"href":"https:\/\/apuntesdesanluis.com\/index.php\/wp-json\/wp\/v2\/media?parent=12858"}],"wp:term":[{"taxonomy":"category","embeddable":true,"href":"https:\/\/apuntesdesanluis.com\/index.php\/wp-json\/wp\/v2\/categories?post=12858"},{"taxonomy":"post_tag","embeddable":true,"href":"https:\/\/apuntesdesanluis.com\/index.php\/wp-json\/wp\/v2\/tags?post=12858"}],"curies":[{"name":"wp","href":"https:\/\/api.w.org\/{rel}","templated":true}]}}