{"id":12866,"date":"2024-03-07T22:25:13","date_gmt":"2024-03-08T01:25:13","guid":{"rendered":"https:\/\/apuntesdesanluis.com\/?p=12866"},"modified":"2024-03-07T22:25:13","modified_gmt":"2024-03-08T01:25:13","slug":"alerta-el-gobierno-amenaza-con-cobrar-el-impuesto-a-las-ganancias-retroactivo-por-los-ultimos-meses-de-2023","status":"publish","type":"post","link":"https:\/\/apuntesdesanluis.com\/index.php\/2024\/03\/07\/alerta-el-gobierno-amenaza-con-cobrar-el-impuesto-a-las-ganancias-retroactivo-por-los-ultimos-meses-de-2023\/","title":{"rendered":"ALERTA: EL GOBIERNO AMENAZA CON COBRAR EL IMPUESTO A LAS GANANCIAS RETROACTIVO POR LOS \u00daLTIMOS MESES DE 2023"},"content":{"rendered":"<h3>El ministro del Interior, <strong>Guillermo Francos<\/strong>, afirm\u00f3 hoy que el Gobierno podr\u00eda cobrar el Impuesto a las Ganancias por el \u00faltimo trimestre de 2023, ya que no se ha validado v\u00eda el Congreso el decreto por el cual el ex ministro de Econom\u00eda, y en ese momento candidato presidencial, Sergio Massa, elev\u00f3 el m\u00ednimo no imponible a 15 SMVM haciendo que la mayor\u00eda de los empleados sindicalizados dejen de pagar el tributo.<\/h3>\n<h3>Horas antes del encuentro que mantendr\u00e1 con los Gobernadores, en\u00a0 el cual se discutir\u00e1n coparticipaci\u00f3n y fondos para las provincias en el llamado \u201cPacto Fiscal\u201d, el ministro puso sobre la mesa la recaudaci\u00f3n del \u00faltimo trimestre de ganancias del 2023. Una caja que por coparticipaci\u00f3n pega fuerte en las provincias.<\/h3>\n<h3>&#8220;Se hizo tan mal el decreto\u2026Hubo un decreto que sancion\u00f3 el gobierno de Massa por el cual se le quit\u00f3 la atribuci\u00f3n a las empresas de hacerle las retenciones a los trabajadores en relaci\u00f3n de dependencia, que son los que pagaban este impuesto en la cuarta categor\u00eda. Y cuando se sanciona la ley, es para el periodo fiscal del 2024, con lo cual esos meses del a\u00f1o 2023 en que no se hizo la retenci\u00f3n no queda eximido el impuesto&#8221;, explic\u00f3 Francos en comunicaci\u00f3n con radio Rivadavia.<\/h3>\n<h3>El dirigente nexo entre la Naci\u00f3n y las provincias explic\u00f3 que\u00a0 &#8220;toda esa gente que qued\u00f3 en esa situaci\u00f3n, en realidad, si no se soluciona con esta ley el tema, van a quedar sujetos a pagar por ese trimestre, esos tres meses de 2023, van a quedar sujetos al pago del impuesto a las Ganancias porque es el periodo fiscal 2023 y la ley lo plante\u00f3 a partir del periodo fiscal 2024. Es un tema que hay que solucionar&#8221;, afirm\u00f3.<\/h3>\n<h3>La realidad es que el impuesto, si bien se retiene mensualmente por los empleadores, es a cuenta de la liquidaci\u00f3n final que se hace al a\u00f1o siguiente ya que es un impuesto anual cuyo vencimiento opera a mediados de 2024.<\/h3>\n<h3>En la Ley Bases, dentro del cap\u00edtulo fiscal se encontraba entre otras cosas, la aprobaci\u00f3n de lo hecho en su momento por Sergio Massa y la ratificaci\u00f3n de los decretos mediante los cuales se hicieron los cambios donde llevaron el m\u00ednimo no imponible a 15 salarios m\u00ednimo vital y m\u00f3vil para dejar el per\u00edodo fiscal 2023 cerrado.<\/h3>\n<h3>Pero al sacar de la Ley el cap\u00edtulo Fiscal en plena negociaci\u00f3n en sesiones extraordinarias, y luego directamente retirar el proyecto de discusi\u00f3n, los decretos y modificaciones volvieron a un limbo y el tiempo corre, los vencimientos se acercan y no hay cambios en la situaci\u00f3n.<\/h3>\n<h3>Los dichos de Francos generaron r\u00e1pidamente rechazo en la CGT que en su momento acompa\u00f1\u00f3 a Massa en la gesta y cuyos representados se ve\u00edan beneficiados.<\/h3>\n<h3>\u201cEl ministro Francos pretende seguir ajustando a los trabajadores\u201d, salieron al cruce en la red social X.<\/h3>\n<p><img fetchpriority=\"high\" decoding=\"async\" class=\"wp-image-12867 aligncenter\" src=\"https:\/\/apuntesdesanluis.com\/wp-content\/uploads\/2024\/03\/CGT-300x189.png\" alt=\"\" width=\"605\" height=\"381\" srcset=\"https:\/\/apuntesdesanluis.com\/wp-content\/uploads\/2024\/03\/CGT-300x189.png 300w, https:\/\/apuntesdesanluis.com\/wp-content\/uploads\/2024\/03\/CGT.png 508w\" sizes=\"(max-width: 605px) 100vw, 605px\" \/><\/p>\n<h3>&#8220;Ese derecho logrado no lo entregaremos para su\u00a0<strong>brutal ajuste fiscal<\/strong>. Quiz\u00e1s ser\u00eda bueno que\u00a0<strong>comience a aportar parte del salario mensual de U$D 20.000 como funcionario del Banco Interamericano de Desarrollo durante el anterior gobierno<\/strong>&#8220;, public\u00f3 la CGT.<\/h3>\n<h3>Tributaristas estimaron que\u00a0<strong>la &#8220;deuda impaga&#8221; sumar\u00eda una<\/strong><strong>\u00a0<\/strong><strong>$2.000 millones<\/strong><strong>\u00a0<\/strong><strong>y que cada trabajador estar\u00eda sujeto a pagar entre<\/strong><strong>\u00a0<\/strong><strong>$500.000 y $600.000,\u00a0<\/strong>si esto no se resuelve.<\/h3>\n<h3>El contador\u00a0<strong>Sebastian Dom\u00ednguez,\u00a0<\/strong>CEO de SDC Asesores Tributarios sostuvo que \u201cser\u00eda importante que, a la brevedad, el Congreso sancione una Ley ratificando las disposiciones que surgen de los Decretos 415\/2023 y 473\/2023 y sus normas reglamentarias, y que la AFIP habilite el aplicativo para poder realizar las presentaciones de las declaraciones juradas del impuesto a las ganancias, como as\u00ed tambi\u00e9n del impuesto sobre los bienes personales\u201d.<\/h3>\n<p>&nbsp;<\/p>\n<p>&nbsp;<\/p>\n<p>&nbsp;<\/p>\n<p>&nbsp;<\/p>\n<p>&nbsp;<\/p>\n","protected":false},"excerpt":{"rendered":"<p>El ministro del Interior, Guillermo Francos, afirm\u00f3 hoy que el Gobierno podr\u00eda cobrar el Impuesto&#8230;<\/p>\n","protected":false},"author":1,"featured_media":6678,"comment_status":"closed","ping_status":"closed","sticky":false,"template":"","format":"standard","meta":{"footnotes":""},"categories":[5],"tags":[],"class_list":["post-12866","post","type-post","status-publish","format-standard","has-post-thumbnail","hentry","category-nacionales-internacionales"],"yoast_head":"<!-- This site is optimized with the Yoast SEO plugin v26.1.1 - https:\/\/yoast.com\/wordpress\/plugins\/seo\/ -->\n<title>ALERTA: EL GOBIERNO AMENAZA CON COBRAR EL IMPUESTO A LAS GANANCIAS RETROACTIVO POR LOS \u00daLTIMOS MESES DE 2023 - Apuntes de San Luis<\/title>\n<meta name=\"robots\" content=\"index, follow, max-snippet:-1, max-image-preview:large, max-video-preview:-1\" \/>\n<link rel=\"canonical\" href=\"https:\/\/apuntesdesanluis.com\/index.php\/2024\/03\/07\/alerta-el-gobierno-amenaza-con-cobrar-el-impuesto-a-las-ganancias-retroactivo-por-los-ultimos-meses-de-2023\/\" \/>\n<meta property=\"og:locale\" content=\"es_ES\" \/>\n<meta property=\"og:type\" content=\"article\" \/>\n<meta property=\"og:title\" content=\"ALERTA: EL GOBIERNO AMENAZA CON COBRAR EL IMPUESTO A LAS GANANCIAS RETROACTIVO POR LOS \u00daLTIMOS MESES DE 2023 - Apuntes de San Luis\" \/>\n<meta property=\"og:description\" content=\"El ministro del Interior, Guillermo Francos, afirm\u00f3 hoy que el Gobierno podr\u00eda cobrar el Impuesto...\" \/>\n<meta property=\"og:url\" content=\"https:\/\/apuntesdesanluis.com\/index.php\/2024\/03\/07\/alerta-el-gobierno-amenaza-con-cobrar-el-impuesto-a-las-ganancias-retroactivo-por-los-ultimos-meses-de-2023\/\" \/>\n<meta property=\"og:site_name\" content=\"Apuntes de San Luis\" \/>\n<meta property=\"article:published_time\" content=\"2024-03-08T01:25:13+00:00\" \/>\n<meta property=\"og:image\" content=\"https:\/\/apuntesdesanluis.com\/wp-content\/uploads\/2023\/11\/guillermo-francos.png\" \/>\n\t<meta property=\"og:image:width\" content=\"600\" \/>\n\t<meta property=\"og:image:height\" content=\"352\" \/>\n\t<meta property=\"og:image:type\" content=\"image\/png\" \/>\n<meta name=\"author\" content=\"apuntesdesanluis.com\" \/>\n<meta name=\"twitter:card\" content=\"summary_large_image\" \/>\n<meta name=\"twitter:label1\" content=\"Escrito por\" \/>\n\t<meta name=\"twitter:data1\" content=\"apuntesdesanluis.com\" \/>\n\t<meta name=\"twitter:label2\" content=\"Tiempo de lectura\" \/>\n\t<meta name=\"twitter:data2\" content=\"3 minutos\" \/>\n<script type=\"application\/ld+json\" class=\"yoast-schema-graph\">{\"@context\":\"https:\/\/schema.org\",\"@graph\":[{\"@type\":\"Article\",\"@id\":\"https:\/\/apuntesdesanluis.com\/index.php\/2024\/03\/07\/alerta-el-gobierno-amenaza-con-cobrar-el-impuesto-a-las-ganancias-retroactivo-por-los-ultimos-meses-de-2023\/#article\",\"isPartOf\":{\"@id\":\"https:\/\/apuntesdesanluis.com\/index.php\/2024\/03\/07\/alerta-el-gobierno-amenaza-con-cobrar-el-impuesto-a-las-ganancias-retroactivo-por-los-ultimos-meses-de-2023\/\"},\"author\":{\"name\":\"apuntesdesanluis.com\",\"@id\":\"https:\/\/apuntesdesanluis.com\/#\/schema\/person\/b55151d52296fcce64d1a72538a70b90\"},\"headline\":\"ALERTA: EL GOBIERNO AMENAZA CON COBRAR EL IMPUESTO A LAS GANANCIAS RETROACTIVO POR LOS \u00daLTIMOS MESES DE 2023\",\"datePublished\":\"2024-03-08T01:25:13+00:00\",\"mainEntityOfPage\":{\"@id\":\"https:\/\/apuntesdesanluis.com\/index.php\/2024\/03\/07\/alerta-el-gobierno-amenaza-con-cobrar-el-impuesto-a-las-ganancias-retroactivo-por-los-ultimos-meses-de-2023\/\"},\"wordCount\":654,\"publisher\":{\"@id\":\"https:\/\/apuntesdesanluis.com\/#\/schema\/person\/b55151d52296fcce64d1a72538a70b90\"},\"image\":{\"@id\":\"https:\/\/apuntesdesanluis.com\/index.php\/2024\/03\/07\/alerta-el-gobierno-amenaza-con-cobrar-el-impuesto-a-las-ganancias-retroactivo-por-los-ultimos-meses-de-2023\/#primaryimage\"},\"thumbnailUrl\":\"https:\/\/apuntesdesanluis.com\/wp-content\/uploads\/2023\/11\/guillermo-francos.png\",\"articleSection\":[\"Nacionales\/Internacionales\"],\"inLanguage\":\"es-AR\"},{\"@type\":\"WebPage\",\"@id\":\"https:\/\/apuntesdesanluis.com\/index.php\/2024\/03\/07\/alerta-el-gobierno-amenaza-con-cobrar-el-impuesto-a-las-ganancias-retroactivo-por-los-ultimos-meses-de-2023\/\",\"url\":\"https:\/\/apuntesdesanluis.com\/index.php\/2024\/03\/07\/alerta-el-gobierno-amenaza-con-cobrar-el-impuesto-a-las-ganancias-retroactivo-por-los-ultimos-meses-de-2023\/\",\"name\":\"ALERTA: EL GOBIERNO AMENAZA CON COBRAR EL IMPUESTO A LAS GANANCIAS RETROACTIVO POR LOS \u00daLTIMOS MESES DE 2023 - Apuntes de San Luis\",\"isPartOf\":{\"@id\":\"https:\/\/apuntesdesanluis.com\/#website\"},\"primaryImageOfPage\":{\"@id\":\"https:\/\/apuntesdesanluis.com\/index.php\/2024\/03\/07\/alerta-el-gobierno-amenaza-con-cobrar-el-impuesto-a-las-ganancias-retroactivo-por-los-ultimos-meses-de-2023\/#primaryimage\"},\"image\":{\"@id\":\"https:\/\/apuntesdesanluis.com\/index.php\/2024\/03\/07\/alerta-el-gobierno-amenaza-con-cobrar-el-impuesto-a-las-ganancias-retroactivo-por-los-ultimos-meses-de-2023\/#primaryimage\"},\"thumbnailUrl\":\"https:\/\/apuntesdesanluis.com\/wp-content\/uploads\/2023\/11\/guillermo-francos.png\",\"datePublished\":\"2024-03-08T01:25:13+00:00\",\"breadcrumb\":{\"@id\":\"https:\/\/apuntesdesanluis.com\/index.php\/2024\/03\/07\/alerta-el-gobierno-amenaza-con-cobrar-el-impuesto-a-las-ganancias-retroactivo-por-los-ultimos-meses-de-2023\/#breadcrumb\"},\"inLanguage\":\"es-AR\",\"potentialAction\":[{\"@type\":\"ReadAction\",\"target\":[\"https:\/\/apuntesdesanluis.com\/index.php\/2024\/03\/07\/alerta-el-gobierno-amenaza-con-cobrar-el-impuesto-a-las-ganancias-retroactivo-por-los-ultimos-meses-de-2023\/\"]}]},{\"@type\":\"ImageObject\",\"inLanguage\":\"es-AR\",\"@id\":\"https:\/\/apuntesdesanluis.com\/index.php\/2024\/03\/07\/alerta-el-gobierno-amenaza-con-cobrar-el-impuesto-a-las-ganancias-retroactivo-por-los-ultimos-meses-de-2023\/#primaryimage\",\"url\":\"https:\/\/apuntesdesanluis.com\/wp-content\/uploads\/2023\/11\/guillermo-francos.png\",\"contentUrl\":\"https:\/\/apuntesdesanluis.com\/wp-content\/uploads\/2023\/11\/guillermo-francos.png\",\"width\":600,\"height\":352},{\"@type\":\"BreadcrumbList\",\"@id\":\"https:\/\/apuntesdesanluis.com\/index.php\/2024\/03\/07\/alerta-el-gobierno-amenaza-con-cobrar-el-impuesto-a-las-ganancias-retroactivo-por-los-ultimos-meses-de-2023\/#breadcrumb\",\"itemListElement\":[{\"@type\":\"ListItem\",\"position\":1,\"name\":\"Inicio\",\"item\":\"https:\/\/apuntesdesanluis.com\/\"},{\"@type\":\"ListItem\",\"position\":2,\"name\":\"ALERTA: EL GOBIERNO AMENAZA CON COBRAR EL IMPUESTO A LAS GANANCIAS RETROACTIVO POR LOS \u00daLTIMOS MESES DE 2023\"}]},{\"@type\":\"WebSite\",\"@id\":\"https:\/\/apuntesdesanluis.com\/#website\",\"url\":\"https:\/\/apuntesdesanluis.com\/\",\"name\":\"Apuntes de San Luis\",\"description\":\"\",\"publisher\":{\"@id\":\"https:\/\/apuntesdesanluis.com\/#\/schema\/person\/b55151d52296fcce64d1a72538a70b90\"},\"potentialAction\":[{\"@type\":\"SearchAction\",\"target\":{\"@type\":\"EntryPoint\",\"urlTemplate\":\"https:\/\/apuntesdesanluis.com\/?s={search_term_string}\"},\"query-input\":{\"@type\":\"PropertyValueSpecification\",\"valueRequired\":true,\"valueName\":\"search_term_string\"}}],\"inLanguage\":\"es-AR\"},{\"@type\":[\"Person\",\"Organization\"],\"@id\":\"https:\/\/apuntesdesanluis.com\/#\/schema\/person\/b55151d52296fcce64d1a72538a70b90\",\"name\":\"apuntesdesanluis.com\",\"image\":{\"@type\":\"ImageObject\",\"inLanguage\":\"es-AR\",\"@id\":\"https:\/\/apuntesdesanluis.com\/#\/schema\/person\/image\/\",\"url\":\"https:\/\/apuntesdesanluis.com\/wp-content\/uploads\/2023\/07\/cropped-apuntesdesanluis.png\",\"contentUrl\":\"https:\/\/apuntesdesanluis.com\/wp-content\/uploads\/2023\/07\/cropped-apuntesdesanluis.png\",\"width\":450,\"height\":112,\"caption\":\"apuntesdesanluis.com\"},\"logo\":{\"@id\":\"https:\/\/apuntesdesanluis.com\/#\/schema\/person\/image\/\"},\"sameAs\":[\"https:\/\/apuntesdesanluis.com\"],\"url\":\"https:\/\/apuntesdesanluis.com\/index.php\/author\/apuntesdesanluis-com\/\"}]}<\/script>\n<!-- \/ Yoast SEO plugin. -->","yoast_head_json":{"title":"ALERTA: EL GOBIERNO AMENAZA CON COBRAR EL IMPUESTO A LAS GANANCIAS RETROACTIVO POR LOS \u00daLTIMOS MESES DE 2023 - Apuntes de San Luis","robots":{"index":"index","follow":"follow","max-snippet":"max-snippet:-1","max-image-preview":"max-image-preview:large","max-video-preview":"max-video-preview:-1"},"canonical":"https:\/\/apuntesdesanluis.com\/index.php\/2024\/03\/07\/alerta-el-gobierno-amenaza-con-cobrar-el-impuesto-a-las-ganancias-retroactivo-por-los-ultimos-meses-de-2023\/","og_locale":"es_ES","og_type":"article","og_title":"ALERTA: EL GOBIERNO AMENAZA CON COBRAR EL IMPUESTO A LAS GANANCIAS RETROACTIVO POR LOS \u00daLTIMOS MESES DE 2023 - Apuntes de San Luis","og_description":"El ministro del Interior, Guillermo Francos, afirm\u00f3 hoy que el Gobierno podr\u00eda cobrar el Impuesto...","og_url":"https:\/\/apuntesdesanluis.com\/index.php\/2024\/03\/07\/alerta-el-gobierno-amenaza-con-cobrar-el-impuesto-a-las-ganancias-retroactivo-por-los-ultimos-meses-de-2023\/","og_site_name":"Apuntes de San Luis","article_published_time":"2024-03-08T01:25:13+00:00","og_image":[{"width":600,"height":352,"url":"https:\/\/apuntesdesanluis.com\/wp-content\/uploads\/2023\/11\/guillermo-francos.png","type":"image\/png"}],"author":"apuntesdesanluis.com","twitter_card":"summary_large_image","twitter_misc":{"Escrito por":"apuntesdesanluis.com","Tiempo de lectura":"3 minutos"},"schema":{"@context":"https:\/\/schema.org","@graph":[{"@type":"Article","@id":"https:\/\/apuntesdesanluis.com\/index.php\/2024\/03\/07\/alerta-el-gobierno-amenaza-con-cobrar-el-impuesto-a-las-ganancias-retroactivo-por-los-ultimos-meses-de-2023\/#article","isPartOf":{"@id":"https:\/\/apuntesdesanluis.com\/index.php\/2024\/03\/07\/alerta-el-gobierno-amenaza-con-cobrar-el-impuesto-a-las-ganancias-retroactivo-por-los-ultimos-meses-de-2023\/"},"author":{"name":"apuntesdesanluis.com","@id":"https:\/\/apuntesdesanluis.com\/#\/schema\/person\/b55151d52296fcce64d1a72538a70b90"},"headline":"ALERTA: EL GOBIERNO AMENAZA CON COBRAR EL IMPUESTO A LAS GANANCIAS RETROACTIVO POR LOS \u00daLTIMOS MESES DE 2023","datePublished":"2024-03-08T01:25:13+00:00","mainEntityOfPage":{"@id":"https:\/\/apuntesdesanluis.com\/index.php\/2024\/03\/07\/alerta-el-gobierno-amenaza-con-cobrar-el-impuesto-a-las-ganancias-retroactivo-por-los-ultimos-meses-de-2023\/"},"wordCount":654,"publisher":{"@id":"https:\/\/apuntesdesanluis.com\/#\/schema\/person\/b55151d52296fcce64d1a72538a70b90"},"image":{"@id":"https:\/\/apuntesdesanluis.com\/index.php\/2024\/03\/07\/alerta-el-gobierno-amenaza-con-cobrar-el-impuesto-a-las-ganancias-retroactivo-por-los-ultimos-meses-de-2023\/#primaryimage"},"thumbnailUrl":"https:\/\/apuntesdesanluis.com\/wp-content\/uploads\/2023\/11\/guillermo-francos.png","articleSection":["Nacionales\/Internacionales"],"inLanguage":"es-AR"},{"@type":"WebPage","@id":"https:\/\/apuntesdesanluis.com\/index.php\/2024\/03\/07\/alerta-el-gobierno-amenaza-con-cobrar-el-impuesto-a-las-ganancias-retroactivo-por-los-ultimos-meses-de-2023\/","url":"https:\/\/apuntesdesanluis.com\/index.php\/2024\/03\/07\/alerta-el-gobierno-amenaza-con-cobrar-el-impuesto-a-las-ganancias-retroactivo-por-los-ultimos-meses-de-2023\/","name":"ALERTA: EL GOBIERNO AMENAZA CON COBRAR EL IMPUESTO A LAS GANANCIAS RETROACTIVO POR LOS \u00daLTIMOS MESES DE 2023 - Apuntes de San Luis","isPartOf":{"@id":"https:\/\/apuntesdesanluis.com\/#website"},"primaryImageOfPage":{"@id":"https:\/\/apuntesdesanluis.com\/index.php\/2024\/03\/07\/alerta-el-gobierno-amenaza-con-cobrar-el-impuesto-a-las-ganancias-retroactivo-por-los-ultimos-meses-de-2023\/#primaryimage"},"image":{"@id":"https:\/\/apuntesdesanluis.com\/index.php\/2024\/03\/07\/alerta-el-gobierno-amenaza-con-cobrar-el-impuesto-a-las-ganancias-retroactivo-por-los-ultimos-meses-de-2023\/#primaryimage"},"thumbnailUrl":"https:\/\/apuntesdesanluis.com\/wp-content\/uploads\/2023\/11\/guillermo-francos.png","datePublished":"2024-03-08T01:25:13+00:00","breadcrumb":{"@id":"https:\/\/apuntesdesanluis.com\/index.php\/2024\/03\/07\/alerta-el-gobierno-amenaza-con-cobrar-el-impuesto-a-las-ganancias-retroactivo-por-los-ultimos-meses-de-2023\/#breadcrumb"},"inLanguage":"es-AR","potentialAction":[{"@type":"ReadAction","target":["https:\/\/apuntesdesanluis.com\/index.php\/2024\/03\/07\/alerta-el-gobierno-amenaza-con-cobrar-el-impuesto-a-las-ganancias-retroactivo-por-los-ultimos-meses-de-2023\/"]}]},{"@type":"ImageObject","inLanguage":"es-AR","@id":"https:\/\/apuntesdesanluis.com\/index.php\/2024\/03\/07\/alerta-el-gobierno-amenaza-con-cobrar-el-impuesto-a-las-ganancias-retroactivo-por-los-ultimos-meses-de-2023\/#primaryimage","url":"https:\/\/apuntesdesanluis.com\/wp-content\/uploads\/2023\/11\/guillermo-francos.png","contentUrl":"https:\/\/apuntesdesanluis.com\/wp-content\/uploads\/2023\/11\/guillermo-francos.png","width":600,"height":352},{"@type":"BreadcrumbList","@id":"https:\/\/apuntesdesanluis.com\/index.php\/2024\/03\/07\/alerta-el-gobierno-amenaza-con-cobrar-el-impuesto-a-las-ganancias-retroactivo-por-los-ultimos-meses-de-2023\/#breadcrumb","itemListElement":[{"@type":"ListItem","position":1,"name":"Inicio","item":"https:\/\/apuntesdesanluis.com\/"},{"@type":"ListItem","position":2,"name":"ALERTA: EL GOBIERNO AMENAZA CON COBRAR EL IMPUESTO A LAS GANANCIAS RETROACTIVO POR LOS \u00daLTIMOS MESES DE 2023"}]},{"@type":"WebSite","@id":"https:\/\/apuntesdesanluis.com\/#website","url":"https:\/\/apuntesdesanluis.com\/","name":"Apuntes de San Luis","description":"","publisher":{"@id":"https:\/\/apuntesdesanluis.com\/#\/schema\/person\/b55151d52296fcce64d1a72538a70b90"},"potentialAction":[{"@type":"SearchAction","target":{"@type":"EntryPoint","urlTemplate":"https:\/\/apuntesdesanluis.com\/?s={search_term_string}"},"query-input":{"@type":"PropertyValueSpecification","valueRequired":true,"valueName":"search_term_string"}}],"inLanguage":"es-AR"},{"@type":["Person","Organization"],"@id":"https:\/\/apuntesdesanluis.com\/#\/schema\/person\/b55151d52296fcce64d1a72538a70b90","name":"apuntesdesanluis.com","image":{"@type":"ImageObject","inLanguage":"es-AR","@id":"https:\/\/apuntesdesanluis.com\/#\/schema\/person\/image\/","url":"https:\/\/apuntesdesanluis.com\/wp-content\/uploads\/2023\/07\/cropped-apuntesdesanluis.png","contentUrl":"https:\/\/apuntesdesanluis.com\/wp-content\/uploads\/2023\/07\/cropped-apuntesdesanluis.png","width":450,"height":112,"caption":"apuntesdesanluis.com"},"logo":{"@id":"https:\/\/apuntesdesanluis.com\/#\/schema\/person\/image\/"},"sameAs":["https:\/\/apuntesdesanluis.com"],"url":"https:\/\/apuntesdesanluis.com\/index.php\/author\/apuntesdesanluis-com\/"}]}},"featured_image_urls":{"full":["https:\/\/apuntesdesanluis.com\/wp-content\/uploads\/2023\/11\/guillermo-francos.png",600,352,false],"thumbnail":["https:\/\/apuntesdesanluis.com\/wp-content\/uploads\/2023\/11\/guillermo-francos-150x150.png",150,150,true],"medium":["https:\/\/apuntesdesanluis.com\/wp-content\/uploads\/2023\/11\/guillermo-francos-300x176.png",300,176,true],"medium_large":["https:\/\/apuntesdesanluis.com\/wp-content\/uploads\/2023\/11\/guillermo-francos.png",600,352,false],"large":["https:\/\/apuntesdesanluis.com\/wp-content\/uploads\/2023\/11\/guillermo-francos.png",600,352,false],"1536x1536":["https:\/\/apuntesdesanluis.com\/wp-content\/uploads\/2023\/11\/guillermo-francos.png",600,352,false],"2048x2048":["https:\/\/apuntesdesanluis.com\/wp-content\/uploads\/2023\/11\/guillermo-francos.png",600,352,false],"newsever-slider-full":["https:\/\/apuntesdesanluis.com\/wp-content\/uploads\/2023\/11\/guillermo-francos.png",600,352,false],"newsever-featured":["https:\/\/apuntesdesanluis.com\/wp-content\/uploads\/2023\/11\/guillermo-francos.png",600,352,false],"newsever-medium":["https:\/\/apuntesdesanluis.com\/wp-content\/uploads\/2023\/11\/guillermo-francos.png",600,352,false]},"author_info":{"display_name":"apuntesdesanluis.com","author_link":"https:\/\/apuntesdesanluis.com\/index.php\/author\/apuntesdesanluis-com\/"},"category_info":"<a href=\"https:\/\/apuntesdesanluis.com\/index.php\/category\/nacionales-internacionales\/\" rel=\"category tag\">Nacionales\/Internacionales<\/a>","tag_info":"Nacionales\/Internacionales","comment_count":"0","_links":{"self":[{"href":"https:\/\/apuntesdesanluis.com\/index.php\/wp-json\/wp\/v2\/posts\/12866","targetHints":{"allow":["GET"]}}],"collection":[{"href":"https:\/\/apuntesdesanluis.com\/index.php\/wp-json\/wp\/v2\/posts"}],"about":[{"href":"https:\/\/apuntesdesanluis.com\/index.php\/wp-json\/wp\/v2\/types\/post"}],"author":[{"embeddable":true,"href":"https:\/\/apuntesdesanluis.com\/index.php\/wp-json\/wp\/v2\/users\/1"}],"replies":[{"embeddable":true,"href":"https:\/\/apuntesdesanluis.com\/index.php\/wp-json\/wp\/v2\/comments?post=12866"}],"version-history":[{"count":1,"href":"https:\/\/apuntesdesanluis.com\/index.php\/wp-json\/wp\/v2\/posts\/12866\/revisions"}],"predecessor-version":[{"id":12868,"href":"https:\/\/apuntesdesanluis.com\/index.php\/wp-json\/wp\/v2\/posts\/12866\/revisions\/12868"}],"wp:featuredmedia":[{"embeddable":true,"href":"https:\/\/apuntesdesanluis.com\/index.php\/wp-json\/wp\/v2\/media\/6678"}],"wp:attachment":[{"href":"https:\/\/apuntesdesanluis.com\/index.php\/wp-json\/wp\/v2\/media?parent=12866"}],"wp:term":[{"taxonomy":"category","embeddable":true,"href":"https:\/\/apuntesdesanluis.com\/index.php\/wp-json\/wp\/v2\/categories?post=12866"},{"taxonomy":"post_tag","embeddable":true,"href":"https:\/\/apuntesdesanluis.com\/index.php\/wp-json\/wp\/v2\/tags?post=12866"}],"curies":[{"name":"wp","href":"https:\/\/api.w.org\/{rel}","templated":true}]}}