{"id":12869,"date":"2024-03-07T22:39:37","date_gmt":"2024-03-08T01:39:37","guid":{"rendered":"https:\/\/apuntesdesanluis.com\/?p=12869"},"modified":"2024-03-07T22:39:37","modified_gmt":"2024-03-08T01:39:37","slug":"plenario-de-secretarios-y-secretarias-generales-de-conadu-ratifico-plan-de-lucha-y-el-paro-del-14","status":"publish","type":"post","link":"https:\/\/apuntesdesanluis.com\/index.php\/2024\/03\/07\/plenario-de-secretarios-y-secretarias-generales-de-conadu-ratifico-plan-de-lucha-y-el-paro-del-14\/","title":{"rendered":"PLENARIO DE SECRETARIOS Y SECRETARIAS GENERALES DE CONADU RATIFIC\u00d3 PLAN DE LUCHA Y EL PARO DEL 14"},"content":{"rendered":"<h3>As\u00ed lo confirm\u00f3 el Secretario General de la Asociaci\u00f3n de Docentes e Investigadores (ADOI) de la Universidad Nacional de Villa Mercedes, ing. Arn oldo Pucci, quien particip\u00f3 del encuentro.<\/h3>\n<h3>En el marco del Plenario, los Secretarios y las Secretarias Generales de 22 gremios de base de la Federaci\u00f3n Nacional de Docentes Universitarios (CONADU) ratificaron el plan de lucha acordado por el Frente Sindical de las Universidades Nacionales, que incluye un Paro Nacional el pr\u00f3ximo 14 de marzo con actividades de visibilizaci\u00f3n en todo el pa\u00eds y un gran acto nacional y federal durante la primera quincena del mes de abril.<\/h3>\n<h3>\u00a0\u201cQueda clara la decisi\u00f3n de lucha de CONADU frente a un gobierno que hace o\u00eddos sordos a los reclamos y no tiene ninguna voluntad en mejorar la situaci\u00f3n de las universidades p\u00fablicas y en especial de sus trabajadoras y trabajadores. En este contexto queda claro que la paritaria ser\u00e1 en la calle, vamos a dar las disputas en conjunto con los sectores que hoy se ven agraviados por las pol\u00edticas de achicamiento y exclusi\u00f3n de un gobierno que en el marco de un proyecto antinacional, demuestra no tener la menor sensibilidad social\u201d, anunci\u00f3 Carlos De Feo, Secretario General de la Federaci\u00f3n.<\/h3>\n<h3>De manera presencial y virtual, participaron del Plenario representantes de ADOI, FEDUBA, ADIUNMa, ADAI, ADUNA, ADUNOBA, COAD, ADUNSADA, SIDIUNT, AFUDI, ADULP, AGDU \u2013 Entre R\u00edos, ADUNM, SIDIU, ADUC, SUDHur, ADUNSE, ADIUNQ, ADUNTREF, SIDIUNLAR, SIDUNCU y ADUFOR.<\/h3>\n<p>&nbsp;<\/p>\n<p>&nbsp;<\/p>\n<p>&nbsp;<\/p>\n","protected":false},"excerpt":{"rendered":"<p>As\u00ed lo confirm\u00f3 el Secretario General de la Asociaci\u00f3n de Docentes e Investigadores (ADOI) de&#8230;<\/p>\n","protected":false},"author":1,"featured_media":12870,"comment_status":"closed","ping_status":"closed","sticky":false,"template":"","format":"standard","meta":{"footnotes":""},"categories":[5],"tags":[],"class_list":["post-12869","post","type-post","status-publish","format-standard","has-post-thumbnail","hentry","category-nacionales-internacionales"],"yoast_head":"<!-- This site is optimized with the Yoast SEO plugin v26.1.1 - https:\/\/yoast.com\/wordpress\/plugins\/seo\/ -->\n<title>PLENARIO DE SECRETARIOS Y SECRETARIAS GENERALES DE CONADU RATIFIC\u00d3 PLAN DE LUCHA Y EL PARO DEL 14 - Apuntes de San Luis<\/title>\n<meta name=\"robots\" content=\"index, follow, max-snippet:-1, max-image-preview:large, max-video-preview:-1\" \/>\n<link rel=\"canonical\" href=\"https:\/\/apuntesdesanluis.com\/index.php\/2024\/03\/07\/plenario-de-secretarios-y-secretarias-generales-de-conadu-ratifico-plan-de-lucha-y-el-paro-del-14\/\" \/>\n<meta property=\"og:locale\" content=\"es_ES\" \/>\n<meta property=\"og:type\" content=\"article\" \/>\n<meta property=\"og:title\" content=\"PLENARIO DE SECRETARIOS Y SECRETARIAS GENERALES DE CONADU RATIFIC\u00d3 PLAN DE LUCHA Y EL PARO DEL 14 - Apuntes de San Luis\" \/>\n<meta property=\"og:description\" content=\"As\u00ed lo confirm\u00f3 el Secretario General de la Asociaci\u00f3n de Docentes e Investigadores (ADOI) de...\" \/>\n<meta property=\"og:url\" content=\"https:\/\/apuntesdesanluis.com\/index.php\/2024\/03\/07\/plenario-de-secretarios-y-secretarias-generales-de-conadu-ratifico-plan-de-lucha-y-el-paro-del-14\/\" \/>\n<meta property=\"og:site_name\" content=\"Apuntes de San Luis\" \/>\n<meta property=\"article:published_time\" content=\"2024-03-08T01:39:37+00:00\" \/>\n<meta property=\"og:image\" content=\"https:\/\/apuntesdesanluis.com\/wp-content\/uploads\/2024\/03\/CONADU.png\" \/>\n\t<meta property=\"og:image:width\" content=\"648\" \/>\n\t<meta property=\"og:image:height\" content=\"435\" \/>\n\t<meta property=\"og:image:type\" content=\"image\/png\" \/>\n<meta name=\"author\" content=\"apuntesdesanluis.com\" \/>\n<meta name=\"twitter:card\" content=\"summary_large_image\" \/>\n<meta name=\"twitter:label1\" content=\"Escrito por\" \/>\n\t<meta name=\"twitter:data1\" content=\"apuntesdesanluis.com\" \/>\n\t<meta name=\"twitter:label2\" content=\"Tiempo de lectura\" \/>\n\t<meta name=\"twitter:data2\" content=\"2 minutos\" \/>\n<script type=\"application\/ld+json\" class=\"yoast-schema-graph\">{\"@context\":\"https:\/\/schema.org\",\"@graph\":[{\"@type\":\"Article\",\"@id\":\"https:\/\/apuntesdesanluis.com\/index.php\/2024\/03\/07\/plenario-de-secretarios-y-secretarias-generales-de-conadu-ratifico-plan-de-lucha-y-el-paro-del-14\/#article\",\"isPartOf\":{\"@id\":\"https:\/\/apuntesdesanluis.com\/index.php\/2024\/03\/07\/plenario-de-secretarios-y-secretarias-generales-de-conadu-ratifico-plan-de-lucha-y-el-paro-del-14\/\"},\"author\":{\"name\":\"apuntesdesanluis.com\",\"@id\":\"https:\/\/apuntesdesanluis.com\/#\/schema\/person\/b55151d52296fcce64d1a72538a70b90\"},\"headline\":\"PLENARIO DE SECRETARIOS Y SECRETARIAS GENERALES DE CONADU RATIFIC\u00d3 PLAN DE LUCHA Y EL PARO DEL 14\",\"datePublished\":\"2024-03-08T01:39:37+00:00\",\"mainEntityOfPage\":{\"@id\":\"https:\/\/apuntesdesanluis.com\/index.php\/2024\/03\/07\/plenario-de-secretarios-y-secretarias-generales-de-conadu-ratifico-plan-de-lucha-y-el-paro-del-14\/\"},\"wordCount\":266,\"publisher\":{\"@id\":\"https:\/\/apuntesdesanluis.com\/#\/schema\/person\/b55151d52296fcce64d1a72538a70b90\"},\"image\":{\"@id\":\"https:\/\/apuntesdesanluis.com\/index.php\/2024\/03\/07\/plenario-de-secretarios-y-secretarias-generales-de-conadu-ratifico-plan-de-lucha-y-el-paro-del-14\/#primaryimage\"},\"thumbnailUrl\":\"https:\/\/apuntesdesanluis.com\/wp-content\/uploads\/2024\/03\/CONADU.png\",\"articleSection\":[\"Nacionales\/Internacionales\"],\"inLanguage\":\"es-AR\"},{\"@type\":\"WebPage\",\"@id\":\"https:\/\/apuntesdesanluis.com\/index.php\/2024\/03\/07\/plenario-de-secretarios-y-secretarias-generales-de-conadu-ratifico-plan-de-lucha-y-el-paro-del-14\/\",\"url\":\"https:\/\/apuntesdesanluis.com\/index.php\/2024\/03\/07\/plenario-de-secretarios-y-secretarias-generales-de-conadu-ratifico-plan-de-lucha-y-el-paro-del-14\/\",\"name\":\"PLENARIO DE SECRETARIOS Y SECRETARIAS GENERALES DE CONADU RATIFIC\u00d3 PLAN DE LUCHA Y EL PARO DEL 14 - Apuntes de San Luis\",\"isPartOf\":{\"@id\":\"https:\/\/apuntesdesanluis.com\/#website\"},\"primaryImageOfPage\":{\"@id\":\"https:\/\/apuntesdesanluis.com\/index.php\/2024\/03\/07\/plenario-de-secretarios-y-secretarias-generales-de-conadu-ratifico-plan-de-lucha-y-el-paro-del-14\/#primaryimage\"},\"image\":{\"@id\":\"https:\/\/apuntesdesanluis.com\/index.php\/2024\/03\/07\/plenario-de-secretarios-y-secretarias-generales-de-conadu-ratifico-plan-de-lucha-y-el-paro-del-14\/#primaryimage\"},\"thumbnailUrl\":\"https:\/\/apuntesdesanluis.com\/wp-content\/uploads\/2024\/03\/CONADU.png\",\"datePublished\":\"2024-03-08T01:39:37+00:00\",\"breadcrumb\":{\"@id\":\"https:\/\/apuntesdesanluis.com\/index.php\/2024\/03\/07\/plenario-de-secretarios-y-secretarias-generales-de-conadu-ratifico-plan-de-lucha-y-el-paro-del-14\/#breadcrumb\"},\"inLanguage\":\"es-AR\",\"potentialAction\":[{\"@type\":\"ReadAction\",\"target\":[\"https:\/\/apuntesdesanluis.com\/index.php\/2024\/03\/07\/plenario-de-secretarios-y-secretarias-generales-de-conadu-ratifico-plan-de-lucha-y-el-paro-del-14\/\"]}]},{\"@type\":\"ImageObject\",\"inLanguage\":\"es-AR\",\"@id\":\"https:\/\/apuntesdesanluis.com\/index.php\/2024\/03\/07\/plenario-de-secretarios-y-secretarias-generales-de-conadu-ratifico-plan-de-lucha-y-el-paro-del-14\/#primaryimage\",\"url\":\"https:\/\/apuntesdesanluis.com\/wp-content\/uploads\/2024\/03\/CONADU.png\",\"contentUrl\":\"https:\/\/apuntesdesanluis.com\/wp-content\/uploads\/2024\/03\/CONADU.png\",\"width\":648,\"height\":435},{\"@type\":\"BreadcrumbList\",\"@id\":\"https:\/\/apuntesdesanluis.com\/index.php\/2024\/03\/07\/plenario-de-secretarios-y-secretarias-generales-de-conadu-ratifico-plan-de-lucha-y-el-paro-del-14\/#breadcrumb\",\"itemListElement\":[{\"@type\":\"ListItem\",\"position\":1,\"name\":\"Inicio\",\"item\":\"https:\/\/apuntesdesanluis.com\/\"},{\"@type\":\"ListItem\",\"position\":2,\"name\":\"PLENARIO DE SECRETARIOS Y SECRETARIAS GENERALES DE CONADU RATIFIC\u00d3 PLAN DE LUCHA Y EL PARO DEL 14\"}]},{\"@type\":\"WebSite\",\"@id\":\"https:\/\/apuntesdesanluis.com\/#website\",\"url\":\"https:\/\/apuntesdesanluis.com\/\",\"name\":\"Apuntes de San Luis\",\"description\":\"\",\"publisher\":{\"@id\":\"https:\/\/apuntesdesanluis.com\/#\/schema\/person\/b55151d52296fcce64d1a72538a70b90\"},\"potentialAction\":[{\"@type\":\"SearchAction\",\"target\":{\"@type\":\"EntryPoint\",\"urlTemplate\":\"https:\/\/apuntesdesanluis.com\/?s={search_term_string}\"},\"query-input\":{\"@type\":\"PropertyValueSpecification\",\"valueRequired\":true,\"valueName\":\"search_term_string\"}}],\"inLanguage\":\"es-AR\"},{\"@type\":[\"Person\",\"Organization\"],\"@id\":\"https:\/\/apuntesdesanluis.com\/#\/schema\/person\/b55151d52296fcce64d1a72538a70b90\",\"name\":\"apuntesdesanluis.com\",\"image\":{\"@type\":\"ImageObject\",\"inLanguage\":\"es-AR\",\"@id\":\"https:\/\/apuntesdesanluis.com\/#\/schema\/person\/image\/\",\"url\":\"https:\/\/apuntesdesanluis.com\/wp-content\/uploads\/2023\/07\/cropped-apuntesdesanluis.png\",\"contentUrl\":\"https:\/\/apuntesdesanluis.com\/wp-content\/uploads\/2023\/07\/cropped-apuntesdesanluis.png\",\"width\":450,\"height\":112,\"caption\":\"apuntesdesanluis.com\"},\"logo\":{\"@id\":\"https:\/\/apuntesdesanluis.com\/#\/schema\/person\/image\/\"},\"sameAs\":[\"https:\/\/apuntesdesanluis.com\"],\"url\":\"https:\/\/apuntesdesanluis.com\/index.php\/author\/apuntesdesanluis-com\/\"}]}<\/script>\n<!-- \/ Yoast SEO plugin. -->","yoast_head_json":{"title":"PLENARIO DE SECRETARIOS Y SECRETARIAS GENERALES DE CONADU RATIFIC\u00d3 PLAN DE LUCHA Y EL PARO DEL 14 - Apuntes de San Luis","robots":{"index":"index","follow":"follow","max-snippet":"max-snippet:-1","max-image-preview":"max-image-preview:large","max-video-preview":"max-video-preview:-1"},"canonical":"https:\/\/apuntesdesanluis.com\/index.php\/2024\/03\/07\/plenario-de-secretarios-y-secretarias-generales-de-conadu-ratifico-plan-de-lucha-y-el-paro-del-14\/","og_locale":"es_ES","og_type":"article","og_title":"PLENARIO DE SECRETARIOS Y SECRETARIAS GENERALES DE CONADU RATIFIC\u00d3 PLAN DE LUCHA Y EL PARO DEL 14 - Apuntes de San Luis","og_description":"As\u00ed lo confirm\u00f3 el Secretario General de la Asociaci\u00f3n de Docentes e Investigadores (ADOI) de...","og_url":"https:\/\/apuntesdesanluis.com\/index.php\/2024\/03\/07\/plenario-de-secretarios-y-secretarias-generales-de-conadu-ratifico-plan-de-lucha-y-el-paro-del-14\/","og_site_name":"Apuntes de San Luis","article_published_time":"2024-03-08T01:39:37+00:00","og_image":[{"width":648,"height":435,"url":"https:\/\/apuntesdesanluis.com\/wp-content\/uploads\/2024\/03\/CONADU.png","type":"image\/png"}],"author":"apuntesdesanluis.com","twitter_card":"summary_large_image","twitter_misc":{"Escrito por":"apuntesdesanluis.com","Tiempo de lectura":"2 minutos"},"schema":{"@context":"https:\/\/schema.org","@graph":[{"@type":"Article","@id":"https:\/\/apuntesdesanluis.com\/index.php\/2024\/03\/07\/plenario-de-secretarios-y-secretarias-generales-de-conadu-ratifico-plan-de-lucha-y-el-paro-del-14\/#article","isPartOf":{"@id":"https:\/\/apuntesdesanluis.com\/index.php\/2024\/03\/07\/plenario-de-secretarios-y-secretarias-generales-de-conadu-ratifico-plan-de-lucha-y-el-paro-del-14\/"},"author":{"name":"apuntesdesanluis.com","@id":"https:\/\/apuntesdesanluis.com\/#\/schema\/person\/b55151d52296fcce64d1a72538a70b90"},"headline":"PLENARIO DE SECRETARIOS Y SECRETARIAS GENERALES DE CONADU RATIFIC\u00d3 PLAN DE LUCHA Y EL PARO DEL 14","datePublished":"2024-03-08T01:39:37+00:00","mainEntityOfPage":{"@id":"https:\/\/apuntesdesanluis.com\/index.php\/2024\/03\/07\/plenario-de-secretarios-y-secretarias-generales-de-conadu-ratifico-plan-de-lucha-y-el-paro-del-14\/"},"wordCount":266,"publisher":{"@id":"https:\/\/apuntesdesanluis.com\/#\/schema\/person\/b55151d52296fcce64d1a72538a70b90"},"image":{"@id":"https:\/\/apuntesdesanluis.com\/index.php\/2024\/03\/07\/plenario-de-secretarios-y-secretarias-generales-de-conadu-ratifico-plan-de-lucha-y-el-paro-del-14\/#primaryimage"},"thumbnailUrl":"https:\/\/apuntesdesanluis.com\/wp-content\/uploads\/2024\/03\/CONADU.png","articleSection":["Nacionales\/Internacionales"],"inLanguage":"es-AR"},{"@type":"WebPage","@id":"https:\/\/apuntesdesanluis.com\/index.php\/2024\/03\/07\/plenario-de-secretarios-y-secretarias-generales-de-conadu-ratifico-plan-de-lucha-y-el-paro-del-14\/","url":"https:\/\/apuntesdesanluis.com\/index.php\/2024\/03\/07\/plenario-de-secretarios-y-secretarias-generales-de-conadu-ratifico-plan-de-lucha-y-el-paro-del-14\/","name":"PLENARIO DE SECRETARIOS Y SECRETARIAS GENERALES DE CONADU RATIFIC\u00d3 PLAN DE LUCHA Y EL PARO DEL 14 - Apuntes de San Luis","isPartOf":{"@id":"https:\/\/apuntesdesanluis.com\/#website"},"primaryImageOfPage":{"@id":"https:\/\/apuntesdesanluis.com\/index.php\/2024\/03\/07\/plenario-de-secretarios-y-secretarias-generales-de-conadu-ratifico-plan-de-lucha-y-el-paro-del-14\/#primaryimage"},"image":{"@id":"https:\/\/apuntesdesanluis.com\/index.php\/2024\/03\/07\/plenario-de-secretarios-y-secretarias-generales-de-conadu-ratifico-plan-de-lucha-y-el-paro-del-14\/#primaryimage"},"thumbnailUrl":"https:\/\/apuntesdesanluis.com\/wp-content\/uploads\/2024\/03\/CONADU.png","datePublished":"2024-03-08T01:39:37+00:00","breadcrumb":{"@id":"https:\/\/apuntesdesanluis.com\/index.php\/2024\/03\/07\/plenario-de-secretarios-y-secretarias-generales-de-conadu-ratifico-plan-de-lucha-y-el-paro-del-14\/#breadcrumb"},"inLanguage":"es-AR","potentialAction":[{"@type":"ReadAction","target":["https:\/\/apuntesdesanluis.com\/index.php\/2024\/03\/07\/plenario-de-secretarios-y-secretarias-generales-de-conadu-ratifico-plan-de-lucha-y-el-paro-del-14\/"]}]},{"@type":"ImageObject","inLanguage":"es-AR","@id":"https:\/\/apuntesdesanluis.com\/index.php\/2024\/03\/07\/plenario-de-secretarios-y-secretarias-generales-de-conadu-ratifico-plan-de-lucha-y-el-paro-del-14\/#primaryimage","url":"https:\/\/apuntesdesanluis.com\/wp-content\/uploads\/2024\/03\/CONADU.png","contentUrl":"https:\/\/apuntesdesanluis.com\/wp-content\/uploads\/2024\/03\/CONADU.png","width":648,"height":435},{"@type":"BreadcrumbList","@id":"https:\/\/apuntesdesanluis.com\/index.php\/2024\/03\/07\/plenario-de-secretarios-y-secretarias-generales-de-conadu-ratifico-plan-de-lucha-y-el-paro-del-14\/#breadcrumb","itemListElement":[{"@type":"ListItem","position":1,"name":"Inicio","item":"https:\/\/apuntesdesanluis.com\/"},{"@type":"ListItem","position":2,"name":"PLENARIO DE SECRETARIOS Y SECRETARIAS GENERALES DE CONADU RATIFIC\u00d3 PLAN DE LUCHA Y EL PARO DEL 14"}]},{"@type":"WebSite","@id":"https:\/\/apuntesdesanluis.com\/#website","url":"https:\/\/apuntesdesanluis.com\/","name":"Apuntes de San Luis","description":"","publisher":{"@id":"https:\/\/apuntesdesanluis.com\/#\/schema\/person\/b55151d52296fcce64d1a72538a70b90"},"potentialAction":[{"@type":"SearchAction","target":{"@type":"EntryPoint","urlTemplate":"https:\/\/apuntesdesanluis.com\/?s={search_term_string}"},"query-input":{"@type":"PropertyValueSpecification","valueRequired":true,"valueName":"search_term_string"}}],"inLanguage":"es-AR"},{"@type":["Person","Organization"],"@id":"https:\/\/apuntesdesanluis.com\/#\/schema\/person\/b55151d52296fcce64d1a72538a70b90","name":"apuntesdesanluis.com","image":{"@type":"ImageObject","inLanguage":"es-AR","@id":"https:\/\/apuntesdesanluis.com\/#\/schema\/person\/image\/","url":"https:\/\/apuntesdesanluis.com\/wp-content\/uploads\/2023\/07\/cropped-apuntesdesanluis.png","contentUrl":"https:\/\/apuntesdesanluis.com\/wp-content\/uploads\/2023\/07\/cropped-apuntesdesanluis.png","width":450,"height":112,"caption":"apuntesdesanluis.com"},"logo":{"@id":"https:\/\/apuntesdesanluis.com\/#\/schema\/person\/image\/"},"sameAs":["https:\/\/apuntesdesanluis.com"],"url":"https:\/\/apuntesdesanluis.com\/index.php\/author\/apuntesdesanluis-com\/"}]}},"featured_image_urls":{"full":["https:\/\/apuntesdesanluis.com\/wp-content\/uploads\/2024\/03\/CONADU.png",648,435,false],"thumbnail":["https:\/\/apuntesdesanluis.com\/wp-content\/uploads\/2024\/03\/CONADU-150x150.png",150,150,true],"medium":["https:\/\/apuntesdesanluis.com\/wp-content\/uploads\/2024\/03\/CONADU-300x201.png",300,201,true],"medium_large":["https:\/\/apuntesdesanluis.com\/wp-content\/uploads\/2024\/03\/CONADU.png",640,430,false],"large":["https:\/\/apuntesdesanluis.com\/wp-content\/uploads\/2024\/03\/CONADU.png",640,430,false],"1536x1536":["https:\/\/apuntesdesanluis.com\/wp-content\/uploads\/2024\/03\/CONADU.png",648,435,false],"2048x2048":["https:\/\/apuntesdesanluis.com\/wp-content\/uploads\/2024\/03\/CONADU.png",648,435,false],"newsever-slider-full":["https:\/\/apuntesdesanluis.com\/wp-content\/uploads\/2024\/03\/CONADU.png",648,435,false],"newsever-featured":["https:\/\/apuntesdesanluis.com\/wp-content\/uploads\/2024\/03\/CONADU.png",648,435,false],"newsever-medium":["https:\/\/apuntesdesanluis.com\/wp-content\/uploads\/2024\/03\/CONADU.png",648,435,false]},"author_info":{"display_name":"apuntesdesanluis.com","author_link":"https:\/\/apuntesdesanluis.com\/index.php\/author\/apuntesdesanluis-com\/"},"category_info":"<a href=\"https:\/\/apuntesdesanluis.com\/index.php\/category\/nacionales-internacionales\/\" rel=\"category tag\">Nacionales\/Internacionales<\/a>","tag_info":"Nacionales\/Internacionales","comment_count":"0","_links":{"self":[{"href":"https:\/\/apuntesdesanluis.com\/index.php\/wp-json\/wp\/v2\/posts\/12869","targetHints":{"allow":["GET"]}}],"collection":[{"href":"https:\/\/apuntesdesanluis.com\/index.php\/wp-json\/wp\/v2\/posts"}],"about":[{"href":"https:\/\/apuntesdesanluis.com\/index.php\/wp-json\/wp\/v2\/types\/post"}],"author":[{"embeddable":true,"href":"https:\/\/apuntesdesanluis.com\/index.php\/wp-json\/wp\/v2\/users\/1"}],"replies":[{"embeddable":true,"href":"https:\/\/apuntesdesanluis.com\/index.php\/wp-json\/wp\/v2\/comments?post=12869"}],"version-history":[{"count":1,"href":"https:\/\/apuntesdesanluis.com\/index.php\/wp-json\/wp\/v2\/posts\/12869\/revisions"}],"predecessor-version":[{"id":12871,"href":"https:\/\/apuntesdesanluis.com\/index.php\/wp-json\/wp\/v2\/posts\/12869\/revisions\/12871"}],"wp:featuredmedia":[{"embeddable":true,"href":"https:\/\/apuntesdesanluis.com\/index.php\/wp-json\/wp\/v2\/media\/12870"}],"wp:attachment":[{"href":"https:\/\/apuntesdesanluis.com\/index.php\/wp-json\/wp\/v2\/media?parent=12869"}],"wp:term":[{"taxonomy":"category","embeddable":true,"href":"https:\/\/apuntesdesanluis.com\/index.php\/wp-json\/wp\/v2\/categories?post=12869"},{"taxonomy":"post_tag","embeddable":true,"href":"https:\/\/apuntesdesanluis.com\/index.php\/wp-json\/wp\/v2\/tags?post=12869"}],"curies":[{"name":"wp","href":"https:\/\/api.w.org\/{rel}","templated":true}]}}