{"id":12872,"date":"2024-03-07T11:53:48","date_gmt":"2024-03-07T14:53:48","guid":{"rendered":"https:\/\/apuntesdesanluis.com\/?p=12872"},"modified":"2024-03-07T22:54:13","modified_gmt":"2024-03-08T01:54:13","slug":"pelea-entre-internos-de-la-penitenciaria-termino-con-3-heridos-uno-de-ellos-grave","status":"publish","type":"post","link":"https:\/\/apuntesdesanluis.com\/index.php\/2024\/03\/07\/pelea-entre-internos-de-la-penitenciaria-termino-con-3-heridos-uno-de-ellos-grave\/","title":{"rendered":"PELEA ENTRE INTERNOS DE LA PENITENCIAR\u00cdA TERMIN\u00d3 CON 3 HERIDOS, UNO DE ELLOS GRAVE"},"content":{"rendered":"<h3>El Servicio Penitenciario Provincial confirm\u00f3 que en horas de la madrugada de este 7 de marzo, aproximadamente a las 3 de la ma\u00f1ana, surgi\u00f3 una discusi\u00f3n en uno de los pabellones entre tres internos que ocupan celdas contiguas.<\/h3>\n<h3>Todo sucedi\u00f3 en el pabell\u00f3n E, de la unidad de condenados.<\/h3>\n<h3>Por motivos que se desconocen, en la celda que era ocupada por dos de los internos, decidieron prender fuego a sus colchones, generando un incendio que perjudic\u00f3 sus v\u00edas respiratorias y provoc\u00f3 heridas corporales.<\/h3>\n<h3>Desde la Direcci\u00f3n del Servicio Penitenciario se decidi\u00f3 de manera inmediata el traslado de los internos al Hospital Ram\u00f3n Carrillo.<\/h3>\n<h3>Durante la ma\u00f1ana, solo uno de los internos quedo con atenci\u00f3n en el nosocomio local, mientras que las otras dos personas regresaron a la penitenciaria.<\/h3>\n<h3><strong>PARTE M\u00c9DICO<\/strong><\/h3>\n<h3>El Hospital Central &#8220;Doctor Ram\u00f3n Carrillo&#8221; informa el estado de salud de los tres pacientes que ingresaron por la guardia con diagn\u00f3stico de quemadura. Uno de ellos est\u00e1 internado en la Unidad de Terapia Intensiva (UTI) con quemaduras de aproximadamente 45% de la superficie corporal. Se encuentra grave y con pron\u00f3stico reservado.<\/h3>\n<h3>Se trata de <strong>Leonel Alejandro \u201cEl Le\u00edto\u201d Sosa<\/strong>, quien result\u00f3 con m\u00e1s del 80% de las v\u00edas respiratorias afectadas.<\/h3>\n<h3>El mismo est\u00e1 cumpliendo una pena a dos a\u00f1os y seis meses de prisi\u00f3n. Fue condenado en diciembre de 2023.<\/h3>\n<h3>Otro de los pacientes no presentaba lesiones importantes, por lo que se le dio el alta. El paciente restante pidi\u00f3 el alta voluntario.<\/h3>\n<p>&nbsp;<\/p>\n<p>&nbsp;<\/p>\n<p>&nbsp;<\/p>\n<p>&nbsp;<\/p>\n<p>&nbsp;<\/p>\n<p>&nbsp;<\/p>\n","protected":false},"excerpt":{"rendered":"<p>El Servicio Penitenciario Provincial confirm\u00f3 que en horas de la madrugada de este 7 de&#8230;<\/p>\n","protected":false},"author":1,"featured_media":2557,"comment_status":"closed","ping_status":"closed","sticky":false,"template":"","format":"standard","meta":{"footnotes":""},"categories":[6],"tags":[],"class_list":["post-12872","post","type-post","status-publish","format-standard","has-post-thumbnail","hentry","category-ciudad-provincia"],"yoast_head":"<!-- This site is optimized with the Yoast SEO plugin v26.1.1 - https:\/\/yoast.com\/wordpress\/plugins\/seo\/ -->\n<title>PELEA ENTRE INTERNOS DE LA PENITENCIAR\u00cdA TERMIN\u00d3 CON 3 HERIDOS, UNO DE ELLOS GRAVE - Apuntes de San Luis<\/title>\n<meta name=\"robots\" content=\"index, follow, max-snippet:-1, max-image-preview:large, max-video-preview:-1\" \/>\n<link rel=\"canonical\" href=\"https:\/\/apuntesdesanluis.com\/index.php\/2024\/03\/07\/pelea-entre-internos-de-la-penitenciaria-termino-con-3-heridos-uno-de-ellos-grave\/\" \/>\n<meta property=\"og:locale\" content=\"es_ES\" \/>\n<meta property=\"og:type\" content=\"article\" \/>\n<meta property=\"og:title\" content=\"PELEA ENTRE INTERNOS DE LA PENITENCIAR\u00cdA TERMIN\u00d3 CON 3 HERIDOS, UNO DE ELLOS GRAVE - Apuntes de San Luis\" \/>\n<meta property=\"og:description\" content=\"El Servicio Penitenciario Provincial confirm\u00f3 que en horas de la madrugada de este 7 de...\" \/>\n<meta property=\"og:url\" content=\"https:\/\/apuntesdesanluis.com\/index.php\/2024\/03\/07\/pelea-entre-internos-de-la-penitenciaria-termino-con-3-heridos-uno-de-ellos-grave\/\" \/>\n<meta property=\"og:site_name\" content=\"Apuntes de San Luis\" \/>\n<meta property=\"article:published_time\" content=\"2024-03-07T14:53:48+00:00\" \/>\n<meta property=\"article:modified_time\" content=\"2024-03-08T01:54:13+00:00\" \/>\n<meta property=\"og:image\" content=\"https:\/\/apuntesdesanluis.com\/wp-content\/uploads\/2023\/09\/servicio-penitenciario.png\" \/>\n\t<meta property=\"og:image:width\" content=\"584\" \/>\n\t<meta property=\"og:image:height\" content=\"321\" \/>\n\t<meta property=\"og:image:type\" content=\"image\/png\" \/>\n<meta name=\"author\" content=\"apuntesdesanluis.com\" \/>\n<meta name=\"twitter:card\" content=\"summary_large_image\" \/>\n<meta name=\"twitter:label1\" content=\"Escrito por\" \/>\n\t<meta name=\"twitter:data1\" content=\"apuntesdesanluis.com\" \/>\n\t<meta name=\"twitter:label2\" content=\"Tiempo de lectura\" \/>\n\t<meta name=\"twitter:data2\" content=\"2 minutos\" \/>\n<script type=\"application\/ld+json\" class=\"yoast-schema-graph\">{\"@context\":\"https:\/\/schema.org\",\"@graph\":[{\"@type\":\"Article\",\"@id\":\"https:\/\/apuntesdesanluis.com\/index.php\/2024\/03\/07\/pelea-entre-internos-de-la-penitenciaria-termino-con-3-heridos-uno-de-ellos-grave\/#article\",\"isPartOf\":{\"@id\":\"https:\/\/apuntesdesanluis.com\/index.php\/2024\/03\/07\/pelea-entre-internos-de-la-penitenciaria-termino-con-3-heridos-uno-de-ellos-grave\/\"},\"author\":{\"name\":\"apuntesdesanluis.com\",\"@id\":\"https:\/\/apuntesdesanluis.com\/#\/schema\/person\/b55151d52296fcce64d1a72538a70b90\"},\"headline\":\"PELEA ENTRE INTERNOS DE LA PENITENCIAR\u00cdA TERMIN\u00d3 CON 3 HERIDOS, UNO DE ELLOS GRAVE\",\"datePublished\":\"2024-03-07T14:53:48+00:00\",\"dateModified\":\"2024-03-08T01:54:13+00:00\",\"mainEntityOfPage\":{\"@id\":\"https:\/\/apuntesdesanluis.com\/index.php\/2024\/03\/07\/pelea-entre-internos-de-la-penitenciaria-termino-con-3-heridos-uno-de-ellos-grave\/\"},\"wordCount\":276,\"publisher\":{\"@id\":\"https:\/\/apuntesdesanluis.com\/#\/schema\/person\/b55151d52296fcce64d1a72538a70b90\"},\"image\":{\"@id\":\"https:\/\/apuntesdesanluis.com\/index.php\/2024\/03\/07\/pelea-entre-internos-de-la-penitenciaria-termino-con-3-heridos-uno-de-ellos-grave\/#primaryimage\"},\"thumbnailUrl\":\"https:\/\/apuntesdesanluis.com\/wp-content\/uploads\/2023\/09\/servicio-penitenciario.png\",\"articleSection\":[\"Ciudad\/Provincia\"],\"inLanguage\":\"es-AR\"},{\"@type\":\"WebPage\",\"@id\":\"https:\/\/apuntesdesanluis.com\/index.php\/2024\/03\/07\/pelea-entre-internos-de-la-penitenciaria-termino-con-3-heridos-uno-de-ellos-grave\/\",\"url\":\"https:\/\/apuntesdesanluis.com\/index.php\/2024\/03\/07\/pelea-entre-internos-de-la-penitenciaria-termino-con-3-heridos-uno-de-ellos-grave\/\",\"name\":\"PELEA ENTRE INTERNOS DE LA PENITENCIAR\u00cdA TERMIN\u00d3 CON 3 HERIDOS, UNO DE ELLOS GRAVE - Apuntes de San Luis\",\"isPartOf\":{\"@id\":\"https:\/\/apuntesdesanluis.com\/#website\"},\"primaryImageOfPage\":{\"@id\":\"https:\/\/apuntesdesanluis.com\/index.php\/2024\/03\/07\/pelea-entre-internos-de-la-penitenciaria-termino-con-3-heridos-uno-de-ellos-grave\/#primaryimage\"},\"image\":{\"@id\":\"https:\/\/apuntesdesanluis.com\/index.php\/2024\/03\/07\/pelea-entre-internos-de-la-penitenciaria-termino-con-3-heridos-uno-de-ellos-grave\/#primaryimage\"},\"thumbnailUrl\":\"https:\/\/apuntesdesanluis.com\/wp-content\/uploads\/2023\/09\/servicio-penitenciario.png\",\"datePublished\":\"2024-03-07T14:53:48+00:00\",\"dateModified\":\"2024-03-08T01:54:13+00:00\",\"breadcrumb\":{\"@id\":\"https:\/\/apuntesdesanluis.com\/index.php\/2024\/03\/07\/pelea-entre-internos-de-la-penitenciaria-termino-con-3-heridos-uno-de-ellos-grave\/#breadcrumb\"},\"inLanguage\":\"es-AR\",\"potentialAction\":[{\"@type\":\"ReadAction\",\"target\":[\"https:\/\/apuntesdesanluis.com\/index.php\/2024\/03\/07\/pelea-entre-internos-de-la-penitenciaria-termino-con-3-heridos-uno-de-ellos-grave\/\"]}]},{\"@type\":\"ImageObject\",\"inLanguage\":\"es-AR\",\"@id\":\"https:\/\/apuntesdesanluis.com\/index.php\/2024\/03\/07\/pelea-entre-internos-de-la-penitenciaria-termino-con-3-heridos-uno-de-ellos-grave\/#primaryimage\",\"url\":\"https:\/\/apuntesdesanluis.com\/wp-content\/uploads\/2023\/09\/servicio-penitenciario.png\",\"contentUrl\":\"https:\/\/apuntesdesanluis.com\/wp-content\/uploads\/2023\/09\/servicio-penitenciario.png\",\"width\":584,\"height\":321},{\"@type\":\"BreadcrumbList\",\"@id\":\"https:\/\/apuntesdesanluis.com\/index.php\/2024\/03\/07\/pelea-entre-internos-de-la-penitenciaria-termino-con-3-heridos-uno-de-ellos-grave\/#breadcrumb\",\"itemListElement\":[{\"@type\":\"ListItem\",\"position\":1,\"name\":\"Inicio\",\"item\":\"https:\/\/apuntesdesanluis.com\/\"},{\"@type\":\"ListItem\",\"position\":2,\"name\":\"PELEA ENTRE INTERNOS DE LA PENITENCIAR\u00cdA TERMIN\u00d3 CON 3 HERIDOS, UNO DE ELLOS GRAVE\"}]},{\"@type\":\"WebSite\",\"@id\":\"https:\/\/apuntesdesanluis.com\/#website\",\"url\":\"https:\/\/apuntesdesanluis.com\/\",\"name\":\"Apuntes de San Luis\",\"description\":\"\",\"publisher\":{\"@id\":\"https:\/\/apuntesdesanluis.com\/#\/schema\/person\/b55151d52296fcce64d1a72538a70b90\"},\"potentialAction\":[{\"@type\":\"SearchAction\",\"target\":{\"@type\":\"EntryPoint\",\"urlTemplate\":\"https:\/\/apuntesdesanluis.com\/?s={search_term_string}\"},\"query-input\":{\"@type\":\"PropertyValueSpecification\",\"valueRequired\":true,\"valueName\":\"search_term_string\"}}],\"inLanguage\":\"es-AR\"},{\"@type\":[\"Person\",\"Organization\"],\"@id\":\"https:\/\/apuntesdesanluis.com\/#\/schema\/person\/b55151d52296fcce64d1a72538a70b90\",\"name\":\"apuntesdesanluis.com\",\"image\":{\"@type\":\"ImageObject\",\"inLanguage\":\"es-AR\",\"@id\":\"https:\/\/apuntesdesanluis.com\/#\/schema\/person\/image\/\",\"url\":\"https:\/\/apuntesdesanluis.com\/wp-content\/uploads\/2023\/07\/cropped-apuntesdesanluis.png\",\"contentUrl\":\"https:\/\/apuntesdesanluis.com\/wp-content\/uploads\/2023\/07\/cropped-apuntesdesanluis.png\",\"width\":450,\"height\":112,\"caption\":\"apuntesdesanluis.com\"},\"logo\":{\"@id\":\"https:\/\/apuntesdesanluis.com\/#\/schema\/person\/image\/\"},\"sameAs\":[\"https:\/\/apuntesdesanluis.com\"],\"url\":\"https:\/\/apuntesdesanluis.com\/index.php\/author\/apuntesdesanluis-com\/\"}]}<\/script>\n<!-- \/ Yoast SEO plugin. -->","yoast_head_json":{"title":"PELEA ENTRE INTERNOS DE LA PENITENCIAR\u00cdA TERMIN\u00d3 CON 3 HERIDOS, UNO DE ELLOS GRAVE - Apuntes de San Luis","robots":{"index":"index","follow":"follow","max-snippet":"max-snippet:-1","max-image-preview":"max-image-preview:large","max-video-preview":"max-video-preview:-1"},"canonical":"https:\/\/apuntesdesanluis.com\/index.php\/2024\/03\/07\/pelea-entre-internos-de-la-penitenciaria-termino-con-3-heridos-uno-de-ellos-grave\/","og_locale":"es_ES","og_type":"article","og_title":"PELEA ENTRE INTERNOS DE LA PENITENCIAR\u00cdA TERMIN\u00d3 CON 3 HERIDOS, UNO DE ELLOS GRAVE - Apuntes de San Luis","og_description":"El Servicio Penitenciario Provincial confirm\u00f3 que en horas de la madrugada de este 7 de...","og_url":"https:\/\/apuntesdesanluis.com\/index.php\/2024\/03\/07\/pelea-entre-internos-de-la-penitenciaria-termino-con-3-heridos-uno-de-ellos-grave\/","og_site_name":"Apuntes de San Luis","article_published_time":"2024-03-07T14:53:48+00:00","article_modified_time":"2024-03-08T01:54:13+00:00","og_image":[{"width":584,"height":321,"url":"https:\/\/apuntesdesanluis.com\/wp-content\/uploads\/2023\/09\/servicio-penitenciario.png","type":"image\/png"}],"author":"apuntesdesanluis.com","twitter_card":"summary_large_image","twitter_misc":{"Escrito por":"apuntesdesanluis.com","Tiempo de lectura":"2 minutos"},"schema":{"@context":"https:\/\/schema.org","@graph":[{"@type":"Article","@id":"https:\/\/apuntesdesanluis.com\/index.php\/2024\/03\/07\/pelea-entre-internos-de-la-penitenciaria-termino-con-3-heridos-uno-de-ellos-grave\/#article","isPartOf":{"@id":"https:\/\/apuntesdesanluis.com\/index.php\/2024\/03\/07\/pelea-entre-internos-de-la-penitenciaria-termino-con-3-heridos-uno-de-ellos-grave\/"},"author":{"name":"apuntesdesanluis.com","@id":"https:\/\/apuntesdesanluis.com\/#\/schema\/person\/b55151d52296fcce64d1a72538a70b90"},"headline":"PELEA ENTRE INTERNOS DE LA PENITENCIAR\u00cdA TERMIN\u00d3 CON 3 HERIDOS, UNO DE ELLOS GRAVE","datePublished":"2024-03-07T14:53:48+00:00","dateModified":"2024-03-08T01:54:13+00:00","mainEntityOfPage":{"@id":"https:\/\/apuntesdesanluis.com\/index.php\/2024\/03\/07\/pelea-entre-internos-de-la-penitenciaria-termino-con-3-heridos-uno-de-ellos-grave\/"},"wordCount":276,"publisher":{"@id":"https:\/\/apuntesdesanluis.com\/#\/schema\/person\/b55151d52296fcce64d1a72538a70b90"},"image":{"@id":"https:\/\/apuntesdesanluis.com\/index.php\/2024\/03\/07\/pelea-entre-internos-de-la-penitenciaria-termino-con-3-heridos-uno-de-ellos-grave\/#primaryimage"},"thumbnailUrl":"https:\/\/apuntesdesanluis.com\/wp-content\/uploads\/2023\/09\/servicio-penitenciario.png","articleSection":["Ciudad\/Provincia"],"inLanguage":"es-AR"},{"@type":"WebPage","@id":"https:\/\/apuntesdesanluis.com\/index.php\/2024\/03\/07\/pelea-entre-internos-de-la-penitenciaria-termino-con-3-heridos-uno-de-ellos-grave\/","url":"https:\/\/apuntesdesanluis.com\/index.php\/2024\/03\/07\/pelea-entre-internos-de-la-penitenciaria-termino-con-3-heridos-uno-de-ellos-grave\/","name":"PELEA ENTRE INTERNOS DE LA PENITENCIAR\u00cdA TERMIN\u00d3 CON 3 HERIDOS, UNO DE ELLOS GRAVE - Apuntes de San Luis","isPartOf":{"@id":"https:\/\/apuntesdesanluis.com\/#website"},"primaryImageOfPage":{"@id":"https:\/\/apuntesdesanluis.com\/index.php\/2024\/03\/07\/pelea-entre-internos-de-la-penitenciaria-termino-con-3-heridos-uno-de-ellos-grave\/#primaryimage"},"image":{"@id":"https:\/\/apuntesdesanluis.com\/index.php\/2024\/03\/07\/pelea-entre-internos-de-la-penitenciaria-termino-con-3-heridos-uno-de-ellos-grave\/#primaryimage"},"thumbnailUrl":"https:\/\/apuntesdesanluis.com\/wp-content\/uploads\/2023\/09\/servicio-penitenciario.png","datePublished":"2024-03-07T14:53:48+00:00","dateModified":"2024-03-08T01:54:13+00:00","breadcrumb":{"@id":"https:\/\/apuntesdesanluis.com\/index.php\/2024\/03\/07\/pelea-entre-internos-de-la-penitenciaria-termino-con-3-heridos-uno-de-ellos-grave\/#breadcrumb"},"inLanguage":"es-AR","potentialAction":[{"@type":"ReadAction","target":["https:\/\/apuntesdesanluis.com\/index.php\/2024\/03\/07\/pelea-entre-internos-de-la-penitenciaria-termino-con-3-heridos-uno-de-ellos-grave\/"]}]},{"@type":"ImageObject","inLanguage":"es-AR","@id":"https:\/\/apuntesdesanluis.com\/index.php\/2024\/03\/07\/pelea-entre-internos-de-la-penitenciaria-termino-con-3-heridos-uno-de-ellos-grave\/#primaryimage","url":"https:\/\/apuntesdesanluis.com\/wp-content\/uploads\/2023\/09\/servicio-penitenciario.png","contentUrl":"https:\/\/apuntesdesanluis.com\/wp-content\/uploads\/2023\/09\/servicio-penitenciario.png","width":584,"height":321},{"@type":"BreadcrumbList","@id":"https:\/\/apuntesdesanluis.com\/index.php\/2024\/03\/07\/pelea-entre-internos-de-la-penitenciaria-termino-con-3-heridos-uno-de-ellos-grave\/#breadcrumb","itemListElement":[{"@type":"ListItem","position":1,"name":"Inicio","item":"https:\/\/apuntesdesanluis.com\/"},{"@type":"ListItem","position":2,"name":"PELEA ENTRE INTERNOS DE LA PENITENCIAR\u00cdA TERMIN\u00d3 CON 3 HERIDOS, UNO DE ELLOS GRAVE"}]},{"@type":"WebSite","@id":"https:\/\/apuntesdesanluis.com\/#website","url":"https:\/\/apuntesdesanluis.com\/","name":"Apuntes de San Luis","description":"","publisher":{"@id":"https:\/\/apuntesdesanluis.com\/#\/schema\/person\/b55151d52296fcce64d1a72538a70b90"},"potentialAction":[{"@type":"SearchAction","target":{"@type":"EntryPoint","urlTemplate":"https:\/\/apuntesdesanluis.com\/?s={search_term_string}"},"query-input":{"@type":"PropertyValueSpecification","valueRequired":true,"valueName":"search_term_string"}}],"inLanguage":"es-AR"},{"@type":["Person","Organization"],"@id":"https:\/\/apuntesdesanluis.com\/#\/schema\/person\/b55151d52296fcce64d1a72538a70b90","name":"apuntesdesanluis.com","image":{"@type":"ImageObject","inLanguage":"es-AR","@id":"https:\/\/apuntesdesanluis.com\/#\/schema\/person\/image\/","url":"https:\/\/apuntesdesanluis.com\/wp-content\/uploads\/2023\/07\/cropped-apuntesdesanluis.png","contentUrl":"https:\/\/apuntesdesanluis.com\/wp-content\/uploads\/2023\/07\/cropped-apuntesdesanluis.png","width":450,"height":112,"caption":"apuntesdesanluis.com"},"logo":{"@id":"https:\/\/apuntesdesanluis.com\/#\/schema\/person\/image\/"},"sameAs":["https:\/\/apuntesdesanluis.com"],"url":"https:\/\/apuntesdesanluis.com\/index.php\/author\/apuntesdesanluis-com\/"}]}},"featured_image_urls":{"full":["https:\/\/apuntesdesanluis.com\/wp-content\/uploads\/2023\/09\/servicio-penitenciario.png",584,321,false],"thumbnail":["https:\/\/apuntesdesanluis.com\/wp-content\/uploads\/2023\/09\/servicio-penitenciario-150x150.png",150,150,true],"medium":["https:\/\/apuntesdesanluis.com\/wp-content\/uploads\/2023\/09\/servicio-penitenciario-300x165.png",300,165,true],"medium_large":["https:\/\/apuntesdesanluis.com\/wp-content\/uploads\/2023\/09\/servicio-penitenciario.png",584,321,false],"large":["https:\/\/apuntesdesanluis.com\/wp-content\/uploads\/2023\/09\/servicio-penitenciario.png",584,321,false],"1536x1536":["https:\/\/apuntesdesanluis.com\/wp-content\/uploads\/2023\/09\/servicio-penitenciario.png",584,321,false],"2048x2048":["https:\/\/apuntesdesanluis.com\/wp-content\/uploads\/2023\/09\/servicio-penitenciario.png",584,321,false],"newsever-slider-full":["https:\/\/apuntesdesanluis.com\/wp-content\/uploads\/2023\/09\/servicio-penitenciario.png",584,321,false],"newsever-featured":["https:\/\/apuntesdesanluis.com\/wp-content\/uploads\/2023\/09\/servicio-penitenciario.png",584,321,false],"newsever-medium":["https:\/\/apuntesdesanluis.com\/wp-content\/uploads\/2023\/09\/servicio-penitenciario.png",584,321,false]},"author_info":{"display_name":"apuntesdesanluis.com","author_link":"https:\/\/apuntesdesanluis.com\/index.php\/author\/apuntesdesanluis-com\/"},"category_info":"<a href=\"https:\/\/apuntesdesanluis.com\/index.php\/category\/ciudad-provincia\/\" rel=\"category tag\">Ciudad\/Provincia<\/a>","tag_info":"Ciudad\/Provincia","comment_count":"0","_links":{"self":[{"href":"https:\/\/apuntesdesanluis.com\/index.php\/wp-json\/wp\/v2\/posts\/12872","targetHints":{"allow":["GET"]}}],"collection":[{"href":"https:\/\/apuntesdesanluis.com\/index.php\/wp-json\/wp\/v2\/posts"}],"about":[{"href":"https:\/\/apuntesdesanluis.com\/index.php\/wp-json\/wp\/v2\/types\/post"}],"author":[{"embeddable":true,"href":"https:\/\/apuntesdesanluis.com\/index.php\/wp-json\/wp\/v2\/users\/1"}],"replies":[{"embeddable":true,"href":"https:\/\/apuntesdesanluis.com\/index.php\/wp-json\/wp\/v2\/comments?post=12872"}],"version-history":[{"count":1,"href":"https:\/\/apuntesdesanluis.com\/index.php\/wp-json\/wp\/v2\/posts\/12872\/revisions"}],"predecessor-version":[{"id":12873,"href":"https:\/\/apuntesdesanluis.com\/index.php\/wp-json\/wp\/v2\/posts\/12872\/revisions\/12873"}],"wp:featuredmedia":[{"embeddable":true,"href":"https:\/\/apuntesdesanluis.com\/index.php\/wp-json\/wp\/v2\/media\/2557"}],"wp:attachment":[{"href":"https:\/\/apuntesdesanluis.com\/index.php\/wp-json\/wp\/v2\/media?parent=12872"}],"wp:term":[{"taxonomy":"category","embeddable":true,"href":"https:\/\/apuntesdesanluis.com\/index.php\/wp-json\/wp\/v2\/categories?post=12872"},{"taxonomy":"post_tag","embeddable":true,"href":"https:\/\/apuntesdesanluis.com\/index.php\/wp-json\/wp\/v2\/tags?post=12872"}],"curies":[{"name":"wp","href":"https:\/\/api.w.org\/{rel}","templated":true}]}}