{"id":12874,"date":"2024-03-08T13:17:52","date_gmt":"2024-03-08T16:17:52","guid":{"rendered":"https:\/\/apuntesdesanluis.com\/?p=12874"},"modified":"2024-03-08T18:53:17","modified_gmt":"2024-03-08T21:53:17","slug":"unon-tres-anos-condicional-por-homicidio-culposo-en-accidente-de-transito","status":"publish","type":"post","link":"https:\/\/apuntesdesanluis.com\/index.php\/2024\/03\/08\/unon-tres-anos-condicional-por-homicidio-culposo-en-accidente-de-transito\/","title":{"rendered":"UN\u00d3N: TRES A\u00d1OS CONDICIONAL POR HOMICIDIO CULPOSO EN ACCIDENTE DE TR\u00c1NSITO"},"content":{"rendered":"<h3><strong>Norberto Gabriel Moralejo fue declarado autor penalmente responsable del delito de homicidio culposo agravado por conducci\u00f3n imprudente de veh\u00edculo automotor y condenado a sufrir la pena de tres a\u00f1os de ejecuci\u00f3n condicional y seis a\u00f1os de inhabilitaci\u00f3n especial para la conducci\u00f3n de veh\u00edculos automotores.<\/strong><\/h3>\n<h3>El tribunal integrado por las Dras. Daniela Estrada, Sandra Ehrlich\u00a0 y por el Dr. Mauro Germ\u00e1n D\u00b4Agata Henr\u00edquez, dio a conocer el veredicto en la causa donde se juzg\u00f3 a un hombre por un hecho ocurrido en noviembre de 2019 en la ruta 188 km 676 al sur de la provincia y que tuvo como v\u00edctima fatal a Nicolas Baum.<\/h3>\n<h3>Como fiscal de Juicio intervino el Dr. Ernesto Lutens. En representaci\u00f3n de la defensa del acusado actu\u00f3 la Defensora de Juicio, Dra. Roc\u00edo Mediavilla y representando al particular damnificado, la Dra. Olga Rosa Allende.<\/h3>\n<h3>A trav\u00e9s del veredicto N\u00ba 9, el tribunal declar\u00f3 a Norberto Gabriel Moralejo autor penalmente responsable del delito de homicidio culposo agravado por conducci\u00f3n imprudente de veh\u00edculo automotor en los t\u00e9rminos previstos en los Arts. 45 y 84 bis \u2013 primer p\u00e1rrafo del C\u00f3digo Penal \u2013 . Adem\u00e1s, los jueces fijaron normas de conducta que deber\u00e1 cumplir y que, en caso de ser incumplidas, permitir\u00edan al tribunal revocar la condicionalidad de la condena.<\/h3>\n<h3>A continuaci\u00f3n, se transcribe el resolutorio del veredicto:<\/h3>\n<h3><strong><u>\u201cY VISTO<\/u><\/strong>: En m\u00e9rito al resultado obtenido en la VOTACI\u00d3N del acuerdo que antecede y lo dispuesto por los arts. 356 y siguientes del C\u00f3d. de Procedimientos Criminales,\u00a0<strong><u>SE RESUELVE<\/u><\/strong>: 1.-)\u00a0<strong>DECLARAR<\/strong>\u00a0al acusado\u00a0<strong>NORBERTO GABRIEL MORALEJO<\/strong>, de datos personales ut-supra referenciados,\u00a0<strong>AUTOR PENALMENTE RESPONSABLE<\/strong>\u00a0del delito de\u00a0<strong>HOMICIDIO CULPOSO AGRAVADO POR CONDUCCI\u00d3N IMPRUDENTE DE VEH\u00cdCULO AUTOMOTOR (arts. 45 y 84 bis \u2013primer p\u00e1rrafo del C.P.)<\/strong>\u00a0y CONDENARLO a sufrir la pena de\u00a0<strong>TRES A\u00d1OS DE PRISI\u00d3N de EJECUCI\u00d3N CONDICIONAL y SEIS A\u00d1OS DE INHABILITACI\u00d3N ESPECIAL PARA LA CONDUCCI\u00d3N DE VEH\u00cdCULOS AUTOMOTORES<\/strong>, accesorias legales y costas procesales; 2.-) Imponer al condenado\u00a0<strong>NORBERTO GABRIEL MORALEJO<\/strong> las siguientes pautas de conducta de conformidad a lo establecido por el art. 27 bis del C.P.: a) fijar residencia; b) abstenerse de usar estupefacientes o de abusar de bebidas alcoh\u00f3licas; c) hacer entrega de manera inmediata del carnet de conducir ante el Tribunal actuante; d) someterse a cursos o talleres de capacitaci\u00f3n y\/o concientizaci\u00f3n de reglas de conducci\u00f3n de veh\u00edculos automotores, a cargo del imputado, debiendo acreditar su realizaci\u00f3n en el t\u00e9rmino de seis (6) meses. Asimismo, se deber\u00e1 prevenir al condenado, que si no cumpliere con alguna de las reglas o reiterase ese incumplimiento, el Tribunal podr\u00e1 disponer que no se compute como plazo de cumplimiento todo o parte del tiempo transcurrido hasta ese momento. Si el condenado persistiere o reiterase el incumplimiento, el Tribunal podr\u00e1 revocar la condicionalidad de la condena; 3.-) COMUN\u00cdQUESE a los organismos pertinentes la Inhabilitaci\u00f3n ordenada; 4.-) Comun\u00edquese al Registro Nacional de Reincidencia y rem\u00edtanse las actuaciones pertinentes al Juzgado de Ejecuci\u00f3n para que asuma la correspondiente ejecuci\u00f3n de pena. Protocol\u00edcese, h\u00e1gase saber y oportunamente bajen\u201c.<\/h3>\n<h3><em>Para obtener m\u00e1s informaci\u00f3n sobre esta causa ingrese al siguiente enlace:\u00a0<\/em><\/h3>\n<h3><span style=\"color: #3366ff;\"><em><a style=\"color: #3366ff;\" href=\"https:\/\/www.periodicojudicial.gov.ar\/debate-oral-juzgan-a-un-hombre-por-homicidio-culposo-por-accidente-de-transito\/\">https:\/\/www.periodicojudicial.gov.ar\/debate-oral-juzgan-a-un-hombre-por-homicidio-culposo-por-accidente-de-transito\/<\/a><\/em><\/span><\/h3>\n<p>&nbsp;<\/p>\n<p>&nbsp;<\/p>\n","protected":false},"excerpt":{"rendered":"<p>Norberto Gabriel Moralejo fue declarado autor penalmente responsable del delito de homicidio culposo agravado por&#8230;<\/p>\n","protected":false},"author":1,"featured_media":11246,"comment_status":"closed","ping_status":"closed","sticky":false,"template":"","format":"standard","meta":{"footnotes":""},"categories":[6],"tags":[],"class_list":["post-12874","post","type-post","status-publish","format-standard","has-post-thumbnail","hentry","category-ciudad-provincia"],"yoast_head":"<!-- This site is optimized with the Yoast SEO plugin v26.1.1 - https:\/\/yoast.com\/wordpress\/plugins\/seo\/ -->\n<title>UN\u00d3N: TRES A\u00d1OS CONDICIONAL POR HOMICIDIO CULPOSO EN ACCIDENTE DE TR\u00c1NSITO - Apuntes de San Luis<\/title>\n<meta name=\"robots\" content=\"index, follow, max-snippet:-1, max-image-preview:large, max-video-preview:-1\" \/>\n<link rel=\"canonical\" href=\"https:\/\/apuntesdesanluis.com\/index.php\/2024\/03\/08\/unon-tres-anos-condicional-por-homicidio-culposo-en-accidente-de-transito\/\" \/>\n<meta property=\"og:locale\" content=\"es_ES\" \/>\n<meta property=\"og:type\" content=\"article\" \/>\n<meta property=\"og:title\" content=\"UN\u00d3N: TRES A\u00d1OS CONDICIONAL POR HOMICIDIO CULPOSO EN ACCIDENTE DE TR\u00c1NSITO - Apuntes de San Luis\" \/>\n<meta property=\"og:description\" content=\"Norberto Gabriel Moralejo fue declarado autor penalmente responsable del delito de homicidio culposo agravado por...\" \/>\n<meta property=\"og:url\" content=\"https:\/\/apuntesdesanluis.com\/index.php\/2024\/03\/08\/unon-tres-anos-condicional-por-homicidio-culposo-en-accidente-de-transito\/\" \/>\n<meta property=\"og:site_name\" content=\"Apuntes de San Luis\" \/>\n<meta property=\"article:published_time\" content=\"2024-03-08T16:17:52+00:00\" \/>\n<meta property=\"article:modified_time\" content=\"2024-03-08T21:53:17+00:00\" \/>\n<meta property=\"og:image\" content=\"https:\/\/apuntesdesanluis.com\/wp-content\/uploads\/2024\/02\/tribunales-mercedes.png\" \/>\n\t<meta property=\"og:image:width\" content=\"600\" \/>\n\t<meta property=\"og:image:height\" content=\"346\" \/>\n\t<meta property=\"og:image:type\" content=\"image\/png\" \/>\n<meta name=\"author\" content=\"apuntesdesanluis.com\" \/>\n<meta name=\"twitter:card\" content=\"summary_large_image\" \/>\n<meta name=\"twitter:label1\" content=\"Escrito por\" \/>\n\t<meta name=\"twitter:data1\" content=\"apuntesdesanluis.com\" \/>\n\t<meta name=\"twitter:label2\" content=\"Tiempo de lectura\" \/>\n\t<meta name=\"twitter:data2\" content=\"3 minutos\" \/>\n<script type=\"application\/ld+json\" class=\"yoast-schema-graph\">{\"@context\":\"https:\/\/schema.org\",\"@graph\":[{\"@type\":\"Article\",\"@id\":\"https:\/\/apuntesdesanluis.com\/index.php\/2024\/03\/08\/unon-tres-anos-condicional-por-homicidio-culposo-en-accidente-de-transito\/#article\",\"isPartOf\":{\"@id\":\"https:\/\/apuntesdesanluis.com\/index.php\/2024\/03\/08\/unon-tres-anos-condicional-por-homicidio-culposo-en-accidente-de-transito\/\"},\"author\":{\"name\":\"apuntesdesanluis.com\",\"@id\":\"https:\/\/apuntesdesanluis.com\/#\/schema\/person\/b55151d52296fcce64d1a72538a70b90\"},\"headline\":\"UN\u00d3N: TRES A\u00d1OS CONDICIONAL POR HOMICIDIO CULPOSO EN ACCIDENTE DE TR\u00c1NSITO\",\"datePublished\":\"2024-03-08T16:17:52+00:00\",\"dateModified\":\"2024-03-08T21:53:17+00:00\",\"mainEntityOfPage\":{\"@id\":\"https:\/\/apuntesdesanluis.com\/index.php\/2024\/03\/08\/unon-tres-anos-condicional-por-homicidio-culposo-en-accidente-de-transito\/\"},\"wordCount\":571,\"publisher\":{\"@id\":\"https:\/\/apuntesdesanluis.com\/#\/schema\/person\/b55151d52296fcce64d1a72538a70b90\"},\"image\":{\"@id\":\"https:\/\/apuntesdesanluis.com\/index.php\/2024\/03\/08\/unon-tres-anos-condicional-por-homicidio-culposo-en-accidente-de-transito\/#primaryimage\"},\"thumbnailUrl\":\"https:\/\/apuntesdesanluis.com\/wp-content\/uploads\/2024\/02\/tribunales-mercedes.png\",\"articleSection\":[\"Ciudad\/Provincia\"],\"inLanguage\":\"es-AR\"},{\"@type\":\"WebPage\",\"@id\":\"https:\/\/apuntesdesanluis.com\/index.php\/2024\/03\/08\/unon-tres-anos-condicional-por-homicidio-culposo-en-accidente-de-transito\/\",\"url\":\"https:\/\/apuntesdesanluis.com\/index.php\/2024\/03\/08\/unon-tres-anos-condicional-por-homicidio-culposo-en-accidente-de-transito\/\",\"name\":\"UN\u00d3N: TRES A\u00d1OS CONDICIONAL POR HOMICIDIO CULPOSO EN ACCIDENTE DE TR\u00c1NSITO - Apuntes de San Luis\",\"isPartOf\":{\"@id\":\"https:\/\/apuntesdesanluis.com\/#website\"},\"primaryImageOfPage\":{\"@id\":\"https:\/\/apuntesdesanluis.com\/index.php\/2024\/03\/08\/unon-tres-anos-condicional-por-homicidio-culposo-en-accidente-de-transito\/#primaryimage\"},\"image\":{\"@id\":\"https:\/\/apuntesdesanluis.com\/index.php\/2024\/03\/08\/unon-tres-anos-condicional-por-homicidio-culposo-en-accidente-de-transito\/#primaryimage\"},\"thumbnailUrl\":\"https:\/\/apuntesdesanluis.com\/wp-content\/uploads\/2024\/02\/tribunales-mercedes.png\",\"datePublished\":\"2024-03-08T16:17:52+00:00\",\"dateModified\":\"2024-03-08T21:53:17+00:00\",\"breadcrumb\":{\"@id\":\"https:\/\/apuntesdesanluis.com\/index.php\/2024\/03\/08\/unon-tres-anos-condicional-por-homicidio-culposo-en-accidente-de-transito\/#breadcrumb\"},\"inLanguage\":\"es-AR\",\"potentialAction\":[{\"@type\":\"ReadAction\",\"target\":[\"https:\/\/apuntesdesanluis.com\/index.php\/2024\/03\/08\/unon-tres-anos-condicional-por-homicidio-culposo-en-accidente-de-transito\/\"]}]},{\"@type\":\"ImageObject\",\"inLanguage\":\"es-AR\",\"@id\":\"https:\/\/apuntesdesanluis.com\/index.php\/2024\/03\/08\/unon-tres-anos-condicional-por-homicidio-culposo-en-accidente-de-transito\/#primaryimage\",\"url\":\"https:\/\/apuntesdesanluis.com\/wp-content\/uploads\/2024\/02\/tribunales-mercedes.png\",\"contentUrl\":\"https:\/\/apuntesdesanluis.com\/wp-content\/uploads\/2024\/02\/tribunales-mercedes.png\",\"width\":600,\"height\":346},{\"@type\":\"BreadcrumbList\",\"@id\":\"https:\/\/apuntesdesanluis.com\/index.php\/2024\/03\/08\/unon-tres-anos-condicional-por-homicidio-culposo-en-accidente-de-transito\/#breadcrumb\",\"itemListElement\":[{\"@type\":\"ListItem\",\"position\":1,\"name\":\"Inicio\",\"item\":\"https:\/\/apuntesdesanluis.com\/\"},{\"@type\":\"ListItem\",\"position\":2,\"name\":\"UN\u00d3N: TRES A\u00d1OS CONDICIONAL POR HOMICIDIO CULPOSO EN ACCIDENTE DE TR\u00c1NSITO\"}]},{\"@type\":\"WebSite\",\"@id\":\"https:\/\/apuntesdesanluis.com\/#website\",\"url\":\"https:\/\/apuntesdesanluis.com\/\",\"name\":\"Apuntes de San Luis\",\"description\":\"\",\"publisher\":{\"@id\":\"https:\/\/apuntesdesanluis.com\/#\/schema\/person\/b55151d52296fcce64d1a72538a70b90\"},\"potentialAction\":[{\"@type\":\"SearchAction\",\"target\":{\"@type\":\"EntryPoint\",\"urlTemplate\":\"https:\/\/apuntesdesanluis.com\/?s={search_term_string}\"},\"query-input\":{\"@type\":\"PropertyValueSpecification\",\"valueRequired\":true,\"valueName\":\"search_term_string\"}}],\"inLanguage\":\"es-AR\"},{\"@type\":[\"Person\",\"Organization\"],\"@id\":\"https:\/\/apuntesdesanluis.com\/#\/schema\/person\/b55151d52296fcce64d1a72538a70b90\",\"name\":\"apuntesdesanluis.com\",\"image\":{\"@type\":\"ImageObject\",\"inLanguage\":\"es-AR\",\"@id\":\"https:\/\/apuntesdesanluis.com\/#\/schema\/person\/image\/\",\"url\":\"https:\/\/apuntesdesanluis.com\/wp-content\/uploads\/2023\/07\/cropped-apuntesdesanluis.png\",\"contentUrl\":\"https:\/\/apuntesdesanluis.com\/wp-content\/uploads\/2023\/07\/cropped-apuntesdesanluis.png\",\"width\":450,\"height\":112,\"caption\":\"apuntesdesanluis.com\"},\"logo\":{\"@id\":\"https:\/\/apuntesdesanluis.com\/#\/schema\/person\/image\/\"},\"sameAs\":[\"https:\/\/apuntesdesanluis.com\"],\"url\":\"https:\/\/apuntesdesanluis.com\/index.php\/author\/apuntesdesanluis-com\/\"}]}<\/script>\n<!-- \/ Yoast SEO plugin. -->","yoast_head_json":{"title":"UN\u00d3N: TRES A\u00d1OS CONDICIONAL POR HOMICIDIO CULPOSO EN ACCIDENTE DE TR\u00c1NSITO - Apuntes de San Luis","robots":{"index":"index","follow":"follow","max-snippet":"max-snippet:-1","max-image-preview":"max-image-preview:large","max-video-preview":"max-video-preview:-1"},"canonical":"https:\/\/apuntesdesanluis.com\/index.php\/2024\/03\/08\/unon-tres-anos-condicional-por-homicidio-culposo-en-accidente-de-transito\/","og_locale":"es_ES","og_type":"article","og_title":"UN\u00d3N: TRES A\u00d1OS CONDICIONAL POR HOMICIDIO CULPOSO EN ACCIDENTE DE TR\u00c1NSITO - Apuntes de San Luis","og_description":"Norberto Gabriel Moralejo fue declarado autor penalmente responsable del delito de homicidio culposo agravado por...","og_url":"https:\/\/apuntesdesanluis.com\/index.php\/2024\/03\/08\/unon-tres-anos-condicional-por-homicidio-culposo-en-accidente-de-transito\/","og_site_name":"Apuntes de San Luis","article_published_time":"2024-03-08T16:17:52+00:00","article_modified_time":"2024-03-08T21:53:17+00:00","og_image":[{"width":600,"height":346,"url":"https:\/\/apuntesdesanluis.com\/wp-content\/uploads\/2024\/02\/tribunales-mercedes.png","type":"image\/png"}],"author":"apuntesdesanluis.com","twitter_card":"summary_large_image","twitter_misc":{"Escrito por":"apuntesdesanluis.com","Tiempo de lectura":"3 minutos"},"schema":{"@context":"https:\/\/schema.org","@graph":[{"@type":"Article","@id":"https:\/\/apuntesdesanluis.com\/index.php\/2024\/03\/08\/unon-tres-anos-condicional-por-homicidio-culposo-en-accidente-de-transito\/#article","isPartOf":{"@id":"https:\/\/apuntesdesanluis.com\/index.php\/2024\/03\/08\/unon-tres-anos-condicional-por-homicidio-culposo-en-accidente-de-transito\/"},"author":{"name":"apuntesdesanluis.com","@id":"https:\/\/apuntesdesanluis.com\/#\/schema\/person\/b55151d52296fcce64d1a72538a70b90"},"headline":"UN\u00d3N: TRES A\u00d1OS CONDICIONAL POR HOMICIDIO CULPOSO EN ACCIDENTE DE TR\u00c1NSITO","datePublished":"2024-03-08T16:17:52+00:00","dateModified":"2024-03-08T21:53:17+00:00","mainEntityOfPage":{"@id":"https:\/\/apuntesdesanluis.com\/index.php\/2024\/03\/08\/unon-tres-anos-condicional-por-homicidio-culposo-en-accidente-de-transito\/"},"wordCount":571,"publisher":{"@id":"https:\/\/apuntesdesanluis.com\/#\/schema\/person\/b55151d52296fcce64d1a72538a70b90"},"image":{"@id":"https:\/\/apuntesdesanluis.com\/index.php\/2024\/03\/08\/unon-tres-anos-condicional-por-homicidio-culposo-en-accidente-de-transito\/#primaryimage"},"thumbnailUrl":"https:\/\/apuntesdesanluis.com\/wp-content\/uploads\/2024\/02\/tribunales-mercedes.png","articleSection":["Ciudad\/Provincia"],"inLanguage":"es-AR"},{"@type":"WebPage","@id":"https:\/\/apuntesdesanluis.com\/index.php\/2024\/03\/08\/unon-tres-anos-condicional-por-homicidio-culposo-en-accidente-de-transito\/","url":"https:\/\/apuntesdesanluis.com\/index.php\/2024\/03\/08\/unon-tres-anos-condicional-por-homicidio-culposo-en-accidente-de-transito\/","name":"UN\u00d3N: TRES A\u00d1OS CONDICIONAL POR HOMICIDIO CULPOSO EN ACCIDENTE DE TR\u00c1NSITO - Apuntes de San Luis","isPartOf":{"@id":"https:\/\/apuntesdesanluis.com\/#website"},"primaryImageOfPage":{"@id":"https:\/\/apuntesdesanluis.com\/index.php\/2024\/03\/08\/unon-tres-anos-condicional-por-homicidio-culposo-en-accidente-de-transito\/#primaryimage"},"image":{"@id":"https:\/\/apuntesdesanluis.com\/index.php\/2024\/03\/08\/unon-tres-anos-condicional-por-homicidio-culposo-en-accidente-de-transito\/#primaryimage"},"thumbnailUrl":"https:\/\/apuntesdesanluis.com\/wp-content\/uploads\/2024\/02\/tribunales-mercedes.png","datePublished":"2024-03-08T16:17:52+00:00","dateModified":"2024-03-08T21:53:17+00:00","breadcrumb":{"@id":"https:\/\/apuntesdesanluis.com\/index.php\/2024\/03\/08\/unon-tres-anos-condicional-por-homicidio-culposo-en-accidente-de-transito\/#breadcrumb"},"inLanguage":"es-AR","potentialAction":[{"@type":"ReadAction","target":["https:\/\/apuntesdesanluis.com\/index.php\/2024\/03\/08\/unon-tres-anos-condicional-por-homicidio-culposo-en-accidente-de-transito\/"]}]},{"@type":"ImageObject","inLanguage":"es-AR","@id":"https:\/\/apuntesdesanluis.com\/index.php\/2024\/03\/08\/unon-tres-anos-condicional-por-homicidio-culposo-en-accidente-de-transito\/#primaryimage","url":"https:\/\/apuntesdesanluis.com\/wp-content\/uploads\/2024\/02\/tribunales-mercedes.png","contentUrl":"https:\/\/apuntesdesanluis.com\/wp-content\/uploads\/2024\/02\/tribunales-mercedes.png","width":600,"height":346},{"@type":"BreadcrumbList","@id":"https:\/\/apuntesdesanluis.com\/index.php\/2024\/03\/08\/unon-tres-anos-condicional-por-homicidio-culposo-en-accidente-de-transito\/#breadcrumb","itemListElement":[{"@type":"ListItem","position":1,"name":"Inicio","item":"https:\/\/apuntesdesanluis.com\/"},{"@type":"ListItem","position":2,"name":"UN\u00d3N: TRES A\u00d1OS CONDICIONAL POR HOMICIDIO CULPOSO EN ACCIDENTE DE TR\u00c1NSITO"}]},{"@type":"WebSite","@id":"https:\/\/apuntesdesanluis.com\/#website","url":"https:\/\/apuntesdesanluis.com\/","name":"Apuntes de San Luis","description":"","publisher":{"@id":"https:\/\/apuntesdesanluis.com\/#\/schema\/person\/b55151d52296fcce64d1a72538a70b90"},"potentialAction":[{"@type":"SearchAction","target":{"@type":"EntryPoint","urlTemplate":"https:\/\/apuntesdesanluis.com\/?s={search_term_string}"},"query-input":{"@type":"PropertyValueSpecification","valueRequired":true,"valueName":"search_term_string"}}],"inLanguage":"es-AR"},{"@type":["Person","Organization"],"@id":"https:\/\/apuntesdesanluis.com\/#\/schema\/person\/b55151d52296fcce64d1a72538a70b90","name":"apuntesdesanluis.com","image":{"@type":"ImageObject","inLanguage":"es-AR","@id":"https:\/\/apuntesdesanluis.com\/#\/schema\/person\/image\/","url":"https:\/\/apuntesdesanluis.com\/wp-content\/uploads\/2023\/07\/cropped-apuntesdesanluis.png","contentUrl":"https:\/\/apuntesdesanluis.com\/wp-content\/uploads\/2023\/07\/cropped-apuntesdesanluis.png","width":450,"height":112,"caption":"apuntesdesanluis.com"},"logo":{"@id":"https:\/\/apuntesdesanluis.com\/#\/schema\/person\/image\/"},"sameAs":["https:\/\/apuntesdesanluis.com"],"url":"https:\/\/apuntesdesanluis.com\/index.php\/author\/apuntesdesanluis-com\/"}]}},"featured_image_urls":{"full":["https:\/\/apuntesdesanluis.com\/wp-content\/uploads\/2024\/02\/tribunales-mercedes.png",600,346,false],"thumbnail":["https:\/\/apuntesdesanluis.com\/wp-content\/uploads\/2024\/02\/tribunales-mercedes-150x150.png",150,150,true],"medium":["https:\/\/apuntesdesanluis.com\/wp-content\/uploads\/2024\/02\/tribunales-mercedes-300x173.png",300,173,true],"medium_large":["https:\/\/apuntesdesanluis.com\/wp-content\/uploads\/2024\/02\/tribunales-mercedes.png",600,346,false],"large":["https:\/\/apuntesdesanluis.com\/wp-content\/uploads\/2024\/02\/tribunales-mercedes.png",600,346,false],"1536x1536":["https:\/\/apuntesdesanluis.com\/wp-content\/uploads\/2024\/02\/tribunales-mercedes.png",600,346,false],"2048x2048":["https:\/\/apuntesdesanluis.com\/wp-content\/uploads\/2024\/02\/tribunales-mercedes.png",600,346,false],"newsever-slider-full":["https:\/\/apuntesdesanluis.com\/wp-content\/uploads\/2024\/02\/tribunales-mercedes.png",600,346,false],"newsever-featured":["https:\/\/apuntesdesanluis.com\/wp-content\/uploads\/2024\/02\/tribunales-mercedes.png",600,346,false],"newsever-medium":["https:\/\/apuntesdesanluis.com\/wp-content\/uploads\/2024\/02\/tribunales-mercedes.png",600,346,false]},"author_info":{"display_name":"apuntesdesanluis.com","author_link":"https:\/\/apuntesdesanluis.com\/index.php\/author\/apuntesdesanluis-com\/"},"category_info":"<a href=\"https:\/\/apuntesdesanluis.com\/index.php\/category\/ciudad-provincia\/\" rel=\"category tag\">Ciudad\/Provincia<\/a>","tag_info":"Ciudad\/Provincia","comment_count":"0","_links":{"self":[{"href":"https:\/\/apuntesdesanluis.com\/index.php\/wp-json\/wp\/v2\/posts\/12874","targetHints":{"allow":["GET"]}}],"collection":[{"href":"https:\/\/apuntesdesanluis.com\/index.php\/wp-json\/wp\/v2\/posts"}],"about":[{"href":"https:\/\/apuntesdesanluis.com\/index.php\/wp-json\/wp\/v2\/types\/post"}],"author":[{"embeddable":true,"href":"https:\/\/apuntesdesanluis.com\/index.php\/wp-json\/wp\/v2\/users\/1"}],"replies":[{"embeddable":true,"href":"https:\/\/apuntesdesanluis.com\/index.php\/wp-json\/wp\/v2\/comments?post=12874"}],"version-history":[{"count":2,"href":"https:\/\/apuntesdesanluis.com\/index.php\/wp-json\/wp\/v2\/posts\/12874\/revisions"}],"predecessor-version":[{"id":12899,"href":"https:\/\/apuntesdesanluis.com\/index.php\/wp-json\/wp\/v2\/posts\/12874\/revisions\/12899"}],"wp:featuredmedia":[{"embeddable":true,"href":"https:\/\/apuntesdesanluis.com\/index.php\/wp-json\/wp\/v2\/media\/11246"}],"wp:attachment":[{"href":"https:\/\/apuntesdesanluis.com\/index.php\/wp-json\/wp\/v2\/media?parent=12874"}],"wp:term":[{"taxonomy":"category","embeddable":true,"href":"https:\/\/apuntesdesanluis.com\/index.php\/wp-json\/wp\/v2\/categories?post=12874"},{"taxonomy":"post_tag","embeddable":true,"href":"https:\/\/apuntesdesanluis.com\/index.php\/wp-json\/wp\/v2\/tags?post=12874"}],"curies":[{"name":"wp","href":"https:\/\/api.w.org\/{rel}","templated":true}]}}