{"id":12876,"date":"2024-03-08T13:25:15","date_gmt":"2024-03-08T16:25:15","guid":{"rendered":"https:\/\/apuntesdesanluis.com\/?p=12876"},"modified":"2024-03-08T13:25:15","modified_gmt":"2024-03-08T16:25:15","slug":"el-gobierno-se-reunio-con-uta-y-representantes-de-empresas-de-transporte","status":"publish","type":"post","link":"https:\/\/apuntesdesanluis.com\/index.php\/2024\/03\/08\/el-gobierno-se-reunio-con-uta-y-representantes-de-empresas-de-transporte\/","title":{"rendered":"EL GOBIERNO SE REUNI\u00d3 CON UTA Y REPRESENTANTES DE EMPRESAS DE TRANSPORTE"},"content":{"rendered":"<h3>El encuentro fue coordinado por el ministro de Gobierno, <strong>Facundo Endeiza<\/strong>, y tuvo como objetivo dialogar sobre la situaci\u00f3n del transporte automotor en el contexto actual y las medidas adoptadas por la Provincia para cuidar la fuente laboral de los trabajadores del sector y la econom\u00eda de los sanluise\u00f1os.<\/h3>\n<h3>Hace 15 d\u00edas el gobernador <strong>Claudio Poggi<\/strong> anunci\u00f3 la decisi\u00f3n de cubrir con fondos de la Provincia la quita de subsidios al transporte que decidi\u00f3 la Naci\u00f3n, para evitar que el fuerte incremento del boleto impactara en la econom\u00eda de la poblaci\u00f3n.<\/h3>\n<h3>En cuanto al boleto estudiantil gratuito que rige en los municipios de San Luis, Villa Mercedes y Merlo, el Gobernador indic\u00f3 que la Provincia tambi\u00e9n se har\u00e1 cargo del costo.<\/h3>\n<p><img fetchpriority=\"high\" decoding=\"async\" class=\"wp-image-12878 aligncenter\" src=\"https:\/\/apuntesdesanluis.com\/wp-content\/uploads\/2024\/03\/mesa-con-uta-300x147.png\" alt=\"\" width=\"551\" height=\"270\" srcset=\"https:\/\/apuntesdesanluis.com\/wp-content\/uploads\/2024\/03\/mesa-con-uta-300x147.png 300w, https:\/\/apuntesdesanluis.com\/wp-content\/uploads\/2024\/03\/mesa-con-uta.png 600w\" sizes=\"(max-width: 551px) 100vw, 551px\" \/><\/p>\n<h3>En la reuni\u00f3n, los sindicalistas de la Uni\u00f3n Tranviarios Automotor (UTA) y los empresarios manifestaron sus necesidades e indicaron que se encuentran en una situaci\u00f3n complicada en lo econ\u00f3mico. Aunque reconocieron que \u201csin el aporte del Gobierno provincial la crisis del sector ser\u00eda catastr\u00f3fica\u201d. Coincidieron adem\u00e1s en la necesidad de aportar cada uno desde su lugar para encontrar los caminos que nos acerquen a posibles soluciones.<\/h3>\n<h3>\u201cCon di\u00e1logo sincero, mucho esfuerzo y voluntad de todas las partes las soluciones van apareciendo. Desde el Gobierno provincial estamos convencidos que \u00e9ste es el camino que nos lleva a un mejor San Luis\u201d, expres\u00f3 el ministro de Gobierno, Facundo Endeiza, una vez finalizado el encuentro.<\/h3>\n<h3>Estuvieron en el despacho de Endeiza el secretario de la Uni\u00f3n Tranviarios Automotor (UTA), Iv\u00e1n Pi\u00f1eyro; el secretario adjunto, Carlos Rivas y el secretario gremial, Lucio Orozco; la presidenta de Transpuntano, Fabiana Malamud y el delegado Daniel Rosales. Tambi\u00e9n participaron Miguel Baldoni, due\u00f1o de la empresa Panamericana y Guillermo Sosa, de Sol Bus. Por el Gobierno provincial acompa\u00f1aron al Ministro, el director de Relaciones Laborales, Alberto Lindow; la subdirectora de Relaciones Laborales 1\u00b0 Circunscripci\u00f3n, Ivana Balmaceda; la directora de Transporte, Roc\u00edo Leyes, y el asesor legal de la Direcci\u00f3n de Transporte, Sebasti\u00e1n Ojeda Escobedo.<\/h3>\n<p>&nbsp;<\/p>\n<p>&nbsp;<\/p>\n<p>&nbsp;<\/p>\n","protected":false},"excerpt":{"rendered":"<p>El encuentro fue coordinado por el ministro de Gobierno, Facundo Endeiza, y tuvo como objetivo&#8230;<\/p>\n","protected":false},"author":1,"featured_media":12877,"comment_status":"closed","ping_status":"closed","sticky":false,"template":"","format":"standard","meta":{"footnotes":""},"categories":[6],"tags":[],"class_list":["post-12876","post","type-post","status-publish","format-standard","has-post-thumbnail","hentry","category-ciudad-provincia"],"yoast_head":"<!-- This site is optimized with the Yoast SEO plugin v26.1.1 - https:\/\/yoast.com\/wordpress\/plugins\/seo\/ -->\n<title>EL GOBIERNO SE REUNI\u00d3 CON UTA Y REPRESENTANTES DE EMPRESAS DE TRANSPORTE - Apuntes de San Luis<\/title>\n<meta name=\"robots\" content=\"index, follow, max-snippet:-1, max-image-preview:large, max-video-preview:-1\" \/>\n<link rel=\"canonical\" href=\"https:\/\/apuntesdesanluis.com\/index.php\/2024\/03\/08\/el-gobierno-se-reunio-con-uta-y-representantes-de-empresas-de-transporte\/\" \/>\n<meta property=\"og:locale\" content=\"es_ES\" \/>\n<meta property=\"og:type\" content=\"article\" \/>\n<meta property=\"og:title\" content=\"EL GOBIERNO SE REUNI\u00d3 CON UTA Y REPRESENTANTES DE EMPRESAS DE TRANSPORTE - Apuntes de San Luis\" \/>\n<meta property=\"og:description\" content=\"El encuentro fue coordinado por el ministro de Gobierno, Facundo Endeiza, y tuvo como objetivo...\" \/>\n<meta property=\"og:url\" content=\"https:\/\/apuntesdesanluis.com\/index.php\/2024\/03\/08\/el-gobierno-se-reunio-con-uta-y-representantes-de-empresas-de-transporte\/\" \/>\n<meta property=\"og:site_name\" content=\"Apuntes de San Luis\" \/>\n<meta property=\"article:published_time\" content=\"2024-03-08T16:25:15+00:00\" \/>\n<meta property=\"og:image\" content=\"https:\/\/apuntesdesanluis.com\/wp-content\/uploads\/2024\/03\/endeiza-uta.png\" \/>\n\t<meta property=\"og:image:width\" content=\"600\" \/>\n\t<meta property=\"og:image:height\" content=\"335\" \/>\n\t<meta property=\"og:image:type\" content=\"image\/png\" \/>\n<meta name=\"author\" content=\"apuntesdesanluis.com\" \/>\n<meta name=\"twitter:card\" content=\"summary_large_image\" \/>\n<meta name=\"twitter:label1\" content=\"Escrito por\" \/>\n\t<meta name=\"twitter:data1\" content=\"apuntesdesanluis.com\" \/>\n\t<meta name=\"twitter:label2\" content=\"Tiempo de lectura\" \/>\n\t<meta name=\"twitter:data2\" content=\"2 minutos\" \/>\n<script type=\"application\/ld+json\" class=\"yoast-schema-graph\">{\"@context\":\"https:\/\/schema.org\",\"@graph\":[{\"@type\":\"Article\",\"@id\":\"https:\/\/apuntesdesanluis.com\/index.php\/2024\/03\/08\/el-gobierno-se-reunio-con-uta-y-representantes-de-empresas-de-transporte\/#article\",\"isPartOf\":{\"@id\":\"https:\/\/apuntesdesanluis.com\/index.php\/2024\/03\/08\/el-gobierno-se-reunio-con-uta-y-representantes-de-empresas-de-transporte\/\"},\"author\":{\"name\":\"apuntesdesanluis.com\",\"@id\":\"https:\/\/apuntesdesanluis.com\/#\/schema\/person\/b55151d52296fcce64d1a72538a70b90\"},\"headline\":\"EL GOBIERNO SE REUNI\u00d3 CON UTA Y REPRESENTANTES DE EMPRESAS DE TRANSPORTE\",\"datePublished\":\"2024-03-08T16:25:15+00:00\",\"mainEntityOfPage\":{\"@id\":\"https:\/\/apuntesdesanluis.com\/index.php\/2024\/03\/08\/el-gobierno-se-reunio-con-uta-y-representantes-de-empresas-de-transporte\/\"},\"wordCount\":367,\"publisher\":{\"@id\":\"https:\/\/apuntesdesanluis.com\/#\/schema\/person\/b55151d52296fcce64d1a72538a70b90\"},\"image\":{\"@id\":\"https:\/\/apuntesdesanluis.com\/index.php\/2024\/03\/08\/el-gobierno-se-reunio-con-uta-y-representantes-de-empresas-de-transporte\/#primaryimage\"},\"thumbnailUrl\":\"https:\/\/apuntesdesanluis.com\/wp-content\/uploads\/2024\/03\/endeiza-uta.png\",\"articleSection\":[\"Ciudad\/Provincia\"],\"inLanguage\":\"es-AR\"},{\"@type\":\"WebPage\",\"@id\":\"https:\/\/apuntesdesanluis.com\/index.php\/2024\/03\/08\/el-gobierno-se-reunio-con-uta-y-representantes-de-empresas-de-transporte\/\",\"url\":\"https:\/\/apuntesdesanluis.com\/index.php\/2024\/03\/08\/el-gobierno-se-reunio-con-uta-y-representantes-de-empresas-de-transporte\/\",\"name\":\"EL GOBIERNO SE REUNI\u00d3 CON UTA Y REPRESENTANTES DE EMPRESAS DE TRANSPORTE - Apuntes de San Luis\",\"isPartOf\":{\"@id\":\"https:\/\/apuntesdesanluis.com\/#website\"},\"primaryImageOfPage\":{\"@id\":\"https:\/\/apuntesdesanluis.com\/index.php\/2024\/03\/08\/el-gobierno-se-reunio-con-uta-y-representantes-de-empresas-de-transporte\/#primaryimage\"},\"image\":{\"@id\":\"https:\/\/apuntesdesanluis.com\/index.php\/2024\/03\/08\/el-gobierno-se-reunio-con-uta-y-representantes-de-empresas-de-transporte\/#primaryimage\"},\"thumbnailUrl\":\"https:\/\/apuntesdesanluis.com\/wp-content\/uploads\/2024\/03\/endeiza-uta.png\",\"datePublished\":\"2024-03-08T16:25:15+00:00\",\"breadcrumb\":{\"@id\":\"https:\/\/apuntesdesanluis.com\/index.php\/2024\/03\/08\/el-gobierno-se-reunio-con-uta-y-representantes-de-empresas-de-transporte\/#breadcrumb\"},\"inLanguage\":\"es-AR\",\"potentialAction\":[{\"@type\":\"ReadAction\",\"target\":[\"https:\/\/apuntesdesanluis.com\/index.php\/2024\/03\/08\/el-gobierno-se-reunio-con-uta-y-representantes-de-empresas-de-transporte\/\"]}]},{\"@type\":\"ImageObject\",\"inLanguage\":\"es-AR\",\"@id\":\"https:\/\/apuntesdesanluis.com\/index.php\/2024\/03\/08\/el-gobierno-se-reunio-con-uta-y-representantes-de-empresas-de-transporte\/#primaryimage\",\"url\":\"https:\/\/apuntesdesanluis.com\/wp-content\/uploads\/2024\/03\/endeiza-uta.png\",\"contentUrl\":\"https:\/\/apuntesdesanluis.com\/wp-content\/uploads\/2024\/03\/endeiza-uta.png\",\"width\":600,\"height\":335},{\"@type\":\"BreadcrumbList\",\"@id\":\"https:\/\/apuntesdesanluis.com\/index.php\/2024\/03\/08\/el-gobierno-se-reunio-con-uta-y-representantes-de-empresas-de-transporte\/#breadcrumb\",\"itemListElement\":[{\"@type\":\"ListItem\",\"position\":1,\"name\":\"Inicio\",\"item\":\"https:\/\/apuntesdesanluis.com\/\"},{\"@type\":\"ListItem\",\"position\":2,\"name\":\"EL GOBIERNO SE REUNI\u00d3 CON UTA Y REPRESENTANTES DE EMPRESAS DE TRANSPORTE\"}]},{\"@type\":\"WebSite\",\"@id\":\"https:\/\/apuntesdesanluis.com\/#website\",\"url\":\"https:\/\/apuntesdesanluis.com\/\",\"name\":\"Apuntes de San Luis\",\"description\":\"\",\"publisher\":{\"@id\":\"https:\/\/apuntesdesanluis.com\/#\/schema\/person\/b55151d52296fcce64d1a72538a70b90\"},\"potentialAction\":[{\"@type\":\"SearchAction\",\"target\":{\"@type\":\"EntryPoint\",\"urlTemplate\":\"https:\/\/apuntesdesanluis.com\/?s={search_term_string}\"},\"query-input\":{\"@type\":\"PropertyValueSpecification\",\"valueRequired\":true,\"valueName\":\"search_term_string\"}}],\"inLanguage\":\"es-AR\"},{\"@type\":[\"Person\",\"Organization\"],\"@id\":\"https:\/\/apuntesdesanluis.com\/#\/schema\/person\/b55151d52296fcce64d1a72538a70b90\",\"name\":\"apuntesdesanluis.com\",\"image\":{\"@type\":\"ImageObject\",\"inLanguage\":\"es-AR\",\"@id\":\"https:\/\/apuntesdesanluis.com\/#\/schema\/person\/image\/\",\"url\":\"https:\/\/apuntesdesanluis.com\/wp-content\/uploads\/2023\/07\/cropped-apuntesdesanluis.png\",\"contentUrl\":\"https:\/\/apuntesdesanluis.com\/wp-content\/uploads\/2023\/07\/cropped-apuntesdesanluis.png\",\"width\":450,\"height\":112,\"caption\":\"apuntesdesanluis.com\"},\"logo\":{\"@id\":\"https:\/\/apuntesdesanluis.com\/#\/schema\/person\/image\/\"},\"sameAs\":[\"https:\/\/apuntesdesanluis.com\"],\"url\":\"https:\/\/apuntesdesanluis.com\/index.php\/author\/apuntesdesanluis-com\/\"}]}<\/script>\n<!-- \/ Yoast SEO plugin. -->","yoast_head_json":{"title":"EL GOBIERNO SE REUNI\u00d3 CON UTA Y REPRESENTANTES DE EMPRESAS DE TRANSPORTE - Apuntes de San Luis","robots":{"index":"index","follow":"follow","max-snippet":"max-snippet:-1","max-image-preview":"max-image-preview:large","max-video-preview":"max-video-preview:-1"},"canonical":"https:\/\/apuntesdesanluis.com\/index.php\/2024\/03\/08\/el-gobierno-se-reunio-con-uta-y-representantes-de-empresas-de-transporte\/","og_locale":"es_ES","og_type":"article","og_title":"EL GOBIERNO SE REUNI\u00d3 CON UTA Y REPRESENTANTES DE EMPRESAS DE TRANSPORTE - Apuntes de San Luis","og_description":"El encuentro fue coordinado por el ministro de Gobierno, Facundo Endeiza, y tuvo como objetivo...","og_url":"https:\/\/apuntesdesanluis.com\/index.php\/2024\/03\/08\/el-gobierno-se-reunio-con-uta-y-representantes-de-empresas-de-transporte\/","og_site_name":"Apuntes de San Luis","article_published_time":"2024-03-08T16:25:15+00:00","og_image":[{"width":600,"height":335,"url":"https:\/\/apuntesdesanluis.com\/wp-content\/uploads\/2024\/03\/endeiza-uta.png","type":"image\/png"}],"author":"apuntesdesanluis.com","twitter_card":"summary_large_image","twitter_misc":{"Escrito por":"apuntesdesanluis.com","Tiempo de lectura":"2 minutos"},"schema":{"@context":"https:\/\/schema.org","@graph":[{"@type":"Article","@id":"https:\/\/apuntesdesanluis.com\/index.php\/2024\/03\/08\/el-gobierno-se-reunio-con-uta-y-representantes-de-empresas-de-transporte\/#article","isPartOf":{"@id":"https:\/\/apuntesdesanluis.com\/index.php\/2024\/03\/08\/el-gobierno-se-reunio-con-uta-y-representantes-de-empresas-de-transporte\/"},"author":{"name":"apuntesdesanluis.com","@id":"https:\/\/apuntesdesanluis.com\/#\/schema\/person\/b55151d52296fcce64d1a72538a70b90"},"headline":"EL GOBIERNO SE REUNI\u00d3 CON UTA Y REPRESENTANTES DE EMPRESAS DE TRANSPORTE","datePublished":"2024-03-08T16:25:15+00:00","mainEntityOfPage":{"@id":"https:\/\/apuntesdesanluis.com\/index.php\/2024\/03\/08\/el-gobierno-se-reunio-con-uta-y-representantes-de-empresas-de-transporte\/"},"wordCount":367,"publisher":{"@id":"https:\/\/apuntesdesanluis.com\/#\/schema\/person\/b55151d52296fcce64d1a72538a70b90"},"image":{"@id":"https:\/\/apuntesdesanluis.com\/index.php\/2024\/03\/08\/el-gobierno-se-reunio-con-uta-y-representantes-de-empresas-de-transporte\/#primaryimage"},"thumbnailUrl":"https:\/\/apuntesdesanluis.com\/wp-content\/uploads\/2024\/03\/endeiza-uta.png","articleSection":["Ciudad\/Provincia"],"inLanguage":"es-AR"},{"@type":"WebPage","@id":"https:\/\/apuntesdesanluis.com\/index.php\/2024\/03\/08\/el-gobierno-se-reunio-con-uta-y-representantes-de-empresas-de-transporte\/","url":"https:\/\/apuntesdesanluis.com\/index.php\/2024\/03\/08\/el-gobierno-se-reunio-con-uta-y-representantes-de-empresas-de-transporte\/","name":"EL GOBIERNO SE REUNI\u00d3 CON UTA Y REPRESENTANTES DE EMPRESAS DE TRANSPORTE - Apuntes de San Luis","isPartOf":{"@id":"https:\/\/apuntesdesanluis.com\/#website"},"primaryImageOfPage":{"@id":"https:\/\/apuntesdesanluis.com\/index.php\/2024\/03\/08\/el-gobierno-se-reunio-con-uta-y-representantes-de-empresas-de-transporte\/#primaryimage"},"image":{"@id":"https:\/\/apuntesdesanluis.com\/index.php\/2024\/03\/08\/el-gobierno-se-reunio-con-uta-y-representantes-de-empresas-de-transporte\/#primaryimage"},"thumbnailUrl":"https:\/\/apuntesdesanluis.com\/wp-content\/uploads\/2024\/03\/endeiza-uta.png","datePublished":"2024-03-08T16:25:15+00:00","breadcrumb":{"@id":"https:\/\/apuntesdesanluis.com\/index.php\/2024\/03\/08\/el-gobierno-se-reunio-con-uta-y-representantes-de-empresas-de-transporte\/#breadcrumb"},"inLanguage":"es-AR","potentialAction":[{"@type":"ReadAction","target":["https:\/\/apuntesdesanluis.com\/index.php\/2024\/03\/08\/el-gobierno-se-reunio-con-uta-y-representantes-de-empresas-de-transporte\/"]}]},{"@type":"ImageObject","inLanguage":"es-AR","@id":"https:\/\/apuntesdesanluis.com\/index.php\/2024\/03\/08\/el-gobierno-se-reunio-con-uta-y-representantes-de-empresas-de-transporte\/#primaryimage","url":"https:\/\/apuntesdesanluis.com\/wp-content\/uploads\/2024\/03\/endeiza-uta.png","contentUrl":"https:\/\/apuntesdesanluis.com\/wp-content\/uploads\/2024\/03\/endeiza-uta.png","width":600,"height":335},{"@type":"BreadcrumbList","@id":"https:\/\/apuntesdesanluis.com\/index.php\/2024\/03\/08\/el-gobierno-se-reunio-con-uta-y-representantes-de-empresas-de-transporte\/#breadcrumb","itemListElement":[{"@type":"ListItem","position":1,"name":"Inicio","item":"https:\/\/apuntesdesanluis.com\/"},{"@type":"ListItem","position":2,"name":"EL GOBIERNO SE REUNI\u00d3 CON UTA Y REPRESENTANTES DE EMPRESAS DE TRANSPORTE"}]},{"@type":"WebSite","@id":"https:\/\/apuntesdesanluis.com\/#website","url":"https:\/\/apuntesdesanluis.com\/","name":"Apuntes de San Luis","description":"","publisher":{"@id":"https:\/\/apuntesdesanluis.com\/#\/schema\/person\/b55151d52296fcce64d1a72538a70b90"},"potentialAction":[{"@type":"SearchAction","target":{"@type":"EntryPoint","urlTemplate":"https:\/\/apuntesdesanluis.com\/?s={search_term_string}"},"query-input":{"@type":"PropertyValueSpecification","valueRequired":true,"valueName":"search_term_string"}}],"inLanguage":"es-AR"},{"@type":["Person","Organization"],"@id":"https:\/\/apuntesdesanluis.com\/#\/schema\/person\/b55151d52296fcce64d1a72538a70b90","name":"apuntesdesanluis.com","image":{"@type":"ImageObject","inLanguage":"es-AR","@id":"https:\/\/apuntesdesanluis.com\/#\/schema\/person\/image\/","url":"https:\/\/apuntesdesanluis.com\/wp-content\/uploads\/2023\/07\/cropped-apuntesdesanluis.png","contentUrl":"https:\/\/apuntesdesanluis.com\/wp-content\/uploads\/2023\/07\/cropped-apuntesdesanluis.png","width":450,"height":112,"caption":"apuntesdesanluis.com"},"logo":{"@id":"https:\/\/apuntesdesanluis.com\/#\/schema\/person\/image\/"},"sameAs":["https:\/\/apuntesdesanluis.com"],"url":"https:\/\/apuntesdesanluis.com\/index.php\/author\/apuntesdesanluis-com\/"}]}},"featured_image_urls":{"full":["https:\/\/apuntesdesanluis.com\/wp-content\/uploads\/2024\/03\/endeiza-uta.png",600,335,false],"thumbnail":["https:\/\/apuntesdesanluis.com\/wp-content\/uploads\/2024\/03\/endeiza-uta-150x150.png",150,150,true],"medium":["https:\/\/apuntesdesanluis.com\/wp-content\/uploads\/2024\/03\/endeiza-uta-300x168.png",300,168,true],"medium_large":["https:\/\/apuntesdesanluis.com\/wp-content\/uploads\/2024\/03\/endeiza-uta.png",600,335,false],"large":["https:\/\/apuntesdesanluis.com\/wp-content\/uploads\/2024\/03\/endeiza-uta.png",600,335,false],"1536x1536":["https:\/\/apuntesdesanluis.com\/wp-content\/uploads\/2024\/03\/endeiza-uta.png",600,335,false],"2048x2048":["https:\/\/apuntesdesanluis.com\/wp-content\/uploads\/2024\/03\/endeiza-uta.png",600,335,false],"newsever-slider-full":["https:\/\/apuntesdesanluis.com\/wp-content\/uploads\/2024\/03\/endeiza-uta.png",600,335,false],"newsever-featured":["https:\/\/apuntesdesanluis.com\/wp-content\/uploads\/2024\/03\/endeiza-uta.png",600,335,false],"newsever-medium":["https:\/\/apuntesdesanluis.com\/wp-content\/uploads\/2024\/03\/endeiza-uta.png",600,335,false]},"author_info":{"display_name":"apuntesdesanluis.com","author_link":"https:\/\/apuntesdesanluis.com\/index.php\/author\/apuntesdesanluis-com\/"},"category_info":"<a href=\"https:\/\/apuntesdesanluis.com\/index.php\/category\/ciudad-provincia\/\" rel=\"category tag\">Ciudad\/Provincia<\/a>","tag_info":"Ciudad\/Provincia","comment_count":"0","_links":{"self":[{"href":"https:\/\/apuntesdesanluis.com\/index.php\/wp-json\/wp\/v2\/posts\/12876","targetHints":{"allow":["GET"]}}],"collection":[{"href":"https:\/\/apuntesdesanluis.com\/index.php\/wp-json\/wp\/v2\/posts"}],"about":[{"href":"https:\/\/apuntesdesanluis.com\/index.php\/wp-json\/wp\/v2\/types\/post"}],"author":[{"embeddable":true,"href":"https:\/\/apuntesdesanluis.com\/index.php\/wp-json\/wp\/v2\/users\/1"}],"replies":[{"embeddable":true,"href":"https:\/\/apuntesdesanluis.com\/index.php\/wp-json\/wp\/v2\/comments?post=12876"}],"version-history":[{"count":1,"href":"https:\/\/apuntesdesanluis.com\/index.php\/wp-json\/wp\/v2\/posts\/12876\/revisions"}],"predecessor-version":[{"id":12879,"href":"https:\/\/apuntesdesanluis.com\/index.php\/wp-json\/wp\/v2\/posts\/12876\/revisions\/12879"}],"wp:featuredmedia":[{"embeddable":true,"href":"https:\/\/apuntesdesanluis.com\/index.php\/wp-json\/wp\/v2\/media\/12877"}],"wp:attachment":[{"href":"https:\/\/apuntesdesanluis.com\/index.php\/wp-json\/wp\/v2\/media?parent=12876"}],"wp:term":[{"taxonomy":"category","embeddable":true,"href":"https:\/\/apuntesdesanluis.com\/index.php\/wp-json\/wp\/v2\/categories?post=12876"},{"taxonomy":"post_tag","embeddable":true,"href":"https:\/\/apuntesdesanluis.com\/index.php\/wp-json\/wp\/v2\/tags?post=12876"}],"curies":[{"name":"wp","href":"https:\/\/api.w.org\/{rel}","templated":true}]}}