{"id":12880,"date":"2024-03-08T13:36:53","date_gmt":"2024-03-08T16:36:53","guid":{"rendered":"https:\/\/apuntesdesanluis.com\/?p=12880"},"modified":"2024-03-08T13:36:53","modified_gmt":"2024-03-08T16:36:53","slug":"villa-mercedes-recibira-la-quinta-jornada-para-el-desarrollo-productivo","status":"publish","type":"post","link":"https:\/\/apuntesdesanluis.com\/index.php\/2024\/03\/08\/villa-mercedes-recibira-la-quinta-jornada-para-el-desarrollo-productivo\/","title":{"rendered":"VILLA MERCEDES RECIBIR\u00c1 LA QUINTA JORNADA PARA EL DESARROLLO PRODUCTIVO"},"content":{"rendered":"<h3>Ser\u00e1 este s\u00e1bado en la sede de la UPrO y abarcar\u00e1 a productores y empresarios de todas las localidades que componen el sector \u2018Centro-Este\u2019 provincial. La actividad estar\u00e1 encabezada por el gobernador, <strong>Claudio Poggi,<\/strong> y contar\u00e1 con rondas de negocios, capacitaciones y espacios de di\u00e1logo pensados para fortalecer al sector privado.<\/h3>\n<h3>Este <strong>s\u00e1bado 9 de marzo<\/strong>, en la sede que tiene la Universidad Provincial de Oficios (UPrO) en Villa Mercedes, el ministerio de Desarrollo Productivo concretar\u00e1 la quinta edici\u00f3n de las Jornadas para el Desarrollo Productivo y de Servicios del Sector Privado. Esta vez, el evento estar\u00e1 destinado a emprendedores de la regi\u00f3n \u2018Centro-Este\u2019 de San Luis y comenzar\u00e1 a las 8:30 con capacitaciones para lograr mejores modos de producir con eficiencia.<\/h3>\n<h3><img fetchpriority=\"high\" decoding=\"async\" class=\"wp-image-12882 aligncenter\" src=\"https:\/\/apuntesdesanluis.com\/wp-content\/uploads\/2024\/03\/emprendedor-300x160.png\" alt=\"\" width=\"585\" height=\"312\" srcset=\"https:\/\/apuntesdesanluis.com\/wp-content\/uploads\/2024\/03\/emprendedor-300x160.png 300w, https:\/\/apuntesdesanluis.com\/wp-content\/uploads\/2024\/03\/emprendedor.png 600w\" sizes=\"(max-width: 585px) 100vw, 585px\" \/><\/h3>\n<h3>Como ha sucedido hasta el momento en cada presentaci\u00f3n, la jornada tendr\u00e1 como principal objetivo construir redes de trabajo entre el \u00e1mbito privado y las fuerzas del Estado, pero tambi\u00e9n entre los propios agentes privados. \u201cEs lo \u00fanico que nos puede sacar de la postergaci\u00f3n como sociedad\u201d, repite en cada oportunidad el gobernador, Claudio Poggi.<\/h3>\n<h3>Para cumplir con la meta, el Gobierno prev\u00e9 la conformaci\u00f3n de las cl\u00e1sicas mesas sectoriales, donde productores de la misma rama productiva podr\u00e1n debatir entre ellos acerca de los desaf\u00edos que enfrentan y sus posibles soluciones. Tambi\u00e9n servir\u00e1 para conversar sobre los modos de capitalizar las oportunidades que aparecen en cada uno de los mercados.<\/h3>\n<h3>A su vez, contar\u00e1 con un espacio destinado a peque\u00f1os y medianos productores locales, quienes podr\u00e1n desplegar sus elaboraciones para todos aquellos que transiten la zona.<\/h3>\n<h3>Los emprendedores que integrar\u00e1n la actividad provienen de Comandante Granville, Eleodoro Lobos, Fraga, Juan Jorba, Juan Llerena, Juan W. Gez, Justo Daract, La Angelina, La Esquina, Lavaisse, Liborio Luna, San Jos\u00e9 del Morro, Villa Salles y la propia Villa Mercedes.<\/h3>\n<p>&nbsp;<\/p>\n<p>&nbsp;<\/p>\n<p>&nbsp;<\/p>\n<p>&nbsp;<\/p>\n<p>&nbsp;<\/p>\n<p>&nbsp;<\/p>\n","protected":false},"excerpt":{"rendered":"<p>Ser\u00e1 este s\u00e1bado en la sede de la UPrO y abarcar\u00e1 a productores y empresarios&#8230;<\/p>\n","protected":false},"author":1,"featured_media":12881,"comment_status":"closed","ping_status":"closed","sticky":false,"template":"","format":"standard","meta":{"footnotes":""},"categories":[6],"tags":[],"class_list":["post-12880","post","type-post","status-publish","format-standard","has-post-thumbnail","hentry","category-ciudad-provincia"],"yoast_head":"<!-- This site is optimized with the Yoast SEO plugin v26.1.1 - https:\/\/yoast.com\/wordpress\/plugins\/seo\/ -->\n<title>VILLA MERCEDES RECIBIR\u00c1 LA QUINTA JORNADA PARA EL DESARROLLO PRODUCTIVO - Apuntes de San Luis<\/title>\n<meta name=\"robots\" content=\"index, follow, max-snippet:-1, max-image-preview:large, max-video-preview:-1\" \/>\n<link rel=\"canonical\" href=\"https:\/\/apuntesdesanluis.com\/index.php\/2024\/03\/08\/villa-mercedes-recibira-la-quinta-jornada-para-el-desarrollo-productivo\/\" \/>\n<meta property=\"og:locale\" content=\"es_ES\" \/>\n<meta property=\"og:type\" content=\"article\" \/>\n<meta property=\"og:title\" content=\"VILLA MERCEDES RECIBIR\u00c1 LA QUINTA JORNADA PARA EL DESARROLLO PRODUCTIVO - Apuntes de San Luis\" \/>\n<meta property=\"og:description\" content=\"Ser\u00e1 este s\u00e1bado en la sede de la UPrO y abarcar\u00e1 a productores y empresarios...\" \/>\n<meta property=\"og:url\" content=\"https:\/\/apuntesdesanluis.com\/index.php\/2024\/03\/08\/villa-mercedes-recibira-la-quinta-jornada-para-el-desarrollo-productivo\/\" \/>\n<meta property=\"og:site_name\" content=\"Apuntes de San Luis\" \/>\n<meta property=\"article:published_time\" content=\"2024-03-08T16:36:53+00:00\" \/>\n<meta property=\"og:image\" content=\"https:\/\/apuntesdesanluis.com\/wp-content\/uploads\/2024\/03\/jornadas.png\" \/>\n\t<meta property=\"og:image:width\" content=\"600\" \/>\n\t<meta property=\"og:image:height\" content=\"352\" \/>\n\t<meta property=\"og:image:type\" content=\"image\/png\" \/>\n<meta name=\"author\" content=\"apuntesdesanluis.com\" \/>\n<meta name=\"twitter:card\" content=\"summary_large_image\" \/>\n<meta name=\"twitter:label1\" content=\"Escrito por\" \/>\n\t<meta name=\"twitter:data1\" content=\"apuntesdesanluis.com\" \/>\n\t<meta name=\"twitter:label2\" content=\"Tiempo de lectura\" \/>\n\t<meta name=\"twitter:data2\" content=\"2 minutos\" \/>\n<script type=\"application\/ld+json\" class=\"yoast-schema-graph\">{\"@context\":\"https:\/\/schema.org\",\"@graph\":[{\"@type\":\"Article\",\"@id\":\"https:\/\/apuntesdesanluis.com\/index.php\/2024\/03\/08\/villa-mercedes-recibira-la-quinta-jornada-para-el-desarrollo-productivo\/#article\",\"isPartOf\":{\"@id\":\"https:\/\/apuntesdesanluis.com\/index.php\/2024\/03\/08\/villa-mercedes-recibira-la-quinta-jornada-para-el-desarrollo-productivo\/\"},\"author\":{\"name\":\"apuntesdesanluis.com\",\"@id\":\"https:\/\/apuntesdesanluis.com\/#\/schema\/person\/b55151d52296fcce64d1a72538a70b90\"},\"headline\":\"VILLA MERCEDES RECIBIR\u00c1 LA QUINTA JORNADA PARA EL DESARROLLO PRODUCTIVO\",\"datePublished\":\"2024-03-08T16:36:53+00:00\",\"mainEntityOfPage\":{\"@id\":\"https:\/\/apuntesdesanluis.com\/index.php\/2024\/03\/08\/villa-mercedes-recibira-la-quinta-jornada-para-el-desarrollo-productivo\/\"},\"wordCount\":328,\"publisher\":{\"@id\":\"https:\/\/apuntesdesanluis.com\/#\/schema\/person\/b55151d52296fcce64d1a72538a70b90\"},\"image\":{\"@id\":\"https:\/\/apuntesdesanluis.com\/index.php\/2024\/03\/08\/villa-mercedes-recibira-la-quinta-jornada-para-el-desarrollo-productivo\/#primaryimage\"},\"thumbnailUrl\":\"https:\/\/apuntesdesanluis.com\/wp-content\/uploads\/2024\/03\/jornadas.png\",\"articleSection\":[\"Ciudad\/Provincia\"],\"inLanguage\":\"es-AR\"},{\"@type\":\"WebPage\",\"@id\":\"https:\/\/apuntesdesanluis.com\/index.php\/2024\/03\/08\/villa-mercedes-recibira-la-quinta-jornada-para-el-desarrollo-productivo\/\",\"url\":\"https:\/\/apuntesdesanluis.com\/index.php\/2024\/03\/08\/villa-mercedes-recibira-la-quinta-jornada-para-el-desarrollo-productivo\/\",\"name\":\"VILLA MERCEDES RECIBIR\u00c1 LA QUINTA JORNADA PARA EL DESARROLLO PRODUCTIVO - Apuntes de San Luis\",\"isPartOf\":{\"@id\":\"https:\/\/apuntesdesanluis.com\/#website\"},\"primaryImageOfPage\":{\"@id\":\"https:\/\/apuntesdesanluis.com\/index.php\/2024\/03\/08\/villa-mercedes-recibira-la-quinta-jornada-para-el-desarrollo-productivo\/#primaryimage\"},\"image\":{\"@id\":\"https:\/\/apuntesdesanluis.com\/index.php\/2024\/03\/08\/villa-mercedes-recibira-la-quinta-jornada-para-el-desarrollo-productivo\/#primaryimage\"},\"thumbnailUrl\":\"https:\/\/apuntesdesanluis.com\/wp-content\/uploads\/2024\/03\/jornadas.png\",\"datePublished\":\"2024-03-08T16:36:53+00:00\",\"breadcrumb\":{\"@id\":\"https:\/\/apuntesdesanluis.com\/index.php\/2024\/03\/08\/villa-mercedes-recibira-la-quinta-jornada-para-el-desarrollo-productivo\/#breadcrumb\"},\"inLanguage\":\"es-AR\",\"potentialAction\":[{\"@type\":\"ReadAction\",\"target\":[\"https:\/\/apuntesdesanluis.com\/index.php\/2024\/03\/08\/villa-mercedes-recibira-la-quinta-jornada-para-el-desarrollo-productivo\/\"]}]},{\"@type\":\"ImageObject\",\"inLanguage\":\"es-AR\",\"@id\":\"https:\/\/apuntesdesanluis.com\/index.php\/2024\/03\/08\/villa-mercedes-recibira-la-quinta-jornada-para-el-desarrollo-productivo\/#primaryimage\",\"url\":\"https:\/\/apuntesdesanluis.com\/wp-content\/uploads\/2024\/03\/jornadas.png\",\"contentUrl\":\"https:\/\/apuntesdesanluis.com\/wp-content\/uploads\/2024\/03\/jornadas.png\",\"width\":600,\"height\":352},{\"@type\":\"BreadcrumbList\",\"@id\":\"https:\/\/apuntesdesanluis.com\/index.php\/2024\/03\/08\/villa-mercedes-recibira-la-quinta-jornada-para-el-desarrollo-productivo\/#breadcrumb\",\"itemListElement\":[{\"@type\":\"ListItem\",\"position\":1,\"name\":\"Inicio\",\"item\":\"https:\/\/apuntesdesanluis.com\/\"},{\"@type\":\"ListItem\",\"position\":2,\"name\":\"VILLA MERCEDES RECIBIR\u00c1 LA QUINTA JORNADA PARA EL DESARROLLO PRODUCTIVO\"}]},{\"@type\":\"WebSite\",\"@id\":\"https:\/\/apuntesdesanluis.com\/#website\",\"url\":\"https:\/\/apuntesdesanluis.com\/\",\"name\":\"Apuntes de San Luis\",\"description\":\"\",\"publisher\":{\"@id\":\"https:\/\/apuntesdesanluis.com\/#\/schema\/person\/b55151d52296fcce64d1a72538a70b90\"},\"potentialAction\":[{\"@type\":\"SearchAction\",\"target\":{\"@type\":\"EntryPoint\",\"urlTemplate\":\"https:\/\/apuntesdesanluis.com\/?s={search_term_string}\"},\"query-input\":{\"@type\":\"PropertyValueSpecification\",\"valueRequired\":true,\"valueName\":\"search_term_string\"}}],\"inLanguage\":\"es-AR\"},{\"@type\":[\"Person\",\"Organization\"],\"@id\":\"https:\/\/apuntesdesanluis.com\/#\/schema\/person\/b55151d52296fcce64d1a72538a70b90\",\"name\":\"apuntesdesanluis.com\",\"image\":{\"@type\":\"ImageObject\",\"inLanguage\":\"es-AR\",\"@id\":\"https:\/\/apuntesdesanluis.com\/#\/schema\/person\/image\/\",\"url\":\"https:\/\/apuntesdesanluis.com\/wp-content\/uploads\/2023\/07\/cropped-apuntesdesanluis.png\",\"contentUrl\":\"https:\/\/apuntesdesanluis.com\/wp-content\/uploads\/2023\/07\/cropped-apuntesdesanluis.png\",\"width\":450,\"height\":112,\"caption\":\"apuntesdesanluis.com\"},\"logo\":{\"@id\":\"https:\/\/apuntesdesanluis.com\/#\/schema\/person\/image\/\"},\"sameAs\":[\"https:\/\/apuntesdesanluis.com\"],\"url\":\"https:\/\/apuntesdesanluis.com\/index.php\/author\/apuntesdesanluis-com\/\"}]}<\/script>\n<!-- \/ Yoast SEO plugin. -->","yoast_head_json":{"title":"VILLA MERCEDES RECIBIR\u00c1 LA QUINTA JORNADA PARA EL DESARROLLO PRODUCTIVO - Apuntes de San Luis","robots":{"index":"index","follow":"follow","max-snippet":"max-snippet:-1","max-image-preview":"max-image-preview:large","max-video-preview":"max-video-preview:-1"},"canonical":"https:\/\/apuntesdesanluis.com\/index.php\/2024\/03\/08\/villa-mercedes-recibira-la-quinta-jornada-para-el-desarrollo-productivo\/","og_locale":"es_ES","og_type":"article","og_title":"VILLA MERCEDES RECIBIR\u00c1 LA QUINTA JORNADA PARA EL DESARROLLO PRODUCTIVO - Apuntes de San Luis","og_description":"Ser\u00e1 este s\u00e1bado en la sede de la UPrO y abarcar\u00e1 a productores y empresarios...","og_url":"https:\/\/apuntesdesanluis.com\/index.php\/2024\/03\/08\/villa-mercedes-recibira-la-quinta-jornada-para-el-desarrollo-productivo\/","og_site_name":"Apuntes de San Luis","article_published_time":"2024-03-08T16:36:53+00:00","og_image":[{"width":600,"height":352,"url":"https:\/\/apuntesdesanluis.com\/wp-content\/uploads\/2024\/03\/jornadas.png","type":"image\/png"}],"author":"apuntesdesanluis.com","twitter_card":"summary_large_image","twitter_misc":{"Escrito por":"apuntesdesanluis.com","Tiempo de lectura":"2 minutos"},"schema":{"@context":"https:\/\/schema.org","@graph":[{"@type":"Article","@id":"https:\/\/apuntesdesanluis.com\/index.php\/2024\/03\/08\/villa-mercedes-recibira-la-quinta-jornada-para-el-desarrollo-productivo\/#article","isPartOf":{"@id":"https:\/\/apuntesdesanluis.com\/index.php\/2024\/03\/08\/villa-mercedes-recibira-la-quinta-jornada-para-el-desarrollo-productivo\/"},"author":{"name":"apuntesdesanluis.com","@id":"https:\/\/apuntesdesanluis.com\/#\/schema\/person\/b55151d52296fcce64d1a72538a70b90"},"headline":"VILLA MERCEDES RECIBIR\u00c1 LA QUINTA JORNADA PARA EL DESARROLLO PRODUCTIVO","datePublished":"2024-03-08T16:36:53+00:00","mainEntityOfPage":{"@id":"https:\/\/apuntesdesanluis.com\/index.php\/2024\/03\/08\/villa-mercedes-recibira-la-quinta-jornada-para-el-desarrollo-productivo\/"},"wordCount":328,"publisher":{"@id":"https:\/\/apuntesdesanluis.com\/#\/schema\/person\/b55151d52296fcce64d1a72538a70b90"},"image":{"@id":"https:\/\/apuntesdesanluis.com\/index.php\/2024\/03\/08\/villa-mercedes-recibira-la-quinta-jornada-para-el-desarrollo-productivo\/#primaryimage"},"thumbnailUrl":"https:\/\/apuntesdesanluis.com\/wp-content\/uploads\/2024\/03\/jornadas.png","articleSection":["Ciudad\/Provincia"],"inLanguage":"es-AR"},{"@type":"WebPage","@id":"https:\/\/apuntesdesanluis.com\/index.php\/2024\/03\/08\/villa-mercedes-recibira-la-quinta-jornada-para-el-desarrollo-productivo\/","url":"https:\/\/apuntesdesanluis.com\/index.php\/2024\/03\/08\/villa-mercedes-recibira-la-quinta-jornada-para-el-desarrollo-productivo\/","name":"VILLA MERCEDES RECIBIR\u00c1 LA QUINTA JORNADA PARA EL DESARROLLO PRODUCTIVO - Apuntes de San Luis","isPartOf":{"@id":"https:\/\/apuntesdesanluis.com\/#website"},"primaryImageOfPage":{"@id":"https:\/\/apuntesdesanluis.com\/index.php\/2024\/03\/08\/villa-mercedes-recibira-la-quinta-jornada-para-el-desarrollo-productivo\/#primaryimage"},"image":{"@id":"https:\/\/apuntesdesanluis.com\/index.php\/2024\/03\/08\/villa-mercedes-recibira-la-quinta-jornada-para-el-desarrollo-productivo\/#primaryimage"},"thumbnailUrl":"https:\/\/apuntesdesanluis.com\/wp-content\/uploads\/2024\/03\/jornadas.png","datePublished":"2024-03-08T16:36:53+00:00","breadcrumb":{"@id":"https:\/\/apuntesdesanluis.com\/index.php\/2024\/03\/08\/villa-mercedes-recibira-la-quinta-jornada-para-el-desarrollo-productivo\/#breadcrumb"},"inLanguage":"es-AR","potentialAction":[{"@type":"ReadAction","target":["https:\/\/apuntesdesanluis.com\/index.php\/2024\/03\/08\/villa-mercedes-recibira-la-quinta-jornada-para-el-desarrollo-productivo\/"]}]},{"@type":"ImageObject","inLanguage":"es-AR","@id":"https:\/\/apuntesdesanluis.com\/index.php\/2024\/03\/08\/villa-mercedes-recibira-la-quinta-jornada-para-el-desarrollo-productivo\/#primaryimage","url":"https:\/\/apuntesdesanluis.com\/wp-content\/uploads\/2024\/03\/jornadas.png","contentUrl":"https:\/\/apuntesdesanluis.com\/wp-content\/uploads\/2024\/03\/jornadas.png","width":600,"height":352},{"@type":"BreadcrumbList","@id":"https:\/\/apuntesdesanluis.com\/index.php\/2024\/03\/08\/villa-mercedes-recibira-la-quinta-jornada-para-el-desarrollo-productivo\/#breadcrumb","itemListElement":[{"@type":"ListItem","position":1,"name":"Inicio","item":"https:\/\/apuntesdesanluis.com\/"},{"@type":"ListItem","position":2,"name":"VILLA MERCEDES RECIBIR\u00c1 LA QUINTA JORNADA PARA EL DESARROLLO PRODUCTIVO"}]},{"@type":"WebSite","@id":"https:\/\/apuntesdesanluis.com\/#website","url":"https:\/\/apuntesdesanluis.com\/","name":"Apuntes de San Luis","description":"","publisher":{"@id":"https:\/\/apuntesdesanluis.com\/#\/schema\/person\/b55151d52296fcce64d1a72538a70b90"},"potentialAction":[{"@type":"SearchAction","target":{"@type":"EntryPoint","urlTemplate":"https:\/\/apuntesdesanluis.com\/?s={search_term_string}"},"query-input":{"@type":"PropertyValueSpecification","valueRequired":true,"valueName":"search_term_string"}}],"inLanguage":"es-AR"},{"@type":["Person","Organization"],"@id":"https:\/\/apuntesdesanluis.com\/#\/schema\/person\/b55151d52296fcce64d1a72538a70b90","name":"apuntesdesanluis.com","image":{"@type":"ImageObject","inLanguage":"es-AR","@id":"https:\/\/apuntesdesanluis.com\/#\/schema\/person\/image\/","url":"https:\/\/apuntesdesanluis.com\/wp-content\/uploads\/2023\/07\/cropped-apuntesdesanluis.png","contentUrl":"https:\/\/apuntesdesanluis.com\/wp-content\/uploads\/2023\/07\/cropped-apuntesdesanluis.png","width":450,"height":112,"caption":"apuntesdesanluis.com"},"logo":{"@id":"https:\/\/apuntesdesanluis.com\/#\/schema\/person\/image\/"},"sameAs":["https:\/\/apuntesdesanluis.com"],"url":"https:\/\/apuntesdesanluis.com\/index.php\/author\/apuntesdesanluis-com\/"}]}},"featured_image_urls":{"full":["https:\/\/apuntesdesanluis.com\/wp-content\/uploads\/2024\/03\/jornadas.png",600,352,false],"thumbnail":["https:\/\/apuntesdesanluis.com\/wp-content\/uploads\/2024\/03\/jornadas-150x150.png",150,150,true],"medium":["https:\/\/apuntesdesanluis.com\/wp-content\/uploads\/2024\/03\/jornadas-300x176.png",300,176,true],"medium_large":["https:\/\/apuntesdesanluis.com\/wp-content\/uploads\/2024\/03\/jornadas.png",600,352,false],"large":["https:\/\/apuntesdesanluis.com\/wp-content\/uploads\/2024\/03\/jornadas.png",600,352,false],"1536x1536":["https:\/\/apuntesdesanluis.com\/wp-content\/uploads\/2024\/03\/jornadas.png",600,352,false],"2048x2048":["https:\/\/apuntesdesanluis.com\/wp-content\/uploads\/2024\/03\/jornadas.png",600,352,false],"newsever-slider-full":["https:\/\/apuntesdesanluis.com\/wp-content\/uploads\/2024\/03\/jornadas.png",600,352,false],"newsever-featured":["https:\/\/apuntesdesanluis.com\/wp-content\/uploads\/2024\/03\/jornadas.png",600,352,false],"newsever-medium":["https:\/\/apuntesdesanluis.com\/wp-content\/uploads\/2024\/03\/jornadas.png",600,352,false]},"author_info":{"display_name":"apuntesdesanluis.com","author_link":"https:\/\/apuntesdesanluis.com\/index.php\/author\/apuntesdesanluis-com\/"},"category_info":"<a href=\"https:\/\/apuntesdesanluis.com\/index.php\/category\/ciudad-provincia\/\" rel=\"category tag\">Ciudad\/Provincia<\/a>","tag_info":"Ciudad\/Provincia","comment_count":"0","_links":{"self":[{"href":"https:\/\/apuntesdesanluis.com\/index.php\/wp-json\/wp\/v2\/posts\/12880","targetHints":{"allow":["GET"]}}],"collection":[{"href":"https:\/\/apuntesdesanluis.com\/index.php\/wp-json\/wp\/v2\/posts"}],"about":[{"href":"https:\/\/apuntesdesanluis.com\/index.php\/wp-json\/wp\/v2\/types\/post"}],"author":[{"embeddable":true,"href":"https:\/\/apuntesdesanluis.com\/index.php\/wp-json\/wp\/v2\/users\/1"}],"replies":[{"embeddable":true,"href":"https:\/\/apuntesdesanluis.com\/index.php\/wp-json\/wp\/v2\/comments?post=12880"}],"version-history":[{"count":1,"href":"https:\/\/apuntesdesanluis.com\/index.php\/wp-json\/wp\/v2\/posts\/12880\/revisions"}],"predecessor-version":[{"id":12883,"href":"https:\/\/apuntesdesanluis.com\/index.php\/wp-json\/wp\/v2\/posts\/12880\/revisions\/12883"}],"wp:featuredmedia":[{"embeddable":true,"href":"https:\/\/apuntesdesanluis.com\/index.php\/wp-json\/wp\/v2\/media\/12881"}],"wp:attachment":[{"href":"https:\/\/apuntesdesanluis.com\/index.php\/wp-json\/wp\/v2\/media?parent=12880"}],"wp:term":[{"taxonomy":"category","embeddable":true,"href":"https:\/\/apuntesdesanluis.com\/index.php\/wp-json\/wp\/v2\/categories?post=12880"},{"taxonomy":"post_tag","embeddable":true,"href":"https:\/\/apuntesdesanluis.com\/index.php\/wp-json\/wp\/v2\/tags?post=12880"}],"curies":[{"name":"wp","href":"https:\/\/api.w.org\/{rel}","templated":true}]}}