{"id":12888,"date":"2024-03-08T13:50:36","date_gmt":"2024-03-08T16:50:36","guid":{"rendered":"https:\/\/apuntesdesanluis.com\/?p=12888"},"modified":"2024-03-08T13:50:36","modified_gmt":"2024-03-08T16:50:36","slug":"fallecio-la-ex-diputada-nacional-diana-conti","status":"publish","type":"post","link":"https:\/\/apuntesdesanluis.com\/index.php\/2024\/03\/08\/fallecio-la-ex-diputada-nacional-diana-conti\/","title":{"rendered":"FALLECI\u00d3 LA EX DIPUTADA NACIONAL DIANA CONTI"},"content":{"rendered":"<h3>La expresidenta confirm\u00f3 la noticia en las redes sociales. Conti padec\u00eda una enfermedad hace a\u00f1os, seg\u00fan sus allegados.<\/h3>\n<h3>La ex diputada y funcionaria <strong>Diana Conti<\/strong> falleci\u00f3 a los 67 a\u00f1os. Conti, quien tambi\u00e9n hab\u00eda ocupado cargos como subsecretaria de Derechos Humanos, senadora y consejera de la Magistratura, estaba hospitalizada debido a un cuadro de neumon\u00eda.<\/h3>\n<h3>&#8220;Hasta siempre querida Diana. Amiga y compa\u00f1era&#8221;, la despidi\u00f3 la ex presidenta <strong>Cristina Kirchner<\/strong> en las redes sociales.<\/h3>\n<p><img fetchpriority=\"high\" decoding=\"async\" class=\"wp-image-12890 aligncenter\" src=\"https:\/\/apuntesdesanluis.com\/wp-content\/uploads\/2024\/03\/cRISTINA-300x135.png\" alt=\"\" width=\"591\" height=\"266\" srcset=\"https:\/\/apuntesdesanluis.com\/wp-content\/uploads\/2024\/03\/cRISTINA-300x135.png 300w, https:\/\/apuntesdesanluis.com\/wp-content\/uploads\/2024\/03\/cRISTINA.png 600w\" sizes=\"(max-width: 591px) 100vw, 591px\" \/><\/p>\n<h3>La hist\u00f3rica dirigente peronista batall\u00f3 en los \u00faltimos meses de vida contra un c\u00e1ncer, relataron sus allegados.<\/h3>\n<h3>Conti es reconocida por su labor dentro del grupo del Frente para la Victoria y por haber presidido la importante Comisi\u00f3n de Asuntos Constitucionales.<\/h3>\n<h3>Protagoniz\u00f3 acaloradas discusiones durante sus 16 a\u00f1os en el Congreso de la Naci\u00f3n, que incluyeron tambi\u00e9n un per\u00edodo en el Senado.<\/h3>\n<h3>Durante el gobierno de Macri, y ya retirada de su funci\u00f3n legislativa, esta abogada especializada en Derecho Penal, oriunda de la Capital pero residente en el municipio bonaerense de Vicente L\u00f3pez, form\u00f3 parte del Comit\u00e9 Nacional de Prevenci\u00f3n de la Tortura en 2017.<\/h3>\n<h3>Durante su extensa carrera pol\u00edtica adem\u00e1s se desempe\u00f1\u00f3 como consejera de la Magistratura y asimismo como secretaria de Derechos Humanos entre 1999 y 2001, bajo la administraci\u00f3n de Fernando de la R\u00faa. Incluso, su primer mandato en el Palacio Legislativo fue entre 1997 y 2001 como integrante de La Alianza, pese a que despu\u00e9s se transform\u00f3 en una figura importante de los Kirchner.<\/h3>\n<p>&nbsp;<\/p>\n<p>&nbsp;<\/p>\n<p>&nbsp;<\/p>\n<p>&nbsp;<\/p>\n","protected":false},"excerpt":{"rendered":"<p>La expresidenta confirm\u00f3 la noticia en las redes sociales. Conti padec\u00eda una enfermedad hace a\u00f1os,&#8230;<\/p>\n","protected":false},"author":1,"featured_media":12889,"comment_status":"closed","ping_status":"closed","sticky":false,"template":"","format":"standard","meta":{"footnotes":""},"categories":[5],"tags":[],"class_list":["post-12888","post","type-post","status-publish","format-standard","has-post-thumbnail","hentry","category-nacionales-internacionales"],"yoast_head":"<!-- This site is optimized with the Yoast SEO plugin v26.1.1 - https:\/\/yoast.com\/wordpress\/plugins\/seo\/ -->\n<title>FALLECI\u00d3 LA EX DIPUTADA NACIONAL DIANA CONTI - Apuntes de San Luis<\/title>\n<meta name=\"robots\" content=\"index, follow, max-snippet:-1, max-image-preview:large, max-video-preview:-1\" \/>\n<link rel=\"canonical\" href=\"https:\/\/apuntesdesanluis.com\/index.php\/2024\/03\/08\/fallecio-la-ex-diputada-nacional-diana-conti\/\" \/>\n<meta property=\"og:locale\" content=\"es_ES\" \/>\n<meta property=\"og:type\" content=\"article\" \/>\n<meta property=\"og:title\" content=\"FALLECI\u00d3 LA EX DIPUTADA NACIONAL DIANA CONTI - Apuntes de San Luis\" \/>\n<meta property=\"og:description\" content=\"La expresidenta confirm\u00f3 la noticia en las redes sociales. Conti padec\u00eda una enfermedad hace a\u00f1os,...\" \/>\n<meta property=\"og:url\" content=\"https:\/\/apuntesdesanluis.com\/index.php\/2024\/03\/08\/fallecio-la-ex-diputada-nacional-diana-conti\/\" \/>\n<meta property=\"og:site_name\" content=\"Apuntes de San Luis\" \/>\n<meta property=\"article:published_time\" content=\"2024-03-08T16:50:36+00:00\" \/>\n<meta property=\"og:image\" content=\"https:\/\/apuntesdesanluis.com\/wp-content\/uploads\/2024\/03\/DIANA-CONTI.png\" \/>\n\t<meta property=\"og:image:width\" content=\"600\" \/>\n\t<meta property=\"og:image:height\" content=\"345\" \/>\n\t<meta property=\"og:image:type\" content=\"image\/png\" \/>\n<meta name=\"author\" content=\"apuntesdesanluis.com\" \/>\n<meta name=\"twitter:card\" content=\"summary_large_image\" \/>\n<meta name=\"twitter:label1\" content=\"Escrito por\" \/>\n\t<meta name=\"twitter:data1\" content=\"apuntesdesanluis.com\" \/>\n\t<meta name=\"twitter:label2\" content=\"Tiempo de lectura\" \/>\n\t<meta name=\"twitter:data2\" content=\"2 minutos\" \/>\n<script type=\"application\/ld+json\" class=\"yoast-schema-graph\">{\"@context\":\"https:\/\/schema.org\",\"@graph\":[{\"@type\":\"Article\",\"@id\":\"https:\/\/apuntesdesanluis.com\/index.php\/2024\/03\/08\/fallecio-la-ex-diputada-nacional-diana-conti\/#article\",\"isPartOf\":{\"@id\":\"https:\/\/apuntesdesanluis.com\/index.php\/2024\/03\/08\/fallecio-la-ex-diputada-nacional-diana-conti\/\"},\"author\":{\"name\":\"apuntesdesanluis.com\",\"@id\":\"https:\/\/apuntesdesanluis.com\/#\/schema\/person\/b55151d52296fcce64d1a72538a70b90\"},\"headline\":\"FALLECI\u00d3 LA EX DIPUTADA NACIONAL DIANA CONTI\",\"datePublished\":\"2024-03-08T16:50:36+00:00\",\"mainEntityOfPage\":{\"@id\":\"https:\/\/apuntesdesanluis.com\/index.php\/2024\/03\/08\/fallecio-la-ex-diputada-nacional-diana-conti\/\"},\"wordCount\":268,\"publisher\":{\"@id\":\"https:\/\/apuntesdesanluis.com\/#\/schema\/person\/b55151d52296fcce64d1a72538a70b90\"},\"image\":{\"@id\":\"https:\/\/apuntesdesanluis.com\/index.php\/2024\/03\/08\/fallecio-la-ex-diputada-nacional-diana-conti\/#primaryimage\"},\"thumbnailUrl\":\"https:\/\/apuntesdesanluis.com\/wp-content\/uploads\/2024\/03\/DIANA-CONTI.png\",\"articleSection\":[\"Nacionales\/Internacionales\"],\"inLanguage\":\"es-AR\"},{\"@type\":\"WebPage\",\"@id\":\"https:\/\/apuntesdesanluis.com\/index.php\/2024\/03\/08\/fallecio-la-ex-diputada-nacional-diana-conti\/\",\"url\":\"https:\/\/apuntesdesanluis.com\/index.php\/2024\/03\/08\/fallecio-la-ex-diputada-nacional-diana-conti\/\",\"name\":\"FALLECI\u00d3 LA EX DIPUTADA NACIONAL DIANA CONTI - Apuntes de San Luis\",\"isPartOf\":{\"@id\":\"https:\/\/apuntesdesanluis.com\/#website\"},\"primaryImageOfPage\":{\"@id\":\"https:\/\/apuntesdesanluis.com\/index.php\/2024\/03\/08\/fallecio-la-ex-diputada-nacional-diana-conti\/#primaryimage\"},\"image\":{\"@id\":\"https:\/\/apuntesdesanluis.com\/index.php\/2024\/03\/08\/fallecio-la-ex-diputada-nacional-diana-conti\/#primaryimage\"},\"thumbnailUrl\":\"https:\/\/apuntesdesanluis.com\/wp-content\/uploads\/2024\/03\/DIANA-CONTI.png\",\"datePublished\":\"2024-03-08T16:50:36+00:00\",\"breadcrumb\":{\"@id\":\"https:\/\/apuntesdesanluis.com\/index.php\/2024\/03\/08\/fallecio-la-ex-diputada-nacional-diana-conti\/#breadcrumb\"},\"inLanguage\":\"es-AR\",\"potentialAction\":[{\"@type\":\"ReadAction\",\"target\":[\"https:\/\/apuntesdesanluis.com\/index.php\/2024\/03\/08\/fallecio-la-ex-diputada-nacional-diana-conti\/\"]}]},{\"@type\":\"ImageObject\",\"inLanguage\":\"es-AR\",\"@id\":\"https:\/\/apuntesdesanluis.com\/index.php\/2024\/03\/08\/fallecio-la-ex-diputada-nacional-diana-conti\/#primaryimage\",\"url\":\"https:\/\/apuntesdesanluis.com\/wp-content\/uploads\/2024\/03\/DIANA-CONTI.png\",\"contentUrl\":\"https:\/\/apuntesdesanluis.com\/wp-content\/uploads\/2024\/03\/DIANA-CONTI.png\",\"width\":600,\"height\":345},{\"@type\":\"BreadcrumbList\",\"@id\":\"https:\/\/apuntesdesanluis.com\/index.php\/2024\/03\/08\/fallecio-la-ex-diputada-nacional-diana-conti\/#breadcrumb\",\"itemListElement\":[{\"@type\":\"ListItem\",\"position\":1,\"name\":\"Inicio\",\"item\":\"https:\/\/apuntesdesanluis.com\/\"},{\"@type\":\"ListItem\",\"position\":2,\"name\":\"FALLECI\u00d3 LA EX DIPUTADA NACIONAL DIANA CONTI\"}]},{\"@type\":\"WebSite\",\"@id\":\"https:\/\/apuntesdesanluis.com\/#website\",\"url\":\"https:\/\/apuntesdesanluis.com\/\",\"name\":\"Apuntes de San Luis\",\"description\":\"\",\"publisher\":{\"@id\":\"https:\/\/apuntesdesanluis.com\/#\/schema\/person\/b55151d52296fcce64d1a72538a70b90\"},\"potentialAction\":[{\"@type\":\"SearchAction\",\"target\":{\"@type\":\"EntryPoint\",\"urlTemplate\":\"https:\/\/apuntesdesanluis.com\/?s={search_term_string}\"},\"query-input\":{\"@type\":\"PropertyValueSpecification\",\"valueRequired\":true,\"valueName\":\"search_term_string\"}}],\"inLanguage\":\"es-AR\"},{\"@type\":[\"Person\",\"Organization\"],\"@id\":\"https:\/\/apuntesdesanluis.com\/#\/schema\/person\/b55151d52296fcce64d1a72538a70b90\",\"name\":\"apuntesdesanluis.com\",\"image\":{\"@type\":\"ImageObject\",\"inLanguage\":\"es-AR\",\"@id\":\"https:\/\/apuntesdesanluis.com\/#\/schema\/person\/image\/\",\"url\":\"https:\/\/apuntesdesanluis.com\/wp-content\/uploads\/2023\/07\/cropped-apuntesdesanluis.png\",\"contentUrl\":\"https:\/\/apuntesdesanluis.com\/wp-content\/uploads\/2023\/07\/cropped-apuntesdesanluis.png\",\"width\":450,\"height\":112,\"caption\":\"apuntesdesanluis.com\"},\"logo\":{\"@id\":\"https:\/\/apuntesdesanluis.com\/#\/schema\/person\/image\/\"},\"sameAs\":[\"https:\/\/apuntesdesanluis.com\"],\"url\":\"https:\/\/apuntesdesanluis.com\/index.php\/author\/apuntesdesanluis-com\/\"}]}<\/script>\n<!-- \/ Yoast SEO plugin. -->","yoast_head_json":{"title":"FALLECI\u00d3 LA EX DIPUTADA NACIONAL DIANA CONTI - Apuntes de San Luis","robots":{"index":"index","follow":"follow","max-snippet":"max-snippet:-1","max-image-preview":"max-image-preview:large","max-video-preview":"max-video-preview:-1"},"canonical":"https:\/\/apuntesdesanluis.com\/index.php\/2024\/03\/08\/fallecio-la-ex-diputada-nacional-diana-conti\/","og_locale":"es_ES","og_type":"article","og_title":"FALLECI\u00d3 LA EX DIPUTADA NACIONAL DIANA CONTI - Apuntes de San Luis","og_description":"La expresidenta confirm\u00f3 la noticia en las redes sociales. Conti padec\u00eda una enfermedad hace a\u00f1os,...","og_url":"https:\/\/apuntesdesanluis.com\/index.php\/2024\/03\/08\/fallecio-la-ex-diputada-nacional-diana-conti\/","og_site_name":"Apuntes de San Luis","article_published_time":"2024-03-08T16:50:36+00:00","og_image":[{"width":600,"height":345,"url":"https:\/\/apuntesdesanluis.com\/wp-content\/uploads\/2024\/03\/DIANA-CONTI.png","type":"image\/png"}],"author":"apuntesdesanluis.com","twitter_card":"summary_large_image","twitter_misc":{"Escrito por":"apuntesdesanluis.com","Tiempo de lectura":"2 minutos"},"schema":{"@context":"https:\/\/schema.org","@graph":[{"@type":"Article","@id":"https:\/\/apuntesdesanluis.com\/index.php\/2024\/03\/08\/fallecio-la-ex-diputada-nacional-diana-conti\/#article","isPartOf":{"@id":"https:\/\/apuntesdesanluis.com\/index.php\/2024\/03\/08\/fallecio-la-ex-diputada-nacional-diana-conti\/"},"author":{"name":"apuntesdesanluis.com","@id":"https:\/\/apuntesdesanluis.com\/#\/schema\/person\/b55151d52296fcce64d1a72538a70b90"},"headline":"FALLECI\u00d3 LA EX DIPUTADA NACIONAL DIANA CONTI","datePublished":"2024-03-08T16:50:36+00:00","mainEntityOfPage":{"@id":"https:\/\/apuntesdesanluis.com\/index.php\/2024\/03\/08\/fallecio-la-ex-diputada-nacional-diana-conti\/"},"wordCount":268,"publisher":{"@id":"https:\/\/apuntesdesanluis.com\/#\/schema\/person\/b55151d52296fcce64d1a72538a70b90"},"image":{"@id":"https:\/\/apuntesdesanluis.com\/index.php\/2024\/03\/08\/fallecio-la-ex-diputada-nacional-diana-conti\/#primaryimage"},"thumbnailUrl":"https:\/\/apuntesdesanluis.com\/wp-content\/uploads\/2024\/03\/DIANA-CONTI.png","articleSection":["Nacionales\/Internacionales"],"inLanguage":"es-AR"},{"@type":"WebPage","@id":"https:\/\/apuntesdesanluis.com\/index.php\/2024\/03\/08\/fallecio-la-ex-diputada-nacional-diana-conti\/","url":"https:\/\/apuntesdesanluis.com\/index.php\/2024\/03\/08\/fallecio-la-ex-diputada-nacional-diana-conti\/","name":"FALLECI\u00d3 LA EX DIPUTADA NACIONAL DIANA CONTI - Apuntes de San Luis","isPartOf":{"@id":"https:\/\/apuntesdesanluis.com\/#website"},"primaryImageOfPage":{"@id":"https:\/\/apuntesdesanluis.com\/index.php\/2024\/03\/08\/fallecio-la-ex-diputada-nacional-diana-conti\/#primaryimage"},"image":{"@id":"https:\/\/apuntesdesanluis.com\/index.php\/2024\/03\/08\/fallecio-la-ex-diputada-nacional-diana-conti\/#primaryimage"},"thumbnailUrl":"https:\/\/apuntesdesanluis.com\/wp-content\/uploads\/2024\/03\/DIANA-CONTI.png","datePublished":"2024-03-08T16:50:36+00:00","breadcrumb":{"@id":"https:\/\/apuntesdesanluis.com\/index.php\/2024\/03\/08\/fallecio-la-ex-diputada-nacional-diana-conti\/#breadcrumb"},"inLanguage":"es-AR","potentialAction":[{"@type":"ReadAction","target":["https:\/\/apuntesdesanluis.com\/index.php\/2024\/03\/08\/fallecio-la-ex-diputada-nacional-diana-conti\/"]}]},{"@type":"ImageObject","inLanguage":"es-AR","@id":"https:\/\/apuntesdesanluis.com\/index.php\/2024\/03\/08\/fallecio-la-ex-diputada-nacional-diana-conti\/#primaryimage","url":"https:\/\/apuntesdesanluis.com\/wp-content\/uploads\/2024\/03\/DIANA-CONTI.png","contentUrl":"https:\/\/apuntesdesanluis.com\/wp-content\/uploads\/2024\/03\/DIANA-CONTI.png","width":600,"height":345},{"@type":"BreadcrumbList","@id":"https:\/\/apuntesdesanluis.com\/index.php\/2024\/03\/08\/fallecio-la-ex-diputada-nacional-diana-conti\/#breadcrumb","itemListElement":[{"@type":"ListItem","position":1,"name":"Inicio","item":"https:\/\/apuntesdesanluis.com\/"},{"@type":"ListItem","position":2,"name":"FALLECI\u00d3 LA EX DIPUTADA NACIONAL DIANA CONTI"}]},{"@type":"WebSite","@id":"https:\/\/apuntesdesanluis.com\/#website","url":"https:\/\/apuntesdesanluis.com\/","name":"Apuntes de San Luis","description":"","publisher":{"@id":"https:\/\/apuntesdesanluis.com\/#\/schema\/person\/b55151d52296fcce64d1a72538a70b90"},"potentialAction":[{"@type":"SearchAction","target":{"@type":"EntryPoint","urlTemplate":"https:\/\/apuntesdesanluis.com\/?s={search_term_string}"},"query-input":{"@type":"PropertyValueSpecification","valueRequired":true,"valueName":"search_term_string"}}],"inLanguage":"es-AR"},{"@type":["Person","Organization"],"@id":"https:\/\/apuntesdesanluis.com\/#\/schema\/person\/b55151d52296fcce64d1a72538a70b90","name":"apuntesdesanluis.com","image":{"@type":"ImageObject","inLanguage":"es-AR","@id":"https:\/\/apuntesdesanluis.com\/#\/schema\/person\/image\/","url":"https:\/\/apuntesdesanluis.com\/wp-content\/uploads\/2023\/07\/cropped-apuntesdesanluis.png","contentUrl":"https:\/\/apuntesdesanluis.com\/wp-content\/uploads\/2023\/07\/cropped-apuntesdesanluis.png","width":450,"height":112,"caption":"apuntesdesanluis.com"},"logo":{"@id":"https:\/\/apuntesdesanluis.com\/#\/schema\/person\/image\/"},"sameAs":["https:\/\/apuntesdesanluis.com"],"url":"https:\/\/apuntesdesanluis.com\/index.php\/author\/apuntesdesanluis-com\/"}]}},"featured_image_urls":{"full":["https:\/\/apuntesdesanluis.com\/wp-content\/uploads\/2024\/03\/DIANA-CONTI.png",600,345,false],"thumbnail":["https:\/\/apuntesdesanluis.com\/wp-content\/uploads\/2024\/03\/DIANA-CONTI-150x150.png",150,150,true],"medium":["https:\/\/apuntesdesanluis.com\/wp-content\/uploads\/2024\/03\/DIANA-CONTI-300x173.png",300,173,true],"medium_large":["https:\/\/apuntesdesanluis.com\/wp-content\/uploads\/2024\/03\/DIANA-CONTI.png",600,345,false],"large":["https:\/\/apuntesdesanluis.com\/wp-content\/uploads\/2024\/03\/DIANA-CONTI.png",600,345,false],"1536x1536":["https:\/\/apuntesdesanluis.com\/wp-content\/uploads\/2024\/03\/DIANA-CONTI.png",600,345,false],"2048x2048":["https:\/\/apuntesdesanluis.com\/wp-content\/uploads\/2024\/03\/DIANA-CONTI.png",600,345,false],"newsever-slider-full":["https:\/\/apuntesdesanluis.com\/wp-content\/uploads\/2024\/03\/DIANA-CONTI.png",600,345,false],"newsever-featured":["https:\/\/apuntesdesanluis.com\/wp-content\/uploads\/2024\/03\/DIANA-CONTI.png",600,345,false],"newsever-medium":["https:\/\/apuntesdesanluis.com\/wp-content\/uploads\/2024\/03\/DIANA-CONTI.png",600,345,false]},"author_info":{"display_name":"apuntesdesanluis.com","author_link":"https:\/\/apuntesdesanluis.com\/index.php\/author\/apuntesdesanluis-com\/"},"category_info":"<a href=\"https:\/\/apuntesdesanluis.com\/index.php\/category\/nacionales-internacionales\/\" rel=\"category tag\">Nacionales\/Internacionales<\/a>","tag_info":"Nacionales\/Internacionales","comment_count":"0","_links":{"self":[{"href":"https:\/\/apuntesdesanluis.com\/index.php\/wp-json\/wp\/v2\/posts\/12888","targetHints":{"allow":["GET"]}}],"collection":[{"href":"https:\/\/apuntesdesanluis.com\/index.php\/wp-json\/wp\/v2\/posts"}],"about":[{"href":"https:\/\/apuntesdesanluis.com\/index.php\/wp-json\/wp\/v2\/types\/post"}],"author":[{"embeddable":true,"href":"https:\/\/apuntesdesanluis.com\/index.php\/wp-json\/wp\/v2\/users\/1"}],"replies":[{"embeddable":true,"href":"https:\/\/apuntesdesanluis.com\/index.php\/wp-json\/wp\/v2\/comments?post=12888"}],"version-history":[{"count":1,"href":"https:\/\/apuntesdesanluis.com\/index.php\/wp-json\/wp\/v2\/posts\/12888\/revisions"}],"predecessor-version":[{"id":12891,"href":"https:\/\/apuntesdesanluis.com\/index.php\/wp-json\/wp\/v2\/posts\/12888\/revisions\/12891"}],"wp:featuredmedia":[{"embeddable":true,"href":"https:\/\/apuntesdesanluis.com\/index.php\/wp-json\/wp\/v2\/media\/12889"}],"wp:attachment":[{"href":"https:\/\/apuntesdesanluis.com\/index.php\/wp-json\/wp\/v2\/media?parent=12888"}],"wp:term":[{"taxonomy":"category","embeddable":true,"href":"https:\/\/apuntesdesanluis.com\/index.php\/wp-json\/wp\/v2\/categories?post=12888"},{"taxonomy":"post_tag","embeddable":true,"href":"https:\/\/apuntesdesanluis.com\/index.php\/wp-json\/wp\/v2\/tags?post=12888"}],"curies":[{"name":"wp","href":"https:\/\/api.w.org\/{rel}","templated":true}]}}