{"id":12903,"date":"2024-03-08T21:02:24","date_gmt":"2024-03-09T00:02:24","guid":{"rendered":"https:\/\/apuntesdesanluis.com\/?p=12903"},"modified":"2024-03-08T21:02:24","modified_gmt":"2024-03-09T00:02:24","slug":"en-el-8m-el-gobierno-anuncio-que-cambiara-el-nombre-del-salon-de-las-mujeres-de-la-casa-rosada","status":"publish","type":"post","link":"https:\/\/apuntesdesanluis.com\/index.php\/2024\/03\/08\/en-el-8m-el-gobierno-anuncio-que-cambiara-el-nombre-del-salon-de-las-mujeres-de-la-casa-rosada\/","title":{"rendered":"EN EL #8M, EL GOBIERNO ANUNCI\u00d3 QUE CAMBIAR\u00c1 EL NOMBRE DEL SAL\u00d3N DE LAS MUJERES DE LA CASA ROSADA"},"content":{"rendered":"<h3>Casi como si fuera una provocaci\u00f3n. El d\u00eda que se celebra el <strong>#8M<\/strong>, el gobierno nacional anunci\u00f3 que le cambiar\u00e1 el nombre a una de las principales salas de la Casa Rosada. El <strong>Sal\u00f3n de las Mujeres Argentinas del Bicentenario<\/strong>, ubicado en el primer piso de Balcarce 50, pasar\u00e1 a llamarse <strong>Sal\u00f3n de los Pr\u00f3ceres<\/strong>.<\/h3>\n<h3>La noticia fue confirmada por el vocero presidencial <strong>Manuel Adorni<\/strong> en el inicio de la rueda de prensa que suele dar en el palacio gubernamental: \u201cEfectivamente, el \u2018Sal\u00f3n de las Mujeres\u2019, que estuvo 10 a\u00f1os abandonado, casi sin mantenimiento, va a llamarse \u2018Sal\u00f3n de los Pr\u00f3ceres\u2019, por decisi\u00f3n de la secretaria General de la Presidencia\u201d, cargo que desempe\u00f1a Karina Milei.<\/h3>\n<h3>\u201cEl sal\u00f3n va a seguir perteneciendo al \u00e1rea de comunicaci\u00f3n que dirijo, en eso no va a haber ning\u00fan tipo de cambios\u201d, apunt\u00f3 Adorni, que luego justific\u00f3 la decisi\u00f3n: \u201cQue haya un Sal\u00f3n de las Mujeres tal vez sea hasta discriminador con los hombres\u201d.<\/h3>\n<p><iframe title=\"EL GOBIERNO CAMBIAR\u00c1 el NOMBRE del SAL\u00d3N de las MUJERES POR &quot;SAL\u00d3N de los PR\u00d3CERES&quot;\" width=\"640\" height=\"360\" src=\"https:\/\/www.youtube.com\/embed\/mrKzTK10FTU?feature=oembed\" frameborder=\"0\" allow=\"accelerometer; autoplay; clipboard-write; encrypted-media; gyroscope; picture-in-picture; web-share\" referrerpolicy=\"strict-origin-when-cross-origin\" allowfullscreen><\/iframe><\/p>\n<h3>Inaugurado por la presidenta Cristina Fern\u00e1ndez de Kirchner 6 de marzo de 2009, durante su primer mandato, hab\u00eda sido subdivido y convertido en oficinas por la gesti\u00f3n del presidente Mauricio Macri en 2015. Luego Alberto Fern\u00e1ndez lo reabri\u00f3. Ahora, desde los primeros d\u00edas de la administraci\u00f3n de Javier Milei, los vidrios de las puertas que permit\u00edan ver el interior del sector fueron tapadas por hojas blancas. Luego se colocaron por un par de d\u00edas planchas de cart\u00f3n y despu\u00e9s se coloc\u00f3 un vinilo esmerilado. All\u00ed se instalaron varios de los responsables del \u00e1rea digital del Gobierno, encabezados por I\u00f1aki Guti\u00e9rrez, quien maneja la cuenta de la red social Tik Tok del Presidente.<\/h3>\n<h3>Todav\u00eda no hay fecha estipulada para que se produzca la modificaci\u00f3n del nombre de ese espacio. Tampoco si habr\u00e1 alg\u00fan tipo de presentaci\u00f3n para mostrar c\u00f3mo quedar\u00e1n las instalaciones. Si dejaron trascender en la Rosada que los cuadros que est\u00e1n all\u00ed ser\u00e1n trasladados al Museo del Bicentenario -incluye retratos de Eva Per\u00f3n, Alicia Moreau de Justo, Mercedes Sosa, entre otros- y que en su reemplazo estar\u00e1n los de Jos\u00e9 de San Mart\u00edn, Manuel Belgrano, Domingo Faustino Sarmiento y Julio Argentino Roca. A esa lista podr\u00edan agregarse unos cu\u00e1ntos m\u00e1s.<\/h3>\n<h3>Milei remarc\u00f3 en varias de sus apariciones p\u00fablicas su postura en contra de las pol\u00edticas de g\u00e9nero, al igual que el vocero presidencial Manuel Adorni, e incluso en el \u00faltimo discurso que pronunci\u00f3 el mi\u00e9rcoles en el colegio Cardenal Copello donde curs\u00f3 sus estudios primarios y secundarios el l\u00edder libertario se mostr\u00f3 muy cr\u00edtico contra las mujeres que estuvieron a favor del aborto legal, cuya ley fue sancionada por el Congreso Nacional a fines de diciembre de 2020. Entre sus primeras decisiones tambi\u00e9n hab\u00eda incluido la disoluci\u00f3n del Ministerio de Mujeres, G\u00e9nero y Diversidad que pas\u00f3 a ser la Secretar\u00eda de la Mujer, dentro de la \u00f3rbita de la cartera de Capital Humano.<\/h3>\n<h3>Adorni hab\u00eda anunciado este jueves en su conferencia de prensa que brinda en forma diaria que el Gobierno pensaba descontarle el d\u00eda a las mujeres empleadas en la administraci\u00f3n p\u00fablica que este 8 de marzo adhirieran al paro simb\u00f3lico que se realiza todos los a\u00f1os. Para esta tarde est\u00e1 prevista una multitudinaria marcha en conmemoraci\u00f3n del D\u00eda Internacional de la Mujer.<\/h3>\n<h3>Esta ma\u00f1ana, la canciller Diana Mondino encabez\u00f3 el acto que el Gobierno realiz\u00f3 en conmemoraci\u00f3n del D\u00eda Internacional de la Mujer en el Palacio San Mart\u00edn.<\/h3>\n<h3>En diciembre de 2019, el presidente Alberto Fern\u00e1ndez hab\u00eda decidido recuperar ese espacio de homenaje a las grandes mujeres de la historia del pa\u00eds, e incorporar el reconocimiento a quienes lucharon por la igualdad de g\u00e9nero, seg\u00fan se anunci\u00f3 oficialmente.<\/h3>\n<h3>Por eso durante su reinstalaci\u00f3n qued\u00f3 inaugurada a su vez la antesala de Mujeres, G\u00e9neros y Diversidad, donde se incorporaron las im\u00e1genes de Lohana Berkins, Carlos J\u00e1uregui, Mar\u00eda Elena Walsh, N\u00e9stor Perlongher, y Mar\u00eda Florentina G\u00f3mez Miranda.<\/h3>\n<h3>En octubre, en uno de los \u00faltimos actos que se hicieron en ese lugar, se incorporaron los cuadros de Diana Sacay\u00e1n y Claudia P\u00eda Baudracco dos hist\u00f3ricas militantes y referentes del colectivo travesti trans, como parte del reconocimiento y homenaje a sus trayectorias.<\/h3>\n<p>&nbsp;<\/p>\n<p>&nbsp;<\/p>\n<p>&nbsp;<\/p>\n<p>&nbsp;<\/p>\n<p>&nbsp;<\/p>\n<p>&nbsp;<\/p>\n","protected":false},"excerpt":{"rendered":"<p>Casi como si fuera una provocaci\u00f3n. El d\u00eda que se celebra el #8M, el gobierno&#8230;<\/p>\n","protected":false},"author":1,"featured_media":12904,"comment_status":"closed","ping_status":"closed","sticky":false,"template":"","format":"standard","meta":{"footnotes":""},"categories":[5],"tags":[],"class_list":["post-12903","post","type-post","status-publish","format-standard","has-post-thumbnail","hentry","category-nacionales-internacionales"],"yoast_head":"<!-- This site is optimized with the Yoast SEO plugin v26.1.1 - https:\/\/yoast.com\/wordpress\/plugins\/seo\/ -->\n<title>EN EL #8M, EL GOBIERNO ANUNCI\u00d3 QUE CAMBIAR\u00c1 EL NOMBRE DEL SAL\u00d3N DE LAS MUJERES DE LA CASA ROSADA - Apuntes de San Luis<\/title>\n<meta name=\"robots\" content=\"index, follow, max-snippet:-1, max-image-preview:large, max-video-preview:-1\" \/>\n<link rel=\"canonical\" href=\"https:\/\/apuntesdesanluis.com\/index.php\/2024\/03\/08\/en-el-8m-el-gobierno-anuncio-que-cambiara-el-nombre-del-salon-de-las-mujeres-de-la-casa-rosada\/\" \/>\n<meta property=\"og:locale\" content=\"es_ES\" \/>\n<meta property=\"og:type\" content=\"article\" \/>\n<meta property=\"og:title\" content=\"EN EL #8M, EL GOBIERNO ANUNCI\u00d3 QUE CAMBIAR\u00c1 EL NOMBRE DEL SAL\u00d3N DE LAS MUJERES DE LA CASA ROSADA - Apuntes de San Luis\" \/>\n<meta property=\"og:description\" content=\"Casi como si fuera una provocaci\u00f3n. El d\u00eda que se celebra el #8M, el gobierno...\" \/>\n<meta property=\"og:url\" content=\"https:\/\/apuntesdesanluis.com\/index.php\/2024\/03\/08\/en-el-8m-el-gobierno-anuncio-que-cambiara-el-nombre-del-salon-de-las-mujeres-de-la-casa-rosada\/\" \/>\n<meta property=\"og:site_name\" content=\"Apuntes de San Luis\" \/>\n<meta property=\"article:published_time\" content=\"2024-03-09T00:02:24+00:00\" \/>\n<meta property=\"og:image\" content=\"https:\/\/apuntesdesanluis.com\/wp-content\/uploads\/2024\/03\/ADORNI.png\" \/>\n\t<meta property=\"og:image:width\" content=\"600\" \/>\n\t<meta property=\"og:image:height\" content=\"350\" \/>\n\t<meta property=\"og:image:type\" content=\"image\/png\" \/>\n<meta name=\"author\" content=\"apuntesdesanluis.com\" \/>\n<meta name=\"twitter:card\" content=\"summary_large_image\" \/>\n<meta name=\"twitter:label1\" content=\"Escrito por\" \/>\n\t<meta name=\"twitter:data1\" content=\"apuntesdesanluis.com\" \/>\n\t<meta name=\"twitter:label2\" content=\"Tiempo de lectura\" \/>\n\t<meta name=\"twitter:data2\" content=\"4 minutos\" \/>\n<script type=\"application\/ld+json\" class=\"yoast-schema-graph\">{\"@context\":\"https:\/\/schema.org\",\"@graph\":[{\"@type\":\"Article\",\"@id\":\"https:\/\/apuntesdesanluis.com\/index.php\/2024\/03\/08\/en-el-8m-el-gobierno-anuncio-que-cambiara-el-nombre-del-salon-de-las-mujeres-de-la-casa-rosada\/#article\",\"isPartOf\":{\"@id\":\"https:\/\/apuntesdesanluis.com\/index.php\/2024\/03\/08\/en-el-8m-el-gobierno-anuncio-que-cambiara-el-nombre-del-salon-de-las-mujeres-de-la-casa-rosada\/\"},\"author\":{\"name\":\"apuntesdesanluis.com\",\"@id\":\"https:\/\/apuntesdesanluis.com\/#\/schema\/person\/b55151d52296fcce64d1a72538a70b90\"},\"headline\":\"EN EL #8M, EL GOBIERNO ANUNCI\u00d3 QUE CAMBIAR\u00c1 EL NOMBRE DEL SAL\u00d3N DE LAS MUJERES DE LA CASA ROSADA\",\"datePublished\":\"2024-03-09T00:02:24+00:00\",\"mainEntityOfPage\":{\"@id\":\"https:\/\/apuntesdesanluis.com\/index.php\/2024\/03\/08\/en-el-8m-el-gobierno-anuncio-que-cambiara-el-nombre-del-salon-de-las-mujeres-de-la-casa-rosada\/\"},\"wordCount\":788,\"publisher\":{\"@id\":\"https:\/\/apuntesdesanluis.com\/#\/schema\/person\/b55151d52296fcce64d1a72538a70b90\"},\"image\":{\"@id\":\"https:\/\/apuntesdesanluis.com\/index.php\/2024\/03\/08\/en-el-8m-el-gobierno-anuncio-que-cambiara-el-nombre-del-salon-de-las-mujeres-de-la-casa-rosada\/#primaryimage\"},\"thumbnailUrl\":\"https:\/\/apuntesdesanluis.com\/wp-content\/uploads\/2024\/03\/ADORNI.png\",\"articleSection\":[\"Nacionales\/Internacionales\"],\"inLanguage\":\"es-AR\"},{\"@type\":\"WebPage\",\"@id\":\"https:\/\/apuntesdesanluis.com\/index.php\/2024\/03\/08\/en-el-8m-el-gobierno-anuncio-que-cambiara-el-nombre-del-salon-de-las-mujeres-de-la-casa-rosada\/\",\"url\":\"https:\/\/apuntesdesanluis.com\/index.php\/2024\/03\/08\/en-el-8m-el-gobierno-anuncio-que-cambiara-el-nombre-del-salon-de-las-mujeres-de-la-casa-rosada\/\",\"name\":\"EN EL #8M, EL GOBIERNO ANUNCI\u00d3 QUE CAMBIAR\u00c1 EL NOMBRE DEL SAL\u00d3N DE LAS MUJERES DE LA CASA ROSADA - Apuntes de San Luis\",\"isPartOf\":{\"@id\":\"https:\/\/apuntesdesanluis.com\/#website\"},\"primaryImageOfPage\":{\"@id\":\"https:\/\/apuntesdesanluis.com\/index.php\/2024\/03\/08\/en-el-8m-el-gobierno-anuncio-que-cambiara-el-nombre-del-salon-de-las-mujeres-de-la-casa-rosada\/#primaryimage\"},\"image\":{\"@id\":\"https:\/\/apuntesdesanluis.com\/index.php\/2024\/03\/08\/en-el-8m-el-gobierno-anuncio-que-cambiara-el-nombre-del-salon-de-las-mujeres-de-la-casa-rosada\/#primaryimage\"},\"thumbnailUrl\":\"https:\/\/apuntesdesanluis.com\/wp-content\/uploads\/2024\/03\/ADORNI.png\",\"datePublished\":\"2024-03-09T00:02:24+00:00\",\"breadcrumb\":{\"@id\":\"https:\/\/apuntesdesanluis.com\/index.php\/2024\/03\/08\/en-el-8m-el-gobierno-anuncio-que-cambiara-el-nombre-del-salon-de-las-mujeres-de-la-casa-rosada\/#breadcrumb\"},\"inLanguage\":\"es-AR\",\"potentialAction\":[{\"@type\":\"ReadAction\",\"target\":[\"https:\/\/apuntesdesanluis.com\/index.php\/2024\/03\/08\/en-el-8m-el-gobierno-anuncio-que-cambiara-el-nombre-del-salon-de-las-mujeres-de-la-casa-rosada\/\"]}]},{\"@type\":\"ImageObject\",\"inLanguage\":\"es-AR\",\"@id\":\"https:\/\/apuntesdesanluis.com\/index.php\/2024\/03\/08\/en-el-8m-el-gobierno-anuncio-que-cambiara-el-nombre-del-salon-de-las-mujeres-de-la-casa-rosada\/#primaryimage\",\"url\":\"https:\/\/apuntesdesanluis.com\/wp-content\/uploads\/2024\/03\/ADORNI.png\",\"contentUrl\":\"https:\/\/apuntesdesanluis.com\/wp-content\/uploads\/2024\/03\/ADORNI.png\",\"width\":600,\"height\":350},{\"@type\":\"BreadcrumbList\",\"@id\":\"https:\/\/apuntesdesanluis.com\/index.php\/2024\/03\/08\/en-el-8m-el-gobierno-anuncio-que-cambiara-el-nombre-del-salon-de-las-mujeres-de-la-casa-rosada\/#breadcrumb\",\"itemListElement\":[{\"@type\":\"ListItem\",\"position\":1,\"name\":\"Inicio\",\"item\":\"https:\/\/apuntesdesanluis.com\/\"},{\"@type\":\"ListItem\",\"position\":2,\"name\":\"EN EL #8M, EL GOBIERNO ANUNCI\u00d3 QUE CAMBIAR\u00c1 EL NOMBRE DEL SAL\u00d3N DE LAS MUJERES DE LA CASA ROSADA\"}]},{\"@type\":\"WebSite\",\"@id\":\"https:\/\/apuntesdesanluis.com\/#website\",\"url\":\"https:\/\/apuntesdesanluis.com\/\",\"name\":\"Apuntes de San Luis\",\"description\":\"\",\"publisher\":{\"@id\":\"https:\/\/apuntesdesanluis.com\/#\/schema\/person\/b55151d52296fcce64d1a72538a70b90\"},\"potentialAction\":[{\"@type\":\"SearchAction\",\"target\":{\"@type\":\"EntryPoint\",\"urlTemplate\":\"https:\/\/apuntesdesanluis.com\/?s={search_term_string}\"},\"query-input\":{\"@type\":\"PropertyValueSpecification\",\"valueRequired\":true,\"valueName\":\"search_term_string\"}}],\"inLanguage\":\"es-AR\"},{\"@type\":[\"Person\",\"Organization\"],\"@id\":\"https:\/\/apuntesdesanluis.com\/#\/schema\/person\/b55151d52296fcce64d1a72538a70b90\",\"name\":\"apuntesdesanluis.com\",\"image\":{\"@type\":\"ImageObject\",\"inLanguage\":\"es-AR\",\"@id\":\"https:\/\/apuntesdesanluis.com\/#\/schema\/person\/image\/\",\"url\":\"https:\/\/apuntesdesanluis.com\/wp-content\/uploads\/2023\/07\/cropped-apuntesdesanluis.png\",\"contentUrl\":\"https:\/\/apuntesdesanluis.com\/wp-content\/uploads\/2023\/07\/cropped-apuntesdesanluis.png\",\"width\":450,\"height\":112,\"caption\":\"apuntesdesanluis.com\"},\"logo\":{\"@id\":\"https:\/\/apuntesdesanluis.com\/#\/schema\/person\/image\/\"},\"sameAs\":[\"https:\/\/apuntesdesanluis.com\"],\"url\":\"https:\/\/apuntesdesanluis.com\/index.php\/author\/apuntesdesanluis-com\/\"}]}<\/script>\n<!-- \/ Yoast SEO plugin. -->","yoast_head_json":{"title":"EN EL #8M, EL GOBIERNO ANUNCI\u00d3 QUE CAMBIAR\u00c1 EL NOMBRE DEL SAL\u00d3N DE LAS MUJERES DE LA CASA ROSADA - Apuntes de San Luis","robots":{"index":"index","follow":"follow","max-snippet":"max-snippet:-1","max-image-preview":"max-image-preview:large","max-video-preview":"max-video-preview:-1"},"canonical":"https:\/\/apuntesdesanluis.com\/index.php\/2024\/03\/08\/en-el-8m-el-gobierno-anuncio-que-cambiara-el-nombre-del-salon-de-las-mujeres-de-la-casa-rosada\/","og_locale":"es_ES","og_type":"article","og_title":"EN EL #8M, EL GOBIERNO ANUNCI\u00d3 QUE CAMBIAR\u00c1 EL NOMBRE DEL SAL\u00d3N DE LAS MUJERES DE LA CASA ROSADA - Apuntes de San Luis","og_description":"Casi como si fuera una provocaci\u00f3n. El d\u00eda que se celebra el #8M, el gobierno...","og_url":"https:\/\/apuntesdesanluis.com\/index.php\/2024\/03\/08\/en-el-8m-el-gobierno-anuncio-que-cambiara-el-nombre-del-salon-de-las-mujeres-de-la-casa-rosada\/","og_site_name":"Apuntes de San Luis","article_published_time":"2024-03-09T00:02:24+00:00","og_image":[{"width":600,"height":350,"url":"https:\/\/apuntesdesanluis.com\/wp-content\/uploads\/2024\/03\/ADORNI.png","type":"image\/png"}],"author":"apuntesdesanluis.com","twitter_card":"summary_large_image","twitter_misc":{"Escrito por":"apuntesdesanluis.com","Tiempo de lectura":"4 minutos"},"schema":{"@context":"https:\/\/schema.org","@graph":[{"@type":"Article","@id":"https:\/\/apuntesdesanluis.com\/index.php\/2024\/03\/08\/en-el-8m-el-gobierno-anuncio-que-cambiara-el-nombre-del-salon-de-las-mujeres-de-la-casa-rosada\/#article","isPartOf":{"@id":"https:\/\/apuntesdesanluis.com\/index.php\/2024\/03\/08\/en-el-8m-el-gobierno-anuncio-que-cambiara-el-nombre-del-salon-de-las-mujeres-de-la-casa-rosada\/"},"author":{"name":"apuntesdesanluis.com","@id":"https:\/\/apuntesdesanluis.com\/#\/schema\/person\/b55151d52296fcce64d1a72538a70b90"},"headline":"EN EL #8M, EL GOBIERNO ANUNCI\u00d3 QUE CAMBIAR\u00c1 EL NOMBRE DEL SAL\u00d3N DE LAS MUJERES DE LA CASA ROSADA","datePublished":"2024-03-09T00:02:24+00:00","mainEntityOfPage":{"@id":"https:\/\/apuntesdesanluis.com\/index.php\/2024\/03\/08\/en-el-8m-el-gobierno-anuncio-que-cambiara-el-nombre-del-salon-de-las-mujeres-de-la-casa-rosada\/"},"wordCount":788,"publisher":{"@id":"https:\/\/apuntesdesanluis.com\/#\/schema\/person\/b55151d52296fcce64d1a72538a70b90"},"image":{"@id":"https:\/\/apuntesdesanluis.com\/index.php\/2024\/03\/08\/en-el-8m-el-gobierno-anuncio-que-cambiara-el-nombre-del-salon-de-las-mujeres-de-la-casa-rosada\/#primaryimage"},"thumbnailUrl":"https:\/\/apuntesdesanluis.com\/wp-content\/uploads\/2024\/03\/ADORNI.png","articleSection":["Nacionales\/Internacionales"],"inLanguage":"es-AR"},{"@type":"WebPage","@id":"https:\/\/apuntesdesanluis.com\/index.php\/2024\/03\/08\/en-el-8m-el-gobierno-anuncio-que-cambiara-el-nombre-del-salon-de-las-mujeres-de-la-casa-rosada\/","url":"https:\/\/apuntesdesanluis.com\/index.php\/2024\/03\/08\/en-el-8m-el-gobierno-anuncio-que-cambiara-el-nombre-del-salon-de-las-mujeres-de-la-casa-rosada\/","name":"EN EL #8M, EL GOBIERNO ANUNCI\u00d3 QUE CAMBIAR\u00c1 EL NOMBRE DEL SAL\u00d3N DE LAS MUJERES DE LA CASA ROSADA - Apuntes de San Luis","isPartOf":{"@id":"https:\/\/apuntesdesanluis.com\/#website"},"primaryImageOfPage":{"@id":"https:\/\/apuntesdesanluis.com\/index.php\/2024\/03\/08\/en-el-8m-el-gobierno-anuncio-que-cambiara-el-nombre-del-salon-de-las-mujeres-de-la-casa-rosada\/#primaryimage"},"image":{"@id":"https:\/\/apuntesdesanluis.com\/index.php\/2024\/03\/08\/en-el-8m-el-gobierno-anuncio-que-cambiara-el-nombre-del-salon-de-las-mujeres-de-la-casa-rosada\/#primaryimage"},"thumbnailUrl":"https:\/\/apuntesdesanluis.com\/wp-content\/uploads\/2024\/03\/ADORNI.png","datePublished":"2024-03-09T00:02:24+00:00","breadcrumb":{"@id":"https:\/\/apuntesdesanluis.com\/index.php\/2024\/03\/08\/en-el-8m-el-gobierno-anuncio-que-cambiara-el-nombre-del-salon-de-las-mujeres-de-la-casa-rosada\/#breadcrumb"},"inLanguage":"es-AR","potentialAction":[{"@type":"ReadAction","target":["https:\/\/apuntesdesanluis.com\/index.php\/2024\/03\/08\/en-el-8m-el-gobierno-anuncio-que-cambiara-el-nombre-del-salon-de-las-mujeres-de-la-casa-rosada\/"]}]},{"@type":"ImageObject","inLanguage":"es-AR","@id":"https:\/\/apuntesdesanluis.com\/index.php\/2024\/03\/08\/en-el-8m-el-gobierno-anuncio-que-cambiara-el-nombre-del-salon-de-las-mujeres-de-la-casa-rosada\/#primaryimage","url":"https:\/\/apuntesdesanluis.com\/wp-content\/uploads\/2024\/03\/ADORNI.png","contentUrl":"https:\/\/apuntesdesanluis.com\/wp-content\/uploads\/2024\/03\/ADORNI.png","width":600,"height":350},{"@type":"BreadcrumbList","@id":"https:\/\/apuntesdesanluis.com\/index.php\/2024\/03\/08\/en-el-8m-el-gobierno-anuncio-que-cambiara-el-nombre-del-salon-de-las-mujeres-de-la-casa-rosada\/#breadcrumb","itemListElement":[{"@type":"ListItem","position":1,"name":"Inicio","item":"https:\/\/apuntesdesanluis.com\/"},{"@type":"ListItem","position":2,"name":"EN EL #8M, EL GOBIERNO ANUNCI\u00d3 QUE CAMBIAR\u00c1 EL NOMBRE DEL SAL\u00d3N DE LAS MUJERES DE LA CASA ROSADA"}]},{"@type":"WebSite","@id":"https:\/\/apuntesdesanluis.com\/#website","url":"https:\/\/apuntesdesanluis.com\/","name":"Apuntes de San Luis","description":"","publisher":{"@id":"https:\/\/apuntesdesanluis.com\/#\/schema\/person\/b55151d52296fcce64d1a72538a70b90"},"potentialAction":[{"@type":"SearchAction","target":{"@type":"EntryPoint","urlTemplate":"https:\/\/apuntesdesanluis.com\/?s={search_term_string}"},"query-input":{"@type":"PropertyValueSpecification","valueRequired":true,"valueName":"search_term_string"}}],"inLanguage":"es-AR"},{"@type":["Person","Organization"],"@id":"https:\/\/apuntesdesanluis.com\/#\/schema\/person\/b55151d52296fcce64d1a72538a70b90","name":"apuntesdesanluis.com","image":{"@type":"ImageObject","inLanguage":"es-AR","@id":"https:\/\/apuntesdesanluis.com\/#\/schema\/person\/image\/","url":"https:\/\/apuntesdesanluis.com\/wp-content\/uploads\/2023\/07\/cropped-apuntesdesanluis.png","contentUrl":"https:\/\/apuntesdesanluis.com\/wp-content\/uploads\/2023\/07\/cropped-apuntesdesanluis.png","width":450,"height":112,"caption":"apuntesdesanluis.com"},"logo":{"@id":"https:\/\/apuntesdesanluis.com\/#\/schema\/person\/image\/"},"sameAs":["https:\/\/apuntesdesanluis.com"],"url":"https:\/\/apuntesdesanluis.com\/index.php\/author\/apuntesdesanluis-com\/"}]}},"featured_image_urls":{"full":["https:\/\/apuntesdesanluis.com\/wp-content\/uploads\/2024\/03\/ADORNI.png",600,350,false],"thumbnail":["https:\/\/apuntesdesanluis.com\/wp-content\/uploads\/2024\/03\/ADORNI-150x150.png",150,150,true],"medium":["https:\/\/apuntesdesanluis.com\/wp-content\/uploads\/2024\/03\/ADORNI-300x175.png",300,175,true],"medium_large":["https:\/\/apuntesdesanluis.com\/wp-content\/uploads\/2024\/03\/ADORNI.png",600,350,false],"large":["https:\/\/apuntesdesanluis.com\/wp-content\/uploads\/2024\/03\/ADORNI.png",600,350,false],"1536x1536":["https:\/\/apuntesdesanluis.com\/wp-content\/uploads\/2024\/03\/ADORNI.png",600,350,false],"2048x2048":["https:\/\/apuntesdesanluis.com\/wp-content\/uploads\/2024\/03\/ADORNI.png",600,350,false],"newsever-slider-full":["https:\/\/apuntesdesanluis.com\/wp-content\/uploads\/2024\/03\/ADORNI.png",600,350,false],"newsever-featured":["https:\/\/apuntesdesanluis.com\/wp-content\/uploads\/2024\/03\/ADORNI.png",600,350,false],"newsever-medium":["https:\/\/apuntesdesanluis.com\/wp-content\/uploads\/2024\/03\/ADORNI.png",600,350,false]},"author_info":{"display_name":"apuntesdesanluis.com","author_link":"https:\/\/apuntesdesanluis.com\/index.php\/author\/apuntesdesanluis-com\/"},"category_info":"<a href=\"https:\/\/apuntesdesanluis.com\/index.php\/category\/nacionales-internacionales\/\" rel=\"category tag\">Nacionales\/Internacionales<\/a>","tag_info":"Nacionales\/Internacionales","comment_count":"0","_links":{"self":[{"href":"https:\/\/apuntesdesanluis.com\/index.php\/wp-json\/wp\/v2\/posts\/12903","targetHints":{"allow":["GET"]}}],"collection":[{"href":"https:\/\/apuntesdesanluis.com\/index.php\/wp-json\/wp\/v2\/posts"}],"about":[{"href":"https:\/\/apuntesdesanluis.com\/index.php\/wp-json\/wp\/v2\/types\/post"}],"author":[{"embeddable":true,"href":"https:\/\/apuntesdesanluis.com\/index.php\/wp-json\/wp\/v2\/users\/1"}],"replies":[{"embeddable":true,"href":"https:\/\/apuntesdesanluis.com\/index.php\/wp-json\/wp\/v2\/comments?post=12903"}],"version-history":[{"count":1,"href":"https:\/\/apuntesdesanluis.com\/index.php\/wp-json\/wp\/v2\/posts\/12903\/revisions"}],"predecessor-version":[{"id":12905,"href":"https:\/\/apuntesdesanluis.com\/index.php\/wp-json\/wp\/v2\/posts\/12903\/revisions\/12905"}],"wp:featuredmedia":[{"embeddable":true,"href":"https:\/\/apuntesdesanluis.com\/index.php\/wp-json\/wp\/v2\/media\/12904"}],"wp:attachment":[{"href":"https:\/\/apuntesdesanluis.com\/index.php\/wp-json\/wp\/v2\/media?parent=12903"}],"wp:term":[{"taxonomy":"category","embeddable":true,"href":"https:\/\/apuntesdesanluis.com\/index.php\/wp-json\/wp\/v2\/categories?post=12903"},{"taxonomy":"post_tag","embeddable":true,"href":"https:\/\/apuntesdesanluis.com\/index.php\/wp-json\/wp\/v2\/tags?post=12903"}],"curies":[{"name":"wp","href":"https:\/\/api.w.org\/{rel}","templated":true}]}}