{"id":12918,"date":"2024-03-09T20:11:28","date_gmt":"2024-03-09T23:11:28","guid":{"rendered":"https:\/\/apuntesdesanluis.com\/?p=12918"},"modified":"2024-03-09T20:11:28","modified_gmt":"2024-03-09T23:11:28","slug":"el-presidente-milei-tiene-que-disponer-de-la-nueva-ley-de-bases-para-poder-gobernar","status":"publish","type":"post","link":"https:\/\/apuntesdesanluis.com\/index.php\/2024\/03\/09\/el-presidente-milei-tiene-que-disponer-de-la-nueva-ley-de-bases-para-poder-gobernar\/","title":{"rendered":"\u201cEL PRESIDENTE MILEI TIENE QUE DISPONER DE LA NUEVA LEY DE BASES PARA PODER GOBERNAR\u201d"},"content":{"rendered":"<h3>As\u00ed defini\u00f3 su apoyo al gobierno nacional el gobernador <strong>Claudio Poggi<\/strong>, quien agreg\u00f3 que \u201cel Congreso nacional debe darle esa herramienta de gesti\u00f3n\u201d, al presidente <strong>Javier Milei<\/strong>.<\/h3>\n<h3>Las declaraciones del mandatario se produjeron en el marco de las 5tas. Jornadas Productivas realizadas este s\u00e1bado, a poco de llegar de su viaje a Buenos Aires, donde se reuni\u00f3 con Nicol\u00e1s Posse y Guillermo Francos, jefe de Gabinete y ministro del Interior del Ejecutivo nacional.<\/h3>\n<h3>\u201cFue una reuni\u00f3n importante, porque participamos las 23 provincias y el jefe de gobierno de la Ciudad de Buenos Aires. Se reestableci\u00f3 un di\u00e1logo que estaba medio cortado, por eso la valoro a\u00fan m\u00e1s. El Gobierno nos plante\u00f3 una Ley de Bases reformulada respecto de la que hab\u00eda enviado al Congreso, acotada a 190 art\u00edculos, cuando en la original eran unos 660. Yo considero que el presidente Javier Milei debe tener esa Ley de Bases para poder gobernar, se la debe generar el Congreso nacional\u201d, fij\u00f3 su posici\u00f3n el gobernador de San Luis, quien agreg\u00f3 que \u201cse generaron comisiones de trabajo para el 25 de mayo\u201d, en referencia al pacto que propuso el Presidente de la Naci\u00f3n y que deber\u00e1n -o no- refrendar los gobernadores.<\/h3>\n<h3>Poggi recurri\u00f3 a un paralelismo entre lo que pasa en San Luis, donde asumi\u00f3 y encontr\u00f3 una provincia devastada, y la Naci\u00f3n, donde la nueva administraci\u00f3n tambi\u00e9n encontr\u00f3 un pa\u00eds en bancarrota.<\/h3>\n<h3>\u201cEstamos trabajando para volver al equilibrio fiscal. Y la Naci\u00f3n tambi\u00e9n, por lo que coincido con Milei. Las provincias tenemos que asegurar servicios esenciales: salud, educaci\u00f3n, seguridad y eso se logra equilibrando las cuentas. En la Naci\u00f3n pasa lo mismo, no se puede avanzar sin equilibrio fiscal\u201d, dijo.<\/h3>\n<h3>Consultado sobre el Impuesto a las Ganancias, que es una de las cuestiones que incluso diferencia a los gobernadores entre s\u00ed, record\u00f3 que \u201cel a\u00f1o pasado se elimin\u00f3 para los sueldos medios y altos, yo era diputado y no vot\u00e9 esa ley, no estaba de acuerdo\u201d.<\/h3>\n<h3>\u201cEn cualquier lugar del mundo, as\u00ed como un monotributista paga impuestos, los sueldos altos, digamos de entre un mill\u00f3n y medio y dos millones de pesos, tienen que pagarlos tambi\u00e9n. Soy partidario de restituir el piso del Impuesto a las Ganancias, aunque acepto los motivos que tienen, por ejemplo, las provincias patag\u00f3nicas para negarse, porque en esa regi\u00f3n hay sueldos muy altos porque el costo de vida es m\u00e1s elevado. La eliminaci\u00f3n de Ganancias a la cuarta categor\u00eda signific\u00f3 para San Luis la p\u00e9rdida de la masa salarial equivalente a un mes y medio, o sea que es dinero que no se pudo destinar a docentes, polic\u00edas, m\u00e9dicos, es un gran hueco fiscal que se produjo\u201d, reflexion\u00f3 Poggi.<\/h3>\n<h3>De todas maneras, est\u00e1 dispuesto al di\u00e1logo con sus pares y con la Naci\u00f3n para buscar una salida: \u201cQueremos que se reinstale con otras caracter\u00edsticas, quiz\u00e1s con un m\u00ednimo imponible m\u00e1s alto. Lo importante es que se dialog\u00f3 con mucha armon\u00eda para ver si llegamos a un acuerdo, siempre con mucho respeto\u201d.<\/h3>\n<h3><\/h3>\n<p>&nbsp;<\/p>\n<p>&nbsp;<\/p>\n","protected":false},"excerpt":{"rendered":"<p>As\u00ed defini\u00f3 su apoyo al gobierno nacional el gobernador Claudio Poggi, quien agreg\u00f3 que \u201cel&#8230;<\/p>\n","protected":false},"author":1,"featured_media":12919,"comment_status":"closed","ping_status":"closed","sticky":false,"template":"","format":"standard","meta":{"footnotes":""},"categories":[6],"tags":[],"class_list":["post-12918","post","type-post","status-publish","format-standard","has-post-thumbnail","hentry","category-ciudad-provincia"],"yoast_head":"<!-- This site is optimized with the Yoast SEO plugin v26.1.1 - https:\/\/yoast.com\/wordpress\/plugins\/seo\/ -->\n<title>\u201cEL PRESIDENTE MILEI TIENE QUE DISPONER DE LA NUEVA LEY DE BASES PARA PODER GOBERNAR\u201d - Apuntes de San Luis<\/title>\n<meta name=\"robots\" content=\"index, follow, max-snippet:-1, max-image-preview:large, max-video-preview:-1\" \/>\n<link rel=\"canonical\" href=\"https:\/\/apuntesdesanluis.com\/index.php\/2024\/03\/09\/el-presidente-milei-tiene-que-disponer-de-la-nueva-ley-de-bases-para-poder-gobernar\/\" \/>\n<meta property=\"og:locale\" content=\"es_ES\" \/>\n<meta property=\"og:type\" content=\"article\" \/>\n<meta property=\"og:title\" content=\"\u201cEL PRESIDENTE MILEI TIENE QUE DISPONER DE LA NUEVA LEY DE BASES PARA PODER GOBERNAR\u201d - Apuntes de San Luis\" \/>\n<meta property=\"og:description\" content=\"As\u00ed defini\u00f3 su apoyo al gobierno nacional el gobernador Claudio Poggi, quien agreg\u00f3 que \u201cel...\" \/>\n<meta property=\"og:url\" content=\"https:\/\/apuntesdesanluis.com\/index.php\/2024\/03\/09\/el-presidente-milei-tiene-que-disponer-de-la-nueva-ley-de-bases-para-poder-gobernar\/\" \/>\n<meta property=\"og:site_name\" content=\"Apuntes de San Luis\" \/>\n<meta property=\"article:published_time\" content=\"2024-03-09T23:11:28+00:00\" \/>\n<meta property=\"og:image\" content=\"https:\/\/apuntesdesanluis.com\/wp-content\/uploads\/2024\/03\/gobernador-poggi-declaraciones.png\" \/>\n\t<meta property=\"og:image:width\" content=\"600\" \/>\n\t<meta property=\"og:image:height\" content=\"385\" \/>\n\t<meta property=\"og:image:type\" content=\"image\/png\" \/>\n<meta name=\"author\" content=\"apuntesdesanluis.com\" \/>\n<meta name=\"twitter:card\" content=\"summary_large_image\" \/>\n<meta name=\"twitter:label1\" content=\"Escrito por\" \/>\n\t<meta name=\"twitter:data1\" content=\"apuntesdesanluis.com\" \/>\n\t<meta name=\"twitter:label2\" content=\"Tiempo de lectura\" \/>\n\t<meta name=\"twitter:data2\" content=\"3 minutos\" \/>\n<script type=\"application\/ld+json\" class=\"yoast-schema-graph\">{\"@context\":\"https:\/\/schema.org\",\"@graph\":[{\"@type\":\"Article\",\"@id\":\"https:\/\/apuntesdesanluis.com\/index.php\/2024\/03\/09\/el-presidente-milei-tiene-que-disponer-de-la-nueva-ley-de-bases-para-poder-gobernar\/#article\",\"isPartOf\":{\"@id\":\"https:\/\/apuntesdesanluis.com\/index.php\/2024\/03\/09\/el-presidente-milei-tiene-que-disponer-de-la-nueva-ley-de-bases-para-poder-gobernar\/\"},\"author\":{\"name\":\"apuntesdesanluis.com\",\"@id\":\"https:\/\/apuntesdesanluis.com\/#\/schema\/person\/b55151d52296fcce64d1a72538a70b90\"},\"headline\":\"\u201cEL PRESIDENTE MILEI TIENE QUE DISPONER DE LA NUEVA LEY DE BASES PARA PODER GOBERNAR\u201d\",\"datePublished\":\"2024-03-09T23:11:28+00:00\",\"mainEntityOfPage\":{\"@id\":\"https:\/\/apuntesdesanluis.com\/index.php\/2024\/03\/09\/el-presidente-milei-tiene-que-disponer-de-la-nueva-ley-de-bases-para-poder-gobernar\/\"},\"wordCount\":545,\"publisher\":{\"@id\":\"https:\/\/apuntesdesanluis.com\/#\/schema\/person\/b55151d52296fcce64d1a72538a70b90\"},\"image\":{\"@id\":\"https:\/\/apuntesdesanluis.com\/index.php\/2024\/03\/09\/el-presidente-milei-tiene-que-disponer-de-la-nueva-ley-de-bases-para-poder-gobernar\/#primaryimage\"},\"thumbnailUrl\":\"https:\/\/apuntesdesanluis.com\/wp-content\/uploads\/2024\/03\/gobernador-poggi-declaraciones.png\",\"articleSection\":[\"Ciudad\/Provincia\"],\"inLanguage\":\"es-AR\"},{\"@type\":\"WebPage\",\"@id\":\"https:\/\/apuntesdesanluis.com\/index.php\/2024\/03\/09\/el-presidente-milei-tiene-que-disponer-de-la-nueva-ley-de-bases-para-poder-gobernar\/\",\"url\":\"https:\/\/apuntesdesanluis.com\/index.php\/2024\/03\/09\/el-presidente-milei-tiene-que-disponer-de-la-nueva-ley-de-bases-para-poder-gobernar\/\",\"name\":\"\u201cEL PRESIDENTE MILEI TIENE QUE DISPONER DE LA NUEVA LEY DE BASES PARA PODER GOBERNAR\u201d - Apuntes de San Luis\",\"isPartOf\":{\"@id\":\"https:\/\/apuntesdesanluis.com\/#website\"},\"primaryImageOfPage\":{\"@id\":\"https:\/\/apuntesdesanluis.com\/index.php\/2024\/03\/09\/el-presidente-milei-tiene-que-disponer-de-la-nueva-ley-de-bases-para-poder-gobernar\/#primaryimage\"},\"image\":{\"@id\":\"https:\/\/apuntesdesanluis.com\/index.php\/2024\/03\/09\/el-presidente-milei-tiene-que-disponer-de-la-nueva-ley-de-bases-para-poder-gobernar\/#primaryimage\"},\"thumbnailUrl\":\"https:\/\/apuntesdesanluis.com\/wp-content\/uploads\/2024\/03\/gobernador-poggi-declaraciones.png\",\"datePublished\":\"2024-03-09T23:11:28+00:00\",\"breadcrumb\":{\"@id\":\"https:\/\/apuntesdesanluis.com\/index.php\/2024\/03\/09\/el-presidente-milei-tiene-que-disponer-de-la-nueva-ley-de-bases-para-poder-gobernar\/#breadcrumb\"},\"inLanguage\":\"es-AR\",\"potentialAction\":[{\"@type\":\"ReadAction\",\"target\":[\"https:\/\/apuntesdesanluis.com\/index.php\/2024\/03\/09\/el-presidente-milei-tiene-que-disponer-de-la-nueva-ley-de-bases-para-poder-gobernar\/\"]}]},{\"@type\":\"ImageObject\",\"inLanguage\":\"es-AR\",\"@id\":\"https:\/\/apuntesdesanluis.com\/index.php\/2024\/03\/09\/el-presidente-milei-tiene-que-disponer-de-la-nueva-ley-de-bases-para-poder-gobernar\/#primaryimage\",\"url\":\"https:\/\/apuntesdesanluis.com\/wp-content\/uploads\/2024\/03\/gobernador-poggi-declaraciones.png\",\"contentUrl\":\"https:\/\/apuntesdesanluis.com\/wp-content\/uploads\/2024\/03\/gobernador-poggi-declaraciones.png\",\"width\":600,\"height\":385},{\"@type\":\"BreadcrumbList\",\"@id\":\"https:\/\/apuntesdesanluis.com\/index.php\/2024\/03\/09\/el-presidente-milei-tiene-que-disponer-de-la-nueva-ley-de-bases-para-poder-gobernar\/#breadcrumb\",\"itemListElement\":[{\"@type\":\"ListItem\",\"position\":1,\"name\":\"Inicio\",\"item\":\"https:\/\/apuntesdesanluis.com\/\"},{\"@type\":\"ListItem\",\"position\":2,\"name\":\"\u201cEL PRESIDENTE MILEI TIENE QUE DISPONER DE LA NUEVA LEY DE BASES PARA PODER GOBERNAR\u201d\"}]},{\"@type\":\"WebSite\",\"@id\":\"https:\/\/apuntesdesanluis.com\/#website\",\"url\":\"https:\/\/apuntesdesanluis.com\/\",\"name\":\"Apuntes de San Luis\",\"description\":\"\",\"publisher\":{\"@id\":\"https:\/\/apuntesdesanluis.com\/#\/schema\/person\/b55151d52296fcce64d1a72538a70b90\"},\"potentialAction\":[{\"@type\":\"SearchAction\",\"target\":{\"@type\":\"EntryPoint\",\"urlTemplate\":\"https:\/\/apuntesdesanluis.com\/?s={search_term_string}\"},\"query-input\":{\"@type\":\"PropertyValueSpecification\",\"valueRequired\":true,\"valueName\":\"search_term_string\"}}],\"inLanguage\":\"es-AR\"},{\"@type\":[\"Person\",\"Organization\"],\"@id\":\"https:\/\/apuntesdesanluis.com\/#\/schema\/person\/b55151d52296fcce64d1a72538a70b90\",\"name\":\"apuntesdesanluis.com\",\"image\":{\"@type\":\"ImageObject\",\"inLanguage\":\"es-AR\",\"@id\":\"https:\/\/apuntesdesanluis.com\/#\/schema\/person\/image\/\",\"url\":\"https:\/\/apuntesdesanluis.com\/wp-content\/uploads\/2023\/07\/cropped-apuntesdesanluis.png\",\"contentUrl\":\"https:\/\/apuntesdesanluis.com\/wp-content\/uploads\/2023\/07\/cropped-apuntesdesanluis.png\",\"width\":450,\"height\":112,\"caption\":\"apuntesdesanluis.com\"},\"logo\":{\"@id\":\"https:\/\/apuntesdesanluis.com\/#\/schema\/person\/image\/\"},\"sameAs\":[\"https:\/\/apuntesdesanluis.com\"],\"url\":\"https:\/\/apuntesdesanluis.com\/index.php\/author\/apuntesdesanluis-com\/\"}]}<\/script>\n<!-- \/ Yoast SEO plugin. -->","yoast_head_json":{"title":"\u201cEL PRESIDENTE MILEI TIENE QUE DISPONER DE LA NUEVA LEY DE BASES PARA PODER GOBERNAR\u201d - Apuntes de San Luis","robots":{"index":"index","follow":"follow","max-snippet":"max-snippet:-1","max-image-preview":"max-image-preview:large","max-video-preview":"max-video-preview:-1"},"canonical":"https:\/\/apuntesdesanluis.com\/index.php\/2024\/03\/09\/el-presidente-milei-tiene-que-disponer-de-la-nueva-ley-de-bases-para-poder-gobernar\/","og_locale":"es_ES","og_type":"article","og_title":"\u201cEL PRESIDENTE MILEI TIENE QUE DISPONER DE LA NUEVA LEY DE BASES PARA PODER GOBERNAR\u201d - Apuntes de San Luis","og_description":"As\u00ed defini\u00f3 su apoyo al gobierno nacional el gobernador Claudio Poggi, quien agreg\u00f3 que \u201cel...","og_url":"https:\/\/apuntesdesanluis.com\/index.php\/2024\/03\/09\/el-presidente-milei-tiene-que-disponer-de-la-nueva-ley-de-bases-para-poder-gobernar\/","og_site_name":"Apuntes de San Luis","article_published_time":"2024-03-09T23:11:28+00:00","og_image":[{"width":600,"height":385,"url":"https:\/\/apuntesdesanluis.com\/wp-content\/uploads\/2024\/03\/gobernador-poggi-declaraciones.png","type":"image\/png"}],"author":"apuntesdesanluis.com","twitter_card":"summary_large_image","twitter_misc":{"Escrito por":"apuntesdesanluis.com","Tiempo de lectura":"3 minutos"},"schema":{"@context":"https:\/\/schema.org","@graph":[{"@type":"Article","@id":"https:\/\/apuntesdesanluis.com\/index.php\/2024\/03\/09\/el-presidente-milei-tiene-que-disponer-de-la-nueva-ley-de-bases-para-poder-gobernar\/#article","isPartOf":{"@id":"https:\/\/apuntesdesanluis.com\/index.php\/2024\/03\/09\/el-presidente-milei-tiene-que-disponer-de-la-nueva-ley-de-bases-para-poder-gobernar\/"},"author":{"name":"apuntesdesanluis.com","@id":"https:\/\/apuntesdesanluis.com\/#\/schema\/person\/b55151d52296fcce64d1a72538a70b90"},"headline":"\u201cEL PRESIDENTE MILEI TIENE QUE DISPONER DE LA NUEVA LEY DE BASES PARA PODER GOBERNAR\u201d","datePublished":"2024-03-09T23:11:28+00:00","mainEntityOfPage":{"@id":"https:\/\/apuntesdesanluis.com\/index.php\/2024\/03\/09\/el-presidente-milei-tiene-que-disponer-de-la-nueva-ley-de-bases-para-poder-gobernar\/"},"wordCount":545,"publisher":{"@id":"https:\/\/apuntesdesanluis.com\/#\/schema\/person\/b55151d52296fcce64d1a72538a70b90"},"image":{"@id":"https:\/\/apuntesdesanluis.com\/index.php\/2024\/03\/09\/el-presidente-milei-tiene-que-disponer-de-la-nueva-ley-de-bases-para-poder-gobernar\/#primaryimage"},"thumbnailUrl":"https:\/\/apuntesdesanluis.com\/wp-content\/uploads\/2024\/03\/gobernador-poggi-declaraciones.png","articleSection":["Ciudad\/Provincia"],"inLanguage":"es-AR"},{"@type":"WebPage","@id":"https:\/\/apuntesdesanluis.com\/index.php\/2024\/03\/09\/el-presidente-milei-tiene-que-disponer-de-la-nueva-ley-de-bases-para-poder-gobernar\/","url":"https:\/\/apuntesdesanluis.com\/index.php\/2024\/03\/09\/el-presidente-milei-tiene-que-disponer-de-la-nueva-ley-de-bases-para-poder-gobernar\/","name":"\u201cEL PRESIDENTE MILEI TIENE QUE DISPONER DE LA NUEVA LEY DE BASES PARA PODER GOBERNAR\u201d - Apuntes de San Luis","isPartOf":{"@id":"https:\/\/apuntesdesanluis.com\/#website"},"primaryImageOfPage":{"@id":"https:\/\/apuntesdesanluis.com\/index.php\/2024\/03\/09\/el-presidente-milei-tiene-que-disponer-de-la-nueva-ley-de-bases-para-poder-gobernar\/#primaryimage"},"image":{"@id":"https:\/\/apuntesdesanluis.com\/index.php\/2024\/03\/09\/el-presidente-milei-tiene-que-disponer-de-la-nueva-ley-de-bases-para-poder-gobernar\/#primaryimage"},"thumbnailUrl":"https:\/\/apuntesdesanluis.com\/wp-content\/uploads\/2024\/03\/gobernador-poggi-declaraciones.png","datePublished":"2024-03-09T23:11:28+00:00","breadcrumb":{"@id":"https:\/\/apuntesdesanluis.com\/index.php\/2024\/03\/09\/el-presidente-milei-tiene-que-disponer-de-la-nueva-ley-de-bases-para-poder-gobernar\/#breadcrumb"},"inLanguage":"es-AR","potentialAction":[{"@type":"ReadAction","target":["https:\/\/apuntesdesanluis.com\/index.php\/2024\/03\/09\/el-presidente-milei-tiene-que-disponer-de-la-nueva-ley-de-bases-para-poder-gobernar\/"]}]},{"@type":"ImageObject","inLanguage":"es-AR","@id":"https:\/\/apuntesdesanluis.com\/index.php\/2024\/03\/09\/el-presidente-milei-tiene-que-disponer-de-la-nueva-ley-de-bases-para-poder-gobernar\/#primaryimage","url":"https:\/\/apuntesdesanluis.com\/wp-content\/uploads\/2024\/03\/gobernador-poggi-declaraciones.png","contentUrl":"https:\/\/apuntesdesanluis.com\/wp-content\/uploads\/2024\/03\/gobernador-poggi-declaraciones.png","width":600,"height":385},{"@type":"BreadcrumbList","@id":"https:\/\/apuntesdesanluis.com\/index.php\/2024\/03\/09\/el-presidente-milei-tiene-que-disponer-de-la-nueva-ley-de-bases-para-poder-gobernar\/#breadcrumb","itemListElement":[{"@type":"ListItem","position":1,"name":"Inicio","item":"https:\/\/apuntesdesanluis.com\/"},{"@type":"ListItem","position":2,"name":"\u201cEL PRESIDENTE MILEI TIENE QUE DISPONER DE LA NUEVA LEY DE BASES PARA PODER GOBERNAR\u201d"}]},{"@type":"WebSite","@id":"https:\/\/apuntesdesanluis.com\/#website","url":"https:\/\/apuntesdesanluis.com\/","name":"Apuntes de San Luis","description":"","publisher":{"@id":"https:\/\/apuntesdesanluis.com\/#\/schema\/person\/b55151d52296fcce64d1a72538a70b90"},"potentialAction":[{"@type":"SearchAction","target":{"@type":"EntryPoint","urlTemplate":"https:\/\/apuntesdesanluis.com\/?s={search_term_string}"},"query-input":{"@type":"PropertyValueSpecification","valueRequired":true,"valueName":"search_term_string"}}],"inLanguage":"es-AR"},{"@type":["Person","Organization"],"@id":"https:\/\/apuntesdesanluis.com\/#\/schema\/person\/b55151d52296fcce64d1a72538a70b90","name":"apuntesdesanluis.com","image":{"@type":"ImageObject","inLanguage":"es-AR","@id":"https:\/\/apuntesdesanluis.com\/#\/schema\/person\/image\/","url":"https:\/\/apuntesdesanluis.com\/wp-content\/uploads\/2023\/07\/cropped-apuntesdesanluis.png","contentUrl":"https:\/\/apuntesdesanluis.com\/wp-content\/uploads\/2023\/07\/cropped-apuntesdesanluis.png","width":450,"height":112,"caption":"apuntesdesanluis.com"},"logo":{"@id":"https:\/\/apuntesdesanluis.com\/#\/schema\/person\/image\/"},"sameAs":["https:\/\/apuntesdesanluis.com"],"url":"https:\/\/apuntesdesanluis.com\/index.php\/author\/apuntesdesanluis-com\/"}]}},"featured_image_urls":{"full":["https:\/\/apuntesdesanluis.com\/wp-content\/uploads\/2024\/03\/gobernador-poggi-declaraciones.png",600,385,false],"thumbnail":["https:\/\/apuntesdesanluis.com\/wp-content\/uploads\/2024\/03\/gobernador-poggi-declaraciones-150x150.png",150,150,true],"medium":["https:\/\/apuntesdesanluis.com\/wp-content\/uploads\/2024\/03\/gobernador-poggi-declaraciones-300x193.png",300,193,true],"medium_large":["https:\/\/apuntesdesanluis.com\/wp-content\/uploads\/2024\/03\/gobernador-poggi-declaraciones.png",600,385,false],"large":["https:\/\/apuntesdesanluis.com\/wp-content\/uploads\/2024\/03\/gobernador-poggi-declaraciones.png",600,385,false],"1536x1536":["https:\/\/apuntesdesanluis.com\/wp-content\/uploads\/2024\/03\/gobernador-poggi-declaraciones.png",600,385,false],"2048x2048":["https:\/\/apuntesdesanluis.com\/wp-content\/uploads\/2024\/03\/gobernador-poggi-declaraciones.png",600,385,false],"newsever-slider-full":["https:\/\/apuntesdesanluis.com\/wp-content\/uploads\/2024\/03\/gobernador-poggi-declaraciones.png",600,385,false],"newsever-featured":["https:\/\/apuntesdesanluis.com\/wp-content\/uploads\/2024\/03\/gobernador-poggi-declaraciones.png",600,385,false],"newsever-medium":["https:\/\/apuntesdesanluis.com\/wp-content\/uploads\/2024\/03\/gobernador-poggi-declaraciones.png",600,385,false]},"author_info":{"display_name":"apuntesdesanluis.com","author_link":"https:\/\/apuntesdesanluis.com\/index.php\/author\/apuntesdesanluis-com\/"},"category_info":"<a href=\"https:\/\/apuntesdesanluis.com\/index.php\/category\/ciudad-provincia\/\" rel=\"category tag\">Ciudad\/Provincia<\/a>","tag_info":"Ciudad\/Provincia","comment_count":"0","_links":{"self":[{"href":"https:\/\/apuntesdesanluis.com\/index.php\/wp-json\/wp\/v2\/posts\/12918","targetHints":{"allow":["GET"]}}],"collection":[{"href":"https:\/\/apuntesdesanluis.com\/index.php\/wp-json\/wp\/v2\/posts"}],"about":[{"href":"https:\/\/apuntesdesanluis.com\/index.php\/wp-json\/wp\/v2\/types\/post"}],"author":[{"embeddable":true,"href":"https:\/\/apuntesdesanluis.com\/index.php\/wp-json\/wp\/v2\/users\/1"}],"replies":[{"embeddable":true,"href":"https:\/\/apuntesdesanluis.com\/index.php\/wp-json\/wp\/v2\/comments?post=12918"}],"version-history":[{"count":1,"href":"https:\/\/apuntesdesanluis.com\/index.php\/wp-json\/wp\/v2\/posts\/12918\/revisions"}],"predecessor-version":[{"id":12920,"href":"https:\/\/apuntesdesanluis.com\/index.php\/wp-json\/wp\/v2\/posts\/12918\/revisions\/12920"}],"wp:featuredmedia":[{"embeddable":true,"href":"https:\/\/apuntesdesanluis.com\/index.php\/wp-json\/wp\/v2\/media\/12919"}],"wp:attachment":[{"href":"https:\/\/apuntesdesanluis.com\/index.php\/wp-json\/wp\/v2\/media?parent=12918"}],"wp:term":[{"taxonomy":"category","embeddable":true,"href":"https:\/\/apuntesdesanluis.com\/index.php\/wp-json\/wp\/v2\/categories?post=12918"},{"taxonomy":"post_tag","embeddable":true,"href":"https:\/\/apuntesdesanluis.com\/index.php\/wp-json\/wp\/v2\/tags?post=12918"}],"curies":[{"name":"wp","href":"https:\/\/api.w.org\/{rel}","templated":true}]}}