{"id":12921,"date":"2024-03-09T20:25:36","date_gmt":"2024-03-09T23:25:36","guid":{"rendered":"https:\/\/apuntesdesanluis.com\/?p=12921"},"modified":"2024-03-09T20:25:36","modified_gmt":"2024-03-09T23:25:36","slug":"el-gobernador-confirmo-que-enviara-un-proyecto-para-impulsar-una-amplia-moratoria","status":"publish","type":"post","link":"https:\/\/apuntesdesanluis.com\/index.php\/2024\/03\/09\/el-gobernador-confirmo-que-enviara-un-proyecto-para-impulsar-una-amplia-moratoria\/","title":{"rendered":"EL GOBERNADOR CONFIRM\u00d3 QUE ENVIAR\u00c1 UN PROYECTO PARA IMPULSAR UNA \u201cAMPLIA MORATORIA\u201d"},"content":{"rendered":"<h3>Durante su paso por Villa Mercedes, el gobernador <strong>Claudio Poggi<\/strong> fue consultado por <span style=\"color: #000000;\"><strong>Apuntes de San Luis<\/strong><\/span> en torno de lo ocurrido en la \u00faltima sesi\u00f3n de la C\u00e1mara de Diputados, donde el oficialismo logr\u00f3 imponer las autoridades y constituir una nueva mayor\u00eda, con otros bloques aliados que se desprendieron de la bancada justicialista.<\/h3>\n<h3>\u201cLa elecci\u00f3n de nuevas autoridades en la C\u00e1mara de Diputados, la forma en que se dio, fue muy positiva para San Luis. Hay un \u00e1nimo constructivo de algunos sectores que hab\u00edan pasado a la oposici\u00f3n y armaron bloques independientes. Nosotros no pretendemos que nos voten todo a libro cerrado hay que consensuar y dialogar. Es muy bueno para la democracia que haya 26 votos que apuestan a la gobernabilidad, a la racionalidad, a no romper por romper\u201d, reflexion\u00f3 el Mandatario.<\/h3>\n<h3>Tambi\u00e9n se le pregunt\u00f3 en torno de la posibilidad de que env\u00ede un proyecto a la Legislatura proponiendo una nueva moratoria.<\/h3>\n<h3>\u201cEs probable que elevemos un proyecto de ley para que haya una moratoria, cuya recaudaci\u00f3n ir\u00e1 a financiar el Plan Alimentario Nutricional Escolar (PANE). Es el destino de la moratoria, y tambi\u00e9n vamos a incluir el recupero de pr\u00e9stamos que la Provincia entreg\u00f3 a diversos sectores y no fueron devueltos. Ese dinero ser\u00e1 destinado a emprendedores y la cancelaci\u00f3n de viviendas\u201d.<\/h3>\n<h3>\u00a0\u201cMe interesa que est\u00e9 sancionada antes del 1\u00b0 de abril en lo posible, y si no ser\u00e1 despu\u00e9s, pero ser\u00eda bueno tenerla antes de la apertura de sesiones ordinarias\u201d, puso los plazos.<\/h3>\n<h3>En referencia al nuevo presidente de la C\u00e1mara de Diputados, sostuvo: \u201cLo decidieron los diputados, fue fruto de los consensos. Los votos los ten\u00eda Leyes, un dirigente de muchos a\u00f1os, mucho prestigio. Lo felicito, es muy conocedor de los movimientos de la Legislatura, va a hacer muy bien su trabajo. Esas son las cosas que cambiaron en San Luis, ahora el presidente no necesariamente tiene que ser un diputado del partido de gobierno. Siempre vamos a estar apoyando lo racional, bienvenido sea, buscamos los consensos para gobernar\u201d, cerr\u00f3 Poggi.<\/h3>\n<p><iframe title=\"Gobernador habla de la C\u00e1mara de Diputados\" width=\"640\" height=\"360\" src=\"https:\/\/www.youtube.com\/embed\/k_H2Fp2h4SU?feature=oembed\" frameborder=\"0\" allow=\"accelerometer; autoplay; clipboard-write; encrypted-media; gyroscope; picture-in-picture; web-share\" referrerpolicy=\"strict-origin-when-cross-origin\" allowfullscreen><\/iframe><\/p>\n<p>&nbsp;<\/p>\n<p>&nbsp;<\/p>\n<p>&nbsp;<\/p>\n<p>&nbsp;<\/p>\n","protected":false},"excerpt":{"rendered":"<p>Durante su paso por Villa Mercedes, el gobernador Claudio Poggi fue consultado por Apuntes de&#8230;<\/p>\n","protected":false},"author":1,"featured_media":12922,"comment_status":"closed","ping_status":"closed","sticky":false,"template":"","format":"standard","meta":{"footnotes":""},"categories":[6],"tags":[],"class_list":["post-12921","post","type-post","status-publish","format-standard","has-post-thumbnail","hentry","category-ciudad-provincia"],"yoast_head":"<!-- This site is optimized with the Yoast SEO plugin v26.1.1 - https:\/\/yoast.com\/wordpress\/plugins\/seo\/ -->\n<title>EL GOBERNADOR CONFIRM\u00d3 QUE ENVIAR\u00c1 UN PROYECTO PARA IMPULSAR UNA \u201cAMPLIA MORATORIA\u201d - Apuntes de San Luis<\/title>\n<meta name=\"robots\" content=\"index, follow, max-snippet:-1, max-image-preview:large, max-video-preview:-1\" \/>\n<link rel=\"canonical\" href=\"https:\/\/apuntesdesanluis.com\/index.php\/2024\/03\/09\/el-gobernador-confirmo-que-enviara-un-proyecto-para-impulsar-una-amplia-moratoria\/\" \/>\n<meta property=\"og:locale\" content=\"es_ES\" \/>\n<meta property=\"og:type\" content=\"article\" \/>\n<meta property=\"og:title\" content=\"EL GOBERNADOR CONFIRM\u00d3 QUE ENVIAR\u00c1 UN PROYECTO PARA IMPULSAR UNA \u201cAMPLIA MORATORIA\u201d - Apuntes de San Luis\" \/>\n<meta property=\"og:description\" content=\"Durante su paso por Villa Mercedes, el gobernador Claudio Poggi fue consultado por Apuntes de...\" \/>\n<meta property=\"og:url\" content=\"https:\/\/apuntesdesanluis.com\/index.php\/2024\/03\/09\/el-gobernador-confirmo-que-enviara-un-proyecto-para-impulsar-una-amplia-moratoria\/\" \/>\n<meta property=\"og:site_name\" content=\"Apuntes de San Luis\" \/>\n<meta property=\"article:published_time\" content=\"2024-03-09T23:25:36+00:00\" \/>\n<meta property=\"og:image\" content=\"https:\/\/apuntesdesanluis.com\/wp-content\/uploads\/2024\/03\/POGGI-CON-APUNTES.png\" \/>\n\t<meta property=\"og:image:width\" content=\"761\" \/>\n\t<meta property=\"og:image:height\" content=\"455\" \/>\n\t<meta property=\"og:image:type\" content=\"image\/png\" \/>\n<meta name=\"author\" content=\"apuntesdesanluis.com\" \/>\n<meta name=\"twitter:card\" content=\"summary_large_image\" \/>\n<meta name=\"twitter:label1\" content=\"Escrito por\" \/>\n\t<meta name=\"twitter:data1\" content=\"apuntesdesanluis.com\" \/>\n\t<meta name=\"twitter:label2\" content=\"Tiempo de lectura\" \/>\n\t<meta name=\"twitter:data2\" content=\"2 minutos\" \/>\n<script type=\"application\/ld+json\" class=\"yoast-schema-graph\">{\"@context\":\"https:\/\/schema.org\",\"@graph\":[{\"@type\":\"Article\",\"@id\":\"https:\/\/apuntesdesanluis.com\/index.php\/2024\/03\/09\/el-gobernador-confirmo-que-enviara-un-proyecto-para-impulsar-una-amplia-moratoria\/#article\",\"isPartOf\":{\"@id\":\"https:\/\/apuntesdesanluis.com\/index.php\/2024\/03\/09\/el-gobernador-confirmo-que-enviara-un-proyecto-para-impulsar-una-amplia-moratoria\/\"},\"author\":{\"name\":\"apuntesdesanluis.com\",\"@id\":\"https:\/\/apuntesdesanluis.com\/#\/schema\/person\/b55151d52296fcce64d1a72538a70b90\"},\"headline\":\"EL GOBERNADOR CONFIRM\u00d3 QUE ENVIAR\u00c1 UN PROYECTO PARA IMPULSAR UNA \u201cAMPLIA MORATORIA\u201d\",\"datePublished\":\"2024-03-09T23:25:36+00:00\",\"mainEntityOfPage\":{\"@id\":\"https:\/\/apuntesdesanluis.com\/index.php\/2024\/03\/09\/el-gobernador-confirmo-que-enviara-un-proyecto-para-impulsar-una-amplia-moratoria\/\"},\"wordCount\":379,\"publisher\":{\"@id\":\"https:\/\/apuntesdesanluis.com\/#\/schema\/person\/b55151d52296fcce64d1a72538a70b90\"},\"image\":{\"@id\":\"https:\/\/apuntesdesanluis.com\/index.php\/2024\/03\/09\/el-gobernador-confirmo-que-enviara-un-proyecto-para-impulsar-una-amplia-moratoria\/#primaryimage\"},\"thumbnailUrl\":\"https:\/\/apuntesdesanluis.com\/wp-content\/uploads\/2024\/03\/POGGI-CON-APUNTES.png\",\"articleSection\":[\"Ciudad\/Provincia\"],\"inLanguage\":\"es-AR\"},{\"@type\":\"WebPage\",\"@id\":\"https:\/\/apuntesdesanluis.com\/index.php\/2024\/03\/09\/el-gobernador-confirmo-que-enviara-un-proyecto-para-impulsar-una-amplia-moratoria\/\",\"url\":\"https:\/\/apuntesdesanluis.com\/index.php\/2024\/03\/09\/el-gobernador-confirmo-que-enviara-un-proyecto-para-impulsar-una-amplia-moratoria\/\",\"name\":\"EL GOBERNADOR CONFIRM\u00d3 QUE ENVIAR\u00c1 UN PROYECTO PARA IMPULSAR UNA \u201cAMPLIA MORATORIA\u201d - Apuntes de San Luis\",\"isPartOf\":{\"@id\":\"https:\/\/apuntesdesanluis.com\/#website\"},\"primaryImageOfPage\":{\"@id\":\"https:\/\/apuntesdesanluis.com\/index.php\/2024\/03\/09\/el-gobernador-confirmo-que-enviara-un-proyecto-para-impulsar-una-amplia-moratoria\/#primaryimage\"},\"image\":{\"@id\":\"https:\/\/apuntesdesanluis.com\/index.php\/2024\/03\/09\/el-gobernador-confirmo-que-enviara-un-proyecto-para-impulsar-una-amplia-moratoria\/#primaryimage\"},\"thumbnailUrl\":\"https:\/\/apuntesdesanluis.com\/wp-content\/uploads\/2024\/03\/POGGI-CON-APUNTES.png\",\"datePublished\":\"2024-03-09T23:25:36+00:00\",\"breadcrumb\":{\"@id\":\"https:\/\/apuntesdesanluis.com\/index.php\/2024\/03\/09\/el-gobernador-confirmo-que-enviara-un-proyecto-para-impulsar-una-amplia-moratoria\/#breadcrumb\"},\"inLanguage\":\"es-AR\",\"potentialAction\":[{\"@type\":\"ReadAction\",\"target\":[\"https:\/\/apuntesdesanluis.com\/index.php\/2024\/03\/09\/el-gobernador-confirmo-que-enviara-un-proyecto-para-impulsar-una-amplia-moratoria\/\"]}]},{\"@type\":\"ImageObject\",\"inLanguage\":\"es-AR\",\"@id\":\"https:\/\/apuntesdesanluis.com\/index.php\/2024\/03\/09\/el-gobernador-confirmo-que-enviara-un-proyecto-para-impulsar-una-amplia-moratoria\/#primaryimage\",\"url\":\"https:\/\/apuntesdesanluis.com\/wp-content\/uploads\/2024\/03\/POGGI-CON-APUNTES.png\",\"contentUrl\":\"https:\/\/apuntesdesanluis.com\/wp-content\/uploads\/2024\/03\/POGGI-CON-APUNTES.png\",\"width\":761,\"height\":455},{\"@type\":\"BreadcrumbList\",\"@id\":\"https:\/\/apuntesdesanluis.com\/index.php\/2024\/03\/09\/el-gobernador-confirmo-que-enviara-un-proyecto-para-impulsar-una-amplia-moratoria\/#breadcrumb\",\"itemListElement\":[{\"@type\":\"ListItem\",\"position\":1,\"name\":\"Inicio\",\"item\":\"https:\/\/apuntesdesanluis.com\/\"},{\"@type\":\"ListItem\",\"position\":2,\"name\":\"EL GOBERNADOR CONFIRM\u00d3 QUE ENVIAR\u00c1 UN PROYECTO PARA IMPULSAR UNA \u201cAMPLIA MORATORIA\u201d\"}]},{\"@type\":\"WebSite\",\"@id\":\"https:\/\/apuntesdesanluis.com\/#website\",\"url\":\"https:\/\/apuntesdesanluis.com\/\",\"name\":\"Apuntes de San Luis\",\"description\":\"\",\"publisher\":{\"@id\":\"https:\/\/apuntesdesanluis.com\/#\/schema\/person\/b55151d52296fcce64d1a72538a70b90\"},\"potentialAction\":[{\"@type\":\"SearchAction\",\"target\":{\"@type\":\"EntryPoint\",\"urlTemplate\":\"https:\/\/apuntesdesanluis.com\/?s={search_term_string}\"},\"query-input\":{\"@type\":\"PropertyValueSpecification\",\"valueRequired\":true,\"valueName\":\"search_term_string\"}}],\"inLanguage\":\"es-AR\"},{\"@type\":[\"Person\",\"Organization\"],\"@id\":\"https:\/\/apuntesdesanluis.com\/#\/schema\/person\/b55151d52296fcce64d1a72538a70b90\",\"name\":\"apuntesdesanluis.com\",\"image\":{\"@type\":\"ImageObject\",\"inLanguage\":\"es-AR\",\"@id\":\"https:\/\/apuntesdesanluis.com\/#\/schema\/person\/image\/\",\"url\":\"https:\/\/apuntesdesanluis.com\/wp-content\/uploads\/2023\/07\/cropped-apuntesdesanluis.png\",\"contentUrl\":\"https:\/\/apuntesdesanluis.com\/wp-content\/uploads\/2023\/07\/cropped-apuntesdesanluis.png\",\"width\":450,\"height\":112,\"caption\":\"apuntesdesanluis.com\"},\"logo\":{\"@id\":\"https:\/\/apuntesdesanluis.com\/#\/schema\/person\/image\/\"},\"sameAs\":[\"https:\/\/apuntesdesanluis.com\"],\"url\":\"https:\/\/apuntesdesanluis.com\/index.php\/author\/apuntesdesanluis-com\/\"}]}<\/script>\n<!-- \/ Yoast SEO plugin. -->","yoast_head_json":{"title":"EL GOBERNADOR CONFIRM\u00d3 QUE ENVIAR\u00c1 UN PROYECTO PARA IMPULSAR UNA \u201cAMPLIA MORATORIA\u201d - Apuntes de San Luis","robots":{"index":"index","follow":"follow","max-snippet":"max-snippet:-1","max-image-preview":"max-image-preview:large","max-video-preview":"max-video-preview:-1"},"canonical":"https:\/\/apuntesdesanluis.com\/index.php\/2024\/03\/09\/el-gobernador-confirmo-que-enviara-un-proyecto-para-impulsar-una-amplia-moratoria\/","og_locale":"es_ES","og_type":"article","og_title":"EL GOBERNADOR CONFIRM\u00d3 QUE ENVIAR\u00c1 UN PROYECTO PARA IMPULSAR UNA \u201cAMPLIA MORATORIA\u201d - Apuntes de San Luis","og_description":"Durante su paso por Villa Mercedes, el gobernador Claudio Poggi fue consultado por Apuntes de...","og_url":"https:\/\/apuntesdesanluis.com\/index.php\/2024\/03\/09\/el-gobernador-confirmo-que-enviara-un-proyecto-para-impulsar-una-amplia-moratoria\/","og_site_name":"Apuntes de San Luis","article_published_time":"2024-03-09T23:25:36+00:00","og_image":[{"width":761,"height":455,"url":"https:\/\/apuntesdesanluis.com\/wp-content\/uploads\/2024\/03\/POGGI-CON-APUNTES.png","type":"image\/png"}],"author":"apuntesdesanluis.com","twitter_card":"summary_large_image","twitter_misc":{"Escrito por":"apuntesdesanluis.com","Tiempo de lectura":"2 minutos"},"schema":{"@context":"https:\/\/schema.org","@graph":[{"@type":"Article","@id":"https:\/\/apuntesdesanluis.com\/index.php\/2024\/03\/09\/el-gobernador-confirmo-que-enviara-un-proyecto-para-impulsar-una-amplia-moratoria\/#article","isPartOf":{"@id":"https:\/\/apuntesdesanluis.com\/index.php\/2024\/03\/09\/el-gobernador-confirmo-que-enviara-un-proyecto-para-impulsar-una-amplia-moratoria\/"},"author":{"name":"apuntesdesanluis.com","@id":"https:\/\/apuntesdesanluis.com\/#\/schema\/person\/b55151d52296fcce64d1a72538a70b90"},"headline":"EL GOBERNADOR CONFIRM\u00d3 QUE ENVIAR\u00c1 UN PROYECTO PARA IMPULSAR UNA \u201cAMPLIA MORATORIA\u201d","datePublished":"2024-03-09T23:25:36+00:00","mainEntityOfPage":{"@id":"https:\/\/apuntesdesanluis.com\/index.php\/2024\/03\/09\/el-gobernador-confirmo-que-enviara-un-proyecto-para-impulsar-una-amplia-moratoria\/"},"wordCount":379,"publisher":{"@id":"https:\/\/apuntesdesanluis.com\/#\/schema\/person\/b55151d52296fcce64d1a72538a70b90"},"image":{"@id":"https:\/\/apuntesdesanluis.com\/index.php\/2024\/03\/09\/el-gobernador-confirmo-que-enviara-un-proyecto-para-impulsar-una-amplia-moratoria\/#primaryimage"},"thumbnailUrl":"https:\/\/apuntesdesanluis.com\/wp-content\/uploads\/2024\/03\/POGGI-CON-APUNTES.png","articleSection":["Ciudad\/Provincia"],"inLanguage":"es-AR"},{"@type":"WebPage","@id":"https:\/\/apuntesdesanluis.com\/index.php\/2024\/03\/09\/el-gobernador-confirmo-que-enviara-un-proyecto-para-impulsar-una-amplia-moratoria\/","url":"https:\/\/apuntesdesanluis.com\/index.php\/2024\/03\/09\/el-gobernador-confirmo-que-enviara-un-proyecto-para-impulsar-una-amplia-moratoria\/","name":"EL GOBERNADOR CONFIRM\u00d3 QUE ENVIAR\u00c1 UN PROYECTO PARA IMPULSAR UNA \u201cAMPLIA MORATORIA\u201d - Apuntes de San Luis","isPartOf":{"@id":"https:\/\/apuntesdesanluis.com\/#website"},"primaryImageOfPage":{"@id":"https:\/\/apuntesdesanluis.com\/index.php\/2024\/03\/09\/el-gobernador-confirmo-que-enviara-un-proyecto-para-impulsar-una-amplia-moratoria\/#primaryimage"},"image":{"@id":"https:\/\/apuntesdesanluis.com\/index.php\/2024\/03\/09\/el-gobernador-confirmo-que-enviara-un-proyecto-para-impulsar-una-amplia-moratoria\/#primaryimage"},"thumbnailUrl":"https:\/\/apuntesdesanluis.com\/wp-content\/uploads\/2024\/03\/POGGI-CON-APUNTES.png","datePublished":"2024-03-09T23:25:36+00:00","breadcrumb":{"@id":"https:\/\/apuntesdesanluis.com\/index.php\/2024\/03\/09\/el-gobernador-confirmo-que-enviara-un-proyecto-para-impulsar-una-amplia-moratoria\/#breadcrumb"},"inLanguage":"es-AR","potentialAction":[{"@type":"ReadAction","target":["https:\/\/apuntesdesanluis.com\/index.php\/2024\/03\/09\/el-gobernador-confirmo-que-enviara-un-proyecto-para-impulsar-una-amplia-moratoria\/"]}]},{"@type":"ImageObject","inLanguage":"es-AR","@id":"https:\/\/apuntesdesanluis.com\/index.php\/2024\/03\/09\/el-gobernador-confirmo-que-enviara-un-proyecto-para-impulsar-una-amplia-moratoria\/#primaryimage","url":"https:\/\/apuntesdesanluis.com\/wp-content\/uploads\/2024\/03\/POGGI-CON-APUNTES.png","contentUrl":"https:\/\/apuntesdesanluis.com\/wp-content\/uploads\/2024\/03\/POGGI-CON-APUNTES.png","width":761,"height":455},{"@type":"BreadcrumbList","@id":"https:\/\/apuntesdesanluis.com\/index.php\/2024\/03\/09\/el-gobernador-confirmo-que-enviara-un-proyecto-para-impulsar-una-amplia-moratoria\/#breadcrumb","itemListElement":[{"@type":"ListItem","position":1,"name":"Inicio","item":"https:\/\/apuntesdesanluis.com\/"},{"@type":"ListItem","position":2,"name":"EL GOBERNADOR CONFIRM\u00d3 QUE ENVIAR\u00c1 UN PROYECTO PARA IMPULSAR UNA \u201cAMPLIA MORATORIA\u201d"}]},{"@type":"WebSite","@id":"https:\/\/apuntesdesanluis.com\/#website","url":"https:\/\/apuntesdesanluis.com\/","name":"Apuntes de San Luis","description":"","publisher":{"@id":"https:\/\/apuntesdesanluis.com\/#\/schema\/person\/b55151d52296fcce64d1a72538a70b90"},"potentialAction":[{"@type":"SearchAction","target":{"@type":"EntryPoint","urlTemplate":"https:\/\/apuntesdesanluis.com\/?s={search_term_string}"},"query-input":{"@type":"PropertyValueSpecification","valueRequired":true,"valueName":"search_term_string"}}],"inLanguage":"es-AR"},{"@type":["Person","Organization"],"@id":"https:\/\/apuntesdesanluis.com\/#\/schema\/person\/b55151d52296fcce64d1a72538a70b90","name":"apuntesdesanluis.com","image":{"@type":"ImageObject","inLanguage":"es-AR","@id":"https:\/\/apuntesdesanluis.com\/#\/schema\/person\/image\/","url":"https:\/\/apuntesdesanluis.com\/wp-content\/uploads\/2023\/07\/cropped-apuntesdesanluis.png","contentUrl":"https:\/\/apuntesdesanluis.com\/wp-content\/uploads\/2023\/07\/cropped-apuntesdesanluis.png","width":450,"height":112,"caption":"apuntesdesanluis.com"},"logo":{"@id":"https:\/\/apuntesdesanluis.com\/#\/schema\/person\/image\/"},"sameAs":["https:\/\/apuntesdesanluis.com"],"url":"https:\/\/apuntesdesanluis.com\/index.php\/author\/apuntesdesanluis-com\/"}]}},"featured_image_urls":{"full":["https:\/\/apuntesdesanluis.com\/wp-content\/uploads\/2024\/03\/POGGI-CON-APUNTES.png",761,455,false],"thumbnail":["https:\/\/apuntesdesanluis.com\/wp-content\/uploads\/2024\/03\/POGGI-CON-APUNTES-150x150.png",150,150,true],"medium":["https:\/\/apuntesdesanluis.com\/wp-content\/uploads\/2024\/03\/POGGI-CON-APUNTES-300x179.png",300,179,true],"medium_large":["https:\/\/apuntesdesanluis.com\/wp-content\/uploads\/2024\/03\/POGGI-CON-APUNTES.png",640,383,false],"large":["https:\/\/apuntesdesanluis.com\/wp-content\/uploads\/2024\/03\/POGGI-CON-APUNTES.png",640,383,false],"1536x1536":["https:\/\/apuntesdesanluis.com\/wp-content\/uploads\/2024\/03\/POGGI-CON-APUNTES.png",761,455,false],"2048x2048":["https:\/\/apuntesdesanluis.com\/wp-content\/uploads\/2024\/03\/POGGI-CON-APUNTES.png",761,455,false],"newsever-slider-full":["https:\/\/apuntesdesanluis.com\/wp-content\/uploads\/2024\/03\/POGGI-CON-APUNTES.png",761,455,false],"newsever-featured":["https:\/\/apuntesdesanluis.com\/wp-content\/uploads\/2024\/03\/POGGI-CON-APUNTES.png",761,455,false],"newsever-medium":["https:\/\/apuntesdesanluis.com\/wp-content\/uploads\/2024\/03\/POGGI-CON-APUNTES-720x455.png",720,455,true]},"author_info":{"display_name":"apuntesdesanluis.com","author_link":"https:\/\/apuntesdesanluis.com\/index.php\/author\/apuntesdesanluis-com\/"},"category_info":"<a href=\"https:\/\/apuntesdesanluis.com\/index.php\/category\/ciudad-provincia\/\" rel=\"category tag\">Ciudad\/Provincia<\/a>","tag_info":"Ciudad\/Provincia","comment_count":"0","_links":{"self":[{"href":"https:\/\/apuntesdesanluis.com\/index.php\/wp-json\/wp\/v2\/posts\/12921","targetHints":{"allow":["GET"]}}],"collection":[{"href":"https:\/\/apuntesdesanluis.com\/index.php\/wp-json\/wp\/v2\/posts"}],"about":[{"href":"https:\/\/apuntesdesanluis.com\/index.php\/wp-json\/wp\/v2\/types\/post"}],"author":[{"embeddable":true,"href":"https:\/\/apuntesdesanluis.com\/index.php\/wp-json\/wp\/v2\/users\/1"}],"replies":[{"embeddable":true,"href":"https:\/\/apuntesdesanluis.com\/index.php\/wp-json\/wp\/v2\/comments?post=12921"}],"version-history":[{"count":1,"href":"https:\/\/apuntesdesanluis.com\/index.php\/wp-json\/wp\/v2\/posts\/12921\/revisions"}],"predecessor-version":[{"id":12923,"href":"https:\/\/apuntesdesanluis.com\/index.php\/wp-json\/wp\/v2\/posts\/12921\/revisions\/12923"}],"wp:featuredmedia":[{"embeddable":true,"href":"https:\/\/apuntesdesanluis.com\/index.php\/wp-json\/wp\/v2\/media\/12922"}],"wp:attachment":[{"href":"https:\/\/apuntesdesanluis.com\/index.php\/wp-json\/wp\/v2\/media?parent=12921"}],"wp:term":[{"taxonomy":"category","embeddable":true,"href":"https:\/\/apuntesdesanluis.com\/index.php\/wp-json\/wp\/v2\/categories?post=12921"},{"taxonomy":"post_tag","embeddable":true,"href":"https:\/\/apuntesdesanluis.com\/index.php\/wp-json\/wp\/v2\/tags?post=12921"}],"curies":[{"name":"wp","href":"https:\/\/api.w.org\/{rel}","templated":true}]}}