{"id":12936,"date":"2024-03-09T20:14:01","date_gmt":"2024-03-09T23:14:01","guid":{"rendered":"https:\/\/apuntesdesanluis.com\/?p=12936"},"modified":"2024-03-10T11:14:58","modified_gmt":"2024-03-10T14:14:58","slug":"choco-lo-internaron-y-despues-descubrieron-que-la-camioneta-era-robada","status":"publish","type":"post","link":"https:\/\/apuntesdesanluis.com\/index.php\/2024\/03\/09\/choco-lo-internaron-y-despues-descubrieron-que-la-camioneta-era-robada\/","title":{"rendered":"CHOC\u00d3, LO INTERNARON Y DESPU\u00c9S DESCUBRIERON QUE LA CAMIONETA ERA ROBADA"},"content":{"rendered":"<h3>El hecho ocurri\u00f3 este s\u00e1bado, en horas de la madrugada, cuando se produjo un accidente de tr\u00e1nsito en las inmediaciones de calles Belgrano y Tacuar\u00ed, en la ciudad de San Luis.<\/h3>\n<h3>El conductor de una camioneta Ford Ranger circulaba por Tacuar\u00ed, y tras cruzar la intersecci\u00f3n con calle Belgrano impact\u00f3 contra un domicilio, provocando da\u00f1os en el frente de la vivienda. A ra\u00edz del siniestro, el hombre que conduc\u00eda la camioneta -de 25 a\u00f1os de edad- fue trasladado al Hospital Central \u201cDr. Ram\u00f3n Carrillo\u201d para ser atendido.<\/h3>\n<h3>En horas de la ma\u00f1ana, un hombre de 27 a\u00f1os de edad se hizo presente en la Comisar\u00eda 4\u00b0, denunciando que le hab\u00edan sustra\u00eddo su camioneta, la cual hab\u00eda dejado estacionada desde la noche del viernes en una calle interna del barrio Procrear.<\/h3>\n<h3>Ante esto, los uniformados le mostraron una fotograf\u00eda del veh\u00edculo que hab\u00eda protagonizado el accidente en horas de la madrugada, y el hombre afirm\u00f3 que esa camioneta era de su propiedad.<\/h3>\n<h3>En ese marco, se envi\u00f3 al personal policial de guardia para que efect\u00fae la custodia del conductor que hab\u00eda sido trasladado al Hospital \u201cDr. Ram\u00f3n Carrillo\u201d, ya que se encontraba fuera de peligro, en sala com\u00fan, con algunas heridas.<\/h3>\n<h3>En la causa tom\u00f3 intervenci\u00f3n la Fiscal\u00eda de Instrucci\u00f3n N\u00b0 3 de la Primera Circunscripci\u00f3n Judicial, cuya fiscal adjunta de turno, Dra. Marisol Boschi, orden\u00f3 la detenci\u00f3n del delincuente tras ser dado de alta.<\/h3>\n","protected":false},"excerpt":{"rendered":"<p>El hecho ocurri\u00f3 este s\u00e1bado, en horas de la madrugada, cuando se produjo un accidente&#8230;<\/p>\n","protected":false},"author":1,"featured_media":12937,"comment_status":"closed","ping_status":"closed","sticky":false,"template":"","format":"standard","meta":{"footnotes":""},"categories":[6],"tags":[],"class_list":["post-12936","post","type-post","status-publish","format-standard","has-post-thumbnail","hentry","category-ciudad-provincia"],"yoast_head":"<!-- This site is optimized with the Yoast SEO plugin v26.1.1 - https:\/\/yoast.com\/wordpress\/plugins\/seo\/ -->\n<title>CHOC\u00d3, LO INTERNARON Y DESPU\u00c9S DESCUBRIERON QUE LA CAMIONETA ERA ROBADA - Apuntes de San Luis<\/title>\n<meta name=\"robots\" content=\"index, follow, max-snippet:-1, max-image-preview:large, max-video-preview:-1\" \/>\n<link rel=\"canonical\" href=\"https:\/\/apuntesdesanluis.com\/index.php\/2024\/03\/09\/choco-lo-internaron-y-despues-descubrieron-que-la-camioneta-era-robada\/\" \/>\n<meta property=\"og:locale\" content=\"es_ES\" \/>\n<meta property=\"og:type\" content=\"article\" \/>\n<meta property=\"og:title\" content=\"CHOC\u00d3, LO INTERNARON Y DESPU\u00c9S DESCUBRIERON QUE LA CAMIONETA ERA ROBADA - Apuntes de San Luis\" \/>\n<meta property=\"og:description\" content=\"El hecho ocurri\u00f3 este s\u00e1bado, en horas de la madrugada, cuando se produjo un accidente...\" \/>\n<meta property=\"og:url\" content=\"https:\/\/apuntesdesanluis.com\/index.php\/2024\/03\/09\/choco-lo-internaron-y-despues-descubrieron-que-la-camioneta-era-robada\/\" \/>\n<meta property=\"og:site_name\" content=\"Apuntes de San Luis\" \/>\n<meta property=\"article:published_time\" content=\"2024-03-09T23:14:01+00:00\" \/>\n<meta property=\"article:modified_time\" content=\"2024-03-10T14:14:58+00:00\" \/>\n<meta property=\"og:image\" content=\"https:\/\/apuntesdesanluis.com\/wp-content\/uploads\/2024\/03\/camioneta.jpg\" \/>\n\t<meta property=\"og:image:width\" content=\"600\" \/>\n\t<meta property=\"og:image:height\" content=\"380\" \/>\n\t<meta property=\"og:image:type\" content=\"image\/jpeg\" \/>\n<meta name=\"author\" content=\"apuntesdesanluis.com\" \/>\n<meta name=\"twitter:card\" content=\"summary_large_image\" \/>\n<meta name=\"twitter:label1\" content=\"Escrito por\" \/>\n\t<meta name=\"twitter:data1\" content=\"apuntesdesanluis.com\" \/>\n\t<meta name=\"twitter:label2\" content=\"Tiempo de lectura\" \/>\n\t<meta name=\"twitter:data2\" content=\"2 minutos\" \/>\n<script type=\"application\/ld+json\" class=\"yoast-schema-graph\">{\"@context\":\"https:\/\/schema.org\",\"@graph\":[{\"@type\":\"Article\",\"@id\":\"https:\/\/apuntesdesanluis.com\/index.php\/2024\/03\/09\/choco-lo-internaron-y-despues-descubrieron-que-la-camioneta-era-robada\/#article\",\"isPartOf\":{\"@id\":\"https:\/\/apuntesdesanluis.com\/index.php\/2024\/03\/09\/choco-lo-internaron-y-despues-descubrieron-que-la-camioneta-era-robada\/\"},\"author\":{\"name\":\"apuntesdesanluis.com\",\"@id\":\"https:\/\/apuntesdesanluis.com\/#\/schema\/person\/b55151d52296fcce64d1a72538a70b90\"},\"headline\":\"CHOC\u00d3, LO INTERNARON Y DESPU\u00c9S DESCUBRIERON QUE LA CAMIONETA ERA ROBADA\",\"datePublished\":\"2024-03-09T23:14:01+00:00\",\"dateModified\":\"2024-03-10T14:14:58+00:00\",\"mainEntityOfPage\":{\"@id\":\"https:\/\/apuntesdesanluis.com\/index.php\/2024\/03\/09\/choco-lo-internaron-y-despues-descubrieron-que-la-camioneta-era-robada\/\"},\"wordCount\":268,\"publisher\":{\"@id\":\"https:\/\/apuntesdesanluis.com\/#\/schema\/person\/b55151d52296fcce64d1a72538a70b90\"},\"image\":{\"@id\":\"https:\/\/apuntesdesanluis.com\/index.php\/2024\/03\/09\/choco-lo-internaron-y-despues-descubrieron-que-la-camioneta-era-robada\/#primaryimage\"},\"thumbnailUrl\":\"https:\/\/apuntesdesanluis.com\/wp-content\/uploads\/2024\/03\/camioneta.jpg\",\"articleSection\":[\"Ciudad\/Provincia\"],\"inLanguage\":\"es-AR\"},{\"@type\":\"WebPage\",\"@id\":\"https:\/\/apuntesdesanluis.com\/index.php\/2024\/03\/09\/choco-lo-internaron-y-despues-descubrieron-que-la-camioneta-era-robada\/\",\"url\":\"https:\/\/apuntesdesanluis.com\/index.php\/2024\/03\/09\/choco-lo-internaron-y-despues-descubrieron-que-la-camioneta-era-robada\/\",\"name\":\"CHOC\u00d3, LO INTERNARON Y DESPU\u00c9S DESCUBRIERON QUE LA CAMIONETA ERA ROBADA - Apuntes de San Luis\",\"isPartOf\":{\"@id\":\"https:\/\/apuntesdesanluis.com\/#website\"},\"primaryImageOfPage\":{\"@id\":\"https:\/\/apuntesdesanluis.com\/index.php\/2024\/03\/09\/choco-lo-internaron-y-despues-descubrieron-que-la-camioneta-era-robada\/#primaryimage\"},\"image\":{\"@id\":\"https:\/\/apuntesdesanluis.com\/index.php\/2024\/03\/09\/choco-lo-internaron-y-despues-descubrieron-que-la-camioneta-era-robada\/#primaryimage\"},\"thumbnailUrl\":\"https:\/\/apuntesdesanluis.com\/wp-content\/uploads\/2024\/03\/camioneta.jpg\",\"datePublished\":\"2024-03-09T23:14:01+00:00\",\"dateModified\":\"2024-03-10T14:14:58+00:00\",\"breadcrumb\":{\"@id\":\"https:\/\/apuntesdesanluis.com\/index.php\/2024\/03\/09\/choco-lo-internaron-y-despues-descubrieron-que-la-camioneta-era-robada\/#breadcrumb\"},\"inLanguage\":\"es-AR\",\"potentialAction\":[{\"@type\":\"ReadAction\",\"target\":[\"https:\/\/apuntesdesanluis.com\/index.php\/2024\/03\/09\/choco-lo-internaron-y-despues-descubrieron-que-la-camioneta-era-robada\/\"]}]},{\"@type\":\"ImageObject\",\"inLanguage\":\"es-AR\",\"@id\":\"https:\/\/apuntesdesanluis.com\/index.php\/2024\/03\/09\/choco-lo-internaron-y-despues-descubrieron-que-la-camioneta-era-robada\/#primaryimage\",\"url\":\"https:\/\/apuntesdesanluis.com\/wp-content\/uploads\/2024\/03\/camioneta.jpg\",\"contentUrl\":\"https:\/\/apuntesdesanluis.com\/wp-content\/uploads\/2024\/03\/camioneta.jpg\",\"width\":600,\"height\":380},{\"@type\":\"BreadcrumbList\",\"@id\":\"https:\/\/apuntesdesanluis.com\/index.php\/2024\/03\/09\/choco-lo-internaron-y-despues-descubrieron-que-la-camioneta-era-robada\/#breadcrumb\",\"itemListElement\":[{\"@type\":\"ListItem\",\"position\":1,\"name\":\"Inicio\",\"item\":\"https:\/\/apuntesdesanluis.com\/\"},{\"@type\":\"ListItem\",\"position\":2,\"name\":\"CHOC\u00d3, LO INTERNARON Y DESPU\u00c9S DESCUBRIERON QUE LA CAMIONETA ERA ROBADA\"}]},{\"@type\":\"WebSite\",\"@id\":\"https:\/\/apuntesdesanluis.com\/#website\",\"url\":\"https:\/\/apuntesdesanluis.com\/\",\"name\":\"Apuntes de San Luis\",\"description\":\"\",\"publisher\":{\"@id\":\"https:\/\/apuntesdesanluis.com\/#\/schema\/person\/b55151d52296fcce64d1a72538a70b90\"},\"potentialAction\":[{\"@type\":\"SearchAction\",\"target\":{\"@type\":\"EntryPoint\",\"urlTemplate\":\"https:\/\/apuntesdesanluis.com\/?s={search_term_string}\"},\"query-input\":{\"@type\":\"PropertyValueSpecification\",\"valueRequired\":true,\"valueName\":\"search_term_string\"}}],\"inLanguage\":\"es-AR\"},{\"@type\":[\"Person\",\"Organization\"],\"@id\":\"https:\/\/apuntesdesanluis.com\/#\/schema\/person\/b55151d52296fcce64d1a72538a70b90\",\"name\":\"apuntesdesanluis.com\",\"image\":{\"@type\":\"ImageObject\",\"inLanguage\":\"es-AR\",\"@id\":\"https:\/\/apuntesdesanluis.com\/#\/schema\/person\/image\/\",\"url\":\"https:\/\/apuntesdesanluis.com\/wp-content\/uploads\/2023\/07\/cropped-apuntesdesanluis.png\",\"contentUrl\":\"https:\/\/apuntesdesanluis.com\/wp-content\/uploads\/2023\/07\/cropped-apuntesdesanluis.png\",\"width\":450,\"height\":112,\"caption\":\"apuntesdesanluis.com\"},\"logo\":{\"@id\":\"https:\/\/apuntesdesanluis.com\/#\/schema\/person\/image\/\"},\"sameAs\":[\"https:\/\/apuntesdesanluis.com\"],\"url\":\"https:\/\/apuntesdesanluis.com\/index.php\/author\/apuntesdesanluis-com\/\"}]}<\/script>\n<!-- \/ Yoast SEO plugin. -->","yoast_head_json":{"title":"CHOC\u00d3, LO INTERNARON Y DESPU\u00c9S DESCUBRIERON QUE LA CAMIONETA ERA ROBADA - Apuntes de San Luis","robots":{"index":"index","follow":"follow","max-snippet":"max-snippet:-1","max-image-preview":"max-image-preview:large","max-video-preview":"max-video-preview:-1"},"canonical":"https:\/\/apuntesdesanluis.com\/index.php\/2024\/03\/09\/choco-lo-internaron-y-despues-descubrieron-que-la-camioneta-era-robada\/","og_locale":"es_ES","og_type":"article","og_title":"CHOC\u00d3, LO INTERNARON Y DESPU\u00c9S DESCUBRIERON QUE LA CAMIONETA ERA ROBADA - Apuntes de San Luis","og_description":"El hecho ocurri\u00f3 este s\u00e1bado, en horas de la madrugada, cuando se produjo un accidente...","og_url":"https:\/\/apuntesdesanluis.com\/index.php\/2024\/03\/09\/choco-lo-internaron-y-despues-descubrieron-que-la-camioneta-era-robada\/","og_site_name":"Apuntes de San Luis","article_published_time":"2024-03-09T23:14:01+00:00","article_modified_time":"2024-03-10T14:14:58+00:00","og_image":[{"width":600,"height":380,"url":"https:\/\/apuntesdesanluis.com\/wp-content\/uploads\/2024\/03\/camioneta.jpg","type":"image\/jpeg"}],"author":"apuntesdesanluis.com","twitter_card":"summary_large_image","twitter_misc":{"Escrito por":"apuntesdesanluis.com","Tiempo de lectura":"2 minutos"},"schema":{"@context":"https:\/\/schema.org","@graph":[{"@type":"Article","@id":"https:\/\/apuntesdesanluis.com\/index.php\/2024\/03\/09\/choco-lo-internaron-y-despues-descubrieron-que-la-camioneta-era-robada\/#article","isPartOf":{"@id":"https:\/\/apuntesdesanluis.com\/index.php\/2024\/03\/09\/choco-lo-internaron-y-despues-descubrieron-que-la-camioneta-era-robada\/"},"author":{"name":"apuntesdesanluis.com","@id":"https:\/\/apuntesdesanluis.com\/#\/schema\/person\/b55151d52296fcce64d1a72538a70b90"},"headline":"CHOC\u00d3, LO INTERNARON Y DESPU\u00c9S DESCUBRIERON QUE LA CAMIONETA ERA ROBADA","datePublished":"2024-03-09T23:14:01+00:00","dateModified":"2024-03-10T14:14:58+00:00","mainEntityOfPage":{"@id":"https:\/\/apuntesdesanluis.com\/index.php\/2024\/03\/09\/choco-lo-internaron-y-despues-descubrieron-que-la-camioneta-era-robada\/"},"wordCount":268,"publisher":{"@id":"https:\/\/apuntesdesanluis.com\/#\/schema\/person\/b55151d52296fcce64d1a72538a70b90"},"image":{"@id":"https:\/\/apuntesdesanluis.com\/index.php\/2024\/03\/09\/choco-lo-internaron-y-despues-descubrieron-que-la-camioneta-era-robada\/#primaryimage"},"thumbnailUrl":"https:\/\/apuntesdesanluis.com\/wp-content\/uploads\/2024\/03\/camioneta.jpg","articleSection":["Ciudad\/Provincia"],"inLanguage":"es-AR"},{"@type":"WebPage","@id":"https:\/\/apuntesdesanluis.com\/index.php\/2024\/03\/09\/choco-lo-internaron-y-despues-descubrieron-que-la-camioneta-era-robada\/","url":"https:\/\/apuntesdesanluis.com\/index.php\/2024\/03\/09\/choco-lo-internaron-y-despues-descubrieron-que-la-camioneta-era-robada\/","name":"CHOC\u00d3, LO INTERNARON Y DESPU\u00c9S DESCUBRIERON QUE LA CAMIONETA ERA ROBADA - Apuntes de San Luis","isPartOf":{"@id":"https:\/\/apuntesdesanluis.com\/#website"},"primaryImageOfPage":{"@id":"https:\/\/apuntesdesanluis.com\/index.php\/2024\/03\/09\/choco-lo-internaron-y-despues-descubrieron-que-la-camioneta-era-robada\/#primaryimage"},"image":{"@id":"https:\/\/apuntesdesanluis.com\/index.php\/2024\/03\/09\/choco-lo-internaron-y-despues-descubrieron-que-la-camioneta-era-robada\/#primaryimage"},"thumbnailUrl":"https:\/\/apuntesdesanluis.com\/wp-content\/uploads\/2024\/03\/camioneta.jpg","datePublished":"2024-03-09T23:14:01+00:00","dateModified":"2024-03-10T14:14:58+00:00","breadcrumb":{"@id":"https:\/\/apuntesdesanluis.com\/index.php\/2024\/03\/09\/choco-lo-internaron-y-despues-descubrieron-que-la-camioneta-era-robada\/#breadcrumb"},"inLanguage":"es-AR","potentialAction":[{"@type":"ReadAction","target":["https:\/\/apuntesdesanluis.com\/index.php\/2024\/03\/09\/choco-lo-internaron-y-despues-descubrieron-que-la-camioneta-era-robada\/"]}]},{"@type":"ImageObject","inLanguage":"es-AR","@id":"https:\/\/apuntesdesanluis.com\/index.php\/2024\/03\/09\/choco-lo-internaron-y-despues-descubrieron-que-la-camioneta-era-robada\/#primaryimage","url":"https:\/\/apuntesdesanluis.com\/wp-content\/uploads\/2024\/03\/camioneta.jpg","contentUrl":"https:\/\/apuntesdesanluis.com\/wp-content\/uploads\/2024\/03\/camioneta.jpg","width":600,"height":380},{"@type":"BreadcrumbList","@id":"https:\/\/apuntesdesanluis.com\/index.php\/2024\/03\/09\/choco-lo-internaron-y-despues-descubrieron-que-la-camioneta-era-robada\/#breadcrumb","itemListElement":[{"@type":"ListItem","position":1,"name":"Inicio","item":"https:\/\/apuntesdesanluis.com\/"},{"@type":"ListItem","position":2,"name":"CHOC\u00d3, LO INTERNARON Y DESPU\u00c9S DESCUBRIERON QUE LA CAMIONETA ERA ROBADA"}]},{"@type":"WebSite","@id":"https:\/\/apuntesdesanluis.com\/#website","url":"https:\/\/apuntesdesanluis.com\/","name":"Apuntes de San Luis","description":"","publisher":{"@id":"https:\/\/apuntesdesanluis.com\/#\/schema\/person\/b55151d52296fcce64d1a72538a70b90"},"potentialAction":[{"@type":"SearchAction","target":{"@type":"EntryPoint","urlTemplate":"https:\/\/apuntesdesanluis.com\/?s={search_term_string}"},"query-input":{"@type":"PropertyValueSpecification","valueRequired":true,"valueName":"search_term_string"}}],"inLanguage":"es-AR"},{"@type":["Person","Organization"],"@id":"https:\/\/apuntesdesanluis.com\/#\/schema\/person\/b55151d52296fcce64d1a72538a70b90","name":"apuntesdesanluis.com","image":{"@type":"ImageObject","inLanguage":"es-AR","@id":"https:\/\/apuntesdesanluis.com\/#\/schema\/person\/image\/","url":"https:\/\/apuntesdesanluis.com\/wp-content\/uploads\/2023\/07\/cropped-apuntesdesanluis.png","contentUrl":"https:\/\/apuntesdesanluis.com\/wp-content\/uploads\/2023\/07\/cropped-apuntesdesanluis.png","width":450,"height":112,"caption":"apuntesdesanluis.com"},"logo":{"@id":"https:\/\/apuntesdesanluis.com\/#\/schema\/person\/image\/"},"sameAs":["https:\/\/apuntesdesanluis.com"],"url":"https:\/\/apuntesdesanluis.com\/index.php\/author\/apuntesdesanluis-com\/"}]}},"featured_image_urls":{"full":["https:\/\/apuntesdesanluis.com\/wp-content\/uploads\/2024\/03\/camioneta.jpg",600,380,false],"thumbnail":["https:\/\/apuntesdesanluis.com\/wp-content\/uploads\/2024\/03\/camioneta-150x150.jpg",150,150,true],"medium":["https:\/\/apuntesdesanluis.com\/wp-content\/uploads\/2024\/03\/camioneta-300x190.jpg",300,190,true],"medium_large":["https:\/\/apuntesdesanluis.com\/wp-content\/uploads\/2024\/03\/camioneta.jpg",600,380,false],"large":["https:\/\/apuntesdesanluis.com\/wp-content\/uploads\/2024\/03\/camioneta.jpg",600,380,false],"1536x1536":["https:\/\/apuntesdesanluis.com\/wp-content\/uploads\/2024\/03\/camioneta.jpg",600,380,false],"2048x2048":["https:\/\/apuntesdesanluis.com\/wp-content\/uploads\/2024\/03\/camioneta.jpg",600,380,false],"newsever-slider-full":["https:\/\/apuntesdesanluis.com\/wp-content\/uploads\/2024\/03\/camioneta.jpg",600,380,false],"newsever-featured":["https:\/\/apuntesdesanluis.com\/wp-content\/uploads\/2024\/03\/camioneta.jpg",600,380,false],"newsever-medium":["https:\/\/apuntesdesanluis.com\/wp-content\/uploads\/2024\/03\/camioneta.jpg",600,380,false]},"author_info":{"display_name":"apuntesdesanluis.com","author_link":"https:\/\/apuntesdesanluis.com\/index.php\/author\/apuntesdesanluis-com\/"},"category_info":"<a href=\"https:\/\/apuntesdesanluis.com\/index.php\/category\/ciudad-provincia\/\" rel=\"category tag\">Ciudad\/Provincia<\/a>","tag_info":"Ciudad\/Provincia","comment_count":"0","_links":{"self":[{"href":"https:\/\/apuntesdesanluis.com\/index.php\/wp-json\/wp\/v2\/posts\/12936","targetHints":{"allow":["GET"]}}],"collection":[{"href":"https:\/\/apuntesdesanluis.com\/index.php\/wp-json\/wp\/v2\/posts"}],"about":[{"href":"https:\/\/apuntesdesanluis.com\/index.php\/wp-json\/wp\/v2\/types\/post"}],"author":[{"embeddable":true,"href":"https:\/\/apuntesdesanluis.com\/index.php\/wp-json\/wp\/v2\/users\/1"}],"replies":[{"embeddable":true,"href":"https:\/\/apuntesdesanluis.com\/index.php\/wp-json\/wp\/v2\/comments?post=12936"}],"version-history":[{"count":1,"href":"https:\/\/apuntesdesanluis.com\/index.php\/wp-json\/wp\/v2\/posts\/12936\/revisions"}],"predecessor-version":[{"id":12938,"href":"https:\/\/apuntesdesanluis.com\/index.php\/wp-json\/wp\/v2\/posts\/12936\/revisions\/12938"}],"wp:featuredmedia":[{"embeddable":true,"href":"https:\/\/apuntesdesanluis.com\/index.php\/wp-json\/wp\/v2\/media\/12937"}],"wp:attachment":[{"href":"https:\/\/apuntesdesanluis.com\/index.php\/wp-json\/wp\/v2\/media?parent=12936"}],"wp:term":[{"taxonomy":"category","embeddable":true,"href":"https:\/\/apuntesdesanluis.com\/index.php\/wp-json\/wp\/v2\/categories?post=12936"},{"taxonomy":"post_tag","embeddable":true,"href":"https:\/\/apuntesdesanluis.com\/index.php\/wp-json\/wp\/v2\/tags?post=12936"}],"curies":[{"name":"wp","href":"https:\/\/api.w.org\/{rel}","templated":true}]}}