{"id":12957,"date":"2024-03-10T19:13:48","date_gmt":"2024-03-10T22:13:48","guid":{"rendered":"https:\/\/apuntesdesanluis.com\/?p=12957"},"modified":"2024-03-10T19:13:48","modified_gmt":"2024-03-10T22:13:48","slug":"bullrich-y-petri-viajan-a-rosario-para-brindar-una-conferencia-de-prensa-con-maximiliano-pullaro-y-pablo-javkin","status":"publish","type":"post","link":"https:\/\/apuntesdesanluis.com\/index.php\/2024\/03\/10\/bullrich-y-petri-viajan-a-rosario-para-brindar-una-conferencia-de-prensa-con-maximiliano-pullaro-y-pablo-javkin\/","title":{"rendered":"BULLRICH Y PETRI VIAJAN A ROSARIO PARA BRINDAR UNA CONFERENCIA DE PRENSA CON MAXIMILIANO PULLARO Y PABLO JAVKIN"},"content":{"rendered":"<h3>En medio de la ola de inseguridad y m\u00faltiples asesinatos en Rosario en manos de sicarios y narcotraficantes, los ministros de Seguridad, <strong>Patricia Bullrich<\/strong>, y de Defensa, <strong>Luis Petri<\/strong>, viajar\u00e1n en las pr\u00f3ximas horas a esa ciudad para supervisar el comienzo de las operaciones del comit\u00e9 de crisis creado por el gobierno nacional y provincial, para tratar de controlar la situaci\u00f3n.<\/h3>\n<h3>Los funcionarios tienen previsto encabezar una conferencia de prensa cerca de las 10:30, poco despu\u00e9s de arribados a Santa Fe, junto al gobernador e intendente local, <strong>Maximiliano Pullaro<\/strong> y <strong>Pablo Javkin<\/strong>, respectivamente, y a varias autoridades policiales.<\/h3>\n<h3>El objetivo del evento es anunciar oficialmente las medidas que se van a llevar adelante para \u201cenfrentar a la mafia del narcotr\u00e1fico y a los sicarios que instauraron un r\u00e9gimen de muerte y terror\u201d, seg\u00fan calific\u00f3 la Oficina del Presidente, a trav\u00e9s de un comunicado.<\/h3>\n<h3>\u201cEl presidente Javier Milei me asign\u00f3 la responsabilidad de dar asistencia operativa junto a las Fuerzas Armadas en Rosario. Por eso, ma\u00f1ana voy a estar en esa ciudad para comunicar las acciones a emprender. Que quede claro: no vamos a dejar que los rosarinos queden a merced de los narcotraficantes\u201d, sostuvo Petri.<\/h3>\n<h3>La decisi\u00f3n de que ambos ministros viajen para acompa\u00f1ar al mandatario santafesino en este momento, se dio luego de que se anunciara la conformaci\u00f3n de este nuevo Comit\u00e9 de Crisis, que tendr\u00e1 el objetivo de intervenir la ciudad, donde en los \u00faltimos cuatro d\u00edas se produjeron al menos un muerto por jornada en hechos violentos.<\/h3>\n<h3>Recientemente, se conoci\u00f3 el asesinato de Bruno Bussanich, un playero de 25 a\u00f1os, que se sum\u00f3 al de los taxistas Diego Alejandro Celentano y H\u00e9ctor Ra\u00fal Figueroa, y al ataque a balazos contra el chofer de troleb\u00fas Marcos Iv\u00e1n Daloia.<\/h3>\n<h3>El objetivo de todos los ataques ser\u00eda generar conmoci\u00f3n, en reprimenda por las requisas en las c\u00e1rceles de la provincia y las r\u00edgidas medidas que tom\u00f3 el gobernador con las visitas de los presos de alto perfil.<\/h3>\n<h3>En las \u00faltimas horas, apareci\u00f3 un mensaje mafioso, escrito en birome, sobre una hoja rajada escolar: \u201cEsta guerra no es por el territorio, es contra Pullaro y (Pablo) Cococcioni\u201d, comienza diciendo la nueva amenaza del crimen organizado contra el gobernador y su ministro de seguridad y contin\u00faa: \u201cAs\u00ed como nosotros llegamos a 300 muertos, estando unidos vamos a matar a m\u00e1s inocentes por a\u00f1o\u201d.<\/h3>\n<h3>Por pedido expreso del mandatario, la Polic\u00eda Federal, la Gendarmer\u00eda Nacional, la Prefectura Naval, la Polic\u00eda de Seguridad Aeroportuaria y el Servicio Penitenciario asistir\u00e1n a la Polic\u00eda de Santa Fe, mientras que las Fuerzas Armadas \u201chan sido facultadas para otorgar asistencia en las operaciones\u201d.<\/h3>\n<h3>Por su parte, la administraci\u00f3n de Pullaro tambi\u00e9n emiti\u00f3 un comunicado, en el que sostuvo que los criminales \u201cno act\u00faan contra un gobierno\u201d, sino que \u201dest\u00e1n en contra de todos los rosarinos y los santafesinos en general\u201d.<\/h3>\n<h3>\u00a0\u201cLos ide\u00f3logos y ejecutores de estos hechos, que no dudamos en calificar como terroristas, pretenden recuperar los privilegios que ten\u00edan las organizaciones criminales dentro de las c\u00e1rceles: quieren recuperar el delivery, tener celulares, visitas \u00edntimas ilimitadas, y sobre todo organizar y cometer delitos desde la c\u00e1rcel\u201d, se\u00f1al\u00f3 el texto.<\/h3>\n<h3>Entre las medidas que ya tom\u00f3 la gobernaci\u00f3n, se destacan:<\/h3>\n<ul>\n<li>\n<h3>Triplicar la acci\u00f3n operativa de las fuerzas de seguridad en el territorio.<\/h3>\n<\/li>\n<li>\n<h3>Acciones operativas focalizadas en zonas vinculadas a las investigaciones en curso.<\/h3>\n<\/li>\n<li>\n<h3>Operativos de saturaci\u00f3n.<\/h3>\n<\/li>\n<li>\n<h3>Conformaci\u00f3n de un equipo especial de investigaciones con miembros de distintas unidades de fiscal\u00eda.<\/h3>\n<\/li>\n<li>\n<h3>Incremento del personal policial cubriendo horas de servicio extraordinario.<\/h3>\n<\/li>\n<li>\n<h3>Refuerzo de las fuerzas federales y participaci\u00f3n de las Fuerzas Armadas en el apoyo log\u00edstico.<\/h3>\n<\/li>\n<li>\n<h3>Ampliaci\u00f3n de las recompensas para quienes aporten al esclarecimiento de los hechos.<\/h3>\n<\/li>\n<li>\n<h3>Intensificaci\u00f3n de los controles de veh\u00edculos y personas, para lo cual requerimos la predisposici\u00f3n de la ciudadan\u00eda.<\/h3>\n<\/li>\n<\/ul>\n<p>&nbsp;<\/p>\n<p>&nbsp;<\/p>\n<p>&nbsp;<\/p>\n<p>&nbsp;<\/p>\n<p>&nbsp;<\/p>\n<p>&nbsp;<\/p>\n<p>&nbsp;<\/p>\n","protected":false},"excerpt":{"rendered":"<p>En medio de la ola de inseguridad y m\u00faltiples asesinatos en Rosario en manos de&#8230;<\/p>\n","protected":false},"author":1,"featured_media":12958,"comment_status":"closed","ping_status":"closed","sticky":false,"template":"","format":"standard","meta":{"footnotes":""},"categories":[5],"tags":[],"class_list":["post-12957","post","type-post","status-publish","format-standard","has-post-thumbnail","hentry","category-nacionales-internacionales"],"yoast_head":"<!-- This site is optimized with the Yoast SEO plugin v26.1.1 - https:\/\/yoast.com\/wordpress\/plugins\/seo\/ -->\n<title>BULLRICH Y PETRI VIAJAN A ROSARIO PARA BRINDAR UNA CONFERENCIA DE PRENSA CON MAXIMILIANO PULLARO Y PABLO JAVKIN - Apuntes de San Luis<\/title>\n<meta name=\"robots\" content=\"index, follow, max-snippet:-1, max-image-preview:large, max-video-preview:-1\" \/>\n<link rel=\"canonical\" href=\"https:\/\/apuntesdesanluis.com\/index.php\/2024\/03\/10\/bullrich-y-petri-viajan-a-rosario-para-brindar-una-conferencia-de-prensa-con-maximiliano-pullaro-y-pablo-javkin\/\" \/>\n<meta property=\"og:locale\" content=\"es_ES\" \/>\n<meta property=\"og:type\" content=\"article\" \/>\n<meta property=\"og:title\" content=\"BULLRICH Y PETRI VIAJAN A ROSARIO PARA BRINDAR UNA CONFERENCIA DE PRENSA CON MAXIMILIANO PULLARO Y PABLO JAVKIN - Apuntes de San Luis\" \/>\n<meta property=\"og:description\" content=\"En medio de la ola de inseguridad y m\u00faltiples asesinatos en Rosario en manos de...\" \/>\n<meta property=\"og:url\" content=\"https:\/\/apuntesdesanluis.com\/index.php\/2024\/03\/10\/bullrich-y-petri-viajan-a-rosario-para-brindar-una-conferencia-de-prensa-con-maximiliano-pullaro-y-pablo-javkin\/\" \/>\n<meta property=\"og:site_name\" content=\"Apuntes de San Luis\" \/>\n<meta property=\"article:published_time\" content=\"2024-03-10T22:13:48+00:00\" \/>\n<meta property=\"og:image\" content=\"https:\/\/apuntesdesanluis.com\/wp-content\/uploads\/2024\/03\/bullrich-y-petri.png\" \/>\n\t<meta property=\"og:image:width\" content=\"696\" \/>\n\t<meta property=\"og:image:height\" content=\"437\" \/>\n\t<meta property=\"og:image:type\" content=\"image\/png\" \/>\n<meta name=\"author\" content=\"apuntesdesanluis.com\" \/>\n<meta name=\"twitter:card\" content=\"summary_large_image\" \/>\n<meta name=\"twitter:label1\" content=\"Escrito por\" \/>\n\t<meta name=\"twitter:data1\" content=\"apuntesdesanluis.com\" \/>\n\t<meta name=\"twitter:label2\" content=\"Tiempo de lectura\" \/>\n\t<meta name=\"twitter:data2\" content=\"3 minutos\" \/>\n<script type=\"application\/ld+json\" class=\"yoast-schema-graph\">{\"@context\":\"https:\/\/schema.org\",\"@graph\":[{\"@type\":\"Article\",\"@id\":\"https:\/\/apuntesdesanluis.com\/index.php\/2024\/03\/10\/bullrich-y-petri-viajan-a-rosario-para-brindar-una-conferencia-de-prensa-con-maximiliano-pullaro-y-pablo-javkin\/#article\",\"isPartOf\":{\"@id\":\"https:\/\/apuntesdesanluis.com\/index.php\/2024\/03\/10\/bullrich-y-petri-viajan-a-rosario-para-brindar-una-conferencia-de-prensa-con-maximiliano-pullaro-y-pablo-javkin\/\"},\"author\":{\"name\":\"apuntesdesanluis.com\",\"@id\":\"https:\/\/apuntesdesanluis.com\/#\/schema\/person\/b55151d52296fcce64d1a72538a70b90\"},\"headline\":\"BULLRICH Y PETRI VIAJAN A ROSARIO PARA BRINDAR UNA CONFERENCIA DE PRENSA CON MAXIMILIANO PULLARO Y PABLO JAVKIN\",\"datePublished\":\"2024-03-10T22:13:48+00:00\",\"mainEntityOfPage\":{\"@id\":\"https:\/\/apuntesdesanluis.com\/index.php\/2024\/03\/10\/bullrich-y-petri-viajan-a-rosario-para-brindar-una-conferencia-de-prensa-con-maximiliano-pullaro-y-pablo-javkin\/\"},\"wordCount\":698,\"publisher\":{\"@id\":\"https:\/\/apuntesdesanluis.com\/#\/schema\/person\/b55151d52296fcce64d1a72538a70b90\"},\"image\":{\"@id\":\"https:\/\/apuntesdesanluis.com\/index.php\/2024\/03\/10\/bullrich-y-petri-viajan-a-rosario-para-brindar-una-conferencia-de-prensa-con-maximiliano-pullaro-y-pablo-javkin\/#primaryimage\"},\"thumbnailUrl\":\"https:\/\/apuntesdesanluis.com\/wp-content\/uploads\/2024\/03\/bullrich-y-petri.png\",\"articleSection\":[\"Nacionales\/Internacionales\"],\"inLanguage\":\"es-AR\"},{\"@type\":\"WebPage\",\"@id\":\"https:\/\/apuntesdesanluis.com\/index.php\/2024\/03\/10\/bullrich-y-petri-viajan-a-rosario-para-brindar-una-conferencia-de-prensa-con-maximiliano-pullaro-y-pablo-javkin\/\",\"url\":\"https:\/\/apuntesdesanluis.com\/index.php\/2024\/03\/10\/bullrich-y-petri-viajan-a-rosario-para-brindar-una-conferencia-de-prensa-con-maximiliano-pullaro-y-pablo-javkin\/\",\"name\":\"BULLRICH Y PETRI VIAJAN A ROSARIO PARA BRINDAR UNA CONFERENCIA DE PRENSA CON MAXIMILIANO PULLARO Y PABLO JAVKIN - Apuntes de San Luis\",\"isPartOf\":{\"@id\":\"https:\/\/apuntesdesanluis.com\/#website\"},\"primaryImageOfPage\":{\"@id\":\"https:\/\/apuntesdesanluis.com\/index.php\/2024\/03\/10\/bullrich-y-petri-viajan-a-rosario-para-brindar-una-conferencia-de-prensa-con-maximiliano-pullaro-y-pablo-javkin\/#primaryimage\"},\"image\":{\"@id\":\"https:\/\/apuntesdesanluis.com\/index.php\/2024\/03\/10\/bullrich-y-petri-viajan-a-rosario-para-brindar-una-conferencia-de-prensa-con-maximiliano-pullaro-y-pablo-javkin\/#primaryimage\"},\"thumbnailUrl\":\"https:\/\/apuntesdesanluis.com\/wp-content\/uploads\/2024\/03\/bullrich-y-petri.png\",\"datePublished\":\"2024-03-10T22:13:48+00:00\",\"breadcrumb\":{\"@id\":\"https:\/\/apuntesdesanluis.com\/index.php\/2024\/03\/10\/bullrich-y-petri-viajan-a-rosario-para-brindar-una-conferencia-de-prensa-con-maximiliano-pullaro-y-pablo-javkin\/#breadcrumb\"},\"inLanguage\":\"es-AR\",\"potentialAction\":[{\"@type\":\"ReadAction\",\"target\":[\"https:\/\/apuntesdesanluis.com\/index.php\/2024\/03\/10\/bullrich-y-petri-viajan-a-rosario-para-brindar-una-conferencia-de-prensa-con-maximiliano-pullaro-y-pablo-javkin\/\"]}]},{\"@type\":\"ImageObject\",\"inLanguage\":\"es-AR\",\"@id\":\"https:\/\/apuntesdesanluis.com\/index.php\/2024\/03\/10\/bullrich-y-petri-viajan-a-rosario-para-brindar-una-conferencia-de-prensa-con-maximiliano-pullaro-y-pablo-javkin\/#primaryimage\",\"url\":\"https:\/\/apuntesdesanluis.com\/wp-content\/uploads\/2024\/03\/bullrich-y-petri.png\",\"contentUrl\":\"https:\/\/apuntesdesanluis.com\/wp-content\/uploads\/2024\/03\/bullrich-y-petri.png\",\"width\":696,\"height\":437},{\"@type\":\"BreadcrumbList\",\"@id\":\"https:\/\/apuntesdesanluis.com\/index.php\/2024\/03\/10\/bullrich-y-petri-viajan-a-rosario-para-brindar-una-conferencia-de-prensa-con-maximiliano-pullaro-y-pablo-javkin\/#breadcrumb\",\"itemListElement\":[{\"@type\":\"ListItem\",\"position\":1,\"name\":\"Inicio\",\"item\":\"https:\/\/apuntesdesanluis.com\/\"},{\"@type\":\"ListItem\",\"position\":2,\"name\":\"BULLRICH Y PETRI VIAJAN A ROSARIO PARA BRINDAR UNA CONFERENCIA DE PRENSA CON MAXIMILIANO PULLARO Y PABLO JAVKIN\"}]},{\"@type\":\"WebSite\",\"@id\":\"https:\/\/apuntesdesanluis.com\/#website\",\"url\":\"https:\/\/apuntesdesanluis.com\/\",\"name\":\"Apuntes de San Luis\",\"description\":\"\",\"publisher\":{\"@id\":\"https:\/\/apuntesdesanluis.com\/#\/schema\/person\/b55151d52296fcce64d1a72538a70b90\"},\"potentialAction\":[{\"@type\":\"SearchAction\",\"target\":{\"@type\":\"EntryPoint\",\"urlTemplate\":\"https:\/\/apuntesdesanluis.com\/?s={search_term_string}\"},\"query-input\":{\"@type\":\"PropertyValueSpecification\",\"valueRequired\":true,\"valueName\":\"search_term_string\"}}],\"inLanguage\":\"es-AR\"},{\"@type\":[\"Person\",\"Organization\"],\"@id\":\"https:\/\/apuntesdesanluis.com\/#\/schema\/person\/b55151d52296fcce64d1a72538a70b90\",\"name\":\"apuntesdesanluis.com\",\"image\":{\"@type\":\"ImageObject\",\"inLanguage\":\"es-AR\",\"@id\":\"https:\/\/apuntesdesanluis.com\/#\/schema\/person\/image\/\",\"url\":\"https:\/\/apuntesdesanluis.com\/wp-content\/uploads\/2023\/07\/cropped-apuntesdesanluis.png\",\"contentUrl\":\"https:\/\/apuntesdesanluis.com\/wp-content\/uploads\/2023\/07\/cropped-apuntesdesanluis.png\",\"width\":450,\"height\":112,\"caption\":\"apuntesdesanluis.com\"},\"logo\":{\"@id\":\"https:\/\/apuntesdesanluis.com\/#\/schema\/person\/image\/\"},\"sameAs\":[\"https:\/\/apuntesdesanluis.com\"],\"url\":\"https:\/\/apuntesdesanluis.com\/index.php\/author\/apuntesdesanluis-com\/\"}]}<\/script>\n<!-- \/ Yoast SEO plugin. -->","yoast_head_json":{"title":"BULLRICH Y PETRI VIAJAN A ROSARIO PARA BRINDAR UNA CONFERENCIA DE PRENSA CON MAXIMILIANO PULLARO Y PABLO JAVKIN - Apuntes de San Luis","robots":{"index":"index","follow":"follow","max-snippet":"max-snippet:-1","max-image-preview":"max-image-preview:large","max-video-preview":"max-video-preview:-1"},"canonical":"https:\/\/apuntesdesanluis.com\/index.php\/2024\/03\/10\/bullrich-y-petri-viajan-a-rosario-para-brindar-una-conferencia-de-prensa-con-maximiliano-pullaro-y-pablo-javkin\/","og_locale":"es_ES","og_type":"article","og_title":"BULLRICH Y PETRI VIAJAN A ROSARIO PARA BRINDAR UNA CONFERENCIA DE PRENSA CON MAXIMILIANO PULLARO Y PABLO JAVKIN - Apuntes de San Luis","og_description":"En medio de la ola de inseguridad y m\u00faltiples asesinatos en Rosario en manos de...","og_url":"https:\/\/apuntesdesanluis.com\/index.php\/2024\/03\/10\/bullrich-y-petri-viajan-a-rosario-para-brindar-una-conferencia-de-prensa-con-maximiliano-pullaro-y-pablo-javkin\/","og_site_name":"Apuntes de San Luis","article_published_time":"2024-03-10T22:13:48+00:00","og_image":[{"width":696,"height":437,"url":"https:\/\/apuntesdesanluis.com\/wp-content\/uploads\/2024\/03\/bullrich-y-petri.png","type":"image\/png"}],"author":"apuntesdesanluis.com","twitter_card":"summary_large_image","twitter_misc":{"Escrito por":"apuntesdesanluis.com","Tiempo de lectura":"3 minutos"},"schema":{"@context":"https:\/\/schema.org","@graph":[{"@type":"Article","@id":"https:\/\/apuntesdesanluis.com\/index.php\/2024\/03\/10\/bullrich-y-petri-viajan-a-rosario-para-brindar-una-conferencia-de-prensa-con-maximiliano-pullaro-y-pablo-javkin\/#article","isPartOf":{"@id":"https:\/\/apuntesdesanluis.com\/index.php\/2024\/03\/10\/bullrich-y-petri-viajan-a-rosario-para-brindar-una-conferencia-de-prensa-con-maximiliano-pullaro-y-pablo-javkin\/"},"author":{"name":"apuntesdesanluis.com","@id":"https:\/\/apuntesdesanluis.com\/#\/schema\/person\/b55151d52296fcce64d1a72538a70b90"},"headline":"BULLRICH Y PETRI VIAJAN A ROSARIO PARA BRINDAR UNA CONFERENCIA DE PRENSA CON MAXIMILIANO PULLARO Y PABLO JAVKIN","datePublished":"2024-03-10T22:13:48+00:00","mainEntityOfPage":{"@id":"https:\/\/apuntesdesanluis.com\/index.php\/2024\/03\/10\/bullrich-y-petri-viajan-a-rosario-para-brindar-una-conferencia-de-prensa-con-maximiliano-pullaro-y-pablo-javkin\/"},"wordCount":698,"publisher":{"@id":"https:\/\/apuntesdesanluis.com\/#\/schema\/person\/b55151d52296fcce64d1a72538a70b90"},"image":{"@id":"https:\/\/apuntesdesanluis.com\/index.php\/2024\/03\/10\/bullrich-y-petri-viajan-a-rosario-para-brindar-una-conferencia-de-prensa-con-maximiliano-pullaro-y-pablo-javkin\/#primaryimage"},"thumbnailUrl":"https:\/\/apuntesdesanluis.com\/wp-content\/uploads\/2024\/03\/bullrich-y-petri.png","articleSection":["Nacionales\/Internacionales"],"inLanguage":"es-AR"},{"@type":"WebPage","@id":"https:\/\/apuntesdesanluis.com\/index.php\/2024\/03\/10\/bullrich-y-petri-viajan-a-rosario-para-brindar-una-conferencia-de-prensa-con-maximiliano-pullaro-y-pablo-javkin\/","url":"https:\/\/apuntesdesanluis.com\/index.php\/2024\/03\/10\/bullrich-y-petri-viajan-a-rosario-para-brindar-una-conferencia-de-prensa-con-maximiliano-pullaro-y-pablo-javkin\/","name":"BULLRICH Y PETRI VIAJAN A ROSARIO PARA BRINDAR UNA CONFERENCIA DE PRENSA CON MAXIMILIANO PULLARO Y PABLO JAVKIN - Apuntes de San Luis","isPartOf":{"@id":"https:\/\/apuntesdesanluis.com\/#website"},"primaryImageOfPage":{"@id":"https:\/\/apuntesdesanluis.com\/index.php\/2024\/03\/10\/bullrich-y-petri-viajan-a-rosario-para-brindar-una-conferencia-de-prensa-con-maximiliano-pullaro-y-pablo-javkin\/#primaryimage"},"image":{"@id":"https:\/\/apuntesdesanluis.com\/index.php\/2024\/03\/10\/bullrich-y-petri-viajan-a-rosario-para-brindar-una-conferencia-de-prensa-con-maximiliano-pullaro-y-pablo-javkin\/#primaryimage"},"thumbnailUrl":"https:\/\/apuntesdesanluis.com\/wp-content\/uploads\/2024\/03\/bullrich-y-petri.png","datePublished":"2024-03-10T22:13:48+00:00","breadcrumb":{"@id":"https:\/\/apuntesdesanluis.com\/index.php\/2024\/03\/10\/bullrich-y-petri-viajan-a-rosario-para-brindar-una-conferencia-de-prensa-con-maximiliano-pullaro-y-pablo-javkin\/#breadcrumb"},"inLanguage":"es-AR","potentialAction":[{"@type":"ReadAction","target":["https:\/\/apuntesdesanluis.com\/index.php\/2024\/03\/10\/bullrich-y-petri-viajan-a-rosario-para-brindar-una-conferencia-de-prensa-con-maximiliano-pullaro-y-pablo-javkin\/"]}]},{"@type":"ImageObject","inLanguage":"es-AR","@id":"https:\/\/apuntesdesanluis.com\/index.php\/2024\/03\/10\/bullrich-y-petri-viajan-a-rosario-para-brindar-una-conferencia-de-prensa-con-maximiliano-pullaro-y-pablo-javkin\/#primaryimage","url":"https:\/\/apuntesdesanluis.com\/wp-content\/uploads\/2024\/03\/bullrich-y-petri.png","contentUrl":"https:\/\/apuntesdesanluis.com\/wp-content\/uploads\/2024\/03\/bullrich-y-petri.png","width":696,"height":437},{"@type":"BreadcrumbList","@id":"https:\/\/apuntesdesanluis.com\/index.php\/2024\/03\/10\/bullrich-y-petri-viajan-a-rosario-para-brindar-una-conferencia-de-prensa-con-maximiliano-pullaro-y-pablo-javkin\/#breadcrumb","itemListElement":[{"@type":"ListItem","position":1,"name":"Inicio","item":"https:\/\/apuntesdesanluis.com\/"},{"@type":"ListItem","position":2,"name":"BULLRICH Y PETRI VIAJAN A ROSARIO PARA BRINDAR UNA CONFERENCIA DE PRENSA CON MAXIMILIANO PULLARO Y PABLO JAVKIN"}]},{"@type":"WebSite","@id":"https:\/\/apuntesdesanluis.com\/#website","url":"https:\/\/apuntesdesanluis.com\/","name":"Apuntes de San Luis","description":"","publisher":{"@id":"https:\/\/apuntesdesanluis.com\/#\/schema\/person\/b55151d52296fcce64d1a72538a70b90"},"potentialAction":[{"@type":"SearchAction","target":{"@type":"EntryPoint","urlTemplate":"https:\/\/apuntesdesanluis.com\/?s={search_term_string}"},"query-input":{"@type":"PropertyValueSpecification","valueRequired":true,"valueName":"search_term_string"}}],"inLanguage":"es-AR"},{"@type":["Person","Organization"],"@id":"https:\/\/apuntesdesanluis.com\/#\/schema\/person\/b55151d52296fcce64d1a72538a70b90","name":"apuntesdesanluis.com","image":{"@type":"ImageObject","inLanguage":"es-AR","@id":"https:\/\/apuntesdesanluis.com\/#\/schema\/person\/image\/","url":"https:\/\/apuntesdesanluis.com\/wp-content\/uploads\/2023\/07\/cropped-apuntesdesanluis.png","contentUrl":"https:\/\/apuntesdesanluis.com\/wp-content\/uploads\/2023\/07\/cropped-apuntesdesanluis.png","width":450,"height":112,"caption":"apuntesdesanluis.com"},"logo":{"@id":"https:\/\/apuntesdesanluis.com\/#\/schema\/person\/image\/"},"sameAs":["https:\/\/apuntesdesanluis.com"],"url":"https:\/\/apuntesdesanluis.com\/index.php\/author\/apuntesdesanluis-com\/"}]}},"featured_image_urls":{"full":["https:\/\/apuntesdesanluis.com\/wp-content\/uploads\/2024\/03\/bullrich-y-petri.png",696,437,false],"thumbnail":["https:\/\/apuntesdesanluis.com\/wp-content\/uploads\/2024\/03\/bullrich-y-petri-150x150.png",150,150,true],"medium":["https:\/\/apuntesdesanluis.com\/wp-content\/uploads\/2024\/03\/bullrich-y-petri-300x188.png",300,188,true],"medium_large":["https:\/\/apuntesdesanluis.com\/wp-content\/uploads\/2024\/03\/bullrich-y-petri.png",640,402,false],"large":["https:\/\/apuntesdesanluis.com\/wp-content\/uploads\/2024\/03\/bullrich-y-petri.png",640,402,false],"1536x1536":["https:\/\/apuntesdesanluis.com\/wp-content\/uploads\/2024\/03\/bullrich-y-petri.png",696,437,false],"2048x2048":["https:\/\/apuntesdesanluis.com\/wp-content\/uploads\/2024\/03\/bullrich-y-petri.png",696,437,false],"newsever-slider-full":["https:\/\/apuntesdesanluis.com\/wp-content\/uploads\/2024\/03\/bullrich-y-petri.png",696,437,false],"newsever-featured":["https:\/\/apuntesdesanluis.com\/wp-content\/uploads\/2024\/03\/bullrich-y-petri.png",696,437,false],"newsever-medium":["https:\/\/apuntesdesanluis.com\/wp-content\/uploads\/2024\/03\/bullrich-y-petri.png",696,437,false]},"author_info":{"display_name":"apuntesdesanluis.com","author_link":"https:\/\/apuntesdesanluis.com\/index.php\/author\/apuntesdesanluis-com\/"},"category_info":"<a href=\"https:\/\/apuntesdesanluis.com\/index.php\/category\/nacionales-internacionales\/\" rel=\"category tag\">Nacionales\/Internacionales<\/a>","tag_info":"Nacionales\/Internacionales","comment_count":"0","_links":{"self":[{"href":"https:\/\/apuntesdesanluis.com\/index.php\/wp-json\/wp\/v2\/posts\/12957","targetHints":{"allow":["GET"]}}],"collection":[{"href":"https:\/\/apuntesdesanluis.com\/index.php\/wp-json\/wp\/v2\/posts"}],"about":[{"href":"https:\/\/apuntesdesanluis.com\/index.php\/wp-json\/wp\/v2\/types\/post"}],"author":[{"embeddable":true,"href":"https:\/\/apuntesdesanluis.com\/index.php\/wp-json\/wp\/v2\/users\/1"}],"replies":[{"embeddable":true,"href":"https:\/\/apuntesdesanluis.com\/index.php\/wp-json\/wp\/v2\/comments?post=12957"}],"version-history":[{"count":1,"href":"https:\/\/apuntesdesanluis.com\/index.php\/wp-json\/wp\/v2\/posts\/12957\/revisions"}],"predecessor-version":[{"id":12959,"href":"https:\/\/apuntesdesanluis.com\/index.php\/wp-json\/wp\/v2\/posts\/12957\/revisions\/12959"}],"wp:featuredmedia":[{"embeddable":true,"href":"https:\/\/apuntesdesanluis.com\/index.php\/wp-json\/wp\/v2\/media\/12958"}],"wp:attachment":[{"href":"https:\/\/apuntesdesanluis.com\/index.php\/wp-json\/wp\/v2\/media?parent=12957"}],"wp:term":[{"taxonomy":"category","embeddable":true,"href":"https:\/\/apuntesdesanluis.com\/index.php\/wp-json\/wp\/v2\/categories?post=12957"},{"taxonomy":"post_tag","embeddable":true,"href":"https:\/\/apuntesdesanluis.com\/index.php\/wp-json\/wp\/v2\/tags?post=12957"}],"curies":[{"name":"wp","href":"https:\/\/api.w.org\/{rel}","templated":true}]}}