{"id":12960,"date":"2024-03-10T18:20:06","date_gmt":"2024-03-10T21:20:06","guid":{"rendered":"https:\/\/apuntesdesanluis.com\/?p=12960"},"modified":"2024-03-10T20:27:51","modified_gmt":"2024-03-10T23:27:51","slug":"el-papa-francisco-enojo-a-los-ucranianos-al-llamarlos-a-izar-la-bandera-blanca-y-negociar-con-rusia","status":"publish","type":"post","link":"https:\/\/apuntesdesanluis.com\/index.php\/2024\/03\/10\/el-papa-francisco-enojo-a-los-ucranianos-al-llamarlos-a-izar-la-bandera-blanca-y-negociar-con-rusia\/","title":{"rendered":"EL PAPA FRANCISCO ENOJ\u00d3 A LOS UCRANIANOS AL LLAMARLOS A &#8220;IZAR LA BANDERA BLANCA&#8221; Y NEGOCIAR CON RUSIA"},"content":{"rendered":"<h3>Tras dos a\u00f1os de conflicto en territorio ucraniano, el P<strong>apa Francisco<\/strong>, en una entrevista con la emisora suiza RSI, llam\u00f3 al gobierno de <strong>Ucrania<\/strong> a tener \u201cel coraje de izar la bandera blanca\u201d y negociar el fin de la guerra con <strong>Rusia<\/strong>. Estas declaraciones enseguida fueron rechazadas por la Embajada ucraniana que emiti\u00f3 un duro comunicado: &#8220;Cuando hablamos de la Tercera Guerra Mundial, que tenemos ahora, debemos aprender las lecciones de la Segunda Guerra Mundial&#8221;.<\/h3>\n<h3>Durante una entrevista de la radio televisi\u00f3n suiza RTS, realizada a inicios de febrero, el papa Francisco fue consultado por su postura en un debate entre los que dicen que Ucrania deber\u00eda rendirse al no haber sido capaz de repeler a las fuerzas rusas, y los que dicen que hacerlo legitimar\u00eda las acciones de la parte m\u00e1s fuerte.<\/h3>\n<h3>El entrevistador utiliz\u00f3 el t\u00e9rmino &#8220;bandera blanca&#8221; en la pregunta.\u00a0 &#8220;Es una interpretaci\u00f3n&#8221;, dijo Francisco, seg\u00fan una transcripci\u00f3n anticipada de la entrevista difundida por medios italianos. La misma est\u00e1 programada para emitirse el 20 de marzo como parte de un nuevo programa cultural.<\/h3>\n<h3>\u201cCreo que son m\u00e1s fuertes quienes ven la situaci\u00f3n, quienes piensan en el pueblo, quienes tienen el coraje de izar la bandera blanca y negociar\u201d, expres\u00f3 el sumo pont\u00edfice en su b\u00fasqueda de paz por el camino de la diplomacia, a\u00f1adiendo que las conversaciones deber\u00edan tener lugar con la ayuda de las potencias internacionales.<\/h3>\n<h3>&#8220;La palabra negociar es una palabra valiente. Cuando ves que est\u00e1s derrotado, que las cosas no van bien, necesitas tener el coraje de negociar&#8221;, dijo el Papa. Y se\u00f1al\u00f3 que &#8220;muchos&#8221; pa\u00edses tienen la capacidad de actuar como intermediarios en el conflicto para poner fin de inmediato o a corto plazo a las hostilidades. &#8220;Turqu\u00eda, se ofreci\u00f3. Y otros. Que no tengan verg\u00fcenza de negociar antes de que empeore\u201d, pidi\u00f3 enf\u00e1ticamente Francisco.<\/h3>\n<h3>De esta manera, Francisco inst\u00f3 al gobierno de Ucrania a entablar negociaciones con el Kremlin: &#8220;Negociar nunca es rendirse. Es el valor de no llevar al pa\u00eds al suicidio&#8221;.<\/h3>\n<h3><strong>UCRANIA REPUDI\u00d3 LAS DECLARACIONES\u00a0<\/strong><\/h3>\n<h3>La Embajada de Ucrania ante la Santa Sede respondi\u00f3 este domingo al Papa y expresaron que durante la Segunda Guerra Mundial nadie habl\u00f3 \u201cde negociaciones de paz con Hitler\u201d.<\/h3>\n<h3>\u201c\u00a1Es muy importante ser coherentes! Cuando hablamos de la Tercera Guerra Mundial, que tenemos ahora, debemos aprender las lecciones de la Segunda Guerra Mundial\u201d, escribi\u00f3 la legaci\u00f3n diplom\u00e1tica en sus redes sociales. \u201c\u00bfAlguien habl\u00f3 entonces seriamente de las negociaciones de paz con Hitler y de la bandera blanca para satisfacerlo? As\u00ed que la lecci\u00f3n es s\u00f3lo una: \u00a1si queremos terminar la guerra, tenemos que hacer todo lo posible para matar al Drag\u00f3n!\u201d.<\/h3>\n<h3>\u201cNuestra bandera es amarilla y azul. Esta es la bandera por la que vivimos, moriremos y triunfaremos. Nunca levantaremos otras banderas\u201d, replic\u00f3 el ministro de Relaciones Exteriores ucraniano, Dmitro Kuleba, manteniendo firme su posici\u00f3n.<\/h3>\n<h3>El jefe de la Iglesia ucraniana, desde Nueva York, respondi\u00f3 del mismo modo: &#8220;Ucrania est\u00e1 herida pero invicta, estamos agotados, pero seguimos en pie&#8221;. &#8220;\u00a1En Ucrania nadie tiene la posibilidad de rendirse! Y a todos aquellos que miran con escepticismo nuestra capacidad de mantenernos firmes les decimos: \u00a1vengan a Ucrania y vean!\u201d. precis\u00f3 Sviatoslav Shevchuk.<\/h3>\n<h3>El presidente ucraniano tambi\u00e9n se expres\u00f3 y asegur\u00f3 que su pa\u00eds est\u00e1 haciendo todo lo posible para que &#8220;la locura rusa&#8221; pierda la guerra. &#8220;Cuantas m\u00e1s declaraciones demenciales vengan de Mosc\u00fa, mayor debe ser nuestra fuerza. S\u00f3lo nuestra fuerza a la hora de proteger vidas y nuestra capacidad para lograr nuestros objetivos pueden devolver a Rusia a un estado de sobriedad al menos parcial. La locura rusa debe perder esta guerra. Haremos todo lo posible para ello&#8221;, escribi\u00f3 Volod\u00edmir Zelenski\u200b en un mensaje en Facebook.<\/h3>\n<h3><strong>ACLARACI\u00d3N DE LA SANTA SEDE<\/strong><\/h3>\n<h3>Tras las repercusiones de los fragmentos difundidos de la entrevista, la oficina del Vaticano, a trav\u00e9s de su portavoz Matteo Bruni, aclar\u00f3 que las palabras del Papa no alud\u00edan a una rendici\u00f3n sino a la b\u00fasqueda de una negociaci\u00f3n para el cese de las hostilidades, siempre en el marco de la b\u00fasqueda de una paz justa y duradera.<\/h3>\n<h3>Estos cruces contundentes se dan a pocos d\u00edas de cumplirse 11 a\u00f1os de Pontificado del papa argentino. En este marco, el Vaticano est\u00e1 comprometido con el conflicto b\u00e9lico en Europa Oriental y, a trav\u00e9s de su misi\u00f3n de paz, busca detener un conflicto b\u00e9lico que, de extenderse en el tiempo, corre el riesgo de implementaci\u00f3n del uso de armas nucleares.<\/h3>\n<p>&nbsp;<\/p>\n<p>&nbsp;<\/p>\n<p>&nbsp;<\/p>\n<p>&nbsp;<\/p>\n<p>&nbsp;<\/p>\n<p>&nbsp;<\/p>\n","protected":false},"excerpt":{"rendered":"<p>Tras dos a\u00f1os de conflicto en territorio ucraniano, el Papa Francisco, en una entrevista con&#8230;<\/p>\n","protected":false},"author":1,"featured_media":12961,"comment_status":"closed","ping_status":"closed","sticky":false,"template":"","format":"standard","meta":{"footnotes":""},"categories":[5],"tags":[],"class_list":["post-12960","post","type-post","status-publish","format-standard","has-post-thumbnail","hentry","category-nacionales-internacionales"],"yoast_head":"<!-- This site is optimized with the Yoast SEO plugin v26.1.1 - https:\/\/yoast.com\/wordpress\/plugins\/seo\/ -->\n<title>EL PAPA FRANCISCO ENOJ\u00d3 A LOS UCRANIANOS AL LLAMARLOS A &quot;IZAR LA BANDERA BLANCA&quot; Y NEGOCIAR CON RUSIA - Apuntes de San Luis<\/title>\n<meta name=\"robots\" content=\"index, follow, max-snippet:-1, max-image-preview:large, max-video-preview:-1\" \/>\n<link rel=\"canonical\" href=\"https:\/\/apuntesdesanluis.com\/index.php\/2024\/03\/10\/el-papa-francisco-enojo-a-los-ucranianos-al-llamarlos-a-izar-la-bandera-blanca-y-negociar-con-rusia\/\" \/>\n<meta property=\"og:locale\" content=\"es_ES\" \/>\n<meta property=\"og:type\" content=\"article\" \/>\n<meta property=\"og:title\" content=\"EL PAPA FRANCISCO ENOJ\u00d3 A LOS UCRANIANOS AL LLAMARLOS A &quot;IZAR LA BANDERA BLANCA&quot; Y NEGOCIAR CON RUSIA - Apuntes de San Luis\" \/>\n<meta property=\"og:description\" content=\"Tras dos a\u00f1os de conflicto en territorio ucraniano, el Papa Francisco, en una entrevista con...\" \/>\n<meta property=\"og:url\" content=\"https:\/\/apuntesdesanluis.com\/index.php\/2024\/03\/10\/el-papa-francisco-enojo-a-los-ucranianos-al-llamarlos-a-izar-la-bandera-blanca-y-negociar-con-rusia\/\" \/>\n<meta property=\"og:site_name\" content=\"Apuntes de San Luis\" \/>\n<meta property=\"article:published_time\" content=\"2024-03-10T21:20:06+00:00\" \/>\n<meta property=\"article:modified_time\" content=\"2024-03-10T23:27:51+00:00\" \/>\n<meta property=\"og:image\" content=\"https:\/\/apuntesdesanluis.com\/wp-content\/uploads\/2024\/03\/PAPA-FRANCISCO.png\" \/>\n\t<meta property=\"og:image:width\" content=\"739\" \/>\n\t<meta property=\"og:image:height\" content=\"431\" \/>\n\t<meta property=\"og:image:type\" content=\"image\/png\" \/>\n<meta name=\"author\" content=\"apuntesdesanluis.com\" \/>\n<meta name=\"twitter:card\" content=\"summary_large_image\" \/>\n<meta name=\"twitter:label1\" content=\"Escrito por\" \/>\n\t<meta name=\"twitter:data1\" content=\"apuntesdesanluis.com\" \/>\n\t<meta name=\"twitter:label2\" content=\"Tiempo de lectura\" \/>\n\t<meta name=\"twitter:data2\" content=\"4 minutos\" \/>\n<script type=\"application\/ld+json\" class=\"yoast-schema-graph\">{\"@context\":\"https:\/\/schema.org\",\"@graph\":[{\"@type\":\"Article\",\"@id\":\"https:\/\/apuntesdesanluis.com\/index.php\/2024\/03\/10\/el-papa-francisco-enojo-a-los-ucranianos-al-llamarlos-a-izar-la-bandera-blanca-y-negociar-con-rusia\/#article\",\"isPartOf\":{\"@id\":\"https:\/\/apuntesdesanluis.com\/index.php\/2024\/03\/10\/el-papa-francisco-enojo-a-los-ucranianos-al-llamarlos-a-izar-la-bandera-blanca-y-negociar-con-rusia\/\"},\"author\":{\"name\":\"apuntesdesanluis.com\",\"@id\":\"https:\/\/apuntesdesanluis.com\/#\/schema\/person\/b55151d52296fcce64d1a72538a70b90\"},\"headline\":\"EL PAPA FRANCISCO ENOJ\u00d3 A LOS UCRANIANOS AL LLAMARLOS A &#8220;IZAR LA BANDERA BLANCA&#8221; Y NEGOCIAR CON RUSIA\",\"datePublished\":\"2024-03-10T21:20:06+00:00\",\"dateModified\":\"2024-03-10T23:27:51+00:00\",\"mainEntityOfPage\":{\"@id\":\"https:\/\/apuntesdesanluis.com\/index.php\/2024\/03\/10\/el-papa-francisco-enojo-a-los-ucranianos-al-llamarlos-a-izar-la-bandera-blanca-y-negociar-con-rusia\/\"},\"wordCount\":802,\"publisher\":{\"@id\":\"https:\/\/apuntesdesanluis.com\/#\/schema\/person\/b55151d52296fcce64d1a72538a70b90\"},\"image\":{\"@id\":\"https:\/\/apuntesdesanluis.com\/index.php\/2024\/03\/10\/el-papa-francisco-enojo-a-los-ucranianos-al-llamarlos-a-izar-la-bandera-blanca-y-negociar-con-rusia\/#primaryimage\"},\"thumbnailUrl\":\"https:\/\/apuntesdesanluis.com\/wp-content\/uploads\/2024\/03\/PAPA-FRANCISCO.png\",\"articleSection\":[\"Nacionales\/Internacionales\"],\"inLanguage\":\"es-AR\"},{\"@type\":\"WebPage\",\"@id\":\"https:\/\/apuntesdesanluis.com\/index.php\/2024\/03\/10\/el-papa-francisco-enojo-a-los-ucranianos-al-llamarlos-a-izar-la-bandera-blanca-y-negociar-con-rusia\/\",\"url\":\"https:\/\/apuntesdesanluis.com\/index.php\/2024\/03\/10\/el-papa-francisco-enojo-a-los-ucranianos-al-llamarlos-a-izar-la-bandera-blanca-y-negociar-con-rusia\/\",\"name\":\"EL PAPA FRANCISCO ENOJ\u00d3 A LOS UCRANIANOS AL LLAMARLOS A \\\"IZAR LA BANDERA BLANCA\\\" Y NEGOCIAR CON RUSIA - Apuntes de San Luis\",\"isPartOf\":{\"@id\":\"https:\/\/apuntesdesanluis.com\/#website\"},\"primaryImageOfPage\":{\"@id\":\"https:\/\/apuntesdesanluis.com\/index.php\/2024\/03\/10\/el-papa-francisco-enojo-a-los-ucranianos-al-llamarlos-a-izar-la-bandera-blanca-y-negociar-con-rusia\/#primaryimage\"},\"image\":{\"@id\":\"https:\/\/apuntesdesanluis.com\/index.php\/2024\/03\/10\/el-papa-francisco-enojo-a-los-ucranianos-al-llamarlos-a-izar-la-bandera-blanca-y-negociar-con-rusia\/#primaryimage\"},\"thumbnailUrl\":\"https:\/\/apuntesdesanluis.com\/wp-content\/uploads\/2024\/03\/PAPA-FRANCISCO.png\",\"datePublished\":\"2024-03-10T21:20:06+00:00\",\"dateModified\":\"2024-03-10T23:27:51+00:00\",\"breadcrumb\":{\"@id\":\"https:\/\/apuntesdesanluis.com\/index.php\/2024\/03\/10\/el-papa-francisco-enojo-a-los-ucranianos-al-llamarlos-a-izar-la-bandera-blanca-y-negociar-con-rusia\/#breadcrumb\"},\"inLanguage\":\"es-AR\",\"potentialAction\":[{\"@type\":\"ReadAction\",\"target\":[\"https:\/\/apuntesdesanluis.com\/index.php\/2024\/03\/10\/el-papa-francisco-enojo-a-los-ucranianos-al-llamarlos-a-izar-la-bandera-blanca-y-negociar-con-rusia\/\"]}]},{\"@type\":\"ImageObject\",\"inLanguage\":\"es-AR\",\"@id\":\"https:\/\/apuntesdesanluis.com\/index.php\/2024\/03\/10\/el-papa-francisco-enojo-a-los-ucranianos-al-llamarlos-a-izar-la-bandera-blanca-y-negociar-con-rusia\/#primaryimage\",\"url\":\"https:\/\/apuntesdesanluis.com\/wp-content\/uploads\/2024\/03\/PAPA-FRANCISCO.png\",\"contentUrl\":\"https:\/\/apuntesdesanluis.com\/wp-content\/uploads\/2024\/03\/PAPA-FRANCISCO.png\",\"width\":739,\"height\":431},{\"@type\":\"BreadcrumbList\",\"@id\":\"https:\/\/apuntesdesanluis.com\/index.php\/2024\/03\/10\/el-papa-francisco-enojo-a-los-ucranianos-al-llamarlos-a-izar-la-bandera-blanca-y-negociar-con-rusia\/#breadcrumb\",\"itemListElement\":[{\"@type\":\"ListItem\",\"position\":1,\"name\":\"Inicio\",\"item\":\"https:\/\/apuntesdesanluis.com\/\"},{\"@type\":\"ListItem\",\"position\":2,\"name\":\"EL PAPA FRANCISCO ENOJ\u00d3 A LOS UCRANIANOS AL LLAMARLOS A &#8220;IZAR LA BANDERA BLANCA&#8221; Y NEGOCIAR CON RUSIA\"}]},{\"@type\":\"WebSite\",\"@id\":\"https:\/\/apuntesdesanluis.com\/#website\",\"url\":\"https:\/\/apuntesdesanluis.com\/\",\"name\":\"Apuntes de San Luis\",\"description\":\"\",\"publisher\":{\"@id\":\"https:\/\/apuntesdesanluis.com\/#\/schema\/person\/b55151d52296fcce64d1a72538a70b90\"},\"potentialAction\":[{\"@type\":\"SearchAction\",\"target\":{\"@type\":\"EntryPoint\",\"urlTemplate\":\"https:\/\/apuntesdesanluis.com\/?s={search_term_string}\"},\"query-input\":{\"@type\":\"PropertyValueSpecification\",\"valueRequired\":true,\"valueName\":\"search_term_string\"}}],\"inLanguage\":\"es-AR\"},{\"@type\":[\"Person\",\"Organization\"],\"@id\":\"https:\/\/apuntesdesanluis.com\/#\/schema\/person\/b55151d52296fcce64d1a72538a70b90\",\"name\":\"apuntesdesanluis.com\",\"image\":{\"@type\":\"ImageObject\",\"inLanguage\":\"es-AR\",\"@id\":\"https:\/\/apuntesdesanluis.com\/#\/schema\/person\/image\/\",\"url\":\"https:\/\/apuntesdesanluis.com\/wp-content\/uploads\/2023\/07\/cropped-apuntesdesanluis.png\",\"contentUrl\":\"https:\/\/apuntesdesanluis.com\/wp-content\/uploads\/2023\/07\/cropped-apuntesdesanluis.png\",\"width\":450,\"height\":112,\"caption\":\"apuntesdesanluis.com\"},\"logo\":{\"@id\":\"https:\/\/apuntesdesanluis.com\/#\/schema\/person\/image\/\"},\"sameAs\":[\"https:\/\/apuntesdesanluis.com\"],\"url\":\"https:\/\/apuntesdesanluis.com\/index.php\/author\/apuntesdesanluis-com\/\"}]}<\/script>\n<!-- \/ Yoast SEO plugin. -->","yoast_head_json":{"title":"EL PAPA FRANCISCO ENOJ\u00d3 A LOS UCRANIANOS AL LLAMARLOS A \"IZAR LA BANDERA BLANCA\" Y NEGOCIAR CON RUSIA - Apuntes de San Luis","robots":{"index":"index","follow":"follow","max-snippet":"max-snippet:-1","max-image-preview":"max-image-preview:large","max-video-preview":"max-video-preview:-1"},"canonical":"https:\/\/apuntesdesanluis.com\/index.php\/2024\/03\/10\/el-papa-francisco-enojo-a-los-ucranianos-al-llamarlos-a-izar-la-bandera-blanca-y-negociar-con-rusia\/","og_locale":"es_ES","og_type":"article","og_title":"EL PAPA FRANCISCO ENOJ\u00d3 A LOS UCRANIANOS AL LLAMARLOS A \"IZAR LA BANDERA BLANCA\" Y NEGOCIAR CON RUSIA - Apuntes de San Luis","og_description":"Tras dos a\u00f1os de conflicto en territorio ucraniano, el Papa Francisco, en una entrevista con...","og_url":"https:\/\/apuntesdesanluis.com\/index.php\/2024\/03\/10\/el-papa-francisco-enojo-a-los-ucranianos-al-llamarlos-a-izar-la-bandera-blanca-y-negociar-con-rusia\/","og_site_name":"Apuntes de San Luis","article_published_time":"2024-03-10T21:20:06+00:00","article_modified_time":"2024-03-10T23:27:51+00:00","og_image":[{"width":739,"height":431,"url":"https:\/\/apuntesdesanluis.com\/wp-content\/uploads\/2024\/03\/PAPA-FRANCISCO.png","type":"image\/png"}],"author":"apuntesdesanluis.com","twitter_card":"summary_large_image","twitter_misc":{"Escrito por":"apuntesdesanluis.com","Tiempo de lectura":"4 minutos"},"schema":{"@context":"https:\/\/schema.org","@graph":[{"@type":"Article","@id":"https:\/\/apuntesdesanluis.com\/index.php\/2024\/03\/10\/el-papa-francisco-enojo-a-los-ucranianos-al-llamarlos-a-izar-la-bandera-blanca-y-negociar-con-rusia\/#article","isPartOf":{"@id":"https:\/\/apuntesdesanluis.com\/index.php\/2024\/03\/10\/el-papa-francisco-enojo-a-los-ucranianos-al-llamarlos-a-izar-la-bandera-blanca-y-negociar-con-rusia\/"},"author":{"name":"apuntesdesanluis.com","@id":"https:\/\/apuntesdesanluis.com\/#\/schema\/person\/b55151d52296fcce64d1a72538a70b90"},"headline":"EL PAPA FRANCISCO ENOJ\u00d3 A LOS UCRANIANOS AL LLAMARLOS A &#8220;IZAR LA BANDERA BLANCA&#8221; Y NEGOCIAR CON RUSIA","datePublished":"2024-03-10T21:20:06+00:00","dateModified":"2024-03-10T23:27:51+00:00","mainEntityOfPage":{"@id":"https:\/\/apuntesdesanluis.com\/index.php\/2024\/03\/10\/el-papa-francisco-enojo-a-los-ucranianos-al-llamarlos-a-izar-la-bandera-blanca-y-negociar-con-rusia\/"},"wordCount":802,"publisher":{"@id":"https:\/\/apuntesdesanluis.com\/#\/schema\/person\/b55151d52296fcce64d1a72538a70b90"},"image":{"@id":"https:\/\/apuntesdesanluis.com\/index.php\/2024\/03\/10\/el-papa-francisco-enojo-a-los-ucranianos-al-llamarlos-a-izar-la-bandera-blanca-y-negociar-con-rusia\/#primaryimage"},"thumbnailUrl":"https:\/\/apuntesdesanluis.com\/wp-content\/uploads\/2024\/03\/PAPA-FRANCISCO.png","articleSection":["Nacionales\/Internacionales"],"inLanguage":"es-AR"},{"@type":"WebPage","@id":"https:\/\/apuntesdesanluis.com\/index.php\/2024\/03\/10\/el-papa-francisco-enojo-a-los-ucranianos-al-llamarlos-a-izar-la-bandera-blanca-y-negociar-con-rusia\/","url":"https:\/\/apuntesdesanluis.com\/index.php\/2024\/03\/10\/el-papa-francisco-enojo-a-los-ucranianos-al-llamarlos-a-izar-la-bandera-blanca-y-negociar-con-rusia\/","name":"EL PAPA FRANCISCO ENOJ\u00d3 A LOS UCRANIANOS AL LLAMARLOS A \"IZAR LA BANDERA BLANCA\" Y NEGOCIAR CON RUSIA - Apuntes de San Luis","isPartOf":{"@id":"https:\/\/apuntesdesanluis.com\/#website"},"primaryImageOfPage":{"@id":"https:\/\/apuntesdesanluis.com\/index.php\/2024\/03\/10\/el-papa-francisco-enojo-a-los-ucranianos-al-llamarlos-a-izar-la-bandera-blanca-y-negociar-con-rusia\/#primaryimage"},"image":{"@id":"https:\/\/apuntesdesanluis.com\/index.php\/2024\/03\/10\/el-papa-francisco-enojo-a-los-ucranianos-al-llamarlos-a-izar-la-bandera-blanca-y-negociar-con-rusia\/#primaryimage"},"thumbnailUrl":"https:\/\/apuntesdesanluis.com\/wp-content\/uploads\/2024\/03\/PAPA-FRANCISCO.png","datePublished":"2024-03-10T21:20:06+00:00","dateModified":"2024-03-10T23:27:51+00:00","breadcrumb":{"@id":"https:\/\/apuntesdesanluis.com\/index.php\/2024\/03\/10\/el-papa-francisco-enojo-a-los-ucranianos-al-llamarlos-a-izar-la-bandera-blanca-y-negociar-con-rusia\/#breadcrumb"},"inLanguage":"es-AR","potentialAction":[{"@type":"ReadAction","target":["https:\/\/apuntesdesanluis.com\/index.php\/2024\/03\/10\/el-papa-francisco-enojo-a-los-ucranianos-al-llamarlos-a-izar-la-bandera-blanca-y-negociar-con-rusia\/"]}]},{"@type":"ImageObject","inLanguage":"es-AR","@id":"https:\/\/apuntesdesanluis.com\/index.php\/2024\/03\/10\/el-papa-francisco-enojo-a-los-ucranianos-al-llamarlos-a-izar-la-bandera-blanca-y-negociar-con-rusia\/#primaryimage","url":"https:\/\/apuntesdesanluis.com\/wp-content\/uploads\/2024\/03\/PAPA-FRANCISCO.png","contentUrl":"https:\/\/apuntesdesanluis.com\/wp-content\/uploads\/2024\/03\/PAPA-FRANCISCO.png","width":739,"height":431},{"@type":"BreadcrumbList","@id":"https:\/\/apuntesdesanluis.com\/index.php\/2024\/03\/10\/el-papa-francisco-enojo-a-los-ucranianos-al-llamarlos-a-izar-la-bandera-blanca-y-negociar-con-rusia\/#breadcrumb","itemListElement":[{"@type":"ListItem","position":1,"name":"Inicio","item":"https:\/\/apuntesdesanluis.com\/"},{"@type":"ListItem","position":2,"name":"EL PAPA FRANCISCO ENOJ\u00d3 A LOS UCRANIANOS AL LLAMARLOS A &#8220;IZAR LA BANDERA BLANCA&#8221; Y NEGOCIAR CON RUSIA"}]},{"@type":"WebSite","@id":"https:\/\/apuntesdesanluis.com\/#website","url":"https:\/\/apuntesdesanluis.com\/","name":"Apuntes de San Luis","description":"","publisher":{"@id":"https:\/\/apuntesdesanluis.com\/#\/schema\/person\/b55151d52296fcce64d1a72538a70b90"},"potentialAction":[{"@type":"SearchAction","target":{"@type":"EntryPoint","urlTemplate":"https:\/\/apuntesdesanluis.com\/?s={search_term_string}"},"query-input":{"@type":"PropertyValueSpecification","valueRequired":true,"valueName":"search_term_string"}}],"inLanguage":"es-AR"},{"@type":["Person","Organization"],"@id":"https:\/\/apuntesdesanluis.com\/#\/schema\/person\/b55151d52296fcce64d1a72538a70b90","name":"apuntesdesanluis.com","image":{"@type":"ImageObject","inLanguage":"es-AR","@id":"https:\/\/apuntesdesanluis.com\/#\/schema\/person\/image\/","url":"https:\/\/apuntesdesanluis.com\/wp-content\/uploads\/2023\/07\/cropped-apuntesdesanluis.png","contentUrl":"https:\/\/apuntesdesanluis.com\/wp-content\/uploads\/2023\/07\/cropped-apuntesdesanluis.png","width":450,"height":112,"caption":"apuntesdesanluis.com"},"logo":{"@id":"https:\/\/apuntesdesanluis.com\/#\/schema\/person\/image\/"},"sameAs":["https:\/\/apuntesdesanluis.com"],"url":"https:\/\/apuntesdesanluis.com\/index.php\/author\/apuntesdesanluis-com\/"}]}},"featured_image_urls":{"full":["https:\/\/apuntesdesanluis.com\/wp-content\/uploads\/2024\/03\/PAPA-FRANCISCO.png",739,431,false],"thumbnail":["https:\/\/apuntesdesanluis.com\/wp-content\/uploads\/2024\/03\/PAPA-FRANCISCO-150x150.png",150,150,true],"medium":["https:\/\/apuntesdesanluis.com\/wp-content\/uploads\/2024\/03\/PAPA-FRANCISCO-300x175.png",300,175,true],"medium_large":["https:\/\/apuntesdesanluis.com\/wp-content\/uploads\/2024\/03\/PAPA-FRANCISCO.png",640,373,false],"large":["https:\/\/apuntesdesanluis.com\/wp-content\/uploads\/2024\/03\/PAPA-FRANCISCO.png",640,373,false],"1536x1536":["https:\/\/apuntesdesanluis.com\/wp-content\/uploads\/2024\/03\/PAPA-FRANCISCO.png",739,431,false],"2048x2048":["https:\/\/apuntesdesanluis.com\/wp-content\/uploads\/2024\/03\/PAPA-FRANCISCO.png",739,431,false],"newsever-slider-full":["https:\/\/apuntesdesanluis.com\/wp-content\/uploads\/2024\/03\/PAPA-FRANCISCO.png",739,431,false],"newsever-featured":["https:\/\/apuntesdesanluis.com\/wp-content\/uploads\/2024\/03\/PAPA-FRANCISCO.png",739,431,false],"newsever-medium":["https:\/\/apuntesdesanluis.com\/wp-content\/uploads\/2024\/03\/PAPA-FRANCISCO-720x431.png",720,431,true]},"author_info":{"display_name":"apuntesdesanluis.com","author_link":"https:\/\/apuntesdesanluis.com\/index.php\/author\/apuntesdesanluis-com\/"},"category_info":"<a href=\"https:\/\/apuntesdesanluis.com\/index.php\/category\/nacionales-internacionales\/\" rel=\"category tag\">Nacionales\/Internacionales<\/a>","tag_info":"Nacionales\/Internacionales","comment_count":"0","_links":{"self":[{"href":"https:\/\/apuntesdesanluis.com\/index.php\/wp-json\/wp\/v2\/posts\/12960","targetHints":{"allow":["GET"]}}],"collection":[{"href":"https:\/\/apuntesdesanluis.com\/index.php\/wp-json\/wp\/v2\/posts"}],"about":[{"href":"https:\/\/apuntesdesanluis.com\/index.php\/wp-json\/wp\/v2\/types\/post"}],"author":[{"embeddable":true,"href":"https:\/\/apuntesdesanluis.com\/index.php\/wp-json\/wp\/v2\/users\/1"}],"replies":[{"embeddable":true,"href":"https:\/\/apuntesdesanluis.com\/index.php\/wp-json\/wp\/v2\/comments?post=12960"}],"version-history":[{"count":1,"href":"https:\/\/apuntesdesanluis.com\/index.php\/wp-json\/wp\/v2\/posts\/12960\/revisions"}],"predecessor-version":[{"id":12962,"href":"https:\/\/apuntesdesanluis.com\/index.php\/wp-json\/wp\/v2\/posts\/12960\/revisions\/12962"}],"wp:featuredmedia":[{"embeddable":true,"href":"https:\/\/apuntesdesanluis.com\/index.php\/wp-json\/wp\/v2\/media\/12961"}],"wp:attachment":[{"href":"https:\/\/apuntesdesanluis.com\/index.php\/wp-json\/wp\/v2\/media?parent=12960"}],"wp:term":[{"taxonomy":"category","embeddable":true,"href":"https:\/\/apuntesdesanluis.com\/index.php\/wp-json\/wp\/v2\/categories?post=12960"},{"taxonomy":"post_tag","embeddable":true,"href":"https:\/\/apuntesdesanluis.com\/index.php\/wp-json\/wp\/v2\/tags?post=12960"}],"curies":[{"name":"wp","href":"https:\/\/api.w.org\/{rel}","templated":true}]}}