{"id":12969,"date":"2024-03-10T20:05:20","date_gmt":"2024-03-10T23:05:20","guid":{"rendered":"https:\/\/apuntesdesanluis.com\/?p=12969"},"modified":"2024-03-10T20:05:20","modified_gmt":"2024-03-10T23:05:20","slug":"las-escuelas-publicas-ya-cuentan-con-los-fondos-para-garantizar-la-nutricion-de-los-chicos","status":"publish","type":"post","link":"https:\/\/apuntesdesanluis.com\/index.php\/2024\/03\/10\/las-escuelas-publicas-ya-cuentan-con-los-fondos-para-garantizar-la-nutricion-de-los-chicos\/","title":{"rendered":"LAS ESCUELAS P\u00daBLICAS YA CUENTAN CON LOS FONDOS PARA GARANTIZAR LA NUTRICI\u00d3N DE LOS CHICOS"},"content":{"rendered":"<h3>El pasado 23 de febrero, el gobernador <strong>Claudio Poggi<\/strong> hab\u00eda anunciado este plan que incluye dos acciones: garantizar que todos los chicos de los jardines maternales y los niveles Inicial, Primario y Secundario reciban su desayuno o merienda, al comenzar cada d\u00eda. Y luego sumar progresivamente el almuerzo en Inicial y Primaria en las zonas m\u00e1s vulnerables.<\/h3>\n<h3>Este lunes comenzar\u00e1 efectivamente el <strong>Programa Alimentario Nutricional Escolar (PANE)<\/strong>, que cuenta con un trabajo interministerial que incluye a Educaci\u00f3n, Salud, Desarrollo Productivo y Desarrollo Humano.<\/h3>\n<h3>El ministerio de Educaci\u00f3n es el encargado de la articulaci\u00f3n con los directivos, autoridades y tambi\u00e9n con las cooperadoras. Salud colabora con las nutricionistas de atenci\u00f3n primaria en la elaboraci\u00f3n de los men\u00fas, que ser\u00e1n m\u00e1s nutritivos y ricos para que los chicos puedan y quieran comer. Desarrollo Humano colabora con poner a disposici\u00f3n el personal para ayudar en la distribuci\u00f3n.<\/h3>\n<h3>Y finalmente el ministerio de Desarrollo Productivo trabaja en la b\u00fasqueda de proveedores para los casos de las instituciones que no recib\u00edan o no cuentan con cooperadoras. Uno de las problemas que se presentaba era que se hac\u00eda muy dif\u00edcil encontrar\u00a0 esos proveedores. En los \u00faltimos d\u00edas ubicaron a varios, lo que adem\u00e1s fomenta la mano de obra local para quienes brindan estos servicios.<\/h3>\n<h3><strong>SUBSIDIO POR DESAYUNO O MERIENDA<\/strong><\/h3>\n<h3>El ministerio de Educaci\u00f3n inform\u00f3 que por primera vez paga en el mes de marzo el subsidio por desayuno a 367 establecimientos educativos por medio de sus asociaciones cooperadoras, lo que representa un aporte de $ 1.545.159.040 para los tres primeros trimestres. Generalmente ese pago se hac\u00eda en mayo.<\/h3>\n<h3>Adem\u00e1s sumar\u00e1 los 119 establecimientos (14.460 estudiantes) que no recib\u00edan o no contaban con cooperadoras vigentes, a las que ahora les llegar\u00e1 como Subsidio en Especies de desayuno. Es un aporte adicional de de $286.886.400.<\/h3>\n<h3>Durante la semana pr\u00f3xima se consumar\u00e1 el pago a los establecimientos restantes para completar el total de la matr\u00edcula de los colegis p\u00fablicos, autogestionados, generativos, digitales, jardines maternales y centros de discapacidad p\u00fablicos.<\/h3>\n<h3><strong>SUBSIDIO POR ALMUERZO<\/strong><\/h3>\n<h3>Este lunes 11 Educaci\u00f3n tambi\u00e9n transferir\u00e1 los fondos a los 84 establecimientos que son beneficiarios del Subsidio de Almuerzo (Comedor Escolar). Lo recibir\u00e1n las cooperadoras escolares y representa un total de $927.456.000.<\/h3>\n<h3>Cabe destacar, que este subsidio en a\u00f1os anteriores llegaba en el mes de junio generalmente.<\/h3>\n<h3>En los establecimientos que inician con sus almuerzos dentro del Programa Alimentario Nutricional Escolar, sus comedores comenzar\u00e1n a recibir los alimentos como Subsidio en Especies. Esta implementaci\u00f3n aumentar\u00e1 progresivamente la cantidad de alumnos que almuerza en la escuela a 28.000 estudiantes en marzo, 33.000 en abril, 36.500 en mayo, llegando a 40.000 en junio.<\/h3>\n<p>&nbsp;<\/p>\n<p>&nbsp;<\/p>\n<p>&nbsp;<\/p>\n","protected":false},"excerpt":{"rendered":"<p>El pasado 23 de febrero, el gobernador Claudio Poggi hab\u00eda anunciado este plan que incluye&#8230;<\/p>\n","protected":false},"author":1,"featured_media":12970,"comment_status":"closed","ping_status":"closed","sticky":false,"template":"","format":"standard","meta":{"footnotes":""},"categories":[6],"tags":[],"class_list":["post-12969","post","type-post","status-publish","format-standard","has-post-thumbnail","hentry","category-ciudad-provincia"],"yoast_head":"<!-- This site is optimized with the Yoast SEO plugin v26.1.1 - https:\/\/yoast.com\/wordpress\/plugins\/seo\/ -->\n<title>LAS ESCUELAS P\u00daBLICAS YA CUENTAN CON LOS FONDOS PARA GARANTIZAR LA NUTRICI\u00d3N DE LOS CHICOS - Apuntes de San Luis<\/title>\n<meta name=\"robots\" content=\"index, follow, max-snippet:-1, max-image-preview:large, max-video-preview:-1\" \/>\n<link rel=\"canonical\" href=\"https:\/\/apuntesdesanluis.com\/index.php\/2024\/03\/10\/las-escuelas-publicas-ya-cuentan-con-los-fondos-para-garantizar-la-nutricion-de-los-chicos\/\" \/>\n<meta property=\"og:locale\" content=\"es_ES\" \/>\n<meta property=\"og:type\" content=\"article\" \/>\n<meta property=\"og:title\" content=\"LAS ESCUELAS P\u00daBLICAS YA CUENTAN CON LOS FONDOS PARA GARANTIZAR LA NUTRICI\u00d3N DE LOS CHICOS - Apuntes de San Luis\" \/>\n<meta property=\"og:description\" content=\"El pasado 23 de febrero, el gobernador Claudio Poggi hab\u00eda anunciado este plan que incluye...\" \/>\n<meta property=\"og:url\" content=\"https:\/\/apuntesdesanluis.com\/index.php\/2024\/03\/10\/las-escuelas-publicas-ya-cuentan-con-los-fondos-para-garantizar-la-nutricion-de-los-chicos\/\" \/>\n<meta property=\"og:site_name\" content=\"Apuntes de San Luis\" \/>\n<meta property=\"article:published_time\" content=\"2024-03-10T23:05:20+00:00\" \/>\n<meta property=\"og:image\" content=\"https:\/\/apuntesdesanluis.com\/wp-content\/uploads\/2024\/03\/pane.png\" \/>\n\t<meta property=\"og:image:width\" content=\"600\" \/>\n\t<meta property=\"og:image:height\" content=\"404\" \/>\n\t<meta property=\"og:image:type\" content=\"image\/png\" \/>\n<meta name=\"author\" content=\"apuntesdesanluis.com\" \/>\n<meta name=\"twitter:card\" content=\"summary_large_image\" \/>\n<meta name=\"twitter:label1\" content=\"Escrito por\" \/>\n\t<meta name=\"twitter:data1\" content=\"apuntesdesanluis.com\" \/>\n\t<meta name=\"twitter:label2\" content=\"Tiempo de lectura\" \/>\n\t<meta name=\"twitter:data2\" content=\"2 minutos\" \/>\n<script type=\"application\/ld+json\" class=\"yoast-schema-graph\">{\"@context\":\"https:\/\/schema.org\",\"@graph\":[{\"@type\":\"Article\",\"@id\":\"https:\/\/apuntesdesanluis.com\/index.php\/2024\/03\/10\/las-escuelas-publicas-ya-cuentan-con-los-fondos-para-garantizar-la-nutricion-de-los-chicos\/#article\",\"isPartOf\":{\"@id\":\"https:\/\/apuntesdesanluis.com\/index.php\/2024\/03\/10\/las-escuelas-publicas-ya-cuentan-con-los-fondos-para-garantizar-la-nutricion-de-los-chicos\/\"},\"author\":{\"name\":\"apuntesdesanluis.com\",\"@id\":\"https:\/\/apuntesdesanluis.com\/#\/schema\/person\/b55151d52296fcce64d1a72538a70b90\"},\"headline\":\"LAS ESCUELAS P\u00daBLICAS YA CUENTAN CON LOS FONDOS PARA GARANTIZAR LA NUTRICI\u00d3N DE LOS CHICOS\",\"datePublished\":\"2024-03-10T23:05:20+00:00\",\"mainEntityOfPage\":{\"@id\":\"https:\/\/apuntesdesanluis.com\/index.php\/2024\/03\/10\/las-escuelas-publicas-ya-cuentan-con-los-fondos-para-garantizar-la-nutricion-de-los-chicos\/\"},\"wordCount\":474,\"publisher\":{\"@id\":\"https:\/\/apuntesdesanluis.com\/#\/schema\/person\/b55151d52296fcce64d1a72538a70b90\"},\"image\":{\"@id\":\"https:\/\/apuntesdesanluis.com\/index.php\/2024\/03\/10\/las-escuelas-publicas-ya-cuentan-con-los-fondos-para-garantizar-la-nutricion-de-los-chicos\/#primaryimage\"},\"thumbnailUrl\":\"https:\/\/apuntesdesanluis.com\/wp-content\/uploads\/2024\/03\/pane.png\",\"articleSection\":[\"Ciudad\/Provincia\"],\"inLanguage\":\"es-AR\"},{\"@type\":\"WebPage\",\"@id\":\"https:\/\/apuntesdesanluis.com\/index.php\/2024\/03\/10\/las-escuelas-publicas-ya-cuentan-con-los-fondos-para-garantizar-la-nutricion-de-los-chicos\/\",\"url\":\"https:\/\/apuntesdesanluis.com\/index.php\/2024\/03\/10\/las-escuelas-publicas-ya-cuentan-con-los-fondos-para-garantizar-la-nutricion-de-los-chicos\/\",\"name\":\"LAS ESCUELAS P\u00daBLICAS YA CUENTAN CON LOS FONDOS PARA GARANTIZAR LA NUTRICI\u00d3N DE LOS CHICOS - Apuntes de San Luis\",\"isPartOf\":{\"@id\":\"https:\/\/apuntesdesanluis.com\/#website\"},\"primaryImageOfPage\":{\"@id\":\"https:\/\/apuntesdesanluis.com\/index.php\/2024\/03\/10\/las-escuelas-publicas-ya-cuentan-con-los-fondos-para-garantizar-la-nutricion-de-los-chicos\/#primaryimage\"},\"image\":{\"@id\":\"https:\/\/apuntesdesanluis.com\/index.php\/2024\/03\/10\/las-escuelas-publicas-ya-cuentan-con-los-fondos-para-garantizar-la-nutricion-de-los-chicos\/#primaryimage\"},\"thumbnailUrl\":\"https:\/\/apuntesdesanluis.com\/wp-content\/uploads\/2024\/03\/pane.png\",\"datePublished\":\"2024-03-10T23:05:20+00:00\",\"breadcrumb\":{\"@id\":\"https:\/\/apuntesdesanluis.com\/index.php\/2024\/03\/10\/las-escuelas-publicas-ya-cuentan-con-los-fondos-para-garantizar-la-nutricion-de-los-chicos\/#breadcrumb\"},\"inLanguage\":\"es-AR\",\"potentialAction\":[{\"@type\":\"ReadAction\",\"target\":[\"https:\/\/apuntesdesanluis.com\/index.php\/2024\/03\/10\/las-escuelas-publicas-ya-cuentan-con-los-fondos-para-garantizar-la-nutricion-de-los-chicos\/\"]}]},{\"@type\":\"ImageObject\",\"inLanguage\":\"es-AR\",\"@id\":\"https:\/\/apuntesdesanluis.com\/index.php\/2024\/03\/10\/las-escuelas-publicas-ya-cuentan-con-los-fondos-para-garantizar-la-nutricion-de-los-chicos\/#primaryimage\",\"url\":\"https:\/\/apuntesdesanluis.com\/wp-content\/uploads\/2024\/03\/pane.png\",\"contentUrl\":\"https:\/\/apuntesdesanluis.com\/wp-content\/uploads\/2024\/03\/pane.png\",\"width\":600,\"height\":404},{\"@type\":\"BreadcrumbList\",\"@id\":\"https:\/\/apuntesdesanluis.com\/index.php\/2024\/03\/10\/las-escuelas-publicas-ya-cuentan-con-los-fondos-para-garantizar-la-nutricion-de-los-chicos\/#breadcrumb\",\"itemListElement\":[{\"@type\":\"ListItem\",\"position\":1,\"name\":\"Inicio\",\"item\":\"https:\/\/apuntesdesanluis.com\/\"},{\"@type\":\"ListItem\",\"position\":2,\"name\":\"LAS ESCUELAS P\u00daBLICAS YA CUENTAN CON LOS FONDOS PARA GARANTIZAR LA NUTRICI\u00d3N DE LOS CHICOS\"}]},{\"@type\":\"WebSite\",\"@id\":\"https:\/\/apuntesdesanluis.com\/#website\",\"url\":\"https:\/\/apuntesdesanluis.com\/\",\"name\":\"Apuntes de San Luis\",\"description\":\"\",\"publisher\":{\"@id\":\"https:\/\/apuntesdesanluis.com\/#\/schema\/person\/b55151d52296fcce64d1a72538a70b90\"},\"potentialAction\":[{\"@type\":\"SearchAction\",\"target\":{\"@type\":\"EntryPoint\",\"urlTemplate\":\"https:\/\/apuntesdesanluis.com\/?s={search_term_string}\"},\"query-input\":{\"@type\":\"PropertyValueSpecification\",\"valueRequired\":true,\"valueName\":\"search_term_string\"}}],\"inLanguage\":\"es-AR\"},{\"@type\":[\"Person\",\"Organization\"],\"@id\":\"https:\/\/apuntesdesanluis.com\/#\/schema\/person\/b55151d52296fcce64d1a72538a70b90\",\"name\":\"apuntesdesanluis.com\",\"image\":{\"@type\":\"ImageObject\",\"inLanguage\":\"es-AR\",\"@id\":\"https:\/\/apuntesdesanluis.com\/#\/schema\/person\/image\/\",\"url\":\"https:\/\/apuntesdesanluis.com\/wp-content\/uploads\/2023\/07\/cropped-apuntesdesanluis.png\",\"contentUrl\":\"https:\/\/apuntesdesanluis.com\/wp-content\/uploads\/2023\/07\/cropped-apuntesdesanluis.png\",\"width\":450,\"height\":112,\"caption\":\"apuntesdesanluis.com\"},\"logo\":{\"@id\":\"https:\/\/apuntesdesanluis.com\/#\/schema\/person\/image\/\"},\"sameAs\":[\"https:\/\/apuntesdesanluis.com\"],\"url\":\"https:\/\/apuntesdesanluis.com\/index.php\/author\/apuntesdesanluis-com\/\"}]}<\/script>\n<!-- \/ Yoast SEO plugin. -->","yoast_head_json":{"title":"LAS ESCUELAS P\u00daBLICAS YA CUENTAN CON LOS FONDOS PARA GARANTIZAR LA NUTRICI\u00d3N DE LOS CHICOS - Apuntes de San Luis","robots":{"index":"index","follow":"follow","max-snippet":"max-snippet:-1","max-image-preview":"max-image-preview:large","max-video-preview":"max-video-preview:-1"},"canonical":"https:\/\/apuntesdesanluis.com\/index.php\/2024\/03\/10\/las-escuelas-publicas-ya-cuentan-con-los-fondos-para-garantizar-la-nutricion-de-los-chicos\/","og_locale":"es_ES","og_type":"article","og_title":"LAS ESCUELAS P\u00daBLICAS YA CUENTAN CON LOS FONDOS PARA GARANTIZAR LA NUTRICI\u00d3N DE LOS CHICOS - Apuntes de San Luis","og_description":"El pasado 23 de febrero, el gobernador Claudio Poggi hab\u00eda anunciado este plan que incluye...","og_url":"https:\/\/apuntesdesanluis.com\/index.php\/2024\/03\/10\/las-escuelas-publicas-ya-cuentan-con-los-fondos-para-garantizar-la-nutricion-de-los-chicos\/","og_site_name":"Apuntes de San Luis","article_published_time":"2024-03-10T23:05:20+00:00","og_image":[{"width":600,"height":404,"url":"https:\/\/apuntesdesanluis.com\/wp-content\/uploads\/2024\/03\/pane.png","type":"image\/png"}],"author":"apuntesdesanluis.com","twitter_card":"summary_large_image","twitter_misc":{"Escrito por":"apuntesdesanluis.com","Tiempo de lectura":"2 minutos"},"schema":{"@context":"https:\/\/schema.org","@graph":[{"@type":"Article","@id":"https:\/\/apuntesdesanluis.com\/index.php\/2024\/03\/10\/las-escuelas-publicas-ya-cuentan-con-los-fondos-para-garantizar-la-nutricion-de-los-chicos\/#article","isPartOf":{"@id":"https:\/\/apuntesdesanluis.com\/index.php\/2024\/03\/10\/las-escuelas-publicas-ya-cuentan-con-los-fondos-para-garantizar-la-nutricion-de-los-chicos\/"},"author":{"name":"apuntesdesanluis.com","@id":"https:\/\/apuntesdesanluis.com\/#\/schema\/person\/b55151d52296fcce64d1a72538a70b90"},"headline":"LAS ESCUELAS P\u00daBLICAS YA CUENTAN CON LOS FONDOS PARA GARANTIZAR LA NUTRICI\u00d3N DE LOS CHICOS","datePublished":"2024-03-10T23:05:20+00:00","mainEntityOfPage":{"@id":"https:\/\/apuntesdesanluis.com\/index.php\/2024\/03\/10\/las-escuelas-publicas-ya-cuentan-con-los-fondos-para-garantizar-la-nutricion-de-los-chicos\/"},"wordCount":474,"publisher":{"@id":"https:\/\/apuntesdesanluis.com\/#\/schema\/person\/b55151d52296fcce64d1a72538a70b90"},"image":{"@id":"https:\/\/apuntesdesanluis.com\/index.php\/2024\/03\/10\/las-escuelas-publicas-ya-cuentan-con-los-fondos-para-garantizar-la-nutricion-de-los-chicos\/#primaryimage"},"thumbnailUrl":"https:\/\/apuntesdesanluis.com\/wp-content\/uploads\/2024\/03\/pane.png","articleSection":["Ciudad\/Provincia"],"inLanguage":"es-AR"},{"@type":"WebPage","@id":"https:\/\/apuntesdesanluis.com\/index.php\/2024\/03\/10\/las-escuelas-publicas-ya-cuentan-con-los-fondos-para-garantizar-la-nutricion-de-los-chicos\/","url":"https:\/\/apuntesdesanluis.com\/index.php\/2024\/03\/10\/las-escuelas-publicas-ya-cuentan-con-los-fondos-para-garantizar-la-nutricion-de-los-chicos\/","name":"LAS ESCUELAS P\u00daBLICAS YA CUENTAN CON LOS FONDOS PARA GARANTIZAR LA NUTRICI\u00d3N DE LOS CHICOS - Apuntes de San Luis","isPartOf":{"@id":"https:\/\/apuntesdesanluis.com\/#website"},"primaryImageOfPage":{"@id":"https:\/\/apuntesdesanluis.com\/index.php\/2024\/03\/10\/las-escuelas-publicas-ya-cuentan-con-los-fondos-para-garantizar-la-nutricion-de-los-chicos\/#primaryimage"},"image":{"@id":"https:\/\/apuntesdesanluis.com\/index.php\/2024\/03\/10\/las-escuelas-publicas-ya-cuentan-con-los-fondos-para-garantizar-la-nutricion-de-los-chicos\/#primaryimage"},"thumbnailUrl":"https:\/\/apuntesdesanluis.com\/wp-content\/uploads\/2024\/03\/pane.png","datePublished":"2024-03-10T23:05:20+00:00","breadcrumb":{"@id":"https:\/\/apuntesdesanluis.com\/index.php\/2024\/03\/10\/las-escuelas-publicas-ya-cuentan-con-los-fondos-para-garantizar-la-nutricion-de-los-chicos\/#breadcrumb"},"inLanguage":"es-AR","potentialAction":[{"@type":"ReadAction","target":["https:\/\/apuntesdesanluis.com\/index.php\/2024\/03\/10\/las-escuelas-publicas-ya-cuentan-con-los-fondos-para-garantizar-la-nutricion-de-los-chicos\/"]}]},{"@type":"ImageObject","inLanguage":"es-AR","@id":"https:\/\/apuntesdesanluis.com\/index.php\/2024\/03\/10\/las-escuelas-publicas-ya-cuentan-con-los-fondos-para-garantizar-la-nutricion-de-los-chicos\/#primaryimage","url":"https:\/\/apuntesdesanluis.com\/wp-content\/uploads\/2024\/03\/pane.png","contentUrl":"https:\/\/apuntesdesanluis.com\/wp-content\/uploads\/2024\/03\/pane.png","width":600,"height":404},{"@type":"BreadcrumbList","@id":"https:\/\/apuntesdesanluis.com\/index.php\/2024\/03\/10\/las-escuelas-publicas-ya-cuentan-con-los-fondos-para-garantizar-la-nutricion-de-los-chicos\/#breadcrumb","itemListElement":[{"@type":"ListItem","position":1,"name":"Inicio","item":"https:\/\/apuntesdesanluis.com\/"},{"@type":"ListItem","position":2,"name":"LAS ESCUELAS P\u00daBLICAS YA CUENTAN CON LOS FONDOS PARA GARANTIZAR LA NUTRICI\u00d3N DE LOS CHICOS"}]},{"@type":"WebSite","@id":"https:\/\/apuntesdesanluis.com\/#website","url":"https:\/\/apuntesdesanluis.com\/","name":"Apuntes de San Luis","description":"","publisher":{"@id":"https:\/\/apuntesdesanluis.com\/#\/schema\/person\/b55151d52296fcce64d1a72538a70b90"},"potentialAction":[{"@type":"SearchAction","target":{"@type":"EntryPoint","urlTemplate":"https:\/\/apuntesdesanluis.com\/?s={search_term_string}"},"query-input":{"@type":"PropertyValueSpecification","valueRequired":true,"valueName":"search_term_string"}}],"inLanguage":"es-AR"},{"@type":["Person","Organization"],"@id":"https:\/\/apuntesdesanluis.com\/#\/schema\/person\/b55151d52296fcce64d1a72538a70b90","name":"apuntesdesanluis.com","image":{"@type":"ImageObject","inLanguage":"es-AR","@id":"https:\/\/apuntesdesanluis.com\/#\/schema\/person\/image\/","url":"https:\/\/apuntesdesanluis.com\/wp-content\/uploads\/2023\/07\/cropped-apuntesdesanluis.png","contentUrl":"https:\/\/apuntesdesanluis.com\/wp-content\/uploads\/2023\/07\/cropped-apuntesdesanluis.png","width":450,"height":112,"caption":"apuntesdesanluis.com"},"logo":{"@id":"https:\/\/apuntesdesanluis.com\/#\/schema\/person\/image\/"},"sameAs":["https:\/\/apuntesdesanluis.com"],"url":"https:\/\/apuntesdesanluis.com\/index.php\/author\/apuntesdesanluis-com\/"}]}},"featured_image_urls":{"full":["https:\/\/apuntesdesanluis.com\/wp-content\/uploads\/2024\/03\/pane.png",600,404,false],"thumbnail":["https:\/\/apuntesdesanluis.com\/wp-content\/uploads\/2024\/03\/pane-150x150.png",150,150,true],"medium":["https:\/\/apuntesdesanluis.com\/wp-content\/uploads\/2024\/03\/pane-300x202.png",300,202,true],"medium_large":["https:\/\/apuntesdesanluis.com\/wp-content\/uploads\/2024\/03\/pane.png",600,404,false],"large":["https:\/\/apuntesdesanluis.com\/wp-content\/uploads\/2024\/03\/pane.png",600,404,false],"1536x1536":["https:\/\/apuntesdesanluis.com\/wp-content\/uploads\/2024\/03\/pane.png",600,404,false],"2048x2048":["https:\/\/apuntesdesanluis.com\/wp-content\/uploads\/2024\/03\/pane.png",600,404,false],"newsever-slider-full":["https:\/\/apuntesdesanluis.com\/wp-content\/uploads\/2024\/03\/pane.png",600,404,false],"newsever-featured":["https:\/\/apuntesdesanluis.com\/wp-content\/uploads\/2024\/03\/pane.png",600,404,false],"newsever-medium":["https:\/\/apuntesdesanluis.com\/wp-content\/uploads\/2024\/03\/pane.png",600,404,false]},"author_info":{"display_name":"apuntesdesanluis.com","author_link":"https:\/\/apuntesdesanluis.com\/index.php\/author\/apuntesdesanluis-com\/"},"category_info":"<a href=\"https:\/\/apuntesdesanluis.com\/index.php\/category\/ciudad-provincia\/\" rel=\"category tag\">Ciudad\/Provincia<\/a>","tag_info":"Ciudad\/Provincia","comment_count":"0","_links":{"self":[{"href":"https:\/\/apuntesdesanluis.com\/index.php\/wp-json\/wp\/v2\/posts\/12969","targetHints":{"allow":["GET"]}}],"collection":[{"href":"https:\/\/apuntesdesanluis.com\/index.php\/wp-json\/wp\/v2\/posts"}],"about":[{"href":"https:\/\/apuntesdesanluis.com\/index.php\/wp-json\/wp\/v2\/types\/post"}],"author":[{"embeddable":true,"href":"https:\/\/apuntesdesanluis.com\/index.php\/wp-json\/wp\/v2\/users\/1"}],"replies":[{"embeddable":true,"href":"https:\/\/apuntesdesanluis.com\/index.php\/wp-json\/wp\/v2\/comments?post=12969"}],"version-history":[{"count":1,"href":"https:\/\/apuntesdesanluis.com\/index.php\/wp-json\/wp\/v2\/posts\/12969\/revisions"}],"predecessor-version":[{"id":12971,"href":"https:\/\/apuntesdesanluis.com\/index.php\/wp-json\/wp\/v2\/posts\/12969\/revisions\/12971"}],"wp:featuredmedia":[{"embeddable":true,"href":"https:\/\/apuntesdesanluis.com\/index.php\/wp-json\/wp\/v2\/media\/12970"}],"wp:attachment":[{"href":"https:\/\/apuntesdesanluis.com\/index.php\/wp-json\/wp\/v2\/media?parent=12969"}],"wp:term":[{"taxonomy":"category","embeddable":true,"href":"https:\/\/apuntesdesanluis.com\/index.php\/wp-json\/wp\/v2\/categories?post=12969"},{"taxonomy":"post_tag","embeddable":true,"href":"https:\/\/apuntesdesanluis.com\/index.php\/wp-json\/wp\/v2\/tags?post=12969"}],"curies":[{"name":"wp","href":"https:\/\/api.w.org\/{rel}","templated":true}]}}