{"id":12972,"date":"2024-03-10T20:24:22","date_gmt":"2024-03-10T23:24:22","guid":{"rendered":"https:\/\/apuntesdesanluis.com\/?p=12972"},"modified":"2024-03-10T20:24:22","modified_gmt":"2024-03-10T23:24:22","slug":"el-servicio-meteorologico-anticipa-inestabilidad-y-elevadas-temperaturas","status":"publish","type":"post","link":"https:\/\/apuntesdesanluis.com\/index.php\/2024\/03\/10\/el-servicio-meteorologico-anticipa-inestabilidad-y-elevadas-temperaturas\/","title":{"rendered":"EL SERVICIO METEOROL\u00d3GICO ANTICIPA INESTABILIDAD Y ELEVADAS TEMPERATURAS"},"content":{"rendered":"<h3>La <strong>Red de Estaciones Meteorol\u00f3gicas<\/strong> de la provincia pronostica que este lunes podr\u00edan registrarse lluvias aisladas, aunque persistir\u00e1n las temperaturas superiores a los 30\u00b0 durante toda la semana.<\/h3>\n<h3><strong>LUNES 11<\/strong><\/h3>\n<h3>Jornada donde contin\u00faa la inestabilidad con leve ascenso de la temperatura. El cielo estar\u00e1 parcialmente nublado a nublado con probables lluvias aisladas. En promedio, se esperan m\u00ednimas de 19\u00b0C y m\u00e1ximas de 31\u00b0C. El viento ser\u00e1 variable del sector este con algunas r\u00e1fagas.<\/h3>\n<h3><strong>MARTES 12<\/strong><\/h3>\n<h3>Jornada inestable con ascenso de temperaturas. El cielo estar\u00e1 mayormente nublado. En promedio, se esperan m\u00ednimas de 20\u00b0C y m\u00e1ximas de 30\u00b0C. El viento ser\u00e1 predominante del sector este.<\/h3>\n<h3><strong>MI\u00c9RCOLES 13<\/strong><\/h3>\n<h3>Jornada algo inestable con leve descenso de las temperaturas. El cielo estar\u00e1 parcialmente nublado. En promedio, se esperan m\u00ednimas de 19\u00b0C y m\u00e1ximas de 31\u00b0C. El viento ser\u00e1 del sector sureste con algunas r\u00e1fagas fuertes.<\/h3>\n","protected":false},"excerpt":{"rendered":"<p>La Red de Estaciones Meteorol\u00f3gicas de la provincia pronostica que este lunes podr\u00edan registrarse lluvias&#8230;<\/p>\n","protected":false},"author":1,"featured_media":12973,"comment_status":"closed","ping_status":"closed","sticky":false,"template":"","format":"standard","meta":{"footnotes":""},"categories":[6],"tags":[],"class_list":["post-12972","post","type-post","status-publish","format-standard","has-post-thumbnail","hentry","category-ciudad-provincia"],"yoast_head":"<!-- This site is optimized with the Yoast SEO plugin v26.1.1 - https:\/\/yoast.com\/wordpress\/plugins\/seo\/ -->\n<title>EL SERVICIO METEOROL\u00d3GICO ANTICIPA INESTABILIDAD Y ELEVADAS TEMPERATURAS - Apuntes de San Luis<\/title>\n<meta name=\"robots\" content=\"index, follow, max-snippet:-1, max-image-preview:large, max-video-preview:-1\" \/>\n<link rel=\"canonical\" href=\"https:\/\/apuntesdesanluis.com\/index.php\/2024\/03\/10\/el-servicio-meteorologico-anticipa-inestabilidad-y-elevadas-temperaturas\/\" \/>\n<meta property=\"og:locale\" content=\"es_ES\" \/>\n<meta property=\"og:type\" content=\"article\" \/>\n<meta property=\"og:title\" content=\"EL SERVICIO METEOROL\u00d3GICO ANTICIPA INESTABILIDAD Y ELEVADAS TEMPERATURAS - Apuntes de San Luis\" \/>\n<meta property=\"og:description\" content=\"La Red de Estaciones Meteorol\u00f3gicas de la provincia pronostica que este lunes podr\u00edan registrarse lluvias...\" \/>\n<meta property=\"og:url\" content=\"https:\/\/apuntesdesanluis.com\/index.php\/2024\/03\/10\/el-servicio-meteorologico-anticipa-inestabilidad-y-elevadas-temperaturas\/\" \/>\n<meta property=\"og:site_name\" content=\"Apuntes de San Luis\" \/>\n<meta property=\"article:published_time\" content=\"2024-03-10T23:24:22+00:00\" \/>\n<meta property=\"og:image\" content=\"https:\/\/apuntesdesanluis.com\/wp-content\/uploads\/2024\/03\/NUBLADO-Y-CALUROSO.png\" \/>\n\t<meta property=\"og:image:width\" content=\"615\" \/>\n\t<meta property=\"og:image:height\" content=\"345\" \/>\n\t<meta property=\"og:image:type\" content=\"image\/png\" \/>\n<meta name=\"author\" content=\"apuntesdesanluis.com\" \/>\n<meta name=\"twitter:card\" content=\"summary_large_image\" \/>\n<meta name=\"twitter:label1\" content=\"Escrito por\" \/>\n\t<meta name=\"twitter:data1\" content=\"apuntesdesanluis.com\" \/>\n\t<meta name=\"twitter:label2\" content=\"Tiempo de lectura\" \/>\n\t<meta name=\"twitter:data2\" content=\"1 minuto\" \/>\n<script type=\"application\/ld+json\" class=\"yoast-schema-graph\">{\"@context\":\"https:\/\/schema.org\",\"@graph\":[{\"@type\":\"Article\",\"@id\":\"https:\/\/apuntesdesanluis.com\/index.php\/2024\/03\/10\/el-servicio-meteorologico-anticipa-inestabilidad-y-elevadas-temperaturas\/#article\",\"isPartOf\":{\"@id\":\"https:\/\/apuntesdesanluis.com\/index.php\/2024\/03\/10\/el-servicio-meteorologico-anticipa-inestabilidad-y-elevadas-temperaturas\/\"},\"author\":{\"name\":\"apuntesdesanluis.com\",\"@id\":\"https:\/\/apuntesdesanluis.com\/#\/schema\/person\/b55151d52296fcce64d1a72538a70b90\"},\"headline\":\"EL SERVICIO METEOROL\u00d3GICO ANTICIPA INESTABILIDAD Y ELEVADAS TEMPERATURAS\",\"datePublished\":\"2024-03-10T23:24:22+00:00\",\"mainEntityOfPage\":{\"@id\":\"https:\/\/apuntesdesanluis.com\/index.php\/2024\/03\/10\/el-servicio-meteorologico-anticipa-inestabilidad-y-elevadas-temperaturas\/\"},\"wordCount\":159,\"publisher\":{\"@id\":\"https:\/\/apuntesdesanluis.com\/#\/schema\/person\/b55151d52296fcce64d1a72538a70b90\"},\"image\":{\"@id\":\"https:\/\/apuntesdesanluis.com\/index.php\/2024\/03\/10\/el-servicio-meteorologico-anticipa-inestabilidad-y-elevadas-temperaturas\/#primaryimage\"},\"thumbnailUrl\":\"https:\/\/apuntesdesanluis.com\/wp-content\/uploads\/2024\/03\/NUBLADO-Y-CALUROSO.png\",\"articleSection\":[\"Ciudad\/Provincia\"],\"inLanguage\":\"es-AR\"},{\"@type\":\"WebPage\",\"@id\":\"https:\/\/apuntesdesanluis.com\/index.php\/2024\/03\/10\/el-servicio-meteorologico-anticipa-inestabilidad-y-elevadas-temperaturas\/\",\"url\":\"https:\/\/apuntesdesanluis.com\/index.php\/2024\/03\/10\/el-servicio-meteorologico-anticipa-inestabilidad-y-elevadas-temperaturas\/\",\"name\":\"EL SERVICIO METEOROL\u00d3GICO ANTICIPA INESTABILIDAD Y ELEVADAS TEMPERATURAS - Apuntes de San Luis\",\"isPartOf\":{\"@id\":\"https:\/\/apuntesdesanluis.com\/#website\"},\"primaryImageOfPage\":{\"@id\":\"https:\/\/apuntesdesanluis.com\/index.php\/2024\/03\/10\/el-servicio-meteorologico-anticipa-inestabilidad-y-elevadas-temperaturas\/#primaryimage\"},\"image\":{\"@id\":\"https:\/\/apuntesdesanluis.com\/index.php\/2024\/03\/10\/el-servicio-meteorologico-anticipa-inestabilidad-y-elevadas-temperaturas\/#primaryimage\"},\"thumbnailUrl\":\"https:\/\/apuntesdesanluis.com\/wp-content\/uploads\/2024\/03\/NUBLADO-Y-CALUROSO.png\",\"datePublished\":\"2024-03-10T23:24:22+00:00\",\"breadcrumb\":{\"@id\":\"https:\/\/apuntesdesanluis.com\/index.php\/2024\/03\/10\/el-servicio-meteorologico-anticipa-inestabilidad-y-elevadas-temperaturas\/#breadcrumb\"},\"inLanguage\":\"es-AR\",\"potentialAction\":[{\"@type\":\"ReadAction\",\"target\":[\"https:\/\/apuntesdesanluis.com\/index.php\/2024\/03\/10\/el-servicio-meteorologico-anticipa-inestabilidad-y-elevadas-temperaturas\/\"]}]},{\"@type\":\"ImageObject\",\"inLanguage\":\"es-AR\",\"@id\":\"https:\/\/apuntesdesanluis.com\/index.php\/2024\/03\/10\/el-servicio-meteorologico-anticipa-inestabilidad-y-elevadas-temperaturas\/#primaryimage\",\"url\":\"https:\/\/apuntesdesanluis.com\/wp-content\/uploads\/2024\/03\/NUBLADO-Y-CALUROSO.png\",\"contentUrl\":\"https:\/\/apuntesdesanluis.com\/wp-content\/uploads\/2024\/03\/NUBLADO-Y-CALUROSO.png\",\"width\":615,\"height\":345},{\"@type\":\"BreadcrumbList\",\"@id\":\"https:\/\/apuntesdesanluis.com\/index.php\/2024\/03\/10\/el-servicio-meteorologico-anticipa-inestabilidad-y-elevadas-temperaturas\/#breadcrumb\",\"itemListElement\":[{\"@type\":\"ListItem\",\"position\":1,\"name\":\"Inicio\",\"item\":\"https:\/\/apuntesdesanluis.com\/\"},{\"@type\":\"ListItem\",\"position\":2,\"name\":\"EL SERVICIO METEOROL\u00d3GICO ANTICIPA INESTABILIDAD Y ELEVADAS TEMPERATURAS\"}]},{\"@type\":\"WebSite\",\"@id\":\"https:\/\/apuntesdesanluis.com\/#website\",\"url\":\"https:\/\/apuntesdesanluis.com\/\",\"name\":\"Apuntes de San Luis\",\"description\":\"\",\"publisher\":{\"@id\":\"https:\/\/apuntesdesanluis.com\/#\/schema\/person\/b55151d52296fcce64d1a72538a70b90\"},\"potentialAction\":[{\"@type\":\"SearchAction\",\"target\":{\"@type\":\"EntryPoint\",\"urlTemplate\":\"https:\/\/apuntesdesanluis.com\/?s={search_term_string}\"},\"query-input\":{\"@type\":\"PropertyValueSpecification\",\"valueRequired\":true,\"valueName\":\"search_term_string\"}}],\"inLanguage\":\"es-AR\"},{\"@type\":[\"Person\",\"Organization\"],\"@id\":\"https:\/\/apuntesdesanluis.com\/#\/schema\/person\/b55151d52296fcce64d1a72538a70b90\",\"name\":\"apuntesdesanluis.com\",\"image\":{\"@type\":\"ImageObject\",\"inLanguage\":\"es-AR\",\"@id\":\"https:\/\/apuntesdesanluis.com\/#\/schema\/person\/image\/\",\"url\":\"https:\/\/apuntesdesanluis.com\/wp-content\/uploads\/2023\/07\/cropped-apuntesdesanluis.png\",\"contentUrl\":\"https:\/\/apuntesdesanluis.com\/wp-content\/uploads\/2023\/07\/cropped-apuntesdesanluis.png\",\"width\":450,\"height\":112,\"caption\":\"apuntesdesanluis.com\"},\"logo\":{\"@id\":\"https:\/\/apuntesdesanluis.com\/#\/schema\/person\/image\/\"},\"sameAs\":[\"https:\/\/apuntesdesanluis.com\"],\"url\":\"https:\/\/apuntesdesanluis.com\/index.php\/author\/apuntesdesanluis-com\/\"}]}<\/script>\n<!-- \/ Yoast SEO plugin. -->","yoast_head_json":{"title":"EL SERVICIO METEOROL\u00d3GICO ANTICIPA INESTABILIDAD Y ELEVADAS TEMPERATURAS - Apuntes de San Luis","robots":{"index":"index","follow":"follow","max-snippet":"max-snippet:-1","max-image-preview":"max-image-preview:large","max-video-preview":"max-video-preview:-1"},"canonical":"https:\/\/apuntesdesanluis.com\/index.php\/2024\/03\/10\/el-servicio-meteorologico-anticipa-inestabilidad-y-elevadas-temperaturas\/","og_locale":"es_ES","og_type":"article","og_title":"EL SERVICIO METEOROL\u00d3GICO ANTICIPA INESTABILIDAD Y ELEVADAS TEMPERATURAS - Apuntes de San Luis","og_description":"La Red de Estaciones Meteorol\u00f3gicas de la provincia pronostica que este lunes podr\u00edan registrarse lluvias...","og_url":"https:\/\/apuntesdesanluis.com\/index.php\/2024\/03\/10\/el-servicio-meteorologico-anticipa-inestabilidad-y-elevadas-temperaturas\/","og_site_name":"Apuntes de San Luis","article_published_time":"2024-03-10T23:24:22+00:00","og_image":[{"width":615,"height":345,"url":"https:\/\/apuntesdesanluis.com\/wp-content\/uploads\/2024\/03\/NUBLADO-Y-CALUROSO.png","type":"image\/png"}],"author":"apuntesdesanluis.com","twitter_card":"summary_large_image","twitter_misc":{"Escrito por":"apuntesdesanluis.com","Tiempo de lectura":"1 minuto"},"schema":{"@context":"https:\/\/schema.org","@graph":[{"@type":"Article","@id":"https:\/\/apuntesdesanluis.com\/index.php\/2024\/03\/10\/el-servicio-meteorologico-anticipa-inestabilidad-y-elevadas-temperaturas\/#article","isPartOf":{"@id":"https:\/\/apuntesdesanluis.com\/index.php\/2024\/03\/10\/el-servicio-meteorologico-anticipa-inestabilidad-y-elevadas-temperaturas\/"},"author":{"name":"apuntesdesanluis.com","@id":"https:\/\/apuntesdesanluis.com\/#\/schema\/person\/b55151d52296fcce64d1a72538a70b90"},"headline":"EL SERVICIO METEOROL\u00d3GICO ANTICIPA INESTABILIDAD Y ELEVADAS TEMPERATURAS","datePublished":"2024-03-10T23:24:22+00:00","mainEntityOfPage":{"@id":"https:\/\/apuntesdesanluis.com\/index.php\/2024\/03\/10\/el-servicio-meteorologico-anticipa-inestabilidad-y-elevadas-temperaturas\/"},"wordCount":159,"publisher":{"@id":"https:\/\/apuntesdesanluis.com\/#\/schema\/person\/b55151d52296fcce64d1a72538a70b90"},"image":{"@id":"https:\/\/apuntesdesanluis.com\/index.php\/2024\/03\/10\/el-servicio-meteorologico-anticipa-inestabilidad-y-elevadas-temperaturas\/#primaryimage"},"thumbnailUrl":"https:\/\/apuntesdesanluis.com\/wp-content\/uploads\/2024\/03\/NUBLADO-Y-CALUROSO.png","articleSection":["Ciudad\/Provincia"],"inLanguage":"es-AR"},{"@type":"WebPage","@id":"https:\/\/apuntesdesanluis.com\/index.php\/2024\/03\/10\/el-servicio-meteorologico-anticipa-inestabilidad-y-elevadas-temperaturas\/","url":"https:\/\/apuntesdesanluis.com\/index.php\/2024\/03\/10\/el-servicio-meteorologico-anticipa-inestabilidad-y-elevadas-temperaturas\/","name":"EL SERVICIO METEOROL\u00d3GICO ANTICIPA INESTABILIDAD Y ELEVADAS TEMPERATURAS - Apuntes de San Luis","isPartOf":{"@id":"https:\/\/apuntesdesanluis.com\/#website"},"primaryImageOfPage":{"@id":"https:\/\/apuntesdesanluis.com\/index.php\/2024\/03\/10\/el-servicio-meteorologico-anticipa-inestabilidad-y-elevadas-temperaturas\/#primaryimage"},"image":{"@id":"https:\/\/apuntesdesanluis.com\/index.php\/2024\/03\/10\/el-servicio-meteorologico-anticipa-inestabilidad-y-elevadas-temperaturas\/#primaryimage"},"thumbnailUrl":"https:\/\/apuntesdesanluis.com\/wp-content\/uploads\/2024\/03\/NUBLADO-Y-CALUROSO.png","datePublished":"2024-03-10T23:24:22+00:00","breadcrumb":{"@id":"https:\/\/apuntesdesanluis.com\/index.php\/2024\/03\/10\/el-servicio-meteorologico-anticipa-inestabilidad-y-elevadas-temperaturas\/#breadcrumb"},"inLanguage":"es-AR","potentialAction":[{"@type":"ReadAction","target":["https:\/\/apuntesdesanluis.com\/index.php\/2024\/03\/10\/el-servicio-meteorologico-anticipa-inestabilidad-y-elevadas-temperaturas\/"]}]},{"@type":"ImageObject","inLanguage":"es-AR","@id":"https:\/\/apuntesdesanluis.com\/index.php\/2024\/03\/10\/el-servicio-meteorologico-anticipa-inestabilidad-y-elevadas-temperaturas\/#primaryimage","url":"https:\/\/apuntesdesanluis.com\/wp-content\/uploads\/2024\/03\/NUBLADO-Y-CALUROSO.png","contentUrl":"https:\/\/apuntesdesanluis.com\/wp-content\/uploads\/2024\/03\/NUBLADO-Y-CALUROSO.png","width":615,"height":345},{"@type":"BreadcrumbList","@id":"https:\/\/apuntesdesanluis.com\/index.php\/2024\/03\/10\/el-servicio-meteorologico-anticipa-inestabilidad-y-elevadas-temperaturas\/#breadcrumb","itemListElement":[{"@type":"ListItem","position":1,"name":"Inicio","item":"https:\/\/apuntesdesanluis.com\/"},{"@type":"ListItem","position":2,"name":"EL SERVICIO METEOROL\u00d3GICO ANTICIPA INESTABILIDAD Y ELEVADAS TEMPERATURAS"}]},{"@type":"WebSite","@id":"https:\/\/apuntesdesanluis.com\/#website","url":"https:\/\/apuntesdesanluis.com\/","name":"Apuntes de San Luis","description":"","publisher":{"@id":"https:\/\/apuntesdesanluis.com\/#\/schema\/person\/b55151d52296fcce64d1a72538a70b90"},"potentialAction":[{"@type":"SearchAction","target":{"@type":"EntryPoint","urlTemplate":"https:\/\/apuntesdesanluis.com\/?s={search_term_string}"},"query-input":{"@type":"PropertyValueSpecification","valueRequired":true,"valueName":"search_term_string"}}],"inLanguage":"es-AR"},{"@type":["Person","Organization"],"@id":"https:\/\/apuntesdesanluis.com\/#\/schema\/person\/b55151d52296fcce64d1a72538a70b90","name":"apuntesdesanluis.com","image":{"@type":"ImageObject","inLanguage":"es-AR","@id":"https:\/\/apuntesdesanluis.com\/#\/schema\/person\/image\/","url":"https:\/\/apuntesdesanluis.com\/wp-content\/uploads\/2023\/07\/cropped-apuntesdesanluis.png","contentUrl":"https:\/\/apuntesdesanluis.com\/wp-content\/uploads\/2023\/07\/cropped-apuntesdesanluis.png","width":450,"height":112,"caption":"apuntesdesanluis.com"},"logo":{"@id":"https:\/\/apuntesdesanluis.com\/#\/schema\/person\/image\/"},"sameAs":["https:\/\/apuntesdesanluis.com"],"url":"https:\/\/apuntesdesanluis.com\/index.php\/author\/apuntesdesanluis-com\/"}]}},"featured_image_urls":{"full":["https:\/\/apuntesdesanluis.com\/wp-content\/uploads\/2024\/03\/NUBLADO-Y-CALUROSO.png",615,345,false],"thumbnail":["https:\/\/apuntesdesanluis.com\/wp-content\/uploads\/2024\/03\/NUBLADO-Y-CALUROSO-150x150.png",150,150,true],"medium":["https:\/\/apuntesdesanluis.com\/wp-content\/uploads\/2024\/03\/NUBLADO-Y-CALUROSO-300x168.png",300,168,true],"medium_large":["https:\/\/apuntesdesanluis.com\/wp-content\/uploads\/2024\/03\/NUBLADO-Y-CALUROSO.png",615,345,false],"large":["https:\/\/apuntesdesanluis.com\/wp-content\/uploads\/2024\/03\/NUBLADO-Y-CALUROSO.png",615,345,false],"1536x1536":["https:\/\/apuntesdesanluis.com\/wp-content\/uploads\/2024\/03\/NUBLADO-Y-CALUROSO.png",615,345,false],"2048x2048":["https:\/\/apuntesdesanluis.com\/wp-content\/uploads\/2024\/03\/NUBLADO-Y-CALUROSO.png",615,345,false],"newsever-slider-full":["https:\/\/apuntesdesanluis.com\/wp-content\/uploads\/2024\/03\/NUBLADO-Y-CALUROSO.png",615,345,false],"newsever-featured":["https:\/\/apuntesdesanluis.com\/wp-content\/uploads\/2024\/03\/NUBLADO-Y-CALUROSO.png",615,345,false],"newsever-medium":["https:\/\/apuntesdesanluis.com\/wp-content\/uploads\/2024\/03\/NUBLADO-Y-CALUROSO.png",615,345,false]},"author_info":{"display_name":"apuntesdesanluis.com","author_link":"https:\/\/apuntesdesanluis.com\/index.php\/author\/apuntesdesanluis-com\/"},"category_info":"<a href=\"https:\/\/apuntesdesanluis.com\/index.php\/category\/ciudad-provincia\/\" rel=\"category tag\">Ciudad\/Provincia<\/a>","tag_info":"Ciudad\/Provincia","comment_count":"0","_links":{"self":[{"href":"https:\/\/apuntesdesanluis.com\/index.php\/wp-json\/wp\/v2\/posts\/12972","targetHints":{"allow":["GET"]}}],"collection":[{"href":"https:\/\/apuntesdesanluis.com\/index.php\/wp-json\/wp\/v2\/posts"}],"about":[{"href":"https:\/\/apuntesdesanluis.com\/index.php\/wp-json\/wp\/v2\/types\/post"}],"author":[{"embeddable":true,"href":"https:\/\/apuntesdesanluis.com\/index.php\/wp-json\/wp\/v2\/users\/1"}],"replies":[{"embeddable":true,"href":"https:\/\/apuntesdesanluis.com\/index.php\/wp-json\/wp\/v2\/comments?post=12972"}],"version-history":[{"count":1,"href":"https:\/\/apuntesdesanluis.com\/index.php\/wp-json\/wp\/v2\/posts\/12972\/revisions"}],"predecessor-version":[{"id":12974,"href":"https:\/\/apuntesdesanluis.com\/index.php\/wp-json\/wp\/v2\/posts\/12972\/revisions\/12974"}],"wp:featuredmedia":[{"embeddable":true,"href":"https:\/\/apuntesdesanluis.com\/index.php\/wp-json\/wp\/v2\/media\/12973"}],"wp:attachment":[{"href":"https:\/\/apuntesdesanluis.com\/index.php\/wp-json\/wp\/v2\/media?parent=12972"}],"wp:term":[{"taxonomy":"category","embeddable":true,"href":"https:\/\/apuntesdesanluis.com\/index.php\/wp-json\/wp\/v2\/categories?post=12972"},{"taxonomy":"post_tag","embeddable":true,"href":"https:\/\/apuntesdesanluis.com\/index.php\/wp-json\/wp\/v2\/tags?post=12972"}],"curies":[{"name":"wp","href":"https:\/\/api.w.org\/{rel}","templated":true}]}}