{"id":12978,"date":"2024-03-11T10:17:49","date_gmt":"2024-03-11T13:17:49","guid":{"rendered":"https:\/\/apuntesdesanluis.com\/?p=12978"},"modified":"2024-03-11T10:17:49","modified_gmt":"2024-03-11T13:17:49","slug":"milei-echo-por-television-al-secretario-de-trabajo-por-el-escandalo-del-aumento-de-sueldos","status":"publish","type":"post","link":"https:\/\/apuntesdesanluis.com\/index.php\/2024\/03\/11\/milei-echo-por-television-al-secretario-de-trabajo-por-el-escandalo-del-aumento-de-sueldos\/","title":{"rendered":"MILEI ECH\u00d3 POR TELEVISI\u00d3N AL SECRETARIO DE TRABAJO POR EL ESC\u00c1NDALO DEL AUMENTO DE SUELDOS"},"content":{"rendered":"<h3>El presidente culp\u00f3 a <strong>Omar Yasin<\/strong> por el &#8220;error&#8221; de la suba salarial. El fin de semana hab\u00eda trascendido que la Rosada buscaba descargar el peso del esc\u00e1ndalo en alg\u00fan funcionario, para sacar responsabilidad a <strong>Javier Milei<\/strong> y evitar el desgaste de su figura.<\/h3>\n<h3>Fue as\u00ed como esta ma\u00f1ana el presidente anunci\u00f3 el despido de Yasin durante una entrevista en La Naci\u00f3n +. &#8220;Lo est\u00e1n notificando en este momento&#8221;, dijo Milei.<\/h3>\n<h3>El presidente Javier Milei anunci\u00f3 que despidi\u00f3 al secretario de Trabajo, Omar Yas\u00edn, luego de que este instrumentara los aumentos de sueldo en los cargos del Poder Ejecutivo. \u201cLo he despedido por un error que no debi\u00f3 haber sucedido. Lo est\u00e1n notificando en este momento\u201d, plante\u00f3. Extra\u00f1amente nada dijo del ministro de Econom\u00eda y sus funcionarios, que tambi\u00e9n prestaron acuerdo porque son los que dan cuenta de las partidas para financiar erogaciones.<\/h3>\n<h3>Tras el esc\u00e1ndalo generado a ra\u00edz de los incrementos contemplados en un decreto que llevaba la firma de Milei, el mandatario explic\u00f3: \u201cEn el mes de enero dimos la orden de que no se iban a aumentar los sueldos a lo que vendr\u00eda a ser el personal jer\u00e1rquico&#8221;.<\/h3>\n<h3>&#8220;A los cargos pol\u00edticos no se les dio el aumento, lo que sucede es que se llega a un acuerdo de paritarias, hay una nueva suba de salarios y se dispara un decreto que hab\u00eda enviado Cristina Kirchner que se\u00f1alaba que estos puestos jer\u00e1rquicos no pod\u00edan ganar menos que las personas que est\u00e1n por debajo en la estructura y ah\u00ed se dispar\u00f3 el aumento\u201d, complet\u00f3.<\/h3>\n<h3>Al respecto, enumer\u00f3 que tom\u00f3 dos medidas, el decreto que retrotrae el aumento, que ser\u00e1 descontado en el cobro del pr\u00f3ximo mes, y el despido del Secretario de Trabajo.<\/h3>\n<h3>Asimismo, hizo eco del intercambio que protagoniz\u00f3 con la vicepresidenta Cristina Kirchner v\u00eda redes: \u201cEs muy interesante, ella no se hace cargo de su decreto. Le dije que resigne su jubilaci\u00f3n de privilegio de m\u00e1s de 14 millones de pesos y que vaya por la m\u00ednima\u201d. \u201cLejos de darme una respuesta hizo psicolog\u00eda barata. Yo estoy tranquilo, la que tiene que estar nerviosa es ella que cobra dos jubilaciones de privilegio\u201d, complet\u00f3.<\/h3>\n<h3>Lo que Milei no respondi\u00f3 es lo que la ex presidenta Cristina Fern\u00e1ndez y otros dirigentes le reprocharon, en cuanto a que no mira los decretos que firma, toda vez que el aumento del 48% a los miembros del Ejecutivo lleva su r\u00fabrica.<\/h3>\n<h3>Para colmo, d\u00edas antes el presidente hab\u00eda cuestionado duramente a su vicepresidenta Victoria Villarruel y al titular de Diputados, Mart\u00edn Menem, por haber dispuesto un aumento del 30% para los legisladores.<\/h3>\n<h3>Un esc\u00e1ndalo monumental que ha dejado en rid\u00edculo a los principales miembros el gobierno y provoc\u00f3 un masivo repudio de la poblaci\u00f3n.<\/h3>\n<p>&nbsp;<\/p>\n<p>&nbsp;<\/p>\n<p>&nbsp;<\/p>\n<p>&nbsp;<\/p>\n","protected":false},"excerpt":{"rendered":"<p>El presidente culp\u00f3 a Omar Yasin por el &#8220;error&#8221; de la suba salarial. El fin&#8230;<\/p>\n","protected":false},"author":1,"featured_media":12979,"comment_status":"closed","ping_status":"closed","sticky":false,"template":"","format":"standard","meta":{"footnotes":""},"categories":[5],"tags":[],"class_list":["post-12978","post","type-post","status-publish","format-standard","has-post-thumbnail","hentry","category-nacionales-internacionales"],"yoast_head":"<!-- This site is optimized with the Yoast SEO plugin v26.1.1 - https:\/\/yoast.com\/wordpress\/plugins\/seo\/ -->\n<title>MILEI ECH\u00d3 POR TELEVISI\u00d3N AL SECRETARIO DE TRABAJO POR EL ESC\u00c1NDALO DEL AUMENTO DE SUELDOS - Apuntes de San Luis<\/title>\n<meta name=\"robots\" content=\"index, follow, max-snippet:-1, max-image-preview:large, max-video-preview:-1\" \/>\n<link rel=\"canonical\" href=\"https:\/\/apuntesdesanluis.com\/index.php\/2024\/03\/11\/milei-echo-por-television-al-secretario-de-trabajo-por-el-escandalo-del-aumento-de-sueldos\/\" \/>\n<meta property=\"og:locale\" content=\"es_ES\" \/>\n<meta property=\"og:type\" content=\"article\" \/>\n<meta property=\"og:title\" content=\"MILEI ECH\u00d3 POR TELEVISI\u00d3N AL SECRETARIO DE TRABAJO POR EL ESC\u00c1NDALO DEL AUMENTO DE SUELDOS - Apuntes de San Luis\" \/>\n<meta property=\"og:description\" content=\"El presidente culp\u00f3 a Omar Yasin por el &#8220;error&#8221; de la suba salarial. El fin...\" \/>\n<meta property=\"og:url\" content=\"https:\/\/apuntesdesanluis.com\/index.php\/2024\/03\/11\/milei-echo-por-television-al-secretario-de-trabajo-por-el-escandalo-del-aumento-de-sueldos\/\" \/>\n<meta property=\"og:site_name\" content=\"Apuntes de San Luis\" \/>\n<meta property=\"article:published_time\" content=\"2024-03-11T13:17:49+00:00\" \/>\n<meta property=\"og:image\" content=\"https:\/\/apuntesdesanluis.com\/wp-content\/uploads\/2024\/03\/Omar-Yasin.png\" \/>\n\t<meta property=\"og:image:width\" content=\"600\" \/>\n\t<meta property=\"og:image:height\" content=\"370\" \/>\n\t<meta property=\"og:image:type\" content=\"image\/png\" \/>\n<meta name=\"author\" content=\"apuntesdesanluis.com\" \/>\n<meta name=\"twitter:card\" content=\"summary_large_image\" \/>\n<meta name=\"twitter:label1\" content=\"Escrito por\" \/>\n\t<meta name=\"twitter:data1\" content=\"apuntesdesanluis.com\" \/>\n\t<meta name=\"twitter:label2\" content=\"Tiempo de lectura\" \/>\n\t<meta name=\"twitter:data2\" content=\"3 minutos\" \/>\n<script type=\"application\/ld+json\" class=\"yoast-schema-graph\">{\"@context\":\"https:\/\/schema.org\",\"@graph\":[{\"@type\":\"Article\",\"@id\":\"https:\/\/apuntesdesanluis.com\/index.php\/2024\/03\/11\/milei-echo-por-television-al-secretario-de-trabajo-por-el-escandalo-del-aumento-de-sueldos\/#article\",\"isPartOf\":{\"@id\":\"https:\/\/apuntesdesanluis.com\/index.php\/2024\/03\/11\/milei-echo-por-television-al-secretario-de-trabajo-por-el-escandalo-del-aumento-de-sueldos\/\"},\"author\":{\"name\":\"apuntesdesanluis.com\",\"@id\":\"https:\/\/apuntesdesanluis.com\/#\/schema\/person\/b55151d52296fcce64d1a72538a70b90\"},\"headline\":\"MILEI ECH\u00d3 POR TELEVISI\u00d3N AL SECRETARIO DE TRABAJO POR EL ESC\u00c1NDALO DEL AUMENTO DE SUELDOS\",\"datePublished\":\"2024-03-11T13:17:49+00:00\",\"mainEntityOfPage\":{\"@id\":\"https:\/\/apuntesdesanluis.com\/index.php\/2024\/03\/11\/milei-echo-por-television-al-secretario-de-trabajo-por-el-escandalo-del-aumento-de-sueldos\/\"},\"wordCount\":505,\"publisher\":{\"@id\":\"https:\/\/apuntesdesanluis.com\/#\/schema\/person\/b55151d52296fcce64d1a72538a70b90\"},\"image\":{\"@id\":\"https:\/\/apuntesdesanluis.com\/index.php\/2024\/03\/11\/milei-echo-por-television-al-secretario-de-trabajo-por-el-escandalo-del-aumento-de-sueldos\/#primaryimage\"},\"thumbnailUrl\":\"https:\/\/apuntesdesanluis.com\/wp-content\/uploads\/2024\/03\/Omar-Yasin.png\",\"articleSection\":[\"Nacionales\/Internacionales\"],\"inLanguage\":\"es-AR\"},{\"@type\":\"WebPage\",\"@id\":\"https:\/\/apuntesdesanluis.com\/index.php\/2024\/03\/11\/milei-echo-por-television-al-secretario-de-trabajo-por-el-escandalo-del-aumento-de-sueldos\/\",\"url\":\"https:\/\/apuntesdesanluis.com\/index.php\/2024\/03\/11\/milei-echo-por-television-al-secretario-de-trabajo-por-el-escandalo-del-aumento-de-sueldos\/\",\"name\":\"MILEI ECH\u00d3 POR TELEVISI\u00d3N AL SECRETARIO DE TRABAJO POR EL ESC\u00c1NDALO DEL AUMENTO DE SUELDOS - Apuntes de San Luis\",\"isPartOf\":{\"@id\":\"https:\/\/apuntesdesanluis.com\/#website\"},\"primaryImageOfPage\":{\"@id\":\"https:\/\/apuntesdesanluis.com\/index.php\/2024\/03\/11\/milei-echo-por-television-al-secretario-de-trabajo-por-el-escandalo-del-aumento-de-sueldos\/#primaryimage\"},\"image\":{\"@id\":\"https:\/\/apuntesdesanluis.com\/index.php\/2024\/03\/11\/milei-echo-por-television-al-secretario-de-trabajo-por-el-escandalo-del-aumento-de-sueldos\/#primaryimage\"},\"thumbnailUrl\":\"https:\/\/apuntesdesanluis.com\/wp-content\/uploads\/2024\/03\/Omar-Yasin.png\",\"datePublished\":\"2024-03-11T13:17:49+00:00\",\"breadcrumb\":{\"@id\":\"https:\/\/apuntesdesanluis.com\/index.php\/2024\/03\/11\/milei-echo-por-television-al-secretario-de-trabajo-por-el-escandalo-del-aumento-de-sueldos\/#breadcrumb\"},\"inLanguage\":\"es-AR\",\"potentialAction\":[{\"@type\":\"ReadAction\",\"target\":[\"https:\/\/apuntesdesanluis.com\/index.php\/2024\/03\/11\/milei-echo-por-television-al-secretario-de-trabajo-por-el-escandalo-del-aumento-de-sueldos\/\"]}]},{\"@type\":\"ImageObject\",\"inLanguage\":\"es-AR\",\"@id\":\"https:\/\/apuntesdesanluis.com\/index.php\/2024\/03\/11\/milei-echo-por-television-al-secretario-de-trabajo-por-el-escandalo-del-aumento-de-sueldos\/#primaryimage\",\"url\":\"https:\/\/apuntesdesanluis.com\/wp-content\/uploads\/2024\/03\/Omar-Yasin.png\",\"contentUrl\":\"https:\/\/apuntesdesanluis.com\/wp-content\/uploads\/2024\/03\/Omar-Yasin.png\",\"width\":600,\"height\":370},{\"@type\":\"BreadcrumbList\",\"@id\":\"https:\/\/apuntesdesanluis.com\/index.php\/2024\/03\/11\/milei-echo-por-television-al-secretario-de-trabajo-por-el-escandalo-del-aumento-de-sueldos\/#breadcrumb\",\"itemListElement\":[{\"@type\":\"ListItem\",\"position\":1,\"name\":\"Inicio\",\"item\":\"https:\/\/apuntesdesanluis.com\/\"},{\"@type\":\"ListItem\",\"position\":2,\"name\":\"MILEI ECH\u00d3 POR TELEVISI\u00d3N AL SECRETARIO DE TRABAJO POR EL ESC\u00c1NDALO DEL AUMENTO DE SUELDOS\"}]},{\"@type\":\"WebSite\",\"@id\":\"https:\/\/apuntesdesanluis.com\/#website\",\"url\":\"https:\/\/apuntesdesanluis.com\/\",\"name\":\"Apuntes de San Luis\",\"description\":\"\",\"publisher\":{\"@id\":\"https:\/\/apuntesdesanluis.com\/#\/schema\/person\/b55151d52296fcce64d1a72538a70b90\"},\"potentialAction\":[{\"@type\":\"SearchAction\",\"target\":{\"@type\":\"EntryPoint\",\"urlTemplate\":\"https:\/\/apuntesdesanluis.com\/?s={search_term_string}\"},\"query-input\":{\"@type\":\"PropertyValueSpecification\",\"valueRequired\":true,\"valueName\":\"search_term_string\"}}],\"inLanguage\":\"es-AR\"},{\"@type\":[\"Person\",\"Organization\"],\"@id\":\"https:\/\/apuntesdesanluis.com\/#\/schema\/person\/b55151d52296fcce64d1a72538a70b90\",\"name\":\"apuntesdesanluis.com\",\"image\":{\"@type\":\"ImageObject\",\"inLanguage\":\"es-AR\",\"@id\":\"https:\/\/apuntesdesanluis.com\/#\/schema\/person\/image\/\",\"url\":\"https:\/\/apuntesdesanluis.com\/wp-content\/uploads\/2023\/07\/cropped-apuntesdesanluis.png\",\"contentUrl\":\"https:\/\/apuntesdesanluis.com\/wp-content\/uploads\/2023\/07\/cropped-apuntesdesanluis.png\",\"width\":450,\"height\":112,\"caption\":\"apuntesdesanluis.com\"},\"logo\":{\"@id\":\"https:\/\/apuntesdesanluis.com\/#\/schema\/person\/image\/\"},\"sameAs\":[\"https:\/\/apuntesdesanluis.com\"],\"url\":\"https:\/\/apuntesdesanluis.com\/index.php\/author\/apuntesdesanluis-com\/\"}]}<\/script>\n<!-- \/ Yoast SEO plugin. -->","yoast_head_json":{"title":"MILEI ECH\u00d3 POR TELEVISI\u00d3N AL SECRETARIO DE TRABAJO POR EL ESC\u00c1NDALO DEL AUMENTO DE SUELDOS - Apuntes de San Luis","robots":{"index":"index","follow":"follow","max-snippet":"max-snippet:-1","max-image-preview":"max-image-preview:large","max-video-preview":"max-video-preview:-1"},"canonical":"https:\/\/apuntesdesanluis.com\/index.php\/2024\/03\/11\/milei-echo-por-television-al-secretario-de-trabajo-por-el-escandalo-del-aumento-de-sueldos\/","og_locale":"es_ES","og_type":"article","og_title":"MILEI ECH\u00d3 POR TELEVISI\u00d3N AL SECRETARIO DE TRABAJO POR EL ESC\u00c1NDALO DEL AUMENTO DE SUELDOS - Apuntes de San Luis","og_description":"El presidente culp\u00f3 a Omar Yasin por el &#8220;error&#8221; de la suba salarial. El fin...","og_url":"https:\/\/apuntesdesanluis.com\/index.php\/2024\/03\/11\/milei-echo-por-television-al-secretario-de-trabajo-por-el-escandalo-del-aumento-de-sueldos\/","og_site_name":"Apuntes de San Luis","article_published_time":"2024-03-11T13:17:49+00:00","og_image":[{"width":600,"height":370,"url":"https:\/\/apuntesdesanluis.com\/wp-content\/uploads\/2024\/03\/Omar-Yasin.png","type":"image\/png"}],"author":"apuntesdesanluis.com","twitter_card":"summary_large_image","twitter_misc":{"Escrito por":"apuntesdesanluis.com","Tiempo de lectura":"3 minutos"},"schema":{"@context":"https:\/\/schema.org","@graph":[{"@type":"Article","@id":"https:\/\/apuntesdesanluis.com\/index.php\/2024\/03\/11\/milei-echo-por-television-al-secretario-de-trabajo-por-el-escandalo-del-aumento-de-sueldos\/#article","isPartOf":{"@id":"https:\/\/apuntesdesanluis.com\/index.php\/2024\/03\/11\/milei-echo-por-television-al-secretario-de-trabajo-por-el-escandalo-del-aumento-de-sueldos\/"},"author":{"name":"apuntesdesanluis.com","@id":"https:\/\/apuntesdesanluis.com\/#\/schema\/person\/b55151d52296fcce64d1a72538a70b90"},"headline":"MILEI ECH\u00d3 POR TELEVISI\u00d3N AL SECRETARIO DE TRABAJO POR EL ESC\u00c1NDALO DEL AUMENTO DE SUELDOS","datePublished":"2024-03-11T13:17:49+00:00","mainEntityOfPage":{"@id":"https:\/\/apuntesdesanluis.com\/index.php\/2024\/03\/11\/milei-echo-por-television-al-secretario-de-trabajo-por-el-escandalo-del-aumento-de-sueldos\/"},"wordCount":505,"publisher":{"@id":"https:\/\/apuntesdesanluis.com\/#\/schema\/person\/b55151d52296fcce64d1a72538a70b90"},"image":{"@id":"https:\/\/apuntesdesanluis.com\/index.php\/2024\/03\/11\/milei-echo-por-television-al-secretario-de-trabajo-por-el-escandalo-del-aumento-de-sueldos\/#primaryimage"},"thumbnailUrl":"https:\/\/apuntesdesanluis.com\/wp-content\/uploads\/2024\/03\/Omar-Yasin.png","articleSection":["Nacionales\/Internacionales"],"inLanguage":"es-AR"},{"@type":"WebPage","@id":"https:\/\/apuntesdesanluis.com\/index.php\/2024\/03\/11\/milei-echo-por-television-al-secretario-de-trabajo-por-el-escandalo-del-aumento-de-sueldos\/","url":"https:\/\/apuntesdesanluis.com\/index.php\/2024\/03\/11\/milei-echo-por-television-al-secretario-de-trabajo-por-el-escandalo-del-aumento-de-sueldos\/","name":"MILEI ECH\u00d3 POR TELEVISI\u00d3N AL SECRETARIO DE TRABAJO POR EL ESC\u00c1NDALO DEL AUMENTO DE SUELDOS - Apuntes de San Luis","isPartOf":{"@id":"https:\/\/apuntesdesanluis.com\/#website"},"primaryImageOfPage":{"@id":"https:\/\/apuntesdesanluis.com\/index.php\/2024\/03\/11\/milei-echo-por-television-al-secretario-de-trabajo-por-el-escandalo-del-aumento-de-sueldos\/#primaryimage"},"image":{"@id":"https:\/\/apuntesdesanluis.com\/index.php\/2024\/03\/11\/milei-echo-por-television-al-secretario-de-trabajo-por-el-escandalo-del-aumento-de-sueldos\/#primaryimage"},"thumbnailUrl":"https:\/\/apuntesdesanluis.com\/wp-content\/uploads\/2024\/03\/Omar-Yasin.png","datePublished":"2024-03-11T13:17:49+00:00","breadcrumb":{"@id":"https:\/\/apuntesdesanluis.com\/index.php\/2024\/03\/11\/milei-echo-por-television-al-secretario-de-trabajo-por-el-escandalo-del-aumento-de-sueldos\/#breadcrumb"},"inLanguage":"es-AR","potentialAction":[{"@type":"ReadAction","target":["https:\/\/apuntesdesanluis.com\/index.php\/2024\/03\/11\/milei-echo-por-television-al-secretario-de-trabajo-por-el-escandalo-del-aumento-de-sueldos\/"]}]},{"@type":"ImageObject","inLanguage":"es-AR","@id":"https:\/\/apuntesdesanluis.com\/index.php\/2024\/03\/11\/milei-echo-por-television-al-secretario-de-trabajo-por-el-escandalo-del-aumento-de-sueldos\/#primaryimage","url":"https:\/\/apuntesdesanluis.com\/wp-content\/uploads\/2024\/03\/Omar-Yasin.png","contentUrl":"https:\/\/apuntesdesanluis.com\/wp-content\/uploads\/2024\/03\/Omar-Yasin.png","width":600,"height":370},{"@type":"BreadcrumbList","@id":"https:\/\/apuntesdesanluis.com\/index.php\/2024\/03\/11\/milei-echo-por-television-al-secretario-de-trabajo-por-el-escandalo-del-aumento-de-sueldos\/#breadcrumb","itemListElement":[{"@type":"ListItem","position":1,"name":"Inicio","item":"https:\/\/apuntesdesanluis.com\/"},{"@type":"ListItem","position":2,"name":"MILEI ECH\u00d3 POR TELEVISI\u00d3N AL SECRETARIO DE TRABAJO POR EL ESC\u00c1NDALO DEL AUMENTO DE SUELDOS"}]},{"@type":"WebSite","@id":"https:\/\/apuntesdesanluis.com\/#website","url":"https:\/\/apuntesdesanluis.com\/","name":"Apuntes de San Luis","description":"","publisher":{"@id":"https:\/\/apuntesdesanluis.com\/#\/schema\/person\/b55151d52296fcce64d1a72538a70b90"},"potentialAction":[{"@type":"SearchAction","target":{"@type":"EntryPoint","urlTemplate":"https:\/\/apuntesdesanluis.com\/?s={search_term_string}"},"query-input":{"@type":"PropertyValueSpecification","valueRequired":true,"valueName":"search_term_string"}}],"inLanguage":"es-AR"},{"@type":["Person","Organization"],"@id":"https:\/\/apuntesdesanluis.com\/#\/schema\/person\/b55151d52296fcce64d1a72538a70b90","name":"apuntesdesanluis.com","image":{"@type":"ImageObject","inLanguage":"es-AR","@id":"https:\/\/apuntesdesanluis.com\/#\/schema\/person\/image\/","url":"https:\/\/apuntesdesanluis.com\/wp-content\/uploads\/2023\/07\/cropped-apuntesdesanluis.png","contentUrl":"https:\/\/apuntesdesanluis.com\/wp-content\/uploads\/2023\/07\/cropped-apuntesdesanluis.png","width":450,"height":112,"caption":"apuntesdesanluis.com"},"logo":{"@id":"https:\/\/apuntesdesanluis.com\/#\/schema\/person\/image\/"},"sameAs":["https:\/\/apuntesdesanluis.com"],"url":"https:\/\/apuntesdesanluis.com\/index.php\/author\/apuntesdesanluis-com\/"}]}},"featured_image_urls":{"full":["https:\/\/apuntesdesanluis.com\/wp-content\/uploads\/2024\/03\/Omar-Yasin.png",600,370,false],"thumbnail":["https:\/\/apuntesdesanluis.com\/wp-content\/uploads\/2024\/03\/Omar-Yasin-150x150.png",150,150,true],"medium":["https:\/\/apuntesdesanluis.com\/wp-content\/uploads\/2024\/03\/Omar-Yasin-300x185.png",300,185,true],"medium_large":["https:\/\/apuntesdesanluis.com\/wp-content\/uploads\/2024\/03\/Omar-Yasin.png",600,370,false],"large":["https:\/\/apuntesdesanluis.com\/wp-content\/uploads\/2024\/03\/Omar-Yasin.png",600,370,false],"1536x1536":["https:\/\/apuntesdesanluis.com\/wp-content\/uploads\/2024\/03\/Omar-Yasin.png",600,370,false],"2048x2048":["https:\/\/apuntesdesanluis.com\/wp-content\/uploads\/2024\/03\/Omar-Yasin.png",600,370,false],"newsever-slider-full":["https:\/\/apuntesdesanluis.com\/wp-content\/uploads\/2024\/03\/Omar-Yasin.png",600,370,false],"newsever-featured":["https:\/\/apuntesdesanluis.com\/wp-content\/uploads\/2024\/03\/Omar-Yasin.png",600,370,false],"newsever-medium":["https:\/\/apuntesdesanluis.com\/wp-content\/uploads\/2024\/03\/Omar-Yasin.png",600,370,false]},"author_info":{"display_name":"apuntesdesanluis.com","author_link":"https:\/\/apuntesdesanluis.com\/index.php\/author\/apuntesdesanluis-com\/"},"category_info":"<a href=\"https:\/\/apuntesdesanluis.com\/index.php\/category\/nacionales-internacionales\/\" rel=\"category tag\">Nacionales\/Internacionales<\/a>","tag_info":"Nacionales\/Internacionales","comment_count":"0","_links":{"self":[{"href":"https:\/\/apuntesdesanluis.com\/index.php\/wp-json\/wp\/v2\/posts\/12978","targetHints":{"allow":["GET"]}}],"collection":[{"href":"https:\/\/apuntesdesanluis.com\/index.php\/wp-json\/wp\/v2\/posts"}],"about":[{"href":"https:\/\/apuntesdesanluis.com\/index.php\/wp-json\/wp\/v2\/types\/post"}],"author":[{"embeddable":true,"href":"https:\/\/apuntesdesanluis.com\/index.php\/wp-json\/wp\/v2\/users\/1"}],"replies":[{"embeddable":true,"href":"https:\/\/apuntesdesanluis.com\/index.php\/wp-json\/wp\/v2\/comments?post=12978"}],"version-history":[{"count":1,"href":"https:\/\/apuntesdesanluis.com\/index.php\/wp-json\/wp\/v2\/posts\/12978\/revisions"}],"predecessor-version":[{"id":12980,"href":"https:\/\/apuntesdesanluis.com\/index.php\/wp-json\/wp\/v2\/posts\/12978\/revisions\/12980"}],"wp:featuredmedia":[{"embeddable":true,"href":"https:\/\/apuntesdesanluis.com\/index.php\/wp-json\/wp\/v2\/media\/12979"}],"wp:attachment":[{"href":"https:\/\/apuntesdesanluis.com\/index.php\/wp-json\/wp\/v2\/media?parent=12978"}],"wp:term":[{"taxonomy":"category","embeddable":true,"href":"https:\/\/apuntesdesanluis.com\/index.php\/wp-json\/wp\/v2\/categories?post=12978"},{"taxonomy":"post_tag","embeddable":true,"href":"https:\/\/apuntesdesanluis.com\/index.php\/wp-json\/wp\/v2\/tags?post=12978"}],"curies":[{"name":"wp","href":"https:\/\/api.w.org\/{rel}","templated":true}]}}