{"id":12981,"date":"2024-03-11T19:36:04","date_gmt":"2024-03-11T22:36:04","guid":{"rendered":"https:\/\/apuntesdesanluis.com\/?p=12981"},"modified":"2024-03-11T19:42:17","modified_gmt":"2024-03-11T22:42:17","slug":"los-trabajadores-de-la-salud-descargaron-su-bronca-con-un-bullicioso-paro","status":"publish","type":"post","link":"https:\/\/apuntesdesanluis.com\/index.php\/2024\/03\/11\/los-trabajadores-de-la-salud-descargaron-su-bronca-con-un-bullicioso-paro\/","title":{"rendered":"LOS TRABAJADORES DE LA SALUD DESCARGARON SU BRONCA CON UN BULLICIOSO PARO"},"content":{"rendered":"<h3>La falta de cumplimiento del pago de bono y actualizaci\u00f3n de las \u00faltimas escalas salariales, sumado a la falta de respuesta del gobierno provincial, llevaron a los trabajadores de la sanidad a protagonizar un masivo paro general de actividades en el sector de la salud p\u00fablica.<\/h3>\n<h3>La medida se sinti\u00f3 con fuerza en los principales hospitales de la provincia, como el Hospital <strong>Juan D. Per\u00f3n<\/strong>, donde los trabajadores mostraron pancartas y entonaron a viva voz la consigna que abrazaron desde el comienzo del plan de lucha: <strong>\u201cSin Salarios No Hay Salud\u201d<\/strong>.<\/h3>\n<!--[if lt IE 9]><script>document.createElement('video');<\/script><![endif]-->\n\t<div class=\"wp-playlist wp-video-playlist wp-playlist-light\">\n\t\t<video controls=\"controls\" preload=\"none\" width=\"618\"\n\t\t height=\"350\"\t><\/video>\n\t<div class=\"wp-playlist-next\"><\/div>\n\t<div class=\"wp-playlist-prev\"><\/div>\n\t<noscript>\n\t<ol>\n\t\t<li><a href='https:\/\/apuntesdesanluis.com\/wp-content\/uploads\/2024\/03\/Sin-salarios-no-hay-salud-video.mp4'>Sin salarios no hay salud - video<\/a><\/li>\t<\/ol>\n\t<\/noscript>\n\t<script type=\"application\/json\" class=\"wp-playlist-script\">{\"type\":\"video\",\"tracklist\":true,\"tracknumbers\":true,\"images\":true,\"artists\":true,\"tracks\":[{\"src\":\"https:\\\/\\\/apuntesdesanluis.com\\\/wp-content\\\/uploads\\\/2024\\\/03\\\/Sin-salarios-no-hay-salud-video.mp4\",\"type\":\"video\\\/mp4\",\"title\":\"Sin salarios no hay salud - video\",\"caption\":\"\",\"description\":\"\",\"meta\":{\"length_formatted\":\"0:09\"},\"dimensions\":{\"original\":{\"width\":848,\"height\":480},\"resized\":{\"width\":618,\"height\":350}},\"image\":{\"src\":\"https:\\\/\\\/apuntesdesanluis.com\\\/wp-includes\\\/images\\\/media\\\/video.svg\",\"width\":48,\"height\":64},\"thumb\":{\"src\":\"https:\\\/\\\/apuntesdesanluis.com\\\/wp-includes\\\/images\\\/media\\\/video.svg\",\"width\":48,\"height\":64}}]}<\/script>\n<\/div>\n\t\n<h3>La protesta tambi\u00e9n se hizo sentir con fuerza en el <strong>Hospital Central Ram\u00f3n Carrillo<\/strong>, donde los trabajadores comenzaron a concentrarse pocos minutos despu\u00e9s de las 10:30 hs,\u00a0 en el hall central.<\/h3>\n<p><img fetchpriority=\"high\" decoding=\"async\" class=\"wp-image-12986 aligncenter\" src=\"https:\/\/apuntesdesanluis.com\/wp-content\/uploads\/2024\/03\/atsa-sueldos-congelados-300x216.png\" alt=\"\" width=\"642\" height=\"462\" srcset=\"https:\/\/apuntesdesanluis.com\/wp-content\/uploads\/2024\/03\/atsa-sueldos-congelados-300x216.png 300w, https:\/\/apuntesdesanluis.com\/wp-content\/uploads\/2024\/03\/atsa-sueldos-congelados-768x552.png 768w, https:\/\/apuntesdesanluis.com\/wp-content\/uploads\/2024\/03\/atsa-sueldos-congelados.png 808w\" sizes=\"(max-width: 642px) 100vw, 642px\" \/><\/p>\n<h4 style=\"text-align: center;\"><em>Trabajadores del Hospital Ram\u00f3n Carrillo (foto gentileza La Gaceta Digital).<\/em><\/h4>\n<h3>Posteriormente comenzaron a aplaudir y recorrer los pasillos, haciendo conocer su reclamo por el congelamiento salarial y el no cumplimiento\u00a0del pago de las tres \u00faltimas escalas salariales y el bono de $70.000.<\/h3>\n<h3>\u201cLos compa\u00f1eros est\u00e1n perdiendo la paciencia porque la situaci\u00f3n econ\u00f3mica es grave, la p\u00e9rdida adquisitiva ya supera el 60% y no hay miras de soluciones porque no tenemos respuesta. Esta vez el paro ha sido con asistencia a los lugares de trabajo, estamos atendiendo urgencias pero movilizados, para reclamar ser escuchados\u201d, afirm\u00f3 el Secretario General de ATSA, <strong>An\u00edbal G\u00f3mez.<\/strong><\/h3>\n<h3>El dirigente gremial indic\u00f3 que \u201ceste es un mensaje al gobierno, para que nos escuche y nos convoque al di\u00e1logo. Para nosotros es muy duro un paro general sin atenci\u00f3n, porque sabemos el servicio que brindamos y no queremos perjudicar a la comunidad. Por el contrario, queremos que la poblaci\u00f3n sepa la realidad que estamos sufriendo, donde el trabajador de la salud est\u00e1 mal, deprimido, porque no llega a fin de mes\u201d, describi\u00f3.<\/h3>\n<p><img decoding=\"async\" class=\"wp-image-12988 aligncenter\" src=\"https:\/\/apuntesdesanluis.com\/wp-content\/uploads\/2024\/03\/Atsa-protesta-300x192.jpg\" alt=\"\" width=\"652\" height=\"417\" srcset=\"https:\/\/apuntesdesanluis.com\/wp-content\/uploads\/2024\/03\/Atsa-protesta-300x192.jpg 300w, https:\/\/apuntesdesanluis.com\/wp-content\/uploads\/2024\/03\/Atsa-protesta.jpg 690w\" sizes=\"(max-width: 652px) 100vw, 652px\" \/><\/p>\n<h3>G\u00f3mez describi\u00f3 que \u201cel trabajador de la salud siempre pone el cuerpo, nos hemos puesto la camiseta para trabajar en la \u00e9poca de la pandemia, ahora lo hacemos nuevamente cuando estamos al borde de otra pandemia, como es el dengue. Antes \u00e9ramos los h\u00e9roes, nos aplaud\u00edan, ahora parece que no le importamos a nadie\u201d, enfatiz\u00f3.<\/h3>\n<h3>Con respecto a la reacci\u00f3n de los vecinos que concurrieron al Policl\u00ednico Regional Juan Domingo Per\u00f3n, en Villa Mercedes, y otros centros p\u00fablicos de atenci\u00f3n, el titular de ATSA asegur\u00f3 que \u201cen general lo entienden y nos apoyan. Saben que estamos reclamando lo que es justo, sin abandonar nuestros lugares de trabajo y atendiendo las urgencias. Nosotros no quer\u00edamos llegar a esto, no queremos volver a hacer medidas de fuerza, pero el gobierno no nos deja opci\u00f3n. Por eso esperamos que recapacite y nos convoque al di\u00e1logo\u201d, concluy\u00f3.<\/h3>\n<h3><span style=\"color: #3366ff;\">Entrevista a An\u00edbal G\u00f3mez:<\/span><\/h3>\n<p><img decoding=\"async\" class=\"wp-image-12994 aligncenter\" src=\"https:\/\/apuntesdesanluis.com\/wp-content\/uploads\/2024\/03\/anibal-gomez-300x190.png\" alt=\"\" width=\"519\" height=\"329\" srcset=\"https:\/\/apuntesdesanluis.com\/wp-content\/uploads\/2024\/03\/anibal-gomez-300x190.png 300w, https:\/\/apuntesdesanluis.com\/wp-content\/uploads\/2024\/03\/anibal-gomez.png 739w\" sizes=\"(max-width: 519px) 100vw, 519px\" \/><\/p>\n<div class=\"wp-playlist wp-audio-playlist wp-playlist-light\">\n\t\t\t<div class=\"wp-playlist-current-item\"><\/div>\n\t\t<audio controls=\"controls\" preload=\"none\" width=\"618\"\n\t\t\t><\/audio>\n\t<div class=\"wp-playlist-next\"><\/div>\n\t<div class=\"wp-playlist-prev\"><\/div>\n\t<noscript>\n\t<ol>\n\t\t<li><a href='https:\/\/apuntesdesanluis.com\/wp-content\/uploads\/2024\/03\/01d-Anibal-Gomez.mp3'>01d-Anibal G\u00f3mez<\/a><\/li>\t<\/ol>\n\t<\/noscript>\n\t<script type=\"application\/json\" class=\"wp-playlist-script\">{\"type\":\"audio\",\"tracklist\":true,\"tracknumbers\":true,\"images\":true,\"artists\":true,\"tracks\":[{\"src\":\"https:\\\/\\\/apuntesdesanluis.com\\\/wp-content\\\/uploads\\\/2024\\\/03\\\/01d-Anibal-Gomez.mp3\",\"type\":\"audio\\\/mpeg\",\"title\":\"01d-Anibal G\\u00f3mez\",\"caption\":\"\",\"description\":\"\\\"01d-Anibal G\\u00f3mez\\\". Lanzamiento: 2024. G\\u00e9nero: Otro.\",\"meta\":{\"genre\":\"Otro\",\"year\":\"2024\",\"length_formatted\":\"3:11\"},\"image\":{\"src\":\"https:\\\/\\\/apuntesdesanluis.com\\\/wp-includes\\\/images\\\/media\\\/audio.svg\",\"width\":48,\"height\":64},\"thumb\":{\"src\":\"https:\\\/\\\/apuntesdesanluis.com\\\/wp-includes\\\/images\\\/media\\\/audio.svg\",\"width\":48,\"height\":64}}]}<\/script>\n<\/div>\n\t\n<h3><span style=\"color: #3366ff;\">Testimonios de trabajadores de distintas \u00e1reas:<\/span><\/h3>\n<div class=\"wp-playlist wp-audio-playlist wp-playlist-light\">\n\t\t\t<div class=\"wp-playlist-current-item\"><\/div>\n\t\t<audio controls=\"controls\" preload=\"none\" width=\"618\"\n\t\t\t><\/audio>\n\t<div class=\"wp-playlist-next\"><\/div>\n\t<div class=\"wp-playlist-prev\"><\/div>\n\t<noscript>\n\t<ol>\n\t\t<li><a href='https:\/\/apuntesdesanluis.com\/wp-content\/uploads\/2024\/03\/01a-Atsa-Alicia-Chavez.mp3'>01a-Atsa Alicia Ch\u00e0vez<\/a><\/li>\t<\/ol>\n\t<\/noscript>\n\t<script type=\"application\/json\" class=\"wp-playlist-script\">{\"type\":\"audio\",\"tracklist\":true,\"tracknumbers\":true,\"images\":true,\"artists\":true,\"tracks\":[{\"src\":\"https:\\\/\\\/apuntesdesanluis.com\\\/wp-content\\\/uploads\\\/2024\\\/03\\\/01a-Atsa-Alicia-Chavez.mp3\",\"type\":\"audio\\\/mpeg\",\"title\":\"01a-Atsa Alicia Ch\\u00e0vez\",\"caption\":\"\",\"description\":\"\\\"01a-Atsa Alicia Ch\\u00e0vez\\\". Lanzamiento: 2024. G\\u00e9nero: Otro.\",\"meta\":{\"genre\":\"Otro\",\"year\":\"2024\",\"length_formatted\":\"1:36\"},\"image\":{\"src\":\"https:\\\/\\\/apuntesdesanluis.com\\\/wp-includes\\\/images\\\/media\\\/audio.svg\",\"width\":48,\"height\":64},\"thumb\":{\"src\":\"https:\\\/\\\/apuntesdesanluis.com\\\/wp-includes\\\/images\\\/media\\\/audio.svg\",\"width\":48,\"height\":64}}]}<\/script>\n<\/div>\n\t\n<div class=\"wp-playlist wp-audio-playlist wp-playlist-light\">\n\t\t\t<div class=\"wp-playlist-current-item\"><\/div>\n\t\t<audio controls=\"controls\" preload=\"none\" width=\"618\"\n\t\t\t><\/audio>\n\t<div class=\"wp-playlist-next\"><\/div>\n\t<div class=\"wp-playlist-prev\"><\/div>\n\t<noscript>\n\t<ol>\n\t\t<li><a href='https:\/\/apuntesdesanluis.com\/wp-content\/uploads\/2024\/03\/01b-Atsa-Silvia.mp3'>01b-Atsa Silvia<\/a><\/li>\t<\/ol>\n\t<\/noscript>\n\t<script type=\"application\/json\" class=\"wp-playlist-script\">{\"type\":\"audio\",\"tracklist\":true,\"tracknumbers\":true,\"images\":true,\"artists\":true,\"tracks\":[{\"src\":\"https:\\\/\\\/apuntesdesanluis.com\\\/wp-content\\\/uploads\\\/2024\\\/03\\\/01b-Atsa-Silvia.mp3\",\"type\":\"audio\\\/mpeg\",\"title\":\"01b-Atsa Silvia\",\"caption\":\"\",\"description\":\"\\\"01b-Atsa Silvia\\\". Lanzamiento: 2024. G\\u00e9nero: Otro.\",\"meta\":{\"genre\":\"Otro\",\"year\":\"2024\",\"length_formatted\":\"1:29\"},\"image\":{\"src\":\"https:\\\/\\\/apuntesdesanluis.com\\\/wp-includes\\\/images\\\/media\\\/audio.svg\",\"width\":48,\"height\":64},\"thumb\":{\"src\":\"https:\\\/\\\/apuntesdesanluis.com\\\/wp-includes\\\/images\\\/media\\\/audio.svg\",\"width\":48,\"height\":64}}]}<\/script>\n<\/div>\n\t\n<div class=\"wp-playlist wp-audio-playlist wp-playlist-light\">\n\t\t\t<div class=\"wp-playlist-current-item\"><\/div>\n\t\t<audio controls=\"controls\" preload=\"none\" width=\"618\"\n\t\t\t><\/audio>\n\t<div class=\"wp-playlist-next\"><\/div>\n\t<div class=\"wp-playlist-prev\"><\/div>\n\t<noscript>\n\t<ol>\n\t\t<li><a href='https:\/\/apuntesdesanluis.com\/wp-content\/uploads\/2024\/03\/01c-Atsa-Sandra.mp3'>01c-Atsa Sandra<\/a><\/li>\t<\/ol>\n\t<\/noscript>\n\t<script type=\"application\/json\" class=\"wp-playlist-script\">{\"type\":\"audio\",\"tracklist\":true,\"tracknumbers\":true,\"images\":true,\"artists\":true,\"tracks\":[{\"src\":\"https:\\\/\\\/apuntesdesanluis.com\\\/wp-content\\\/uploads\\\/2024\\\/03\\\/01c-Atsa-Sandra.mp3\",\"type\":\"audio\\\/mpeg\",\"title\":\"01c-Atsa Sandra\",\"caption\":\"\",\"description\":\"\\\"01c-Atsa Sandra\\\". Lanzamiento: 2024. G\\u00e9nero: Otro.\",\"meta\":{\"genre\":\"Otro\",\"year\":\"2024\",\"length_formatted\":\"1:51\"},\"image\":{\"src\":\"https:\\\/\\\/apuntesdesanluis.com\\\/wp-includes\\\/images\\\/media\\\/audio.svg\",\"width\":48,\"height\":64},\"thumb\":{\"src\":\"https:\\\/\\\/apuntesdesanluis.com\\\/wp-includes\\\/images\\\/media\\\/audio.svg\",\"width\":48,\"height\":64}}]}<\/script>\n<\/div>\n\t\n<h3><\/h3>\n<h3><span style=\"color: #000000;\"><strong>Producci\u00f3n period\u00edstica:<\/strong><\/span> <span style=\"color: #3366ff;\">Federico Vel\u00e1zquez.<\/span><\/h3>\n<p>&nbsp;<\/p>\n<p>&nbsp;<\/p>\n<p>&nbsp;<\/p>\n","protected":false},"excerpt":{"rendered":"<p>La falta de cumplimiento del pago de bono y actualizaci\u00f3n de las \u00faltimas escalas salariales,&#8230;<\/p>\n","protected":false},"author":1,"featured_media":12987,"comment_status":"closed","ping_status":"closed","sticky":false,"template":"","format":"standard","meta":{"footnotes":""},"categories":[6],"tags":[],"class_list":["post-12981","post","type-post","status-publish","format-standard","has-post-thumbnail","hentry","category-ciudad-provincia"],"yoast_head":"<!-- This site is optimized with the Yoast SEO plugin v26.1.1 - https:\/\/yoast.com\/wordpress\/plugins\/seo\/ -->\n<title>LOS TRABAJADORES DE LA SALUD DESCARGARON SU BRONCA CON UN BULLICIOSO PARO - Apuntes de San Luis<\/title>\n<meta name=\"robots\" content=\"index, follow, max-snippet:-1, max-image-preview:large, max-video-preview:-1\" \/>\n<link rel=\"canonical\" href=\"https:\/\/apuntesdesanluis.com\/index.php\/2024\/03\/11\/los-trabajadores-de-la-salud-descargaron-su-bronca-con-un-bullicioso-paro\/\" \/>\n<meta property=\"og:locale\" content=\"es_ES\" \/>\n<meta property=\"og:type\" content=\"article\" \/>\n<meta property=\"og:title\" content=\"LOS TRABAJADORES DE LA SALUD DESCARGARON SU BRONCA CON UN BULLICIOSO PARO - Apuntes de San Luis\" \/>\n<meta property=\"og:description\" content=\"La falta de cumplimiento del pago de bono y actualizaci\u00f3n de las \u00faltimas escalas salariales,...\" \/>\n<meta property=\"og:url\" content=\"https:\/\/apuntesdesanluis.com\/index.php\/2024\/03\/11\/los-trabajadores-de-la-salud-descargaron-su-bronca-con-un-bullicioso-paro\/\" \/>\n<meta property=\"og:site_name\" content=\"Apuntes de San Luis\" \/>\n<meta property=\"article:published_time\" content=\"2024-03-11T22:36:04+00:00\" \/>\n<meta property=\"article:modified_time\" content=\"2024-03-11T22:42:17+00:00\" \/>\n<meta property=\"og:image\" content=\"https:\/\/apuntesdesanluis.com\/wp-content\/uploads\/2024\/03\/Atsa-paro.jpg\" \/>\n\t<meta property=\"og:image:width\" content=\"509\" \/>\n\t<meta property=\"og:image:height\" content=\"337\" \/>\n\t<meta property=\"og:image:type\" content=\"image\/jpeg\" \/>\n<meta name=\"author\" content=\"apuntesdesanluis.com\" \/>\n<meta name=\"twitter:card\" content=\"summary_large_image\" \/>\n<meta name=\"twitter:label1\" content=\"Escrito por\" \/>\n\t<meta name=\"twitter:data1\" content=\"apuntesdesanluis.com\" \/>\n\t<meta name=\"twitter:label2\" content=\"Tiempo de lectura\" \/>\n\t<meta name=\"twitter:data2\" content=\"3 minutos\" \/>\n<script type=\"application\/ld+json\" class=\"yoast-schema-graph\">{\"@context\":\"https:\/\/schema.org\",\"@graph\":[{\"@type\":\"Article\",\"@id\":\"https:\/\/apuntesdesanluis.com\/index.php\/2024\/03\/11\/los-trabajadores-de-la-salud-descargaron-su-bronca-con-un-bullicioso-paro\/#article\",\"isPartOf\":{\"@id\":\"https:\/\/apuntesdesanluis.com\/index.php\/2024\/03\/11\/los-trabajadores-de-la-salud-descargaron-su-bronca-con-un-bullicioso-paro\/\"},\"author\":{\"name\":\"apuntesdesanluis.com\",\"@id\":\"https:\/\/apuntesdesanluis.com\/#\/schema\/person\/b55151d52296fcce64d1a72538a70b90\"},\"headline\":\"LOS TRABAJADORES DE LA SALUD DESCARGARON SU BRONCA CON UN BULLICIOSO PARO\",\"datePublished\":\"2024-03-11T22:36:04+00:00\",\"dateModified\":\"2024-03-11T22:42:17+00:00\",\"mainEntityOfPage\":{\"@id\":\"https:\/\/apuntesdesanluis.com\/index.php\/2024\/03\/11\/los-trabajadores-de-la-salud-descargaron-su-bronca-con-un-bullicioso-paro\/\"},\"wordCount\":511,\"publisher\":{\"@id\":\"https:\/\/apuntesdesanluis.com\/#\/schema\/person\/b55151d52296fcce64d1a72538a70b90\"},\"image\":{\"@id\":\"https:\/\/apuntesdesanluis.com\/index.php\/2024\/03\/11\/los-trabajadores-de-la-salud-descargaron-su-bronca-con-un-bullicioso-paro\/#primaryimage\"},\"thumbnailUrl\":\"https:\/\/apuntesdesanluis.com\/wp-content\/uploads\/2024\/03\/Atsa-paro.jpg\",\"articleSection\":[\"Ciudad\/Provincia\"],\"inLanguage\":\"es-AR\"},{\"@type\":\"WebPage\",\"@id\":\"https:\/\/apuntesdesanluis.com\/index.php\/2024\/03\/11\/los-trabajadores-de-la-salud-descargaron-su-bronca-con-un-bullicioso-paro\/\",\"url\":\"https:\/\/apuntesdesanluis.com\/index.php\/2024\/03\/11\/los-trabajadores-de-la-salud-descargaron-su-bronca-con-un-bullicioso-paro\/\",\"name\":\"LOS TRABAJADORES DE LA SALUD DESCARGARON SU BRONCA CON UN BULLICIOSO PARO - Apuntes de San Luis\",\"isPartOf\":{\"@id\":\"https:\/\/apuntesdesanluis.com\/#website\"},\"primaryImageOfPage\":{\"@id\":\"https:\/\/apuntesdesanluis.com\/index.php\/2024\/03\/11\/los-trabajadores-de-la-salud-descargaron-su-bronca-con-un-bullicioso-paro\/#primaryimage\"},\"image\":{\"@id\":\"https:\/\/apuntesdesanluis.com\/index.php\/2024\/03\/11\/los-trabajadores-de-la-salud-descargaron-su-bronca-con-un-bullicioso-paro\/#primaryimage\"},\"thumbnailUrl\":\"https:\/\/apuntesdesanluis.com\/wp-content\/uploads\/2024\/03\/Atsa-paro.jpg\",\"datePublished\":\"2024-03-11T22:36:04+00:00\",\"dateModified\":\"2024-03-11T22:42:17+00:00\",\"breadcrumb\":{\"@id\":\"https:\/\/apuntesdesanluis.com\/index.php\/2024\/03\/11\/los-trabajadores-de-la-salud-descargaron-su-bronca-con-un-bullicioso-paro\/#breadcrumb\"},\"inLanguage\":\"es-AR\",\"potentialAction\":[{\"@type\":\"ReadAction\",\"target\":[\"https:\/\/apuntesdesanluis.com\/index.php\/2024\/03\/11\/los-trabajadores-de-la-salud-descargaron-su-bronca-con-un-bullicioso-paro\/\"]}]},{\"@type\":\"ImageObject\",\"inLanguage\":\"es-AR\",\"@id\":\"https:\/\/apuntesdesanluis.com\/index.php\/2024\/03\/11\/los-trabajadores-de-la-salud-descargaron-su-bronca-con-un-bullicioso-paro\/#primaryimage\",\"url\":\"https:\/\/apuntesdesanluis.com\/wp-content\/uploads\/2024\/03\/Atsa-paro.jpg\",\"contentUrl\":\"https:\/\/apuntesdesanluis.com\/wp-content\/uploads\/2024\/03\/Atsa-paro.jpg\",\"width\":509,\"height\":337},{\"@type\":\"BreadcrumbList\",\"@id\":\"https:\/\/apuntesdesanluis.com\/index.php\/2024\/03\/11\/los-trabajadores-de-la-salud-descargaron-su-bronca-con-un-bullicioso-paro\/#breadcrumb\",\"itemListElement\":[{\"@type\":\"ListItem\",\"position\":1,\"name\":\"Inicio\",\"item\":\"https:\/\/apuntesdesanluis.com\/\"},{\"@type\":\"ListItem\",\"position\":2,\"name\":\"LOS TRABAJADORES DE LA SALUD DESCARGARON SU BRONCA CON UN BULLICIOSO PARO\"}]},{\"@type\":\"WebSite\",\"@id\":\"https:\/\/apuntesdesanluis.com\/#website\",\"url\":\"https:\/\/apuntesdesanluis.com\/\",\"name\":\"Apuntes de San Luis\",\"description\":\"\",\"publisher\":{\"@id\":\"https:\/\/apuntesdesanluis.com\/#\/schema\/person\/b55151d52296fcce64d1a72538a70b90\"},\"potentialAction\":[{\"@type\":\"SearchAction\",\"target\":{\"@type\":\"EntryPoint\",\"urlTemplate\":\"https:\/\/apuntesdesanluis.com\/?s={search_term_string}\"},\"query-input\":{\"@type\":\"PropertyValueSpecification\",\"valueRequired\":true,\"valueName\":\"search_term_string\"}}],\"inLanguage\":\"es-AR\"},{\"@type\":[\"Person\",\"Organization\"],\"@id\":\"https:\/\/apuntesdesanluis.com\/#\/schema\/person\/b55151d52296fcce64d1a72538a70b90\",\"name\":\"apuntesdesanluis.com\",\"image\":{\"@type\":\"ImageObject\",\"inLanguage\":\"es-AR\",\"@id\":\"https:\/\/apuntesdesanluis.com\/#\/schema\/person\/image\/\",\"url\":\"https:\/\/apuntesdesanluis.com\/wp-content\/uploads\/2023\/07\/cropped-apuntesdesanluis.png\",\"contentUrl\":\"https:\/\/apuntesdesanluis.com\/wp-content\/uploads\/2023\/07\/cropped-apuntesdesanluis.png\",\"width\":450,\"height\":112,\"caption\":\"apuntesdesanluis.com\"},\"logo\":{\"@id\":\"https:\/\/apuntesdesanluis.com\/#\/schema\/person\/image\/\"},\"sameAs\":[\"https:\/\/apuntesdesanluis.com\"],\"url\":\"https:\/\/apuntesdesanluis.com\/index.php\/author\/apuntesdesanluis-com\/\"}]}<\/script>\n<!-- \/ Yoast SEO plugin. -->","yoast_head_json":{"title":"LOS TRABAJADORES DE LA SALUD DESCARGARON SU BRONCA CON UN BULLICIOSO PARO - Apuntes de San Luis","robots":{"index":"index","follow":"follow","max-snippet":"max-snippet:-1","max-image-preview":"max-image-preview:large","max-video-preview":"max-video-preview:-1"},"canonical":"https:\/\/apuntesdesanluis.com\/index.php\/2024\/03\/11\/los-trabajadores-de-la-salud-descargaron-su-bronca-con-un-bullicioso-paro\/","og_locale":"es_ES","og_type":"article","og_title":"LOS TRABAJADORES DE LA SALUD DESCARGARON SU BRONCA CON UN BULLICIOSO PARO - Apuntes de San Luis","og_description":"La falta de cumplimiento del pago de bono y actualizaci\u00f3n de las \u00faltimas escalas salariales,...","og_url":"https:\/\/apuntesdesanluis.com\/index.php\/2024\/03\/11\/los-trabajadores-de-la-salud-descargaron-su-bronca-con-un-bullicioso-paro\/","og_site_name":"Apuntes de San Luis","article_published_time":"2024-03-11T22:36:04+00:00","article_modified_time":"2024-03-11T22:42:17+00:00","og_image":[{"width":509,"height":337,"url":"https:\/\/apuntesdesanluis.com\/wp-content\/uploads\/2024\/03\/Atsa-paro.jpg","type":"image\/jpeg"}],"author":"apuntesdesanluis.com","twitter_card":"summary_large_image","twitter_misc":{"Escrito por":"apuntesdesanluis.com","Tiempo de lectura":"3 minutos"},"schema":{"@context":"https:\/\/schema.org","@graph":[{"@type":"Article","@id":"https:\/\/apuntesdesanluis.com\/index.php\/2024\/03\/11\/los-trabajadores-de-la-salud-descargaron-su-bronca-con-un-bullicioso-paro\/#article","isPartOf":{"@id":"https:\/\/apuntesdesanluis.com\/index.php\/2024\/03\/11\/los-trabajadores-de-la-salud-descargaron-su-bronca-con-un-bullicioso-paro\/"},"author":{"name":"apuntesdesanluis.com","@id":"https:\/\/apuntesdesanluis.com\/#\/schema\/person\/b55151d52296fcce64d1a72538a70b90"},"headline":"LOS TRABAJADORES DE LA SALUD DESCARGARON SU BRONCA CON UN BULLICIOSO PARO","datePublished":"2024-03-11T22:36:04+00:00","dateModified":"2024-03-11T22:42:17+00:00","mainEntityOfPage":{"@id":"https:\/\/apuntesdesanluis.com\/index.php\/2024\/03\/11\/los-trabajadores-de-la-salud-descargaron-su-bronca-con-un-bullicioso-paro\/"},"wordCount":511,"publisher":{"@id":"https:\/\/apuntesdesanluis.com\/#\/schema\/person\/b55151d52296fcce64d1a72538a70b90"},"image":{"@id":"https:\/\/apuntesdesanluis.com\/index.php\/2024\/03\/11\/los-trabajadores-de-la-salud-descargaron-su-bronca-con-un-bullicioso-paro\/#primaryimage"},"thumbnailUrl":"https:\/\/apuntesdesanluis.com\/wp-content\/uploads\/2024\/03\/Atsa-paro.jpg","articleSection":["Ciudad\/Provincia"],"inLanguage":"es-AR"},{"@type":"WebPage","@id":"https:\/\/apuntesdesanluis.com\/index.php\/2024\/03\/11\/los-trabajadores-de-la-salud-descargaron-su-bronca-con-un-bullicioso-paro\/","url":"https:\/\/apuntesdesanluis.com\/index.php\/2024\/03\/11\/los-trabajadores-de-la-salud-descargaron-su-bronca-con-un-bullicioso-paro\/","name":"LOS TRABAJADORES DE LA SALUD DESCARGARON SU BRONCA CON UN BULLICIOSO PARO - Apuntes de San Luis","isPartOf":{"@id":"https:\/\/apuntesdesanluis.com\/#website"},"primaryImageOfPage":{"@id":"https:\/\/apuntesdesanluis.com\/index.php\/2024\/03\/11\/los-trabajadores-de-la-salud-descargaron-su-bronca-con-un-bullicioso-paro\/#primaryimage"},"image":{"@id":"https:\/\/apuntesdesanluis.com\/index.php\/2024\/03\/11\/los-trabajadores-de-la-salud-descargaron-su-bronca-con-un-bullicioso-paro\/#primaryimage"},"thumbnailUrl":"https:\/\/apuntesdesanluis.com\/wp-content\/uploads\/2024\/03\/Atsa-paro.jpg","datePublished":"2024-03-11T22:36:04+00:00","dateModified":"2024-03-11T22:42:17+00:00","breadcrumb":{"@id":"https:\/\/apuntesdesanluis.com\/index.php\/2024\/03\/11\/los-trabajadores-de-la-salud-descargaron-su-bronca-con-un-bullicioso-paro\/#breadcrumb"},"inLanguage":"es-AR","potentialAction":[{"@type":"ReadAction","target":["https:\/\/apuntesdesanluis.com\/index.php\/2024\/03\/11\/los-trabajadores-de-la-salud-descargaron-su-bronca-con-un-bullicioso-paro\/"]}]},{"@type":"ImageObject","inLanguage":"es-AR","@id":"https:\/\/apuntesdesanluis.com\/index.php\/2024\/03\/11\/los-trabajadores-de-la-salud-descargaron-su-bronca-con-un-bullicioso-paro\/#primaryimage","url":"https:\/\/apuntesdesanluis.com\/wp-content\/uploads\/2024\/03\/Atsa-paro.jpg","contentUrl":"https:\/\/apuntesdesanluis.com\/wp-content\/uploads\/2024\/03\/Atsa-paro.jpg","width":509,"height":337},{"@type":"BreadcrumbList","@id":"https:\/\/apuntesdesanluis.com\/index.php\/2024\/03\/11\/los-trabajadores-de-la-salud-descargaron-su-bronca-con-un-bullicioso-paro\/#breadcrumb","itemListElement":[{"@type":"ListItem","position":1,"name":"Inicio","item":"https:\/\/apuntesdesanluis.com\/"},{"@type":"ListItem","position":2,"name":"LOS TRABAJADORES DE LA SALUD DESCARGARON SU BRONCA CON UN BULLICIOSO PARO"}]},{"@type":"WebSite","@id":"https:\/\/apuntesdesanluis.com\/#website","url":"https:\/\/apuntesdesanluis.com\/","name":"Apuntes de San Luis","description":"","publisher":{"@id":"https:\/\/apuntesdesanluis.com\/#\/schema\/person\/b55151d52296fcce64d1a72538a70b90"},"potentialAction":[{"@type":"SearchAction","target":{"@type":"EntryPoint","urlTemplate":"https:\/\/apuntesdesanluis.com\/?s={search_term_string}"},"query-input":{"@type":"PropertyValueSpecification","valueRequired":true,"valueName":"search_term_string"}}],"inLanguage":"es-AR"},{"@type":["Person","Organization"],"@id":"https:\/\/apuntesdesanluis.com\/#\/schema\/person\/b55151d52296fcce64d1a72538a70b90","name":"apuntesdesanluis.com","image":{"@type":"ImageObject","inLanguage":"es-AR","@id":"https:\/\/apuntesdesanluis.com\/#\/schema\/person\/image\/","url":"https:\/\/apuntesdesanluis.com\/wp-content\/uploads\/2023\/07\/cropped-apuntesdesanluis.png","contentUrl":"https:\/\/apuntesdesanluis.com\/wp-content\/uploads\/2023\/07\/cropped-apuntesdesanluis.png","width":450,"height":112,"caption":"apuntesdesanluis.com"},"logo":{"@id":"https:\/\/apuntesdesanluis.com\/#\/schema\/person\/image\/"},"sameAs":["https:\/\/apuntesdesanluis.com"],"url":"https:\/\/apuntesdesanluis.com\/index.php\/author\/apuntesdesanluis-com\/"}]}},"featured_image_urls":{"full":["https:\/\/apuntesdesanluis.com\/wp-content\/uploads\/2024\/03\/Atsa-paro.jpg",509,337,false],"thumbnail":["https:\/\/apuntesdesanluis.com\/wp-content\/uploads\/2024\/03\/Atsa-paro-150x150.jpg",150,150,true],"medium":["https:\/\/apuntesdesanluis.com\/wp-content\/uploads\/2024\/03\/Atsa-paro-300x199.jpg",300,199,true],"medium_large":["https:\/\/apuntesdesanluis.com\/wp-content\/uploads\/2024\/03\/Atsa-paro.jpg",509,337,false],"large":["https:\/\/apuntesdesanluis.com\/wp-content\/uploads\/2024\/03\/Atsa-paro.jpg",509,337,false],"1536x1536":["https:\/\/apuntesdesanluis.com\/wp-content\/uploads\/2024\/03\/Atsa-paro.jpg",509,337,false],"2048x2048":["https:\/\/apuntesdesanluis.com\/wp-content\/uploads\/2024\/03\/Atsa-paro.jpg",509,337,false],"newsever-slider-full":["https:\/\/apuntesdesanluis.com\/wp-content\/uploads\/2024\/03\/Atsa-paro.jpg",509,337,false],"newsever-featured":["https:\/\/apuntesdesanluis.com\/wp-content\/uploads\/2024\/03\/Atsa-paro.jpg",509,337,false],"newsever-medium":["https:\/\/apuntesdesanluis.com\/wp-content\/uploads\/2024\/03\/Atsa-paro.jpg",509,337,false]},"author_info":{"display_name":"apuntesdesanluis.com","author_link":"https:\/\/apuntesdesanluis.com\/index.php\/author\/apuntesdesanluis-com\/"},"category_info":"<a href=\"https:\/\/apuntesdesanluis.com\/index.php\/category\/ciudad-provincia\/\" rel=\"category tag\">Ciudad\/Provincia<\/a>","tag_info":"Ciudad\/Provincia","comment_count":"0","_links":{"self":[{"href":"https:\/\/apuntesdesanluis.com\/index.php\/wp-json\/wp\/v2\/posts\/12981","targetHints":{"allow":["GET"]}}],"collection":[{"href":"https:\/\/apuntesdesanluis.com\/index.php\/wp-json\/wp\/v2\/posts"}],"about":[{"href":"https:\/\/apuntesdesanluis.com\/index.php\/wp-json\/wp\/v2\/types\/post"}],"author":[{"embeddable":true,"href":"https:\/\/apuntesdesanluis.com\/index.php\/wp-json\/wp\/v2\/users\/1"}],"replies":[{"embeddable":true,"href":"https:\/\/apuntesdesanluis.com\/index.php\/wp-json\/wp\/v2\/comments?post=12981"}],"version-history":[{"count":5,"href":"https:\/\/apuntesdesanluis.com\/index.php\/wp-json\/wp\/v2\/posts\/12981\/revisions"}],"predecessor-version":[{"id":12995,"href":"https:\/\/apuntesdesanluis.com\/index.php\/wp-json\/wp\/v2\/posts\/12981\/revisions\/12995"}],"wp:featuredmedia":[{"embeddable":true,"href":"https:\/\/apuntesdesanluis.com\/index.php\/wp-json\/wp\/v2\/media\/12987"}],"wp:attachment":[{"href":"https:\/\/apuntesdesanluis.com\/index.php\/wp-json\/wp\/v2\/media?parent=12981"}],"wp:term":[{"taxonomy":"category","embeddable":true,"href":"https:\/\/apuntesdesanluis.com\/index.php\/wp-json\/wp\/v2\/categories?post=12981"},{"taxonomy":"post_tag","embeddable":true,"href":"https:\/\/apuntesdesanluis.com\/index.php\/wp-json\/wp\/v2\/tags?post=12981"}],"curies":[{"name":"wp","href":"https:\/\/api.w.org\/{rel}","templated":true}]}}