{"id":13008,"date":"2024-03-11T21:00:33","date_gmt":"2024-03-12T00:00:33","guid":{"rendered":"https:\/\/apuntesdesanluis.com\/?p=13008"},"modified":"2024-03-11T21:33:21","modified_gmt":"2024-03-12T00:33:21","slug":"quien-dude-de-lo-que-tiene-que-ser-un-policia-no-puede-seguir-en-la-fuerza","status":"publish","type":"post","link":"https:\/\/apuntesdesanluis.com\/index.php\/2024\/03\/11\/quien-dude-de-lo-que-tiene-que-ser-un-policia-no-puede-seguir-en-la-fuerza\/","title":{"rendered":"\u201cQUIEN DUDE DE LO QUE TIENE QUE SER UN POLIC\u00cdA, NO PUEDE SEGUIR EN LA FUERZA\u201d"},"content":{"rendered":"<h3>Con un duro discurso, la ministra de Seguridad, <strong>Nancy Sosa<\/strong>, repas\u00f3 el lamentable estado en el que encontr\u00f3 el Instituto Superior de Seguridad P\u00fablica, critic\u00f3 a la gesti\u00f3n anterior porque \u201cform\u00f3 recursos humanos sin el menor sentido del lugar que van a ocupar\u201d y le pidi\u00f3 a la Justicia que \u201ccamine la calle y sienta el dolor de las v\u00edctimas\u201d.<\/h3>\n<h3>La ministro de Seguridad, Nancy Sosa, no anduvo con vueltas a la hora de calificar el estado en el que encontr\u00f3 el edificio del Instituto Superior de Seguridad P\u00fablica (ISSP) cuando asumi\u00f3: \u201cLo dejaron con fallas estructurales graves, sin que funcionen las cloacas, problemas el\u00e9ctricos, falta de agua, cuestiones que necesitan obras de mayor envergadura. Debemos ser honestos en esto. Solo el 40% de este edificio est\u00e1 en condiciones de funcionamiento. Heredamos la desidia y la desinversi\u00f3n de a\u00f1os, sumado a la hipocres\u00eda de formar recursos humanos sin el menor sentido del lugar que van a ocupar, sin la comprensi\u00f3n de los sacrificios y la entrega que exige la funci\u00f3n policial y penitenciaria\u201d.<\/h3>\n<p><iframe title=\"NANCY SOSA, MINISTRO DE SEGURIDAD, APERTURA DEL ISSP 2024\" width=\"640\" height=\"360\" src=\"https:\/\/www.youtube.com\/embed\/LFlk4zOnhMo?feature=oembed\" frameborder=\"0\" allow=\"accelerometer; autoplay; clipboard-write; encrypted-media; gyroscope; picture-in-picture; web-share\" referrerpolicy=\"strict-origin-when-cross-origin\" allowfullscreen><\/iframe><\/p>\n<h3>Sin bajar el tono, le dio un fuerte respaldo a los agentes en actividad y quienes pretenden serlo a trav\u00e9s del estudio. \u201cEl mayor capital que poseen las instituciones son sus recursos humanos. Sin ellos no existe la posibilidad de ninguna pol\u00edtica p\u00fablica que nos conduzca a buen puerto. Formar es transformar el pensamiento y la acci\u00f3n, es mostrar y trabajar por una visi\u00f3n com\u00fan, la seguridad de la comunidad. Esta ha sido mi casa durante mi formaci\u00f3n como polic\u00eda. Aqu\u00ed conquist\u00e9 desaf\u00edos nuevos, descubr\u00ed la importancia de la responsabilidad y la repercusi\u00f3n de cada una de las acciones, el sentido de entrega por el otro. En el estandarte resuenan tres palabras que nunca olvid\u00e9. Fe, estudio y disciplina\u201d, continu\u00f3.<\/h3>\n<h3>Sin nombrarla, tambi\u00e9n tuvo palabras para la gesti\u00f3n anterior: \u201cLa libertad es muy valiosa, pero nada tiene que ver con el libertinaje y con alentar conductas que destruyen un orden social. S\u00ed, el alcohol, la droga, los excesos, el ser garantista es un discurso muy simp\u00e1tico que ha destruido la confianza en la Justicia y ha limado el accionar de las fuerzas de seguridad. Yo no creo en la mano dura, no la promuevo, no la comparto. Creo en la responsabilidad social, en el respeto por el pr\u00f3jimo y en una justicia que demuestre inter\u00e9s por reparar, acortando los plazos y siendo eficiente seg\u00fan el da\u00f1o, con la v\u00edctima, no con el victimario\u201d.<\/h3>\n<h3><\/h3>\n<h3><\/h3>\n<h3>Otro poder del estado, el Judicial, tambi\u00e9n recibi\u00f3 un mensaje claro de Sosa. \u201cNecesitamos una Justicia que camine la calle y sienta el dolor, la desesperaci\u00f3n y la angustia que significa ser v\u00edctima. La v\u00edctima es una sola, la que sufre el da\u00f1o. Quien lo causa no es la v\u00edctima, es un delincuente. No hay que confundirse con teor\u00edas fracasadas que buscan sostener una grieta. Quien sale a robar con un arma sale a matar, a\u00fan cuando tenga 17 a\u00f1os y hasta tanto no repara el da\u00f1o, no puede permanecer en su casa. Debe estar en un lugar que le permita recapacitar. Hoy la polic\u00eda de la provincia insume m\u00e1s de 30 recursos humanos a diario para custodiar a j\u00f3venes en conflicto con la norma por disposici\u00f3n de la Justicia. Est\u00e1n en sus casas, en hospitales, en centros de salud, dejando a los vecinos sin protecci\u00f3n y las calles sin prevenci\u00f3n. En causas recientes y en otras que llevan m\u00e1s de dos a\u00f1os, hago un llamado a los legisladores, a las instituciones intermedias para trabajar en el abordaje de estas problem\u00e1ticas, para realizar las modificaciones en las normativas vigentes, porque de lo contrario cada vez habr\u00e1 menos agentes en las calles\u201d.<\/h3>\n<h3>La ministro tambi\u00e9n lanz\u00f3 un plan anual de entrenamiento para el personal policial y penitenciario en servicio activo, que permitir\u00e1 que todos los efectivos concurran al ISSP a lo largo del a\u00f1o para realizar un entrenamiento espec\u00edfico que abarcar\u00e1 la atenci\u00f3n a la comunidad, el manejo y cuidado de los patrulleros y la pr\u00e1ctica de tiro con sus armas reglamentarias. \u201cNuestra polic\u00eda debe recuperar el sentido del trabajo. No est\u00e1n ac\u00e1 para mirar para otro lado, est\u00e1n para cuidar a los ciudadanos y evitar que se produzcan las acciones delictivas. Deben comprender que los viejos paradigmas de funcionamiento est\u00e1n obsoletos, han fracasado y que en ustedes est\u00e1 el poder de polic\u00eda para proteger a sus conciudadanos. No podemos esperar resultados diferentes haciendo siempre lo mismo\u201d, les dijo Sosa.<\/h3>\n<h3>Y aunque reconoci\u00f3 que esos mismos agentes \u201ctambi\u00e9n fueron arrastrados por ideolog\u00edas de las que nunca debieron ser parte, son responsables por permitir que la semilla de las ambiciones personales creciera en forma desmedida sobre la \u00fanica semilla que debe regarse, que es la de la rectitud, la honorabilidad y la entrega en el servicio. Quien tenga dudas de lo que debe ser un polic\u00eda no puede seguir en estas filas\u201d.<\/h3>\n<h3>Sosa les asegur\u00f3 que completo respaldo del Gobierno y del ministerio de Seguridad, \u201csiempre que breguen por el cuidado de cada sanluise\u00f1o para combatir a quienes da\u00f1an la sociedad y enferman a nuestros j\u00f3venes. No teman en actuar, h\u00e1ganlo sabiendo que nos encontrar\u00e1n respald\u00e1ndolos. Es fundamental en esta coyuntura que vivimos no o\u00edr a los sectores que aturdieron con su silencio en estos ocho a\u00f1os que pasaron y que hoy quieren distraernos con sus murmullos. Debemos escuchar a los ciudadanos que eligieron un cambio, hartos de los atropellos, hartos de la utilizaci\u00f3n del miedo disciplinador, hartos de vivir encerrados mientras los delincuentes est\u00e1n sueltos. Hartos de ver c\u00f3mo se robaban el Estado. Es enorme el desaf\u00edo\u201d.<\/h3>\n","protected":false},"excerpt":{"rendered":"<p>Con un duro discurso, la ministra de Seguridad, Nancy Sosa, repas\u00f3 el lamentable estado en&#8230;<\/p>\n","protected":false},"author":1,"featured_media":13009,"comment_status":"closed","ping_status":"closed","sticky":false,"template":"","format":"standard","meta":{"footnotes":""},"categories":[6],"tags":[],"class_list":["post-13008","post","type-post","status-publish","format-standard","has-post-thumbnail","hentry","category-ciudad-provincia"],"yoast_head":"<!-- This site is optimized with the Yoast SEO plugin v26.1.1 - https:\/\/yoast.com\/wordpress\/plugins\/seo\/ -->\n<title>\u201cQUIEN DUDE DE LO QUE TIENE QUE SER UN POLIC\u00cdA, NO PUEDE SEGUIR EN LA FUERZA\u201d - Apuntes de San Luis<\/title>\n<meta name=\"robots\" content=\"index, follow, max-snippet:-1, max-image-preview:large, max-video-preview:-1\" \/>\n<link rel=\"canonical\" href=\"https:\/\/apuntesdesanluis.com\/index.php\/2024\/03\/11\/quien-dude-de-lo-que-tiene-que-ser-un-policia-no-puede-seguir-en-la-fuerza\/\" \/>\n<meta property=\"og:locale\" content=\"es_ES\" \/>\n<meta property=\"og:type\" content=\"article\" \/>\n<meta property=\"og:title\" content=\"\u201cQUIEN DUDE DE LO QUE TIENE QUE SER UN POLIC\u00cdA, NO PUEDE SEGUIR EN LA FUERZA\u201d - Apuntes de San Luis\" \/>\n<meta property=\"og:description\" content=\"Con un duro discurso, la ministra de Seguridad, Nancy Sosa, repas\u00f3 el lamentable estado en...\" \/>\n<meta property=\"og:url\" content=\"https:\/\/apuntesdesanluis.com\/index.php\/2024\/03\/11\/quien-dude-de-lo-que-tiene-que-ser-un-policia-no-puede-seguir-en-la-fuerza\/\" \/>\n<meta property=\"og:site_name\" content=\"Apuntes de San Luis\" \/>\n<meta property=\"article:published_time\" content=\"2024-03-12T00:00:33+00:00\" \/>\n<meta property=\"article:modified_time\" content=\"2024-03-12T00:33:21+00:00\" \/>\n<meta property=\"og:image\" content=\"https:\/\/apuntesdesanluis.com\/wp-content\/uploads\/2024\/03\/ministra-nancy-sosa.png\" \/>\n\t<meta property=\"og:image:width\" content=\"600\" \/>\n\t<meta property=\"og:image:height\" content=\"399\" \/>\n\t<meta property=\"og:image:type\" content=\"image\/png\" \/>\n<meta name=\"author\" content=\"apuntesdesanluis.com\" \/>\n<meta name=\"twitter:card\" content=\"summary_large_image\" \/>\n<meta name=\"twitter:label1\" content=\"Escrito por\" \/>\n\t<meta name=\"twitter:data1\" content=\"apuntesdesanluis.com\" \/>\n\t<meta name=\"twitter:label2\" content=\"Tiempo de lectura\" \/>\n\t<meta name=\"twitter:data2\" content=\"5 minutos\" \/>\n<script type=\"application\/ld+json\" class=\"yoast-schema-graph\">{\"@context\":\"https:\/\/schema.org\",\"@graph\":[{\"@type\":\"Article\",\"@id\":\"https:\/\/apuntesdesanluis.com\/index.php\/2024\/03\/11\/quien-dude-de-lo-que-tiene-que-ser-un-policia-no-puede-seguir-en-la-fuerza\/#article\",\"isPartOf\":{\"@id\":\"https:\/\/apuntesdesanluis.com\/index.php\/2024\/03\/11\/quien-dude-de-lo-que-tiene-que-ser-un-policia-no-puede-seguir-en-la-fuerza\/\"},\"author\":{\"name\":\"apuntesdesanluis.com\",\"@id\":\"https:\/\/apuntesdesanluis.com\/#\/schema\/person\/b55151d52296fcce64d1a72538a70b90\"},\"headline\":\"\u201cQUIEN DUDE DE LO QUE TIENE QUE SER UN POLIC\u00cdA, NO PUEDE SEGUIR EN LA FUERZA\u201d\",\"datePublished\":\"2024-03-12T00:00:33+00:00\",\"dateModified\":\"2024-03-12T00:33:21+00:00\",\"mainEntityOfPage\":{\"@id\":\"https:\/\/apuntesdesanluis.com\/index.php\/2024\/03\/11\/quien-dude-de-lo-que-tiene-que-ser-un-policia-no-puede-seguir-en-la-fuerza\/\"},\"wordCount\":1016,\"publisher\":{\"@id\":\"https:\/\/apuntesdesanluis.com\/#\/schema\/person\/b55151d52296fcce64d1a72538a70b90\"},\"image\":{\"@id\":\"https:\/\/apuntesdesanluis.com\/index.php\/2024\/03\/11\/quien-dude-de-lo-que-tiene-que-ser-un-policia-no-puede-seguir-en-la-fuerza\/#primaryimage\"},\"thumbnailUrl\":\"https:\/\/apuntesdesanluis.com\/wp-content\/uploads\/2024\/03\/ministra-nancy-sosa.png\",\"articleSection\":[\"Ciudad\/Provincia\"],\"inLanguage\":\"es-AR\"},{\"@type\":\"WebPage\",\"@id\":\"https:\/\/apuntesdesanluis.com\/index.php\/2024\/03\/11\/quien-dude-de-lo-que-tiene-que-ser-un-policia-no-puede-seguir-en-la-fuerza\/\",\"url\":\"https:\/\/apuntesdesanluis.com\/index.php\/2024\/03\/11\/quien-dude-de-lo-que-tiene-que-ser-un-policia-no-puede-seguir-en-la-fuerza\/\",\"name\":\"\u201cQUIEN DUDE DE LO QUE TIENE QUE SER UN POLIC\u00cdA, NO PUEDE SEGUIR EN LA FUERZA\u201d - Apuntes de San Luis\",\"isPartOf\":{\"@id\":\"https:\/\/apuntesdesanluis.com\/#website\"},\"primaryImageOfPage\":{\"@id\":\"https:\/\/apuntesdesanluis.com\/index.php\/2024\/03\/11\/quien-dude-de-lo-que-tiene-que-ser-un-policia-no-puede-seguir-en-la-fuerza\/#primaryimage\"},\"image\":{\"@id\":\"https:\/\/apuntesdesanluis.com\/index.php\/2024\/03\/11\/quien-dude-de-lo-que-tiene-que-ser-un-policia-no-puede-seguir-en-la-fuerza\/#primaryimage\"},\"thumbnailUrl\":\"https:\/\/apuntesdesanluis.com\/wp-content\/uploads\/2024\/03\/ministra-nancy-sosa.png\",\"datePublished\":\"2024-03-12T00:00:33+00:00\",\"dateModified\":\"2024-03-12T00:33:21+00:00\",\"breadcrumb\":{\"@id\":\"https:\/\/apuntesdesanluis.com\/index.php\/2024\/03\/11\/quien-dude-de-lo-que-tiene-que-ser-un-policia-no-puede-seguir-en-la-fuerza\/#breadcrumb\"},\"inLanguage\":\"es-AR\",\"potentialAction\":[{\"@type\":\"ReadAction\",\"target\":[\"https:\/\/apuntesdesanluis.com\/index.php\/2024\/03\/11\/quien-dude-de-lo-que-tiene-que-ser-un-policia-no-puede-seguir-en-la-fuerza\/\"]}]},{\"@type\":\"ImageObject\",\"inLanguage\":\"es-AR\",\"@id\":\"https:\/\/apuntesdesanluis.com\/index.php\/2024\/03\/11\/quien-dude-de-lo-que-tiene-que-ser-un-policia-no-puede-seguir-en-la-fuerza\/#primaryimage\",\"url\":\"https:\/\/apuntesdesanluis.com\/wp-content\/uploads\/2024\/03\/ministra-nancy-sosa.png\",\"contentUrl\":\"https:\/\/apuntesdesanluis.com\/wp-content\/uploads\/2024\/03\/ministra-nancy-sosa.png\",\"width\":600,\"height\":399},{\"@type\":\"BreadcrumbList\",\"@id\":\"https:\/\/apuntesdesanluis.com\/index.php\/2024\/03\/11\/quien-dude-de-lo-que-tiene-que-ser-un-policia-no-puede-seguir-en-la-fuerza\/#breadcrumb\",\"itemListElement\":[{\"@type\":\"ListItem\",\"position\":1,\"name\":\"Inicio\",\"item\":\"https:\/\/apuntesdesanluis.com\/\"},{\"@type\":\"ListItem\",\"position\":2,\"name\":\"\u201cQUIEN DUDE DE LO QUE TIENE QUE SER UN POLIC\u00cdA, NO PUEDE SEGUIR EN LA FUERZA\u201d\"}]},{\"@type\":\"WebSite\",\"@id\":\"https:\/\/apuntesdesanluis.com\/#website\",\"url\":\"https:\/\/apuntesdesanluis.com\/\",\"name\":\"Apuntes de San Luis\",\"description\":\"\",\"publisher\":{\"@id\":\"https:\/\/apuntesdesanluis.com\/#\/schema\/person\/b55151d52296fcce64d1a72538a70b90\"},\"potentialAction\":[{\"@type\":\"SearchAction\",\"target\":{\"@type\":\"EntryPoint\",\"urlTemplate\":\"https:\/\/apuntesdesanluis.com\/?s={search_term_string}\"},\"query-input\":{\"@type\":\"PropertyValueSpecification\",\"valueRequired\":true,\"valueName\":\"search_term_string\"}}],\"inLanguage\":\"es-AR\"},{\"@type\":[\"Person\",\"Organization\"],\"@id\":\"https:\/\/apuntesdesanluis.com\/#\/schema\/person\/b55151d52296fcce64d1a72538a70b90\",\"name\":\"apuntesdesanluis.com\",\"image\":{\"@type\":\"ImageObject\",\"inLanguage\":\"es-AR\",\"@id\":\"https:\/\/apuntesdesanluis.com\/#\/schema\/person\/image\/\",\"url\":\"https:\/\/apuntesdesanluis.com\/wp-content\/uploads\/2023\/07\/cropped-apuntesdesanluis.png\",\"contentUrl\":\"https:\/\/apuntesdesanluis.com\/wp-content\/uploads\/2023\/07\/cropped-apuntesdesanluis.png\",\"width\":450,\"height\":112,\"caption\":\"apuntesdesanluis.com\"},\"logo\":{\"@id\":\"https:\/\/apuntesdesanluis.com\/#\/schema\/person\/image\/\"},\"sameAs\":[\"https:\/\/apuntesdesanluis.com\"],\"url\":\"https:\/\/apuntesdesanluis.com\/index.php\/author\/apuntesdesanluis-com\/\"}]}<\/script>\n<!-- \/ Yoast SEO plugin. -->","yoast_head_json":{"title":"\u201cQUIEN DUDE DE LO QUE TIENE QUE SER UN POLIC\u00cdA, NO PUEDE SEGUIR EN LA FUERZA\u201d - Apuntes de San Luis","robots":{"index":"index","follow":"follow","max-snippet":"max-snippet:-1","max-image-preview":"max-image-preview:large","max-video-preview":"max-video-preview:-1"},"canonical":"https:\/\/apuntesdesanluis.com\/index.php\/2024\/03\/11\/quien-dude-de-lo-que-tiene-que-ser-un-policia-no-puede-seguir-en-la-fuerza\/","og_locale":"es_ES","og_type":"article","og_title":"\u201cQUIEN DUDE DE LO QUE TIENE QUE SER UN POLIC\u00cdA, NO PUEDE SEGUIR EN LA FUERZA\u201d - Apuntes de San Luis","og_description":"Con un duro discurso, la ministra de Seguridad, Nancy Sosa, repas\u00f3 el lamentable estado en...","og_url":"https:\/\/apuntesdesanluis.com\/index.php\/2024\/03\/11\/quien-dude-de-lo-que-tiene-que-ser-un-policia-no-puede-seguir-en-la-fuerza\/","og_site_name":"Apuntes de San Luis","article_published_time":"2024-03-12T00:00:33+00:00","article_modified_time":"2024-03-12T00:33:21+00:00","og_image":[{"width":600,"height":399,"url":"https:\/\/apuntesdesanluis.com\/wp-content\/uploads\/2024\/03\/ministra-nancy-sosa.png","type":"image\/png"}],"author":"apuntesdesanluis.com","twitter_card":"summary_large_image","twitter_misc":{"Escrito por":"apuntesdesanluis.com","Tiempo de lectura":"5 minutos"},"schema":{"@context":"https:\/\/schema.org","@graph":[{"@type":"Article","@id":"https:\/\/apuntesdesanluis.com\/index.php\/2024\/03\/11\/quien-dude-de-lo-que-tiene-que-ser-un-policia-no-puede-seguir-en-la-fuerza\/#article","isPartOf":{"@id":"https:\/\/apuntesdesanluis.com\/index.php\/2024\/03\/11\/quien-dude-de-lo-que-tiene-que-ser-un-policia-no-puede-seguir-en-la-fuerza\/"},"author":{"name":"apuntesdesanluis.com","@id":"https:\/\/apuntesdesanluis.com\/#\/schema\/person\/b55151d52296fcce64d1a72538a70b90"},"headline":"\u201cQUIEN DUDE DE LO QUE TIENE QUE SER UN POLIC\u00cdA, NO PUEDE SEGUIR EN LA FUERZA\u201d","datePublished":"2024-03-12T00:00:33+00:00","dateModified":"2024-03-12T00:33:21+00:00","mainEntityOfPage":{"@id":"https:\/\/apuntesdesanluis.com\/index.php\/2024\/03\/11\/quien-dude-de-lo-que-tiene-que-ser-un-policia-no-puede-seguir-en-la-fuerza\/"},"wordCount":1016,"publisher":{"@id":"https:\/\/apuntesdesanluis.com\/#\/schema\/person\/b55151d52296fcce64d1a72538a70b90"},"image":{"@id":"https:\/\/apuntesdesanluis.com\/index.php\/2024\/03\/11\/quien-dude-de-lo-que-tiene-que-ser-un-policia-no-puede-seguir-en-la-fuerza\/#primaryimage"},"thumbnailUrl":"https:\/\/apuntesdesanluis.com\/wp-content\/uploads\/2024\/03\/ministra-nancy-sosa.png","articleSection":["Ciudad\/Provincia"],"inLanguage":"es-AR"},{"@type":"WebPage","@id":"https:\/\/apuntesdesanluis.com\/index.php\/2024\/03\/11\/quien-dude-de-lo-que-tiene-que-ser-un-policia-no-puede-seguir-en-la-fuerza\/","url":"https:\/\/apuntesdesanluis.com\/index.php\/2024\/03\/11\/quien-dude-de-lo-que-tiene-que-ser-un-policia-no-puede-seguir-en-la-fuerza\/","name":"\u201cQUIEN DUDE DE LO QUE TIENE QUE SER UN POLIC\u00cdA, NO PUEDE SEGUIR EN LA FUERZA\u201d - Apuntes de San Luis","isPartOf":{"@id":"https:\/\/apuntesdesanluis.com\/#website"},"primaryImageOfPage":{"@id":"https:\/\/apuntesdesanluis.com\/index.php\/2024\/03\/11\/quien-dude-de-lo-que-tiene-que-ser-un-policia-no-puede-seguir-en-la-fuerza\/#primaryimage"},"image":{"@id":"https:\/\/apuntesdesanluis.com\/index.php\/2024\/03\/11\/quien-dude-de-lo-que-tiene-que-ser-un-policia-no-puede-seguir-en-la-fuerza\/#primaryimage"},"thumbnailUrl":"https:\/\/apuntesdesanluis.com\/wp-content\/uploads\/2024\/03\/ministra-nancy-sosa.png","datePublished":"2024-03-12T00:00:33+00:00","dateModified":"2024-03-12T00:33:21+00:00","breadcrumb":{"@id":"https:\/\/apuntesdesanluis.com\/index.php\/2024\/03\/11\/quien-dude-de-lo-que-tiene-que-ser-un-policia-no-puede-seguir-en-la-fuerza\/#breadcrumb"},"inLanguage":"es-AR","potentialAction":[{"@type":"ReadAction","target":["https:\/\/apuntesdesanluis.com\/index.php\/2024\/03\/11\/quien-dude-de-lo-que-tiene-que-ser-un-policia-no-puede-seguir-en-la-fuerza\/"]}]},{"@type":"ImageObject","inLanguage":"es-AR","@id":"https:\/\/apuntesdesanluis.com\/index.php\/2024\/03\/11\/quien-dude-de-lo-que-tiene-que-ser-un-policia-no-puede-seguir-en-la-fuerza\/#primaryimage","url":"https:\/\/apuntesdesanluis.com\/wp-content\/uploads\/2024\/03\/ministra-nancy-sosa.png","contentUrl":"https:\/\/apuntesdesanluis.com\/wp-content\/uploads\/2024\/03\/ministra-nancy-sosa.png","width":600,"height":399},{"@type":"BreadcrumbList","@id":"https:\/\/apuntesdesanluis.com\/index.php\/2024\/03\/11\/quien-dude-de-lo-que-tiene-que-ser-un-policia-no-puede-seguir-en-la-fuerza\/#breadcrumb","itemListElement":[{"@type":"ListItem","position":1,"name":"Inicio","item":"https:\/\/apuntesdesanluis.com\/"},{"@type":"ListItem","position":2,"name":"\u201cQUIEN DUDE DE LO QUE TIENE QUE SER UN POLIC\u00cdA, NO PUEDE SEGUIR EN LA FUERZA\u201d"}]},{"@type":"WebSite","@id":"https:\/\/apuntesdesanluis.com\/#website","url":"https:\/\/apuntesdesanluis.com\/","name":"Apuntes de San Luis","description":"","publisher":{"@id":"https:\/\/apuntesdesanluis.com\/#\/schema\/person\/b55151d52296fcce64d1a72538a70b90"},"potentialAction":[{"@type":"SearchAction","target":{"@type":"EntryPoint","urlTemplate":"https:\/\/apuntesdesanluis.com\/?s={search_term_string}"},"query-input":{"@type":"PropertyValueSpecification","valueRequired":true,"valueName":"search_term_string"}}],"inLanguage":"es-AR"},{"@type":["Person","Organization"],"@id":"https:\/\/apuntesdesanluis.com\/#\/schema\/person\/b55151d52296fcce64d1a72538a70b90","name":"apuntesdesanluis.com","image":{"@type":"ImageObject","inLanguage":"es-AR","@id":"https:\/\/apuntesdesanluis.com\/#\/schema\/person\/image\/","url":"https:\/\/apuntesdesanluis.com\/wp-content\/uploads\/2023\/07\/cropped-apuntesdesanluis.png","contentUrl":"https:\/\/apuntesdesanluis.com\/wp-content\/uploads\/2023\/07\/cropped-apuntesdesanluis.png","width":450,"height":112,"caption":"apuntesdesanluis.com"},"logo":{"@id":"https:\/\/apuntesdesanluis.com\/#\/schema\/person\/image\/"},"sameAs":["https:\/\/apuntesdesanluis.com"],"url":"https:\/\/apuntesdesanluis.com\/index.php\/author\/apuntesdesanluis-com\/"}]}},"featured_image_urls":{"full":["https:\/\/apuntesdesanluis.com\/wp-content\/uploads\/2024\/03\/ministra-nancy-sosa.png",600,399,false],"thumbnail":["https:\/\/apuntesdesanluis.com\/wp-content\/uploads\/2024\/03\/ministra-nancy-sosa-150x150.png",150,150,true],"medium":["https:\/\/apuntesdesanluis.com\/wp-content\/uploads\/2024\/03\/ministra-nancy-sosa-300x200.png",300,200,true],"medium_large":["https:\/\/apuntesdesanluis.com\/wp-content\/uploads\/2024\/03\/ministra-nancy-sosa.png",600,399,false],"large":["https:\/\/apuntesdesanluis.com\/wp-content\/uploads\/2024\/03\/ministra-nancy-sosa.png",600,399,false],"1536x1536":["https:\/\/apuntesdesanluis.com\/wp-content\/uploads\/2024\/03\/ministra-nancy-sosa.png",600,399,false],"2048x2048":["https:\/\/apuntesdesanluis.com\/wp-content\/uploads\/2024\/03\/ministra-nancy-sosa.png",600,399,false],"newsever-slider-full":["https:\/\/apuntesdesanluis.com\/wp-content\/uploads\/2024\/03\/ministra-nancy-sosa.png",600,399,false],"newsever-featured":["https:\/\/apuntesdesanluis.com\/wp-content\/uploads\/2024\/03\/ministra-nancy-sosa.png",600,399,false],"newsever-medium":["https:\/\/apuntesdesanluis.com\/wp-content\/uploads\/2024\/03\/ministra-nancy-sosa.png",600,399,false]},"author_info":{"display_name":"apuntesdesanluis.com","author_link":"https:\/\/apuntesdesanluis.com\/index.php\/author\/apuntesdesanluis-com\/"},"category_info":"<a href=\"https:\/\/apuntesdesanluis.com\/index.php\/category\/ciudad-provincia\/\" rel=\"category tag\">Ciudad\/Provincia<\/a>","tag_info":"Ciudad\/Provincia","comment_count":"0","_links":{"self":[{"href":"https:\/\/apuntesdesanluis.com\/index.php\/wp-json\/wp\/v2\/posts\/13008","targetHints":{"allow":["GET"]}}],"collection":[{"href":"https:\/\/apuntesdesanluis.com\/index.php\/wp-json\/wp\/v2\/posts"}],"about":[{"href":"https:\/\/apuntesdesanluis.com\/index.php\/wp-json\/wp\/v2\/types\/post"}],"author":[{"embeddable":true,"href":"https:\/\/apuntesdesanluis.com\/index.php\/wp-json\/wp\/v2\/users\/1"}],"replies":[{"embeddable":true,"href":"https:\/\/apuntesdesanluis.com\/index.php\/wp-json\/wp\/v2\/comments?post=13008"}],"version-history":[{"count":1,"href":"https:\/\/apuntesdesanluis.com\/index.php\/wp-json\/wp\/v2\/posts\/13008\/revisions"}],"predecessor-version":[{"id":13010,"href":"https:\/\/apuntesdesanluis.com\/index.php\/wp-json\/wp\/v2\/posts\/13008\/revisions\/13010"}],"wp:featuredmedia":[{"embeddable":true,"href":"https:\/\/apuntesdesanluis.com\/index.php\/wp-json\/wp\/v2\/media\/13009"}],"wp:attachment":[{"href":"https:\/\/apuntesdesanluis.com\/index.php\/wp-json\/wp\/v2\/media?parent=13008"}],"wp:term":[{"taxonomy":"category","embeddable":true,"href":"https:\/\/apuntesdesanluis.com\/index.php\/wp-json\/wp\/v2\/categories?post=13008"},{"taxonomy":"post_tag","embeddable":true,"href":"https:\/\/apuntesdesanluis.com\/index.php\/wp-json\/wp\/v2\/tags?post=13008"}],"curies":[{"name":"wp","href":"https:\/\/api.w.org\/{rel}","templated":true}]}}