{"id":13044,"date":"2024-03-12T20:03:56","date_gmt":"2024-03-12T23:03:56","guid":{"rendered":"https:\/\/apuntesdesanluis.com\/?p=13044"},"modified":"2024-03-12T20:03:56","modified_gmt":"2024-03-12T23:03:56","slug":"villa-mercedes-comenzo-juicio-a-comerciante-acusado-por-delitos-contra-la-integridad-sexual","status":"publish","type":"post","link":"https:\/\/apuntesdesanluis.com\/index.php\/2024\/03\/12\/villa-mercedes-comenzo-juicio-a-comerciante-acusado-por-delitos-contra-la-integridad-sexual\/","title":{"rendered":"VILLA MERCEDES: COMENZ\u00d3 JUICIO A COMERCIANTE ACUSADO POR DELITOS CONTRA LA INTEGRIDAD SEXUAL"},"content":{"rendered":"<h3>El debate oral inici\u00f3 este martes en la Sala de Juicios Orales N\u00ba 1 del edificio judicial villamercedino.<\/h3>\n<h3>Por tratarse de un delito en perjuicio de una persona menor de 18 a\u00f1os, no se consignan los datos identificatorios de las partes a fin de preservar el derecho a la intimidad, privacidad y confidencialidad de la v\u00edctima (Art.22 Ley 26.061)<\/h3>\n<h3>Este martes, inici\u00f3 un debate oral en donde se juzga a un hombre. A.G., que posee un comercio en avenida 25 de Mayo, por los delitos de grooming, producci\u00f3n de material de abuso sexual infantil (Masnna), abuso sexual gravemente ultrajante, promoci\u00f3n a la corrupci\u00f3n de menores de edad calificada, todo en concurso real, previsto y penado por los Arts. 45, 131, 128 \u2013 primer p\u00e1rrafo y 55, Art. 119, 2\u00b0 p\u00e1rrafo, Art. 125, 3\u00b0 p\u00e1rrafo del C\u00f3digo Penal, en car\u00e1cter de autor (art. 45 del C\u00f3digo Penal).<\/h3>\n<h3>El tribunal que lleva adelante el debate est\u00e1 integrado por el Dr. Sebasti\u00e1n Cadelago Filippi \u2013presidente-, y por las Dras. Virna Eguinoa y Daniela Estrada \u2013vocales-. Como Fiscal de Juicio intervino el Dr. N\u00e9stor Lucero, como Defensora de Ni\u00f1ez y Adolescencia la Dra. Victoria Cort\u00e1zar, en representaci\u00f3n\u00a0 del particular damnificado el Dr. Gustavo Correa, y como defensores del imputado, los Dres. Dr. Maximiliano Del Signore y Rafael Berruezo.<\/h3>\n<h3>El Fiscal de Juicio inici\u00f3 con los alegatos de apertura, describi\u00f3 el hecho y expres\u00f3 que hay certezas suficientes para acreditar la autor\u00eda y para una condena efectiva mientras que el representante del particular damnificado tambi\u00e9n hizo menci\u00f3n a los sucesos y asever\u00f3 que a trav\u00e9s de los testimonios se va a corroborar el relato.<\/h3>\n<h3>A su vez, la Defensora de Ni\u00f1ez realiz\u00f3 una descripci\u00f3n de los hechos desde la denuncia y manifest\u00f3 que van a ser probados. Por \u00faltimo, la defensa del imputado dijo que no hay elementos de prueba que constituyan un delito.<\/h3>\n<h3>El debate oral, continuar\u00e1 con la etapa probatoria.<\/h3>\n<h3>La audiencia de formulaci\u00f3n de cargos se realiz\u00f3 en octubre pasado. All\u00ed la fiscal de instrucci\u00f3n relat\u00f3 que la causa inici\u00f3 en julio con la denuncia del padre de la v\u00edctima.\u00a0 En este momento, explic\u00f3 que cuando la ni\u00f1a ten\u00eda entre 7 y 8 a\u00f1os se presentaron situaciones de agresiones y ultrajes de \u00edndole sexual. Adem\u00e1s, inform\u00f3 que del an\u00e1lisis del dispositivo electr\u00f3nico se desprendieron conversaciones -entre la v\u00edctima, cuando esta ten\u00eda entre 14 y 16 a\u00f1os y el imputado-, fotos y videos de \u00edndole sexual e intercambio de dinero.<\/h3>\n<h3><span style=\"color: #3366ff;\">NOTICIA RELACIONADA:<\/span><\/h3>\n<p><a href=\"https:\/\/apuntesdesanluis.com\/index.php\/2023\/10\/14\/complicada-situacion-judicial-del-comerciante-detenido-por-causas-contra-la-integridad-sexual\/\"><img fetchpriority=\"high\" decoding=\"async\" class=\"alignnone  wp-image-13045\" src=\"https:\/\/apuntesdesanluis.com\/wp-content\/uploads\/2024\/03\/posteo-4-300x198.png\" alt=\"\" width=\"406\" height=\"268\" srcset=\"https:\/\/apuntesdesanluis.com\/wp-content\/uploads\/2024\/03\/posteo-4-300x198.png 300w, https:\/\/apuntesdesanluis.com\/wp-content\/uploads\/2024\/03\/posteo-4.png 581w\" sizes=\"(max-width: 406px) 100vw, 406px\" \/><\/a><\/p>\n<p>&nbsp;<\/p>\n<p>&nbsp;<\/p>\n<p>&nbsp;<\/p>\n","protected":false},"excerpt":{"rendered":"<p>El debate oral inici\u00f3 este martes en la Sala de Juicios Orales N\u00ba 1 del&#8230;<\/p>\n","protected":false},"author":1,"featured_media":13046,"comment_status":"closed","ping_status":"closed","sticky":false,"template":"","format":"standard","meta":{"footnotes":""},"categories":[6],"tags":[],"class_list":["post-13044","post","type-post","status-publish","format-standard","has-post-thumbnail","hentry","category-ciudad-provincia"],"yoast_head":"<!-- This site is optimized with the Yoast SEO plugin v26.1.1 - https:\/\/yoast.com\/wordpress\/plugins\/seo\/ -->\n<title>VILLA MERCEDES: COMENZ\u00d3 JUICIO A COMERCIANTE ACUSADO POR DELITOS CONTRA LA INTEGRIDAD SEXUAL - Apuntes de San Luis<\/title>\n<meta name=\"robots\" content=\"index, follow, max-snippet:-1, max-image-preview:large, max-video-preview:-1\" \/>\n<link rel=\"canonical\" href=\"https:\/\/apuntesdesanluis.com\/index.php\/2024\/03\/12\/villa-mercedes-comenzo-juicio-a-comerciante-acusado-por-delitos-contra-la-integridad-sexual\/\" \/>\n<meta property=\"og:locale\" content=\"es_ES\" \/>\n<meta property=\"og:type\" content=\"article\" \/>\n<meta property=\"og:title\" content=\"VILLA MERCEDES: COMENZ\u00d3 JUICIO A COMERCIANTE ACUSADO POR DELITOS CONTRA LA INTEGRIDAD SEXUAL - Apuntes de San Luis\" \/>\n<meta property=\"og:description\" content=\"El debate oral inici\u00f3 este martes en la Sala de Juicios Orales N\u00ba 1 del...\" \/>\n<meta property=\"og:url\" content=\"https:\/\/apuntesdesanluis.com\/index.php\/2024\/03\/12\/villa-mercedes-comenzo-juicio-a-comerciante-acusado-por-delitos-contra-la-integridad-sexual\/\" \/>\n<meta property=\"og:site_name\" content=\"Apuntes de San Luis\" \/>\n<meta property=\"article:published_time\" content=\"2024-03-12T23:03:56+00:00\" \/>\n<meta property=\"og:image\" content=\"https:\/\/apuntesdesanluis.com\/wp-content\/uploads\/2024\/03\/audiencia-3.png\" \/>\n\t<meta property=\"og:image:width\" content=\"595\" \/>\n\t<meta property=\"og:image:height\" content=\"355\" \/>\n\t<meta property=\"og:image:type\" content=\"image\/png\" \/>\n<meta name=\"author\" content=\"apuntesdesanluis.com\" \/>\n<meta name=\"twitter:card\" content=\"summary_large_image\" \/>\n<meta name=\"twitter:label1\" content=\"Escrito por\" \/>\n\t<meta name=\"twitter:data1\" content=\"apuntesdesanluis.com\" \/>\n\t<meta name=\"twitter:label2\" content=\"Tiempo de lectura\" \/>\n\t<meta name=\"twitter:data2\" content=\"3 minutos\" \/>\n<script type=\"application\/ld+json\" class=\"yoast-schema-graph\">{\"@context\":\"https:\/\/schema.org\",\"@graph\":[{\"@type\":\"Article\",\"@id\":\"https:\/\/apuntesdesanluis.com\/index.php\/2024\/03\/12\/villa-mercedes-comenzo-juicio-a-comerciante-acusado-por-delitos-contra-la-integridad-sexual\/#article\",\"isPartOf\":{\"@id\":\"https:\/\/apuntesdesanluis.com\/index.php\/2024\/03\/12\/villa-mercedes-comenzo-juicio-a-comerciante-acusado-por-delitos-contra-la-integridad-sexual\/\"},\"author\":{\"name\":\"apuntesdesanluis.com\",\"@id\":\"https:\/\/apuntesdesanluis.com\/#\/schema\/person\/b55151d52296fcce64d1a72538a70b90\"},\"headline\":\"VILLA MERCEDES: COMENZ\u00d3 JUICIO A COMERCIANTE ACUSADO POR DELITOS CONTRA LA INTEGRIDAD SEXUAL\",\"datePublished\":\"2024-03-12T23:03:56+00:00\",\"mainEntityOfPage\":{\"@id\":\"https:\/\/apuntesdesanluis.com\/index.php\/2024\/03\/12\/villa-mercedes-comenzo-juicio-a-comerciante-acusado-por-delitos-contra-la-integridad-sexual\/\"},\"wordCount\":442,\"publisher\":{\"@id\":\"https:\/\/apuntesdesanluis.com\/#\/schema\/person\/b55151d52296fcce64d1a72538a70b90\"},\"image\":{\"@id\":\"https:\/\/apuntesdesanluis.com\/index.php\/2024\/03\/12\/villa-mercedes-comenzo-juicio-a-comerciante-acusado-por-delitos-contra-la-integridad-sexual\/#primaryimage\"},\"thumbnailUrl\":\"https:\/\/apuntesdesanluis.com\/wp-content\/uploads\/2024\/03\/audiencia-3.png\",\"articleSection\":[\"Ciudad\/Provincia\"],\"inLanguage\":\"es-AR\"},{\"@type\":\"WebPage\",\"@id\":\"https:\/\/apuntesdesanluis.com\/index.php\/2024\/03\/12\/villa-mercedes-comenzo-juicio-a-comerciante-acusado-por-delitos-contra-la-integridad-sexual\/\",\"url\":\"https:\/\/apuntesdesanluis.com\/index.php\/2024\/03\/12\/villa-mercedes-comenzo-juicio-a-comerciante-acusado-por-delitos-contra-la-integridad-sexual\/\",\"name\":\"VILLA MERCEDES: COMENZ\u00d3 JUICIO A COMERCIANTE ACUSADO POR DELITOS CONTRA LA INTEGRIDAD SEXUAL - Apuntes de San Luis\",\"isPartOf\":{\"@id\":\"https:\/\/apuntesdesanluis.com\/#website\"},\"primaryImageOfPage\":{\"@id\":\"https:\/\/apuntesdesanluis.com\/index.php\/2024\/03\/12\/villa-mercedes-comenzo-juicio-a-comerciante-acusado-por-delitos-contra-la-integridad-sexual\/#primaryimage\"},\"image\":{\"@id\":\"https:\/\/apuntesdesanluis.com\/index.php\/2024\/03\/12\/villa-mercedes-comenzo-juicio-a-comerciante-acusado-por-delitos-contra-la-integridad-sexual\/#primaryimage\"},\"thumbnailUrl\":\"https:\/\/apuntesdesanluis.com\/wp-content\/uploads\/2024\/03\/audiencia-3.png\",\"datePublished\":\"2024-03-12T23:03:56+00:00\",\"breadcrumb\":{\"@id\":\"https:\/\/apuntesdesanluis.com\/index.php\/2024\/03\/12\/villa-mercedes-comenzo-juicio-a-comerciante-acusado-por-delitos-contra-la-integridad-sexual\/#breadcrumb\"},\"inLanguage\":\"es-AR\",\"potentialAction\":[{\"@type\":\"ReadAction\",\"target\":[\"https:\/\/apuntesdesanluis.com\/index.php\/2024\/03\/12\/villa-mercedes-comenzo-juicio-a-comerciante-acusado-por-delitos-contra-la-integridad-sexual\/\"]}]},{\"@type\":\"ImageObject\",\"inLanguage\":\"es-AR\",\"@id\":\"https:\/\/apuntesdesanluis.com\/index.php\/2024\/03\/12\/villa-mercedes-comenzo-juicio-a-comerciante-acusado-por-delitos-contra-la-integridad-sexual\/#primaryimage\",\"url\":\"https:\/\/apuntesdesanluis.com\/wp-content\/uploads\/2024\/03\/audiencia-3.png\",\"contentUrl\":\"https:\/\/apuntesdesanluis.com\/wp-content\/uploads\/2024\/03\/audiencia-3.png\",\"width\":595,\"height\":355},{\"@type\":\"BreadcrumbList\",\"@id\":\"https:\/\/apuntesdesanluis.com\/index.php\/2024\/03\/12\/villa-mercedes-comenzo-juicio-a-comerciante-acusado-por-delitos-contra-la-integridad-sexual\/#breadcrumb\",\"itemListElement\":[{\"@type\":\"ListItem\",\"position\":1,\"name\":\"Inicio\",\"item\":\"https:\/\/apuntesdesanluis.com\/\"},{\"@type\":\"ListItem\",\"position\":2,\"name\":\"VILLA MERCEDES: COMENZ\u00d3 JUICIO A COMERCIANTE ACUSADO POR DELITOS CONTRA LA INTEGRIDAD SEXUAL\"}]},{\"@type\":\"WebSite\",\"@id\":\"https:\/\/apuntesdesanluis.com\/#website\",\"url\":\"https:\/\/apuntesdesanluis.com\/\",\"name\":\"Apuntes de San Luis\",\"description\":\"\",\"publisher\":{\"@id\":\"https:\/\/apuntesdesanluis.com\/#\/schema\/person\/b55151d52296fcce64d1a72538a70b90\"},\"potentialAction\":[{\"@type\":\"SearchAction\",\"target\":{\"@type\":\"EntryPoint\",\"urlTemplate\":\"https:\/\/apuntesdesanluis.com\/?s={search_term_string}\"},\"query-input\":{\"@type\":\"PropertyValueSpecification\",\"valueRequired\":true,\"valueName\":\"search_term_string\"}}],\"inLanguage\":\"es-AR\"},{\"@type\":[\"Person\",\"Organization\"],\"@id\":\"https:\/\/apuntesdesanluis.com\/#\/schema\/person\/b55151d52296fcce64d1a72538a70b90\",\"name\":\"apuntesdesanluis.com\",\"image\":{\"@type\":\"ImageObject\",\"inLanguage\":\"es-AR\",\"@id\":\"https:\/\/apuntesdesanluis.com\/#\/schema\/person\/image\/\",\"url\":\"https:\/\/apuntesdesanluis.com\/wp-content\/uploads\/2023\/07\/cropped-apuntesdesanluis.png\",\"contentUrl\":\"https:\/\/apuntesdesanluis.com\/wp-content\/uploads\/2023\/07\/cropped-apuntesdesanluis.png\",\"width\":450,\"height\":112,\"caption\":\"apuntesdesanluis.com\"},\"logo\":{\"@id\":\"https:\/\/apuntesdesanluis.com\/#\/schema\/person\/image\/\"},\"sameAs\":[\"https:\/\/apuntesdesanluis.com\"],\"url\":\"https:\/\/apuntesdesanluis.com\/index.php\/author\/apuntesdesanluis-com\/\"}]}<\/script>\n<!-- \/ Yoast SEO plugin. -->","yoast_head_json":{"title":"VILLA MERCEDES: COMENZ\u00d3 JUICIO A COMERCIANTE ACUSADO POR DELITOS CONTRA LA INTEGRIDAD SEXUAL - Apuntes de San Luis","robots":{"index":"index","follow":"follow","max-snippet":"max-snippet:-1","max-image-preview":"max-image-preview:large","max-video-preview":"max-video-preview:-1"},"canonical":"https:\/\/apuntesdesanluis.com\/index.php\/2024\/03\/12\/villa-mercedes-comenzo-juicio-a-comerciante-acusado-por-delitos-contra-la-integridad-sexual\/","og_locale":"es_ES","og_type":"article","og_title":"VILLA MERCEDES: COMENZ\u00d3 JUICIO A COMERCIANTE ACUSADO POR DELITOS CONTRA LA INTEGRIDAD SEXUAL - Apuntes de San Luis","og_description":"El debate oral inici\u00f3 este martes en la Sala de Juicios Orales N\u00ba 1 del...","og_url":"https:\/\/apuntesdesanluis.com\/index.php\/2024\/03\/12\/villa-mercedes-comenzo-juicio-a-comerciante-acusado-por-delitos-contra-la-integridad-sexual\/","og_site_name":"Apuntes de San Luis","article_published_time":"2024-03-12T23:03:56+00:00","og_image":[{"width":595,"height":355,"url":"https:\/\/apuntesdesanluis.com\/wp-content\/uploads\/2024\/03\/audiencia-3.png","type":"image\/png"}],"author":"apuntesdesanluis.com","twitter_card":"summary_large_image","twitter_misc":{"Escrito por":"apuntesdesanluis.com","Tiempo de lectura":"3 minutos"},"schema":{"@context":"https:\/\/schema.org","@graph":[{"@type":"Article","@id":"https:\/\/apuntesdesanluis.com\/index.php\/2024\/03\/12\/villa-mercedes-comenzo-juicio-a-comerciante-acusado-por-delitos-contra-la-integridad-sexual\/#article","isPartOf":{"@id":"https:\/\/apuntesdesanluis.com\/index.php\/2024\/03\/12\/villa-mercedes-comenzo-juicio-a-comerciante-acusado-por-delitos-contra-la-integridad-sexual\/"},"author":{"name":"apuntesdesanluis.com","@id":"https:\/\/apuntesdesanluis.com\/#\/schema\/person\/b55151d52296fcce64d1a72538a70b90"},"headline":"VILLA MERCEDES: COMENZ\u00d3 JUICIO A COMERCIANTE ACUSADO POR DELITOS CONTRA LA INTEGRIDAD SEXUAL","datePublished":"2024-03-12T23:03:56+00:00","mainEntityOfPage":{"@id":"https:\/\/apuntesdesanluis.com\/index.php\/2024\/03\/12\/villa-mercedes-comenzo-juicio-a-comerciante-acusado-por-delitos-contra-la-integridad-sexual\/"},"wordCount":442,"publisher":{"@id":"https:\/\/apuntesdesanluis.com\/#\/schema\/person\/b55151d52296fcce64d1a72538a70b90"},"image":{"@id":"https:\/\/apuntesdesanluis.com\/index.php\/2024\/03\/12\/villa-mercedes-comenzo-juicio-a-comerciante-acusado-por-delitos-contra-la-integridad-sexual\/#primaryimage"},"thumbnailUrl":"https:\/\/apuntesdesanluis.com\/wp-content\/uploads\/2024\/03\/audiencia-3.png","articleSection":["Ciudad\/Provincia"],"inLanguage":"es-AR"},{"@type":"WebPage","@id":"https:\/\/apuntesdesanluis.com\/index.php\/2024\/03\/12\/villa-mercedes-comenzo-juicio-a-comerciante-acusado-por-delitos-contra-la-integridad-sexual\/","url":"https:\/\/apuntesdesanluis.com\/index.php\/2024\/03\/12\/villa-mercedes-comenzo-juicio-a-comerciante-acusado-por-delitos-contra-la-integridad-sexual\/","name":"VILLA MERCEDES: COMENZ\u00d3 JUICIO A COMERCIANTE ACUSADO POR DELITOS CONTRA LA INTEGRIDAD SEXUAL - Apuntes de San Luis","isPartOf":{"@id":"https:\/\/apuntesdesanluis.com\/#website"},"primaryImageOfPage":{"@id":"https:\/\/apuntesdesanluis.com\/index.php\/2024\/03\/12\/villa-mercedes-comenzo-juicio-a-comerciante-acusado-por-delitos-contra-la-integridad-sexual\/#primaryimage"},"image":{"@id":"https:\/\/apuntesdesanluis.com\/index.php\/2024\/03\/12\/villa-mercedes-comenzo-juicio-a-comerciante-acusado-por-delitos-contra-la-integridad-sexual\/#primaryimage"},"thumbnailUrl":"https:\/\/apuntesdesanluis.com\/wp-content\/uploads\/2024\/03\/audiencia-3.png","datePublished":"2024-03-12T23:03:56+00:00","breadcrumb":{"@id":"https:\/\/apuntesdesanluis.com\/index.php\/2024\/03\/12\/villa-mercedes-comenzo-juicio-a-comerciante-acusado-por-delitos-contra-la-integridad-sexual\/#breadcrumb"},"inLanguage":"es-AR","potentialAction":[{"@type":"ReadAction","target":["https:\/\/apuntesdesanluis.com\/index.php\/2024\/03\/12\/villa-mercedes-comenzo-juicio-a-comerciante-acusado-por-delitos-contra-la-integridad-sexual\/"]}]},{"@type":"ImageObject","inLanguage":"es-AR","@id":"https:\/\/apuntesdesanluis.com\/index.php\/2024\/03\/12\/villa-mercedes-comenzo-juicio-a-comerciante-acusado-por-delitos-contra-la-integridad-sexual\/#primaryimage","url":"https:\/\/apuntesdesanluis.com\/wp-content\/uploads\/2024\/03\/audiencia-3.png","contentUrl":"https:\/\/apuntesdesanluis.com\/wp-content\/uploads\/2024\/03\/audiencia-3.png","width":595,"height":355},{"@type":"BreadcrumbList","@id":"https:\/\/apuntesdesanluis.com\/index.php\/2024\/03\/12\/villa-mercedes-comenzo-juicio-a-comerciante-acusado-por-delitos-contra-la-integridad-sexual\/#breadcrumb","itemListElement":[{"@type":"ListItem","position":1,"name":"Inicio","item":"https:\/\/apuntesdesanluis.com\/"},{"@type":"ListItem","position":2,"name":"VILLA MERCEDES: COMENZ\u00d3 JUICIO A COMERCIANTE ACUSADO POR DELITOS CONTRA LA INTEGRIDAD SEXUAL"}]},{"@type":"WebSite","@id":"https:\/\/apuntesdesanluis.com\/#website","url":"https:\/\/apuntesdesanluis.com\/","name":"Apuntes de San Luis","description":"","publisher":{"@id":"https:\/\/apuntesdesanluis.com\/#\/schema\/person\/b55151d52296fcce64d1a72538a70b90"},"potentialAction":[{"@type":"SearchAction","target":{"@type":"EntryPoint","urlTemplate":"https:\/\/apuntesdesanluis.com\/?s={search_term_string}"},"query-input":{"@type":"PropertyValueSpecification","valueRequired":true,"valueName":"search_term_string"}}],"inLanguage":"es-AR"},{"@type":["Person","Organization"],"@id":"https:\/\/apuntesdesanluis.com\/#\/schema\/person\/b55151d52296fcce64d1a72538a70b90","name":"apuntesdesanluis.com","image":{"@type":"ImageObject","inLanguage":"es-AR","@id":"https:\/\/apuntesdesanluis.com\/#\/schema\/person\/image\/","url":"https:\/\/apuntesdesanluis.com\/wp-content\/uploads\/2023\/07\/cropped-apuntesdesanluis.png","contentUrl":"https:\/\/apuntesdesanluis.com\/wp-content\/uploads\/2023\/07\/cropped-apuntesdesanluis.png","width":450,"height":112,"caption":"apuntesdesanluis.com"},"logo":{"@id":"https:\/\/apuntesdesanluis.com\/#\/schema\/person\/image\/"},"sameAs":["https:\/\/apuntesdesanluis.com"],"url":"https:\/\/apuntesdesanluis.com\/index.php\/author\/apuntesdesanluis-com\/"}]}},"featured_image_urls":{"full":["https:\/\/apuntesdesanluis.com\/wp-content\/uploads\/2024\/03\/audiencia-3.png",595,355,false],"thumbnail":["https:\/\/apuntesdesanluis.com\/wp-content\/uploads\/2024\/03\/audiencia-3-150x150.png",150,150,true],"medium":["https:\/\/apuntesdesanluis.com\/wp-content\/uploads\/2024\/03\/audiencia-3-300x179.png",300,179,true],"medium_large":["https:\/\/apuntesdesanluis.com\/wp-content\/uploads\/2024\/03\/audiencia-3.png",595,355,false],"large":["https:\/\/apuntesdesanluis.com\/wp-content\/uploads\/2024\/03\/audiencia-3.png",595,355,false],"1536x1536":["https:\/\/apuntesdesanluis.com\/wp-content\/uploads\/2024\/03\/audiencia-3.png",595,355,false],"2048x2048":["https:\/\/apuntesdesanluis.com\/wp-content\/uploads\/2024\/03\/audiencia-3.png",595,355,false],"newsever-slider-full":["https:\/\/apuntesdesanluis.com\/wp-content\/uploads\/2024\/03\/audiencia-3.png",595,355,false],"newsever-featured":["https:\/\/apuntesdesanluis.com\/wp-content\/uploads\/2024\/03\/audiencia-3.png",595,355,false],"newsever-medium":["https:\/\/apuntesdesanluis.com\/wp-content\/uploads\/2024\/03\/audiencia-3.png",595,355,false]},"author_info":{"display_name":"apuntesdesanluis.com","author_link":"https:\/\/apuntesdesanluis.com\/index.php\/author\/apuntesdesanluis-com\/"},"category_info":"<a href=\"https:\/\/apuntesdesanluis.com\/index.php\/category\/ciudad-provincia\/\" rel=\"category tag\">Ciudad\/Provincia<\/a>","tag_info":"Ciudad\/Provincia","comment_count":"0","_links":{"self":[{"href":"https:\/\/apuntesdesanluis.com\/index.php\/wp-json\/wp\/v2\/posts\/13044","targetHints":{"allow":["GET"]}}],"collection":[{"href":"https:\/\/apuntesdesanluis.com\/index.php\/wp-json\/wp\/v2\/posts"}],"about":[{"href":"https:\/\/apuntesdesanluis.com\/index.php\/wp-json\/wp\/v2\/types\/post"}],"author":[{"embeddable":true,"href":"https:\/\/apuntesdesanluis.com\/index.php\/wp-json\/wp\/v2\/users\/1"}],"replies":[{"embeddable":true,"href":"https:\/\/apuntesdesanluis.com\/index.php\/wp-json\/wp\/v2\/comments?post=13044"}],"version-history":[{"count":1,"href":"https:\/\/apuntesdesanluis.com\/index.php\/wp-json\/wp\/v2\/posts\/13044\/revisions"}],"predecessor-version":[{"id":13047,"href":"https:\/\/apuntesdesanluis.com\/index.php\/wp-json\/wp\/v2\/posts\/13044\/revisions\/13047"}],"wp:featuredmedia":[{"embeddable":true,"href":"https:\/\/apuntesdesanluis.com\/index.php\/wp-json\/wp\/v2\/media\/13046"}],"wp:attachment":[{"href":"https:\/\/apuntesdesanluis.com\/index.php\/wp-json\/wp\/v2\/media?parent=13044"}],"wp:term":[{"taxonomy":"category","embeddable":true,"href":"https:\/\/apuntesdesanluis.com\/index.php\/wp-json\/wp\/v2\/categories?post=13044"},{"taxonomy":"post_tag","embeddable":true,"href":"https:\/\/apuntesdesanluis.com\/index.php\/wp-json\/wp\/v2\/tags?post=13044"}],"curies":[{"name":"wp","href":"https:\/\/api.w.org\/{rel}","templated":true}]}}