{"id":13052,"date":"2024-03-12T20:26:23","date_gmt":"2024-03-12T23:26:23","guid":{"rendered":"https:\/\/apuntesdesanluis.com\/?p=13052"},"modified":"2024-03-12T20:27:41","modified_gmt":"2024-03-12T23:27:41","slug":"siete-estudiantes-de-medicina-de-la-unvime-participaron-de-un-operativo-de-ablacion-de-organos","status":"publish","type":"post","link":"https:\/\/apuntesdesanluis.com\/index.php\/2024\/03\/12\/siete-estudiantes-de-medicina-de-la-unvime-participaron-de-un-operativo-de-ablacion-de-organos\/","title":{"rendered":"SIETE ESTUDIANTES DE MEDICINA DE LA UNVIME PARTICIPARON DE UN OPERATIVO DE ABLACI\u00d3N DE \u00d3RGANOS"},"content":{"rendered":"<h3>Fue la primera vez en la historia de la carrera que los alumnos tuvieron esta enriquecedora experiencia formativa. Ocurri\u00f3 el pasado mi\u00e9rcoles 6 de marzo por la noche y madrugada de jueves, en el Hospital Regional \u00abJuan Domingo Per\u00f3n\u00bb, a partir de la iniciativa del Coordinador de Medicina, <strong>Dr. Humberto Llanos<\/strong>, quien a su vez es docente en la asignatura Medicina Interna.<\/h3>\n<h3>Los estudiantes avanzados de la carrera de 4to. y 5to. a\u00f1o intervinieron en la etapa previa de diagn\u00f3stico de \u201cmuerte encef\u00e1lica\u201d del paciente y mantenimiento y preparaci\u00f3n del donante. Ellos fueron <strong>Leonela Bamba, Sara N\u00fa\u00f1ez, Agostina Rodr\u00edguez, Melina D\u00edaz Gonz\u00e1lez, Milagro Gonz\u00e1lez, D\u00e9vora Arias y Joaqu\u00edn Vinuesa<\/strong>.<\/h3>\n<p><img fetchpriority=\"high\" decoding=\"async\" class=\"wp-image-13054 aligncenter\" src=\"https:\/\/apuntesdesanluis.com\/wp-content\/uploads\/2024\/03\/est.-que-ingresaron-300x243.png\" alt=\"\" width=\"612\" height=\"496\" srcset=\"https:\/\/apuntesdesanluis.com\/wp-content\/uploads\/2024\/03\/est.-que-ingresaron-300x243.png 300w, https:\/\/apuntesdesanluis.com\/wp-content\/uploads\/2024\/03\/est.-que-ingresaron.png 600w\" sizes=\"(max-width: 612px) 100vw, 612px\" \/><\/p>\n<h3>Por otra parte, los tres \u00faltimos pudieron ingresar luego al quir\u00f3fano para observar el proceso propiamente dicho de la ablaci\u00f3n, que es el procedimiento quir\u00fargico mediante el cual se realiza la extracci\u00f3n de los \u00f3rganos y tejidos del cuerpo del fallecido.<\/h3>\n<h3>\u201cComo dato anecd\u00f3tico, a los alumnos avanzados los llamamos a las 03:30 de la madrugada aproximadamente, entraron a quir\u00f3fano a las 04:00 y salieron cerca de las 07:30 de la ma\u00f1ana del viernes, cansados pero felices de la experiencia en la que participaron\u201d, coment\u00f3 el Dr. Humberto Llanos.<\/h3>\n<h3>El Coordinador de Medicina destac\u00f3 el compromiso de los estudiantes de participar de esta enriquecedora experiencia, en el marco de sus pr\u00e1cticas, y agradeci\u00f3 tambi\u00e9n a las autoridades de la UNViMe, al CUCAI San Luis y a la Direcci\u00f3n del hospital por autorizar el ingreso y participaci\u00f3n de los alumnos de 4to. y 5to. a\u00f1o de la carrera.<\/h3>\n<h3>Puntualmente mencion\u00f3 al Coordinador Provincial del CUCAI, Dr. Jorge <strong>Marcelo Ochoa<\/strong>, y a los m\u00e9dicos <strong>Macarena Ocho<\/strong>a y <strong>Florencia Cassan<\/strong>, y a la enfermera del Hospital Regional Juan Domingo Per\u00f3n, <strong>Eliana Noely Sosa<\/strong>.<\/h3>\n<h3><img decoding=\"async\" class=\"wp-image-13055 aligncenter\" src=\"https:\/\/apuntesdesanluis.com\/wp-content\/uploads\/2024\/03\/cucai-y-enfermera-300x185.png\" alt=\"\" width=\"610\" height=\"376\" srcset=\"https:\/\/apuntesdesanluis.com\/wp-content\/uploads\/2024\/03\/cucai-y-enfermera-300x185.png 300w, https:\/\/apuntesdesanluis.com\/wp-content\/uploads\/2024\/03\/cucai-y-enfermera.png 600w\" sizes=\"(max-width: 610px) 100vw, 610px\" \/><\/h3>\n<h3>\u201cRealmente nos llena de orgullo poder informar que por primera vez nuestros estudiantes avanzados de Medicina han podido participar de este operativo de ablaci\u00f3n de \u00f3rganos dispuesto por el CUCAI San Luis. Nos sentimos muy contentos porque en su formaci\u00f3n las pr\u00e1cticas son verdaderamente esenciales\u201d, expres\u00f3 la Directora de la Escuela de Ciencias de la Salud, V<strong>anesa Cassano<\/strong>.<\/h3>\n<h3>La doctora Berta Arenas, directora del Policl\u00ednico Regional Juan Domingo Per\u00f3n, destac\u00f3 la importancia de este tipo de intervenciones en la mejora de la calidad de vida de los pacientes y en el fortalecimiento del sistema de salud regional.<\/h3>\n<h3>El Dr. Humberto Llanos, quien se desempe\u00f1a tambi\u00e9n en el \u00e1rea de Terapia Intensiva del Policl\u00ednico Regional, fue felicitado por el Rector <strong>Marcelo Sosa<\/strong>, quien a poco de asumir se hab\u00eda reunido con estudiantes de Medicina, quienes le reclamaron por la falta de pr\u00e1cticas.<\/h3>\n<h3><img decoding=\"async\" class=\"wp-image-13056 aligncenter\" src=\"https:\/\/apuntesdesanluis.com\/wp-content\/uploads\/2024\/03\/rector-y-llanos-300x211.png\" alt=\"\" width=\"617\" height=\"434\" srcset=\"https:\/\/apuntesdesanluis.com\/wp-content\/uploads\/2024\/03\/rector-y-llanos-300x211.png 300w, https:\/\/apuntesdesanluis.com\/wp-content\/uploads\/2024\/03\/rector-y-llanos.png 600w\" sizes=\"(max-width: 617px) 100vw, 617px\" \/><\/h3>\n<h3>\u201cEsta intervenci\u00f3n de nuestros alumnos de Medicina es hist\u00f3rica y representa un avance sustancial en su aprendizaje. Por eso destaco y valoro el compromiso de todos los que lo hicieron posible. En la cadena de reconocimientos menciono la direcci\u00f3n de Escuela, el Coordinador de la Carrera, los estudiantes, la apertura del CUCAI San Luis y la autorizaci\u00f3n de las autoridades de salud p\u00fablica y del Hospital Regional Juan Domingo Per\u00f3n\u201d, concluy\u00f3.<\/h3>\n<h3>El Dr. Humberto LLanos dialog\u00f3 con Prensa Institucional de la UNViMe e indic\u00f3 que se pudieron ablacionar los dos ri\u00f1ones y las c\u00f3rneas del donante, al tiempo que destac\u00f3 el valor que tiene para la formaci\u00f3n de los estudiantes este tipo de pr\u00e1cticas &#8220;que no se dan todos los d\u00edas&#8221;.<\/h3>\n<!--[if lt IE 9]><script>document.createElement('audio');<\/script><![endif]-->\n\t<div class=\"wp-playlist wp-audio-playlist wp-playlist-light\">\n\t\t\t<div class=\"wp-playlist-current-item\"><\/div>\n\t\t<audio controls=\"controls\" preload=\"none\" width=\"618\"\n\t\t\t><\/audio>\n\t<div class=\"wp-playlist-next\"><\/div>\n\t<div class=\"wp-playlist-prev\"><\/div>\n\t<noscript>\n\t<ol>\n\t\t<li><a href='https:\/\/apuntesdesanluis.com\/wp-content\/uploads\/2024\/03\/Dr.-Humberto-Llanos.ogg'>Dr. Humberto Llanos<\/a><\/li>\t<\/ol>\n\t<\/noscript>\n\t<script type=\"application\/json\" class=\"wp-playlist-script\">{\"type\":\"audio\",\"tracklist\":true,\"tracknumbers\":true,\"images\":true,\"artists\":true,\"tracks\":[{\"src\":\"https:\\\/\\\/apuntesdesanluis.com\\\/wp-content\\\/uploads\\\/2024\\\/03\\\/Dr.-Humberto-Llanos.ogg\",\"type\":\"audio\\\/ogg\",\"title\":\"Dr. Humberto Llanos\",\"caption\":\"\",\"description\":\"\\\"Dr. Humberto Llanos\\\".\",\"meta\":{\"length_formatted\":\"5:13\"},\"image\":{\"src\":\"https:\\\/\\\/apuntesdesanluis.com\\\/wp-includes\\\/images\\\/media\\\/audio.svg\",\"width\":48,\"height\":64},\"thumb\":{\"src\":\"https:\\\/\\\/apuntesdesanluis.com\\\/wp-includes\\\/images\\\/media\\\/audio.svg\",\"width\":48,\"height\":64}}]}<\/script>\n<\/div>\n\t\n<p>&nbsp;<\/p>\n<p>&nbsp;<\/p>\n<p>&nbsp;<\/p>\n<p>&nbsp;<\/p>\n","protected":false},"excerpt":{"rendered":"<p>Fue la primera vez en la historia de la carrera que los alumnos tuvieron esta&#8230;<\/p>\n","protected":false},"author":1,"featured_media":13053,"comment_status":"closed","ping_status":"closed","sticky":false,"template":"","format":"standard","meta":{"footnotes":""},"categories":[6],"tags":[],"class_list":["post-13052","post","type-post","status-publish","format-standard","has-post-thumbnail","hentry","category-ciudad-provincia"],"yoast_head":"<!-- This site is optimized with the Yoast SEO plugin v26.1.1 - https:\/\/yoast.com\/wordpress\/plugins\/seo\/ -->\n<title>SIETE ESTUDIANTES DE MEDICINA DE LA UNVIME PARTICIPARON DE UN OPERATIVO DE ABLACI\u00d3N DE \u00d3RGANOS - Apuntes de San Luis<\/title>\n<meta name=\"robots\" content=\"index, follow, max-snippet:-1, max-image-preview:large, max-video-preview:-1\" \/>\n<link rel=\"canonical\" href=\"https:\/\/apuntesdesanluis.com\/index.php\/2024\/03\/12\/siete-estudiantes-de-medicina-de-la-unvime-participaron-de-un-operativo-de-ablacion-de-organos\/\" \/>\n<meta property=\"og:locale\" content=\"es_ES\" \/>\n<meta property=\"og:type\" content=\"article\" \/>\n<meta property=\"og:title\" content=\"SIETE ESTUDIANTES DE MEDICINA DE LA UNVIME PARTICIPARON DE UN OPERATIVO DE ABLACI\u00d3N DE \u00d3RGANOS - Apuntes de San Luis\" \/>\n<meta property=\"og:description\" content=\"Fue la primera vez en la historia de la carrera que los alumnos tuvieron esta...\" \/>\n<meta property=\"og:url\" content=\"https:\/\/apuntesdesanluis.com\/index.php\/2024\/03\/12\/siete-estudiantes-de-medicina-de-la-unvime-participaron-de-un-operativo-de-ablacion-de-organos\/\" \/>\n<meta property=\"og:site_name\" content=\"Apuntes de San Luis\" \/>\n<meta property=\"article:published_time\" content=\"2024-03-12T23:26:23+00:00\" \/>\n<meta property=\"article:modified_time\" content=\"2024-03-12T23:27:41+00:00\" \/>\n<meta property=\"og:image\" content=\"https:\/\/apuntesdesanluis.com\/wp-content\/uploads\/2024\/03\/estudiantes.png\" \/>\n\t<meta property=\"og:image:width\" content=\"600\" \/>\n\t<meta property=\"og:image:height\" content=\"390\" \/>\n\t<meta property=\"og:image:type\" content=\"image\/png\" \/>\n<meta name=\"author\" content=\"apuntesdesanluis.com\" \/>\n<meta name=\"twitter:card\" content=\"summary_large_image\" \/>\n<meta name=\"twitter:label1\" content=\"Escrito por\" \/>\n\t<meta name=\"twitter:data1\" content=\"apuntesdesanluis.com\" \/>\n\t<meta name=\"twitter:label2\" content=\"Tiempo de lectura\" \/>\n\t<meta name=\"twitter:data2\" content=\"4 minutos\" \/>\n<script type=\"application\/ld+json\" class=\"yoast-schema-graph\">{\"@context\":\"https:\/\/schema.org\",\"@graph\":[{\"@type\":\"Article\",\"@id\":\"https:\/\/apuntesdesanluis.com\/index.php\/2024\/03\/12\/siete-estudiantes-de-medicina-de-la-unvime-participaron-de-un-operativo-de-ablacion-de-organos\/#article\",\"isPartOf\":{\"@id\":\"https:\/\/apuntesdesanluis.com\/index.php\/2024\/03\/12\/siete-estudiantes-de-medicina-de-la-unvime-participaron-de-un-operativo-de-ablacion-de-organos\/\"},\"author\":{\"name\":\"apuntesdesanluis.com\",\"@id\":\"https:\/\/apuntesdesanluis.com\/#\/schema\/person\/b55151d52296fcce64d1a72538a70b90\"},\"headline\":\"SIETE ESTUDIANTES DE MEDICINA DE LA UNVIME PARTICIPARON DE UN OPERATIVO DE ABLACI\u00d3N DE \u00d3RGANOS\",\"datePublished\":\"2024-03-12T23:26:23+00:00\",\"dateModified\":\"2024-03-12T23:27:41+00:00\",\"mainEntityOfPage\":{\"@id\":\"https:\/\/apuntesdesanluis.com\/index.php\/2024\/03\/12\/siete-estudiantes-de-medicina-de-la-unvime-participaron-de-un-operativo-de-ablacion-de-organos\/\"},\"wordCount\":617,\"publisher\":{\"@id\":\"https:\/\/apuntesdesanluis.com\/#\/schema\/person\/b55151d52296fcce64d1a72538a70b90\"},\"image\":{\"@id\":\"https:\/\/apuntesdesanluis.com\/index.php\/2024\/03\/12\/siete-estudiantes-de-medicina-de-la-unvime-participaron-de-un-operativo-de-ablacion-de-organos\/#primaryimage\"},\"thumbnailUrl\":\"https:\/\/apuntesdesanluis.com\/wp-content\/uploads\/2024\/03\/estudiantes.png\",\"articleSection\":[\"Ciudad\/Provincia\"],\"inLanguage\":\"es-AR\"},{\"@type\":\"WebPage\",\"@id\":\"https:\/\/apuntesdesanluis.com\/index.php\/2024\/03\/12\/siete-estudiantes-de-medicina-de-la-unvime-participaron-de-un-operativo-de-ablacion-de-organos\/\",\"url\":\"https:\/\/apuntesdesanluis.com\/index.php\/2024\/03\/12\/siete-estudiantes-de-medicina-de-la-unvime-participaron-de-un-operativo-de-ablacion-de-organos\/\",\"name\":\"SIETE ESTUDIANTES DE MEDICINA DE LA UNVIME PARTICIPARON DE UN OPERATIVO DE ABLACI\u00d3N DE \u00d3RGANOS - Apuntes de San Luis\",\"isPartOf\":{\"@id\":\"https:\/\/apuntesdesanluis.com\/#website\"},\"primaryImageOfPage\":{\"@id\":\"https:\/\/apuntesdesanluis.com\/index.php\/2024\/03\/12\/siete-estudiantes-de-medicina-de-la-unvime-participaron-de-un-operativo-de-ablacion-de-organos\/#primaryimage\"},\"image\":{\"@id\":\"https:\/\/apuntesdesanluis.com\/index.php\/2024\/03\/12\/siete-estudiantes-de-medicina-de-la-unvime-participaron-de-un-operativo-de-ablacion-de-organos\/#primaryimage\"},\"thumbnailUrl\":\"https:\/\/apuntesdesanluis.com\/wp-content\/uploads\/2024\/03\/estudiantes.png\",\"datePublished\":\"2024-03-12T23:26:23+00:00\",\"dateModified\":\"2024-03-12T23:27:41+00:00\",\"breadcrumb\":{\"@id\":\"https:\/\/apuntesdesanluis.com\/index.php\/2024\/03\/12\/siete-estudiantes-de-medicina-de-la-unvime-participaron-de-un-operativo-de-ablacion-de-organos\/#breadcrumb\"},\"inLanguage\":\"es-AR\",\"potentialAction\":[{\"@type\":\"ReadAction\",\"target\":[\"https:\/\/apuntesdesanluis.com\/index.php\/2024\/03\/12\/siete-estudiantes-de-medicina-de-la-unvime-participaron-de-un-operativo-de-ablacion-de-organos\/\"]}]},{\"@type\":\"ImageObject\",\"inLanguage\":\"es-AR\",\"@id\":\"https:\/\/apuntesdesanluis.com\/index.php\/2024\/03\/12\/siete-estudiantes-de-medicina-de-la-unvime-participaron-de-un-operativo-de-ablacion-de-organos\/#primaryimage\",\"url\":\"https:\/\/apuntesdesanluis.com\/wp-content\/uploads\/2024\/03\/estudiantes.png\",\"contentUrl\":\"https:\/\/apuntesdesanluis.com\/wp-content\/uploads\/2024\/03\/estudiantes.png\",\"width\":600,\"height\":390},{\"@type\":\"BreadcrumbList\",\"@id\":\"https:\/\/apuntesdesanluis.com\/index.php\/2024\/03\/12\/siete-estudiantes-de-medicina-de-la-unvime-participaron-de-un-operativo-de-ablacion-de-organos\/#breadcrumb\",\"itemListElement\":[{\"@type\":\"ListItem\",\"position\":1,\"name\":\"Inicio\",\"item\":\"https:\/\/apuntesdesanluis.com\/\"},{\"@type\":\"ListItem\",\"position\":2,\"name\":\"SIETE ESTUDIANTES DE MEDICINA DE LA UNVIME PARTICIPARON DE UN OPERATIVO DE ABLACI\u00d3N DE \u00d3RGANOS\"}]},{\"@type\":\"WebSite\",\"@id\":\"https:\/\/apuntesdesanluis.com\/#website\",\"url\":\"https:\/\/apuntesdesanluis.com\/\",\"name\":\"Apuntes de San Luis\",\"description\":\"\",\"publisher\":{\"@id\":\"https:\/\/apuntesdesanluis.com\/#\/schema\/person\/b55151d52296fcce64d1a72538a70b90\"},\"potentialAction\":[{\"@type\":\"SearchAction\",\"target\":{\"@type\":\"EntryPoint\",\"urlTemplate\":\"https:\/\/apuntesdesanluis.com\/?s={search_term_string}\"},\"query-input\":{\"@type\":\"PropertyValueSpecification\",\"valueRequired\":true,\"valueName\":\"search_term_string\"}}],\"inLanguage\":\"es-AR\"},{\"@type\":[\"Person\",\"Organization\"],\"@id\":\"https:\/\/apuntesdesanluis.com\/#\/schema\/person\/b55151d52296fcce64d1a72538a70b90\",\"name\":\"apuntesdesanluis.com\",\"image\":{\"@type\":\"ImageObject\",\"inLanguage\":\"es-AR\",\"@id\":\"https:\/\/apuntesdesanluis.com\/#\/schema\/person\/image\/\",\"url\":\"https:\/\/apuntesdesanluis.com\/wp-content\/uploads\/2023\/07\/cropped-apuntesdesanluis.png\",\"contentUrl\":\"https:\/\/apuntesdesanluis.com\/wp-content\/uploads\/2023\/07\/cropped-apuntesdesanluis.png\",\"width\":450,\"height\":112,\"caption\":\"apuntesdesanluis.com\"},\"logo\":{\"@id\":\"https:\/\/apuntesdesanluis.com\/#\/schema\/person\/image\/\"},\"sameAs\":[\"https:\/\/apuntesdesanluis.com\"],\"url\":\"https:\/\/apuntesdesanluis.com\/index.php\/author\/apuntesdesanluis-com\/\"}]}<\/script>\n<!-- \/ Yoast SEO plugin. -->","yoast_head_json":{"title":"SIETE ESTUDIANTES DE MEDICINA DE LA UNVIME PARTICIPARON DE UN OPERATIVO DE ABLACI\u00d3N DE \u00d3RGANOS - Apuntes de San Luis","robots":{"index":"index","follow":"follow","max-snippet":"max-snippet:-1","max-image-preview":"max-image-preview:large","max-video-preview":"max-video-preview:-1"},"canonical":"https:\/\/apuntesdesanluis.com\/index.php\/2024\/03\/12\/siete-estudiantes-de-medicina-de-la-unvime-participaron-de-un-operativo-de-ablacion-de-organos\/","og_locale":"es_ES","og_type":"article","og_title":"SIETE ESTUDIANTES DE MEDICINA DE LA UNVIME PARTICIPARON DE UN OPERATIVO DE ABLACI\u00d3N DE \u00d3RGANOS - Apuntes de San Luis","og_description":"Fue la primera vez en la historia de la carrera que los alumnos tuvieron esta...","og_url":"https:\/\/apuntesdesanluis.com\/index.php\/2024\/03\/12\/siete-estudiantes-de-medicina-de-la-unvime-participaron-de-un-operativo-de-ablacion-de-organos\/","og_site_name":"Apuntes de San Luis","article_published_time":"2024-03-12T23:26:23+00:00","article_modified_time":"2024-03-12T23:27:41+00:00","og_image":[{"width":600,"height":390,"url":"https:\/\/apuntesdesanluis.com\/wp-content\/uploads\/2024\/03\/estudiantes.png","type":"image\/png"}],"author":"apuntesdesanluis.com","twitter_card":"summary_large_image","twitter_misc":{"Escrito por":"apuntesdesanluis.com","Tiempo de lectura":"4 minutos"},"schema":{"@context":"https:\/\/schema.org","@graph":[{"@type":"Article","@id":"https:\/\/apuntesdesanluis.com\/index.php\/2024\/03\/12\/siete-estudiantes-de-medicina-de-la-unvime-participaron-de-un-operativo-de-ablacion-de-organos\/#article","isPartOf":{"@id":"https:\/\/apuntesdesanluis.com\/index.php\/2024\/03\/12\/siete-estudiantes-de-medicina-de-la-unvime-participaron-de-un-operativo-de-ablacion-de-organos\/"},"author":{"name":"apuntesdesanluis.com","@id":"https:\/\/apuntesdesanluis.com\/#\/schema\/person\/b55151d52296fcce64d1a72538a70b90"},"headline":"SIETE ESTUDIANTES DE MEDICINA DE LA UNVIME PARTICIPARON DE UN OPERATIVO DE ABLACI\u00d3N DE \u00d3RGANOS","datePublished":"2024-03-12T23:26:23+00:00","dateModified":"2024-03-12T23:27:41+00:00","mainEntityOfPage":{"@id":"https:\/\/apuntesdesanluis.com\/index.php\/2024\/03\/12\/siete-estudiantes-de-medicina-de-la-unvime-participaron-de-un-operativo-de-ablacion-de-organos\/"},"wordCount":617,"publisher":{"@id":"https:\/\/apuntesdesanluis.com\/#\/schema\/person\/b55151d52296fcce64d1a72538a70b90"},"image":{"@id":"https:\/\/apuntesdesanluis.com\/index.php\/2024\/03\/12\/siete-estudiantes-de-medicina-de-la-unvime-participaron-de-un-operativo-de-ablacion-de-organos\/#primaryimage"},"thumbnailUrl":"https:\/\/apuntesdesanluis.com\/wp-content\/uploads\/2024\/03\/estudiantes.png","articleSection":["Ciudad\/Provincia"],"inLanguage":"es-AR"},{"@type":"WebPage","@id":"https:\/\/apuntesdesanluis.com\/index.php\/2024\/03\/12\/siete-estudiantes-de-medicina-de-la-unvime-participaron-de-un-operativo-de-ablacion-de-organos\/","url":"https:\/\/apuntesdesanluis.com\/index.php\/2024\/03\/12\/siete-estudiantes-de-medicina-de-la-unvime-participaron-de-un-operativo-de-ablacion-de-organos\/","name":"SIETE ESTUDIANTES DE MEDICINA DE LA UNVIME PARTICIPARON DE UN OPERATIVO DE ABLACI\u00d3N DE \u00d3RGANOS - Apuntes de San Luis","isPartOf":{"@id":"https:\/\/apuntesdesanluis.com\/#website"},"primaryImageOfPage":{"@id":"https:\/\/apuntesdesanluis.com\/index.php\/2024\/03\/12\/siete-estudiantes-de-medicina-de-la-unvime-participaron-de-un-operativo-de-ablacion-de-organos\/#primaryimage"},"image":{"@id":"https:\/\/apuntesdesanluis.com\/index.php\/2024\/03\/12\/siete-estudiantes-de-medicina-de-la-unvime-participaron-de-un-operativo-de-ablacion-de-organos\/#primaryimage"},"thumbnailUrl":"https:\/\/apuntesdesanluis.com\/wp-content\/uploads\/2024\/03\/estudiantes.png","datePublished":"2024-03-12T23:26:23+00:00","dateModified":"2024-03-12T23:27:41+00:00","breadcrumb":{"@id":"https:\/\/apuntesdesanluis.com\/index.php\/2024\/03\/12\/siete-estudiantes-de-medicina-de-la-unvime-participaron-de-un-operativo-de-ablacion-de-organos\/#breadcrumb"},"inLanguage":"es-AR","potentialAction":[{"@type":"ReadAction","target":["https:\/\/apuntesdesanluis.com\/index.php\/2024\/03\/12\/siete-estudiantes-de-medicina-de-la-unvime-participaron-de-un-operativo-de-ablacion-de-organos\/"]}]},{"@type":"ImageObject","inLanguage":"es-AR","@id":"https:\/\/apuntesdesanluis.com\/index.php\/2024\/03\/12\/siete-estudiantes-de-medicina-de-la-unvime-participaron-de-un-operativo-de-ablacion-de-organos\/#primaryimage","url":"https:\/\/apuntesdesanluis.com\/wp-content\/uploads\/2024\/03\/estudiantes.png","contentUrl":"https:\/\/apuntesdesanluis.com\/wp-content\/uploads\/2024\/03\/estudiantes.png","width":600,"height":390},{"@type":"BreadcrumbList","@id":"https:\/\/apuntesdesanluis.com\/index.php\/2024\/03\/12\/siete-estudiantes-de-medicina-de-la-unvime-participaron-de-un-operativo-de-ablacion-de-organos\/#breadcrumb","itemListElement":[{"@type":"ListItem","position":1,"name":"Inicio","item":"https:\/\/apuntesdesanluis.com\/"},{"@type":"ListItem","position":2,"name":"SIETE ESTUDIANTES DE MEDICINA DE LA UNVIME PARTICIPARON DE UN OPERATIVO DE ABLACI\u00d3N DE \u00d3RGANOS"}]},{"@type":"WebSite","@id":"https:\/\/apuntesdesanluis.com\/#website","url":"https:\/\/apuntesdesanluis.com\/","name":"Apuntes de San Luis","description":"","publisher":{"@id":"https:\/\/apuntesdesanluis.com\/#\/schema\/person\/b55151d52296fcce64d1a72538a70b90"},"potentialAction":[{"@type":"SearchAction","target":{"@type":"EntryPoint","urlTemplate":"https:\/\/apuntesdesanluis.com\/?s={search_term_string}"},"query-input":{"@type":"PropertyValueSpecification","valueRequired":true,"valueName":"search_term_string"}}],"inLanguage":"es-AR"},{"@type":["Person","Organization"],"@id":"https:\/\/apuntesdesanluis.com\/#\/schema\/person\/b55151d52296fcce64d1a72538a70b90","name":"apuntesdesanluis.com","image":{"@type":"ImageObject","inLanguage":"es-AR","@id":"https:\/\/apuntesdesanluis.com\/#\/schema\/person\/image\/","url":"https:\/\/apuntesdesanluis.com\/wp-content\/uploads\/2023\/07\/cropped-apuntesdesanluis.png","contentUrl":"https:\/\/apuntesdesanluis.com\/wp-content\/uploads\/2023\/07\/cropped-apuntesdesanluis.png","width":450,"height":112,"caption":"apuntesdesanluis.com"},"logo":{"@id":"https:\/\/apuntesdesanluis.com\/#\/schema\/person\/image\/"},"sameAs":["https:\/\/apuntesdesanluis.com"],"url":"https:\/\/apuntesdesanluis.com\/index.php\/author\/apuntesdesanluis-com\/"}]}},"featured_image_urls":{"full":["https:\/\/apuntesdesanluis.com\/wp-content\/uploads\/2024\/03\/estudiantes.png",600,390,false],"thumbnail":["https:\/\/apuntesdesanluis.com\/wp-content\/uploads\/2024\/03\/estudiantes-150x150.png",150,150,true],"medium":["https:\/\/apuntesdesanluis.com\/wp-content\/uploads\/2024\/03\/estudiantes-300x195.png",300,195,true],"medium_large":["https:\/\/apuntesdesanluis.com\/wp-content\/uploads\/2024\/03\/estudiantes.png",600,390,false],"large":["https:\/\/apuntesdesanluis.com\/wp-content\/uploads\/2024\/03\/estudiantes.png",600,390,false],"1536x1536":["https:\/\/apuntesdesanluis.com\/wp-content\/uploads\/2024\/03\/estudiantes.png",600,390,false],"2048x2048":["https:\/\/apuntesdesanluis.com\/wp-content\/uploads\/2024\/03\/estudiantes.png",600,390,false],"newsever-slider-full":["https:\/\/apuntesdesanluis.com\/wp-content\/uploads\/2024\/03\/estudiantes.png",600,390,false],"newsever-featured":["https:\/\/apuntesdesanluis.com\/wp-content\/uploads\/2024\/03\/estudiantes.png",600,390,false],"newsever-medium":["https:\/\/apuntesdesanluis.com\/wp-content\/uploads\/2024\/03\/estudiantes.png",600,390,false]},"author_info":{"display_name":"apuntesdesanluis.com","author_link":"https:\/\/apuntesdesanluis.com\/index.php\/author\/apuntesdesanluis-com\/"},"category_info":"<a href=\"https:\/\/apuntesdesanluis.com\/index.php\/category\/ciudad-provincia\/\" rel=\"category tag\">Ciudad\/Provincia<\/a>","tag_info":"Ciudad\/Provincia","comment_count":"0","_links":{"self":[{"href":"https:\/\/apuntesdesanluis.com\/index.php\/wp-json\/wp\/v2\/posts\/13052","targetHints":{"allow":["GET"]}}],"collection":[{"href":"https:\/\/apuntesdesanluis.com\/index.php\/wp-json\/wp\/v2\/posts"}],"about":[{"href":"https:\/\/apuntesdesanluis.com\/index.php\/wp-json\/wp\/v2\/types\/post"}],"author":[{"embeddable":true,"href":"https:\/\/apuntesdesanluis.com\/index.php\/wp-json\/wp\/v2\/users\/1"}],"replies":[{"embeddable":true,"href":"https:\/\/apuntesdesanluis.com\/index.php\/wp-json\/wp\/v2\/comments?post=13052"}],"version-history":[{"count":3,"href":"https:\/\/apuntesdesanluis.com\/index.php\/wp-json\/wp\/v2\/posts\/13052\/revisions"}],"predecessor-version":[{"id":13060,"href":"https:\/\/apuntesdesanluis.com\/index.php\/wp-json\/wp\/v2\/posts\/13052\/revisions\/13060"}],"wp:featuredmedia":[{"embeddable":true,"href":"https:\/\/apuntesdesanluis.com\/index.php\/wp-json\/wp\/v2\/media\/13053"}],"wp:attachment":[{"href":"https:\/\/apuntesdesanluis.com\/index.php\/wp-json\/wp\/v2\/media?parent=13052"}],"wp:term":[{"taxonomy":"category","embeddable":true,"href":"https:\/\/apuntesdesanluis.com\/index.php\/wp-json\/wp\/v2\/categories?post=13052"},{"taxonomy":"post_tag","embeddable":true,"href":"https:\/\/apuntesdesanluis.com\/index.php\/wp-json\/wp\/v2\/tags?post=13052"}],"curies":[{"name":"wp","href":"https:\/\/api.w.org\/{rel}","templated":true}]}}