{"id":13070,"date":"2024-03-12T23:24:47","date_gmt":"2024-03-13T02:24:47","guid":{"rendered":"https:\/\/apuntesdesanluis.com\/?p=13070"},"modified":"2024-03-12T23:24:47","modified_gmt":"2024-03-13T02:24:47","slug":"convocaron-en-diputados-a-la-comision-que-debera-empezar-a-debatir-la-reforma-jubilatoria","status":"publish","type":"post","link":"https:\/\/apuntesdesanluis.com\/index.php\/2024\/03\/12\/convocaron-en-diputados-a-la-comision-que-debera-empezar-a-debatir-la-reforma-jubilatoria\/","title":{"rendered":"CONVOCARON EN DIPUTADOS A LA COMISI\u00d3N QUE DEBER\u00c1 EMPEZAR A DEBATIR LA REFORMA JUBILATORIA"},"content":{"rendered":"<h3>Para quitarle fuerza a la convocatoria a la sesi\u00f3n especial que un sector de la oposici\u00f3n motoriz\u00f3 para este mi\u00e9rcoles al mediod\u00eda, se oficializ\u00f3 la reuni\u00f3n constitutiva de la comisi\u00f3n de Previsi\u00f3n y Seguridad Social que deber\u00e1 empezar a debatir una nueva f\u00f3rmula de movilidad jubilatoria.<\/h3>\n<h3>As\u00ed lo anunci\u00f3 el bloque PRO a trav\u00e9s de un comunicado, baj\u00e1ndole el precio a la sesi\u00f3n pedida por Hacemos Coalici\u00f3n Federal (y apoyada por Uni\u00f3n por la Patria) que hab\u00eda sido pensada para debatir un proyecto de ley para actualizar los haberes previsionales por inflaci\u00f3n, o en el peor de los casos, para emplazar a la comisi\u00f3n.<\/h3>\n<h3>\u201cLa Comisi\u00f3n de Previsi\u00f3n y Seguridad Social ya est\u00e1 convocada para el mi\u00e9rcoles 13 a las 16 horas para comenzar a tratar el tema, y ese es el \u00e1mbito para que se debata\u201d, indicaron desde el bloque que preside <strong>Cristian Ritondo<\/strong>.<\/h3>\n<h3>\u201cSolicitamos el acompa\u00f1amiento del resto de los bloques que componen esta Honorable C\u00e1mara para tratar una nueva f\u00f3rmula que mejore sustancialmente la calidad de vida de nuestros jubilados\u201d, agregaron en el escrito.<\/h3>\n<h3>El bloque de la UCR ya hab\u00eda hecho un intento para ayudar al oficialismo en hacer caer la sesi\u00f3n, a trav\u00e9s de un comunicado que difundieron durante la madrugada, en el que le advirtieron a Hacemos Coalici\u00f3n Federal que no iban a alcanzar las dos terceras partes de los votos para aprobar la media sanci\u00f3n del proyecto de la Coalici\u00f3n C\u00edvica, por lo que la puesta en escena no iba a tener ning\u00fan \u201cefecto pr\u00e1ctico\u201d m\u00e1s all\u00e1 de emplazar a la comisi\u00f3n.<\/h3>\n<h3>Adem\u00e1s, le resaltaron al bloque que coordina Miguel Pichetto que ir a una sesi\u00f3n con un temario inc\u00f3modo para el oficialismo podr\u00eda \u201cservir de escenario especulativo al kirchnerismo\u201d.<\/h3>\n<h3><\/h3>\n<h3><\/h3>\n<h3><\/h3>\n","protected":false},"excerpt":{"rendered":"<p>Para quitarle fuerza a la convocatoria a la sesi\u00f3n especial que un sector de la&#8230;<\/p>\n","protected":false},"author":1,"featured_media":3542,"comment_status":"closed","ping_status":"closed","sticky":false,"template":"","format":"standard","meta":{"footnotes":""},"categories":[5],"tags":[],"class_list":["post-13070","post","type-post","status-publish","format-standard","has-post-thumbnail","hentry","category-nacionales-internacionales"],"yoast_head":"<!-- This site is optimized with the Yoast SEO plugin v26.1.1 - https:\/\/yoast.com\/wordpress\/plugins\/seo\/ -->\n<title>CONVOCARON EN DIPUTADOS A LA COMISI\u00d3N QUE DEBER\u00c1 EMPEZAR A DEBATIR LA REFORMA JUBILATORIA - Apuntes de San Luis<\/title>\n<meta name=\"robots\" content=\"index, follow, max-snippet:-1, max-image-preview:large, max-video-preview:-1\" \/>\n<link rel=\"canonical\" href=\"https:\/\/apuntesdesanluis.com\/index.php\/2024\/03\/12\/convocaron-en-diputados-a-la-comision-que-debera-empezar-a-debatir-la-reforma-jubilatoria\/\" \/>\n<meta property=\"og:locale\" content=\"es_ES\" \/>\n<meta property=\"og:type\" content=\"article\" \/>\n<meta property=\"og:title\" content=\"CONVOCARON EN DIPUTADOS A LA COMISI\u00d3N QUE DEBER\u00c1 EMPEZAR A DEBATIR LA REFORMA JUBILATORIA - Apuntes de San Luis\" \/>\n<meta property=\"og:description\" content=\"Para quitarle fuerza a la convocatoria a la sesi\u00f3n especial que un sector de la...\" \/>\n<meta property=\"og:url\" content=\"https:\/\/apuntesdesanluis.com\/index.php\/2024\/03\/12\/convocaron-en-diputados-a-la-comision-que-debera-empezar-a-debatir-la-reforma-jubilatoria\/\" \/>\n<meta property=\"og:site_name\" content=\"Apuntes de San Luis\" \/>\n<meta property=\"article:published_time\" content=\"2024-03-13T02:24:47+00:00\" \/>\n<meta property=\"og:image\" content=\"https:\/\/apuntesdesanluis.com\/wp-content\/uploads\/2023\/09\/Diputados-2.png\" \/>\n\t<meta property=\"og:image:width\" content=\"600\" \/>\n\t<meta property=\"og:image:height\" content=\"382\" \/>\n\t<meta property=\"og:image:type\" content=\"image\/png\" \/>\n<meta name=\"author\" content=\"apuntesdesanluis.com\" \/>\n<meta name=\"twitter:card\" content=\"summary_large_image\" \/>\n<meta name=\"twitter:label1\" content=\"Escrito por\" \/>\n\t<meta name=\"twitter:data1\" content=\"apuntesdesanluis.com\" \/>\n\t<meta name=\"twitter:label2\" content=\"Tiempo de lectura\" \/>\n\t<meta name=\"twitter:data2\" content=\"2 minutos\" \/>\n<script type=\"application\/ld+json\" class=\"yoast-schema-graph\">{\"@context\":\"https:\/\/schema.org\",\"@graph\":[{\"@type\":\"Article\",\"@id\":\"https:\/\/apuntesdesanluis.com\/index.php\/2024\/03\/12\/convocaron-en-diputados-a-la-comision-que-debera-empezar-a-debatir-la-reforma-jubilatoria\/#article\",\"isPartOf\":{\"@id\":\"https:\/\/apuntesdesanluis.com\/index.php\/2024\/03\/12\/convocaron-en-diputados-a-la-comision-que-debera-empezar-a-debatir-la-reforma-jubilatoria\/\"},\"author\":{\"name\":\"apuntesdesanluis.com\",\"@id\":\"https:\/\/apuntesdesanluis.com\/#\/schema\/person\/b55151d52296fcce64d1a72538a70b90\"},\"headline\":\"CONVOCARON EN DIPUTADOS A LA COMISI\u00d3N QUE DEBER\u00c1 EMPEZAR A DEBATIR LA REFORMA JUBILATORIA\",\"datePublished\":\"2024-03-13T02:24:47+00:00\",\"mainEntityOfPage\":{\"@id\":\"https:\/\/apuntesdesanluis.com\/index.php\/2024\/03\/12\/convocaron-en-diputados-a-la-comision-que-debera-empezar-a-debatir-la-reforma-jubilatoria\/\"},\"wordCount\":337,\"publisher\":{\"@id\":\"https:\/\/apuntesdesanluis.com\/#\/schema\/person\/b55151d52296fcce64d1a72538a70b90\"},\"image\":{\"@id\":\"https:\/\/apuntesdesanluis.com\/index.php\/2024\/03\/12\/convocaron-en-diputados-a-la-comision-que-debera-empezar-a-debatir-la-reforma-jubilatoria\/#primaryimage\"},\"thumbnailUrl\":\"https:\/\/apuntesdesanluis.com\/wp-content\/uploads\/2023\/09\/Diputados-2.png\",\"articleSection\":[\"Nacionales\/Internacionales\"],\"inLanguage\":\"es-AR\"},{\"@type\":\"WebPage\",\"@id\":\"https:\/\/apuntesdesanluis.com\/index.php\/2024\/03\/12\/convocaron-en-diputados-a-la-comision-que-debera-empezar-a-debatir-la-reforma-jubilatoria\/\",\"url\":\"https:\/\/apuntesdesanluis.com\/index.php\/2024\/03\/12\/convocaron-en-diputados-a-la-comision-que-debera-empezar-a-debatir-la-reforma-jubilatoria\/\",\"name\":\"CONVOCARON EN DIPUTADOS A LA COMISI\u00d3N QUE DEBER\u00c1 EMPEZAR A DEBATIR LA REFORMA JUBILATORIA - Apuntes de San Luis\",\"isPartOf\":{\"@id\":\"https:\/\/apuntesdesanluis.com\/#website\"},\"primaryImageOfPage\":{\"@id\":\"https:\/\/apuntesdesanluis.com\/index.php\/2024\/03\/12\/convocaron-en-diputados-a-la-comision-que-debera-empezar-a-debatir-la-reforma-jubilatoria\/#primaryimage\"},\"image\":{\"@id\":\"https:\/\/apuntesdesanluis.com\/index.php\/2024\/03\/12\/convocaron-en-diputados-a-la-comision-que-debera-empezar-a-debatir-la-reforma-jubilatoria\/#primaryimage\"},\"thumbnailUrl\":\"https:\/\/apuntesdesanluis.com\/wp-content\/uploads\/2023\/09\/Diputados-2.png\",\"datePublished\":\"2024-03-13T02:24:47+00:00\",\"breadcrumb\":{\"@id\":\"https:\/\/apuntesdesanluis.com\/index.php\/2024\/03\/12\/convocaron-en-diputados-a-la-comision-que-debera-empezar-a-debatir-la-reforma-jubilatoria\/#breadcrumb\"},\"inLanguage\":\"es-AR\",\"potentialAction\":[{\"@type\":\"ReadAction\",\"target\":[\"https:\/\/apuntesdesanluis.com\/index.php\/2024\/03\/12\/convocaron-en-diputados-a-la-comision-que-debera-empezar-a-debatir-la-reforma-jubilatoria\/\"]}]},{\"@type\":\"ImageObject\",\"inLanguage\":\"es-AR\",\"@id\":\"https:\/\/apuntesdesanluis.com\/index.php\/2024\/03\/12\/convocaron-en-diputados-a-la-comision-que-debera-empezar-a-debatir-la-reforma-jubilatoria\/#primaryimage\",\"url\":\"https:\/\/apuntesdesanluis.com\/wp-content\/uploads\/2023\/09\/Diputados-2.png\",\"contentUrl\":\"https:\/\/apuntesdesanluis.com\/wp-content\/uploads\/2023\/09\/Diputados-2.png\",\"width\":600,\"height\":382},{\"@type\":\"BreadcrumbList\",\"@id\":\"https:\/\/apuntesdesanluis.com\/index.php\/2024\/03\/12\/convocaron-en-diputados-a-la-comision-que-debera-empezar-a-debatir-la-reforma-jubilatoria\/#breadcrumb\",\"itemListElement\":[{\"@type\":\"ListItem\",\"position\":1,\"name\":\"Inicio\",\"item\":\"https:\/\/apuntesdesanluis.com\/\"},{\"@type\":\"ListItem\",\"position\":2,\"name\":\"CONVOCARON EN DIPUTADOS A LA COMISI\u00d3N QUE DEBER\u00c1 EMPEZAR A DEBATIR LA REFORMA JUBILATORIA\"}]},{\"@type\":\"WebSite\",\"@id\":\"https:\/\/apuntesdesanluis.com\/#website\",\"url\":\"https:\/\/apuntesdesanluis.com\/\",\"name\":\"Apuntes de San Luis\",\"description\":\"\",\"publisher\":{\"@id\":\"https:\/\/apuntesdesanluis.com\/#\/schema\/person\/b55151d52296fcce64d1a72538a70b90\"},\"potentialAction\":[{\"@type\":\"SearchAction\",\"target\":{\"@type\":\"EntryPoint\",\"urlTemplate\":\"https:\/\/apuntesdesanluis.com\/?s={search_term_string}\"},\"query-input\":{\"@type\":\"PropertyValueSpecification\",\"valueRequired\":true,\"valueName\":\"search_term_string\"}}],\"inLanguage\":\"es-AR\"},{\"@type\":[\"Person\",\"Organization\"],\"@id\":\"https:\/\/apuntesdesanluis.com\/#\/schema\/person\/b55151d52296fcce64d1a72538a70b90\",\"name\":\"apuntesdesanluis.com\",\"image\":{\"@type\":\"ImageObject\",\"inLanguage\":\"es-AR\",\"@id\":\"https:\/\/apuntesdesanluis.com\/#\/schema\/person\/image\/\",\"url\":\"https:\/\/apuntesdesanluis.com\/wp-content\/uploads\/2023\/07\/cropped-apuntesdesanluis.png\",\"contentUrl\":\"https:\/\/apuntesdesanluis.com\/wp-content\/uploads\/2023\/07\/cropped-apuntesdesanluis.png\",\"width\":450,\"height\":112,\"caption\":\"apuntesdesanluis.com\"},\"logo\":{\"@id\":\"https:\/\/apuntesdesanluis.com\/#\/schema\/person\/image\/\"},\"sameAs\":[\"https:\/\/apuntesdesanluis.com\"],\"url\":\"https:\/\/apuntesdesanluis.com\/index.php\/author\/apuntesdesanluis-com\/\"}]}<\/script>\n<!-- \/ Yoast SEO plugin. -->","yoast_head_json":{"title":"CONVOCARON EN DIPUTADOS A LA COMISI\u00d3N QUE DEBER\u00c1 EMPEZAR A DEBATIR LA REFORMA JUBILATORIA - Apuntes de San Luis","robots":{"index":"index","follow":"follow","max-snippet":"max-snippet:-1","max-image-preview":"max-image-preview:large","max-video-preview":"max-video-preview:-1"},"canonical":"https:\/\/apuntesdesanluis.com\/index.php\/2024\/03\/12\/convocaron-en-diputados-a-la-comision-que-debera-empezar-a-debatir-la-reforma-jubilatoria\/","og_locale":"es_ES","og_type":"article","og_title":"CONVOCARON EN DIPUTADOS A LA COMISI\u00d3N QUE DEBER\u00c1 EMPEZAR A DEBATIR LA REFORMA JUBILATORIA - Apuntes de San Luis","og_description":"Para quitarle fuerza a la convocatoria a la sesi\u00f3n especial que un sector de la...","og_url":"https:\/\/apuntesdesanluis.com\/index.php\/2024\/03\/12\/convocaron-en-diputados-a-la-comision-que-debera-empezar-a-debatir-la-reforma-jubilatoria\/","og_site_name":"Apuntes de San Luis","article_published_time":"2024-03-13T02:24:47+00:00","og_image":[{"width":600,"height":382,"url":"https:\/\/apuntesdesanluis.com\/wp-content\/uploads\/2023\/09\/Diputados-2.png","type":"image\/png"}],"author":"apuntesdesanluis.com","twitter_card":"summary_large_image","twitter_misc":{"Escrito por":"apuntesdesanluis.com","Tiempo de lectura":"2 minutos"},"schema":{"@context":"https:\/\/schema.org","@graph":[{"@type":"Article","@id":"https:\/\/apuntesdesanluis.com\/index.php\/2024\/03\/12\/convocaron-en-diputados-a-la-comision-que-debera-empezar-a-debatir-la-reforma-jubilatoria\/#article","isPartOf":{"@id":"https:\/\/apuntesdesanluis.com\/index.php\/2024\/03\/12\/convocaron-en-diputados-a-la-comision-que-debera-empezar-a-debatir-la-reforma-jubilatoria\/"},"author":{"name":"apuntesdesanluis.com","@id":"https:\/\/apuntesdesanluis.com\/#\/schema\/person\/b55151d52296fcce64d1a72538a70b90"},"headline":"CONVOCARON EN DIPUTADOS A LA COMISI\u00d3N QUE DEBER\u00c1 EMPEZAR A DEBATIR LA REFORMA JUBILATORIA","datePublished":"2024-03-13T02:24:47+00:00","mainEntityOfPage":{"@id":"https:\/\/apuntesdesanluis.com\/index.php\/2024\/03\/12\/convocaron-en-diputados-a-la-comision-que-debera-empezar-a-debatir-la-reforma-jubilatoria\/"},"wordCount":337,"publisher":{"@id":"https:\/\/apuntesdesanluis.com\/#\/schema\/person\/b55151d52296fcce64d1a72538a70b90"},"image":{"@id":"https:\/\/apuntesdesanluis.com\/index.php\/2024\/03\/12\/convocaron-en-diputados-a-la-comision-que-debera-empezar-a-debatir-la-reforma-jubilatoria\/#primaryimage"},"thumbnailUrl":"https:\/\/apuntesdesanluis.com\/wp-content\/uploads\/2023\/09\/Diputados-2.png","articleSection":["Nacionales\/Internacionales"],"inLanguage":"es-AR"},{"@type":"WebPage","@id":"https:\/\/apuntesdesanluis.com\/index.php\/2024\/03\/12\/convocaron-en-diputados-a-la-comision-que-debera-empezar-a-debatir-la-reforma-jubilatoria\/","url":"https:\/\/apuntesdesanluis.com\/index.php\/2024\/03\/12\/convocaron-en-diputados-a-la-comision-que-debera-empezar-a-debatir-la-reforma-jubilatoria\/","name":"CONVOCARON EN DIPUTADOS A LA COMISI\u00d3N QUE DEBER\u00c1 EMPEZAR A DEBATIR LA REFORMA JUBILATORIA - Apuntes de San Luis","isPartOf":{"@id":"https:\/\/apuntesdesanluis.com\/#website"},"primaryImageOfPage":{"@id":"https:\/\/apuntesdesanluis.com\/index.php\/2024\/03\/12\/convocaron-en-diputados-a-la-comision-que-debera-empezar-a-debatir-la-reforma-jubilatoria\/#primaryimage"},"image":{"@id":"https:\/\/apuntesdesanluis.com\/index.php\/2024\/03\/12\/convocaron-en-diputados-a-la-comision-que-debera-empezar-a-debatir-la-reforma-jubilatoria\/#primaryimage"},"thumbnailUrl":"https:\/\/apuntesdesanluis.com\/wp-content\/uploads\/2023\/09\/Diputados-2.png","datePublished":"2024-03-13T02:24:47+00:00","breadcrumb":{"@id":"https:\/\/apuntesdesanluis.com\/index.php\/2024\/03\/12\/convocaron-en-diputados-a-la-comision-que-debera-empezar-a-debatir-la-reforma-jubilatoria\/#breadcrumb"},"inLanguage":"es-AR","potentialAction":[{"@type":"ReadAction","target":["https:\/\/apuntesdesanluis.com\/index.php\/2024\/03\/12\/convocaron-en-diputados-a-la-comision-que-debera-empezar-a-debatir-la-reforma-jubilatoria\/"]}]},{"@type":"ImageObject","inLanguage":"es-AR","@id":"https:\/\/apuntesdesanluis.com\/index.php\/2024\/03\/12\/convocaron-en-diputados-a-la-comision-que-debera-empezar-a-debatir-la-reforma-jubilatoria\/#primaryimage","url":"https:\/\/apuntesdesanluis.com\/wp-content\/uploads\/2023\/09\/Diputados-2.png","contentUrl":"https:\/\/apuntesdesanluis.com\/wp-content\/uploads\/2023\/09\/Diputados-2.png","width":600,"height":382},{"@type":"BreadcrumbList","@id":"https:\/\/apuntesdesanluis.com\/index.php\/2024\/03\/12\/convocaron-en-diputados-a-la-comision-que-debera-empezar-a-debatir-la-reforma-jubilatoria\/#breadcrumb","itemListElement":[{"@type":"ListItem","position":1,"name":"Inicio","item":"https:\/\/apuntesdesanluis.com\/"},{"@type":"ListItem","position":2,"name":"CONVOCARON EN DIPUTADOS A LA COMISI\u00d3N QUE DEBER\u00c1 EMPEZAR A DEBATIR LA REFORMA JUBILATORIA"}]},{"@type":"WebSite","@id":"https:\/\/apuntesdesanluis.com\/#website","url":"https:\/\/apuntesdesanluis.com\/","name":"Apuntes de San Luis","description":"","publisher":{"@id":"https:\/\/apuntesdesanluis.com\/#\/schema\/person\/b55151d52296fcce64d1a72538a70b90"},"potentialAction":[{"@type":"SearchAction","target":{"@type":"EntryPoint","urlTemplate":"https:\/\/apuntesdesanluis.com\/?s={search_term_string}"},"query-input":{"@type":"PropertyValueSpecification","valueRequired":true,"valueName":"search_term_string"}}],"inLanguage":"es-AR"},{"@type":["Person","Organization"],"@id":"https:\/\/apuntesdesanluis.com\/#\/schema\/person\/b55151d52296fcce64d1a72538a70b90","name":"apuntesdesanluis.com","image":{"@type":"ImageObject","inLanguage":"es-AR","@id":"https:\/\/apuntesdesanluis.com\/#\/schema\/person\/image\/","url":"https:\/\/apuntesdesanluis.com\/wp-content\/uploads\/2023\/07\/cropped-apuntesdesanluis.png","contentUrl":"https:\/\/apuntesdesanluis.com\/wp-content\/uploads\/2023\/07\/cropped-apuntesdesanluis.png","width":450,"height":112,"caption":"apuntesdesanluis.com"},"logo":{"@id":"https:\/\/apuntesdesanluis.com\/#\/schema\/person\/image\/"},"sameAs":["https:\/\/apuntesdesanluis.com"],"url":"https:\/\/apuntesdesanluis.com\/index.php\/author\/apuntesdesanluis-com\/"}]}},"featured_image_urls":{"full":["https:\/\/apuntesdesanluis.com\/wp-content\/uploads\/2023\/09\/Diputados-2.png",600,382,false],"thumbnail":["https:\/\/apuntesdesanluis.com\/wp-content\/uploads\/2023\/09\/Diputados-2-150x150.png",150,150,true],"medium":["https:\/\/apuntesdesanluis.com\/wp-content\/uploads\/2023\/09\/Diputados-2-300x191.png",300,191,true],"medium_large":["https:\/\/apuntesdesanluis.com\/wp-content\/uploads\/2023\/09\/Diputados-2.png",600,382,false],"large":["https:\/\/apuntesdesanluis.com\/wp-content\/uploads\/2023\/09\/Diputados-2.png",600,382,false],"1536x1536":["https:\/\/apuntesdesanluis.com\/wp-content\/uploads\/2023\/09\/Diputados-2.png",600,382,false],"2048x2048":["https:\/\/apuntesdesanluis.com\/wp-content\/uploads\/2023\/09\/Diputados-2.png",600,382,false],"newsever-slider-full":["https:\/\/apuntesdesanluis.com\/wp-content\/uploads\/2023\/09\/Diputados-2.png",600,382,false],"newsever-featured":["https:\/\/apuntesdesanluis.com\/wp-content\/uploads\/2023\/09\/Diputados-2.png",600,382,false],"newsever-medium":["https:\/\/apuntesdesanluis.com\/wp-content\/uploads\/2023\/09\/Diputados-2.png",600,382,false]},"author_info":{"display_name":"apuntesdesanluis.com","author_link":"https:\/\/apuntesdesanluis.com\/index.php\/author\/apuntesdesanluis-com\/"},"category_info":"<a href=\"https:\/\/apuntesdesanluis.com\/index.php\/category\/nacionales-internacionales\/\" rel=\"category tag\">Nacionales\/Internacionales<\/a>","tag_info":"Nacionales\/Internacionales","comment_count":"0","_links":{"self":[{"href":"https:\/\/apuntesdesanluis.com\/index.php\/wp-json\/wp\/v2\/posts\/13070","targetHints":{"allow":["GET"]}}],"collection":[{"href":"https:\/\/apuntesdesanluis.com\/index.php\/wp-json\/wp\/v2\/posts"}],"about":[{"href":"https:\/\/apuntesdesanluis.com\/index.php\/wp-json\/wp\/v2\/types\/post"}],"author":[{"embeddable":true,"href":"https:\/\/apuntesdesanluis.com\/index.php\/wp-json\/wp\/v2\/users\/1"}],"replies":[{"embeddable":true,"href":"https:\/\/apuntesdesanluis.com\/index.php\/wp-json\/wp\/v2\/comments?post=13070"}],"version-history":[{"count":1,"href":"https:\/\/apuntesdesanluis.com\/index.php\/wp-json\/wp\/v2\/posts\/13070\/revisions"}],"predecessor-version":[{"id":13071,"href":"https:\/\/apuntesdesanluis.com\/index.php\/wp-json\/wp\/v2\/posts\/13070\/revisions\/13071"}],"wp:featuredmedia":[{"embeddable":true,"href":"https:\/\/apuntesdesanluis.com\/index.php\/wp-json\/wp\/v2\/media\/3542"}],"wp:attachment":[{"href":"https:\/\/apuntesdesanluis.com\/index.php\/wp-json\/wp\/v2\/media?parent=13070"}],"wp:term":[{"taxonomy":"category","embeddable":true,"href":"https:\/\/apuntesdesanluis.com\/index.php\/wp-json\/wp\/v2\/categories?post=13070"},{"taxonomy":"post_tag","embeddable":true,"href":"https:\/\/apuntesdesanluis.com\/index.php\/wp-json\/wp\/v2\/tags?post=13070"}],"curies":[{"name":"wp","href":"https:\/\/api.w.org\/{rel}","templated":true}]}}