{"id":13116,"date":"2024-03-13T19:59:25","date_gmt":"2024-03-13T22:59:25","guid":{"rendered":"https:\/\/apuntesdesanluis.com\/?p=13116"},"modified":"2024-03-13T19:59:25","modified_gmt":"2024-03-13T22:59:25","slug":"reforma-jubilatoria-se-cayo-la-sesion-porque-la-ucr-no-dio-quorum-y-ayudo-al-oficialismo","status":"publish","type":"post","link":"https:\/\/apuntesdesanluis.com\/index.php\/2024\/03\/13\/reforma-jubilatoria-se-cayo-la-sesion-porque-la-ucr-no-dio-quorum-y-ayudo-al-oficialismo\/","title":{"rendered":"REFORMA JUBILATORIA: SE CAY\u00d3 LA SESI\u00d3N PORQUE LA UCR NO DIO QU\u00d3RUM Y AYUD\u00d3 AL OFICIALISMO"},"content":{"rendered":"<h3>La sesi\u00f3n especial hab\u00eda sido pedida por <strong>Hacemos Coalici\u00f3n Federal<\/strong>, con el apoyo de <strong>Uni\u00f3n por la Patria<\/strong>. El oficialismo logr\u00f3 tejer acuerdos con sectores de la oposici\u00f3n &#8220;dialoguista&#8221; para frustrar la convocatoria.<\/h3>\n<h3>A las 12:31, el presidente de la C\u00e1mara de Diputados, Mart\u00edn Menem, contabiliz\u00f3 119 legisladores sentados en sus bancas, diez menos de la mayor\u00eda simple necesaria para habilitar la sesi\u00f3n. La sesi\u00f3n se desarroll\u00f3 con expresiones en minor\u00eda, de forma testimonial. Un pu\u00f1ado diputados que no dieron qu\u00f3rum inicialmente se sumaron al recinto a escuchar el debate. En un momento dado, hab\u00eda 126 legisladores.<\/h3>\n<h3>El elemento decisivo para que se frustrara la convocatoria al recinto fue la decisi\u00f3n del bloque de la UCR, que mayoritariamente decidi\u00f3 vaciar el recinto. Apenas cinco diputados d\u00edscolos encabezados por Facundo Manes se sentaron en los esca\u00f1os.<\/h3>\n<h3>Desde temprano se sab\u00eda que el bloque conducido por Rodrigo de Loredo, quien se desvive por tender puentes hacia el oficialismo despu\u00e9s del llanto culposo por no haber podido ayudar m\u00e1s al Gobierno con la primera ley \u00f3mnibus, iba a retacear el qu\u00f3rum.<\/h3>\n<h3>Tampoco ayudaron las inclemencias clim\u00e1ticas que forzaron la suspensi\u00f3n de vuelos desde varias provincias. Y claramente pes\u00f3 en varios legisladores que decidieron ausentarse el temor a quebrar la inestable tregua lanzada por el Javier Milei con los gobernadores en torno a la convocatoria del Pacto de Mayo en C\u00f3rdoba, donde se discutir\u00e1 un nuevo pacto fiscal que le de ox\u00edgeno a las provincias.<\/h3>\n<h3>Un nuevo desaire hacia el presidente podr\u00eda haber detonado los puentes de di\u00e1logo, y el jefe de Estado ya demostr\u00f3 despu\u00e9s de la ley \u00f3mnibus que no le tiembla el pulso a la hora castigar con represalias a las provincias.<\/h3>\n<h3>Por esta raz\u00f3n, no bajaron al recinto los nueve diputados de Innovaci\u00f3n Federal, el interbloque que re\u00fane diputados sueltos que responden a los gobiernos de Salta, Misiones, Neuqu\u00e9n y R\u00edo Negro.<\/h3>\n<h3>El objetivo de la sesi\u00f3n, seg\u00fan hab\u00eda explicitado Hacemos Coalici\u00f3n Federal en un comunicado, era emplazar a la comisi\u00f3n de Previsi\u00f3n y Seguridad Social para que defina un cronograma de trabajo y ponga perentoriamente una fecha para dictaminar.<\/h3>\n<h3>Ayer, el oficialismo hab\u00eda convocado a la comisi\u00f3n de Previsi\u00f3n y Seguridad Social para constituirse en la tarde de este mi\u00e9rcoles, con la finalidad de hacer caer la sesi\u00f3n y no perder la iniciativa a manos de la oposici\u00f3n en un asunto que impacta de manera directa en la cuenta fiscal del Gobierno.<\/h3>\n<h3>El Poder Ejecutivo no quiere perder el manejo de los tiempos del debate y pretende introducir la reforma jubilatoria dentro de la nueva ley de Bases, que podr\u00eda ingresar al Parlamento en los pr\u00f3ximos d\u00edas.<\/h3>\n<h3>La versi\u00f3n que circula es similar al proyecto de la Coalici\u00f3n C\u00edvica, basada en la indexaci\u00f3n mensual por inflaci\u00f3n, pero con una recomposici\u00f3n del piso de haberes de apenas el 10%. La iniciativa que iba a debatirse en el recinto, que tiene como autor a Juan Manuel L\u00f3pez (HCF), contempla una compensaci\u00f3n del 20,6% para resarcir las p\u00e9rdidas de ingresos reales de los primeros meses del a\u00f1o.<\/h3>\n<h3>La estrategia de presi\u00f3n oficialista sobre sus socios de la \u201coposici\u00f3n\u201d moderada rindi\u00f3 sus frutos ya que logr\u00f3 que la UCR, el PRO e Innovaci\u00f3n Federal no se plegaran a la convocatoria realizada por Hacemos Coalici\u00f3n Federal, que contaba con el apoyo de Uni\u00f3n por la Patria.<\/h3>\n<h3>El bloque conducido por Germ\u00e1n Mart\u00ednez, el m\u00e1s numeroso de la C\u00e1mara, hab\u00eda comprometido su participaci\u00f3n en la sesi\u00f3n desde ayer, y al menos 92 de sus 99 integrantes se sentaron en las bancas para aportar al qu\u00f3rum.<\/h3>\n<p>&nbsp;<\/p>\n<p>&nbsp;<\/p>\n<p>&nbsp;<\/p>\n","protected":false},"excerpt":{"rendered":"<p>La sesi\u00f3n especial hab\u00eda sido pedida por Hacemos Coalici\u00f3n Federal, con el apoyo de Uni\u00f3n&#8230;<\/p>\n","protected":false},"author":1,"featured_media":13117,"comment_status":"closed","ping_status":"closed","sticky":false,"template":"","format":"standard","meta":{"footnotes":""},"categories":[5],"tags":[],"class_list":["post-13116","post","type-post","status-publish","format-standard","has-post-thumbnail","hentry","category-nacionales-internacionales"],"yoast_head":"<!-- This site is optimized with the Yoast SEO plugin v26.1.1 - https:\/\/yoast.com\/wordpress\/plugins\/seo\/ -->\n<title>REFORMA JUBILATORIA: SE CAY\u00d3 LA SESI\u00d3N PORQUE LA UCR NO DIO QU\u00d3RUM Y AYUD\u00d3 AL OFICIALISMO - Apuntes de San Luis<\/title>\n<meta name=\"robots\" content=\"index, follow, max-snippet:-1, max-image-preview:large, max-video-preview:-1\" \/>\n<link rel=\"canonical\" href=\"https:\/\/apuntesdesanluis.com\/index.php\/2024\/03\/13\/reforma-jubilatoria-se-cayo-la-sesion-porque-la-ucr-no-dio-quorum-y-ayudo-al-oficialismo\/\" \/>\n<meta property=\"og:locale\" content=\"es_ES\" \/>\n<meta property=\"og:type\" content=\"article\" \/>\n<meta property=\"og:title\" content=\"REFORMA JUBILATORIA: SE CAY\u00d3 LA SESI\u00d3N PORQUE LA UCR NO DIO QU\u00d3RUM Y AYUD\u00d3 AL OFICIALISMO - Apuntes de San Luis\" \/>\n<meta property=\"og:description\" content=\"La sesi\u00f3n especial hab\u00eda sido pedida por Hacemos Coalici\u00f3n Federal, con el apoyo de Uni\u00f3n...\" \/>\n<meta property=\"og:url\" content=\"https:\/\/apuntesdesanluis.com\/index.php\/2024\/03\/13\/reforma-jubilatoria-se-cayo-la-sesion-porque-la-ucr-no-dio-quorum-y-ayudo-al-oficialismo\/\" \/>\n<meta property=\"og:site_name\" content=\"Apuntes de San Luis\" \/>\n<meta property=\"article:published_time\" content=\"2024-03-13T22:59:25+00:00\" \/>\n<meta property=\"og:image\" content=\"https:\/\/apuntesdesanluis.com\/wp-content\/uploads\/2024\/03\/FALTA-DE-QUORUM.png\" \/>\n\t<meta property=\"og:image:width\" content=\"600\" \/>\n\t<meta property=\"og:image:height\" content=\"375\" \/>\n\t<meta property=\"og:image:type\" content=\"image\/png\" \/>\n<meta name=\"author\" content=\"apuntesdesanluis.com\" \/>\n<meta name=\"twitter:card\" content=\"summary_large_image\" \/>\n<meta name=\"twitter:label1\" content=\"Escrito por\" \/>\n\t<meta name=\"twitter:data1\" content=\"apuntesdesanluis.com\" \/>\n\t<meta name=\"twitter:label2\" content=\"Tiempo de lectura\" \/>\n\t<meta name=\"twitter:data2\" content=\"3 minutos\" \/>\n<script type=\"application\/ld+json\" class=\"yoast-schema-graph\">{\"@context\":\"https:\/\/schema.org\",\"@graph\":[{\"@type\":\"Article\",\"@id\":\"https:\/\/apuntesdesanluis.com\/index.php\/2024\/03\/13\/reforma-jubilatoria-se-cayo-la-sesion-porque-la-ucr-no-dio-quorum-y-ayudo-al-oficialismo\/#article\",\"isPartOf\":{\"@id\":\"https:\/\/apuntesdesanluis.com\/index.php\/2024\/03\/13\/reforma-jubilatoria-se-cayo-la-sesion-porque-la-ucr-no-dio-quorum-y-ayudo-al-oficialismo\/\"},\"author\":{\"name\":\"apuntesdesanluis.com\",\"@id\":\"https:\/\/apuntesdesanluis.com\/#\/schema\/person\/b55151d52296fcce64d1a72538a70b90\"},\"headline\":\"REFORMA JUBILATORIA: SE CAY\u00d3 LA SESI\u00d3N PORQUE LA UCR NO DIO QU\u00d3RUM Y AYUD\u00d3 AL OFICIALISMO\",\"datePublished\":\"2024-03-13T22:59:25+00:00\",\"mainEntityOfPage\":{\"@id\":\"https:\/\/apuntesdesanluis.com\/index.php\/2024\/03\/13\/reforma-jubilatoria-se-cayo-la-sesion-porque-la-ucr-no-dio-quorum-y-ayudo-al-oficialismo\/\"},\"wordCount\":675,\"publisher\":{\"@id\":\"https:\/\/apuntesdesanluis.com\/#\/schema\/person\/b55151d52296fcce64d1a72538a70b90\"},\"image\":{\"@id\":\"https:\/\/apuntesdesanluis.com\/index.php\/2024\/03\/13\/reforma-jubilatoria-se-cayo-la-sesion-porque-la-ucr-no-dio-quorum-y-ayudo-al-oficialismo\/#primaryimage\"},\"thumbnailUrl\":\"https:\/\/apuntesdesanluis.com\/wp-content\/uploads\/2024\/03\/FALTA-DE-QUORUM.png\",\"articleSection\":[\"Nacionales\/Internacionales\"],\"inLanguage\":\"es-AR\"},{\"@type\":\"WebPage\",\"@id\":\"https:\/\/apuntesdesanluis.com\/index.php\/2024\/03\/13\/reforma-jubilatoria-se-cayo-la-sesion-porque-la-ucr-no-dio-quorum-y-ayudo-al-oficialismo\/\",\"url\":\"https:\/\/apuntesdesanluis.com\/index.php\/2024\/03\/13\/reforma-jubilatoria-se-cayo-la-sesion-porque-la-ucr-no-dio-quorum-y-ayudo-al-oficialismo\/\",\"name\":\"REFORMA JUBILATORIA: SE CAY\u00d3 LA SESI\u00d3N PORQUE LA UCR NO DIO QU\u00d3RUM Y AYUD\u00d3 AL OFICIALISMO - Apuntes de San Luis\",\"isPartOf\":{\"@id\":\"https:\/\/apuntesdesanluis.com\/#website\"},\"primaryImageOfPage\":{\"@id\":\"https:\/\/apuntesdesanluis.com\/index.php\/2024\/03\/13\/reforma-jubilatoria-se-cayo-la-sesion-porque-la-ucr-no-dio-quorum-y-ayudo-al-oficialismo\/#primaryimage\"},\"image\":{\"@id\":\"https:\/\/apuntesdesanluis.com\/index.php\/2024\/03\/13\/reforma-jubilatoria-se-cayo-la-sesion-porque-la-ucr-no-dio-quorum-y-ayudo-al-oficialismo\/#primaryimage\"},\"thumbnailUrl\":\"https:\/\/apuntesdesanluis.com\/wp-content\/uploads\/2024\/03\/FALTA-DE-QUORUM.png\",\"datePublished\":\"2024-03-13T22:59:25+00:00\",\"breadcrumb\":{\"@id\":\"https:\/\/apuntesdesanluis.com\/index.php\/2024\/03\/13\/reforma-jubilatoria-se-cayo-la-sesion-porque-la-ucr-no-dio-quorum-y-ayudo-al-oficialismo\/#breadcrumb\"},\"inLanguage\":\"es-AR\",\"potentialAction\":[{\"@type\":\"ReadAction\",\"target\":[\"https:\/\/apuntesdesanluis.com\/index.php\/2024\/03\/13\/reforma-jubilatoria-se-cayo-la-sesion-porque-la-ucr-no-dio-quorum-y-ayudo-al-oficialismo\/\"]}]},{\"@type\":\"ImageObject\",\"inLanguage\":\"es-AR\",\"@id\":\"https:\/\/apuntesdesanluis.com\/index.php\/2024\/03\/13\/reforma-jubilatoria-se-cayo-la-sesion-porque-la-ucr-no-dio-quorum-y-ayudo-al-oficialismo\/#primaryimage\",\"url\":\"https:\/\/apuntesdesanluis.com\/wp-content\/uploads\/2024\/03\/FALTA-DE-QUORUM.png\",\"contentUrl\":\"https:\/\/apuntesdesanluis.com\/wp-content\/uploads\/2024\/03\/FALTA-DE-QUORUM.png\",\"width\":600,\"height\":375},{\"@type\":\"BreadcrumbList\",\"@id\":\"https:\/\/apuntesdesanluis.com\/index.php\/2024\/03\/13\/reforma-jubilatoria-se-cayo-la-sesion-porque-la-ucr-no-dio-quorum-y-ayudo-al-oficialismo\/#breadcrumb\",\"itemListElement\":[{\"@type\":\"ListItem\",\"position\":1,\"name\":\"Inicio\",\"item\":\"https:\/\/apuntesdesanluis.com\/\"},{\"@type\":\"ListItem\",\"position\":2,\"name\":\"REFORMA JUBILATORIA: SE CAY\u00d3 LA SESI\u00d3N PORQUE LA UCR NO DIO QU\u00d3RUM Y AYUD\u00d3 AL OFICIALISMO\"}]},{\"@type\":\"WebSite\",\"@id\":\"https:\/\/apuntesdesanluis.com\/#website\",\"url\":\"https:\/\/apuntesdesanluis.com\/\",\"name\":\"Apuntes de San Luis\",\"description\":\"\",\"publisher\":{\"@id\":\"https:\/\/apuntesdesanluis.com\/#\/schema\/person\/b55151d52296fcce64d1a72538a70b90\"},\"potentialAction\":[{\"@type\":\"SearchAction\",\"target\":{\"@type\":\"EntryPoint\",\"urlTemplate\":\"https:\/\/apuntesdesanluis.com\/?s={search_term_string}\"},\"query-input\":{\"@type\":\"PropertyValueSpecification\",\"valueRequired\":true,\"valueName\":\"search_term_string\"}}],\"inLanguage\":\"es-AR\"},{\"@type\":[\"Person\",\"Organization\"],\"@id\":\"https:\/\/apuntesdesanluis.com\/#\/schema\/person\/b55151d52296fcce64d1a72538a70b90\",\"name\":\"apuntesdesanluis.com\",\"image\":{\"@type\":\"ImageObject\",\"inLanguage\":\"es-AR\",\"@id\":\"https:\/\/apuntesdesanluis.com\/#\/schema\/person\/image\/\",\"url\":\"https:\/\/apuntesdesanluis.com\/wp-content\/uploads\/2023\/07\/cropped-apuntesdesanluis.png\",\"contentUrl\":\"https:\/\/apuntesdesanluis.com\/wp-content\/uploads\/2023\/07\/cropped-apuntesdesanluis.png\",\"width\":450,\"height\":112,\"caption\":\"apuntesdesanluis.com\"},\"logo\":{\"@id\":\"https:\/\/apuntesdesanluis.com\/#\/schema\/person\/image\/\"},\"sameAs\":[\"https:\/\/apuntesdesanluis.com\"],\"url\":\"https:\/\/apuntesdesanluis.com\/index.php\/author\/apuntesdesanluis-com\/\"}]}<\/script>\n<!-- \/ Yoast SEO plugin. -->","yoast_head_json":{"title":"REFORMA JUBILATORIA: SE CAY\u00d3 LA SESI\u00d3N PORQUE LA UCR NO DIO QU\u00d3RUM Y AYUD\u00d3 AL OFICIALISMO - Apuntes de San Luis","robots":{"index":"index","follow":"follow","max-snippet":"max-snippet:-1","max-image-preview":"max-image-preview:large","max-video-preview":"max-video-preview:-1"},"canonical":"https:\/\/apuntesdesanluis.com\/index.php\/2024\/03\/13\/reforma-jubilatoria-se-cayo-la-sesion-porque-la-ucr-no-dio-quorum-y-ayudo-al-oficialismo\/","og_locale":"es_ES","og_type":"article","og_title":"REFORMA JUBILATORIA: SE CAY\u00d3 LA SESI\u00d3N PORQUE LA UCR NO DIO QU\u00d3RUM Y AYUD\u00d3 AL OFICIALISMO - Apuntes de San Luis","og_description":"La sesi\u00f3n especial hab\u00eda sido pedida por Hacemos Coalici\u00f3n Federal, con el apoyo de Uni\u00f3n...","og_url":"https:\/\/apuntesdesanluis.com\/index.php\/2024\/03\/13\/reforma-jubilatoria-se-cayo-la-sesion-porque-la-ucr-no-dio-quorum-y-ayudo-al-oficialismo\/","og_site_name":"Apuntes de San Luis","article_published_time":"2024-03-13T22:59:25+00:00","og_image":[{"width":600,"height":375,"url":"https:\/\/apuntesdesanluis.com\/wp-content\/uploads\/2024\/03\/FALTA-DE-QUORUM.png","type":"image\/png"}],"author":"apuntesdesanluis.com","twitter_card":"summary_large_image","twitter_misc":{"Escrito por":"apuntesdesanluis.com","Tiempo de lectura":"3 minutos"},"schema":{"@context":"https:\/\/schema.org","@graph":[{"@type":"Article","@id":"https:\/\/apuntesdesanluis.com\/index.php\/2024\/03\/13\/reforma-jubilatoria-se-cayo-la-sesion-porque-la-ucr-no-dio-quorum-y-ayudo-al-oficialismo\/#article","isPartOf":{"@id":"https:\/\/apuntesdesanluis.com\/index.php\/2024\/03\/13\/reforma-jubilatoria-se-cayo-la-sesion-porque-la-ucr-no-dio-quorum-y-ayudo-al-oficialismo\/"},"author":{"name":"apuntesdesanluis.com","@id":"https:\/\/apuntesdesanluis.com\/#\/schema\/person\/b55151d52296fcce64d1a72538a70b90"},"headline":"REFORMA JUBILATORIA: SE CAY\u00d3 LA SESI\u00d3N PORQUE LA UCR NO DIO QU\u00d3RUM Y AYUD\u00d3 AL OFICIALISMO","datePublished":"2024-03-13T22:59:25+00:00","mainEntityOfPage":{"@id":"https:\/\/apuntesdesanluis.com\/index.php\/2024\/03\/13\/reforma-jubilatoria-se-cayo-la-sesion-porque-la-ucr-no-dio-quorum-y-ayudo-al-oficialismo\/"},"wordCount":675,"publisher":{"@id":"https:\/\/apuntesdesanluis.com\/#\/schema\/person\/b55151d52296fcce64d1a72538a70b90"},"image":{"@id":"https:\/\/apuntesdesanluis.com\/index.php\/2024\/03\/13\/reforma-jubilatoria-se-cayo-la-sesion-porque-la-ucr-no-dio-quorum-y-ayudo-al-oficialismo\/#primaryimage"},"thumbnailUrl":"https:\/\/apuntesdesanluis.com\/wp-content\/uploads\/2024\/03\/FALTA-DE-QUORUM.png","articleSection":["Nacionales\/Internacionales"],"inLanguage":"es-AR"},{"@type":"WebPage","@id":"https:\/\/apuntesdesanluis.com\/index.php\/2024\/03\/13\/reforma-jubilatoria-se-cayo-la-sesion-porque-la-ucr-no-dio-quorum-y-ayudo-al-oficialismo\/","url":"https:\/\/apuntesdesanluis.com\/index.php\/2024\/03\/13\/reforma-jubilatoria-se-cayo-la-sesion-porque-la-ucr-no-dio-quorum-y-ayudo-al-oficialismo\/","name":"REFORMA JUBILATORIA: SE CAY\u00d3 LA SESI\u00d3N PORQUE LA UCR NO DIO QU\u00d3RUM Y AYUD\u00d3 AL OFICIALISMO - Apuntes de San Luis","isPartOf":{"@id":"https:\/\/apuntesdesanluis.com\/#website"},"primaryImageOfPage":{"@id":"https:\/\/apuntesdesanluis.com\/index.php\/2024\/03\/13\/reforma-jubilatoria-se-cayo-la-sesion-porque-la-ucr-no-dio-quorum-y-ayudo-al-oficialismo\/#primaryimage"},"image":{"@id":"https:\/\/apuntesdesanluis.com\/index.php\/2024\/03\/13\/reforma-jubilatoria-se-cayo-la-sesion-porque-la-ucr-no-dio-quorum-y-ayudo-al-oficialismo\/#primaryimage"},"thumbnailUrl":"https:\/\/apuntesdesanluis.com\/wp-content\/uploads\/2024\/03\/FALTA-DE-QUORUM.png","datePublished":"2024-03-13T22:59:25+00:00","breadcrumb":{"@id":"https:\/\/apuntesdesanluis.com\/index.php\/2024\/03\/13\/reforma-jubilatoria-se-cayo-la-sesion-porque-la-ucr-no-dio-quorum-y-ayudo-al-oficialismo\/#breadcrumb"},"inLanguage":"es-AR","potentialAction":[{"@type":"ReadAction","target":["https:\/\/apuntesdesanluis.com\/index.php\/2024\/03\/13\/reforma-jubilatoria-se-cayo-la-sesion-porque-la-ucr-no-dio-quorum-y-ayudo-al-oficialismo\/"]}]},{"@type":"ImageObject","inLanguage":"es-AR","@id":"https:\/\/apuntesdesanluis.com\/index.php\/2024\/03\/13\/reforma-jubilatoria-se-cayo-la-sesion-porque-la-ucr-no-dio-quorum-y-ayudo-al-oficialismo\/#primaryimage","url":"https:\/\/apuntesdesanluis.com\/wp-content\/uploads\/2024\/03\/FALTA-DE-QUORUM.png","contentUrl":"https:\/\/apuntesdesanluis.com\/wp-content\/uploads\/2024\/03\/FALTA-DE-QUORUM.png","width":600,"height":375},{"@type":"BreadcrumbList","@id":"https:\/\/apuntesdesanluis.com\/index.php\/2024\/03\/13\/reforma-jubilatoria-se-cayo-la-sesion-porque-la-ucr-no-dio-quorum-y-ayudo-al-oficialismo\/#breadcrumb","itemListElement":[{"@type":"ListItem","position":1,"name":"Inicio","item":"https:\/\/apuntesdesanluis.com\/"},{"@type":"ListItem","position":2,"name":"REFORMA JUBILATORIA: SE CAY\u00d3 LA SESI\u00d3N PORQUE LA UCR NO DIO QU\u00d3RUM Y AYUD\u00d3 AL OFICIALISMO"}]},{"@type":"WebSite","@id":"https:\/\/apuntesdesanluis.com\/#website","url":"https:\/\/apuntesdesanluis.com\/","name":"Apuntes de San Luis","description":"","publisher":{"@id":"https:\/\/apuntesdesanluis.com\/#\/schema\/person\/b55151d52296fcce64d1a72538a70b90"},"potentialAction":[{"@type":"SearchAction","target":{"@type":"EntryPoint","urlTemplate":"https:\/\/apuntesdesanluis.com\/?s={search_term_string}"},"query-input":{"@type":"PropertyValueSpecification","valueRequired":true,"valueName":"search_term_string"}}],"inLanguage":"es-AR"},{"@type":["Person","Organization"],"@id":"https:\/\/apuntesdesanluis.com\/#\/schema\/person\/b55151d52296fcce64d1a72538a70b90","name":"apuntesdesanluis.com","image":{"@type":"ImageObject","inLanguage":"es-AR","@id":"https:\/\/apuntesdesanluis.com\/#\/schema\/person\/image\/","url":"https:\/\/apuntesdesanluis.com\/wp-content\/uploads\/2023\/07\/cropped-apuntesdesanluis.png","contentUrl":"https:\/\/apuntesdesanluis.com\/wp-content\/uploads\/2023\/07\/cropped-apuntesdesanluis.png","width":450,"height":112,"caption":"apuntesdesanluis.com"},"logo":{"@id":"https:\/\/apuntesdesanluis.com\/#\/schema\/person\/image\/"},"sameAs":["https:\/\/apuntesdesanluis.com"],"url":"https:\/\/apuntesdesanluis.com\/index.php\/author\/apuntesdesanluis-com\/"}]}},"featured_image_urls":{"full":["https:\/\/apuntesdesanluis.com\/wp-content\/uploads\/2024\/03\/FALTA-DE-QUORUM.png",600,375,false],"thumbnail":["https:\/\/apuntesdesanluis.com\/wp-content\/uploads\/2024\/03\/FALTA-DE-QUORUM-150x150.png",150,150,true],"medium":["https:\/\/apuntesdesanluis.com\/wp-content\/uploads\/2024\/03\/FALTA-DE-QUORUM-300x188.png",300,188,true],"medium_large":["https:\/\/apuntesdesanluis.com\/wp-content\/uploads\/2024\/03\/FALTA-DE-QUORUM.png",600,375,false],"large":["https:\/\/apuntesdesanluis.com\/wp-content\/uploads\/2024\/03\/FALTA-DE-QUORUM.png",600,375,false],"1536x1536":["https:\/\/apuntesdesanluis.com\/wp-content\/uploads\/2024\/03\/FALTA-DE-QUORUM.png",600,375,false],"2048x2048":["https:\/\/apuntesdesanluis.com\/wp-content\/uploads\/2024\/03\/FALTA-DE-QUORUM.png",600,375,false],"newsever-slider-full":["https:\/\/apuntesdesanluis.com\/wp-content\/uploads\/2024\/03\/FALTA-DE-QUORUM.png",600,375,false],"newsever-featured":["https:\/\/apuntesdesanluis.com\/wp-content\/uploads\/2024\/03\/FALTA-DE-QUORUM.png",600,375,false],"newsever-medium":["https:\/\/apuntesdesanluis.com\/wp-content\/uploads\/2024\/03\/FALTA-DE-QUORUM.png",600,375,false]},"author_info":{"display_name":"apuntesdesanluis.com","author_link":"https:\/\/apuntesdesanluis.com\/index.php\/author\/apuntesdesanluis-com\/"},"category_info":"<a href=\"https:\/\/apuntesdesanluis.com\/index.php\/category\/nacionales-internacionales\/\" rel=\"category tag\">Nacionales\/Internacionales<\/a>","tag_info":"Nacionales\/Internacionales","comment_count":"0","_links":{"self":[{"href":"https:\/\/apuntesdesanluis.com\/index.php\/wp-json\/wp\/v2\/posts\/13116","targetHints":{"allow":["GET"]}}],"collection":[{"href":"https:\/\/apuntesdesanluis.com\/index.php\/wp-json\/wp\/v2\/posts"}],"about":[{"href":"https:\/\/apuntesdesanluis.com\/index.php\/wp-json\/wp\/v2\/types\/post"}],"author":[{"embeddable":true,"href":"https:\/\/apuntesdesanluis.com\/index.php\/wp-json\/wp\/v2\/users\/1"}],"replies":[{"embeddable":true,"href":"https:\/\/apuntesdesanluis.com\/index.php\/wp-json\/wp\/v2\/comments?post=13116"}],"version-history":[{"count":1,"href":"https:\/\/apuntesdesanluis.com\/index.php\/wp-json\/wp\/v2\/posts\/13116\/revisions"}],"predecessor-version":[{"id":13118,"href":"https:\/\/apuntesdesanluis.com\/index.php\/wp-json\/wp\/v2\/posts\/13116\/revisions\/13118"}],"wp:featuredmedia":[{"embeddable":true,"href":"https:\/\/apuntesdesanluis.com\/index.php\/wp-json\/wp\/v2\/media\/13117"}],"wp:attachment":[{"href":"https:\/\/apuntesdesanluis.com\/index.php\/wp-json\/wp\/v2\/media?parent=13116"}],"wp:term":[{"taxonomy":"category","embeddable":true,"href":"https:\/\/apuntesdesanluis.com\/index.php\/wp-json\/wp\/v2\/categories?post=13116"},{"taxonomy":"post_tag","embeddable":true,"href":"https:\/\/apuntesdesanluis.com\/index.php\/wp-json\/wp\/v2\/tags?post=13116"}],"curies":[{"name":"wp","href":"https:\/\/api.w.org\/{rel}","templated":true}]}}