{"id":13119,"date":"2024-03-13T20:05:09","date_gmt":"2024-03-13T23:05:09","guid":{"rendered":"https:\/\/apuntesdesanluis.com\/?p=13119"},"modified":"2024-03-13T20:05:09","modified_gmt":"2024-03-13T23:05:09","slug":"en-abril-se-hara-el-juicio-por-el-homicidio-de-diego-gatica","status":"publish","type":"post","link":"https:\/\/apuntesdesanluis.com\/index.php\/2024\/03\/13\/en-abril-se-hara-el-juicio-por-el-homicidio-de-diego-gatica\/","title":{"rendered":"EN ABRIL SE HAR\u00c1 EL JUICIO POR EL HOMICIDIO DE DIEGO GATICA"},"content":{"rendered":"<h3>La Direcci\u00f3n del Colegio de Jueces de la ciudad de San Luis fij\u00f3 para fines de abril las audiencias del debate oral y p\u00fablico por el homicidio del agente de polic\u00eda <strong>Diego Gatica<\/strong>. Ser\u00e1n cinco jornadas del 22 al 26 de abril de 2024, que comenzar\u00e1n a las 8:30 horas y se desarrollar\u00e1n en la Sala Oral del segundo piso de Tribunales.<\/h3>\n<h3>El tribunal a cargo del juicio estar\u00e1 presidido por Jos\u00e9 Luis Flores y como jueces vocales actuar\u00e1n Adriana Lucero Alfonso y Ariel Gustavo Parrillis. En tanto, el Ministerio P\u00fablico Fiscal estar\u00e1 representado por la Fiscal\u00eda de Juicio N\u00b0 1, a cargo de Virginia Palacios Gonella.<\/h3>\n<h3>Hay tres imputados en la causa: Alexis Cuello Mor\u00e1n, Maycol Bustos, Lautaro Cruz, acusados de homicidio en ocasi\u00f3n de robo y enfrentan pedidos de pena por parte de la Fiscal\u00eda de Instrucci\u00f3n que van de los 25 a los 5 a\u00f1os de prisi\u00f3n.<\/h3>\n<h3>\u201cEste Ministerio P\u00fablico tiene por acreditada la materialidad del hecho y la responsabilidad de los imputados\u201d, dijo la fiscal N\u00b0 4 Mar\u00eda del Valle Dur\u00e1n, a cargo de la investigaci\u00f3n penal preparatoria. Por todo esto, para el primer imputado, Lautaro Mauricio Cruz, la fiscal solicit\u00f3 25 a\u00f1os de prisi\u00f3n por el delito de homicidio en ocasi\u00f3n de robo agravado por la participaci\u00f3n de menores.<\/h3>\n<h3>Con respecto a Maycol Lautaro Bustos y Alexis Uriel Cuello, la fiscal\u00eda los acus\u00f3 de part\u00edcipes secundarios del delito de homicidio en ocasi\u00f3n de robo y pidi\u00f3 5 a\u00f1os de prisi\u00f3n para el primero y 8 a\u00f1os para el segundo.<\/h3>\n<h3>A los otros tres j\u00f3venes implicados, Enzo y Esteban Colombo y Omar Ortiz, se les dict\u00f3 la suspensi\u00f3n de juicio a prueba y no ir\u00e1n a debate oral, pero deben cumplir con tareas comunitarias, realizar un resarcimiento econ\u00f3mico y cumplir reglas de conductas. Enfrentaban pedidos de pena que iban de los 2 a\u00f1os a los 10 meses por desobediencia a la autoridad, encubrimiento agravado y encubrimiento agravado con \u00e1nimo de lucro, delitos susceptibles de pena de ejecuci\u00f3n en suspenso.<\/h3>\n<h3>EL HOMICIDIO<\/h3>\n<h3>El hecho que se investiga ocurri\u00f3 el 5 de septiembre de 2022, alrededor de las 19:30 horas. Ese d\u00eda, Gatica circulaba en su bicicleta por la avenida Eva Per\u00f3n a la altura del barrio Tibiletti, cuando fue sorprendido por un grupo de j\u00f3venes, entre los que se encontraban menores de edad, quienes lo interceptaron, le pegaron en la cabeza con una piedra, lo tiraron al piso y le sustrajeron la bici blanca marca Venzo y sus zapatillas.<\/h3>\n<h3>Durante la audiencia de control de acusaci\u00f3n, la fiscal\u00eda narr\u00f3 que las personas que estaban en ese grupo eran<strong> T.L., M.A. y M.B.<\/strong> (los tres menores de edad), junto a <strong>Alexis Mor\u00e1n, Maycol Bustos y Lautaro Cruz<\/strong>.<\/h3>\n<h3>\u201cTenemos por probado que M.B. ten\u00eda una bicicleta que quer\u00eda vender. T.L. lo pone en contacto con Cruz, por lo que coordinan juntarse a las 18 horas del 5 de septiembre en la salida trasera del supermercado que ahora se llama Chango M\u00e1s. M.B. llega al lugar acompa\u00f1ado de su primo. Tambi\u00e9n estaban los adolescentes T.L. y Cuello Mor\u00e1n. Todo el grupo, seg\u00fan se constata en las c\u00e1maras de seguridad del lugar, se va caminando hasta el Puente Virgen de Luj\u00e1n\u201d, dijo la fiscal.<\/h3>\n<h3>Dur\u00e1n dijo que all\u00ed comienzan a planear robos a los ciclistas que pasaban por el lugar. \u201cCuando advierten que viene un ciclista, en este caso era Diego Gatica, uno de los j\u00f3venes, Lautaro Cruz, toma la bicicleta que hab\u00edan llevado y hace un adem\u00e1n de tir\u00e1rsela a la v\u00edctima con el objetivo de desestabilizar su circulaci\u00f3n. Luego, T.L. lanza una patada que Gatica logra esquivar y es finalmente M.A. quien le arroja una piedra a la cabeza de Gatica. Este impacto fractura su cr\u00e1neo y cae inconsciente al asfalto\u201d.<\/h3>\n<h3>De acuerdo al relato de la fiscal, Cruz abandona el lugar, dos de los menores roban la bicicleta y las zapatillas y se van al Barrio Tibilleti, donde esconden el rodado en la iglesia del barrio. M.B. y Mor\u00e1n los ayudan y luego corren a esconderse a sus domicilios. \u201cUno de los imputados, Ortiz, vecino del barrio Tibilletti, observa la situaci\u00f3n y toma la bicicleta escondida en la iglesia con el objetivo de venderla. Pasa por la casa de Enzo Colombo y se la vende a $5000. Cuando llega la polic\u00eda a esa vivienda se encontraba Esteban Colombo, quien al verlos se da a la fuga, desobedeciendo la voz de alto\u201d, sostuvo la fiscal.<\/h3>\n<h3>Seis d\u00edas despu\u00e9s, a causa de una falla multiorg\u00e1nica, Gatica fallece en el Hospital Ram\u00f3n Carrillo. Ten\u00eda 30 a\u00f1os y prestaba servicio en la Divisi\u00f3n de Respuesta Inmediata Motorizada (DRIM). El d\u00eda del ataque estaba de franco.<\/h3>\n<p>&nbsp;<\/p>\n<p>&nbsp;<\/p>\n<p>&nbsp;<\/p>\n<p>&nbsp;<\/p>\n<p>&nbsp;<\/p>\n<p>&nbsp;<\/p>\n","protected":false},"excerpt":{"rendered":"<p>La Direcci\u00f3n del Colegio de Jueces de la ciudad de San Luis fij\u00f3 para fines&#8230;<\/p>\n","protected":false},"author":1,"featured_media":522,"comment_status":"closed","ping_status":"closed","sticky":false,"template":"","format":"standard","meta":{"footnotes":""},"categories":[6],"tags":[],"class_list":["post-13119","post","type-post","status-publish","format-standard","has-post-thumbnail","hentry","category-ciudad-provincia"],"yoast_head":"<!-- This site is optimized with the Yoast SEO plugin v26.1.1 - https:\/\/yoast.com\/wordpress\/plugins\/seo\/ -->\n<title>EN ABRIL SE HAR\u00c1 EL JUICIO POR EL HOMICIDIO DE DIEGO GATICA - Apuntes de San Luis<\/title>\n<meta name=\"robots\" content=\"index, follow, max-snippet:-1, max-image-preview:large, max-video-preview:-1\" \/>\n<link rel=\"canonical\" href=\"https:\/\/apuntesdesanluis.com\/index.php\/2024\/03\/13\/en-abril-se-hara-el-juicio-por-el-homicidio-de-diego-gatica\/\" \/>\n<meta property=\"og:locale\" content=\"es_ES\" \/>\n<meta property=\"og:type\" content=\"article\" \/>\n<meta property=\"og:title\" content=\"EN ABRIL SE HAR\u00c1 EL JUICIO POR EL HOMICIDIO DE DIEGO GATICA - Apuntes de San Luis\" \/>\n<meta property=\"og:description\" content=\"La Direcci\u00f3n del Colegio de Jueces de la ciudad de San Luis fij\u00f3 para fines...\" \/>\n<meta property=\"og:url\" content=\"https:\/\/apuntesdesanluis.com\/index.php\/2024\/03\/13\/en-abril-se-hara-el-juicio-por-el-homicidio-de-diego-gatica\/\" \/>\n<meta property=\"og:site_name\" content=\"Apuntes de San Luis\" \/>\n<meta property=\"article:published_time\" content=\"2024-03-13T23:05:09+00:00\" \/>\n<meta property=\"og:image\" content=\"https:\/\/apuntesdesanluis.com\/wp-content\/uploads\/2023\/07\/diego-gatica.png\" \/>\n\t<meta property=\"og:image:width\" content=\"579\" \/>\n\t<meta property=\"og:image:height\" content=\"315\" \/>\n\t<meta property=\"og:image:type\" content=\"image\/png\" \/>\n<meta name=\"author\" content=\"apuntesdesanluis.com\" \/>\n<meta name=\"twitter:card\" content=\"summary_large_image\" \/>\n<meta name=\"twitter:label1\" content=\"Escrito por\" \/>\n\t<meta name=\"twitter:data1\" content=\"apuntesdesanluis.com\" \/>\n\t<meta name=\"twitter:label2\" content=\"Tiempo de lectura\" \/>\n\t<meta name=\"twitter:data2\" content=\"4 minutos\" \/>\n<script type=\"application\/ld+json\" class=\"yoast-schema-graph\">{\"@context\":\"https:\/\/schema.org\",\"@graph\":[{\"@type\":\"Article\",\"@id\":\"https:\/\/apuntesdesanluis.com\/index.php\/2024\/03\/13\/en-abril-se-hara-el-juicio-por-el-homicidio-de-diego-gatica\/#article\",\"isPartOf\":{\"@id\":\"https:\/\/apuntesdesanluis.com\/index.php\/2024\/03\/13\/en-abril-se-hara-el-juicio-por-el-homicidio-de-diego-gatica\/\"},\"author\":{\"name\":\"apuntesdesanluis.com\",\"@id\":\"https:\/\/apuntesdesanluis.com\/#\/schema\/person\/b55151d52296fcce64d1a72538a70b90\"},\"headline\":\"EN ABRIL SE HAR\u00c1 EL JUICIO POR EL HOMICIDIO DE DIEGO GATICA\",\"datePublished\":\"2024-03-13T23:05:09+00:00\",\"mainEntityOfPage\":{\"@id\":\"https:\/\/apuntesdesanluis.com\/index.php\/2024\/03\/13\/en-abril-se-hara-el-juicio-por-el-homicidio-de-diego-gatica\/\"},\"wordCount\":850,\"publisher\":{\"@id\":\"https:\/\/apuntesdesanluis.com\/#\/schema\/person\/b55151d52296fcce64d1a72538a70b90\"},\"image\":{\"@id\":\"https:\/\/apuntesdesanluis.com\/index.php\/2024\/03\/13\/en-abril-se-hara-el-juicio-por-el-homicidio-de-diego-gatica\/#primaryimage\"},\"thumbnailUrl\":\"https:\/\/apuntesdesanluis.com\/wp-content\/uploads\/2023\/07\/diego-gatica.png\",\"articleSection\":[\"Ciudad\/Provincia\"],\"inLanguage\":\"es-AR\"},{\"@type\":\"WebPage\",\"@id\":\"https:\/\/apuntesdesanluis.com\/index.php\/2024\/03\/13\/en-abril-se-hara-el-juicio-por-el-homicidio-de-diego-gatica\/\",\"url\":\"https:\/\/apuntesdesanluis.com\/index.php\/2024\/03\/13\/en-abril-se-hara-el-juicio-por-el-homicidio-de-diego-gatica\/\",\"name\":\"EN ABRIL SE HAR\u00c1 EL JUICIO POR EL HOMICIDIO DE DIEGO GATICA - Apuntes de San Luis\",\"isPartOf\":{\"@id\":\"https:\/\/apuntesdesanluis.com\/#website\"},\"primaryImageOfPage\":{\"@id\":\"https:\/\/apuntesdesanluis.com\/index.php\/2024\/03\/13\/en-abril-se-hara-el-juicio-por-el-homicidio-de-diego-gatica\/#primaryimage\"},\"image\":{\"@id\":\"https:\/\/apuntesdesanluis.com\/index.php\/2024\/03\/13\/en-abril-se-hara-el-juicio-por-el-homicidio-de-diego-gatica\/#primaryimage\"},\"thumbnailUrl\":\"https:\/\/apuntesdesanluis.com\/wp-content\/uploads\/2023\/07\/diego-gatica.png\",\"datePublished\":\"2024-03-13T23:05:09+00:00\",\"breadcrumb\":{\"@id\":\"https:\/\/apuntesdesanluis.com\/index.php\/2024\/03\/13\/en-abril-se-hara-el-juicio-por-el-homicidio-de-diego-gatica\/#breadcrumb\"},\"inLanguage\":\"es-AR\",\"potentialAction\":[{\"@type\":\"ReadAction\",\"target\":[\"https:\/\/apuntesdesanluis.com\/index.php\/2024\/03\/13\/en-abril-se-hara-el-juicio-por-el-homicidio-de-diego-gatica\/\"]}]},{\"@type\":\"ImageObject\",\"inLanguage\":\"es-AR\",\"@id\":\"https:\/\/apuntesdesanluis.com\/index.php\/2024\/03\/13\/en-abril-se-hara-el-juicio-por-el-homicidio-de-diego-gatica\/#primaryimage\",\"url\":\"https:\/\/apuntesdesanluis.com\/wp-content\/uploads\/2023\/07\/diego-gatica.png\",\"contentUrl\":\"https:\/\/apuntesdesanluis.com\/wp-content\/uploads\/2023\/07\/diego-gatica.png\",\"width\":579,\"height\":315},{\"@type\":\"BreadcrumbList\",\"@id\":\"https:\/\/apuntesdesanluis.com\/index.php\/2024\/03\/13\/en-abril-se-hara-el-juicio-por-el-homicidio-de-diego-gatica\/#breadcrumb\",\"itemListElement\":[{\"@type\":\"ListItem\",\"position\":1,\"name\":\"Inicio\",\"item\":\"https:\/\/apuntesdesanluis.com\/\"},{\"@type\":\"ListItem\",\"position\":2,\"name\":\"EN ABRIL SE HAR\u00c1 EL JUICIO POR EL HOMICIDIO DE DIEGO GATICA\"}]},{\"@type\":\"WebSite\",\"@id\":\"https:\/\/apuntesdesanluis.com\/#website\",\"url\":\"https:\/\/apuntesdesanluis.com\/\",\"name\":\"Apuntes de San Luis\",\"description\":\"\",\"publisher\":{\"@id\":\"https:\/\/apuntesdesanluis.com\/#\/schema\/person\/b55151d52296fcce64d1a72538a70b90\"},\"potentialAction\":[{\"@type\":\"SearchAction\",\"target\":{\"@type\":\"EntryPoint\",\"urlTemplate\":\"https:\/\/apuntesdesanluis.com\/?s={search_term_string}\"},\"query-input\":{\"@type\":\"PropertyValueSpecification\",\"valueRequired\":true,\"valueName\":\"search_term_string\"}}],\"inLanguage\":\"es-AR\"},{\"@type\":[\"Person\",\"Organization\"],\"@id\":\"https:\/\/apuntesdesanluis.com\/#\/schema\/person\/b55151d52296fcce64d1a72538a70b90\",\"name\":\"apuntesdesanluis.com\",\"image\":{\"@type\":\"ImageObject\",\"inLanguage\":\"es-AR\",\"@id\":\"https:\/\/apuntesdesanluis.com\/#\/schema\/person\/image\/\",\"url\":\"https:\/\/apuntesdesanluis.com\/wp-content\/uploads\/2023\/07\/cropped-apuntesdesanluis.png\",\"contentUrl\":\"https:\/\/apuntesdesanluis.com\/wp-content\/uploads\/2023\/07\/cropped-apuntesdesanluis.png\",\"width\":450,\"height\":112,\"caption\":\"apuntesdesanluis.com\"},\"logo\":{\"@id\":\"https:\/\/apuntesdesanluis.com\/#\/schema\/person\/image\/\"},\"sameAs\":[\"https:\/\/apuntesdesanluis.com\"],\"url\":\"https:\/\/apuntesdesanluis.com\/index.php\/author\/apuntesdesanluis-com\/\"}]}<\/script>\n<!-- \/ Yoast SEO plugin. -->","yoast_head_json":{"title":"EN ABRIL SE HAR\u00c1 EL JUICIO POR EL HOMICIDIO DE DIEGO GATICA - Apuntes de San Luis","robots":{"index":"index","follow":"follow","max-snippet":"max-snippet:-1","max-image-preview":"max-image-preview:large","max-video-preview":"max-video-preview:-1"},"canonical":"https:\/\/apuntesdesanluis.com\/index.php\/2024\/03\/13\/en-abril-se-hara-el-juicio-por-el-homicidio-de-diego-gatica\/","og_locale":"es_ES","og_type":"article","og_title":"EN ABRIL SE HAR\u00c1 EL JUICIO POR EL HOMICIDIO DE DIEGO GATICA - Apuntes de San Luis","og_description":"La Direcci\u00f3n del Colegio de Jueces de la ciudad de San Luis fij\u00f3 para fines...","og_url":"https:\/\/apuntesdesanluis.com\/index.php\/2024\/03\/13\/en-abril-se-hara-el-juicio-por-el-homicidio-de-diego-gatica\/","og_site_name":"Apuntes de San Luis","article_published_time":"2024-03-13T23:05:09+00:00","og_image":[{"width":579,"height":315,"url":"https:\/\/apuntesdesanluis.com\/wp-content\/uploads\/2023\/07\/diego-gatica.png","type":"image\/png"}],"author":"apuntesdesanluis.com","twitter_card":"summary_large_image","twitter_misc":{"Escrito por":"apuntesdesanluis.com","Tiempo de lectura":"4 minutos"},"schema":{"@context":"https:\/\/schema.org","@graph":[{"@type":"Article","@id":"https:\/\/apuntesdesanluis.com\/index.php\/2024\/03\/13\/en-abril-se-hara-el-juicio-por-el-homicidio-de-diego-gatica\/#article","isPartOf":{"@id":"https:\/\/apuntesdesanluis.com\/index.php\/2024\/03\/13\/en-abril-se-hara-el-juicio-por-el-homicidio-de-diego-gatica\/"},"author":{"name":"apuntesdesanluis.com","@id":"https:\/\/apuntesdesanluis.com\/#\/schema\/person\/b55151d52296fcce64d1a72538a70b90"},"headline":"EN ABRIL SE HAR\u00c1 EL JUICIO POR EL HOMICIDIO DE DIEGO GATICA","datePublished":"2024-03-13T23:05:09+00:00","mainEntityOfPage":{"@id":"https:\/\/apuntesdesanluis.com\/index.php\/2024\/03\/13\/en-abril-se-hara-el-juicio-por-el-homicidio-de-diego-gatica\/"},"wordCount":850,"publisher":{"@id":"https:\/\/apuntesdesanluis.com\/#\/schema\/person\/b55151d52296fcce64d1a72538a70b90"},"image":{"@id":"https:\/\/apuntesdesanluis.com\/index.php\/2024\/03\/13\/en-abril-se-hara-el-juicio-por-el-homicidio-de-diego-gatica\/#primaryimage"},"thumbnailUrl":"https:\/\/apuntesdesanluis.com\/wp-content\/uploads\/2023\/07\/diego-gatica.png","articleSection":["Ciudad\/Provincia"],"inLanguage":"es-AR"},{"@type":"WebPage","@id":"https:\/\/apuntesdesanluis.com\/index.php\/2024\/03\/13\/en-abril-se-hara-el-juicio-por-el-homicidio-de-diego-gatica\/","url":"https:\/\/apuntesdesanluis.com\/index.php\/2024\/03\/13\/en-abril-se-hara-el-juicio-por-el-homicidio-de-diego-gatica\/","name":"EN ABRIL SE HAR\u00c1 EL JUICIO POR EL HOMICIDIO DE DIEGO GATICA - Apuntes de San Luis","isPartOf":{"@id":"https:\/\/apuntesdesanluis.com\/#website"},"primaryImageOfPage":{"@id":"https:\/\/apuntesdesanluis.com\/index.php\/2024\/03\/13\/en-abril-se-hara-el-juicio-por-el-homicidio-de-diego-gatica\/#primaryimage"},"image":{"@id":"https:\/\/apuntesdesanluis.com\/index.php\/2024\/03\/13\/en-abril-se-hara-el-juicio-por-el-homicidio-de-diego-gatica\/#primaryimage"},"thumbnailUrl":"https:\/\/apuntesdesanluis.com\/wp-content\/uploads\/2023\/07\/diego-gatica.png","datePublished":"2024-03-13T23:05:09+00:00","breadcrumb":{"@id":"https:\/\/apuntesdesanluis.com\/index.php\/2024\/03\/13\/en-abril-se-hara-el-juicio-por-el-homicidio-de-diego-gatica\/#breadcrumb"},"inLanguage":"es-AR","potentialAction":[{"@type":"ReadAction","target":["https:\/\/apuntesdesanluis.com\/index.php\/2024\/03\/13\/en-abril-se-hara-el-juicio-por-el-homicidio-de-diego-gatica\/"]}]},{"@type":"ImageObject","inLanguage":"es-AR","@id":"https:\/\/apuntesdesanluis.com\/index.php\/2024\/03\/13\/en-abril-se-hara-el-juicio-por-el-homicidio-de-diego-gatica\/#primaryimage","url":"https:\/\/apuntesdesanluis.com\/wp-content\/uploads\/2023\/07\/diego-gatica.png","contentUrl":"https:\/\/apuntesdesanluis.com\/wp-content\/uploads\/2023\/07\/diego-gatica.png","width":579,"height":315},{"@type":"BreadcrumbList","@id":"https:\/\/apuntesdesanluis.com\/index.php\/2024\/03\/13\/en-abril-se-hara-el-juicio-por-el-homicidio-de-diego-gatica\/#breadcrumb","itemListElement":[{"@type":"ListItem","position":1,"name":"Inicio","item":"https:\/\/apuntesdesanluis.com\/"},{"@type":"ListItem","position":2,"name":"EN ABRIL SE HAR\u00c1 EL JUICIO POR EL HOMICIDIO DE DIEGO GATICA"}]},{"@type":"WebSite","@id":"https:\/\/apuntesdesanluis.com\/#website","url":"https:\/\/apuntesdesanluis.com\/","name":"Apuntes de San Luis","description":"","publisher":{"@id":"https:\/\/apuntesdesanluis.com\/#\/schema\/person\/b55151d52296fcce64d1a72538a70b90"},"potentialAction":[{"@type":"SearchAction","target":{"@type":"EntryPoint","urlTemplate":"https:\/\/apuntesdesanluis.com\/?s={search_term_string}"},"query-input":{"@type":"PropertyValueSpecification","valueRequired":true,"valueName":"search_term_string"}}],"inLanguage":"es-AR"},{"@type":["Person","Organization"],"@id":"https:\/\/apuntesdesanluis.com\/#\/schema\/person\/b55151d52296fcce64d1a72538a70b90","name":"apuntesdesanluis.com","image":{"@type":"ImageObject","inLanguage":"es-AR","@id":"https:\/\/apuntesdesanluis.com\/#\/schema\/person\/image\/","url":"https:\/\/apuntesdesanluis.com\/wp-content\/uploads\/2023\/07\/cropped-apuntesdesanluis.png","contentUrl":"https:\/\/apuntesdesanluis.com\/wp-content\/uploads\/2023\/07\/cropped-apuntesdesanluis.png","width":450,"height":112,"caption":"apuntesdesanluis.com"},"logo":{"@id":"https:\/\/apuntesdesanluis.com\/#\/schema\/person\/image\/"},"sameAs":["https:\/\/apuntesdesanluis.com"],"url":"https:\/\/apuntesdesanluis.com\/index.php\/author\/apuntesdesanluis-com\/"}]}},"featured_image_urls":{"full":["https:\/\/apuntesdesanluis.com\/wp-content\/uploads\/2023\/07\/diego-gatica.png",579,315,false],"thumbnail":["https:\/\/apuntesdesanluis.com\/wp-content\/uploads\/2023\/07\/diego-gatica-150x150.png",150,150,true],"medium":["https:\/\/apuntesdesanluis.com\/wp-content\/uploads\/2023\/07\/diego-gatica-300x163.png",300,163,true],"medium_large":["https:\/\/apuntesdesanluis.com\/wp-content\/uploads\/2023\/07\/diego-gatica.png",579,315,false],"large":["https:\/\/apuntesdesanluis.com\/wp-content\/uploads\/2023\/07\/diego-gatica.png",579,315,false],"1536x1536":["https:\/\/apuntesdesanluis.com\/wp-content\/uploads\/2023\/07\/diego-gatica.png",579,315,false],"2048x2048":["https:\/\/apuntesdesanluis.com\/wp-content\/uploads\/2023\/07\/diego-gatica.png",579,315,false],"newsever-slider-full":["https:\/\/apuntesdesanluis.com\/wp-content\/uploads\/2023\/07\/diego-gatica.png",579,315,false],"newsever-featured":["https:\/\/apuntesdesanluis.com\/wp-content\/uploads\/2023\/07\/diego-gatica.png",579,315,false],"newsever-medium":["https:\/\/apuntesdesanluis.com\/wp-content\/uploads\/2023\/07\/diego-gatica.png",579,315,false]},"author_info":{"display_name":"apuntesdesanluis.com","author_link":"https:\/\/apuntesdesanluis.com\/index.php\/author\/apuntesdesanluis-com\/"},"category_info":"<a href=\"https:\/\/apuntesdesanluis.com\/index.php\/category\/ciudad-provincia\/\" rel=\"category tag\">Ciudad\/Provincia<\/a>","tag_info":"Ciudad\/Provincia","comment_count":"0","_links":{"self":[{"href":"https:\/\/apuntesdesanluis.com\/index.php\/wp-json\/wp\/v2\/posts\/13119","targetHints":{"allow":["GET"]}}],"collection":[{"href":"https:\/\/apuntesdesanluis.com\/index.php\/wp-json\/wp\/v2\/posts"}],"about":[{"href":"https:\/\/apuntesdesanluis.com\/index.php\/wp-json\/wp\/v2\/types\/post"}],"author":[{"embeddable":true,"href":"https:\/\/apuntesdesanluis.com\/index.php\/wp-json\/wp\/v2\/users\/1"}],"replies":[{"embeddable":true,"href":"https:\/\/apuntesdesanluis.com\/index.php\/wp-json\/wp\/v2\/comments?post=13119"}],"version-history":[{"count":1,"href":"https:\/\/apuntesdesanluis.com\/index.php\/wp-json\/wp\/v2\/posts\/13119\/revisions"}],"predecessor-version":[{"id":13120,"href":"https:\/\/apuntesdesanluis.com\/index.php\/wp-json\/wp\/v2\/posts\/13119\/revisions\/13120"}],"wp:featuredmedia":[{"embeddable":true,"href":"https:\/\/apuntesdesanluis.com\/index.php\/wp-json\/wp\/v2\/media\/522"}],"wp:attachment":[{"href":"https:\/\/apuntesdesanluis.com\/index.php\/wp-json\/wp\/v2\/media?parent=13119"}],"wp:term":[{"taxonomy":"category","embeddable":true,"href":"https:\/\/apuntesdesanluis.com\/index.php\/wp-json\/wp\/v2\/categories?post=13119"},{"taxonomy":"post_tag","embeddable":true,"href":"https:\/\/apuntesdesanluis.com\/index.php\/wp-json\/wp\/v2\/tags?post=13119"}],"curies":[{"name":"wp","href":"https:\/\/api.w.org\/{rel}","templated":true}]}}