{"id":13121,"date":"2024-03-13T20:29:50","date_gmt":"2024-03-13T23:29:50","guid":{"rendered":"https:\/\/apuntesdesanluis.com\/?p=13121"},"modified":"2024-03-13T20:29:50","modified_gmt":"2024-03-13T23:29:50","slug":"docentes-y-no-docentes-universitarios-paran-este-jueves-con-apoyo-de-la-cgt-y-las-dos-cta","status":"publish","type":"post","link":"https:\/\/apuntesdesanluis.com\/index.php\/2024\/03\/13\/docentes-y-no-docentes-universitarios-paran-este-jueves-con-apoyo-de-la-cgt-y-las-dos-cta\/","title":{"rendered":"DOCENTES Y NO DOCENTES UNIVERSITARIOS PARAN ESTE JUEVES, CON APOYO DE LA CGT Y LAS DOS CTA"},"content":{"rendered":"<h3>Todas las federaciones de la docencia universitaria y la Fatun (no docentes) realizar\u00e1n este jueves un paro nacional de 24 horas por &#8220;una recomposici\u00f3n salarial urgente y en defensa de la universidad estatal, p\u00fablica, gratuita y laica&#8221;.<\/h3>\n<h3>Los referentes del sector confirmaron la medida este mi\u00e9rcoles en una conferencia de prensa en la sede de la CGT de la calle Azopardo, donde estuvieron respaldando la medida de fuerza del sector los cosecretarios generales H\u00e9ctor Daer y Pablo Moyano, y los titulares de la CTA de los Trabajadores, Hugo Yasky, y de la CTA Aut\u00f3noma, Hugo &#8220;Cachorro&#8221; Godoy.<\/h3>\n<h3>Por esta raz\u00f3n, este jueves no habr\u00e1 ninguna actividad de docencia, extensi\u00f3n e investigaci\u00f3n ni tareas administrativas en 57 universidades nacionales.<\/h3>\n<h3>&#8220;En menos de dos meses, las facultades y colegios dependientes de la Universidad no podr\u00e1n continuar con sus actividades por la asfixia presupuestaria decretada por el presidente (Javier) Milei que no actualiz\u00f3 el presupuesto para este a\u00f1o&#8221;, denunci\u00f3 <strong>Ileana Celotto<\/strong>, secretaria general de la Asociaci\u00f3n Gremial Docente de la UBA (AGD-UBA).<\/h3>\n<h3>Y agreg\u00f3: &#8220;Con el mismo presupuesto del 2023 para todo el 2024, nuestros salarios ser\u00e1n condenados por este gobierno a cero aumento. Por eso la medida que impactar\u00e1 en 57 universidades de todo el pa\u00eds lleva como consigna aumento de presupuesto y de salarios, que en el caso de nuestro sindicato, exigimos un aumento del 100%&#8221;.<\/h3>\n<h3>Los docentes de las universidades denuncian que en el \u00faltimo trimestre recibieron s\u00f3lo un aumento del 6% en diciembre y del 16% en febrero, contra una inflaci\u00f3n acumulada del 71,3% en el mismo per\u00edodo.<\/h3>\n<h3>Adem\u00e1s, afirman que la mayor\u00eda de los cargos y categor\u00edas de la docencia universitaria se encuentran por debajo de la l\u00ednea de pobreza. &#8220;Este mes, un profesor con dedicaci\u00f3n semiexclusiva, que equivale a 20 horas de trabajo semanales, apenas supera lo $200.000&#8221;, se\u00f1al\u00f3 Celotto.<\/h3>\n<h3>Los docentes agrupados en Conadu Hist\u00f3rica montar\u00e1n el viernes 15 al mediod\u00eda una carpa frente al Ministerio de Educaci\u00f3n donde realizar\u00e1n su congreso para definir c\u00f3mo contin\u00faan su plan de lucha.<\/h3>\n<h3><span style=\"color: #000000;\">VER CONFERENCIA:<\/span><\/h3>\n<h3><span style=\"color: #3366ff;\">https:\/\/www.dropbox.com\/scl\/fi\/nsose4exp23jxj446ri24\/FSU-Conferencia-de-Prensa-Completa.mp4?rlkey=uu9re6qg5sjnff21io9ihwk82&amp;dl=0\u00a0<\/span><\/h3>\n<p>&nbsp;<\/p>\n<p>&nbsp;<\/p>\n<p>&nbsp;<\/p>\n<p>&nbsp;<\/p>\n<p>&nbsp;<\/p>\n<p>&nbsp;<\/p>\n","protected":false},"excerpt":{"rendered":"<p>Todas las federaciones de la docencia universitaria y la Fatun (no docentes) realizar\u00e1n este jueves&#8230;<\/p>\n","protected":false},"author":1,"featured_media":13122,"comment_status":"closed","ping_status":"closed","sticky":false,"template":"","format":"standard","meta":{"footnotes":""},"categories":[5],"tags":[],"class_list":["post-13121","post","type-post","status-publish","format-standard","has-post-thumbnail","hentry","category-nacionales-internacionales"],"yoast_head":"<!-- This site is optimized with the Yoast SEO plugin v26.1.1 - https:\/\/yoast.com\/wordpress\/plugins\/seo\/ -->\n<title>DOCENTES Y NO DOCENTES UNIVERSITARIOS PARAN ESTE JUEVES, CON APOYO DE LA CGT Y LAS DOS CTA - Apuntes de San Luis<\/title>\n<meta name=\"robots\" content=\"index, follow, max-snippet:-1, max-image-preview:large, max-video-preview:-1\" \/>\n<link rel=\"canonical\" href=\"https:\/\/apuntesdesanluis.com\/index.php\/2024\/03\/13\/docentes-y-no-docentes-universitarios-paran-este-jueves-con-apoyo-de-la-cgt-y-las-dos-cta\/\" \/>\n<meta property=\"og:locale\" content=\"es_ES\" \/>\n<meta property=\"og:type\" content=\"article\" \/>\n<meta property=\"og:title\" content=\"DOCENTES Y NO DOCENTES UNIVERSITARIOS PARAN ESTE JUEVES, CON APOYO DE LA CGT Y LAS DOS CTA - Apuntes de San Luis\" \/>\n<meta property=\"og:description\" content=\"Todas las federaciones de la docencia universitaria y la Fatun (no docentes) realizar\u00e1n este jueves...\" \/>\n<meta property=\"og:url\" content=\"https:\/\/apuntesdesanluis.com\/index.php\/2024\/03\/13\/docentes-y-no-docentes-universitarios-paran-este-jueves-con-apoyo-de-la-cgt-y-las-dos-cta\/\" \/>\n<meta property=\"og:site_name\" content=\"Apuntes de San Luis\" \/>\n<meta property=\"article:published_time\" content=\"2024-03-13T23:29:50+00:00\" \/>\n<meta property=\"og:image\" content=\"https:\/\/apuntesdesanluis.com\/wp-content\/uploads\/2024\/03\/paro-universidades.png\" \/>\n\t<meta property=\"og:image:width\" content=\"633\" \/>\n\t<meta property=\"og:image:height\" content=\"376\" \/>\n\t<meta property=\"og:image:type\" content=\"image\/png\" \/>\n<meta name=\"author\" content=\"apuntesdesanluis.com\" \/>\n<meta name=\"twitter:card\" content=\"summary_large_image\" \/>\n<meta name=\"twitter:label1\" content=\"Escrito por\" \/>\n\t<meta name=\"twitter:data1\" content=\"apuntesdesanluis.com\" \/>\n\t<meta name=\"twitter:label2\" content=\"Tiempo de lectura\" \/>\n\t<meta name=\"twitter:data2\" content=\"2 minutos\" \/>\n<script type=\"application\/ld+json\" class=\"yoast-schema-graph\">{\"@context\":\"https:\/\/schema.org\",\"@graph\":[{\"@type\":\"Article\",\"@id\":\"https:\/\/apuntesdesanluis.com\/index.php\/2024\/03\/13\/docentes-y-no-docentes-universitarios-paran-este-jueves-con-apoyo-de-la-cgt-y-las-dos-cta\/#article\",\"isPartOf\":{\"@id\":\"https:\/\/apuntesdesanluis.com\/index.php\/2024\/03\/13\/docentes-y-no-docentes-universitarios-paran-este-jueves-con-apoyo-de-la-cgt-y-las-dos-cta\/\"},\"author\":{\"name\":\"apuntesdesanluis.com\",\"@id\":\"https:\/\/apuntesdesanluis.com\/#\/schema\/person\/b55151d52296fcce64d1a72538a70b90\"},\"headline\":\"DOCENTES Y NO DOCENTES UNIVERSITARIOS PARAN ESTE JUEVES, CON APOYO DE LA CGT Y LAS DOS CTA\",\"datePublished\":\"2024-03-13T23:29:50+00:00\",\"mainEntityOfPage\":{\"@id\":\"https:\/\/apuntesdesanluis.com\/index.php\/2024\/03\/13\/docentes-y-no-docentes-universitarios-paran-este-jueves-con-apoyo-de-la-cgt-y-las-dos-cta\/\"},\"wordCount\":398,\"publisher\":{\"@id\":\"https:\/\/apuntesdesanluis.com\/#\/schema\/person\/b55151d52296fcce64d1a72538a70b90\"},\"image\":{\"@id\":\"https:\/\/apuntesdesanluis.com\/index.php\/2024\/03\/13\/docentes-y-no-docentes-universitarios-paran-este-jueves-con-apoyo-de-la-cgt-y-las-dos-cta\/#primaryimage\"},\"thumbnailUrl\":\"https:\/\/apuntesdesanluis.com\/wp-content\/uploads\/2024\/03\/paro-universidades.png\",\"articleSection\":[\"Nacionales\/Internacionales\"],\"inLanguage\":\"es-AR\"},{\"@type\":\"WebPage\",\"@id\":\"https:\/\/apuntesdesanluis.com\/index.php\/2024\/03\/13\/docentes-y-no-docentes-universitarios-paran-este-jueves-con-apoyo-de-la-cgt-y-las-dos-cta\/\",\"url\":\"https:\/\/apuntesdesanluis.com\/index.php\/2024\/03\/13\/docentes-y-no-docentes-universitarios-paran-este-jueves-con-apoyo-de-la-cgt-y-las-dos-cta\/\",\"name\":\"DOCENTES Y NO DOCENTES UNIVERSITARIOS PARAN ESTE JUEVES, CON APOYO DE LA CGT Y LAS DOS CTA - Apuntes de San Luis\",\"isPartOf\":{\"@id\":\"https:\/\/apuntesdesanluis.com\/#website\"},\"primaryImageOfPage\":{\"@id\":\"https:\/\/apuntesdesanluis.com\/index.php\/2024\/03\/13\/docentes-y-no-docentes-universitarios-paran-este-jueves-con-apoyo-de-la-cgt-y-las-dos-cta\/#primaryimage\"},\"image\":{\"@id\":\"https:\/\/apuntesdesanluis.com\/index.php\/2024\/03\/13\/docentes-y-no-docentes-universitarios-paran-este-jueves-con-apoyo-de-la-cgt-y-las-dos-cta\/#primaryimage\"},\"thumbnailUrl\":\"https:\/\/apuntesdesanluis.com\/wp-content\/uploads\/2024\/03\/paro-universidades.png\",\"datePublished\":\"2024-03-13T23:29:50+00:00\",\"breadcrumb\":{\"@id\":\"https:\/\/apuntesdesanluis.com\/index.php\/2024\/03\/13\/docentes-y-no-docentes-universitarios-paran-este-jueves-con-apoyo-de-la-cgt-y-las-dos-cta\/#breadcrumb\"},\"inLanguage\":\"es-AR\",\"potentialAction\":[{\"@type\":\"ReadAction\",\"target\":[\"https:\/\/apuntesdesanluis.com\/index.php\/2024\/03\/13\/docentes-y-no-docentes-universitarios-paran-este-jueves-con-apoyo-de-la-cgt-y-las-dos-cta\/\"]}]},{\"@type\":\"ImageObject\",\"inLanguage\":\"es-AR\",\"@id\":\"https:\/\/apuntesdesanluis.com\/index.php\/2024\/03\/13\/docentes-y-no-docentes-universitarios-paran-este-jueves-con-apoyo-de-la-cgt-y-las-dos-cta\/#primaryimage\",\"url\":\"https:\/\/apuntesdesanluis.com\/wp-content\/uploads\/2024\/03\/paro-universidades.png\",\"contentUrl\":\"https:\/\/apuntesdesanluis.com\/wp-content\/uploads\/2024\/03\/paro-universidades.png\",\"width\":633,\"height\":376},{\"@type\":\"BreadcrumbList\",\"@id\":\"https:\/\/apuntesdesanluis.com\/index.php\/2024\/03\/13\/docentes-y-no-docentes-universitarios-paran-este-jueves-con-apoyo-de-la-cgt-y-las-dos-cta\/#breadcrumb\",\"itemListElement\":[{\"@type\":\"ListItem\",\"position\":1,\"name\":\"Inicio\",\"item\":\"https:\/\/apuntesdesanluis.com\/\"},{\"@type\":\"ListItem\",\"position\":2,\"name\":\"DOCENTES Y NO DOCENTES UNIVERSITARIOS PARAN ESTE JUEVES, CON APOYO DE LA CGT Y LAS DOS CTA\"}]},{\"@type\":\"WebSite\",\"@id\":\"https:\/\/apuntesdesanluis.com\/#website\",\"url\":\"https:\/\/apuntesdesanluis.com\/\",\"name\":\"Apuntes de San Luis\",\"description\":\"\",\"publisher\":{\"@id\":\"https:\/\/apuntesdesanluis.com\/#\/schema\/person\/b55151d52296fcce64d1a72538a70b90\"},\"potentialAction\":[{\"@type\":\"SearchAction\",\"target\":{\"@type\":\"EntryPoint\",\"urlTemplate\":\"https:\/\/apuntesdesanluis.com\/?s={search_term_string}\"},\"query-input\":{\"@type\":\"PropertyValueSpecification\",\"valueRequired\":true,\"valueName\":\"search_term_string\"}}],\"inLanguage\":\"es-AR\"},{\"@type\":[\"Person\",\"Organization\"],\"@id\":\"https:\/\/apuntesdesanluis.com\/#\/schema\/person\/b55151d52296fcce64d1a72538a70b90\",\"name\":\"apuntesdesanluis.com\",\"image\":{\"@type\":\"ImageObject\",\"inLanguage\":\"es-AR\",\"@id\":\"https:\/\/apuntesdesanluis.com\/#\/schema\/person\/image\/\",\"url\":\"https:\/\/apuntesdesanluis.com\/wp-content\/uploads\/2023\/07\/cropped-apuntesdesanluis.png\",\"contentUrl\":\"https:\/\/apuntesdesanluis.com\/wp-content\/uploads\/2023\/07\/cropped-apuntesdesanluis.png\",\"width\":450,\"height\":112,\"caption\":\"apuntesdesanluis.com\"},\"logo\":{\"@id\":\"https:\/\/apuntesdesanluis.com\/#\/schema\/person\/image\/\"},\"sameAs\":[\"https:\/\/apuntesdesanluis.com\"],\"url\":\"https:\/\/apuntesdesanluis.com\/index.php\/author\/apuntesdesanluis-com\/\"}]}<\/script>\n<!-- \/ Yoast SEO plugin. -->","yoast_head_json":{"title":"DOCENTES Y NO DOCENTES UNIVERSITARIOS PARAN ESTE JUEVES, CON APOYO DE LA CGT Y LAS DOS CTA - Apuntes de San Luis","robots":{"index":"index","follow":"follow","max-snippet":"max-snippet:-1","max-image-preview":"max-image-preview:large","max-video-preview":"max-video-preview:-1"},"canonical":"https:\/\/apuntesdesanluis.com\/index.php\/2024\/03\/13\/docentes-y-no-docentes-universitarios-paran-este-jueves-con-apoyo-de-la-cgt-y-las-dos-cta\/","og_locale":"es_ES","og_type":"article","og_title":"DOCENTES Y NO DOCENTES UNIVERSITARIOS PARAN ESTE JUEVES, CON APOYO DE LA CGT Y LAS DOS CTA - Apuntes de San Luis","og_description":"Todas las federaciones de la docencia universitaria y la Fatun (no docentes) realizar\u00e1n este jueves...","og_url":"https:\/\/apuntesdesanluis.com\/index.php\/2024\/03\/13\/docentes-y-no-docentes-universitarios-paran-este-jueves-con-apoyo-de-la-cgt-y-las-dos-cta\/","og_site_name":"Apuntes de San Luis","article_published_time":"2024-03-13T23:29:50+00:00","og_image":[{"width":633,"height":376,"url":"https:\/\/apuntesdesanluis.com\/wp-content\/uploads\/2024\/03\/paro-universidades.png","type":"image\/png"}],"author":"apuntesdesanluis.com","twitter_card":"summary_large_image","twitter_misc":{"Escrito por":"apuntesdesanluis.com","Tiempo de lectura":"2 minutos"},"schema":{"@context":"https:\/\/schema.org","@graph":[{"@type":"Article","@id":"https:\/\/apuntesdesanluis.com\/index.php\/2024\/03\/13\/docentes-y-no-docentes-universitarios-paran-este-jueves-con-apoyo-de-la-cgt-y-las-dos-cta\/#article","isPartOf":{"@id":"https:\/\/apuntesdesanluis.com\/index.php\/2024\/03\/13\/docentes-y-no-docentes-universitarios-paran-este-jueves-con-apoyo-de-la-cgt-y-las-dos-cta\/"},"author":{"name":"apuntesdesanluis.com","@id":"https:\/\/apuntesdesanluis.com\/#\/schema\/person\/b55151d52296fcce64d1a72538a70b90"},"headline":"DOCENTES Y NO DOCENTES UNIVERSITARIOS PARAN ESTE JUEVES, CON APOYO DE LA CGT Y LAS DOS CTA","datePublished":"2024-03-13T23:29:50+00:00","mainEntityOfPage":{"@id":"https:\/\/apuntesdesanluis.com\/index.php\/2024\/03\/13\/docentes-y-no-docentes-universitarios-paran-este-jueves-con-apoyo-de-la-cgt-y-las-dos-cta\/"},"wordCount":398,"publisher":{"@id":"https:\/\/apuntesdesanluis.com\/#\/schema\/person\/b55151d52296fcce64d1a72538a70b90"},"image":{"@id":"https:\/\/apuntesdesanluis.com\/index.php\/2024\/03\/13\/docentes-y-no-docentes-universitarios-paran-este-jueves-con-apoyo-de-la-cgt-y-las-dos-cta\/#primaryimage"},"thumbnailUrl":"https:\/\/apuntesdesanluis.com\/wp-content\/uploads\/2024\/03\/paro-universidades.png","articleSection":["Nacionales\/Internacionales"],"inLanguage":"es-AR"},{"@type":"WebPage","@id":"https:\/\/apuntesdesanluis.com\/index.php\/2024\/03\/13\/docentes-y-no-docentes-universitarios-paran-este-jueves-con-apoyo-de-la-cgt-y-las-dos-cta\/","url":"https:\/\/apuntesdesanluis.com\/index.php\/2024\/03\/13\/docentes-y-no-docentes-universitarios-paran-este-jueves-con-apoyo-de-la-cgt-y-las-dos-cta\/","name":"DOCENTES Y NO DOCENTES UNIVERSITARIOS PARAN ESTE JUEVES, CON APOYO DE LA CGT Y LAS DOS CTA - Apuntes de San Luis","isPartOf":{"@id":"https:\/\/apuntesdesanluis.com\/#website"},"primaryImageOfPage":{"@id":"https:\/\/apuntesdesanluis.com\/index.php\/2024\/03\/13\/docentes-y-no-docentes-universitarios-paran-este-jueves-con-apoyo-de-la-cgt-y-las-dos-cta\/#primaryimage"},"image":{"@id":"https:\/\/apuntesdesanluis.com\/index.php\/2024\/03\/13\/docentes-y-no-docentes-universitarios-paran-este-jueves-con-apoyo-de-la-cgt-y-las-dos-cta\/#primaryimage"},"thumbnailUrl":"https:\/\/apuntesdesanluis.com\/wp-content\/uploads\/2024\/03\/paro-universidades.png","datePublished":"2024-03-13T23:29:50+00:00","breadcrumb":{"@id":"https:\/\/apuntesdesanluis.com\/index.php\/2024\/03\/13\/docentes-y-no-docentes-universitarios-paran-este-jueves-con-apoyo-de-la-cgt-y-las-dos-cta\/#breadcrumb"},"inLanguage":"es-AR","potentialAction":[{"@type":"ReadAction","target":["https:\/\/apuntesdesanluis.com\/index.php\/2024\/03\/13\/docentes-y-no-docentes-universitarios-paran-este-jueves-con-apoyo-de-la-cgt-y-las-dos-cta\/"]}]},{"@type":"ImageObject","inLanguage":"es-AR","@id":"https:\/\/apuntesdesanluis.com\/index.php\/2024\/03\/13\/docentes-y-no-docentes-universitarios-paran-este-jueves-con-apoyo-de-la-cgt-y-las-dos-cta\/#primaryimage","url":"https:\/\/apuntesdesanluis.com\/wp-content\/uploads\/2024\/03\/paro-universidades.png","contentUrl":"https:\/\/apuntesdesanluis.com\/wp-content\/uploads\/2024\/03\/paro-universidades.png","width":633,"height":376},{"@type":"BreadcrumbList","@id":"https:\/\/apuntesdesanluis.com\/index.php\/2024\/03\/13\/docentes-y-no-docentes-universitarios-paran-este-jueves-con-apoyo-de-la-cgt-y-las-dos-cta\/#breadcrumb","itemListElement":[{"@type":"ListItem","position":1,"name":"Inicio","item":"https:\/\/apuntesdesanluis.com\/"},{"@type":"ListItem","position":2,"name":"DOCENTES Y NO DOCENTES UNIVERSITARIOS PARAN ESTE JUEVES, CON APOYO DE LA CGT Y LAS DOS CTA"}]},{"@type":"WebSite","@id":"https:\/\/apuntesdesanluis.com\/#website","url":"https:\/\/apuntesdesanluis.com\/","name":"Apuntes de San Luis","description":"","publisher":{"@id":"https:\/\/apuntesdesanluis.com\/#\/schema\/person\/b55151d52296fcce64d1a72538a70b90"},"potentialAction":[{"@type":"SearchAction","target":{"@type":"EntryPoint","urlTemplate":"https:\/\/apuntesdesanluis.com\/?s={search_term_string}"},"query-input":{"@type":"PropertyValueSpecification","valueRequired":true,"valueName":"search_term_string"}}],"inLanguage":"es-AR"},{"@type":["Person","Organization"],"@id":"https:\/\/apuntesdesanluis.com\/#\/schema\/person\/b55151d52296fcce64d1a72538a70b90","name":"apuntesdesanluis.com","image":{"@type":"ImageObject","inLanguage":"es-AR","@id":"https:\/\/apuntesdesanluis.com\/#\/schema\/person\/image\/","url":"https:\/\/apuntesdesanluis.com\/wp-content\/uploads\/2023\/07\/cropped-apuntesdesanluis.png","contentUrl":"https:\/\/apuntesdesanluis.com\/wp-content\/uploads\/2023\/07\/cropped-apuntesdesanluis.png","width":450,"height":112,"caption":"apuntesdesanluis.com"},"logo":{"@id":"https:\/\/apuntesdesanluis.com\/#\/schema\/person\/image\/"},"sameAs":["https:\/\/apuntesdesanluis.com"],"url":"https:\/\/apuntesdesanluis.com\/index.php\/author\/apuntesdesanluis-com\/"}]}},"featured_image_urls":{"full":["https:\/\/apuntesdesanluis.com\/wp-content\/uploads\/2024\/03\/paro-universidades.png",633,376,false],"thumbnail":["https:\/\/apuntesdesanluis.com\/wp-content\/uploads\/2024\/03\/paro-universidades-150x150.png",150,150,true],"medium":["https:\/\/apuntesdesanluis.com\/wp-content\/uploads\/2024\/03\/paro-universidades-300x178.png",300,178,true],"medium_large":["https:\/\/apuntesdesanluis.com\/wp-content\/uploads\/2024\/03\/paro-universidades.png",633,376,false],"large":["https:\/\/apuntesdesanluis.com\/wp-content\/uploads\/2024\/03\/paro-universidades.png",633,376,false],"1536x1536":["https:\/\/apuntesdesanluis.com\/wp-content\/uploads\/2024\/03\/paro-universidades.png",633,376,false],"2048x2048":["https:\/\/apuntesdesanluis.com\/wp-content\/uploads\/2024\/03\/paro-universidades.png",633,376,false],"newsever-slider-full":["https:\/\/apuntesdesanluis.com\/wp-content\/uploads\/2024\/03\/paro-universidades.png",633,376,false],"newsever-featured":["https:\/\/apuntesdesanluis.com\/wp-content\/uploads\/2024\/03\/paro-universidades.png",633,376,false],"newsever-medium":["https:\/\/apuntesdesanluis.com\/wp-content\/uploads\/2024\/03\/paro-universidades.png",633,376,false]},"author_info":{"display_name":"apuntesdesanluis.com","author_link":"https:\/\/apuntesdesanluis.com\/index.php\/author\/apuntesdesanluis-com\/"},"category_info":"<a href=\"https:\/\/apuntesdesanluis.com\/index.php\/category\/nacionales-internacionales\/\" rel=\"category tag\">Nacionales\/Internacionales<\/a>","tag_info":"Nacionales\/Internacionales","comment_count":"0","_links":{"self":[{"href":"https:\/\/apuntesdesanluis.com\/index.php\/wp-json\/wp\/v2\/posts\/13121","targetHints":{"allow":["GET"]}}],"collection":[{"href":"https:\/\/apuntesdesanluis.com\/index.php\/wp-json\/wp\/v2\/posts"}],"about":[{"href":"https:\/\/apuntesdesanluis.com\/index.php\/wp-json\/wp\/v2\/types\/post"}],"author":[{"embeddable":true,"href":"https:\/\/apuntesdesanluis.com\/index.php\/wp-json\/wp\/v2\/users\/1"}],"replies":[{"embeddable":true,"href":"https:\/\/apuntesdesanluis.com\/index.php\/wp-json\/wp\/v2\/comments?post=13121"}],"version-history":[{"count":1,"href":"https:\/\/apuntesdesanluis.com\/index.php\/wp-json\/wp\/v2\/posts\/13121\/revisions"}],"predecessor-version":[{"id":13123,"href":"https:\/\/apuntesdesanluis.com\/index.php\/wp-json\/wp\/v2\/posts\/13121\/revisions\/13123"}],"wp:featuredmedia":[{"embeddable":true,"href":"https:\/\/apuntesdesanluis.com\/index.php\/wp-json\/wp\/v2\/media\/13122"}],"wp:attachment":[{"href":"https:\/\/apuntesdesanluis.com\/index.php\/wp-json\/wp\/v2\/media?parent=13121"}],"wp:term":[{"taxonomy":"category","embeddable":true,"href":"https:\/\/apuntesdesanluis.com\/index.php\/wp-json\/wp\/v2\/categories?post=13121"},{"taxonomy":"post_tag","embeddable":true,"href":"https:\/\/apuntesdesanluis.com\/index.php\/wp-json\/wp\/v2\/tags?post=13121"}],"curies":[{"name":"wp","href":"https:\/\/api.w.org\/{rel}","templated":true}]}}