{"id":13124,"date":"2024-03-13T20:47:36","date_gmt":"2024-03-13T23:47:36","guid":{"rendered":"https:\/\/apuntesdesanluis.com\/?p=13124"},"modified":"2024-03-13T20:53:57","modified_gmt":"2024-03-13T23:53:57","slug":"en-la-unvime-el-gremio-nodocente-convoca-este-jueves-a-un-abrazo-simbolico","status":"publish","type":"post","link":"https:\/\/apuntesdesanluis.com\/index.php\/2024\/03\/13\/en-la-unvime-el-gremio-nodocente-convoca-este-jueves-a-un-abrazo-simbolico\/","title":{"rendered":"EN LA UNVIME EL GREMIO NODOCENTE CONVOCA ESTE JUEVES A UN ABRAZO SIMB\u00d3LICO"},"content":{"rendered":"<h3>El <strong>Sindicato de Trabajadores NoDocentes de la Universidad Nacional de Villa Mercedes<\/strong> convoc\u00f3 para este jueves 14 a un abrazo simb\u00f3lico a la instituci\u00f3n, que se realizar\u00e1 a las 10:00 en el edificio de Riobamba y Balcarce.<\/h3>\n<h3>En el marco del paro general que se realizar\u00e1 en todas las universidades nacionales del pa\u00eds, en rechazo a las pol\u00edticas del gobierno nacional, el gremio de base inform\u00f3 tambi\u00e9n que en el Edificio Centenario de la Reforma se instalar\u00e1 una \u201cRadio Abierta\u201d, con personal que trabaja en el \u00e1rea de Comunicaci\u00f3n, \u201cpara que cada uno se exprese y se visibilice la grave situaci\u00f3n de desfinanciamiento que sufre la Universidad Nacional de Villa Mercedes\u201d.<\/h3>\n<p><img fetchpriority=\"high\" decoding=\"async\" class=\"wp-image-13125 aligncenter\" src=\"https:\/\/apuntesdesanluis.com\/wp-content\/uploads\/2024\/03\/abrazo-simbolico-225x300.jpg\" alt=\"\" width=\"481\" height=\"642\" srcset=\"https:\/\/apuntesdesanluis.com\/wp-content\/uploads\/2024\/03\/abrazo-simbolico-225x300.jpg 225w, https:\/\/apuntesdesanluis.com\/wp-content\/uploads\/2024\/03\/abrazo-simbolico.jpg 588w\" sizes=\"(max-width: 481px) 100vw, 481px\" \/><\/p>\n<h3>El secretario General de SiTUNViMe, <strong>Walter Rold\u00e1n<\/strong>, expres\u00f3 que \u201ceste es un paro activo, sin concurrencia a los lugares de trabajo, pero s\u00ed movilizados y alertas. No estamos en contra de las universidades ni de los rectores, esta protesta es en defensa de la educaci\u00f3n p\u00fablica y en rechazo a las medidas del gobierno de Javier Milei, que pretenden destruir la educaci\u00f3n universitaria, para que s\u00f3lo accedan unos pocos\u201d.<\/h3>\n<h3>\u201cLa maniobra es clara: hoy le quitan recursos a las universidades, con la excusa de la crisis. Ma\u00f1ana impulsan el arancelamiento. No podemos permitir que avasallen esta conquista del pueblo argentino, el derecho a la educaci\u00f3n p\u00fablica y gratuita. Esto no tiene nada que ver con el ajuste a la casta que prometi\u00f3 el gobierno\u201d, enfatiz\u00f3.<\/h3>\n<h3>Finalmente, indic\u00f3 que el paro tambi\u00e9n es para exigir una &#8220;recomposici\u00f3n salarial que permita compensar la p\u00e9rdida de m\u00e1s del 60% en el poder adquisitivo, producto de la escalada inflacionaria&#8221;, al tiempo que convoc\u00f3 a los afiliados y a la comunidad en general a acompa\u00f1ar esta protesta &#8220;en defensa de los derechos adquiridos del pueblo argentino y por nuestros justos reclamos&#8221;.<\/h3>\n<p><img decoding=\"async\" class=\"wp-image-13126 aligncenter\" src=\"https:\/\/apuntesdesanluis.com\/wp-content\/uploads\/2024\/03\/paro-situnvime-300x290.jpg\" alt=\"\" width=\"475\" height=\"459\" srcset=\"https:\/\/apuntesdesanluis.com\/wp-content\/uploads\/2024\/03\/paro-situnvime-300x290.jpg 300w, https:\/\/apuntesdesanluis.com\/wp-content\/uploads\/2024\/03\/paro-situnvime.jpg 504w\" sizes=\"(max-width: 475px) 100vw, 475px\" \/><\/p>\n<p>&nbsp;<\/p>\n<p>&nbsp;<\/p>\n<p>&nbsp;<\/p>\n<p>&nbsp;<\/p>\n<p>&nbsp;<\/p>\n<p>&nbsp;<\/p>\n<p>&nbsp;<\/p>\n","protected":false},"excerpt":{"rendered":"<p>El Sindicato de Trabajadores NoDocentes de la Universidad Nacional de Villa Mercedes convoc\u00f3 para este&#8230;<\/p>\n","protected":false},"author":1,"featured_media":3530,"comment_status":"closed","ping_status":"closed","sticky":false,"template":"","format":"standard","meta":{"footnotes":""},"categories":[6],"tags":[],"class_list":["post-13124","post","type-post","status-publish","format-standard","has-post-thumbnail","hentry","category-ciudad-provincia"],"yoast_head":"<!-- This site is optimized with the Yoast SEO plugin v26.1.1 - https:\/\/yoast.com\/wordpress\/plugins\/seo\/ -->\n<title>EN LA UNVIME EL GREMIO NODOCENTE CONVOCA ESTE JUEVES A UN ABRAZO SIMB\u00d3LICO - Apuntes de San Luis<\/title>\n<meta name=\"robots\" content=\"index, follow, max-snippet:-1, max-image-preview:large, max-video-preview:-1\" \/>\n<link rel=\"canonical\" href=\"https:\/\/apuntesdesanluis.com\/index.php\/2024\/03\/13\/en-la-unvime-el-gremio-nodocente-convoca-este-jueves-a-un-abrazo-simbolico\/\" \/>\n<meta property=\"og:locale\" content=\"es_ES\" \/>\n<meta property=\"og:type\" content=\"article\" \/>\n<meta property=\"og:title\" content=\"EN LA UNVIME EL GREMIO NODOCENTE CONVOCA ESTE JUEVES A UN ABRAZO SIMB\u00d3LICO - Apuntes de San Luis\" \/>\n<meta property=\"og:description\" content=\"El Sindicato de Trabajadores NoDocentes de la Universidad Nacional de Villa Mercedes convoc\u00f3 para este...\" \/>\n<meta property=\"og:url\" content=\"https:\/\/apuntesdesanluis.com\/index.php\/2024\/03\/13\/en-la-unvime-el-gremio-nodocente-convoca-este-jueves-a-un-abrazo-simbolico\/\" \/>\n<meta property=\"og:site_name\" content=\"Apuntes de San Luis\" \/>\n<meta property=\"article:published_time\" content=\"2024-03-13T23:47:36+00:00\" \/>\n<meta property=\"article:modified_time\" content=\"2024-03-13T23:53:57+00:00\" \/>\n<meta property=\"og:image\" content=\"https:\/\/apuntesdesanluis.com\/wp-content\/uploads\/2023\/09\/unvime.png\" \/>\n\t<meta property=\"og:image:width\" content=\"448\" \/>\n\t<meta property=\"og:image:height\" content=\"261\" \/>\n\t<meta property=\"og:image:type\" content=\"image\/png\" \/>\n<meta name=\"author\" content=\"apuntesdesanluis.com\" \/>\n<meta name=\"twitter:card\" content=\"summary_large_image\" \/>\n<meta name=\"twitter:label1\" content=\"Escrito por\" \/>\n\t<meta name=\"twitter:data1\" content=\"apuntesdesanluis.com\" \/>\n\t<meta name=\"twitter:label2\" content=\"Tiempo de lectura\" \/>\n\t<meta name=\"twitter:data2\" content=\"2 minutos\" \/>\n<script type=\"application\/ld+json\" class=\"yoast-schema-graph\">{\"@context\":\"https:\/\/schema.org\",\"@graph\":[{\"@type\":\"Article\",\"@id\":\"https:\/\/apuntesdesanluis.com\/index.php\/2024\/03\/13\/en-la-unvime-el-gremio-nodocente-convoca-este-jueves-a-un-abrazo-simbolico\/#article\",\"isPartOf\":{\"@id\":\"https:\/\/apuntesdesanluis.com\/index.php\/2024\/03\/13\/en-la-unvime-el-gremio-nodocente-convoca-este-jueves-a-un-abrazo-simbolico\/\"},\"author\":{\"name\":\"apuntesdesanluis.com\",\"@id\":\"https:\/\/apuntesdesanluis.com\/#\/schema\/person\/b55151d52296fcce64d1a72538a70b90\"},\"headline\":\"EN LA UNVIME EL GREMIO NODOCENTE CONVOCA ESTE JUEVES A UN ABRAZO SIMB\u00d3LICO\",\"datePublished\":\"2024-03-13T23:47:36+00:00\",\"dateModified\":\"2024-03-13T23:53:57+00:00\",\"mainEntityOfPage\":{\"@id\":\"https:\/\/apuntesdesanluis.com\/index.php\/2024\/03\/13\/en-la-unvime-el-gremio-nodocente-convoca-este-jueves-a-un-abrazo-simbolico\/\"},\"wordCount\":335,\"publisher\":{\"@id\":\"https:\/\/apuntesdesanluis.com\/#\/schema\/person\/b55151d52296fcce64d1a72538a70b90\"},\"image\":{\"@id\":\"https:\/\/apuntesdesanluis.com\/index.php\/2024\/03\/13\/en-la-unvime-el-gremio-nodocente-convoca-este-jueves-a-un-abrazo-simbolico\/#primaryimage\"},\"thumbnailUrl\":\"https:\/\/apuntesdesanluis.com\/wp-content\/uploads\/2023\/09\/unvime.png\",\"articleSection\":[\"Ciudad\/Provincia\"],\"inLanguage\":\"es-AR\"},{\"@type\":\"WebPage\",\"@id\":\"https:\/\/apuntesdesanluis.com\/index.php\/2024\/03\/13\/en-la-unvime-el-gremio-nodocente-convoca-este-jueves-a-un-abrazo-simbolico\/\",\"url\":\"https:\/\/apuntesdesanluis.com\/index.php\/2024\/03\/13\/en-la-unvime-el-gremio-nodocente-convoca-este-jueves-a-un-abrazo-simbolico\/\",\"name\":\"EN LA UNVIME EL GREMIO NODOCENTE CONVOCA ESTE JUEVES A UN ABRAZO SIMB\u00d3LICO - Apuntes de San Luis\",\"isPartOf\":{\"@id\":\"https:\/\/apuntesdesanluis.com\/#website\"},\"primaryImageOfPage\":{\"@id\":\"https:\/\/apuntesdesanluis.com\/index.php\/2024\/03\/13\/en-la-unvime-el-gremio-nodocente-convoca-este-jueves-a-un-abrazo-simbolico\/#primaryimage\"},\"image\":{\"@id\":\"https:\/\/apuntesdesanluis.com\/index.php\/2024\/03\/13\/en-la-unvime-el-gremio-nodocente-convoca-este-jueves-a-un-abrazo-simbolico\/#primaryimage\"},\"thumbnailUrl\":\"https:\/\/apuntesdesanluis.com\/wp-content\/uploads\/2023\/09\/unvime.png\",\"datePublished\":\"2024-03-13T23:47:36+00:00\",\"dateModified\":\"2024-03-13T23:53:57+00:00\",\"breadcrumb\":{\"@id\":\"https:\/\/apuntesdesanluis.com\/index.php\/2024\/03\/13\/en-la-unvime-el-gremio-nodocente-convoca-este-jueves-a-un-abrazo-simbolico\/#breadcrumb\"},\"inLanguage\":\"es-AR\",\"potentialAction\":[{\"@type\":\"ReadAction\",\"target\":[\"https:\/\/apuntesdesanluis.com\/index.php\/2024\/03\/13\/en-la-unvime-el-gremio-nodocente-convoca-este-jueves-a-un-abrazo-simbolico\/\"]}]},{\"@type\":\"ImageObject\",\"inLanguage\":\"es-AR\",\"@id\":\"https:\/\/apuntesdesanluis.com\/index.php\/2024\/03\/13\/en-la-unvime-el-gremio-nodocente-convoca-este-jueves-a-un-abrazo-simbolico\/#primaryimage\",\"url\":\"https:\/\/apuntesdesanluis.com\/wp-content\/uploads\/2023\/09\/unvime.png\",\"contentUrl\":\"https:\/\/apuntesdesanluis.com\/wp-content\/uploads\/2023\/09\/unvime.png\",\"width\":448,\"height\":261},{\"@type\":\"BreadcrumbList\",\"@id\":\"https:\/\/apuntesdesanluis.com\/index.php\/2024\/03\/13\/en-la-unvime-el-gremio-nodocente-convoca-este-jueves-a-un-abrazo-simbolico\/#breadcrumb\",\"itemListElement\":[{\"@type\":\"ListItem\",\"position\":1,\"name\":\"Inicio\",\"item\":\"https:\/\/apuntesdesanluis.com\/\"},{\"@type\":\"ListItem\",\"position\":2,\"name\":\"EN LA UNVIME EL GREMIO NODOCENTE CONVOCA ESTE JUEVES A UN ABRAZO SIMB\u00d3LICO\"}]},{\"@type\":\"WebSite\",\"@id\":\"https:\/\/apuntesdesanluis.com\/#website\",\"url\":\"https:\/\/apuntesdesanluis.com\/\",\"name\":\"Apuntes de San Luis\",\"description\":\"\",\"publisher\":{\"@id\":\"https:\/\/apuntesdesanluis.com\/#\/schema\/person\/b55151d52296fcce64d1a72538a70b90\"},\"potentialAction\":[{\"@type\":\"SearchAction\",\"target\":{\"@type\":\"EntryPoint\",\"urlTemplate\":\"https:\/\/apuntesdesanluis.com\/?s={search_term_string}\"},\"query-input\":{\"@type\":\"PropertyValueSpecification\",\"valueRequired\":true,\"valueName\":\"search_term_string\"}}],\"inLanguage\":\"es-AR\"},{\"@type\":[\"Person\",\"Organization\"],\"@id\":\"https:\/\/apuntesdesanluis.com\/#\/schema\/person\/b55151d52296fcce64d1a72538a70b90\",\"name\":\"apuntesdesanluis.com\",\"image\":{\"@type\":\"ImageObject\",\"inLanguage\":\"es-AR\",\"@id\":\"https:\/\/apuntesdesanluis.com\/#\/schema\/person\/image\/\",\"url\":\"https:\/\/apuntesdesanluis.com\/wp-content\/uploads\/2023\/07\/cropped-apuntesdesanluis.png\",\"contentUrl\":\"https:\/\/apuntesdesanluis.com\/wp-content\/uploads\/2023\/07\/cropped-apuntesdesanluis.png\",\"width\":450,\"height\":112,\"caption\":\"apuntesdesanluis.com\"},\"logo\":{\"@id\":\"https:\/\/apuntesdesanluis.com\/#\/schema\/person\/image\/\"},\"sameAs\":[\"https:\/\/apuntesdesanluis.com\"],\"url\":\"https:\/\/apuntesdesanluis.com\/index.php\/author\/apuntesdesanluis-com\/\"}]}<\/script>\n<!-- \/ Yoast SEO plugin. -->","yoast_head_json":{"title":"EN LA UNVIME EL GREMIO NODOCENTE CONVOCA ESTE JUEVES A UN ABRAZO SIMB\u00d3LICO - Apuntes de San Luis","robots":{"index":"index","follow":"follow","max-snippet":"max-snippet:-1","max-image-preview":"max-image-preview:large","max-video-preview":"max-video-preview:-1"},"canonical":"https:\/\/apuntesdesanluis.com\/index.php\/2024\/03\/13\/en-la-unvime-el-gremio-nodocente-convoca-este-jueves-a-un-abrazo-simbolico\/","og_locale":"es_ES","og_type":"article","og_title":"EN LA UNVIME EL GREMIO NODOCENTE CONVOCA ESTE JUEVES A UN ABRAZO SIMB\u00d3LICO - Apuntes de San Luis","og_description":"El Sindicato de Trabajadores NoDocentes de la Universidad Nacional de Villa Mercedes convoc\u00f3 para este...","og_url":"https:\/\/apuntesdesanluis.com\/index.php\/2024\/03\/13\/en-la-unvime-el-gremio-nodocente-convoca-este-jueves-a-un-abrazo-simbolico\/","og_site_name":"Apuntes de San Luis","article_published_time":"2024-03-13T23:47:36+00:00","article_modified_time":"2024-03-13T23:53:57+00:00","og_image":[{"width":448,"height":261,"url":"https:\/\/apuntesdesanluis.com\/wp-content\/uploads\/2023\/09\/unvime.png","type":"image\/png"}],"author":"apuntesdesanluis.com","twitter_card":"summary_large_image","twitter_misc":{"Escrito por":"apuntesdesanluis.com","Tiempo de lectura":"2 minutos"},"schema":{"@context":"https:\/\/schema.org","@graph":[{"@type":"Article","@id":"https:\/\/apuntesdesanluis.com\/index.php\/2024\/03\/13\/en-la-unvime-el-gremio-nodocente-convoca-este-jueves-a-un-abrazo-simbolico\/#article","isPartOf":{"@id":"https:\/\/apuntesdesanluis.com\/index.php\/2024\/03\/13\/en-la-unvime-el-gremio-nodocente-convoca-este-jueves-a-un-abrazo-simbolico\/"},"author":{"name":"apuntesdesanluis.com","@id":"https:\/\/apuntesdesanluis.com\/#\/schema\/person\/b55151d52296fcce64d1a72538a70b90"},"headline":"EN LA UNVIME EL GREMIO NODOCENTE CONVOCA ESTE JUEVES A UN ABRAZO SIMB\u00d3LICO","datePublished":"2024-03-13T23:47:36+00:00","dateModified":"2024-03-13T23:53:57+00:00","mainEntityOfPage":{"@id":"https:\/\/apuntesdesanluis.com\/index.php\/2024\/03\/13\/en-la-unvime-el-gremio-nodocente-convoca-este-jueves-a-un-abrazo-simbolico\/"},"wordCount":335,"publisher":{"@id":"https:\/\/apuntesdesanluis.com\/#\/schema\/person\/b55151d52296fcce64d1a72538a70b90"},"image":{"@id":"https:\/\/apuntesdesanluis.com\/index.php\/2024\/03\/13\/en-la-unvime-el-gremio-nodocente-convoca-este-jueves-a-un-abrazo-simbolico\/#primaryimage"},"thumbnailUrl":"https:\/\/apuntesdesanluis.com\/wp-content\/uploads\/2023\/09\/unvime.png","articleSection":["Ciudad\/Provincia"],"inLanguage":"es-AR"},{"@type":"WebPage","@id":"https:\/\/apuntesdesanluis.com\/index.php\/2024\/03\/13\/en-la-unvime-el-gremio-nodocente-convoca-este-jueves-a-un-abrazo-simbolico\/","url":"https:\/\/apuntesdesanluis.com\/index.php\/2024\/03\/13\/en-la-unvime-el-gremio-nodocente-convoca-este-jueves-a-un-abrazo-simbolico\/","name":"EN LA UNVIME EL GREMIO NODOCENTE CONVOCA ESTE JUEVES A UN ABRAZO SIMB\u00d3LICO - Apuntes de San Luis","isPartOf":{"@id":"https:\/\/apuntesdesanluis.com\/#website"},"primaryImageOfPage":{"@id":"https:\/\/apuntesdesanluis.com\/index.php\/2024\/03\/13\/en-la-unvime-el-gremio-nodocente-convoca-este-jueves-a-un-abrazo-simbolico\/#primaryimage"},"image":{"@id":"https:\/\/apuntesdesanluis.com\/index.php\/2024\/03\/13\/en-la-unvime-el-gremio-nodocente-convoca-este-jueves-a-un-abrazo-simbolico\/#primaryimage"},"thumbnailUrl":"https:\/\/apuntesdesanluis.com\/wp-content\/uploads\/2023\/09\/unvime.png","datePublished":"2024-03-13T23:47:36+00:00","dateModified":"2024-03-13T23:53:57+00:00","breadcrumb":{"@id":"https:\/\/apuntesdesanluis.com\/index.php\/2024\/03\/13\/en-la-unvime-el-gremio-nodocente-convoca-este-jueves-a-un-abrazo-simbolico\/#breadcrumb"},"inLanguage":"es-AR","potentialAction":[{"@type":"ReadAction","target":["https:\/\/apuntesdesanluis.com\/index.php\/2024\/03\/13\/en-la-unvime-el-gremio-nodocente-convoca-este-jueves-a-un-abrazo-simbolico\/"]}]},{"@type":"ImageObject","inLanguage":"es-AR","@id":"https:\/\/apuntesdesanluis.com\/index.php\/2024\/03\/13\/en-la-unvime-el-gremio-nodocente-convoca-este-jueves-a-un-abrazo-simbolico\/#primaryimage","url":"https:\/\/apuntesdesanluis.com\/wp-content\/uploads\/2023\/09\/unvime.png","contentUrl":"https:\/\/apuntesdesanluis.com\/wp-content\/uploads\/2023\/09\/unvime.png","width":448,"height":261},{"@type":"BreadcrumbList","@id":"https:\/\/apuntesdesanluis.com\/index.php\/2024\/03\/13\/en-la-unvime-el-gremio-nodocente-convoca-este-jueves-a-un-abrazo-simbolico\/#breadcrumb","itemListElement":[{"@type":"ListItem","position":1,"name":"Inicio","item":"https:\/\/apuntesdesanluis.com\/"},{"@type":"ListItem","position":2,"name":"EN LA UNVIME EL GREMIO NODOCENTE CONVOCA ESTE JUEVES A UN ABRAZO SIMB\u00d3LICO"}]},{"@type":"WebSite","@id":"https:\/\/apuntesdesanluis.com\/#website","url":"https:\/\/apuntesdesanluis.com\/","name":"Apuntes de San Luis","description":"","publisher":{"@id":"https:\/\/apuntesdesanluis.com\/#\/schema\/person\/b55151d52296fcce64d1a72538a70b90"},"potentialAction":[{"@type":"SearchAction","target":{"@type":"EntryPoint","urlTemplate":"https:\/\/apuntesdesanluis.com\/?s={search_term_string}"},"query-input":{"@type":"PropertyValueSpecification","valueRequired":true,"valueName":"search_term_string"}}],"inLanguage":"es-AR"},{"@type":["Person","Organization"],"@id":"https:\/\/apuntesdesanluis.com\/#\/schema\/person\/b55151d52296fcce64d1a72538a70b90","name":"apuntesdesanluis.com","image":{"@type":"ImageObject","inLanguage":"es-AR","@id":"https:\/\/apuntesdesanluis.com\/#\/schema\/person\/image\/","url":"https:\/\/apuntesdesanluis.com\/wp-content\/uploads\/2023\/07\/cropped-apuntesdesanluis.png","contentUrl":"https:\/\/apuntesdesanluis.com\/wp-content\/uploads\/2023\/07\/cropped-apuntesdesanluis.png","width":450,"height":112,"caption":"apuntesdesanluis.com"},"logo":{"@id":"https:\/\/apuntesdesanluis.com\/#\/schema\/person\/image\/"},"sameAs":["https:\/\/apuntesdesanluis.com"],"url":"https:\/\/apuntesdesanluis.com\/index.php\/author\/apuntesdesanluis-com\/"}]}},"featured_image_urls":{"full":["https:\/\/apuntesdesanluis.com\/wp-content\/uploads\/2023\/09\/unvime.png",448,261,false],"thumbnail":["https:\/\/apuntesdesanluis.com\/wp-content\/uploads\/2023\/09\/unvime-150x150.png",150,150,true],"medium":["https:\/\/apuntesdesanluis.com\/wp-content\/uploads\/2023\/09\/unvime-300x175.png",300,175,true],"medium_large":["https:\/\/apuntesdesanluis.com\/wp-content\/uploads\/2023\/09\/unvime.png",448,261,false],"large":["https:\/\/apuntesdesanluis.com\/wp-content\/uploads\/2023\/09\/unvime.png",448,261,false],"1536x1536":["https:\/\/apuntesdesanluis.com\/wp-content\/uploads\/2023\/09\/unvime.png",448,261,false],"2048x2048":["https:\/\/apuntesdesanluis.com\/wp-content\/uploads\/2023\/09\/unvime.png",448,261,false],"newsever-slider-full":["https:\/\/apuntesdesanluis.com\/wp-content\/uploads\/2023\/09\/unvime.png",448,261,false],"newsever-featured":["https:\/\/apuntesdesanluis.com\/wp-content\/uploads\/2023\/09\/unvime.png",448,261,false],"newsever-medium":["https:\/\/apuntesdesanluis.com\/wp-content\/uploads\/2023\/09\/unvime.png",448,261,false]},"author_info":{"display_name":"apuntesdesanluis.com","author_link":"https:\/\/apuntesdesanluis.com\/index.php\/author\/apuntesdesanluis-com\/"},"category_info":"<a href=\"https:\/\/apuntesdesanluis.com\/index.php\/category\/ciudad-provincia\/\" rel=\"category tag\">Ciudad\/Provincia<\/a>","tag_info":"Ciudad\/Provincia","comment_count":"0","_links":{"self":[{"href":"https:\/\/apuntesdesanluis.com\/index.php\/wp-json\/wp\/v2\/posts\/13124","targetHints":{"allow":["GET"]}}],"collection":[{"href":"https:\/\/apuntesdesanluis.com\/index.php\/wp-json\/wp\/v2\/posts"}],"about":[{"href":"https:\/\/apuntesdesanluis.com\/index.php\/wp-json\/wp\/v2\/types\/post"}],"author":[{"embeddable":true,"href":"https:\/\/apuntesdesanluis.com\/index.php\/wp-json\/wp\/v2\/users\/1"}],"replies":[{"embeddable":true,"href":"https:\/\/apuntesdesanluis.com\/index.php\/wp-json\/wp\/v2\/comments?post=13124"}],"version-history":[{"count":3,"href":"https:\/\/apuntesdesanluis.com\/index.php\/wp-json\/wp\/v2\/posts\/13124\/revisions"}],"predecessor-version":[{"id":13129,"href":"https:\/\/apuntesdesanluis.com\/index.php\/wp-json\/wp\/v2\/posts\/13124\/revisions\/13129"}],"wp:featuredmedia":[{"embeddable":true,"href":"https:\/\/apuntesdesanluis.com\/index.php\/wp-json\/wp\/v2\/media\/3530"}],"wp:attachment":[{"href":"https:\/\/apuntesdesanluis.com\/index.php\/wp-json\/wp\/v2\/media?parent=13124"}],"wp:term":[{"taxonomy":"category","embeddable":true,"href":"https:\/\/apuntesdesanluis.com\/index.php\/wp-json\/wp\/v2\/categories?post=13124"},{"taxonomy":"post_tag","embeddable":true,"href":"https:\/\/apuntesdesanluis.com\/index.php\/wp-json\/wp\/v2\/tags?post=13124"}],"curies":[{"name":"wp","href":"https:\/\/api.w.org\/{rel}","templated":true}]}}