{"id":13153,"date":"2024-03-13T23:38:58","date_gmt":"2024-03-14T02:38:58","guid":{"rendered":"https:\/\/apuntesdesanluis.com\/?p=13153"},"modified":"2024-03-14T01:46:41","modified_gmt":"2024-03-14T04:46:41","slug":"salvaje-agresion-a-la-mujer-que-denuncio-posible-abuso-de-su-hija","status":"publish","type":"post","link":"https:\/\/apuntesdesanluis.com\/index.php\/2024\/03\/13\/salvaje-agresion-a-la-mujer-que-denuncio-posible-abuso-de-su-hija\/","title":{"rendered":"SALVAJE AGRESI\u00d3N A LA MUJER QUE DENUNCI\u00d3 POSIBLE ABUSO DE SU HIJA"},"content":{"rendered":"<h3>Los hechos son confusos y la informaci\u00f3n judicial no ha dado muchas precisiones. No obstante, por lo que ha trascendido, lo ocurrido revela uno de los costados m\u00e1s tristes y dolorosos de la marginalidad social, en la que la principal v\u00edctima es una ni\u00f1a, pero no la \u00fanica.<\/h3>\n<h3>Seg\u00fan inform\u00f3 el martes Comisar\u00eda 40\u00b0 de Villa Mercedes, entre la noche del domingo y la madrugada del lunes un hombre acudi\u00f3 a esa dependencia policial debido a que un grupo de vecinos intentaron golpearlo.<\/h3>\n<h3>Posteriormente, en la zona norte del barrio Eva Per\u00f3n 2, una mujer denunci\u00f3 que ese sujeto hab\u00eda intentado abusar de su hija menor de edad. En ese momento, el individuo qued\u00f3 demorado por estar sindicado como supuesto autor del hecho.<\/h3>\n<h3>Por orden del fiscal de Instrucci\u00f3n, Dr. Maximiliano Bazla, personal policial traslad\u00f3 a la madre y a su hija menor hasta la Fiscal\u00eda para llevar a cabo los protocolos pertinentes.<\/h3>\n<h3>Adem\u00e1s, se realizaron los correspondientes ex\u00e1menes a la menor y, en ese sentido, desde la fiscal\u00eda de turno manifestaron que personal m\u00e9dico constat\u00f3 que la menor no ten\u00eda lesiones ni signos de abuso.<\/h3>\n<h3>Despu\u00e9s de las actuaciones realizadas, el sujeto que estaba demorado fue puesto en libertad por orden de la Justicia.<\/h3>\n<h3>Asimismo, se dispuso que la menor quede al resguardo de familia solidaria y no de su madre.<\/h3>\n<h3><strong>PODER JUDICIAL<\/strong><\/h3>\n<h3>El Ministerio P\u00fablico Fiscal dio a conocer este mi\u00e9rcoles el siguiente comunicado:<\/h3>\n<h3>\u201cEn relaci\u00f3n a uno de los hechos que tom\u00f3 estado p\u00fablico en el d\u00eda de ayer \u2013 martes 12 de marzo- donde una madre denunci\u00f3 un posible abuso sexual hacia su hija, el Ministerio P\u00fablico Fiscal de la Segunda Circunscripci\u00f3n Judicial informa que tom\u00f3 intervenci\u00f3n en dicha causa, a ra\u00edz de una denuncia realizada en la Comisar\u00eda 40\u00ba de Villa Mercedes.<\/h3>\n<h3>Inmediatamente despu\u00e9s se realizaron los correspondientes ex\u00e1menes m\u00e9dicos en presencia de la Defensora de Ni\u00f1ez, Adolescencia e Incapaces. En ese sentido, el Fiscal de Instrucci\u00f3n N\u00ba 1, Dr. Maximiliano Bazla Cassina, pone en conocimiento que personal m\u00e9dico constat\u00f3 que la ni\u00f1a no presenta signos de abuso y se encuentra en buen estado de salud. Asimismo, se dispuso la intervenci\u00f3n del Juzgado de Familia a fin de implementar el protocolo correspondiente.<\/h3>\n<h3>El fiscal interviniente destaca el trabajo del personal policial lo que, facilit\u00f3 la r\u00e1pida intervenci\u00f3n del Ministerio P\u00fablico\u201d.<\/h3>\n<h3><strong>AGRESI\u00d3N<\/strong><\/h3>\n<h3>Esta tarde se difundieron a trav\u00e9s de las redes sociales im\u00e1genes muy fuertes de la salvaje agresi\u00f3n que sufri\u00f3 la joven mujer cuando volvi\u00f3 a su casa, por parte de familiares y vecinas que le reprocharon haber dejado a su hija para salir a trabajar, y que motiv\u00f3 que le quitaran la custodia y quedara a resguardo de una familia solidaria.<\/h3>\n<!--[if lt IE 9]><script>document.createElement('video');<\/script><![endif]-->\n\t<div class=\"wp-playlist wp-video-playlist wp-playlist-light\">\n\t\t<video controls=\"controls\" preload=\"none\" width=\"618\"\n\t\t height=\"348\"\t><\/video>\n\t<div class=\"wp-playlist-next\"><\/div>\n\t<div class=\"wp-playlist-prev\"><\/div>\n\t<noscript>\n\t<ol>\n\t\t<li><a href='https:\/\/apuntesdesanluis.com\/wp-content\/uploads\/2024\/03\/AGRESION.mp4'>AGRESI\u00d3N<\/a><\/li>\t<\/ol>\n\t<\/noscript>\n\t<script type=\"application\/json\" class=\"wp-playlist-script\">{\"type\":\"video\",\"tracklist\":true,\"tracknumbers\":true,\"images\":true,\"artists\":true,\"tracks\":[{\"src\":\"https:\\\/\\\/apuntesdesanluis.com\\\/wp-content\\\/uploads\\\/2024\\\/03\\\/AGRESION.mp4\",\"type\":\"video\\\/mp4\",\"title\":\"AGRESI\\u00d3N\",\"caption\":\"\",\"description\":\"\",\"meta\":[],\"image\":{\"src\":\"https:\\\/\\\/apuntesdesanluis.com\\\/wp-includes\\\/images\\\/media\\\/video.svg\",\"width\":48,\"height\":64},\"thumb\":{\"src\":\"https:\\\/\\\/apuntesdesanluis.com\\\/wp-includes\\\/images\\\/media\\\/video.svg\",\"width\":48,\"height\":64}}]}<\/script>\n<\/div>\n\t\n<p>&nbsp;<\/p>\n<p>&nbsp;<\/p>\n<p>&nbsp;<\/p>\n<p>&nbsp;<\/p>\n<p>&nbsp;<\/p>\n","protected":false},"excerpt":{"rendered":"<p>Los hechos son confusos y la informaci\u00f3n judicial no ha dado muchas precisiones. No obstante,&#8230;<\/p>\n","protected":false},"author":1,"featured_media":13155,"comment_status":"closed","ping_status":"closed","sticky":false,"template":"","format":"standard","meta":{"footnotes":""},"categories":[6],"tags":[],"class_list":["post-13153","post","type-post","status-publish","format-standard","has-post-thumbnail","hentry","category-ciudad-provincia"],"yoast_head":"<!-- This site is optimized with the Yoast SEO plugin v26.1.1 - https:\/\/yoast.com\/wordpress\/plugins\/seo\/ -->\n<title>SALVAJE AGRESI\u00d3N A LA MUJER QUE DENUNCI\u00d3 POSIBLE ABUSO DE SU HIJA - Apuntes de San Luis<\/title>\n<meta name=\"robots\" content=\"index, follow, max-snippet:-1, max-image-preview:large, max-video-preview:-1\" \/>\n<link rel=\"canonical\" href=\"https:\/\/apuntesdesanluis.com\/index.php\/2024\/03\/13\/salvaje-agresion-a-la-mujer-que-denuncio-posible-abuso-de-su-hija\/\" \/>\n<meta property=\"og:locale\" content=\"es_ES\" \/>\n<meta property=\"og:type\" content=\"article\" \/>\n<meta property=\"og:title\" content=\"SALVAJE AGRESI\u00d3N A LA MUJER QUE DENUNCI\u00d3 POSIBLE ABUSO DE SU HIJA - Apuntes de San Luis\" \/>\n<meta property=\"og:description\" content=\"Los hechos son confusos y la informaci\u00f3n judicial no ha dado muchas precisiones. No obstante,...\" \/>\n<meta property=\"og:url\" content=\"https:\/\/apuntesdesanluis.com\/index.php\/2024\/03\/13\/salvaje-agresion-a-la-mujer-que-denuncio-posible-abuso-de-su-hija\/\" \/>\n<meta property=\"og:site_name\" content=\"Apuntes de San Luis\" \/>\n<meta property=\"article:published_time\" content=\"2024-03-14T02:38:58+00:00\" \/>\n<meta property=\"article:modified_time\" content=\"2024-03-14T04:46:41+00:00\" \/>\n<meta property=\"og:image\" content=\"https:\/\/apuntesdesanluis.com\/wp-content\/uploads\/2024\/03\/pelea.png\" \/>\n\t<meta property=\"og:image:width\" content=\"500\" \/>\n\t<meta property=\"og:image:height\" content=\"443\" \/>\n\t<meta property=\"og:image:type\" content=\"image\/png\" \/>\n<meta name=\"author\" content=\"apuntesdesanluis.com\" \/>\n<meta name=\"twitter:card\" content=\"summary_large_image\" \/>\n<meta name=\"twitter:label1\" content=\"Escrito por\" \/>\n\t<meta name=\"twitter:data1\" content=\"apuntesdesanluis.com\" \/>\n\t<meta name=\"twitter:label2\" content=\"Tiempo de lectura\" \/>\n\t<meta name=\"twitter:data2\" content=\"3 minutos\" \/>\n<script type=\"application\/ld+json\" class=\"yoast-schema-graph\">{\"@context\":\"https:\/\/schema.org\",\"@graph\":[{\"@type\":\"Article\",\"@id\":\"https:\/\/apuntesdesanluis.com\/index.php\/2024\/03\/13\/salvaje-agresion-a-la-mujer-que-denuncio-posible-abuso-de-su-hija\/#article\",\"isPartOf\":{\"@id\":\"https:\/\/apuntesdesanluis.com\/index.php\/2024\/03\/13\/salvaje-agresion-a-la-mujer-que-denuncio-posible-abuso-de-su-hija\/\"},\"author\":{\"name\":\"apuntesdesanluis.com\",\"@id\":\"https:\/\/apuntesdesanluis.com\/#\/schema\/person\/b55151d52296fcce64d1a72538a70b90\"},\"headline\":\"SALVAJE AGRESI\u00d3N A LA MUJER QUE DENUNCI\u00d3 POSIBLE ABUSO DE SU HIJA\",\"datePublished\":\"2024-03-14T02:38:58+00:00\",\"dateModified\":\"2024-03-14T04:46:41+00:00\",\"mainEntityOfPage\":{\"@id\":\"https:\/\/apuntesdesanluis.com\/index.php\/2024\/03\/13\/salvaje-agresion-a-la-mujer-que-denuncio-posible-abuso-de-su-hija\/\"},\"wordCount\":504,\"publisher\":{\"@id\":\"https:\/\/apuntesdesanluis.com\/#\/schema\/person\/b55151d52296fcce64d1a72538a70b90\"},\"image\":{\"@id\":\"https:\/\/apuntesdesanluis.com\/index.php\/2024\/03\/13\/salvaje-agresion-a-la-mujer-que-denuncio-posible-abuso-de-su-hija\/#primaryimage\"},\"thumbnailUrl\":\"https:\/\/apuntesdesanluis.com\/wp-content\/uploads\/2024\/03\/pelea.png\",\"articleSection\":[\"Ciudad\/Provincia\"],\"inLanguage\":\"es-AR\"},{\"@type\":\"WebPage\",\"@id\":\"https:\/\/apuntesdesanluis.com\/index.php\/2024\/03\/13\/salvaje-agresion-a-la-mujer-que-denuncio-posible-abuso-de-su-hija\/\",\"url\":\"https:\/\/apuntesdesanluis.com\/index.php\/2024\/03\/13\/salvaje-agresion-a-la-mujer-que-denuncio-posible-abuso-de-su-hija\/\",\"name\":\"SALVAJE AGRESI\u00d3N A LA MUJER QUE DENUNCI\u00d3 POSIBLE ABUSO DE SU HIJA - Apuntes de San Luis\",\"isPartOf\":{\"@id\":\"https:\/\/apuntesdesanluis.com\/#website\"},\"primaryImageOfPage\":{\"@id\":\"https:\/\/apuntesdesanluis.com\/index.php\/2024\/03\/13\/salvaje-agresion-a-la-mujer-que-denuncio-posible-abuso-de-su-hija\/#primaryimage\"},\"image\":{\"@id\":\"https:\/\/apuntesdesanluis.com\/index.php\/2024\/03\/13\/salvaje-agresion-a-la-mujer-que-denuncio-posible-abuso-de-su-hija\/#primaryimage\"},\"thumbnailUrl\":\"https:\/\/apuntesdesanluis.com\/wp-content\/uploads\/2024\/03\/pelea.png\",\"datePublished\":\"2024-03-14T02:38:58+00:00\",\"dateModified\":\"2024-03-14T04:46:41+00:00\",\"breadcrumb\":{\"@id\":\"https:\/\/apuntesdesanluis.com\/index.php\/2024\/03\/13\/salvaje-agresion-a-la-mujer-que-denuncio-posible-abuso-de-su-hija\/#breadcrumb\"},\"inLanguage\":\"es-AR\",\"potentialAction\":[{\"@type\":\"ReadAction\",\"target\":[\"https:\/\/apuntesdesanluis.com\/index.php\/2024\/03\/13\/salvaje-agresion-a-la-mujer-que-denuncio-posible-abuso-de-su-hija\/\"]}]},{\"@type\":\"ImageObject\",\"inLanguage\":\"es-AR\",\"@id\":\"https:\/\/apuntesdesanluis.com\/index.php\/2024\/03\/13\/salvaje-agresion-a-la-mujer-que-denuncio-posible-abuso-de-su-hija\/#primaryimage\",\"url\":\"https:\/\/apuntesdesanluis.com\/wp-content\/uploads\/2024\/03\/pelea.png\",\"contentUrl\":\"https:\/\/apuntesdesanluis.com\/wp-content\/uploads\/2024\/03\/pelea.png\",\"width\":500,\"height\":443},{\"@type\":\"BreadcrumbList\",\"@id\":\"https:\/\/apuntesdesanluis.com\/index.php\/2024\/03\/13\/salvaje-agresion-a-la-mujer-que-denuncio-posible-abuso-de-su-hija\/#breadcrumb\",\"itemListElement\":[{\"@type\":\"ListItem\",\"position\":1,\"name\":\"Inicio\",\"item\":\"https:\/\/apuntesdesanluis.com\/\"},{\"@type\":\"ListItem\",\"position\":2,\"name\":\"SALVAJE AGRESI\u00d3N A LA MUJER QUE DENUNCI\u00d3 POSIBLE ABUSO DE SU HIJA\"}]},{\"@type\":\"WebSite\",\"@id\":\"https:\/\/apuntesdesanluis.com\/#website\",\"url\":\"https:\/\/apuntesdesanluis.com\/\",\"name\":\"Apuntes de San Luis\",\"description\":\"\",\"publisher\":{\"@id\":\"https:\/\/apuntesdesanluis.com\/#\/schema\/person\/b55151d52296fcce64d1a72538a70b90\"},\"potentialAction\":[{\"@type\":\"SearchAction\",\"target\":{\"@type\":\"EntryPoint\",\"urlTemplate\":\"https:\/\/apuntesdesanluis.com\/?s={search_term_string}\"},\"query-input\":{\"@type\":\"PropertyValueSpecification\",\"valueRequired\":true,\"valueName\":\"search_term_string\"}}],\"inLanguage\":\"es-AR\"},{\"@type\":[\"Person\",\"Organization\"],\"@id\":\"https:\/\/apuntesdesanluis.com\/#\/schema\/person\/b55151d52296fcce64d1a72538a70b90\",\"name\":\"apuntesdesanluis.com\",\"image\":{\"@type\":\"ImageObject\",\"inLanguage\":\"es-AR\",\"@id\":\"https:\/\/apuntesdesanluis.com\/#\/schema\/person\/image\/\",\"url\":\"https:\/\/apuntesdesanluis.com\/wp-content\/uploads\/2023\/07\/cropped-apuntesdesanluis.png\",\"contentUrl\":\"https:\/\/apuntesdesanluis.com\/wp-content\/uploads\/2023\/07\/cropped-apuntesdesanluis.png\",\"width\":450,\"height\":112,\"caption\":\"apuntesdesanluis.com\"},\"logo\":{\"@id\":\"https:\/\/apuntesdesanluis.com\/#\/schema\/person\/image\/\"},\"sameAs\":[\"https:\/\/apuntesdesanluis.com\"],\"url\":\"https:\/\/apuntesdesanluis.com\/index.php\/author\/apuntesdesanluis-com\/\"}]}<\/script>\n<!-- \/ Yoast SEO plugin. -->","yoast_head_json":{"title":"SALVAJE AGRESI\u00d3N A LA MUJER QUE DENUNCI\u00d3 POSIBLE ABUSO DE SU HIJA - Apuntes de San Luis","robots":{"index":"index","follow":"follow","max-snippet":"max-snippet:-1","max-image-preview":"max-image-preview:large","max-video-preview":"max-video-preview:-1"},"canonical":"https:\/\/apuntesdesanluis.com\/index.php\/2024\/03\/13\/salvaje-agresion-a-la-mujer-que-denuncio-posible-abuso-de-su-hija\/","og_locale":"es_ES","og_type":"article","og_title":"SALVAJE AGRESI\u00d3N A LA MUJER QUE DENUNCI\u00d3 POSIBLE ABUSO DE SU HIJA - Apuntes de San Luis","og_description":"Los hechos son confusos y la informaci\u00f3n judicial no ha dado muchas precisiones. No obstante,...","og_url":"https:\/\/apuntesdesanluis.com\/index.php\/2024\/03\/13\/salvaje-agresion-a-la-mujer-que-denuncio-posible-abuso-de-su-hija\/","og_site_name":"Apuntes de San Luis","article_published_time":"2024-03-14T02:38:58+00:00","article_modified_time":"2024-03-14T04:46:41+00:00","og_image":[{"width":500,"height":443,"url":"https:\/\/apuntesdesanluis.com\/wp-content\/uploads\/2024\/03\/pelea.png","type":"image\/png"}],"author":"apuntesdesanluis.com","twitter_card":"summary_large_image","twitter_misc":{"Escrito por":"apuntesdesanluis.com","Tiempo de lectura":"3 minutos"},"schema":{"@context":"https:\/\/schema.org","@graph":[{"@type":"Article","@id":"https:\/\/apuntesdesanluis.com\/index.php\/2024\/03\/13\/salvaje-agresion-a-la-mujer-que-denuncio-posible-abuso-de-su-hija\/#article","isPartOf":{"@id":"https:\/\/apuntesdesanluis.com\/index.php\/2024\/03\/13\/salvaje-agresion-a-la-mujer-que-denuncio-posible-abuso-de-su-hija\/"},"author":{"name":"apuntesdesanluis.com","@id":"https:\/\/apuntesdesanluis.com\/#\/schema\/person\/b55151d52296fcce64d1a72538a70b90"},"headline":"SALVAJE AGRESI\u00d3N A LA MUJER QUE DENUNCI\u00d3 POSIBLE ABUSO DE SU HIJA","datePublished":"2024-03-14T02:38:58+00:00","dateModified":"2024-03-14T04:46:41+00:00","mainEntityOfPage":{"@id":"https:\/\/apuntesdesanluis.com\/index.php\/2024\/03\/13\/salvaje-agresion-a-la-mujer-que-denuncio-posible-abuso-de-su-hija\/"},"wordCount":504,"publisher":{"@id":"https:\/\/apuntesdesanluis.com\/#\/schema\/person\/b55151d52296fcce64d1a72538a70b90"},"image":{"@id":"https:\/\/apuntesdesanluis.com\/index.php\/2024\/03\/13\/salvaje-agresion-a-la-mujer-que-denuncio-posible-abuso-de-su-hija\/#primaryimage"},"thumbnailUrl":"https:\/\/apuntesdesanluis.com\/wp-content\/uploads\/2024\/03\/pelea.png","articleSection":["Ciudad\/Provincia"],"inLanguage":"es-AR"},{"@type":"WebPage","@id":"https:\/\/apuntesdesanluis.com\/index.php\/2024\/03\/13\/salvaje-agresion-a-la-mujer-que-denuncio-posible-abuso-de-su-hija\/","url":"https:\/\/apuntesdesanluis.com\/index.php\/2024\/03\/13\/salvaje-agresion-a-la-mujer-que-denuncio-posible-abuso-de-su-hija\/","name":"SALVAJE AGRESI\u00d3N A LA MUJER QUE DENUNCI\u00d3 POSIBLE ABUSO DE SU HIJA - Apuntes de San Luis","isPartOf":{"@id":"https:\/\/apuntesdesanluis.com\/#website"},"primaryImageOfPage":{"@id":"https:\/\/apuntesdesanluis.com\/index.php\/2024\/03\/13\/salvaje-agresion-a-la-mujer-que-denuncio-posible-abuso-de-su-hija\/#primaryimage"},"image":{"@id":"https:\/\/apuntesdesanluis.com\/index.php\/2024\/03\/13\/salvaje-agresion-a-la-mujer-que-denuncio-posible-abuso-de-su-hija\/#primaryimage"},"thumbnailUrl":"https:\/\/apuntesdesanluis.com\/wp-content\/uploads\/2024\/03\/pelea.png","datePublished":"2024-03-14T02:38:58+00:00","dateModified":"2024-03-14T04:46:41+00:00","breadcrumb":{"@id":"https:\/\/apuntesdesanluis.com\/index.php\/2024\/03\/13\/salvaje-agresion-a-la-mujer-que-denuncio-posible-abuso-de-su-hija\/#breadcrumb"},"inLanguage":"es-AR","potentialAction":[{"@type":"ReadAction","target":["https:\/\/apuntesdesanluis.com\/index.php\/2024\/03\/13\/salvaje-agresion-a-la-mujer-que-denuncio-posible-abuso-de-su-hija\/"]}]},{"@type":"ImageObject","inLanguage":"es-AR","@id":"https:\/\/apuntesdesanluis.com\/index.php\/2024\/03\/13\/salvaje-agresion-a-la-mujer-que-denuncio-posible-abuso-de-su-hija\/#primaryimage","url":"https:\/\/apuntesdesanluis.com\/wp-content\/uploads\/2024\/03\/pelea.png","contentUrl":"https:\/\/apuntesdesanluis.com\/wp-content\/uploads\/2024\/03\/pelea.png","width":500,"height":443},{"@type":"BreadcrumbList","@id":"https:\/\/apuntesdesanluis.com\/index.php\/2024\/03\/13\/salvaje-agresion-a-la-mujer-que-denuncio-posible-abuso-de-su-hija\/#breadcrumb","itemListElement":[{"@type":"ListItem","position":1,"name":"Inicio","item":"https:\/\/apuntesdesanluis.com\/"},{"@type":"ListItem","position":2,"name":"SALVAJE AGRESI\u00d3N A LA MUJER QUE DENUNCI\u00d3 POSIBLE ABUSO DE SU HIJA"}]},{"@type":"WebSite","@id":"https:\/\/apuntesdesanluis.com\/#website","url":"https:\/\/apuntesdesanluis.com\/","name":"Apuntes de San Luis","description":"","publisher":{"@id":"https:\/\/apuntesdesanluis.com\/#\/schema\/person\/b55151d52296fcce64d1a72538a70b90"},"potentialAction":[{"@type":"SearchAction","target":{"@type":"EntryPoint","urlTemplate":"https:\/\/apuntesdesanluis.com\/?s={search_term_string}"},"query-input":{"@type":"PropertyValueSpecification","valueRequired":true,"valueName":"search_term_string"}}],"inLanguage":"es-AR"},{"@type":["Person","Organization"],"@id":"https:\/\/apuntesdesanluis.com\/#\/schema\/person\/b55151d52296fcce64d1a72538a70b90","name":"apuntesdesanluis.com","image":{"@type":"ImageObject","inLanguage":"es-AR","@id":"https:\/\/apuntesdesanluis.com\/#\/schema\/person\/image\/","url":"https:\/\/apuntesdesanluis.com\/wp-content\/uploads\/2023\/07\/cropped-apuntesdesanluis.png","contentUrl":"https:\/\/apuntesdesanluis.com\/wp-content\/uploads\/2023\/07\/cropped-apuntesdesanluis.png","width":450,"height":112,"caption":"apuntesdesanluis.com"},"logo":{"@id":"https:\/\/apuntesdesanluis.com\/#\/schema\/person\/image\/"},"sameAs":["https:\/\/apuntesdesanluis.com"],"url":"https:\/\/apuntesdesanluis.com\/index.php\/author\/apuntesdesanluis-com\/"}]}},"featured_image_urls":{"full":["https:\/\/apuntesdesanluis.com\/wp-content\/uploads\/2024\/03\/pelea.png",500,443,false],"thumbnail":["https:\/\/apuntesdesanluis.com\/wp-content\/uploads\/2024\/03\/pelea-150x150.png",150,150,true],"medium":["https:\/\/apuntesdesanluis.com\/wp-content\/uploads\/2024\/03\/pelea-300x266.png",300,266,true],"medium_large":["https:\/\/apuntesdesanluis.com\/wp-content\/uploads\/2024\/03\/pelea.png",500,443,false],"large":["https:\/\/apuntesdesanluis.com\/wp-content\/uploads\/2024\/03\/pelea.png",500,443,false],"1536x1536":["https:\/\/apuntesdesanluis.com\/wp-content\/uploads\/2024\/03\/pelea.png",500,443,false],"2048x2048":["https:\/\/apuntesdesanluis.com\/wp-content\/uploads\/2024\/03\/pelea.png",500,443,false],"newsever-slider-full":["https:\/\/apuntesdesanluis.com\/wp-content\/uploads\/2024\/03\/pelea.png",500,443,false],"newsever-featured":["https:\/\/apuntesdesanluis.com\/wp-content\/uploads\/2024\/03\/pelea.png",500,443,false],"newsever-medium":["https:\/\/apuntesdesanluis.com\/wp-content\/uploads\/2024\/03\/pelea.png",500,443,false]},"author_info":{"display_name":"apuntesdesanluis.com","author_link":"https:\/\/apuntesdesanluis.com\/index.php\/author\/apuntesdesanluis-com\/"},"category_info":"<a href=\"https:\/\/apuntesdesanluis.com\/index.php\/category\/ciudad-provincia\/\" rel=\"category tag\">Ciudad\/Provincia<\/a>","tag_info":"Ciudad\/Provincia","comment_count":"0","_links":{"self":[{"href":"https:\/\/apuntesdesanluis.com\/index.php\/wp-json\/wp\/v2\/posts\/13153","targetHints":{"allow":["GET"]}}],"collection":[{"href":"https:\/\/apuntesdesanluis.com\/index.php\/wp-json\/wp\/v2\/posts"}],"about":[{"href":"https:\/\/apuntesdesanluis.com\/index.php\/wp-json\/wp\/v2\/types\/post"}],"author":[{"embeddable":true,"href":"https:\/\/apuntesdesanluis.com\/index.php\/wp-json\/wp\/v2\/users\/1"}],"replies":[{"embeddable":true,"href":"https:\/\/apuntesdesanluis.com\/index.php\/wp-json\/wp\/v2\/comments?post=13153"}],"version-history":[{"count":2,"href":"https:\/\/apuntesdesanluis.com\/index.php\/wp-json\/wp\/v2\/posts\/13153\/revisions"}],"predecessor-version":[{"id":13157,"href":"https:\/\/apuntesdesanluis.com\/index.php\/wp-json\/wp\/v2\/posts\/13153\/revisions\/13157"}],"wp:featuredmedia":[{"embeddable":true,"href":"https:\/\/apuntesdesanluis.com\/index.php\/wp-json\/wp\/v2\/media\/13155"}],"wp:attachment":[{"href":"https:\/\/apuntesdesanluis.com\/index.php\/wp-json\/wp\/v2\/media?parent=13153"}],"wp:term":[{"taxonomy":"category","embeddable":true,"href":"https:\/\/apuntesdesanluis.com\/index.php\/wp-json\/wp\/v2\/categories?post=13153"},{"taxonomy":"post_tag","embeddable":true,"href":"https:\/\/apuntesdesanluis.com\/index.php\/wp-json\/wp\/v2\/tags?post=13153"}],"curies":[{"name":"wp","href":"https:\/\/api.w.org\/{rel}","templated":true}]}}